{"id":3387,"date":"2020-09-29T15:17:17","date_gmt":"2020-09-29T13:17:17","guid":{"rendered":"https:\/\/www.umweltperspektiven.ch\/?p=3387"},"modified":"2022-02-09T11:06:48","modified_gmt":"2022-02-09T10:06:48","slug":"zum-film-i-am-greta-mut-lernen-klima-schuetzen","status":"publish","type":"post","link":"https:\/\/www.organisator.ch\/fr\/sustainability\/2020-09-29\/zum-film-i-am-greta-mut-lernen-klima-schuetzen\/","title":{"rendered":"A propos du film \"I Am Greta\" : apprendre le courage, prot\u00e9ger le climat"},"content":{"rendered":"<p><img loading=\"lazy\" decoding=\"async\" class=\"alignnone size-medium wp-image-3388\" src=\"\/\/www.umweltperspektiven.ch\/wp-content\/uploads\/2020\/09\/IAmGreta_Filmstill1.jpg\" alt=\"\" width=\"680\" height=\"466\" \/><\/p>\n<p>Greta Thunberg est l'ic\u00f4ne du mouvement climatique, elle est devenue mondialement connue en tr\u00e8s peu de temps et est d\u00e9sormais respect\u00e9e, et pas seulement par le mouvement \"Fridays For Future\". Mais quel genre de personne est Greta, qu'est-ce qui la motive vraiment ? Que ce soit dans les manifestations ou sur les bulletins de vote, lors de colloques et de congr\u00e8s ou tout simplement pendant une discussion avec son voisin : Greta est pr\u00e9sente, dans les t\u00eates et les c\u0153urs de beaucoup.<\/p>\n<p>C'est une jeune personnalit\u00e9 qui a d\u00e9finitivement fait bouger le monde en quelques mois, mais c'est aussi une jeune fille introvertie qui doit lutter contre le syndrome d'Asperger. Ainsi, dans le nouveau documentaire de Nathan Grossman, ancien photoreporter du magazine Rolling Stones et d\u00e9sormais r\u00e9alisateur acclam\u00e9 (\"Kristallen Award for Current Events\"), il est clair que la c\u00e9l\u00e9brit\u00e9 mondiale de la jeune Su\u00e9doise s'accompagne aussi de restrictions.<\/p>\n<p><strong>Derri\u00e8re les feux de la rampe <\/strong><\/p>\n<p>Nathan Grossman ne montre pas seulement la militante pour la protection du climat sous les feux de la rampe, il est surtout tr\u00e8s proche d'elle dans de tr\u00e8s nombreux moments priv\u00e9s : lors de voyages \u00e9prouvants, dans le cercle de sa famille, dans des chambres d'h\u00f4tel ou entre des rendez-vous \u00e9puisants avec des moments de mal du pays, d'\u00e9puisement, de surmenage. Pendant deux ans, le r\u00e9alisateur accompagne Greta avec sa cam\u00e9ra : lors de sa gr\u00e8ve scolaire de 2018 \u00e0 Stockholm \u00e0 l'\u00e2ge de 15 ans - qui donnera naissance au mouvement international \"Fridays for Future\" -, lors de rencontres avec des politiciens et des hommes d'affaires, qui se r\u00e9unissent entre autres en Suisse.<\/p>\n<p>On sent bien que Greta ne ressemble pas \u00e0 une artiste de la parole : ses interactions sont socialement \"bris\u00e9es\", sa communication est parfois \"en bois\". \"I Am Greta\" offre des aper\u00e7us surprenants de la personnalit\u00e9 aussi fascinante que fragile de cette jeune Su\u00e9doise de dix-sept ans. C'est un secret de polichinelle : tout dans les mises en sc\u00e8ne m\u00e9diatiques n'est pas bas\u00e9 sur les propres id\u00e9es de Greta, mais le documentaire montre la volont\u00e9 indomptable, une mission et le fait qu'une jeune fille encore jeune soit anim\u00e9e par l'id\u00e9e insaisissable de sauver le monde.<\/p>\n<p>Dans le documentaire, qui sortira en Suisse en octobre 2020, il y a quelques le\u00e7ons et moments de lumi\u00e8re o\u00f9 l'on sent visiblement comment une jeune fille courageuse s'exprime de mani\u00e8re imperturbable, m\u00eame devant des personnes suppos\u00e9es importantes, et fait preuve d'une incroyable pers\u00e9v\u00e9rance. Elle ne se contente pas de parler, mais prend effectivement sur elle beaucoup de d\u00e9sagr\u00e9ments. Elle se fait voir, est sur place, tient parole, attise les conflits et tente de les r\u00e9soudre.<\/p>\n<p><em>\"I Am Greta\" a \u00e9t\u00e9 pr\u00e9sent\u00e9 en premi\u00e8re mondiale au 77e Festival international du film de Venise 2020 et en premi\u00e8re suisse au Zurich Film Festival 2020.<\/em><\/p>\n<p>&nbsp;<\/p>\n<h2>Gagne des billets avec Environnement PERSPECTIVES<\/h2>\n<p>Gagnez 2 billets pour \"I Am Greta\", le documentaire fascinant et r\u00e9v\u00e9lateur sur la jeune militante \u00e9cologiste su\u00e9doise. Sortie du film : 16.10.2020. Les billets sont valables pour les projections dans tous les cin\u00e9mas suisses. \u00c9cris-nous simplement un <strong><a href=\"mailto:michael.merz@galledia.ch\">Courrier \u00e9lectronique<\/a><\/strong> avec ton adresse postale et tu feras peut-\u00eatre partie des huit premiers gagnants ou gagnantes. Bonne chance !<\/p>\n<p>&nbsp;<\/p>\n<p>&nbsp;<\/p>\n<p>&nbsp;<\/p>\n<p>&nbsp;<\/p>","protected":false},"excerpt":{"rendered":"<p>Greta Thunberg ist die Ikone der Klimabewegung, wurde in k\u00fcrzester Zeit global bekannt und wird inzwischen nicht nur von der \u00abFridays For Future\u00bb-Bewegung geachtet. Doch was f\u00fcr ein Mensch ist Greta eigentlich, was treibt sie wirklich an? Ob auf Demonstrationen oder auf Wahlzetteln, ob bei Tagungen und Kongressen oder schlichtweg w\u00e4hrend der Diskussion mit dem [&hellip;]<\/p>\n","protected":false},"author":5,"featured_media":3388,"comment_status":"closed","ping_status":"closed","sticky":false,"template":"","format":"standard","meta":{"_acf_changed":false,"_yoast_wpseo_focuskw":"Greta","_yoast_wpseo_metadesc":"Greta Thunberg: Sie wird von manchen verg\u00f6ttert, von anderen als Hype-Ikone kritisiert. Jetzt kann man ihr \u00fcber die Schulter schauen im Doku: \"I Am Greta\".","articlekey":"","footnotes":""},"categories":[580],"tags":[990,1173,1322,1868,424,522,2613],"class_list":["post-3387","post","type-post","status-publish","format-standard","has-post-thumbnail","hentry","category-sustainability","tag-dokumentation","tag-filmstart","tag-greta-thunberg","tag-oktober","tag-schweiz","tag-wettbewerb","tag-zurich-film-festival"],"acf":[],"yoast_head":"<!-- This site is optimized with the Yoast SEO plugin v27.5 - https:\/\/yoast.com\/product\/yoast-seo-wordpress\/ -->\n<title>Zum Film \u00abI Am Greta\u00bb: Mut lernen, Klima sch\u00fctzen - Organisator<\/title>\n<meta name=\"description\" content=\"Greta Thunberg: Sie wird von manchen verg\u00f6ttert, von anderen als Hype-Ikone kritisiert. Jetzt kann man ihr \u00fcber die Schulter schauen im Doku: &quot;I Am Greta&quot;.\" \/>\n<meta name=\"robots\" content=\"index, follow, max-snippet:-1, max-image-preview:large, max-video-preview:-1\" \/>\n<link rel=\"canonical\" href=\"https:\/\/www.organisator.ch\/fr\/sustainability\/2020-09-29\/zum-film-i-am-greta-mut-lernen-klima-schuetzen\/\" \/>\n<meta property=\"og:locale\" content=\"fr_FR\" \/>\n<meta property=\"og:type\" content=\"article\" \/>\n<meta property=\"og:title\" content=\"Zum Film \u00abI Am Greta\u00bb: Mut lernen, Klima sch\u00fctzen - Organisator\" \/>\n<meta property=\"og:description\" content=\"Greta Thunberg: Sie wird von manchen verg\u00f6ttert, von anderen als Hype-Ikone kritisiert. Jetzt kann man ihr \u00fcber die Schulter schauen im Doku: &quot;I Am Greta&quot;.\" \/>\n<meta property=\"og:url\" content=\"https:\/\/www.organisator.ch\/fr\/sustainability\/2020-09-29\/zum-film-i-am-greta-mut-lernen-klima-schuetzen\/\" \/>\n<meta property=\"og:site_name\" content=\"Organisator\" \/>\n<meta property=\"article:publisher\" content=\"https:\/\/www.facebook.com\/OrganisatorFachmagazin\" \/>\n<meta property=\"article:published_time\" content=\"2020-09-29T13:17:17+00:00\" \/>\n<meta property=\"article:modified_time\" content=\"2022-02-09T10:06:48+00:00\" \/>\n<meta property=\"og:image\" content=\"https:\/\/www.organisator.ch\/wp-content\/uploads\/2020\/09\/IAmGreta_Filmstill1-scaled.jpg\" \/>\n\t<meta property=\"og:image:width\" content=\"2560\" \/>\n\t<meta property=\"og:image:height\" content=\"1754\" \/>\n\t<meta property=\"og:image:type\" content=\"image\/jpeg\" \/>\n<meta name=\"author\" content=\"michael.merz\" \/>\n<meta name=\"twitter:card\" content=\"summary_large_image\" \/>\n<script type=\"application\/ld+json\" class=\"yoast-schema-graph\">{\"@context\":\"https:\\\/\\\/schema.org\",\"@graph\":[{\"@type\":\"Article\",\"@id\":\"https:\\\/\\\/www.organisator.ch\\\/sustainability\\\/2020-09-29\\\/zum-film-i-am-greta-mut-lernen-klima-schuetzen\\\/#article\",\"isPartOf\":{\"@id\":\"https:\\\/\\\/www.organisator.ch\\\/sustainability\\\/2020-09-29\\\/zum-film-i-am-greta-mut-lernen-klima-schuetzen\\\/\"},\"author\":{\"name\":\"michael.merz\",\"@id\":\"https:\\\/\\\/www.organisator.ch\\\/#\\\/schema\\\/person\\\/134708ca9321c57b0362cceb7948ffbd\"},\"headline\":\"Zum Film \u00abI Am Greta\u00bb: Mut lernen, Klima sch\u00fctzen\",\"datePublished\":\"2020-09-29T13:17:17+00:00\",\"dateModified\":\"2022-02-09T10:06:48+00:00\",\"mainEntityOfPage\":{\"@id\":\"https:\\\/\\\/www.organisator.ch\\\/sustainability\\\/2020-09-29\\\/zum-film-i-am-greta-mut-lernen-klima-schuetzen\\\/\"},\"wordCount\":492,\"publisher\":{\"@id\":\"https:\\\/\\\/www.organisator.ch\\\/#organization\"},\"image\":{\"@id\":\"https:\\\/\\\/www.organisator.ch\\\/sustainability\\\/2020-09-29\\\/zum-film-i-am-greta-mut-lernen-klima-schuetzen\\\/#primaryimage\"},\"thumbnailUrl\":\"https:\\\/\\\/www.organisator.ch\\\/wp-content\\\/uploads\\\/2020\\\/09\\\/IAmGreta_Filmstill1-scaled.jpg\",\"keywords\":[\"Dokumentation\",\"Filmstart\",\"Greta Thunberg\",\"Oktober\",\"Schweiz\",\"Wettbewerb\",\"Zurich Film Festival\"],\"articleSection\":[\"SUSTAINABILITY\"],\"inLanguage\":\"fr-FR\"},{\"@type\":\"WebPage\",\"@id\":\"https:\\\/\\\/www.organisator.ch\\\/sustainability\\\/2020-09-29\\\/zum-film-i-am-greta-mut-lernen-klima-schuetzen\\\/\",\"url\":\"https:\\\/\\\/www.organisator.ch\\\/sustainability\\\/2020-09-29\\\/zum-film-i-am-greta-mut-lernen-klima-schuetzen\\\/\",\"name\":\"Zum Film \u00abI Am Greta\u00bb: Mut lernen, Klima sch\u00fctzen - Organisator\",\"isPartOf\":{\"@id\":\"https:\\\/\\\/www.organisator.ch\\\/#website\"},\"primaryImageOfPage\":{\"@id\":\"https:\\\/\\\/www.organisator.ch\\\/sustainability\\\/2020-09-29\\\/zum-film-i-am-greta-mut-lernen-klima-schuetzen\\\/#primaryimage\"},\"image\":{\"@id\":\"https:\\\/\\\/www.organisator.ch\\\/sustainability\\\/2020-09-29\\\/zum-film-i-am-greta-mut-lernen-klima-schuetzen\\\/#primaryimage\"},\"thumbnailUrl\":\"https:\\\/\\\/www.organisator.ch\\\/wp-content\\\/uploads\\\/2020\\\/09\\\/IAmGreta_Filmstill1-scaled.jpg\",\"datePublished\":\"2020-09-29T13:17:17+00:00\",\"dateModified\":\"2022-02-09T10:06:48+00:00\",\"description\":\"Greta Thunberg: Sie wird von manchen verg\u00f6ttert, von anderen als Hype-Ikone kritisiert. Jetzt kann man ihr \u00fcber die Schulter schauen im Doku: \\\"I Am Greta\\\".\",\"breadcrumb\":{\"@id\":\"https:\\\/\\\/www.organisator.ch\\\/sustainability\\\/2020-09-29\\\/zum-film-i-am-greta-mut-lernen-klima-schuetzen\\\/#breadcrumb\"},\"inLanguage\":\"fr-FR\",\"potentialAction\":[{\"@type\":\"ReadAction\",\"target\":[\"https:\\\/\\\/www.organisator.ch\\\/sustainability\\\/2020-09-29\\\/zum-film-i-am-greta-mut-lernen-klima-schuetzen\\\/\"]}]},{\"@type\":\"ImageObject\",\"inLanguage\":\"fr-FR\",\"@id\":\"https:\\\/\\\/www.organisator.ch\\\/sustainability\\\/2020-09-29\\\/zum-film-i-am-greta-mut-lernen-klima-schuetzen\\\/#primaryimage\",\"url\":\"https:\\\/\\\/www.organisator.ch\\\/wp-content\\\/uploads\\\/2020\\\/09\\\/IAmGreta_Filmstill1-scaled.jpg\",\"contentUrl\":\"https:\\\/\\\/www.organisator.ch\\\/wp-content\\\/uploads\\\/2020\\\/09\\\/IAmGreta_Filmstill1-scaled.jpg\",\"width\":2560,\"height\":1754},{\"@type\":\"BreadcrumbList\",\"@id\":\"https:\\\/\\\/www.organisator.ch\\\/sustainability\\\/2020-09-29\\\/zum-film-i-am-greta-mut-lernen-klima-schuetzen\\\/#breadcrumb\",\"itemListElement\":[{\"@type\":\"ListItem\",\"position\":1,\"name\":\"Home\",\"item\":\"https:\\\/\\\/www.organisator.ch\\\/\"},{\"@type\":\"ListItem\",\"position\":2,\"name\":\"Zum Film \u00abI Am Greta\u00bb: Mut lernen, Klima sch\u00fctzen\"}]},{\"@type\":\"WebSite\",\"@id\":\"https:\\\/\\\/www.organisator.ch\\\/#website\",\"url\":\"https:\\\/\\\/www.organisator.ch\\\/\",\"name\":\"Organisator\",\"description\":\"Kompetent. Praxisnah. Der ORGANISATOR bereitet in 10 Ausgaben pro Jahr die wesentlichen Themen f\u00fcr F\u00fchrungskr\u00e4fte von KMU auf.\",\"publisher\":{\"@id\":\"https:\\\/\\\/www.organisator.ch\\\/#organization\"},\"potentialAction\":[{\"@type\":\"SearchAction\",\"target\":{\"@type\":\"EntryPoint\",\"urlTemplate\":\"https:\\\/\\\/www.organisator.ch\\\/?s={search_term_string}\"},\"query-input\":{\"@type\":\"PropertyValueSpecification\",\"valueRequired\":true,\"valueName\":\"search_term_string\"}}],\"inLanguage\":\"fr-FR\"},{\"@type\":\"Organization\",\"@id\":\"https:\\\/\\\/www.organisator.ch\\\/#organization\",\"name\":\"Organisator\",\"url\":\"https:\\\/\\\/www.organisator.ch\\\/\",\"logo\":{\"@type\":\"ImageObject\",\"inLanguage\":\"fr-FR\",\"@id\":\"https:\\\/\\\/www.organisator.ch\\\/#\\\/schema\\\/logo\\\/image\\\/\",\"url\":\"https:\\\/\\\/www.organisator.ch\\\/wp-content\\\/uploads\\\/2022\\\/01\\\/Logo_Organisator_Website.png\",\"contentUrl\":\"https:\\\/\\\/www.organisator.ch\\\/wp-content\\\/uploads\\\/2022\\\/01\\\/Logo_Organisator_Website.png\",\"width\":800,\"height\":77,\"caption\":\"Organisator\"},\"image\":{\"@id\":\"https:\\\/\\\/www.organisator.ch\\\/#\\\/schema\\\/logo\\\/image\\\/\"},\"sameAs\":[\"https:\\\/\\\/www.facebook.com\\\/OrganisatorFachmagazin\",\"https:\\\/\\\/www.linkedin.com\\\/showcase\\\/organisator-das-magazin-fr-kmu\",\"https:\\\/\\\/www.xing.com\\\/news\\\/pages\\\/organisator-ch-695\",\"https:\\\/\\\/www.youtube.com\\\/channel\\\/UCGP2Sq0iWaZwT3BdIAQFYpw\"]},{\"@type\":\"Person\",\"@id\":\"https:\\\/\\\/www.organisator.ch\\\/#\\\/schema\\\/person\\\/134708ca9321c57b0362cceb7948ffbd\",\"name\":\"michael.merz\",\"image\":{\"@type\":\"ImageObject\",\"inLanguage\":\"fr-FR\",\"@id\":\"https:\\\/\\\/secure.gravatar.com\\\/avatar\\\/?s=96&d=mm&r=g\",\"url\":\"https:\\\/\\\/secure.gravatar.com\\\/avatar\\\/?s=96&d=mm&r=g\",\"contentUrl\":\"https:\\\/\\\/secure.gravatar.com\\\/avatar\\\/?s=96&d=mm&r=g\",\"caption\":\"michael.merz\"},\"url\":\"https:\\\/\\\/www.organisator.ch\\\/fr\\\/author\\\/michael-merz\\\/\"}]}<\/script>\n<!-- \/ Yoast SEO plugin. -->","yoast_head_json":{"title":"A propos du film \"I Am Greta\" : apprendre le courage, prot\u00e9ger le climat - Organisateur","description":"Greta Thunberg : certains l'adorent, d'autres la critiquent en tant qu'ic\u00f4ne hype. On peut d\u00e9sormais regarder par-dessus son \u00e9paule dans le documentaire : \"I Am Greta\".","robots":{"index":"index","follow":"follow","max-snippet":"max-snippet:-1","max-image-preview":"max-image-preview:large","max-video-preview":"max-video-preview:-1"},"canonical":"https:\/\/www.organisator.ch\/fr\/sustainability\/2020-09-29\/zum-film-i-am-greta-mut-lernen-klima-schuetzen\/","og_locale":"fr_FR","og_type":"article","og_title":"Zum Film \u00abI Am Greta\u00bb: Mut lernen, Klima sch\u00fctzen - Organisator","og_description":"Greta Thunberg: Sie wird von manchen verg\u00f6ttert, von anderen als Hype-Ikone kritisiert. Jetzt kann man ihr \u00fcber die Schulter schauen im Doku: \"I Am Greta\".","og_url":"https:\/\/www.organisator.ch\/fr\/sustainability\/2020-09-29\/zum-film-i-am-greta-mut-lernen-klima-schuetzen\/","og_site_name":"Organisator","article_publisher":"https:\/\/www.facebook.com\/OrganisatorFachmagazin","article_published_time":"2020-09-29T13:17:17+00:00","article_modified_time":"2022-02-09T10:06:48+00:00","og_image":[{"width":2560,"height":1754,"url":"https:\/\/www.organisator.ch\/wp-content\/uploads\/2020\/09\/IAmGreta_Filmstill1-scaled.jpg","type":"image\/jpeg"}],"author":"michael.merz","twitter_card":"summary_large_image","schema":{"@context":"https:\/\/schema.org","@graph":[{"@type":"Article","@id":"https:\/\/www.organisator.ch\/sustainability\/2020-09-29\/zum-film-i-am-greta-mut-lernen-klima-schuetzen\/#article","isPartOf":{"@id":"https:\/\/www.organisator.ch\/sustainability\/2020-09-29\/zum-film-i-am-greta-mut-lernen-klima-schuetzen\/"},"author":{"name":"michael.merz","@id":"https:\/\/www.organisator.ch\/#\/schema\/person\/134708ca9321c57b0362cceb7948ffbd"},"headline":"Zum Film \u00abI Am Greta\u00bb: Mut lernen, Klima sch\u00fctzen","datePublished":"2020-09-29T13:17:17+00:00","dateModified":"2022-02-09T10:06:48+00:00","mainEntityOfPage":{"@id":"https:\/\/www.organisator.ch\/sustainability\/2020-09-29\/zum-film-i-am-greta-mut-lernen-klima-schuetzen\/"},"wordCount":492,"publisher":{"@id":"https:\/\/www.organisator.ch\/#organization"},"image":{"@id":"https:\/\/www.organisator.ch\/sustainability\/2020-09-29\/zum-film-i-am-greta-mut-lernen-klima-schuetzen\/#primaryimage"},"thumbnailUrl":"https:\/\/www.organisator.ch\/wp-content\/uploads\/2020\/09\/IAmGreta_Filmstill1-scaled.jpg","keywords":["Dokumentation","Filmstart","Greta Thunberg","Oktober","Schweiz","Wettbewerb","Zurich Film Festival"],"articleSection":["SUSTAINABILITY"],"inLanguage":"fr-FR"},{"@type":"WebPage","@id":"https:\/\/www.organisator.ch\/sustainability\/2020-09-29\/zum-film-i-am-greta-mut-lernen-klima-schuetzen\/","url":"https:\/\/www.organisator.ch\/sustainability\/2020-09-29\/zum-film-i-am-greta-mut-lernen-klima-schuetzen\/","name":"A propos du film \"I Am Greta\" : apprendre le courage, prot\u00e9ger le climat - Organisateur","isPartOf":{"@id":"https:\/\/www.organisator.ch\/#website"},"primaryImageOfPage":{"@id":"https:\/\/www.organisator.ch\/sustainability\/2020-09-29\/zum-film-i-am-greta-mut-lernen-klima-schuetzen\/#primaryimage"},"image":{"@id":"https:\/\/www.organisator.ch\/sustainability\/2020-09-29\/zum-film-i-am-greta-mut-lernen-klima-schuetzen\/#primaryimage"},"thumbnailUrl":"https:\/\/www.organisator.ch\/wp-content\/uploads\/2020\/09\/IAmGreta_Filmstill1-scaled.jpg","datePublished":"2020-09-29T13:17:17+00:00","dateModified":"2022-02-09T10:06:48+00:00","description":"Greta Thunberg : certains l'adorent, d'autres la critiquent en tant qu'ic\u00f4ne hype. On peut d\u00e9sormais regarder par-dessus son \u00e9paule dans le documentaire : \"I Am Greta\".","breadcrumb":{"@id":"https:\/\/www.organisator.ch\/sustainability\/2020-09-29\/zum-film-i-am-greta-mut-lernen-klima-schuetzen\/#breadcrumb"},"inLanguage":"fr-FR","potentialAction":[{"@type":"ReadAction","target":["https:\/\/www.organisator.ch\/sustainability\/2020-09-29\/zum-film-i-am-greta-mut-lernen-klima-schuetzen\/"]}]},{"@type":"ImageObject","inLanguage":"fr-FR","@id":"https:\/\/www.organisator.ch\/sustainability\/2020-09-29\/zum-film-i-am-greta-mut-lernen-klima-schuetzen\/#primaryimage","url":"https:\/\/www.organisator.ch\/wp-content\/uploads\/2020\/09\/IAmGreta_Filmstill1-scaled.jpg","contentUrl":"https:\/\/www.organisator.ch\/wp-content\/uploads\/2020\/09\/IAmGreta_Filmstill1-scaled.jpg","width":2560,"height":1754},{"@type":"BreadcrumbList","@id":"https:\/\/www.organisator.ch\/sustainability\/2020-09-29\/zum-film-i-am-greta-mut-lernen-klima-schuetzen\/#breadcrumb","itemListElement":[{"@type":"ListItem","position":1,"name":"Home","item":"https:\/\/www.organisator.ch\/"},{"@type":"ListItem","position":2,"name":"Zum Film \u00abI Am Greta\u00bb: Mut lernen, Klima sch\u00fctzen"}]},{"@type":"WebSite","@id":"https:\/\/www.organisator.ch\/#website","url":"https:\/\/www.organisator.ch\/","name":"Organisateur","description":"Comp\u00e9tence et comp\u00e9tence. Proches de la pratique. L'ORGANISATEUR pr\u00e9pare 10 num\u00e9ros par an sur les th\u00e8mes essentiels pour les dirigeants de PME.","publisher":{"@id":"https:\/\/www.organisator.ch\/#organization"},"potentialAction":[{"@type":"SearchAction","target":{"@type":"EntryPoint","urlTemplate":"https:\/\/www.organisator.ch\/?s={search_term_string}"},"query-input":{"@type":"PropertyValueSpecification","valueRequired":true,"valueName":"search_term_string"}}],"inLanguage":"fr-FR"},{"@type":"Organization","@id":"https:\/\/www.organisator.ch\/#organization","name":"Organisateur","url":"https:\/\/www.organisator.ch\/","logo":{"@type":"ImageObject","inLanguage":"fr-FR","@id":"https:\/\/www.organisator.ch\/#\/schema\/logo\/image\/","url":"https:\/\/www.organisator.ch\/wp-content\/uploads\/2022\/01\/Logo_Organisator_Website.png","contentUrl":"https:\/\/www.organisator.ch\/wp-content\/uploads\/2022\/01\/Logo_Organisator_Website.png","width":800,"height":77,"caption":"Organisator"},"image":{"@id":"https:\/\/www.organisator.ch\/#\/schema\/logo\/image\/"},"sameAs":["https:\/\/www.facebook.com\/OrganisatorFachmagazin","https:\/\/www.linkedin.com\/showcase\/organisator-das-magazin-fr-kmu","https:\/\/www.xing.com\/news\/pages\/organisator-ch-695","https:\/\/www.youtube.com\/channel\/UCGP2Sq0iWaZwT3BdIAQFYpw"]},{"@type":"Person","@id":"https:\/\/www.organisator.ch\/#\/schema\/person\/134708ca9321c57b0362cceb7948ffbd","name":"michael.merz","image":{"@type":"ImageObject","inLanguage":"fr-FR","@id":"https:\/\/secure.gravatar.com\/avatar\/?s=96&d=mm&r=g","url":"https:\/\/secure.gravatar.com\/avatar\/?s=96&d=mm&r=g","contentUrl":"https:\/\/secure.gravatar.com\/avatar\/?s=96&d=mm&r=g","caption":"michael.merz"},"url":"https:\/\/www.organisator.ch\/fr\/author\/michael-merz\/"}]}},"_links":{"self":[{"href":"https:\/\/www.organisator.ch\/fr\/wp-json\/wp\/v2\/posts\/3387","targetHints":{"allow":["GET"]}}],"collection":[{"href":"https:\/\/www.organisator.ch\/fr\/wp-json\/wp\/v2\/posts"}],"about":[{"href":"https:\/\/www.organisator.ch\/fr\/wp-json\/wp\/v2\/types\/post"}],"author":[{"embeddable":true,"href":"https:\/\/www.organisator.ch\/fr\/wp-json\/wp\/v2\/users\/5"}],"replies":[{"embeddable":true,"href":"https:\/\/www.organisator.ch\/fr\/wp-json\/wp\/v2\/comments?post=3387"}],"version-history":[{"count":1,"href":"https:\/\/www.organisator.ch\/fr\/wp-json\/wp\/v2\/posts\/3387\/revisions"}],"predecessor-version":[{"id":10668,"href":"https:\/\/www.organisator.ch\/fr\/wp-json\/wp\/v2\/posts\/3387\/revisions\/10668"}],"wp:featuredmedia":[{"embeddable":true,"href":"https:\/\/www.organisator.ch\/fr\/wp-json\/wp\/v2\/media\/3388"}],"wp:attachment":[{"href":"https:\/\/www.organisator.ch\/fr\/wp-json\/wp\/v2\/media?parent=3387"}],"wp:term":[{"taxonomy":"category","embeddable":true,"href":"https:\/\/www.organisator.ch\/fr\/wp-json\/wp\/v2\/categories?post=3387"},{"taxonomy":"post_tag","embeddable":true,"href":"https:\/\/www.organisator.ch\/fr\/wp-json\/wp\/v2\/tags?post=3387"}],"curies":[{"name":"wp","href":"https:\/\/api.w.org\/{rel}","templated":true}]}}