{"id":339,"date":"2016-11-24T14:27:01","date_gmt":"2016-11-24T13:27:01","guid":{"rendered":"http:\/\/dev.organisator.ch\/?p=339"},"modified":"2016-11-24T14:27:01","modified_gmt":"2016-11-24T13:27:01","slug":"compasso-medienmitteilung-kampf-dem-fachkraeftemangel","status":"publish","type":"post","link":"https:\/\/www.organisator.ch\/fr\/allgemein\/2016-11-24\/compasso-medienmitteilung-kampf-dem-fachkraeftemangel\/","title":{"rendered":"Communiqu\u00e9 de presse Compasso : Lutte contre la p\u00e9nurie de main-d'\u0153uvre qualifi\u00e9e"},"content":{"rendered":"<figure id=\"attachment_340\" aria-describedby=\"caption-attachment-340\" style=\"width: 680px\" class=\"wp-caption alignnone\"><img loading=\"lazy\" decoding=\"async\" class=\"size-medium wp-image-340\" src=\"https:\/\/organisator.ch\/wp-content\/uploads\/2016\/12\/Compasso-Medienmitteilung-Kampf-dem-Fachkr\u00e4ftemangel-organisator.jpg\" alt=\"\" width=\"680\" height=\"454\" \/><figcaption id=\"caption-attachment-340\" class=\"wp-caption-text\">La r\u00e9insertion ne r\u00e9ussit pas toujours du premier coup. (Image : Depositphotos_GeorgeRudy)<\/figcaption><\/figure>\n<blockquote><p>\"La r\u00e9insertion g\u00e9n\u00e8re une plus-value pour toutes les personnes concern\u00e9es et apporte une contribution importante \u00e0 la lutte contre la p\u00e9nurie de main-d'\u0153uvre qualifi\u00e9e\", conclut Martin Kaiser.<\/p><\/blockquote>\n<p>Les changements d\u00e9mographiques en Suisse ont pour cons\u00e9quence que le nombre de personnes actives disponibles est de plus en plus faible. Aujourd'hui d\u00e9j\u00e0, le march\u00e9 du travail suisse manque cruellement de personnel qualifi\u00e9 dans de nombreux secteurs. Il est donc de plus en plus important de mieux exploiter le potentiel de main-d'\u0153uvre nationale. Les personnes souffrant d'un handicap en font \u00e9galement partie.<\/p>\n<p>Compasso aide les employeurs \u00e0 r\u00e9int\u00e9grer des professionnels comp\u00e9tents dans le processus de travail ou \u00e0 les maintenir dans la vie active. \"Compasso apporte ainsi une contribution importante \u00e0 la r\u00e9duction de la p\u00e9nurie de main-d'\u0153uvre qualifi\u00e9e\", souligne le pr\u00e9sident de la Conf\u00e9d\u00e9ration Johann N. Schneider-Ammann dans son message de bienvenue aux participants du colloque de cette ann\u00e9e.<\/p>\n<p><strong>Souligner les comp\u00e9tences<\/strong><\/p>\n<p>La r\u00e9insertion consiste \u00e0 r\u00e9int\u00e9grer dans le premier march\u00e9 du travail les personnes qui ont quitt\u00e9 le processus de travail \u00e0 la suite d'un accident ou d'une maladie. Alors que les exp\u00e9riences en mati\u00e8re de d\u00e9tection pr\u00e9coce et de maintien de l'emploi sont d\u00e9j\u00e0 bonnes, les efforts de r\u00e9insertion n'en sont qu'\u00e0 leurs d\u00e9buts. Selon Stefan Ritler, vice-directeur et chef du domaine Assurance-invalidit\u00e9 de l'OFAS, le nombre de rentes a certes diminu\u00e9 plus rapidement que pr\u00e9vu, mais les objectifs politiques en mati\u00e8re de r\u00e9insertion \u00e0 la sortie de la rente (r\u00e9vision 6a de l'AI) ne sont pas encore atteints. Des exemples pratiques r\u00e9ussis montrent toutefois que la r\u00e9insertion peut \u00e9galement r\u00e9ussir. \"L'essentiel est de se concentrer sur les capacit\u00e9s et les aptitudes de la personne handicap\u00e9e, et non sur ses d\u00e9ficits\", souligne Martin Kaiser, pr\u00e9sident de Compasso.<\/p>\n<p>L'office AI de Soleure donne un aper\u00e7u de la pratique et montre, \u00e0 l'aide d'une r\u00e9insertion r\u00e9ussie, ce qui peut \u00eatre fait concr\u00e8tement. L'assistante de soins concern\u00e9e avait souffert d'une hernie discale et ne pouvait plus exercer son activit\u00e9 dans le domaine des soins de longue dur\u00e9e. Gr\u00e2ce \u00e0 un essai de travail, elle a pu reprendre pied en tant qu'assistante m\u00e9dicale. \"Un cas aussi peu spectaculaire que typique\", estime le pr\u00e9sident de la conf\u00e9rence Anton Hanselmann, ancien chef du personnel de Frutiger AG et actuel vice-pr\u00e9sident de Compasso. \"La r\u00e9insertion a r\u00e9ussi parce que toutes les personnes impliqu\u00e9es ont tir\u00e9 \u00e0 la m\u00eame corde et ont utilis\u00e9 de mani\u00e8re cibl\u00e9e les instruments \u00e0 disposition\".<\/p>\n<p><strong>Instruments pour les employeurs<\/strong><\/p>\n<p>Afin de soutenir les employeurs de mani\u00e8re cibl\u00e9e, Compasso a continu\u00e9 \u00e0 d\u00e9velopper les informations et les instruments de r\u00e9insertion. Quand mon entreprise convient-elle aux personnes atteintes dans leur sant\u00e9 ? Quelles conditions-cadres doivent \u00eatre remplies sur le lieu de travail ? Quels sont les aspects juridiques \u00e0 prendre en compte ? Compasso propose des informations compl\u00e8tes \u00e0 ce sujet sur son portail en ligne remani\u00e9. Les points de contact directs de l'AI pour les employeurs sont \u00e9galement \u00e0 disposition. \"C'est justement pour les PME qu'il s'av\u00e8re d\u00e9cisif de pouvoir s'adresser facilement aux interlocuteurs\", souligne Ueli Streit, responsable du d\u00e9veloppement sp\u00e9cialis\u00e9 chez Compasso.<\/p>\n<p><strong>Une coop\u00e9ration coh\u00e9rente comme facteur cl\u00e9<\/strong><\/p>\n<p>Pour clore la manifestation, Stefan Ritler, vice-directeur et responsable du domaine Assurance-invalidit\u00e9 de l'OFAS, Monika Dudle-Ammann, pr\u00e9sidente de la Conf\u00e9rence des offices AI, le Dr Fulvia Rota, membre du comit\u00e9 de la Soci\u00e9t\u00e9 suisse de psychiatrie et psychoth\u00e9rapie SSPP, Daniel Andris, responsable Coordination &amp; Analyse, Mobiliar Pr\u00e9voyance et Ann-Kathrin Greutmann, responsable Diversit\u00e9 et Sant\u00e9, Banque cantonale de Zurich, discuteront de ce qui permet une r\u00e9insertion professionnelle r\u00e9ussie.<\/p>\n<p>Les participants \u00e0 la table ronde sont unanimes : une collaboration entre les partenaires impliqu\u00e9s, empreinte d'ouverture et de confiance, est le facteur cl\u00e9 d'une r\u00e9insertion r\u00e9ussie. \"Plus les cas sont pris en charge activement t\u00f4t, plus les chances de succ\u00e8s sont grandes. Rester spectateur et attendre est un mauvais conseil\", r\u00e9sume le Dr Barbara Rigassi, directrice de Compasso, un autre enseignement de la table ronde.<\/p>\n<p>\"La r\u00e9insertion g\u00e9n\u00e8re une plus-value pour tous les participants et apporte une contribution importante \u00e0 la lutte contre la p\u00e9nurie de main-d'\u0153uvre qualifi\u00e9e\", conclut Martin Kaiser. \"Notre objectif est de maintenir ou de r\u00e9tablir l'employabilit\u00e9 du plus grand nombre possible de personnes aux capacit\u00e9s r\u00e9duites !\"<br \/>\n<a href=\"http:\/\/Compasso.ch\" target=\"_blank\" rel=\"noreferrer noopener\" data-cke-saved-href=\"http:\/\/Compasso.ch\">http:\/\/Compasso.ch<\/a><\/p>","protected":false},"excerpt":{"rendered":"<p>\u201eDie Wiedereingliederung generiert f\u00fcr alle Beteiligten einen Mehrwert und leistet einen wichtigen Beitrag im Kampf gegen den Fachkr\u00e4ftemangel\u201c, zieht Martin Kaiser als Fazit. Die demografischen Ver\u00e4nderungen der Schweiz f\u00fchren dazu, dass immer weniger Erwerbst\u00e4tige zur Verf\u00fcgung stehen. Bereits heute fehlen dem Schweizer Arbeitsmarkt in zahlreichen Branchen dringend ben\u00f6tigte Fachkr\u00e4fte. Deshalb wird es immer wichtiger, das [&hellip;]<\/p>\n","protected":false},"author":1,"featured_media":340,"comment_status":"open","ping_status":"open","sticky":false,"template":"","format":"standard","meta":{"_acf_changed":false,"_yoast_wpseo_focuskw":"Fachkr\u00e4ftemangel","_yoast_wpseo_metadesc":"\"Arbeitsunf\u00e4hig \u2013 abgestempelt auf immer und ewig?\". Dass dies nicht so sein muss, zeigt der Verein Compasso an der diesj\u00e4hrigen Fachtagung mit Beispielen auf.","articlekey":"","footnotes":""},"categories":[1],"tags":[294],"class_list":["post-339","post","type-post","status-publish","format-standard","has-post-thumbnail","hentry","category-allgemein","tag-karriere"],"acf":[],"yoast_head":"<!-- This site is optimized with the Yoast SEO plugin v27.5 - https:\/\/yoast.com\/product\/yoast-seo-wordpress\/ -->\n<title>Compasso Medienmitteilung: Kampf dem Fachkr\u00e4ftemangel - Organisator<\/title>\n<meta name=\"description\" content=\"&quot;Arbeitsunf\u00e4hig \u2013 abgestempelt auf immer und ewig?&quot;. Dass dies nicht so sein muss, zeigt der Verein Compasso an der diesj\u00e4hrigen Fachtagung mit Beispielen auf.\" \/>\n<meta name=\"robots\" content=\"index, follow, max-snippet:-1, max-image-preview:large, max-video-preview:-1\" \/>\n<link rel=\"canonical\" href=\"https:\/\/www.organisator.ch\/fr\/general\/2016-11-24\/compasso-medienmitteilung-kampf-dem-fachkraeftemangel\/\" \/>\n<meta property=\"og:locale\" content=\"fr_FR\" \/>\n<meta property=\"og:type\" content=\"article\" \/>\n<meta property=\"og:title\" content=\"Compasso Medienmitteilung: Kampf dem Fachkr\u00e4ftemangel\" \/>\n<meta property=\"og:description\" content=\"&quot;Arbeitsunf\u00e4hig \u2013 abgestempelt auf immer und ewig?&quot;. Dass dies nicht zwingend so sein muss, zeigt der Verein Compasso an der diesj\u00e4hrigen Fachtagung mit Beispielen auf und pr\u00e4sentiert anhand praxistauglicher Instrumente, wie eine erfolgreiche Wiedereingliederung von beeintr\u00e4chtigten Personen funktioniert.\" \/>\n<meta property=\"og:url\" content=\"https:\/\/www.organisator.ch\/fr\/general\/2016-11-24\/compasso-medienmitteilung-kampf-dem-fachkraeftemangel\/\" \/>\n<meta property=\"og:site_name\" content=\"Organisator\" \/>\n<meta property=\"article:publisher\" content=\"https:\/\/www.facebook.com\/OrganisatorFachmagazin\" \/>\n<meta property=\"article:published_time\" content=\"2016-11-24T13:27:01+00:00\" \/>\n<meta name=\"author\" content=\"admin\" \/>\n<meta name=\"twitter:card\" content=\"summary_large_image\" \/>\n<meta name=\"twitter:image\" content=\"https:\/\/www.organisator.ch\/wp-content\/uploads\/2016\/12\/Compasso-Medienmitteilung-Kampf-dem-Fachkraeftemangel-organisator.jpg\" \/>\n<script type=\"application\/ld+json\" class=\"yoast-schema-graph\">{\"@context\":\"https:\\\/\\\/schema.org\",\"@graph\":[{\"@type\":\"Article\",\"@id\":\"https:\\\/\\\/www.organisator.ch\\\/it\\\/generale\\\/2016-11-24\\\/compasso-medienmitteilung-kampf-dem-fachkraeftemangel\\\/#article\",\"isPartOf\":{\"@id\":\"https:\\\/\\\/www.organisator.ch\\\/it\\\/generale\\\/2016-11-24\\\/compasso-medienmitteilung-kampf-dem-fachkraeftemangel\\\/\"},\"author\":{\"name\":\"admin\",\"@id\":\"https:\\\/\\\/www.organisator.ch\\\/#\\\/schema\\\/person\\\/aa2bace6c5c5aad60102004a50c4eb1c\"},\"headline\":\"Compasso Medienmitteilung: Kampf dem Fachkr\u00e4ftemangel\",\"datePublished\":\"2016-11-24T13:27:01+00:00\",\"mainEntityOfPage\":{\"@id\":\"https:\\\/\\\/www.organisator.ch\\\/it\\\/generale\\\/2016-11-24\\\/compasso-medienmitteilung-kampf-dem-fachkraeftemangel\\\/\"},\"wordCount\":631,\"commentCount\":0,\"publisher\":{\"@id\":\"https:\\\/\\\/www.organisator.ch\\\/#organization\"},\"image\":{\"@id\":\"https:\\\/\\\/www.organisator.ch\\\/it\\\/generale\\\/2016-11-24\\\/compasso-medienmitteilung-kampf-dem-fachkraeftemangel\\\/#primaryimage\"},\"thumbnailUrl\":\"https:\\\/\\\/www.organisator.ch\\\/wp-content\\\/uploads\\\/2016\\\/12\\\/Compasso-Medienmitteilung-Kampf-dem-Fachkraeftemangel-organisator.jpg\",\"keywords\":[\"Karriere\"],\"articleSection\":[\"Allgemein\"],\"inLanguage\":\"fr-FR\"},{\"@type\":\"WebPage\",\"@id\":\"https:\\\/\\\/www.organisator.ch\\\/it\\\/generale\\\/2016-11-24\\\/compasso-medienmitteilung-kampf-dem-fachkraeftemangel\\\/\",\"url\":\"https:\\\/\\\/www.organisator.ch\\\/it\\\/generale\\\/2016-11-24\\\/compasso-medienmitteilung-kampf-dem-fachkraeftemangel\\\/\",\"name\":\"Compasso Medienmitteilung: Kampf dem Fachkr\u00e4ftemangel - Organisator\",\"isPartOf\":{\"@id\":\"https:\\\/\\\/www.organisator.ch\\\/#website\"},\"primaryImageOfPage\":{\"@id\":\"https:\\\/\\\/www.organisator.ch\\\/it\\\/generale\\\/2016-11-24\\\/compasso-medienmitteilung-kampf-dem-fachkraeftemangel\\\/#primaryimage\"},\"image\":{\"@id\":\"https:\\\/\\\/www.organisator.ch\\\/it\\\/generale\\\/2016-11-24\\\/compasso-medienmitteilung-kampf-dem-fachkraeftemangel\\\/#primaryimage\"},\"thumbnailUrl\":\"https:\\\/\\\/www.organisator.ch\\\/wp-content\\\/uploads\\\/2016\\\/12\\\/Compasso-Medienmitteilung-Kampf-dem-Fachkraeftemangel-organisator.jpg\",\"datePublished\":\"2016-11-24T13:27:01+00:00\",\"description\":\"\\\"Arbeitsunf\u00e4hig \u2013 abgestempelt auf immer und ewig?\\\". Dass dies nicht so sein muss, zeigt der Verein Compasso an der diesj\u00e4hrigen Fachtagung mit Beispielen auf.\",\"breadcrumb\":{\"@id\":\"https:\\\/\\\/www.organisator.ch\\\/it\\\/generale\\\/2016-11-24\\\/compasso-medienmitteilung-kampf-dem-fachkraeftemangel\\\/#breadcrumb\"},\"inLanguage\":\"fr-FR\",\"potentialAction\":[{\"@type\":\"ReadAction\",\"target\":[\"https:\\\/\\\/www.organisator.ch\\\/it\\\/generale\\\/2016-11-24\\\/compasso-medienmitteilung-kampf-dem-fachkraeftemangel\\\/\"]}]},{\"@type\":\"ImageObject\",\"inLanguage\":\"fr-FR\",\"@id\":\"https:\\\/\\\/www.organisator.ch\\\/it\\\/generale\\\/2016-11-24\\\/compasso-medienmitteilung-kampf-dem-fachkraeftemangel\\\/#primaryimage\",\"url\":\"https:\\\/\\\/www.organisator.ch\\\/wp-content\\\/uploads\\\/2016\\\/12\\\/Compasso-Medienmitteilung-Kampf-dem-Fachkraeftemangel-organisator.jpg\",\"contentUrl\":\"https:\\\/\\\/www.organisator.ch\\\/wp-content\\\/uploads\\\/2016\\\/12\\\/Compasso-Medienmitteilung-Kampf-dem-Fachkraeftemangel-organisator.jpg\",\"width\":1000,\"height\":668,\"caption\":\"Nicht immer gelingt eine Wiedereingliederung auf Anhieb. (Bild: Depositphotos_GeorgeRudy)\"},{\"@type\":\"BreadcrumbList\",\"@id\":\"https:\\\/\\\/www.organisator.ch\\\/it\\\/generale\\\/2016-11-24\\\/compasso-medienmitteilung-kampf-dem-fachkraeftemangel\\\/#breadcrumb\",\"itemListElement\":[{\"@type\":\"ListItem\",\"position\":1,\"name\":\"Home\",\"item\":\"https:\\\/\\\/www.organisator.ch\\\/\"},{\"@type\":\"ListItem\",\"position\":2,\"name\":\"Compasso Medienmitteilung: Kampf dem Fachkr\u00e4ftemangel\"}]},{\"@type\":\"WebSite\",\"@id\":\"https:\\\/\\\/www.organisator.ch\\\/#website\",\"url\":\"https:\\\/\\\/www.organisator.ch\\\/\",\"name\":\"Organisator\",\"description\":\"Kompetent. Praxisnah. Der ORGANISATOR bereitet in 10 Ausgaben pro Jahr die wesentlichen Themen f\u00fcr F\u00fchrungskr\u00e4fte von KMU auf.\",\"publisher\":{\"@id\":\"https:\\\/\\\/www.organisator.ch\\\/#organization\"},\"potentialAction\":[{\"@type\":\"SearchAction\",\"target\":{\"@type\":\"EntryPoint\",\"urlTemplate\":\"https:\\\/\\\/www.organisator.ch\\\/?s={search_term_string}\"},\"query-input\":{\"@type\":\"PropertyValueSpecification\",\"valueRequired\":true,\"valueName\":\"search_term_string\"}}],\"inLanguage\":\"fr-FR\"},{\"@type\":\"Organization\",\"@id\":\"https:\\\/\\\/www.organisator.ch\\\/#organization\",\"name\":\"Organisator\",\"url\":\"https:\\\/\\\/www.organisator.ch\\\/\",\"logo\":{\"@type\":\"ImageObject\",\"inLanguage\":\"fr-FR\",\"@id\":\"https:\\\/\\\/www.organisator.ch\\\/#\\\/schema\\\/logo\\\/image\\\/\",\"url\":\"https:\\\/\\\/www.organisator.ch\\\/wp-content\\\/uploads\\\/2022\\\/01\\\/Logo_Organisator_Website.png\",\"contentUrl\":\"https:\\\/\\\/www.organisator.ch\\\/wp-content\\\/uploads\\\/2022\\\/01\\\/Logo_Organisator_Website.png\",\"width\":800,\"height\":77,\"caption\":\"Organisator\"},\"image\":{\"@id\":\"https:\\\/\\\/www.organisator.ch\\\/#\\\/schema\\\/logo\\\/image\\\/\"},\"sameAs\":[\"https:\\\/\\\/www.facebook.com\\\/OrganisatorFachmagazin\",\"https:\\\/\\\/www.linkedin.com\\\/showcase\\\/organisator-das-magazin-fr-kmu\",\"https:\\\/\\\/www.xing.com\\\/news\\\/pages\\\/organisator-ch-695\",\"https:\\\/\\\/www.youtube.com\\\/channel\\\/UCGP2Sq0iWaZwT3BdIAQFYpw\"]},{\"@type\":\"Person\",\"@id\":\"https:\\\/\\\/www.organisator.ch\\\/#\\\/schema\\\/person\\\/aa2bace6c5c5aad60102004a50c4eb1c\",\"name\":\"admin\",\"image\":{\"@type\":\"ImageObject\",\"inLanguage\":\"fr-FR\",\"@id\":\"https:\\\/\\\/secure.gravatar.com\\\/avatar\\\/ae2f4d718e6c49043e314ce431e7e645d646302a24a5ef5a8bc8e3f5a032e319?s=96&d=mm&r=g\",\"url\":\"https:\\\/\\\/secure.gravatar.com\\\/avatar\\\/ae2f4d718e6c49043e314ce431e7e645d646302a24a5ef5a8bc8e3f5a032e319?s=96&d=mm&r=g\",\"contentUrl\":\"https:\\\/\\\/secure.gravatar.com\\\/avatar\\\/ae2f4d718e6c49043e314ce431e7e645d646302a24a5ef5a8bc8e3f5a032e319?s=96&d=mm&r=g\",\"caption\":\"admin\"},\"sameAs\":[\"https:\\\/\\\/www.organisator.ch\"],\"url\":\"https:\\\/\\\/www.organisator.ch\\\/fr\\\/author\\\/admin\\\/\"}]}<\/script>\n<!-- \/ Yoast SEO plugin. -->","yoast_head_json":{"title":"Communiqu\u00e9 de presse Compasso : Lutte contre la p\u00e9nurie de main-d'\u0153uvre qualifi\u00e9e - Organisateur","description":"\"Incapacit\u00e9 de travail - estampill\u00e9e pour toujours et \u00e0 jamais ?\". L'association Compasso montre, exemples \u00e0 l'appui, que ce n'est pas forc\u00e9ment le cas lors du colloque de cette ann\u00e9e.","robots":{"index":"index","follow":"follow","max-snippet":"max-snippet:-1","max-image-preview":"max-image-preview:large","max-video-preview":"max-video-preview:-1"},"canonical":"https:\/\/www.organisator.ch\/fr\/general\/2016-11-24\/compasso-medienmitteilung-kampf-dem-fachkraeftemangel\/","og_locale":"fr_FR","og_type":"article","og_title":"Compasso Medienmitteilung: Kampf dem Fachkr\u00e4ftemangel","og_description":"\"Arbeitsunf\u00e4hig \u2013 abgestempelt auf immer und ewig?\". Dass dies nicht zwingend so sein muss, zeigt der Verein Compasso an der diesj\u00e4hrigen Fachtagung mit Beispielen auf und pr\u00e4sentiert anhand praxistauglicher Instrumente, wie eine erfolgreiche Wiedereingliederung von beeintr\u00e4chtigten Personen funktioniert.","og_url":"https:\/\/www.organisator.ch\/fr\/general\/2016-11-24\/compasso-medienmitteilung-kampf-dem-fachkraeftemangel\/","og_site_name":"Organisator","article_publisher":"https:\/\/www.facebook.com\/OrganisatorFachmagazin","article_published_time":"2016-11-24T13:27:01+00:00","author":"admin","twitter_card":"summary_large_image","twitter_image":"https:\/\/www.organisator.ch\/wp-content\/uploads\/2016\/12\/Compasso-Medienmitteilung-Kampf-dem-Fachkraeftemangel-organisator.jpg","schema":{"@context":"https:\/\/schema.org","@graph":[{"@type":"Article","@id":"https:\/\/www.organisator.ch\/it\/generale\/2016-11-24\/compasso-medienmitteilung-kampf-dem-fachkraeftemangel\/#article","isPartOf":{"@id":"https:\/\/www.organisator.ch\/it\/generale\/2016-11-24\/compasso-medienmitteilung-kampf-dem-fachkraeftemangel\/"},"author":{"name":"admin","@id":"https:\/\/www.organisator.ch\/#\/schema\/person\/aa2bace6c5c5aad60102004a50c4eb1c"},"headline":"Compasso Medienmitteilung: Kampf dem Fachkr\u00e4ftemangel","datePublished":"2016-11-24T13:27:01+00:00","mainEntityOfPage":{"@id":"https:\/\/www.organisator.ch\/it\/generale\/2016-11-24\/compasso-medienmitteilung-kampf-dem-fachkraeftemangel\/"},"wordCount":631,"commentCount":0,"publisher":{"@id":"https:\/\/www.organisator.ch\/#organization"},"image":{"@id":"https:\/\/www.organisator.ch\/it\/generale\/2016-11-24\/compasso-medienmitteilung-kampf-dem-fachkraeftemangel\/#primaryimage"},"thumbnailUrl":"https:\/\/www.organisator.ch\/wp-content\/uploads\/2016\/12\/Compasso-Medienmitteilung-Kampf-dem-Fachkraeftemangel-organisator.jpg","keywords":["Karriere"],"articleSection":["Allgemein"],"inLanguage":"fr-FR"},{"@type":"WebPage","@id":"https:\/\/www.organisator.ch\/it\/generale\/2016-11-24\/compasso-medienmitteilung-kampf-dem-fachkraeftemangel\/","url":"https:\/\/www.organisator.ch\/it\/generale\/2016-11-24\/compasso-medienmitteilung-kampf-dem-fachkraeftemangel\/","name":"Communiqu\u00e9 de presse Compasso : Lutte contre la p\u00e9nurie de main-d'\u0153uvre qualifi\u00e9e - Organisateur","isPartOf":{"@id":"https:\/\/www.organisator.ch\/#website"},"primaryImageOfPage":{"@id":"https:\/\/www.organisator.ch\/it\/generale\/2016-11-24\/compasso-medienmitteilung-kampf-dem-fachkraeftemangel\/#primaryimage"},"image":{"@id":"https:\/\/www.organisator.ch\/it\/generale\/2016-11-24\/compasso-medienmitteilung-kampf-dem-fachkraeftemangel\/#primaryimage"},"thumbnailUrl":"https:\/\/www.organisator.ch\/wp-content\/uploads\/2016\/12\/Compasso-Medienmitteilung-Kampf-dem-Fachkraeftemangel-organisator.jpg","datePublished":"2016-11-24T13:27:01+00:00","description":"\"Incapacit\u00e9 de travail - estampill\u00e9e pour toujours et \u00e0 jamais ?\". L'association Compasso montre, exemples \u00e0 l'appui, que ce n'est pas forc\u00e9ment le cas lors du colloque de cette ann\u00e9e.","breadcrumb":{"@id":"https:\/\/www.organisator.ch\/it\/generale\/2016-11-24\/compasso-medienmitteilung-kampf-dem-fachkraeftemangel\/#breadcrumb"},"inLanguage":"fr-FR","potentialAction":[{"@type":"ReadAction","target":["https:\/\/www.organisator.ch\/it\/generale\/2016-11-24\/compasso-medienmitteilung-kampf-dem-fachkraeftemangel\/"]}]},{"@type":"ImageObject","inLanguage":"fr-FR","@id":"https:\/\/www.organisator.ch\/it\/generale\/2016-11-24\/compasso-medienmitteilung-kampf-dem-fachkraeftemangel\/#primaryimage","url":"https:\/\/www.organisator.ch\/wp-content\/uploads\/2016\/12\/Compasso-Medienmitteilung-Kampf-dem-Fachkraeftemangel-organisator.jpg","contentUrl":"https:\/\/www.organisator.ch\/wp-content\/uploads\/2016\/12\/Compasso-Medienmitteilung-Kampf-dem-Fachkraeftemangel-organisator.jpg","width":1000,"height":668,"caption":"Nicht immer gelingt eine Wiedereingliederung auf Anhieb. (Bild: Depositphotos_GeorgeRudy)"},{"@type":"BreadcrumbList","@id":"https:\/\/www.organisator.ch\/it\/generale\/2016-11-24\/compasso-medienmitteilung-kampf-dem-fachkraeftemangel\/#breadcrumb","itemListElement":[{"@type":"ListItem","position":1,"name":"Home","item":"https:\/\/www.organisator.ch\/"},{"@type":"ListItem","position":2,"name":"Compasso Medienmitteilung: Kampf dem Fachkr\u00e4ftemangel"}]},{"@type":"WebSite","@id":"https:\/\/www.organisator.ch\/#website","url":"https:\/\/www.organisator.ch\/","name":"Organisateur","description":"Comp\u00e9tence et comp\u00e9tence. Proches de la pratique. L'ORGANISATEUR pr\u00e9pare 10 num\u00e9ros par an sur les th\u00e8mes essentiels pour les dirigeants de PME.","publisher":{"@id":"https:\/\/www.organisator.ch\/#organization"},"potentialAction":[{"@type":"SearchAction","target":{"@type":"EntryPoint","urlTemplate":"https:\/\/www.organisator.ch\/?s={search_term_string}"},"query-input":{"@type":"PropertyValueSpecification","valueRequired":true,"valueName":"search_term_string"}}],"inLanguage":"fr-FR"},{"@type":"Organization","@id":"https:\/\/www.organisator.ch\/#organization","name":"Organisateur","url":"https:\/\/www.organisator.ch\/","logo":{"@type":"ImageObject","inLanguage":"fr-FR","@id":"https:\/\/www.organisator.ch\/#\/schema\/logo\/image\/","url":"https:\/\/www.organisator.ch\/wp-content\/uploads\/2022\/01\/Logo_Organisator_Website.png","contentUrl":"https:\/\/www.organisator.ch\/wp-content\/uploads\/2022\/01\/Logo_Organisator_Website.png","width":800,"height":77,"caption":"Organisator"},"image":{"@id":"https:\/\/www.organisator.ch\/#\/schema\/logo\/image\/"},"sameAs":["https:\/\/www.facebook.com\/OrganisatorFachmagazin","https:\/\/www.linkedin.com\/showcase\/organisator-das-magazin-fr-kmu","https:\/\/www.xing.com\/news\/pages\/organisator-ch-695","https:\/\/www.youtube.com\/channel\/UCGP2Sq0iWaZwT3BdIAQFYpw"]},{"@type":"Person","@id":"https:\/\/www.organisator.ch\/#\/schema\/person\/aa2bace6c5c5aad60102004a50c4eb1c","name":"admin","image":{"@type":"ImageObject","inLanguage":"fr-FR","@id":"https:\/\/secure.gravatar.com\/avatar\/ae2f4d718e6c49043e314ce431e7e645d646302a24a5ef5a8bc8e3f5a032e319?s=96&d=mm&r=g","url":"https:\/\/secure.gravatar.com\/avatar\/ae2f4d718e6c49043e314ce431e7e645d646302a24a5ef5a8bc8e3f5a032e319?s=96&d=mm&r=g","contentUrl":"https:\/\/secure.gravatar.com\/avatar\/ae2f4d718e6c49043e314ce431e7e645d646302a24a5ef5a8bc8e3f5a032e319?s=96&d=mm&r=g","caption":"admin"},"sameAs":["https:\/\/www.organisator.ch"],"url":"https:\/\/www.organisator.ch\/fr\/author\/admin\/"}]}},"_links":{"self":[{"href":"https:\/\/www.organisator.ch\/fr\/wp-json\/wp\/v2\/posts\/339","targetHints":{"allow":["GET"]}}],"collection":[{"href":"https:\/\/www.organisator.ch\/fr\/wp-json\/wp\/v2\/posts"}],"about":[{"href":"https:\/\/www.organisator.ch\/fr\/wp-json\/wp\/v2\/types\/post"}],"author":[{"embeddable":true,"href":"https:\/\/www.organisator.ch\/fr\/wp-json\/wp\/v2\/users\/1"}],"replies":[{"embeddable":true,"href":"https:\/\/www.organisator.ch\/fr\/wp-json\/wp\/v2\/comments?post=339"}],"version-history":[{"count":0,"href":"https:\/\/www.organisator.ch\/fr\/wp-json\/wp\/v2\/posts\/339\/revisions"}],"wp:featuredmedia":[{"embeddable":true,"href":"https:\/\/www.organisator.ch\/fr\/wp-json\/wp\/v2\/media\/340"}],"wp:attachment":[{"href":"https:\/\/www.organisator.ch\/fr\/wp-json\/wp\/v2\/media?parent=339"}],"wp:term":[{"taxonomy":"category","embeddable":true,"href":"https:\/\/www.organisator.ch\/fr\/wp-json\/wp\/v2\/categories?post=339"},{"taxonomy":"post_tag","embeddable":true,"href":"https:\/\/www.organisator.ch\/fr\/wp-json\/wp\/v2\/tags?post=339"}],"curies":[{"name":"wp","href":"https:\/\/api.w.org\/{rel}","templated":true}]}}