{"id":33908,"date":"2024-11-22T12:28:43","date_gmt":"2024-11-22T11:28:43","guid":{"rendered":"https:\/\/www.markt-kom.com\/?p=226962"},"modified":"2024-11-25T16:15:47","modified_gmt":"2024-11-25T15:15:47","slug":"postcom-muss-privatwirtschaftliche-taetigkeit-der-post-untersuchen","status":"publish","type":"post","link":"https:\/\/www.organisator.ch\/fr\/marketing\/2024-11-22\/postcom-muss-privatwirtschaftliche-taetigkeit-der-post-untersuchen\/","title":{"rendered":"La PostCom doit enqu\u00eater sur les activit\u00e9s priv\u00e9es de la Poste"},"content":{"rendered":"<figure id=\"attachment_226965\" class=\"wp-caption alignnone\" style=\"width: 1100px;\" aria-describedby=\"caption-attachment-226965\"><img class=\"alignnone wp-image-226965 size-full\" src=\"https:\/\/www.markt-kom.com\/wp-content\/uploads\/2024\/11\/Post-Symbolbild-Keystone-.jpg\" sizes=\"(max-width: 1100px) 100vw, 1100px\" srcset=\"https:\/\/www.markt-kom.com\/wp-content\/uploads\/2024\/11\/Post-Symbolbild-Keystone-.jpg 1100w, https:\/\/www.markt-kom.com\/wp-content\/uploads\/2024\/11\/Post-Symbolbild-Keystone--600x338.jpg 600w, https:\/\/www.markt-kom.com\/wp-content\/uploads\/2024\/11\/Post-Symbolbild-Keystone--1024x576.jpg 1024w, https:\/\/www.markt-kom.com\/wp-content\/uploads\/2024\/11\/Post-Symbolbild-Keystone--768x432.jpg 768w, https:\/\/www.markt-kom.com\/wp-content\/uploads\/2024\/11\/Post-Symbolbild-Keystone--18x10.jpg 18w, https:\/\/www.markt-kom.com\/wp-content\/uploads\/2024\/11\/Post-Symbolbild-Keystone--311x175.jpg 311w, https:\/\/www.markt-kom.com\/wp-content\/uploads\/2024\/11\/Post-Symbolbild-Keystone--622x350.jpg 622w, https:\/\/www.markt-kom.com\/wp-content\/uploads\/2024\/11\/Post-Symbolbild-Keystone--1000x563.jpg 1000w\" alt=\"Activit\u00e9s priv\u00e9es de la Poste\" width=\"1100\" height=\"619\" \/>\r\n<figcaption id=\"caption-attachment-226965\" class=\"wp-caption-text\">(Image : Keystone\/Adrian Reusser)<\/figcaption>\r\n<\/figure>\r\n<p>Dans quatre jugements publi\u00e9s vendredi, le Tribunal administratif f\u00e9d\u00e9ral a donn\u00e9 raison \u00e0 Abacus Research et Goldbach Neo OOH. Il a ainsi clarifi\u00e9 des questions juridiques fondamentales en rapport avec l'activit\u00e9 \u00e9conomique priv\u00e9e de la Poste.<\/p>\r\n<p>Dans ses d\u00e9cisions, le Tribunal administratif f\u00e9d\u00e9ral se penche sur la jurisprudence du Tribunal f\u00e9d\u00e9ral relative aux activit\u00e9s \u00e9conomiques priv\u00e9es de l'\u00c9tat. Il constate que la libert\u00e9 \u00e9conomique prot\u00e9g\u00e9e par les droits fondamentaux n'offre pas au priv\u00e9 une protection g\u00e9n\u00e9rale contre la concurrence. Cela vaut \u00e9galement pour l'activit\u00e9 \u00e9conomique priv\u00e9e de l'Etat. En principe, le secteur priv\u00e9 n'est confront\u00e9 qu'\u00e0 un concurrent suppl\u00e9mentaire.<\/p>\r\n<p>L'activit\u00e9 \u00e9conomique priv\u00e9e de l'Etat est toutefois soumise \u00e0 des limites constitutionnelles, comme le pr\u00e9cise le tribunal. L'activit\u00e9 doit reposer sur une base l\u00e9gale, elle doit \u00eatre d'int\u00e9r\u00eat public et elle doit \u00eatre proportionn\u00e9e et neutre en termes de concurrence.<\/p>\r\n<h3><strong>Activit\u00e9 limit\u00e9e<\/strong><\/h3>\r\n<p>Conform\u00e9ment \u00e0 ces dispositions, l'activit\u00e9 de la Poste est r\u00e9glement\u00e9e et limit\u00e9e par la loi sur l'organisation de la Poste. La Poste doit assurer le service universel et peut fournir des prestations en rapport avec celui-ci.<\/p>\r\n<p>Dans ce contexte, le Tribunal administratif f\u00e9d\u00e9ral a d\u00e9velopp\u00e9 la jurisprudence existante. Il maintient qu'il n'est en principe pas possible d'obtenir la qualit\u00e9 de partie au moyen d'une d\u00e9nonciation relevant du droit de la surveillance.<\/p>\r\n<p>Si, comme en l'esp\u00e8ce, des entreprises priv\u00e9es font valoir de mani\u00e8re fond\u00e9e qu'une entreprise publique ne dispose pas d'une base l\u00e9gale suffisante pour une certaine activit\u00e9 \u00e9conomique priv\u00e9e ou qu'elle ne se comporte pas de mani\u00e8re neutre du point de vue de la concurrence, il existe une proximit\u00e9 relationnelle particuli\u00e8re. Dans un tel cas, on ne peut pas nier par principe la qualit\u00e9 de partie des entreprises priv\u00e9es.<\/p>\r\n<p>La PostCom, \u00e0 laquelle le tribunal a renvoy\u00e9 l'affaire, est comp\u00e9tente pour examiner si la Poste respecte les limites constitutionnelles pour ses activit\u00e9s \u00e9conomiques priv\u00e9es.<\/p>\r\n<p>Elle doit d\u00e9cider d\u00e9finitivement de la qualit\u00e9 de partie des plaignantes et ensuite, le cas \u00e9ch\u00e9ant, examiner si la Poste dispose d'une autorisation suffisante d'acc\u00e8s au march\u00e9 pour son activit\u00e9 \u00e9conomique priv\u00e9e.<\/p>\r\n<h3><strong>Mesures exig\u00e9es<\/strong><\/h3>\r\n<p>La Poste Suisse a acquis Klara Business AG, aujourd'hui ePost Services AG, en octobre 2020. Il s'agissait d'une entreprise priv\u00e9e qui d\u00e9veloppe et distribue des logiciels pour les domaines de la comptabilit\u00e9 et de la gestion des clients et des commandes.<\/p>\r\n<p>En juillet 2021, l'acquisition de Livesystems, active dans le domaine de la publicit\u00e9 ext\u00e9rieure num\u00e9rique, a eu lieu. Les deux entreprises sont aujourd'hui g\u00e9r\u00e9es comme des soci\u00e9t\u00e9s ind\u00e9pendantes du groupe La Poste.<\/p>\r\n<p>Avec les deux soci\u00e9t\u00e9s du groupe ePost Services et Livesystems, la Poste est active en dehors du service universel. Elle est donc en concurrence directe avec Abacus Research et Goldbach Neo OOH, qui proposent des prestations identiques ou similaires.<\/p>\r\n<p>Ces entreprises ont d\u00e9pos\u00e9 des plaintes de surveillance s\u00e9par\u00e9es aupr\u00e8s de la Commission f\u00e9d\u00e9rale de la poste (PostCom) et de l'Office f\u00e9d\u00e9ral de la communication (OFCOM). Devant les deux autorit\u00e9s, elles ont fait valoir que l'activit\u00e9 \u00e9conomique priv\u00e9e de la Poste n'\u00e9tait pas autoris\u00e9e. Pour cette raison, le rachat des deux entreprises devait \u00eatre annul\u00e9 ou des mesures devaient \u00eatre prises pour \u00e9viter des distorsions de concurrence.<\/p>\r\n<p>La PostCom et l'OFCOM ne sont pas entr\u00e9s en mati\u00e8re sur les deux recours en mati\u00e8re de surveillance. Ils ont motiv\u00e9 leur d\u00e9cision par le fait que les deux entreprises n'avaient pas la qualit\u00e9 de partie en ce qui concerne l'activit\u00e9 \u00e9conomique priv\u00e9e de la Poste. Les deux concurrentes ont fait recours contre ces d\u00e9cisions aupr\u00e8s du Tribunal administratif f\u00e9d\u00e9ral.<\/p>\r\n<p>Ces jugements ne sont pas encore d\u00e9finitifs et peuvent faire l'objet d'un recours devant le Tribunal f\u00e9d\u00e9ral. <em>(SDA)<\/em><\/p>","protected":false},"excerpt":{"rendered":"<p>La Commission f\u00e9d\u00e9rale de la poste PostCom a eu tort de ne pas entrer en mati\u00e8re sur les recours en mati\u00e8re de surveillance des entreprises Abacus Research et Goldbach Neo OOH. C'est ce qu'a d\u00e9cid\u00e9 le Tribunal administratif f\u00e9d\u00e9ral. Les entreprises consid\u00e8rent que l'activit\u00e9 \u00e9conomique priv\u00e9e de la Poste Suisse en dehors du service universel par ses soci\u00e9t\u00e9s du groupe ePost Services et Livesystems est illicite.<\/p>","protected":false},"author":8,"featured_media":0,"comment_status":"closed","ping_status":"closed","sticky":false,"template":"","format":"standard","meta":{"_acf_changed":false,"_yoast_wpseo_focuskw":"Privatwirtschaftliche T\u00e4tigkeit der Post","_yoast_wpseo_metadesc":"Das Bundesverwaltungsgericht kl\u00e4rt rechtliche Fragen zur privatwirtschaftlichen T\u00e4tigkeit der Post. Urteile sind noch nicht rechtskr\u00e4ftig.","articlekey":"","footnotes":""},"categories":[29],"tags":[4245,4345,2986,4758,4159,1938,4802,4839,3472,424,522],"class_list":["post-33908","post","type-post","status-publish","format-standard","hentry","category-marketing","tag-abacus","tag-business","tag-die-post","tag-gericht","tag-goldbach-neo","tag-post","tag-postcom","tag-privatwirtschaft","tag-rechtsfaelle-und-beschwerden","tag-schweiz","tag-wettbewerb"],"acf":[],"yoast_head":"<!-- This site is optimized with the Yoast SEO plugin v27.5 - https:\/\/yoast.com\/product\/yoast-seo-wordpress\/ -->\n<title>PostCom muss privatwirtschaftliche T\u00e4tigkeit der Post untersuchen - Organisator<\/title>\n<meta name=\"description\" content=\"Das Bundesverwaltungsgericht kl\u00e4rt rechtliche Fragen zur privatwirtschaftlichen T\u00e4tigkeit der Post. Urteile sind noch nicht rechtskr\u00e4ftig.\" \/>\n<meta name=\"robots\" content=\"index, follow, max-snippet:-1, max-image-preview:large, max-video-preview:-1\" \/>\n<link rel=\"canonical\" href=\"https:\/\/www.organisator.ch\/fr\/marketing\/2024-11-22\/postcom-muss-privatwirtschaftliche-taetigkeit-der-post-untersuchen\/\" \/>\n<meta property=\"og:locale\" content=\"fr_FR\" \/>\n<meta property=\"og:type\" content=\"article\" \/>\n<meta property=\"og:title\" content=\"PostCom muss privatwirtschaftliche T\u00e4tigkeit der Post untersuchen - Organisator\" \/>\n<meta property=\"og:description\" content=\"Das Bundesverwaltungsgericht kl\u00e4rt rechtliche Fragen zur privatwirtschaftlichen T\u00e4tigkeit der Post. Urteile sind noch nicht rechtskr\u00e4ftig.\" \/>\n<meta property=\"og:url\" content=\"https:\/\/www.organisator.ch\/fr\/marketing\/2024-11-22\/postcom-muss-privatwirtschaftliche-taetigkeit-der-post-untersuchen\/\" \/>\n<meta property=\"og:site_name\" content=\"Organisator\" \/>\n<meta property=\"article:publisher\" content=\"https:\/\/www.facebook.com\/OrganisatorFachmagazin\" \/>\n<meta property=\"article:published_time\" content=\"2024-11-22T11:28:43+00:00\" \/>\n<meta property=\"article:modified_time\" content=\"2024-11-25T15:15:47+00:00\" \/>\n<meta name=\"author\" content=\"galledia\" \/>\n<meta name=\"twitter:card\" content=\"summary_large_image\" \/>\n<meta name=\"twitter:creator\" content=\"@admin\" \/>\n<script type=\"application\/ld+json\" class=\"yoast-schema-graph\">{\"@context\":\"https:\\\/\\\/schema.org\",\"@graph\":[{\"@type\":\"Article\",\"@id\":\"https:\\\/\\\/www.organisator.ch\\\/marketing\\\/2024-11-22\\\/postcom-muss-privatwirtschaftliche-taetigkeit-der-post-untersuchen\\\/#article\",\"isPartOf\":{\"@id\":\"https:\\\/\\\/www.organisator.ch\\\/marketing\\\/2024-11-22\\\/postcom-muss-privatwirtschaftliche-taetigkeit-der-post-untersuchen\\\/\"},\"author\":{\"name\":\"galledia\",\"@id\":\"https:\\\/\\\/www.organisator.ch\\\/#\\\/schema\\\/person\\\/4e51799071cd2dd1232ac003643ef5f0\"},\"headline\":\"PostCom muss privatwirtschaftliche T\u00e4tigkeit der Post untersuchen\",\"datePublished\":\"2024-11-22T11:28:43+00:00\",\"dateModified\":\"2024-11-25T15:15:47+00:00\",\"mainEntityOfPage\":{\"@id\":\"https:\\\/\\\/www.organisator.ch\\\/marketing\\\/2024-11-22\\\/postcom-muss-privatwirtschaftliche-taetigkeit-der-post-untersuchen\\\/\"},\"wordCount\":542,\"publisher\":{\"@id\":\"https:\\\/\\\/www.organisator.ch\\\/#organization\"},\"image\":{\"@id\":\"https:\\\/\\\/www.organisator.ch\\\/marketing\\\/2024-11-22\\\/postcom-muss-privatwirtschaftliche-taetigkeit-der-post-untersuchen\\\/#primaryimage\"},\"thumbnailUrl\":\"https:\\\/\\\/www.markt-kom.com\\\/wp-content\\\/uploads\\\/2024\\\/11\\\/Post-Symbolbild-Keystone-.jpg\",\"keywords\":[\"Abacus\",\"Business\",\"Die Post\",\"Gericht\",\"Goldbach Neo\",\"Post\",\"Postcom\",\"Privatwirtschaft\",\"Rechtsf\u00e4lle und Beschwerden\",\"Schweiz\",\"Wettbewerb\"],\"articleSection\":[\"MARKETING\"],\"inLanguage\":\"fr-FR\"},{\"@type\":\"WebPage\",\"@id\":\"https:\\\/\\\/www.organisator.ch\\\/marketing\\\/2024-11-22\\\/postcom-muss-privatwirtschaftliche-taetigkeit-der-post-untersuchen\\\/\",\"url\":\"https:\\\/\\\/www.organisator.ch\\\/marketing\\\/2024-11-22\\\/postcom-muss-privatwirtschaftliche-taetigkeit-der-post-untersuchen\\\/\",\"name\":\"PostCom muss privatwirtschaftliche T\u00e4tigkeit der Post untersuchen - Organisator\",\"isPartOf\":{\"@id\":\"https:\\\/\\\/www.organisator.ch\\\/#website\"},\"primaryImageOfPage\":{\"@id\":\"https:\\\/\\\/www.organisator.ch\\\/marketing\\\/2024-11-22\\\/postcom-muss-privatwirtschaftliche-taetigkeit-der-post-untersuchen\\\/#primaryimage\"},\"image\":{\"@id\":\"https:\\\/\\\/www.organisator.ch\\\/marketing\\\/2024-11-22\\\/postcom-muss-privatwirtschaftliche-taetigkeit-der-post-untersuchen\\\/#primaryimage\"},\"thumbnailUrl\":\"https:\\\/\\\/www.markt-kom.com\\\/wp-content\\\/uploads\\\/2024\\\/11\\\/Post-Symbolbild-Keystone-.jpg\",\"datePublished\":\"2024-11-22T11:28:43+00:00\",\"dateModified\":\"2024-11-25T15:15:47+00:00\",\"description\":\"Das Bundesverwaltungsgericht kl\u00e4rt rechtliche Fragen zur privatwirtschaftlichen T\u00e4tigkeit der Post. Urteile sind noch nicht rechtskr\u00e4ftig.\",\"breadcrumb\":{\"@id\":\"https:\\\/\\\/www.organisator.ch\\\/marketing\\\/2024-11-22\\\/postcom-muss-privatwirtschaftliche-taetigkeit-der-post-untersuchen\\\/#breadcrumb\"},\"inLanguage\":\"fr-FR\",\"potentialAction\":[{\"@type\":\"ReadAction\",\"target\":[\"https:\\\/\\\/www.organisator.ch\\\/marketing\\\/2024-11-22\\\/postcom-muss-privatwirtschaftliche-taetigkeit-der-post-untersuchen\\\/\"]}]},{\"@type\":\"ImageObject\",\"inLanguage\":\"fr-FR\",\"@id\":\"https:\\\/\\\/www.organisator.ch\\\/marketing\\\/2024-11-22\\\/postcom-muss-privatwirtschaftliche-taetigkeit-der-post-untersuchen\\\/#primaryimage\",\"url\":\"https:\\\/\\\/www.markt-kom.com\\\/wp-content\\\/uploads\\\/2024\\\/11\\\/Post-Symbolbild-Keystone-.jpg\",\"contentUrl\":\"https:\\\/\\\/www.markt-kom.com\\\/wp-content\\\/uploads\\\/2024\\\/11\\\/Post-Symbolbild-Keystone-.jpg\"},{\"@type\":\"BreadcrumbList\",\"@id\":\"https:\\\/\\\/www.organisator.ch\\\/marketing\\\/2024-11-22\\\/postcom-muss-privatwirtschaftliche-taetigkeit-der-post-untersuchen\\\/#breadcrumb\",\"itemListElement\":[{\"@type\":\"ListItem\",\"position\":1,\"name\":\"Home\",\"item\":\"https:\\\/\\\/www.organisator.ch\\\/\"},{\"@type\":\"ListItem\",\"position\":2,\"name\":\"PostCom muss privatwirtschaftliche T\u00e4tigkeit der Post untersuchen\"}]},{\"@type\":\"WebSite\",\"@id\":\"https:\\\/\\\/www.organisator.ch\\\/#website\",\"url\":\"https:\\\/\\\/www.organisator.ch\\\/\",\"name\":\"Organisator\",\"description\":\"Kompetent. Praxisnah. Der ORGANISATOR bereitet in 10 Ausgaben pro Jahr die wesentlichen Themen f\u00fcr F\u00fchrungskr\u00e4fte von KMU auf.\",\"publisher\":{\"@id\":\"https:\\\/\\\/www.organisator.ch\\\/#organization\"},\"potentialAction\":[{\"@type\":\"SearchAction\",\"target\":{\"@type\":\"EntryPoint\",\"urlTemplate\":\"https:\\\/\\\/www.organisator.ch\\\/?s={search_term_string}\"},\"query-input\":{\"@type\":\"PropertyValueSpecification\",\"valueRequired\":true,\"valueName\":\"search_term_string\"}}],\"inLanguage\":\"fr-FR\"},{\"@type\":\"Organization\",\"@id\":\"https:\\\/\\\/www.organisator.ch\\\/#organization\",\"name\":\"Organisator\",\"url\":\"https:\\\/\\\/www.organisator.ch\\\/\",\"logo\":{\"@type\":\"ImageObject\",\"inLanguage\":\"fr-FR\",\"@id\":\"https:\\\/\\\/www.organisator.ch\\\/#\\\/schema\\\/logo\\\/image\\\/\",\"url\":\"https:\\\/\\\/www.organisator.ch\\\/wp-content\\\/uploads\\\/2022\\\/01\\\/Logo_Organisator_Website.png\",\"contentUrl\":\"https:\\\/\\\/www.organisator.ch\\\/wp-content\\\/uploads\\\/2022\\\/01\\\/Logo_Organisator_Website.png\",\"width\":800,\"height\":77,\"caption\":\"Organisator\"},\"image\":{\"@id\":\"https:\\\/\\\/www.organisator.ch\\\/#\\\/schema\\\/logo\\\/image\\\/\"},\"sameAs\":[\"https:\\\/\\\/www.facebook.com\\\/OrganisatorFachmagazin\",\"https:\\\/\\\/www.linkedin.com\\\/showcase\\\/organisator-das-magazin-fr-kmu\",\"https:\\\/\\\/www.xing.com\\\/news\\\/pages\\\/organisator-ch-695\",\"https:\\\/\\\/www.youtube.com\\\/channel\\\/UCGP2Sq0iWaZwT3BdIAQFYpw\"]},{\"@type\":\"Person\",\"@id\":\"https:\\\/\\\/www.organisator.ch\\\/#\\\/schema\\\/person\\\/4e51799071cd2dd1232ac003643ef5f0\",\"name\":\"galledia\",\"image\":{\"@type\":\"ImageObject\",\"inLanguage\":\"fr-FR\",\"@id\":\"https:\\\/\\\/secure.gravatar.com\\\/avatar\\\/78a7f90c01fc2bfc875782a0d4922b37cde2cf184ce347b91316d23cd7f69a36?s=96&d=mm&r=g\",\"url\":\"https:\\\/\\\/secure.gravatar.com\\\/avatar\\\/78a7f90c01fc2bfc875782a0d4922b37cde2cf184ce347b91316d23cd7f69a36?s=96&d=mm&r=g\",\"contentUrl\":\"https:\\\/\\\/secure.gravatar.com\\\/avatar\\\/78a7f90c01fc2bfc875782a0d4922b37cde2cf184ce347b91316d23cd7f69a36?s=96&d=mm&r=g\",\"caption\":\"galledia\"},\"sameAs\":[\"https:\\\/\\\/x.com\\\/admin\"],\"url\":\"https:\\\/\\\/www.organisator.ch\\\/fr\\\/author\\\/galledia\\\/\"}]}<\/script>\n<!-- \/ Yoast SEO plugin. -->","yoast_head_json":{"title":"La PostCom doit enqu\u00eater sur les activit\u00e9s priv\u00e9es de la Poste - Organisateur","description":"Le Tribunal administratif f\u00e9d\u00e9ral clarifie des questions juridiques concernant l'activit\u00e9 \u00e9conomique priv\u00e9e de la Poste. Les jugements ne sont pas encore d\u00e9finitifs.","robots":{"index":"index","follow":"follow","max-snippet":"max-snippet:-1","max-image-preview":"max-image-preview:large","max-video-preview":"max-video-preview:-1"},"canonical":"https:\/\/www.organisator.ch\/fr\/marketing\/2024-11-22\/postcom-muss-privatwirtschaftliche-taetigkeit-der-post-untersuchen\/","og_locale":"fr_FR","og_type":"article","og_title":"PostCom muss privatwirtschaftliche T\u00e4tigkeit der Post untersuchen - Organisator","og_description":"Das Bundesverwaltungsgericht kl\u00e4rt rechtliche Fragen zur privatwirtschaftlichen T\u00e4tigkeit der Post. Urteile sind noch nicht rechtskr\u00e4ftig.","og_url":"https:\/\/www.organisator.ch\/fr\/marketing\/2024-11-22\/postcom-muss-privatwirtschaftliche-taetigkeit-der-post-untersuchen\/","og_site_name":"Organisator","article_publisher":"https:\/\/www.facebook.com\/OrganisatorFachmagazin","article_published_time":"2024-11-22T11:28:43+00:00","article_modified_time":"2024-11-25T15:15:47+00:00","author":"galledia","twitter_card":"summary_large_image","twitter_creator":"@admin","schema":{"@context":"https:\/\/schema.org","@graph":[{"@type":"Article","@id":"https:\/\/www.organisator.ch\/marketing\/2024-11-22\/postcom-muss-privatwirtschaftliche-taetigkeit-der-post-untersuchen\/#article","isPartOf":{"@id":"https:\/\/www.organisator.ch\/marketing\/2024-11-22\/postcom-muss-privatwirtschaftliche-taetigkeit-der-post-untersuchen\/"},"author":{"name":"galledia","@id":"https:\/\/www.organisator.ch\/#\/schema\/person\/4e51799071cd2dd1232ac003643ef5f0"},"headline":"PostCom muss privatwirtschaftliche T\u00e4tigkeit der Post untersuchen","datePublished":"2024-11-22T11:28:43+00:00","dateModified":"2024-11-25T15:15:47+00:00","mainEntityOfPage":{"@id":"https:\/\/www.organisator.ch\/marketing\/2024-11-22\/postcom-muss-privatwirtschaftliche-taetigkeit-der-post-untersuchen\/"},"wordCount":542,"publisher":{"@id":"https:\/\/www.organisator.ch\/#organization"},"image":{"@id":"https:\/\/www.organisator.ch\/marketing\/2024-11-22\/postcom-muss-privatwirtschaftliche-taetigkeit-der-post-untersuchen\/#primaryimage"},"thumbnailUrl":"https:\/\/www.markt-kom.com\/wp-content\/uploads\/2024\/11\/Post-Symbolbild-Keystone-.jpg","keywords":["Abacus","Business","Die Post","Gericht","Goldbach Neo","Post","Postcom","Privatwirtschaft","Rechtsf\u00e4lle und Beschwerden","Schweiz","Wettbewerb"],"articleSection":["MARKETING"],"inLanguage":"fr-FR"},{"@type":"WebPage","@id":"https:\/\/www.organisator.ch\/marketing\/2024-11-22\/postcom-muss-privatwirtschaftliche-taetigkeit-der-post-untersuchen\/","url":"https:\/\/www.organisator.ch\/marketing\/2024-11-22\/postcom-muss-privatwirtschaftliche-taetigkeit-der-post-untersuchen\/","name":"La PostCom doit enqu\u00eater sur les activit\u00e9s priv\u00e9es de la Poste - Organisateur","isPartOf":{"@id":"https:\/\/www.organisator.ch\/#website"},"primaryImageOfPage":{"@id":"https:\/\/www.organisator.ch\/marketing\/2024-11-22\/postcom-muss-privatwirtschaftliche-taetigkeit-der-post-untersuchen\/#primaryimage"},"image":{"@id":"https:\/\/www.organisator.ch\/marketing\/2024-11-22\/postcom-muss-privatwirtschaftliche-taetigkeit-der-post-untersuchen\/#primaryimage"},"thumbnailUrl":"https:\/\/www.markt-kom.com\/wp-content\/uploads\/2024\/11\/Post-Symbolbild-Keystone-.jpg","datePublished":"2024-11-22T11:28:43+00:00","dateModified":"2024-11-25T15:15:47+00:00","description":"Le Tribunal administratif f\u00e9d\u00e9ral clarifie des questions juridiques concernant l'activit\u00e9 \u00e9conomique priv\u00e9e de la Poste. Les jugements ne sont pas encore d\u00e9finitifs.","breadcrumb":{"@id":"https:\/\/www.organisator.ch\/marketing\/2024-11-22\/postcom-muss-privatwirtschaftliche-taetigkeit-der-post-untersuchen\/#breadcrumb"},"inLanguage":"fr-FR","potentialAction":[{"@type":"ReadAction","target":["https:\/\/www.organisator.ch\/marketing\/2024-11-22\/postcom-muss-privatwirtschaftliche-taetigkeit-der-post-untersuchen\/"]}]},{"@type":"ImageObject","inLanguage":"fr-FR","@id":"https:\/\/www.organisator.ch\/marketing\/2024-11-22\/postcom-muss-privatwirtschaftliche-taetigkeit-der-post-untersuchen\/#primaryimage","url":"https:\/\/www.markt-kom.com\/wp-content\/uploads\/2024\/11\/Post-Symbolbild-Keystone-.jpg","contentUrl":"https:\/\/www.markt-kom.com\/wp-content\/uploads\/2024\/11\/Post-Symbolbild-Keystone-.jpg"},{"@type":"BreadcrumbList","@id":"https:\/\/www.organisator.ch\/marketing\/2024-11-22\/postcom-muss-privatwirtschaftliche-taetigkeit-der-post-untersuchen\/#breadcrumb","itemListElement":[{"@type":"ListItem","position":1,"name":"Home","item":"https:\/\/www.organisator.ch\/"},{"@type":"ListItem","position":2,"name":"PostCom muss privatwirtschaftliche T\u00e4tigkeit der Post untersuchen"}]},{"@type":"WebSite","@id":"https:\/\/www.organisator.ch\/#website","url":"https:\/\/www.organisator.ch\/","name":"Organisateur","description":"Comp\u00e9tence et comp\u00e9tence. Proches de la pratique. L'ORGANISATEUR pr\u00e9pare 10 num\u00e9ros par an sur les th\u00e8mes essentiels pour les dirigeants de PME.","publisher":{"@id":"https:\/\/www.organisator.ch\/#organization"},"potentialAction":[{"@type":"SearchAction","target":{"@type":"EntryPoint","urlTemplate":"https:\/\/www.organisator.ch\/?s={search_term_string}"},"query-input":{"@type":"PropertyValueSpecification","valueRequired":true,"valueName":"search_term_string"}}],"inLanguage":"fr-FR"},{"@type":"Organization","@id":"https:\/\/www.organisator.ch\/#organization","name":"Organisateur","url":"https:\/\/www.organisator.ch\/","logo":{"@type":"ImageObject","inLanguage":"fr-FR","@id":"https:\/\/www.organisator.ch\/#\/schema\/logo\/image\/","url":"https:\/\/www.organisator.ch\/wp-content\/uploads\/2022\/01\/Logo_Organisator_Website.png","contentUrl":"https:\/\/www.organisator.ch\/wp-content\/uploads\/2022\/01\/Logo_Organisator_Website.png","width":800,"height":77,"caption":"Organisator"},"image":{"@id":"https:\/\/www.organisator.ch\/#\/schema\/logo\/image\/"},"sameAs":["https:\/\/www.facebook.com\/OrganisatorFachmagazin","https:\/\/www.linkedin.com\/showcase\/organisator-das-magazin-fr-kmu","https:\/\/www.xing.com\/news\/pages\/organisator-ch-695","https:\/\/www.youtube.com\/channel\/UCGP2Sq0iWaZwT3BdIAQFYpw"]},{"@type":"Person","@id":"https:\/\/www.organisator.ch\/#\/schema\/person\/4e51799071cd2dd1232ac003643ef5f0","name":"galledia","image":{"@type":"ImageObject","inLanguage":"fr-FR","@id":"https:\/\/secure.gravatar.com\/avatar\/78a7f90c01fc2bfc875782a0d4922b37cde2cf184ce347b91316d23cd7f69a36?s=96&d=mm&r=g","url":"https:\/\/secure.gravatar.com\/avatar\/78a7f90c01fc2bfc875782a0d4922b37cde2cf184ce347b91316d23cd7f69a36?s=96&d=mm&r=g","contentUrl":"https:\/\/secure.gravatar.com\/avatar\/78a7f90c01fc2bfc875782a0d4922b37cde2cf184ce347b91316d23cd7f69a36?s=96&d=mm&r=g","caption":"galledia"},"sameAs":["https:\/\/x.com\/admin"],"url":"https:\/\/www.organisator.ch\/fr\/author\/galledia\/"}]}},"_links":{"self":[{"href":"https:\/\/www.organisator.ch\/fr\/wp-json\/wp\/v2\/posts\/33908","targetHints":{"allow":["GET"]}}],"collection":[{"href":"https:\/\/www.organisator.ch\/fr\/wp-json\/wp\/v2\/posts"}],"about":[{"href":"https:\/\/www.organisator.ch\/fr\/wp-json\/wp\/v2\/types\/post"}],"author":[{"embeddable":true,"href":"https:\/\/www.organisator.ch\/fr\/wp-json\/wp\/v2\/users\/8"}],"replies":[{"embeddable":true,"href":"https:\/\/www.organisator.ch\/fr\/wp-json\/wp\/v2\/comments?post=33908"}],"version-history":[{"count":3,"href":"https:\/\/www.organisator.ch\/fr\/wp-json\/wp\/v2\/posts\/33908\/revisions"}],"predecessor-version":[{"id":33966,"href":"https:\/\/www.organisator.ch\/fr\/wp-json\/wp\/v2\/posts\/33908\/revisions\/33966"}],"wp:attachment":[{"href":"https:\/\/www.organisator.ch\/fr\/wp-json\/wp\/v2\/media?parent=33908"}],"wp:term":[{"taxonomy":"category","embeddable":true,"href":"https:\/\/www.organisator.ch\/fr\/wp-json\/wp\/v2\/categories?post=33908"},{"taxonomy":"post_tag","embeddable":true,"href":"https:\/\/www.organisator.ch\/fr\/wp-json\/wp\/v2\/tags?post=33908"}],"curies":[{"name":"wp","href":"https:\/\/api.w.org\/{rel}","templated":true}]}}