{"id":33918,"date":"2024-11-20T10:03:33","date_gmt":"2024-11-20T09:03:33","guid":{"rendered":"https:\/\/www.markt-kom.com\/?p=226854"},"modified":"2024-11-25T16:11:16","modified_gmt":"2024-11-25T15:11:16","slug":"new-work-in-der-kommunikation-balance-statt-burnout","status":"publish","type":"post","link":"https:\/\/www.organisator.ch\/fr\/marketing\/2024-11-20\/new-work-in-der-kommunikation-balance-statt-burnout\/","title":{"rendered":"New Work dans la communication : l'\u00e9quilibre plut\u00f4t que le burnout"},"content":{"rendered":"<figure id=\"attachment_226855\" class=\"wp-caption aligncenter\" style=\"width: 1200px;\" aria-describedby=\"caption-attachment-226855\"><img class=\"aligncenter wp-image-226855 size-full\" src=\"https:\/\/www.markt-kom.com\/wp-content\/uploads\/2024\/11\/Balance-statt-Burnout-DE.jpg\" sizes=\"(max-width: 1200px) 100vw, 1200px\" srcset=\"https:\/\/www.markt-kom.com\/wp-content\/uploads\/2024\/11\/Balance-statt-Burnout-DE.jpg 1200w, https:\/\/www.markt-kom.com\/wp-content\/uploads\/2024\/11\/Balance-statt-Burnout-DE-600x450.jpg 600w, https:\/\/www.markt-kom.com\/wp-content\/uploads\/2024\/11\/Balance-statt-Burnout-DE-1024x768.jpg 1024w, https:\/\/www.markt-kom.com\/wp-content\/uploads\/2024\/11\/Balance-statt-Burnout-DE-768x576.jpg 768w, https:\/\/www.markt-kom.com\/wp-content\/uploads\/2024\/11\/Balance-statt-Burnout-DE-16x12.jpg 16w, https:\/\/www.markt-kom.com\/wp-content\/uploads\/2024\/11\/Balance-statt-Burnout-DE-233x175.jpg 233w, https:\/\/www.markt-kom.com\/wp-content\/uploads\/2024\/11\/Balance-statt-Burnout-DE-467x350.jpg 467w, https:\/\/www.markt-kom.com\/wp-content\/uploads\/2024\/11\/Balance-statt-Burnout-DE-1000x750.jpg 1000w\" alt=\"Travail autonome dans les RP\" width=\"1200\" height=\"900\" \/>\r\n<figcaption id=\"caption-attachment-226855\" class=\"wp-caption-text\">(Graphique : Actualit\u00e9s)<\/figcaption>\r\n<\/figure>\r\n<p>Il en ressort qu'une grande majorit\u00e9 (91%) des professionnels des RP peuvent effectuer leur travail de mani\u00e8re autonome et responsable. En outre, 78% des experts en communication peuvent organiser leur temps de travail de mani\u00e8re flexible. Le management mise lui aussi de plus en plus sur une conception moderne de la direction : 75% des cadres soutiennent activement le travail autod\u00e9termin\u00e9 et laissent plus de responsabilit\u00e9s \u00e0 leurs \u00e9quipes. Cette \u00e9volution est soutenue par des directives claires de l'entreprise sur le travail \u00e0 distance et le libre choix entre le bureau \u00e0 domicile et le bureau - c'est ce que 71 % des personnes interrog\u00e9es disent de leur entreprise.<\/p>\r\n<p>Pr\u00e8s des deux tiers (65 %) des experts en communication indiquent en outre que leur entreprise encourage une culture d'apprentissage qui favorise la formation continue et le d\u00e9veloppement personnel. Parall\u00e8lement, presque autant d'entreprises et d'agences de RP (63%) veillent \u00e0 ce que le travail et la vie priv\u00e9e soient \u00e9quilibr\u00e9s (Work-Life-Balance). La diversit\u00e9 est d\u00e9j\u00e0 encourag\u00e9e dans 62 pour cent des entreprises, selon les professionnels des RP.<\/p>\r\n<p>Pour 58 % des professionnels des relations publiques, il est d\u00e9sormais possible de travailler davantage \u00e0 domicile et la moiti\u00e9 (50 %) des personnes interrog\u00e9es affirment que les cadres dirigeants de leur entreprise d\u00e9l\u00e8guent davantage de responsabilit\u00e9s. Le travail agile est devenu la norme pour presque autant de personnes (49 %).<\/p>\r\n<p>Seule une personne sur trois (31 %) d\u00e9clare que tous les membres de l'\u00e9quipe travaillent dans la m\u00eame ville, et pr\u00e8s d'un quart (24 %) d\u00e9clare m\u00eame que son \u00e9quipe travaille enti\u00e8rement \u00e0 distance. Pour un professionnel des RP sur cinq (22%), l'entreprise encourage le travail \u00e0 distance, y compris dans les pays europ\u00e9ens.<\/p>\r\n<h3><strong>Voici ce que les communicateurs ont d\u00e9clar\u00e9<\/strong><\/h3>\r\n<ul>\r\n\t<li>Je peux faire mon travail de mani\u00e8re autonome et responsable 91 %<\/li>\r\n\t<li>Je peux organiser mon temps de travail de mani\u00e8re flexible 78 %<\/li>\r\n\t<li>Dans mon entreprise, les cadres soutiennent, encouragent et renforcent leurs \u00e9quipes \u00e0 travailler de mani\u00e8re autonome 75 %<\/li>\r\n\t<li>Dans mon entreprise, il existe des directives claires sur le travail \u00e0 distance 71%<\/li>\r\n\t<li>Je peux choisir de travailler \u00e0 domicile ou au bureau 71 %<\/li>\r\n\t<li>Mon entreprise encourage une culture d'apprentissage qui favorise la formation continue et le d\u00e9veloppement personnel 65 %<\/li>\r\n\t<li>Dans mon entreprise, on veille \u00e0 ce qu'il y ait un \u00e9quilibre entre le travail et la vie priv\u00e9e 63 %<\/li>\r\n\t<li>La diversit\u00e9 est encourag\u00e9e dans mon entreprise 62 %<\/li>\r\n\t<li>Je travaille de plus en plus \u00e0 domicile 58 %<\/li>\r\n\t<li>Dans mon entreprise, les dirigeants c\u00e8dent de plus en plus de responsabilit\u00e9s 50 %<\/li>\r\n\t<li>J'ai mon mot \u00e0 dire \/ je participe aux d\u00e9cisions de l'entreprise 50 %<\/li>\r\n\t<li>Dans mon entreprise, le travail agile est la norme 49 %<\/li>\r\n\t<li>Dans mon \u00e9quipe, tout le monde travaille dans la m\u00eame ville 31 %<\/li>\r\n\t<li>Dans mon \u00e9quipe, tout le monde travaille \u00e0 distance 24 %<\/li>\r\n\t<li>Mon entreprise encourage le travail \u00e0 distance dans un autre pays europ\u00e9en 22 %<\/li>\r\n<\/ul>\r\n<hr \/>\r\n<p><em>Pour le <a href=\"https:\/\/www.newsaktuell.de\/blog\/search\/?s=PR-Trendmonitor\">Moniteur de tendances PR<\/a> News Aktuell et Per ont men\u00e9 une enqu\u00eate en ligne en f\u00e9vrier 2024 aupr\u00e8s de 327 professionnels de la communication issus d'entreprises, d'organisations et d'agences de RP en Suisse et en Allemagne.<\/em><\/p>","protected":false},"excerpt":{"rendered":"<p>Pour la majorit\u00e9 des communicateurs et communicatrices, le travail autonome et responsable, les horaires de travail flexibles ainsi que les cadres qui soutiennent le travail autonome font de plus en plus partie de la r\u00e9alit\u00e9 des \"nouveaux mondes du travail\", comme le montre le moniteur de tendances RP de News Aktuell et Per.<\/p>","protected":false},"author":8,"featured_media":0,"comment_status":"closed","ping_status":"closed","sticky":false,"template":"","format":"standard","meta":{"_acf_changed":false,"_yoast_wpseo_focuskw":"Selbstbestimmtes Arbeiten in der PR","_yoast_wpseo_metadesc":"91 % der PR-Profis arbeiten eigenverantwortlich und flexibel. F\u00fchrungskr\u00e4fte f\u00f6rdern selbstbestimmtes Arbeiten, laut PR-Trendmonitor.","articlekey":"","footnotes":""},"categories":[29],"tags":[1193,225,4343,363,4497,4823,4671,4825,4824,459],"class_list":["post-33918","post","type-post","status-publish","format-standard","hentry","category-marketing","tag-flexibilitaet","tag-fuehrung","tag-markom","tag-new-work","tag-news-aktuell","tag-pr","tag-pr-trendmonitor","tag-remotework","tag-selbstbestimmung","tag-studie"],"acf":[],"yoast_head":"<!-- This site is optimized with the Yoast SEO plugin v27.4 - https:\/\/yoast.com\/product\/yoast-seo-wordpress\/ -->\n<title>New Work in der Kommunikation: Balance statt Burnout - Organisator<\/title>\n<meta name=\"description\" content=\"91 % der PR-Profis arbeiten eigenverantwortlich und flexibel. F\u00fchrungskr\u00e4fte f\u00f6rdern selbstbestimmtes Arbeiten, laut PR-Trendmonitor.\" \/>\n<meta name=\"robots\" content=\"index, follow, max-snippet:-1, max-image-preview:large, max-video-preview:-1\" \/>\n<link rel=\"canonical\" href=\"https:\/\/www.organisator.ch\/fr\/marketing\/2024-11-20\/new-work-in-der-kommunikation-balance-statt-burnout\/\" \/>\n<meta property=\"og:locale\" content=\"fr_FR\" \/>\n<meta property=\"og:type\" content=\"article\" \/>\n<meta property=\"og:title\" content=\"New Work in der Kommunikation: Balance statt Burnout - Organisator\" \/>\n<meta property=\"og:description\" content=\"91 % der PR-Profis arbeiten eigenverantwortlich und flexibel. F\u00fchrungskr\u00e4fte f\u00f6rdern selbstbestimmtes Arbeiten, laut PR-Trendmonitor.\" \/>\n<meta property=\"og:url\" content=\"https:\/\/www.organisator.ch\/fr\/marketing\/2024-11-20\/new-work-in-der-kommunikation-balance-statt-burnout\/\" \/>\n<meta property=\"og:site_name\" content=\"Organisator\" \/>\n<meta property=\"article:publisher\" content=\"https:\/\/www.facebook.com\/OrganisatorFachmagazin\" \/>\n<meta property=\"article:published_time\" content=\"2024-11-20T09:03:33+00:00\" \/>\n<meta property=\"article:modified_time\" content=\"2024-11-25T15:11:16+00:00\" \/>\n<meta name=\"author\" content=\"galledia\" \/>\n<meta name=\"twitter:card\" content=\"summary_large_image\" \/>\n<meta name=\"twitter:creator\" content=\"@admin\" \/>\n<script type=\"application\/ld+json\" class=\"yoast-schema-graph\">{\"@context\":\"https:\\\/\\\/schema.org\",\"@graph\":[{\"@type\":\"Article\",\"@id\":\"https:\\\/\\\/www.organisator.ch\\\/marketing\\\/2024-11-20\\\/new-work-in-der-kommunikation-balance-statt-burnout\\\/#article\",\"isPartOf\":{\"@id\":\"https:\\\/\\\/www.organisator.ch\\\/marketing\\\/2024-11-20\\\/new-work-in-der-kommunikation-balance-statt-burnout\\\/\"},\"author\":{\"name\":\"galledia\",\"@id\":\"https:\\\/\\\/www.organisator.ch\\\/#\\\/schema\\\/person\\\/4e51799071cd2dd1232ac003643ef5f0\"},\"headline\":\"New Work in der Kommunikation: Balance statt Burnout\",\"datePublished\":\"2024-11-20T09:03:33+00:00\",\"dateModified\":\"2024-11-25T15:11:16+00:00\",\"mainEntityOfPage\":{\"@id\":\"https:\\\/\\\/www.organisator.ch\\\/marketing\\\/2024-11-20\\\/new-work-in-der-kommunikation-balance-statt-burnout\\\/\"},\"wordCount\":440,\"publisher\":{\"@id\":\"https:\\\/\\\/www.organisator.ch\\\/#organization\"},\"image\":{\"@id\":\"https:\\\/\\\/www.organisator.ch\\\/marketing\\\/2024-11-20\\\/new-work-in-der-kommunikation-balance-statt-burnout\\\/#primaryimage\"},\"thumbnailUrl\":\"https:\\\/\\\/www.markt-kom.com\\\/wp-content\\\/uploads\\\/2024\\\/11\\\/Balance-statt-Burnout-DE.jpg\",\"keywords\":[\"Flexibilit\u00e4t\",\"F\u00fchrung\",\"MarKom\",\"New Work\",\"News Aktuell\",\"PR\",\"PR-Trendmonitor\",\"RemoteWork\",\"Selbstbestimmung\",\"Studie\"],\"articleSection\":[\"MARKETING\"],\"inLanguage\":\"fr-FR\"},{\"@type\":\"WebPage\",\"@id\":\"https:\\\/\\\/www.organisator.ch\\\/marketing\\\/2024-11-20\\\/new-work-in-der-kommunikation-balance-statt-burnout\\\/\",\"url\":\"https:\\\/\\\/www.organisator.ch\\\/marketing\\\/2024-11-20\\\/new-work-in-der-kommunikation-balance-statt-burnout\\\/\",\"name\":\"New Work in der Kommunikation: Balance statt Burnout - Organisator\",\"isPartOf\":{\"@id\":\"https:\\\/\\\/www.organisator.ch\\\/#website\"},\"primaryImageOfPage\":{\"@id\":\"https:\\\/\\\/www.organisator.ch\\\/marketing\\\/2024-11-20\\\/new-work-in-der-kommunikation-balance-statt-burnout\\\/#primaryimage\"},\"image\":{\"@id\":\"https:\\\/\\\/www.organisator.ch\\\/marketing\\\/2024-11-20\\\/new-work-in-der-kommunikation-balance-statt-burnout\\\/#primaryimage\"},\"thumbnailUrl\":\"https:\\\/\\\/www.markt-kom.com\\\/wp-content\\\/uploads\\\/2024\\\/11\\\/Balance-statt-Burnout-DE.jpg\",\"datePublished\":\"2024-11-20T09:03:33+00:00\",\"dateModified\":\"2024-11-25T15:11:16+00:00\",\"description\":\"91 % der PR-Profis arbeiten eigenverantwortlich und flexibel. F\u00fchrungskr\u00e4fte f\u00f6rdern selbstbestimmtes Arbeiten, laut PR-Trendmonitor.\",\"breadcrumb\":{\"@id\":\"https:\\\/\\\/www.organisator.ch\\\/marketing\\\/2024-11-20\\\/new-work-in-der-kommunikation-balance-statt-burnout\\\/#breadcrumb\"},\"inLanguage\":\"fr-FR\",\"potentialAction\":[{\"@type\":\"ReadAction\",\"target\":[\"https:\\\/\\\/www.organisator.ch\\\/marketing\\\/2024-11-20\\\/new-work-in-der-kommunikation-balance-statt-burnout\\\/\"]}]},{\"@type\":\"ImageObject\",\"inLanguage\":\"fr-FR\",\"@id\":\"https:\\\/\\\/www.organisator.ch\\\/marketing\\\/2024-11-20\\\/new-work-in-der-kommunikation-balance-statt-burnout\\\/#primaryimage\",\"url\":\"https:\\\/\\\/www.markt-kom.com\\\/wp-content\\\/uploads\\\/2024\\\/11\\\/Balance-statt-Burnout-DE.jpg\",\"contentUrl\":\"https:\\\/\\\/www.markt-kom.com\\\/wp-content\\\/uploads\\\/2024\\\/11\\\/Balance-statt-Burnout-DE.jpg\"},{\"@type\":\"BreadcrumbList\",\"@id\":\"https:\\\/\\\/www.organisator.ch\\\/marketing\\\/2024-11-20\\\/new-work-in-der-kommunikation-balance-statt-burnout\\\/#breadcrumb\",\"itemListElement\":[{\"@type\":\"ListItem\",\"position\":1,\"name\":\"Home\",\"item\":\"https:\\\/\\\/www.organisator.ch\\\/\"},{\"@type\":\"ListItem\",\"position\":2,\"name\":\"New Work in der Kommunikation: Balance statt Burnout\"}]},{\"@type\":\"WebSite\",\"@id\":\"https:\\\/\\\/www.organisator.ch\\\/#website\",\"url\":\"https:\\\/\\\/www.organisator.ch\\\/\",\"name\":\"Organisator\",\"description\":\"Kompetent. Praxisnah. Der ORGANISATOR bereitet in 10 Ausgaben pro Jahr die wesentlichen Themen f\u00fcr F\u00fchrungskr\u00e4fte von KMU auf.\",\"publisher\":{\"@id\":\"https:\\\/\\\/www.organisator.ch\\\/#organization\"},\"potentialAction\":[{\"@type\":\"SearchAction\",\"target\":{\"@type\":\"EntryPoint\",\"urlTemplate\":\"https:\\\/\\\/www.organisator.ch\\\/?s={search_term_string}\"},\"query-input\":{\"@type\":\"PropertyValueSpecification\",\"valueRequired\":true,\"valueName\":\"search_term_string\"}}],\"inLanguage\":\"fr-FR\"},{\"@type\":\"Organization\",\"@id\":\"https:\\\/\\\/www.organisator.ch\\\/#organization\",\"name\":\"Organisator\",\"url\":\"https:\\\/\\\/www.organisator.ch\\\/\",\"logo\":{\"@type\":\"ImageObject\",\"inLanguage\":\"fr-FR\",\"@id\":\"https:\\\/\\\/www.organisator.ch\\\/#\\\/schema\\\/logo\\\/image\\\/\",\"url\":\"https:\\\/\\\/www.organisator.ch\\\/wp-content\\\/uploads\\\/2022\\\/01\\\/Logo_Organisator_Website.png\",\"contentUrl\":\"https:\\\/\\\/www.organisator.ch\\\/wp-content\\\/uploads\\\/2022\\\/01\\\/Logo_Organisator_Website.png\",\"width\":800,\"height\":77,\"caption\":\"Organisator\"},\"image\":{\"@id\":\"https:\\\/\\\/www.organisator.ch\\\/#\\\/schema\\\/logo\\\/image\\\/\"},\"sameAs\":[\"https:\\\/\\\/www.facebook.com\\\/OrganisatorFachmagazin\",\"https:\\\/\\\/www.linkedin.com\\\/showcase\\\/organisator-das-magazin-fr-kmu\",\"https:\\\/\\\/www.xing.com\\\/news\\\/pages\\\/organisator-ch-695\",\"https:\\\/\\\/www.youtube.com\\\/channel\\\/UCGP2Sq0iWaZwT3BdIAQFYpw\"]},{\"@type\":\"Person\",\"@id\":\"https:\\\/\\\/www.organisator.ch\\\/#\\\/schema\\\/person\\\/4e51799071cd2dd1232ac003643ef5f0\",\"name\":\"galledia\",\"image\":{\"@type\":\"ImageObject\",\"inLanguage\":\"fr-FR\",\"@id\":\"https:\\\/\\\/secure.gravatar.com\\\/avatar\\\/78a7f90c01fc2bfc875782a0d4922b37cde2cf184ce347b91316d23cd7f69a36?s=96&d=mm&r=g\",\"url\":\"https:\\\/\\\/secure.gravatar.com\\\/avatar\\\/78a7f90c01fc2bfc875782a0d4922b37cde2cf184ce347b91316d23cd7f69a36?s=96&d=mm&r=g\",\"contentUrl\":\"https:\\\/\\\/secure.gravatar.com\\\/avatar\\\/78a7f90c01fc2bfc875782a0d4922b37cde2cf184ce347b91316d23cd7f69a36?s=96&d=mm&r=g\",\"caption\":\"galledia\"},\"sameAs\":[\"https:\\\/\\\/x.com\\\/admin\"],\"url\":\"https:\\\/\\\/www.organisator.ch\\\/fr\\\/author\\\/galledia\\\/\"}]}<\/script>\n<!-- \/ Yoast SEO plugin. -->","yoast_head_json":{"title":"New Work dans la communication : l'\u00e9quilibre plut\u00f4t que le burnout - Organisateur","description":"91 % des professionnels des RP travaillent de mani\u00e8re autonome et flexible. Les dirigeants encouragent le travail autonome, selon le Trendmonitor RP.","robots":{"index":"index","follow":"follow","max-snippet":"max-snippet:-1","max-image-preview":"max-image-preview:large","max-video-preview":"max-video-preview:-1"},"canonical":"https:\/\/www.organisator.ch\/fr\/marketing\/2024-11-20\/new-work-in-der-kommunikation-balance-statt-burnout\/","og_locale":"fr_FR","og_type":"article","og_title":"New Work in der Kommunikation: Balance statt Burnout - Organisator","og_description":"91 % der PR-Profis arbeiten eigenverantwortlich und flexibel. F\u00fchrungskr\u00e4fte f\u00f6rdern selbstbestimmtes Arbeiten, laut PR-Trendmonitor.","og_url":"https:\/\/www.organisator.ch\/fr\/marketing\/2024-11-20\/new-work-in-der-kommunikation-balance-statt-burnout\/","og_site_name":"Organisator","article_publisher":"https:\/\/www.facebook.com\/OrganisatorFachmagazin","article_published_time":"2024-11-20T09:03:33+00:00","article_modified_time":"2024-11-25T15:11:16+00:00","author":"galledia","twitter_card":"summary_large_image","twitter_creator":"@admin","schema":{"@context":"https:\/\/schema.org","@graph":[{"@type":"Article","@id":"https:\/\/www.organisator.ch\/marketing\/2024-11-20\/new-work-in-der-kommunikation-balance-statt-burnout\/#article","isPartOf":{"@id":"https:\/\/www.organisator.ch\/marketing\/2024-11-20\/new-work-in-der-kommunikation-balance-statt-burnout\/"},"author":{"name":"galledia","@id":"https:\/\/www.organisator.ch\/#\/schema\/person\/4e51799071cd2dd1232ac003643ef5f0"},"headline":"New Work in der Kommunikation: Balance statt Burnout","datePublished":"2024-11-20T09:03:33+00:00","dateModified":"2024-11-25T15:11:16+00:00","mainEntityOfPage":{"@id":"https:\/\/www.organisator.ch\/marketing\/2024-11-20\/new-work-in-der-kommunikation-balance-statt-burnout\/"},"wordCount":440,"publisher":{"@id":"https:\/\/www.organisator.ch\/#organization"},"image":{"@id":"https:\/\/www.organisator.ch\/marketing\/2024-11-20\/new-work-in-der-kommunikation-balance-statt-burnout\/#primaryimage"},"thumbnailUrl":"https:\/\/www.markt-kom.com\/wp-content\/uploads\/2024\/11\/Balance-statt-Burnout-DE.jpg","keywords":["Flexibilit\u00e4t","F\u00fchrung","MarKom","New Work","News Aktuell","PR","PR-Trendmonitor","RemoteWork","Selbstbestimmung","Studie"],"articleSection":["MARKETING"],"inLanguage":"fr-FR"},{"@type":"WebPage","@id":"https:\/\/www.organisator.ch\/marketing\/2024-11-20\/new-work-in-der-kommunikation-balance-statt-burnout\/","url":"https:\/\/www.organisator.ch\/marketing\/2024-11-20\/new-work-in-der-kommunikation-balance-statt-burnout\/","name":"New Work dans la communication : l'\u00e9quilibre plut\u00f4t que le burnout - Organisateur","isPartOf":{"@id":"https:\/\/www.organisator.ch\/#website"},"primaryImageOfPage":{"@id":"https:\/\/www.organisator.ch\/marketing\/2024-11-20\/new-work-in-der-kommunikation-balance-statt-burnout\/#primaryimage"},"image":{"@id":"https:\/\/www.organisator.ch\/marketing\/2024-11-20\/new-work-in-der-kommunikation-balance-statt-burnout\/#primaryimage"},"thumbnailUrl":"https:\/\/www.markt-kom.com\/wp-content\/uploads\/2024\/11\/Balance-statt-Burnout-DE.jpg","datePublished":"2024-11-20T09:03:33+00:00","dateModified":"2024-11-25T15:11:16+00:00","description":"91 % des professionnels des RP travaillent de mani\u00e8re autonome et flexible. Les dirigeants encouragent le travail autonome, selon le Trendmonitor RP.","breadcrumb":{"@id":"https:\/\/www.organisator.ch\/marketing\/2024-11-20\/new-work-in-der-kommunikation-balance-statt-burnout\/#breadcrumb"},"inLanguage":"fr-FR","potentialAction":[{"@type":"ReadAction","target":["https:\/\/www.organisator.ch\/marketing\/2024-11-20\/new-work-in-der-kommunikation-balance-statt-burnout\/"]}]},{"@type":"ImageObject","inLanguage":"fr-FR","@id":"https:\/\/www.organisator.ch\/marketing\/2024-11-20\/new-work-in-der-kommunikation-balance-statt-burnout\/#primaryimage","url":"https:\/\/www.markt-kom.com\/wp-content\/uploads\/2024\/11\/Balance-statt-Burnout-DE.jpg","contentUrl":"https:\/\/www.markt-kom.com\/wp-content\/uploads\/2024\/11\/Balance-statt-Burnout-DE.jpg"},{"@type":"BreadcrumbList","@id":"https:\/\/www.organisator.ch\/marketing\/2024-11-20\/new-work-in-der-kommunikation-balance-statt-burnout\/#breadcrumb","itemListElement":[{"@type":"ListItem","position":1,"name":"Home","item":"https:\/\/www.organisator.ch\/"},{"@type":"ListItem","position":2,"name":"New Work in der Kommunikation: Balance statt Burnout"}]},{"@type":"WebSite","@id":"https:\/\/www.organisator.ch\/#website","url":"https:\/\/www.organisator.ch\/","name":"Organisateur","description":"Comp\u00e9tence et comp\u00e9tence. Proches de la pratique. L'ORGANISATEUR pr\u00e9pare 10 num\u00e9ros par an sur les th\u00e8mes essentiels pour les dirigeants de PME.","publisher":{"@id":"https:\/\/www.organisator.ch\/#organization"},"potentialAction":[{"@type":"SearchAction","target":{"@type":"EntryPoint","urlTemplate":"https:\/\/www.organisator.ch\/?s={search_term_string}"},"query-input":{"@type":"PropertyValueSpecification","valueRequired":true,"valueName":"search_term_string"}}],"inLanguage":"fr-FR"},{"@type":"Organization","@id":"https:\/\/www.organisator.ch\/#organization","name":"Organisateur","url":"https:\/\/www.organisator.ch\/","logo":{"@type":"ImageObject","inLanguage":"fr-FR","@id":"https:\/\/www.organisator.ch\/#\/schema\/logo\/image\/","url":"https:\/\/www.organisator.ch\/wp-content\/uploads\/2022\/01\/Logo_Organisator_Website.png","contentUrl":"https:\/\/www.organisator.ch\/wp-content\/uploads\/2022\/01\/Logo_Organisator_Website.png","width":800,"height":77,"caption":"Organisator"},"image":{"@id":"https:\/\/www.organisator.ch\/#\/schema\/logo\/image\/"},"sameAs":["https:\/\/www.facebook.com\/OrganisatorFachmagazin","https:\/\/www.linkedin.com\/showcase\/organisator-das-magazin-fr-kmu","https:\/\/www.xing.com\/news\/pages\/organisator-ch-695","https:\/\/www.youtube.com\/channel\/UCGP2Sq0iWaZwT3BdIAQFYpw"]},{"@type":"Person","@id":"https:\/\/www.organisator.ch\/#\/schema\/person\/4e51799071cd2dd1232ac003643ef5f0","name":"galledia","image":{"@type":"ImageObject","inLanguage":"fr-FR","@id":"https:\/\/secure.gravatar.com\/avatar\/78a7f90c01fc2bfc875782a0d4922b37cde2cf184ce347b91316d23cd7f69a36?s=96&d=mm&r=g","url":"https:\/\/secure.gravatar.com\/avatar\/78a7f90c01fc2bfc875782a0d4922b37cde2cf184ce347b91316d23cd7f69a36?s=96&d=mm&r=g","contentUrl":"https:\/\/secure.gravatar.com\/avatar\/78a7f90c01fc2bfc875782a0d4922b37cde2cf184ce347b91316d23cd7f69a36?s=96&d=mm&r=g","caption":"galledia"},"sameAs":["https:\/\/x.com\/admin"],"url":"https:\/\/www.organisator.ch\/fr\/author\/galledia\/"}]}},"_links":{"self":[{"href":"https:\/\/www.organisator.ch\/fr\/wp-json\/wp\/v2\/posts\/33918","targetHints":{"allow":["GET"]}}],"collection":[{"href":"https:\/\/www.organisator.ch\/fr\/wp-json\/wp\/v2\/posts"}],"about":[{"href":"https:\/\/www.organisator.ch\/fr\/wp-json\/wp\/v2\/types\/post"}],"author":[{"embeddable":true,"href":"https:\/\/www.organisator.ch\/fr\/wp-json\/wp\/v2\/users\/8"}],"replies":[{"embeddable":true,"href":"https:\/\/www.organisator.ch\/fr\/wp-json\/wp\/v2\/comments?post=33918"}],"version-history":[{"count":3,"href":"https:\/\/www.organisator.ch\/fr\/wp-json\/wp\/v2\/posts\/33918\/revisions"}],"predecessor-version":[{"id":33956,"href":"https:\/\/www.organisator.ch\/fr\/wp-json\/wp\/v2\/posts\/33918\/revisions\/33956"}],"wp:attachment":[{"href":"https:\/\/www.organisator.ch\/fr\/wp-json\/wp\/v2\/media?parent=33918"}],"wp:term":[{"taxonomy":"category","embeddable":true,"href":"https:\/\/www.organisator.ch\/fr\/wp-json\/wp\/v2\/categories?post=33918"},{"taxonomy":"post_tag","embeddable":true,"href":"https:\/\/www.organisator.ch\/fr\/wp-json\/wp\/v2\/tags?post=33918"}],"curies":[{"name":"wp","href":"https:\/\/api.w.org\/{rel}","templated":true}]}}