{"id":33926,"date":"2024-11-19T09:19:24","date_gmt":"2024-11-19T08:19:24","guid":{"rendered":"https:\/\/www.markt-kom.com\/?p=226799"},"modified":"2024-11-25T16:07:27","modified_gmt":"2024-11-25T15:07:27","slug":"schroten-und-nagra-stossen-oeffentliche-debatte-zum-tiefenlager-an","status":"publish","type":"post","link":"https:\/\/www.organisator.ch\/fr\/marketing\/2024-11-19\/schroten-und-nagra-stossen-oeffentliche-debatte-zum-tiefenlager-an\/","title":{"rendered":"Schroten et la Nagra lancent un d\u00e9bat public sur le d\u00e9p\u00f4t en profondeur"},"content":{"rendered":"<p><img class=\"alignnone wp-image-226800 size-full\" src=\"https:\/\/www.markt-kom.com\/wp-content\/uploads\/2024\/11\/Nagra_Addendum_Covers.jpg\" sizes=\"(max-width: 1200px) 100vw, 1200px\" srcset=\"https:\/\/www.markt-kom.com\/wp-content\/uploads\/2024\/11\/Nagra_Addendum_Covers.jpg 1200w, https:\/\/www.markt-kom.com\/wp-content\/uploads\/2024\/11\/Nagra_Addendum_Covers-600x450.jpg 600w, https:\/\/www.markt-kom.com\/wp-content\/uploads\/2024\/11\/Nagra_Addendum_Covers-1024x768.jpg 1024w, https:\/\/www.markt-kom.com\/wp-content\/uploads\/2024\/11\/Nagra_Addendum_Covers-768x576.jpg 768w, https:\/\/www.markt-kom.com\/wp-content\/uploads\/2024\/11\/Nagra_Addendum_Covers-16x12.jpg 16w, https:\/\/www.markt-kom.com\/wp-content\/uploads\/2024\/11\/Nagra_Addendum_Covers-233x175.jpg 233w, https:\/\/www.markt-kom.com\/wp-content\/uploads\/2024\/11\/Nagra_Addendum_Covers-467x350.jpg 467w, https:\/\/www.markt-kom.com\/wp-content\/uploads\/2024\/11\/Nagra_Addendum_Covers-1000x750.jpg 1000w\" alt=\"D\u00e9p\u00f4t en profondeur suisse au nord du L\u00e4gern\" width=\"1200\" height=\"900\" \/><\/p>\r\n<p>Mardi, la Soci\u00e9t\u00e9 coop\u00e9rative nationale pour le stockage des d\u00e9chets radioactifs (Nagra) d\u00e9posera aupr\u00e8s de la Conf\u00e9d\u00e9ration la demande d'autorisation g\u00e9n\u00e9rale pour le d\u00e9p\u00f4t en couches profondes en Suisse. Le projet de construction entre ainsi dans une nouvelle phase et, apr\u00e8s 50 ans de recherche, le d\u00e9bat public commence : le peuple doit finalement d\u00e9cider si le d\u00e9p\u00f4t en profondeur doit \u00eatre construit sur le site du nord de la L\u00e4gern.<\/p>\r\n<p><img class=\"alignnone wp-image-226802 size-full\" src=\"https:\/\/www.markt-kom.com\/wp-content\/uploads\/2024\/11\/Nagra_Addendum_digitaleAssets.jpg\" sizes=\"(max-width: 1200px) 100vw, 1200px\" srcset=\"https:\/\/www.markt-kom.com\/wp-content\/uploads\/2024\/11\/Nagra_Addendum_digitaleAssets.jpg 1200w, https:\/\/www.markt-kom.com\/wp-content\/uploads\/2024\/11\/Nagra_Addendum_digitaleAssets-600x450.jpg 600w, https:\/\/www.markt-kom.com\/wp-content\/uploads\/2024\/11\/Nagra_Addendum_digitaleAssets-1024x768.jpg 1024w, https:\/\/www.markt-kom.com\/wp-content\/uploads\/2024\/11\/Nagra_Addendum_digitaleAssets-768x576.jpg 768w, https:\/\/www.markt-kom.com\/wp-content\/uploads\/2024\/11\/Nagra_Addendum_digitaleAssets-16x12.jpg 16w, https:\/\/www.markt-kom.com\/wp-content\/uploads\/2024\/11\/Nagra_Addendum_digitaleAssets-233x175.jpg 233w, https:\/\/www.markt-kom.com\/wp-content\/uploads\/2024\/11\/Nagra_Addendum_digitaleAssets-467x350.jpg 467w, https:\/\/www.markt-kom.com\/wp-content\/uploads\/2024\/11\/Nagra_Addendum_digitaleAssets-1000x750.jpg 1000w\" alt=\"D\u00e9p\u00f4t en profondeur suisse au nord du L\u00e4gern\" width=\"1200\" height=\"900\" \/><\/p>\r\n<p>C'est pourquoi l'\u00e9dition de cette ann\u00e9e du magazine du si\u00e8cle n'est pas seulement publi\u00e9e sous forme de magazine imprim\u00e9, mais aussi sous forme de s\u00e9rie de podcasts avec dix personnalit\u00e9s du monde de la politique, de la science et de la culture qui donnent leur point de vue sur le projet de d\u00e9p\u00f4t en profondeur lors d'un entretien avec l'animateur Hannes Hug.<\/p>\r\n<p><img class=\"alignnone wp-image-226801 size-full\" src=\"https:\/\/www.markt-kom.com\/wp-content\/uploads\/2024\/11\/Nagra_Podcast_Leuthard.jpg\" sizes=\"(max-width: 1200px) 100vw, 1200px\" srcset=\"https:\/\/www.markt-kom.com\/wp-content\/uploads\/2024\/11\/Nagra_Podcast_Leuthard.jpg 1200w, https:\/\/www.markt-kom.com\/wp-content\/uploads\/2024\/11\/Nagra_Podcast_Leuthard-600x450.jpg 600w, https:\/\/www.markt-kom.com\/wp-content\/uploads\/2024\/11\/Nagra_Podcast_Leuthard-1024x768.jpg 1024w, https:\/\/www.markt-kom.com\/wp-content\/uploads\/2024\/11\/Nagra_Podcast_Leuthard-768x576.jpg 768w, https:\/\/www.markt-kom.com\/wp-content\/uploads\/2024\/11\/Nagra_Podcast_Leuthard-16x12.jpg 16w, https:\/\/www.markt-kom.com\/wp-content\/uploads\/2024\/11\/Nagra_Podcast_Leuthard-233x175.jpg 233w, https:\/\/www.markt-kom.com\/wp-content\/uploads\/2024\/11\/Nagra_Podcast_Leuthard-467x350.jpg 467w, https:\/\/www.markt-kom.com\/wp-content\/uploads\/2024\/11\/Nagra_Podcast_Leuthard-1000x750.jpg 1000w\" alt=\"D\u00e9p\u00f4t en profondeur suisse au nord du L\u00e4gern\" width=\"1200\" height=\"900\" \/><\/p>\r\n<p>Ces mesures compl\u00e8tent les faits et chiffres de la demande d'autorisation g\u00e9n\u00e9rale en y ajoutant le facteur humain - \"le plus important de tous les facteurs\", selon les termes utilis\u00e9s. La parole est donn\u00e9e \u00e0 des personnes issues de la population et \u00e0 des personnalit\u00e9s qui, de par leur activit\u00e9 professionnelle, ont \u00e9t\u00e9 ou seront confront\u00e9es \u00e0 des r\u00e9flexions sur le d\u00e9p\u00f4t en profondeur - entre autres l'ancienne conseill\u00e8re f\u00e9d\u00e9rale Doris Leuthard, l'\u00e9thicien Dominic Roser, l'auteur de best-sellers Thomas Meyer ou la futurologue Jeannie Schneider. \"Les grands absents de ce d\u00e9bat sont les g\u00e9n\u00e9rations futures\", d\u00e9clare par exemple Dominic Roser. Le conseiller d'enseignement et de recherche de l'Universit\u00e9 de Fribourg et plaide pour que leurs int\u00e9r\u00eats soient davantage pris en compte.<\/p>\r\n<p><iframe title=\"500m+ Le podcast du si\u00e8cle - Le documentaire 2024\" src=\"https:\/\/www.youtube.com\/embed\/yozjC_kx-vQ?feature=oembed\" width=\"768\" height=\"432\" frameborder=\"0\" allowfullscreen=\"allowfullscreen\"><\/iframe><\/p>\r\n<p>\"Pour nous, le d\u00e9p\u00f4t de la demande d'autorisation g\u00e9n\u00e9rale est une \u00e9tape qui fera date\", explique Matthias Braun, CEO de la Nagra. \"Il faut maintenant non seulement que les autorit\u00e9s examinent la demande, mais aussi qu'un d\u00e9bat aussi large que possible ait lieu. En effet, c'est finalement le peuple qui d\u00e9cidera du d\u00e9p\u00f4t en profondeur au nord des L\u00e4gern. Avec le podcast et le magazine, nous voulons lancer le d\u00e9bat et d\u00e9terminer quelles visions, quels espoirs et quelles craintes la population suisse associe au projet de d\u00e9p\u00f4t en profondeur\".<\/p>\r\n<p><iframe title=\"500m+ Jahrhundertpodcast Shot bande-annonce g\u00e9n\u00e9rale\" src=\"https:\/\/www.youtube.com\/embed\/LPLbY-tlmIE?feature=oembed\" width=\"768\" height=\"432\" frameborder=\"0\" allowfullscreen=\"allowfullscreen\"><\/iframe><\/p>\r\n<p>Le contenu, con\u00e7u en collaboration avec l'agence zurichoise Schroten et r\u00e9alis\u00e9 par une \u00e9quipe de sp\u00e9cialistes, doit alimenter la r\u00e9flexion sur plusieurs canaux au cours des prochains mois. Pour ce faire, outre le magazine imprim\u00e9, le Hub <a href=\"https:\/\/jahrhundertmagazin.swiss\/500m-podcast-perspektiven-tiefenlager\/\">Magazine du si\u00e8cle.swiss<\/a> et les podcasts disponibles sur tous les portails courants, un film documentaire et une bande-annonce cin\u00e9matographique ont \u00e9galement \u00e9t\u00e9 r\u00e9alis\u00e9s. Cette derni\u00e8re sera diffus\u00e9e dans les cin\u00e9mas suisses \u00e0 partir de fin novembre.<\/p>\r\n<p><iframe title=\"500m+ Le podcast du si\u00e8cle Short Docu Meyer\" src=\"https:\/\/www.youtube.com\/embed\/3ob0ZJO-aXE?feature=oembed\" width=\"768\" height=\"432\" frameborder=\"0\" allowfullscreen=\"allowfullscreen\"><\/iframe><\/p>\r\n<hr \/>\r\n<p><strong>Responsable chez Nagra : <\/strong>Patrick Studer (responsable de la communication), Oliver Hinze (responsable de la communication). <strong>Responsable pour le concassage : <\/strong>Adrian Schr\u00e4der (responsabilit\u00e9 g\u00e9n\u00e9rale &amp; concept), Adrian Huwyler (concept et d\u00e9veloppement), Aline Herzog (direction de projet), Hannes Hug (animation &amp; r\u00e9daction), David Fehr, Mich\u00e8le Roten, Sebastian Sele, Florian Leu (r\u00e9daction &amp; production), Hubertus Design (mise en page &amp; direction artistique), Rea Gutzwiller (relecture), B\u00e1lint Dobozi, M\u00e1rton Dobozi (son &amp; musique). <strong>Photos :<\/strong> Maurice Haas. <strong>Film :<\/strong> Mattogrosso Films, Benjamin Weiss (directeur), Marc Bachmann (DOP), Annika Fausch (montage). <strong>Web :<\/strong> Cubera Solutions, Natalia Gerasimenko, Michael Fretz. <strong>M\u00e9dias :<\/strong> Speed U Up Suisse, Dama Halter ; Capture Media, Sandro Albin, Nicole Ruckstuhl.<\/p>","protected":false},"excerpt":{"rendered":"<p>La Nagra veut lancer un d\u00e9bat sur le stockage en profondeur. Notamment avec le magazine du si\u00e8cle et dix podcasts approfondis, pr\u00e9sentant des points de vue tr\u00e8s diff\u00e9rents. Schroten est responsable de la mise en \u0153uvre.<\/p>","protected":false},"author":8,"featured_media":0,"comment_status":"closed","ping_status":"closed","sticky":false,"template":"","format":"standard","meta":{"_acf_changed":false,"_yoast_wpseo_focuskw":"Schweizer Tiefenlager N\u00f6rdlich L\u00e4gern","_yoast_wpseo_metadesc":"Nagra reicht das Gesuch f\u00fcr das Tiefenlager N\u00f6rdlich L\u00e4gern ein. Die \u00f6ffentliche Debatte beginnt, das Volk entscheidet.","articlekey":"","footnotes":""},"categories":[29],"tags":[4817,4818,4343,4806,386,4807,424,4816],"class_list":["post-33926","post","type-post","status-publish","format-standard","hentry","category-marketing","tag-debatte","tag-genehmigung","tag-markom","tag-nagra","tag-politik","tag-schroten","tag-schweiz","tag-tiefenlager"],"acf":[],"yoast_head":"<!-- This site is optimized with the Yoast SEO plugin v27.4 - https:\/\/yoast.com\/product\/yoast-seo-wordpress\/ -->\n<title>Schroten und Nagra stossen \u00f6ffentliche Debatte zum Tiefenlager an - Organisator<\/title>\n<meta name=\"description\" content=\"Nagra reicht das Gesuch f\u00fcr das Tiefenlager N\u00f6rdlich L\u00e4gern ein. Die \u00f6ffentliche Debatte beginnt, das Volk entscheidet.\" \/>\n<meta name=\"robots\" content=\"index, follow, max-snippet:-1, max-image-preview:large, max-video-preview:-1\" \/>\n<link rel=\"canonical\" href=\"https:\/\/www.organisator.ch\/fr\/marketing\/2024-11-19\/schroten-und-nagra-stossen-oeffentliche-debatte-zum-tiefenlager-an\/\" \/>\n<meta property=\"og:locale\" content=\"fr_FR\" \/>\n<meta property=\"og:type\" content=\"article\" \/>\n<meta property=\"og:title\" content=\"Schroten und Nagra stossen \u00f6ffentliche Debatte zum Tiefenlager an - Organisator\" \/>\n<meta property=\"og:description\" content=\"Nagra reicht das Gesuch f\u00fcr das Tiefenlager N\u00f6rdlich L\u00e4gern ein. Die \u00f6ffentliche Debatte beginnt, das Volk entscheidet.\" \/>\n<meta property=\"og:url\" content=\"https:\/\/www.organisator.ch\/fr\/marketing\/2024-11-19\/schroten-und-nagra-stossen-oeffentliche-debatte-zum-tiefenlager-an\/\" \/>\n<meta property=\"og:site_name\" content=\"Organisator\" \/>\n<meta property=\"article:publisher\" content=\"https:\/\/www.facebook.com\/OrganisatorFachmagazin\" \/>\n<meta property=\"article:published_time\" content=\"2024-11-19T08:19:24+00:00\" \/>\n<meta property=\"article:modified_time\" content=\"2024-11-25T15:07:27+00:00\" \/>\n<meta name=\"author\" content=\"galledia\" \/>\n<meta name=\"twitter:card\" content=\"summary_large_image\" \/>\n<meta name=\"twitter:creator\" content=\"@admin\" \/>\n<script type=\"application\/ld+json\" class=\"yoast-schema-graph\">{\"@context\":\"https:\\\/\\\/schema.org\",\"@graph\":[{\"@type\":\"Article\",\"@id\":\"https:\\\/\\\/www.organisator.ch\\\/marketing\\\/2024-11-19\\\/schroten-und-nagra-stossen-oeffentliche-debatte-zum-tiefenlager-an\\\/#article\",\"isPartOf\":{\"@id\":\"https:\\\/\\\/www.organisator.ch\\\/marketing\\\/2024-11-19\\\/schroten-und-nagra-stossen-oeffentliche-debatte-zum-tiefenlager-an\\\/\"},\"author\":{\"name\":\"galledia\",\"@id\":\"https:\\\/\\\/www.organisator.ch\\\/#\\\/schema\\\/person\\\/4e51799071cd2dd1232ac003643ef5f0\"},\"headline\":\"Schroten und Nagra stossen \u00f6ffentliche Debatte zum Tiefenlager an\",\"datePublished\":\"2024-11-19T08:19:24+00:00\",\"dateModified\":\"2024-11-25T15:07:27+00:00\",\"mainEntityOfPage\":{\"@id\":\"https:\\\/\\\/www.organisator.ch\\\/marketing\\\/2024-11-19\\\/schroten-und-nagra-stossen-oeffentliche-debatte-zum-tiefenlager-an\\\/\"},\"wordCount\":453,\"publisher\":{\"@id\":\"https:\\\/\\\/www.organisator.ch\\\/#organization\"},\"image\":{\"@id\":\"https:\\\/\\\/www.organisator.ch\\\/marketing\\\/2024-11-19\\\/schroten-und-nagra-stossen-oeffentliche-debatte-zum-tiefenlager-an\\\/#primaryimage\"},\"thumbnailUrl\":\"https:\\\/\\\/www.markt-kom.com\\\/wp-content\\\/uploads\\\/2024\\\/11\\\/Nagra_Addendum_Covers.jpg\",\"keywords\":[\"Debatte\",\"Genehmigung\",\"MarKom\",\"Nagra\",\"Politik\",\"Schroten\",\"Schweiz\",\"Tiefenlager\"],\"articleSection\":[\"MARKETING\"],\"inLanguage\":\"fr-FR\"},{\"@type\":\"WebPage\",\"@id\":\"https:\\\/\\\/www.organisator.ch\\\/marketing\\\/2024-11-19\\\/schroten-und-nagra-stossen-oeffentliche-debatte-zum-tiefenlager-an\\\/\",\"url\":\"https:\\\/\\\/www.organisator.ch\\\/marketing\\\/2024-11-19\\\/schroten-und-nagra-stossen-oeffentliche-debatte-zum-tiefenlager-an\\\/\",\"name\":\"Schroten und Nagra stossen \u00f6ffentliche Debatte zum Tiefenlager an - Organisator\",\"isPartOf\":{\"@id\":\"https:\\\/\\\/www.organisator.ch\\\/#website\"},\"primaryImageOfPage\":{\"@id\":\"https:\\\/\\\/www.organisator.ch\\\/marketing\\\/2024-11-19\\\/schroten-und-nagra-stossen-oeffentliche-debatte-zum-tiefenlager-an\\\/#primaryimage\"},\"image\":{\"@id\":\"https:\\\/\\\/www.organisator.ch\\\/marketing\\\/2024-11-19\\\/schroten-und-nagra-stossen-oeffentliche-debatte-zum-tiefenlager-an\\\/#primaryimage\"},\"thumbnailUrl\":\"https:\\\/\\\/www.markt-kom.com\\\/wp-content\\\/uploads\\\/2024\\\/11\\\/Nagra_Addendum_Covers.jpg\",\"datePublished\":\"2024-11-19T08:19:24+00:00\",\"dateModified\":\"2024-11-25T15:07:27+00:00\",\"description\":\"Nagra reicht das Gesuch f\u00fcr das Tiefenlager N\u00f6rdlich L\u00e4gern ein. Die \u00f6ffentliche Debatte beginnt, das Volk entscheidet.\",\"breadcrumb\":{\"@id\":\"https:\\\/\\\/www.organisator.ch\\\/marketing\\\/2024-11-19\\\/schroten-und-nagra-stossen-oeffentliche-debatte-zum-tiefenlager-an\\\/#breadcrumb\"},\"inLanguage\":\"fr-FR\",\"potentialAction\":[{\"@type\":\"ReadAction\",\"target\":[\"https:\\\/\\\/www.organisator.ch\\\/marketing\\\/2024-11-19\\\/schroten-und-nagra-stossen-oeffentliche-debatte-zum-tiefenlager-an\\\/\"]}]},{\"@type\":\"ImageObject\",\"inLanguage\":\"fr-FR\",\"@id\":\"https:\\\/\\\/www.organisator.ch\\\/marketing\\\/2024-11-19\\\/schroten-und-nagra-stossen-oeffentliche-debatte-zum-tiefenlager-an\\\/#primaryimage\",\"url\":\"https:\\\/\\\/www.markt-kom.com\\\/wp-content\\\/uploads\\\/2024\\\/11\\\/Nagra_Addendum_Covers.jpg\",\"contentUrl\":\"https:\\\/\\\/www.markt-kom.com\\\/wp-content\\\/uploads\\\/2024\\\/11\\\/Nagra_Addendum_Covers.jpg\"},{\"@type\":\"BreadcrumbList\",\"@id\":\"https:\\\/\\\/www.organisator.ch\\\/marketing\\\/2024-11-19\\\/schroten-und-nagra-stossen-oeffentliche-debatte-zum-tiefenlager-an\\\/#breadcrumb\",\"itemListElement\":[{\"@type\":\"ListItem\",\"position\":1,\"name\":\"Home\",\"item\":\"https:\\\/\\\/www.organisator.ch\\\/\"},{\"@type\":\"ListItem\",\"position\":2,\"name\":\"Schroten und Nagra stossen \u00f6ffentliche Debatte zum Tiefenlager an\"}]},{\"@type\":\"WebSite\",\"@id\":\"https:\\\/\\\/www.organisator.ch\\\/#website\",\"url\":\"https:\\\/\\\/www.organisator.ch\\\/\",\"name\":\"Organisator\",\"description\":\"Kompetent. Praxisnah. Der ORGANISATOR bereitet in 10 Ausgaben pro Jahr die wesentlichen Themen f\u00fcr F\u00fchrungskr\u00e4fte von KMU auf.\",\"publisher\":{\"@id\":\"https:\\\/\\\/www.organisator.ch\\\/#organization\"},\"potentialAction\":[{\"@type\":\"SearchAction\",\"target\":{\"@type\":\"EntryPoint\",\"urlTemplate\":\"https:\\\/\\\/www.organisator.ch\\\/?s={search_term_string}\"},\"query-input\":{\"@type\":\"PropertyValueSpecification\",\"valueRequired\":true,\"valueName\":\"search_term_string\"}}],\"inLanguage\":\"fr-FR\"},{\"@type\":\"Organization\",\"@id\":\"https:\\\/\\\/www.organisator.ch\\\/#organization\",\"name\":\"Organisator\",\"url\":\"https:\\\/\\\/www.organisator.ch\\\/\",\"logo\":{\"@type\":\"ImageObject\",\"inLanguage\":\"fr-FR\",\"@id\":\"https:\\\/\\\/www.organisator.ch\\\/#\\\/schema\\\/logo\\\/image\\\/\",\"url\":\"https:\\\/\\\/www.organisator.ch\\\/wp-content\\\/uploads\\\/2022\\\/01\\\/Logo_Organisator_Website.png\",\"contentUrl\":\"https:\\\/\\\/www.organisator.ch\\\/wp-content\\\/uploads\\\/2022\\\/01\\\/Logo_Organisator_Website.png\",\"width\":800,\"height\":77,\"caption\":\"Organisator\"},\"image\":{\"@id\":\"https:\\\/\\\/www.organisator.ch\\\/#\\\/schema\\\/logo\\\/image\\\/\"},\"sameAs\":[\"https:\\\/\\\/www.facebook.com\\\/OrganisatorFachmagazin\",\"https:\\\/\\\/www.linkedin.com\\\/showcase\\\/organisator-das-magazin-fr-kmu\",\"https:\\\/\\\/www.xing.com\\\/news\\\/pages\\\/organisator-ch-695\",\"https:\\\/\\\/www.youtube.com\\\/channel\\\/UCGP2Sq0iWaZwT3BdIAQFYpw\"]},{\"@type\":\"Person\",\"@id\":\"https:\\\/\\\/www.organisator.ch\\\/#\\\/schema\\\/person\\\/4e51799071cd2dd1232ac003643ef5f0\",\"name\":\"galledia\",\"image\":{\"@type\":\"ImageObject\",\"inLanguage\":\"fr-FR\",\"@id\":\"https:\\\/\\\/secure.gravatar.com\\\/avatar\\\/78a7f90c01fc2bfc875782a0d4922b37cde2cf184ce347b91316d23cd7f69a36?s=96&d=mm&r=g\",\"url\":\"https:\\\/\\\/secure.gravatar.com\\\/avatar\\\/78a7f90c01fc2bfc875782a0d4922b37cde2cf184ce347b91316d23cd7f69a36?s=96&d=mm&r=g\",\"contentUrl\":\"https:\\\/\\\/secure.gravatar.com\\\/avatar\\\/78a7f90c01fc2bfc875782a0d4922b37cde2cf184ce347b91316d23cd7f69a36?s=96&d=mm&r=g\",\"caption\":\"galledia\"},\"sameAs\":[\"https:\\\/\\\/x.com\\\/admin\"],\"url\":\"https:\\\/\\\/www.organisator.ch\\\/fr\\\/author\\\/galledia\\\/\"}]}<\/script>\n<!-- \/ Yoast SEO plugin. -->","yoast_head_json":{"title":"Schroten et la Nagra lancent un d\u00e9bat public sur le stockage en profondeur - Organisateur","description":"La Nagra d\u00e9pose la demande d'autorisation pour le d\u00e9p\u00f4t en profondeur au nord de la L\u00e4gern. Le d\u00e9bat public commence, le peuple d\u00e9cide.","robots":{"index":"index","follow":"follow","max-snippet":"max-snippet:-1","max-image-preview":"max-image-preview:large","max-video-preview":"max-video-preview:-1"},"canonical":"https:\/\/www.organisator.ch\/fr\/marketing\/2024-11-19\/schroten-und-nagra-stossen-oeffentliche-debatte-zum-tiefenlager-an\/","og_locale":"fr_FR","og_type":"article","og_title":"Schroten und Nagra stossen \u00f6ffentliche Debatte zum Tiefenlager an - Organisator","og_description":"Nagra reicht das Gesuch f\u00fcr das Tiefenlager N\u00f6rdlich L\u00e4gern ein. Die \u00f6ffentliche Debatte beginnt, das Volk entscheidet.","og_url":"https:\/\/www.organisator.ch\/fr\/marketing\/2024-11-19\/schroten-und-nagra-stossen-oeffentliche-debatte-zum-tiefenlager-an\/","og_site_name":"Organisator","article_publisher":"https:\/\/www.facebook.com\/OrganisatorFachmagazin","article_published_time":"2024-11-19T08:19:24+00:00","article_modified_time":"2024-11-25T15:07:27+00:00","author":"galledia","twitter_card":"summary_large_image","twitter_creator":"@admin","schema":{"@context":"https:\/\/schema.org","@graph":[{"@type":"Article","@id":"https:\/\/www.organisator.ch\/marketing\/2024-11-19\/schroten-und-nagra-stossen-oeffentliche-debatte-zum-tiefenlager-an\/#article","isPartOf":{"@id":"https:\/\/www.organisator.ch\/marketing\/2024-11-19\/schroten-und-nagra-stossen-oeffentliche-debatte-zum-tiefenlager-an\/"},"author":{"name":"galledia","@id":"https:\/\/www.organisator.ch\/#\/schema\/person\/4e51799071cd2dd1232ac003643ef5f0"},"headline":"Schroten und Nagra stossen \u00f6ffentliche Debatte zum Tiefenlager an","datePublished":"2024-11-19T08:19:24+00:00","dateModified":"2024-11-25T15:07:27+00:00","mainEntityOfPage":{"@id":"https:\/\/www.organisator.ch\/marketing\/2024-11-19\/schroten-und-nagra-stossen-oeffentliche-debatte-zum-tiefenlager-an\/"},"wordCount":453,"publisher":{"@id":"https:\/\/www.organisator.ch\/#organization"},"image":{"@id":"https:\/\/www.organisator.ch\/marketing\/2024-11-19\/schroten-und-nagra-stossen-oeffentliche-debatte-zum-tiefenlager-an\/#primaryimage"},"thumbnailUrl":"https:\/\/www.markt-kom.com\/wp-content\/uploads\/2024\/11\/Nagra_Addendum_Covers.jpg","keywords":["Debatte","Genehmigung","MarKom","Nagra","Politik","Schroten","Schweiz","Tiefenlager"],"articleSection":["MARKETING"],"inLanguage":"fr-FR"},{"@type":"WebPage","@id":"https:\/\/www.organisator.ch\/marketing\/2024-11-19\/schroten-und-nagra-stossen-oeffentliche-debatte-zum-tiefenlager-an\/","url":"https:\/\/www.organisator.ch\/marketing\/2024-11-19\/schroten-und-nagra-stossen-oeffentliche-debatte-zum-tiefenlager-an\/","name":"Schroten et la Nagra lancent un d\u00e9bat public sur le stockage en profondeur - Organisateur","isPartOf":{"@id":"https:\/\/www.organisator.ch\/#website"},"primaryImageOfPage":{"@id":"https:\/\/www.organisator.ch\/marketing\/2024-11-19\/schroten-und-nagra-stossen-oeffentliche-debatte-zum-tiefenlager-an\/#primaryimage"},"image":{"@id":"https:\/\/www.organisator.ch\/marketing\/2024-11-19\/schroten-und-nagra-stossen-oeffentliche-debatte-zum-tiefenlager-an\/#primaryimage"},"thumbnailUrl":"https:\/\/www.markt-kom.com\/wp-content\/uploads\/2024\/11\/Nagra_Addendum_Covers.jpg","datePublished":"2024-11-19T08:19:24+00:00","dateModified":"2024-11-25T15:07:27+00:00","description":"La Nagra d\u00e9pose la demande d'autorisation pour le d\u00e9p\u00f4t en profondeur au nord de la L\u00e4gern. Le d\u00e9bat public commence, le peuple d\u00e9cide.","breadcrumb":{"@id":"https:\/\/www.organisator.ch\/marketing\/2024-11-19\/schroten-und-nagra-stossen-oeffentliche-debatte-zum-tiefenlager-an\/#breadcrumb"},"inLanguage":"fr-FR","potentialAction":[{"@type":"ReadAction","target":["https:\/\/www.organisator.ch\/marketing\/2024-11-19\/schroten-und-nagra-stossen-oeffentliche-debatte-zum-tiefenlager-an\/"]}]},{"@type":"ImageObject","inLanguage":"fr-FR","@id":"https:\/\/www.organisator.ch\/marketing\/2024-11-19\/schroten-und-nagra-stossen-oeffentliche-debatte-zum-tiefenlager-an\/#primaryimage","url":"https:\/\/www.markt-kom.com\/wp-content\/uploads\/2024\/11\/Nagra_Addendum_Covers.jpg","contentUrl":"https:\/\/www.markt-kom.com\/wp-content\/uploads\/2024\/11\/Nagra_Addendum_Covers.jpg"},{"@type":"BreadcrumbList","@id":"https:\/\/www.organisator.ch\/marketing\/2024-11-19\/schroten-und-nagra-stossen-oeffentliche-debatte-zum-tiefenlager-an\/#breadcrumb","itemListElement":[{"@type":"ListItem","position":1,"name":"Home","item":"https:\/\/www.organisator.ch\/"},{"@type":"ListItem","position":2,"name":"Schroten und Nagra stossen \u00f6ffentliche Debatte zum Tiefenlager an"}]},{"@type":"WebSite","@id":"https:\/\/www.organisator.ch\/#website","url":"https:\/\/www.organisator.ch\/","name":"Organisateur","description":"Comp\u00e9tence et comp\u00e9tence. Proches de la pratique. L'ORGANISATEUR pr\u00e9pare 10 num\u00e9ros par an sur les th\u00e8mes essentiels pour les dirigeants de PME.","publisher":{"@id":"https:\/\/www.organisator.ch\/#organization"},"potentialAction":[{"@type":"SearchAction","target":{"@type":"EntryPoint","urlTemplate":"https:\/\/www.organisator.ch\/?s={search_term_string}"},"query-input":{"@type":"PropertyValueSpecification","valueRequired":true,"valueName":"search_term_string"}}],"inLanguage":"fr-FR"},{"@type":"Organization","@id":"https:\/\/www.organisator.ch\/#organization","name":"Organisateur","url":"https:\/\/www.organisator.ch\/","logo":{"@type":"ImageObject","inLanguage":"fr-FR","@id":"https:\/\/www.organisator.ch\/#\/schema\/logo\/image\/","url":"https:\/\/www.organisator.ch\/wp-content\/uploads\/2022\/01\/Logo_Organisator_Website.png","contentUrl":"https:\/\/www.organisator.ch\/wp-content\/uploads\/2022\/01\/Logo_Organisator_Website.png","width":800,"height":77,"caption":"Organisator"},"image":{"@id":"https:\/\/www.organisator.ch\/#\/schema\/logo\/image\/"},"sameAs":["https:\/\/www.facebook.com\/OrganisatorFachmagazin","https:\/\/www.linkedin.com\/showcase\/organisator-das-magazin-fr-kmu","https:\/\/www.xing.com\/news\/pages\/organisator-ch-695","https:\/\/www.youtube.com\/channel\/UCGP2Sq0iWaZwT3BdIAQFYpw"]},{"@type":"Person","@id":"https:\/\/www.organisator.ch\/#\/schema\/person\/4e51799071cd2dd1232ac003643ef5f0","name":"galledia","image":{"@type":"ImageObject","inLanguage":"fr-FR","@id":"https:\/\/secure.gravatar.com\/avatar\/78a7f90c01fc2bfc875782a0d4922b37cde2cf184ce347b91316d23cd7f69a36?s=96&d=mm&r=g","url":"https:\/\/secure.gravatar.com\/avatar\/78a7f90c01fc2bfc875782a0d4922b37cde2cf184ce347b91316d23cd7f69a36?s=96&d=mm&r=g","contentUrl":"https:\/\/secure.gravatar.com\/avatar\/78a7f90c01fc2bfc875782a0d4922b37cde2cf184ce347b91316d23cd7f69a36?s=96&d=mm&r=g","caption":"galledia"},"sameAs":["https:\/\/x.com\/admin"],"url":"https:\/\/www.organisator.ch\/fr\/author\/galledia\/"}]}},"_links":{"self":[{"href":"https:\/\/www.organisator.ch\/fr\/wp-json\/wp\/v2\/posts\/33926","targetHints":{"allow":["GET"]}}],"collection":[{"href":"https:\/\/www.organisator.ch\/fr\/wp-json\/wp\/v2\/posts"}],"about":[{"href":"https:\/\/www.organisator.ch\/fr\/wp-json\/wp\/v2\/types\/post"}],"author":[{"embeddable":true,"href":"https:\/\/www.organisator.ch\/fr\/wp-json\/wp\/v2\/users\/8"}],"replies":[{"embeddable":true,"href":"https:\/\/www.organisator.ch\/fr\/wp-json\/wp\/v2\/comments?post=33926"}],"version-history":[{"count":3,"href":"https:\/\/www.organisator.ch\/fr\/wp-json\/wp\/v2\/posts\/33926\/revisions"}],"predecessor-version":[{"id":33948,"href":"https:\/\/www.organisator.ch\/fr\/wp-json\/wp\/v2\/posts\/33926\/revisions\/33948"}],"wp:attachment":[{"href":"https:\/\/www.organisator.ch\/fr\/wp-json\/wp\/v2\/media?parent=33926"}],"wp:term":[{"taxonomy":"category","embeddable":true,"href":"https:\/\/www.organisator.ch\/fr\/wp-json\/wp\/v2\/categories?post=33926"},{"taxonomy":"post_tag","embeddable":true,"href":"https:\/\/www.organisator.ch\/fr\/wp-json\/wp\/v2\/tags?post=33926"}],"curies":[{"name":"wp","href":"https:\/\/api.w.org\/{rel}","templated":true}]}}