{"id":33973,"date":"2024-11-25T16:20:46","date_gmt":"2024-11-25T15:20:46","guid":{"rendered":"https:\/\/www.m-q.ch\/?p=20734"},"modified":"2024-11-26T10:45:39","modified_gmt":"2024-11-26T09:45:39","slug":"raffaele-de-rosa-wird-neuer-stiftungsratspraesident-von-gesundheitsfoerderung-schweiz","status":"publish","type":"post","link":"https:\/\/www.organisator.ch\/fr\/operational-excellence\/2024-11-25\/raffaele-de-rosa-wird-neuer-stiftungsratspraesident-von-gesundheitsfoerderung-schweiz\/","title":{"rendered":"Raffaele De Rosa devient le nouveau pr\u00e9sident du conseil de fondation de Promotion Sant\u00e9 Suisse"},"content":{"rendered":"<figure id=\"attachment_20736\" class=\"wp-caption alignnone\" style=\"width: 680px;\" aria-describedby=\"caption-attachment-20736\"><img class=\"wp-image-20736 size-full\" src=\"https:\/\/www.m-q.ch\/wp-content\/uploads\/2024\/11\/Gesundheitsfoerderung_Bild1_ps.jpg\" sizes=\"(max-width: 680px) 100vw, 680px\" srcset=\"https:\/\/www.m-q.ch\/wp-content\/uploads\/2024\/11\/Gesundheitsfoerderung_Bild1_ps.jpg 680w, https:\/\/www.m-q.ch\/wp-content\/uploads\/2024\/11\/Gesundheitsfoerderung_Bild1_ps-18x12.jpg 18w, https:\/\/www.m-q.ch\/wp-content\/uploads\/2024\/11\/Gesundheitsfoerderung_Bild1_ps-375x238.jpg 375w, https:\/\/www.m-q.ch\/wp-content\/uploads\/2024\/11\/Gesundheitsfoerderung_Bild1_ps-551x350.jpg 551w\" alt=\"Raffaele De Rosa Pr\u00e9sident du conseil de fondation\" width=\"680\" height=\"432\" \/>\r\n<figcaption id=\"caption-attachment-20736\" class=\"wp-caption-text\">Raffaele De Rosa prendra ses fonctions de pr\u00e9sident du conseil de fondation le 1er janvier 2025. (Image : www.gesundheitsfoerderung.ch)<\/figcaption>\r\n<\/figure>\r\n<p>Raffaele De Rosa, n\u00e9 en 1973, est un conseiller d'\u00c9tat tessinois. Depuis avril 2019, il est directeur du D\u00e9partement de la sant\u00e9 et des affaires sociales et conseiller d'\u00c9tat dans le canton du Tessin. C'est la deuxi\u00e8me fois qu'il occupe un poste au gouvernement tessinois. Gr\u00e2ce \u00e0 sa vaste formation \u00e9conomique - y compris l'obtention d'un doctorat - et \u00e0 sa longue exp\u00e9rience dans l'\u00e9conomie priv\u00e9e, tant en Suisse qu'\u00e0 l'\u00e9tranger, il apporte de vastes connaissances au conseil de fondation.<\/p>\r\n<p>Politiquement actif depuis 2000, il a \u00e9t\u00e9 maire de la commune de Riviera de 2017 \u00e0 2019, date \u00e0 laquelle il a \u00e9t\u00e9 \u00e9lu au gouvernement cantonal. Au niveau cantonal, il a \u00e9t\u00e9 membre du Grand Conseil du canton du Tessin entre 2003 et 2019. Il s'est en outre engag\u00e9 dans de nombreuses commissions, dont la Commission administrative et financi\u00e8re, qu'il a pr\u00e9sid\u00e9e de 2018 \u00e0 2019.<\/p>\r\n<p>Le conseiller d'\u00c9tat tessinois apporte une combinaison impressionnante de connaissances sp\u00e9cialis\u00e9es et d'exp\u00e9rience politique. \"Nous sommes tr\u00e8s heureux d'accueillir Raffaele De Rosa en tant que nouveau pr\u00e9sident du conseil de fondation. Gr\u00e2ce \u00e0 son exp\u00e9rience et \u00e0 son engagement, il donnera des impulsions importantes \u00e0 notre travail futur dans le domaine de la promotion de la sant\u00e9 et de la pr\u00e9vention\", a d\u00e9clar\u00e9 Thomas Mattig. Il est le directeur de Promotion Sant\u00e9 Suisse.<\/p>\r\n<h3><strong>Nouvelles priorit\u00e9s strat\u00e9giques pour Promotion Sant\u00e9 Suisse \u00e0 partir de 2025<\/strong><\/h3>\r\n<p>L'\u00e9lection de De Rosa marque \u00e9galement le d\u00e9but d'une nouvelle p\u00e9riode strat\u00e9gique pour la fondation. L'objectif de Promotion Sant\u00e9 Suisse est d'am\u00e9liorer de mani\u00e8re mesurable et \u00e0 long terme la sant\u00e9 de la population en Suisse, d'informer les gens et de leur donner les moyens d'adopter un mode de vie sain, ainsi que de renforcer les conditions sociales qui soutiennent ce processus.<\/p>\r\n<p>Sur la base d'un bilan r\u00e9jouissant du travail effectu\u00e9 jusqu'\u00e0 pr\u00e9sent, Promotion Sant\u00e9 Suisse mise sur la continuit\u00e9 pour les ann\u00e9es \u00e0 venir. Parall\u00e8lement, elle \u00e9largit ses priorit\u00e9s. Ainsi, les programmes d'action cantonaux seront compl\u00e9t\u00e9s par des projets pilotes pour adultes, r\u00e9pondant ainsi \u00e0 un besoin des cantons. Dans le domaine de la pr\u00e9vention, l'objectif est de financer durablement des projets qui ont fait leurs preuves. La gestion de la sant\u00e9 en entreprise sera adapt\u00e9e aux exigences futures, en particulier pour les PME.<\/p>\r\n<p>\"C'est pour moi une grande joie, un honneur et une motivation de pouvoir me mettre au service d'une fondation aussi importante que Promotion Sant\u00e9 Suisse. Pour moi, il est essentiel de diffuser une image positive de la sant\u00e9 et de m'engager pour la promotion du bien-\u00eatre physique, psychique et social des personnes et des communaut\u00e9s. Il est tout aussi important pour moi de soutenir les programmes et les projets de promotion de la sant\u00e9 et de pr\u00e9vention qui favorisent le d\u00e9veloppement des comp\u00e9tences individuelles, l'inclusion, l'\u00e9galit\u00e9 et la participation des personnes et des communaut\u00e9s. Pour ce faire, il convient de soutenir une approche globale et transversale avec des actions \u00e0 tous les niveaux, \u00e0 toutes les \u00e9tapes de la vie et dans tous les milieux. Il s'agit d'impliquer toutes les parties prenantes et de renforcer les nombreuses organisations et associations actives sur le terrain\", a d\u00e9clar\u00e9 Raffaele De Rosa \u00e0 propos de son \u00e9lection.<\/p>\r\n<h3><strong>Un remerciement \u00e0 Guido Graf<\/strong><\/h3>\r\n<p>Raffaele De Rosa reprend le flambeau de Guido Graf, qui a marqu\u00e9 le r\u00f4le de pr\u00e9sident du conseil de fondation pendant de nombreuses ann\u00e9es avec beaucoup d'engagement et de clairvoyance. L'ancien conseiller d'\u00c9tat du canton de Lucerne a \u00e9galement dirig\u00e9 la fondation \u00e0 travers des p\u00e9riodes difficiles comme la pand\u00e9mie de coronavirus et a donn\u00e9 de pr\u00e9cieuses impulsions. La fondation remercie chaleureusement Guido Graf pour son engagement et sa contribution marquante \u00e0 la promotion de la sant\u00e9 et \u00e0 la pr\u00e9vention en Suisse.<\/p>\r\n<p>Le premier rendez-vous \u00e0 l'agenda de Raffaele De Rosa apr\u00e8s son \u00e9lection est la conf\u00e9rence nationale de promotion de la sant\u00e9 du 30 janvier 2025 sur le th\u00e8me \"Coh\u00e9sion sociale au niveau local : renforcer la sant\u00e9 de la communaut\u00e9\".<\/p>\r\n<p><em>Source : <a href=\"http:\/\/www.gesundheitsfoerderung.ch\/\">www.gesundheitsfoerderung.ch<\/a><\/em><\/p>\n<p class=\"syndicated-attribution\">Cet article est paru initialement sur m-q.ch - <a href=\"https:\/\/www.m-q.ch\/de\/raffaele-de-rosa-neuer-stiftungsratspraesident-gesundheitsfoerderung-schweiz\/\" target=\"_blank\">https:\/\/www.m-q.ch\/de\/raffaele-de-rosa-neuer-stiftungsratspraesident-gesundheitsfoerderung-schweiz\/<\/a><\/p>","protected":false},"excerpt":{"rendered":"<p>Le vendredi 22 novembre 2024, le conseil de fondation de Promotion Sant\u00e9 Suisse a \u00e9lu Raffaele De Rosa comme nouveau pr\u00e9sident du conseil de fondation et successeur de Guido Graf. Raffaele De Rosa prendra ses fonctions le 1er janvier 2025.<\/p>","protected":false},"author":80,"featured_media":0,"comment_status":"closed","ping_status":"closed","sticky":false,"template":"","format":"standard","meta":{"_acf_changed":false,"_yoast_wpseo_focuskw":"Raffaele De Rosa","_yoast_wpseo_metadesc":"Raffaele De Rosa wird ab 1. Januar 2025 neuer Stiftungsratspr\u00e4sident von Gesundheitsf\u00f6rderung Schweiz. Er bringt umfassende Erfahrung mit.","articlekey":"","footnotes":""},"categories":[582],"tags":[103,242,3797,4846,424,455],"class_list":["post-33973","post","type-post","status-publish","format-standard","hentry","category-operational-excellence","tag-business-excellence","tag-gesundheit","tag-gesundheitsfoerderung","tag-praesident","tag-schweiz","tag-stiftung"],"acf":[],"yoast_head":"<!-- This site is optimized with the Yoast SEO plugin v27.4 - https:\/\/yoast.com\/product\/yoast-seo-wordpress\/ -->\n<title>Raffaele De Rosa wird neuer Stiftungsratspr\u00e4sident von Gesundheitsf\u00f6rderung Schweiz - Organisator<\/title>\n<meta name=\"description\" content=\"Raffaele De Rosa wird ab 1. Januar 2025 neuer Stiftungsratspr\u00e4sident von Gesundheitsf\u00f6rderung Schweiz. Er bringt umfassende Erfahrung mit.\" \/>\n<meta name=\"robots\" content=\"index, follow, max-snippet:-1, max-image-preview:large, max-video-preview:-1\" \/>\n<link rel=\"canonical\" href=\"https:\/\/www.organisator.ch\/fr\/excellence-operationnelle\/2024-11-25\/raffaele-de-rosa-wird-neuer-stiftungsratspraesident-von-gesundheitsfoerderung-schweiz\/\" \/>\n<meta property=\"og:locale\" content=\"fr_FR\" \/>\n<meta property=\"og:type\" content=\"article\" \/>\n<meta property=\"og:title\" content=\"Raffaele De Rosa wird neuer Stiftungsratspr\u00e4sident von Gesundheitsf\u00f6rderung Schweiz - Organisator\" \/>\n<meta property=\"og:description\" content=\"Raffaele De Rosa wird ab 1. Januar 2025 neuer Stiftungsratspr\u00e4sident von Gesundheitsf\u00f6rderung Schweiz. Er bringt umfassende Erfahrung mit.\" \/>\n<meta property=\"og:url\" content=\"https:\/\/www.organisator.ch\/fr\/excellence-operationnelle\/2024-11-25\/raffaele-de-rosa-wird-neuer-stiftungsratspraesident-von-gesundheitsfoerderung-schweiz\/\" \/>\n<meta property=\"og:site_name\" content=\"Organisator\" \/>\n<meta property=\"article:publisher\" content=\"https:\/\/www.facebook.com\/OrganisatorFachmagazin\" \/>\n<meta property=\"article:published_time\" content=\"2024-11-25T15:20:46+00:00\" \/>\n<meta property=\"article:modified_time\" content=\"2024-11-26T09:45:39+00:00\" \/>\n<meta name=\"author\" content=\"Dzana Muminovic\" \/>\n<meta name=\"twitter:card\" content=\"summary_large_image\" \/>\n<script type=\"application\/ld+json\" class=\"yoast-schema-graph\">{\"@context\":\"https:\\\/\\\/schema.org\",\"@graph\":[{\"@type\":\"Article\",\"@id\":\"https:\\\/\\\/www.organisator.ch\\\/operational-excellence\\\/2024-11-25\\\/raffaele-de-rosa-wird-neuer-stiftungsratspraesident-von-gesundheitsfoerderung-schweiz\\\/#article\",\"isPartOf\":{\"@id\":\"https:\\\/\\\/www.organisator.ch\\\/operational-excellence\\\/2024-11-25\\\/raffaele-de-rosa-wird-neuer-stiftungsratspraesident-von-gesundheitsfoerderung-schweiz\\\/\"},\"author\":{\"name\":\"Dzana Muminovic\",\"@id\":\"https:\\\/\\\/www.organisator.ch\\\/#\\\/schema\\\/person\\\/afccda3a71c06d4be2ed9100dd163db7\"},\"headline\":\"Raffaele De Rosa wird neuer Stiftungsratspr\u00e4sident von Gesundheitsf\u00f6rderung Schweiz\",\"datePublished\":\"2024-11-25T15:20:46+00:00\",\"dateModified\":\"2024-11-26T09:45:39+00:00\",\"mainEntityOfPage\":{\"@id\":\"https:\\\/\\\/www.organisator.ch\\\/operational-excellence\\\/2024-11-25\\\/raffaele-de-rosa-wird-neuer-stiftungsratspraesident-von-gesundheitsfoerderung-schweiz\\\/\"},\"wordCount\":612,\"publisher\":{\"@id\":\"https:\\\/\\\/www.organisator.ch\\\/#organization\"},\"image\":{\"@id\":\"https:\\\/\\\/www.organisator.ch\\\/operational-excellence\\\/2024-11-25\\\/raffaele-de-rosa-wird-neuer-stiftungsratspraesident-von-gesundheitsfoerderung-schweiz\\\/#primaryimage\"},\"thumbnailUrl\":\"https:\\\/\\\/www.m-q.ch\\\/wp-content\\\/uploads\\\/2024\\\/11\\\/Gesundheitsfoerderung_Bild1_ps.jpg\",\"keywords\":[\"Business Excellence\",\"Gesundheit\",\"Gesundheitsf\u00f6rderung\",\"Pr\u00e4sident\",\"Schweiz\",\"Stiftung\"],\"articleSection\":[\"OPERATIONAL EXCELLENCE\"],\"inLanguage\":\"fr-FR\"},{\"@type\":\"WebPage\",\"@id\":\"https:\\\/\\\/www.organisator.ch\\\/operational-excellence\\\/2024-11-25\\\/raffaele-de-rosa-wird-neuer-stiftungsratspraesident-von-gesundheitsfoerderung-schweiz\\\/\",\"url\":\"https:\\\/\\\/www.organisator.ch\\\/operational-excellence\\\/2024-11-25\\\/raffaele-de-rosa-wird-neuer-stiftungsratspraesident-von-gesundheitsfoerderung-schweiz\\\/\",\"name\":\"Raffaele De Rosa wird neuer Stiftungsratspr\u00e4sident von Gesundheitsf\u00f6rderung Schweiz - Organisator\",\"isPartOf\":{\"@id\":\"https:\\\/\\\/www.organisator.ch\\\/#website\"},\"primaryImageOfPage\":{\"@id\":\"https:\\\/\\\/www.organisator.ch\\\/operational-excellence\\\/2024-11-25\\\/raffaele-de-rosa-wird-neuer-stiftungsratspraesident-von-gesundheitsfoerderung-schweiz\\\/#primaryimage\"},\"image\":{\"@id\":\"https:\\\/\\\/www.organisator.ch\\\/operational-excellence\\\/2024-11-25\\\/raffaele-de-rosa-wird-neuer-stiftungsratspraesident-von-gesundheitsfoerderung-schweiz\\\/#primaryimage\"},\"thumbnailUrl\":\"https:\\\/\\\/www.m-q.ch\\\/wp-content\\\/uploads\\\/2024\\\/11\\\/Gesundheitsfoerderung_Bild1_ps.jpg\",\"datePublished\":\"2024-11-25T15:20:46+00:00\",\"dateModified\":\"2024-11-26T09:45:39+00:00\",\"description\":\"Raffaele De Rosa wird ab 1. Januar 2025 neuer Stiftungsratspr\u00e4sident von Gesundheitsf\u00f6rderung Schweiz. Er bringt umfassende Erfahrung mit.\",\"breadcrumb\":{\"@id\":\"https:\\\/\\\/www.organisator.ch\\\/operational-excellence\\\/2024-11-25\\\/raffaele-de-rosa-wird-neuer-stiftungsratspraesident-von-gesundheitsfoerderung-schweiz\\\/#breadcrumb\"},\"inLanguage\":\"fr-FR\",\"potentialAction\":[{\"@type\":\"ReadAction\",\"target\":[\"https:\\\/\\\/www.organisator.ch\\\/operational-excellence\\\/2024-11-25\\\/raffaele-de-rosa-wird-neuer-stiftungsratspraesident-von-gesundheitsfoerderung-schweiz\\\/\"]}]},{\"@type\":\"ImageObject\",\"inLanguage\":\"fr-FR\",\"@id\":\"https:\\\/\\\/www.organisator.ch\\\/operational-excellence\\\/2024-11-25\\\/raffaele-de-rosa-wird-neuer-stiftungsratspraesident-von-gesundheitsfoerderung-schweiz\\\/#primaryimage\",\"url\":\"https:\\\/\\\/www.m-q.ch\\\/wp-content\\\/uploads\\\/2024\\\/11\\\/Gesundheitsfoerderung_Bild1_ps.jpg\",\"contentUrl\":\"https:\\\/\\\/www.m-q.ch\\\/wp-content\\\/uploads\\\/2024\\\/11\\\/Gesundheitsfoerderung_Bild1_ps.jpg\"},{\"@type\":\"BreadcrumbList\",\"@id\":\"https:\\\/\\\/www.organisator.ch\\\/operational-excellence\\\/2024-11-25\\\/raffaele-de-rosa-wird-neuer-stiftungsratspraesident-von-gesundheitsfoerderung-schweiz\\\/#breadcrumb\",\"itemListElement\":[{\"@type\":\"ListItem\",\"position\":1,\"name\":\"Home\",\"item\":\"https:\\\/\\\/www.organisator.ch\\\/\"},{\"@type\":\"ListItem\",\"position\":2,\"name\":\"Raffaele De Rosa wird neuer Stiftungsratspr\u00e4sident von Gesundheitsf\u00f6rderung Schweiz\"}]},{\"@type\":\"WebSite\",\"@id\":\"https:\\\/\\\/www.organisator.ch\\\/#website\",\"url\":\"https:\\\/\\\/www.organisator.ch\\\/\",\"name\":\"Organisator\",\"description\":\"Kompetent. Praxisnah. Der ORGANISATOR bereitet in 10 Ausgaben pro Jahr die wesentlichen Themen f\u00fcr F\u00fchrungskr\u00e4fte von KMU auf.\",\"publisher\":{\"@id\":\"https:\\\/\\\/www.organisator.ch\\\/#organization\"},\"potentialAction\":[{\"@type\":\"SearchAction\",\"target\":{\"@type\":\"EntryPoint\",\"urlTemplate\":\"https:\\\/\\\/www.organisator.ch\\\/?s={search_term_string}\"},\"query-input\":{\"@type\":\"PropertyValueSpecification\",\"valueRequired\":true,\"valueName\":\"search_term_string\"}}],\"inLanguage\":\"fr-FR\"},{\"@type\":\"Organization\",\"@id\":\"https:\\\/\\\/www.organisator.ch\\\/#organization\",\"name\":\"Organisator\",\"url\":\"https:\\\/\\\/www.organisator.ch\\\/\",\"logo\":{\"@type\":\"ImageObject\",\"inLanguage\":\"fr-FR\",\"@id\":\"https:\\\/\\\/www.organisator.ch\\\/#\\\/schema\\\/logo\\\/image\\\/\",\"url\":\"https:\\\/\\\/www.organisator.ch\\\/wp-content\\\/uploads\\\/2022\\\/01\\\/Logo_Organisator_Website.png\",\"contentUrl\":\"https:\\\/\\\/www.organisator.ch\\\/wp-content\\\/uploads\\\/2022\\\/01\\\/Logo_Organisator_Website.png\",\"width\":800,\"height\":77,\"caption\":\"Organisator\"},\"image\":{\"@id\":\"https:\\\/\\\/www.organisator.ch\\\/#\\\/schema\\\/logo\\\/image\\\/\"},\"sameAs\":[\"https:\\\/\\\/www.facebook.com\\\/OrganisatorFachmagazin\",\"https:\\\/\\\/www.linkedin.com\\\/showcase\\\/organisator-das-magazin-fr-kmu\",\"https:\\\/\\\/www.xing.com\\\/news\\\/pages\\\/organisator-ch-695\",\"https:\\\/\\\/www.youtube.com\\\/channel\\\/UCGP2Sq0iWaZwT3BdIAQFYpw\"]},{\"@type\":\"Person\",\"@id\":\"https:\\\/\\\/www.organisator.ch\\\/#\\\/schema\\\/person\\\/afccda3a71c06d4be2ed9100dd163db7\",\"name\":\"Dzana Muminovic\",\"image\":{\"@type\":\"ImageObject\",\"inLanguage\":\"fr-FR\",\"@id\":\"https:\\\/\\\/secure.gravatar.com\\\/avatar\\\/909c5c71aff4b38e88686f2ab2f1ba152571f394f41ed8bae431ea56ced93050?s=96&d=mm&r=g\",\"url\":\"https:\\\/\\\/secure.gravatar.com\\\/avatar\\\/909c5c71aff4b38e88686f2ab2f1ba152571f394f41ed8bae431ea56ced93050?s=96&d=mm&r=g\",\"contentUrl\":\"https:\\\/\\\/secure.gravatar.com\\\/avatar\\\/909c5c71aff4b38e88686f2ab2f1ba152571f394f41ed8bae431ea56ced93050?s=96&d=mm&r=g\",\"caption\":\"Dzana Muminovic\"},\"url\":\"https:\\\/\\\/www.organisator.ch\\\/fr\\\/author\\\/dzana-muminovic\\\/\"}]}<\/script>\n<!-- \/ Yoast SEO plugin. -->","yoast_head_json":{"title":"Raffaele De Rosa devient le nouveau pr\u00e9sident du conseil de fondation de Promotion Sant\u00e9 Suisse - Organisateur","description":"Raffaele De Rosa sera le nouveau pr\u00e9sident du conseil de fondation de Promotion Sant\u00e9 Suisse \u00e0 partir du 1er janvier 2025. Il apporte avec lui une vaste exp\u00e9rience.","robots":{"index":"index","follow":"follow","max-snippet":"max-snippet:-1","max-image-preview":"max-image-preview:large","max-video-preview":"max-video-preview:-1"},"canonical":"https:\/\/www.organisator.ch\/fr\/excellence-operationnelle\/2024-11-25\/raffaele-de-rosa-wird-neuer-stiftungsratspraesident-von-gesundheitsfoerderung-schweiz\/","og_locale":"fr_FR","og_type":"article","og_title":"Raffaele De Rosa wird neuer Stiftungsratspr\u00e4sident von Gesundheitsf\u00f6rderung Schweiz - Organisator","og_description":"Raffaele De Rosa wird ab 1. Januar 2025 neuer Stiftungsratspr\u00e4sident von Gesundheitsf\u00f6rderung Schweiz. Er bringt umfassende Erfahrung mit.","og_url":"https:\/\/www.organisator.ch\/fr\/excellence-operationnelle\/2024-11-25\/raffaele-de-rosa-wird-neuer-stiftungsratspraesident-von-gesundheitsfoerderung-schweiz\/","og_site_name":"Organisator","article_publisher":"https:\/\/www.facebook.com\/OrganisatorFachmagazin","article_published_time":"2024-11-25T15:20:46+00:00","article_modified_time":"2024-11-26T09:45:39+00:00","author":"Dzana Muminovic","twitter_card":"summary_large_image","schema":{"@context":"https:\/\/schema.org","@graph":[{"@type":"Article","@id":"https:\/\/www.organisator.ch\/operational-excellence\/2024-11-25\/raffaele-de-rosa-wird-neuer-stiftungsratspraesident-von-gesundheitsfoerderung-schweiz\/#article","isPartOf":{"@id":"https:\/\/www.organisator.ch\/operational-excellence\/2024-11-25\/raffaele-de-rosa-wird-neuer-stiftungsratspraesident-von-gesundheitsfoerderung-schweiz\/"},"author":{"name":"Dzana Muminovic","@id":"https:\/\/www.organisator.ch\/#\/schema\/person\/afccda3a71c06d4be2ed9100dd163db7"},"headline":"Raffaele De Rosa wird neuer Stiftungsratspr\u00e4sident von Gesundheitsf\u00f6rderung Schweiz","datePublished":"2024-11-25T15:20:46+00:00","dateModified":"2024-11-26T09:45:39+00:00","mainEntityOfPage":{"@id":"https:\/\/www.organisator.ch\/operational-excellence\/2024-11-25\/raffaele-de-rosa-wird-neuer-stiftungsratspraesident-von-gesundheitsfoerderung-schweiz\/"},"wordCount":612,"publisher":{"@id":"https:\/\/www.organisator.ch\/#organization"},"image":{"@id":"https:\/\/www.organisator.ch\/operational-excellence\/2024-11-25\/raffaele-de-rosa-wird-neuer-stiftungsratspraesident-von-gesundheitsfoerderung-schweiz\/#primaryimage"},"thumbnailUrl":"https:\/\/www.m-q.ch\/wp-content\/uploads\/2024\/11\/Gesundheitsfoerderung_Bild1_ps.jpg","keywords":["Business Excellence","Gesundheit","Gesundheitsf\u00f6rderung","Pr\u00e4sident","Schweiz","Stiftung"],"articleSection":["OPERATIONAL EXCELLENCE"],"inLanguage":"fr-FR"},{"@type":"WebPage","@id":"https:\/\/www.organisator.ch\/operational-excellence\/2024-11-25\/raffaele-de-rosa-wird-neuer-stiftungsratspraesident-von-gesundheitsfoerderung-schweiz\/","url":"https:\/\/www.organisator.ch\/operational-excellence\/2024-11-25\/raffaele-de-rosa-wird-neuer-stiftungsratspraesident-von-gesundheitsfoerderung-schweiz\/","name":"Raffaele De Rosa devient le nouveau pr\u00e9sident du conseil de fondation de Promotion Sant\u00e9 Suisse - Organisateur","isPartOf":{"@id":"https:\/\/www.organisator.ch\/#website"},"primaryImageOfPage":{"@id":"https:\/\/www.organisator.ch\/operational-excellence\/2024-11-25\/raffaele-de-rosa-wird-neuer-stiftungsratspraesident-von-gesundheitsfoerderung-schweiz\/#primaryimage"},"image":{"@id":"https:\/\/www.organisator.ch\/operational-excellence\/2024-11-25\/raffaele-de-rosa-wird-neuer-stiftungsratspraesident-von-gesundheitsfoerderung-schweiz\/#primaryimage"},"thumbnailUrl":"https:\/\/www.m-q.ch\/wp-content\/uploads\/2024\/11\/Gesundheitsfoerderung_Bild1_ps.jpg","datePublished":"2024-11-25T15:20:46+00:00","dateModified":"2024-11-26T09:45:39+00:00","description":"Raffaele De Rosa sera le nouveau pr\u00e9sident du conseil de fondation de Promotion Sant\u00e9 Suisse \u00e0 partir du 1er janvier 2025. Il apporte avec lui une vaste exp\u00e9rience.","breadcrumb":{"@id":"https:\/\/www.organisator.ch\/operational-excellence\/2024-11-25\/raffaele-de-rosa-wird-neuer-stiftungsratspraesident-von-gesundheitsfoerderung-schweiz\/#breadcrumb"},"inLanguage":"fr-FR","potentialAction":[{"@type":"ReadAction","target":["https:\/\/www.organisator.ch\/operational-excellence\/2024-11-25\/raffaele-de-rosa-wird-neuer-stiftungsratspraesident-von-gesundheitsfoerderung-schweiz\/"]}]},{"@type":"ImageObject","inLanguage":"fr-FR","@id":"https:\/\/www.organisator.ch\/operational-excellence\/2024-11-25\/raffaele-de-rosa-wird-neuer-stiftungsratspraesident-von-gesundheitsfoerderung-schweiz\/#primaryimage","url":"https:\/\/www.m-q.ch\/wp-content\/uploads\/2024\/11\/Gesundheitsfoerderung_Bild1_ps.jpg","contentUrl":"https:\/\/www.m-q.ch\/wp-content\/uploads\/2024\/11\/Gesundheitsfoerderung_Bild1_ps.jpg"},{"@type":"BreadcrumbList","@id":"https:\/\/www.organisator.ch\/operational-excellence\/2024-11-25\/raffaele-de-rosa-wird-neuer-stiftungsratspraesident-von-gesundheitsfoerderung-schweiz\/#breadcrumb","itemListElement":[{"@type":"ListItem","position":1,"name":"Home","item":"https:\/\/www.organisator.ch\/"},{"@type":"ListItem","position":2,"name":"Raffaele De Rosa wird neuer Stiftungsratspr\u00e4sident von Gesundheitsf\u00f6rderung Schweiz"}]},{"@type":"WebSite","@id":"https:\/\/www.organisator.ch\/#website","url":"https:\/\/www.organisator.ch\/","name":"Organisateur","description":"Comp\u00e9tence et comp\u00e9tence. Proches de la pratique. L'ORGANISATEUR pr\u00e9pare 10 num\u00e9ros par an sur les th\u00e8mes essentiels pour les dirigeants de PME.","publisher":{"@id":"https:\/\/www.organisator.ch\/#organization"},"potentialAction":[{"@type":"SearchAction","target":{"@type":"EntryPoint","urlTemplate":"https:\/\/www.organisator.ch\/?s={search_term_string}"},"query-input":{"@type":"PropertyValueSpecification","valueRequired":true,"valueName":"search_term_string"}}],"inLanguage":"fr-FR"},{"@type":"Organization","@id":"https:\/\/www.organisator.ch\/#organization","name":"Organisateur","url":"https:\/\/www.organisator.ch\/","logo":{"@type":"ImageObject","inLanguage":"fr-FR","@id":"https:\/\/www.organisator.ch\/#\/schema\/logo\/image\/","url":"https:\/\/www.organisator.ch\/wp-content\/uploads\/2022\/01\/Logo_Organisator_Website.png","contentUrl":"https:\/\/www.organisator.ch\/wp-content\/uploads\/2022\/01\/Logo_Organisator_Website.png","width":800,"height":77,"caption":"Organisator"},"image":{"@id":"https:\/\/www.organisator.ch\/#\/schema\/logo\/image\/"},"sameAs":["https:\/\/www.facebook.com\/OrganisatorFachmagazin","https:\/\/www.linkedin.com\/showcase\/organisator-das-magazin-fr-kmu","https:\/\/www.xing.com\/news\/pages\/organisator-ch-695","https:\/\/www.youtube.com\/channel\/UCGP2Sq0iWaZwT3BdIAQFYpw"]},{"@type":"Person","@id":"https:\/\/www.organisator.ch\/#\/schema\/person\/afccda3a71c06d4be2ed9100dd163db7","name":"Dzana Muminovic","image":{"@type":"ImageObject","inLanguage":"fr-FR","@id":"https:\/\/secure.gravatar.com\/avatar\/909c5c71aff4b38e88686f2ab2f1ba152571f394f41ed8bae431ea56ced93050?s=96&d=mm&r=g","url":"https:\/\/secure.gravatar.com\/avatar\/909c5c71aff4b38e88686f2ab2f1ba152571f394f41ed8bae431ea56ced93050?s=96&d=mm&r=g","contentUrl":"https:\/\/secure.gravatar.com\/avatar\/909c5c71aff4b38e88686f2ab2f1ba152571f394f41ed8bae431ea56ced93050?s=96&d=mm&r=g","caption":"Dzana Muminovic"},"url":"https:\/\/www.organisator.ch\/fr\/author\/dzana-muminovic\/"}]}},"_links":{"self":[{"href":"https:\/\/www.organisator.ch\/fr\/wp-json\/wp\/v2\/posts\/33973","targetHints":{"allow":["GET"]}}],"collection":[{"href":"https:\/\/www.organisator.ch\/fr\/wp-json\/wp\/v2\/posts"}],"about":[{"href":"https:\/\/www.organisator.ch\/fr\/wp-json\/wp\/v2\/types\/post"}],"author":[{"embeddable":true,"href":"https:\/\/www.organisator.ch\/fr\/wp-json\/wp\/v2\/users\/80"}],"replies":[{"embeddable":true,"href":"https:\/\/www.organisator.ch\/fr\/wp-json\/wp\/v2\/comments?post=33973"}],"version-history":[{"count":9,"href":"https:\/\/www.organisator.ch\/fr\/wp-json\/wp\/v2\/posts\/33973\/revisions"}],"predecessor-version":[{"id":33999,"href":"https:\/\/www.organisator.ch\/fr\/wp-json\/wp\/v2\/posts\/33973\/revisions\/33999"}],"wp:attachment":[{"href":"https:\/\/www.organisator.ch\/fr\/wp-json\/wp\/v2\/media?parent=33973"}],"wp:term":[{"taxonomy":"category","embeddable":true,"href":"https:\/\/www.organisator.ch\/fr\/wp-json\/wp\/v2\/categories?post=33973"},{"taxonomy":"post_tag","embeddable":true,"href":"https:\/\/www.organisator.ch\/fr\/wp-json\/wp\/v2\/tags?post=33973"}],"curies":[{"name":"wp","href":"https:\/\/api.w.org\/{rel}","templated":true}]}}