{"id":3399,"date":"2018-04-06T07:30:48","date_gmt":"2018-04-06T05:30:48","guid":{"rendered":"https:\/\/www.organisator.ch\/?p=3399"},"modified":"2018-04-06T07:30:48","modified_gmt":"2018-04-06T05:30:48","slug":"voll-im-takt-dank-sap","status":"publish","type":"post","link":"https:\/\/www.organisator.ch\/fr\/management\/it\/2018-04-06\/voll-im-takt-dank-sap\/","title":{"rendered":"En plein dans le rythme gr\u00e2ce \u00e0 SAP"},"content":{"rendered":"<figure id=\"attachment_3400\" aria-describedby=\"caption-attachment-3400\" style=\"width: 640px\" class=\"wp-caption alignnone\"><img loading=\"lazy\" decoding=\"async\" class=\"size-full wp-image-3400\" src=\"https:\/\/www.organisator.ch\/wp-content\/uploads\/2018\/04\/Voll-im-Takt-dank-SAP-1_Organisator.jpg\" alt=\"\" width=\"640\" height=\"426\" srcset=\"https:\/\/www.organisator.ch\/wp-content\/uploads\/2018\/04\/Voll-im-Takt-dank-SAP-1_Organisator.jpg 640w, https:\/\/www.organisator.ch\/wp-content\/uploads\/2018\/04\/Voll-im-Takt-dank-SAP-1_Organisator-16x12.jpg 16w, https:\/\/www.organisator.ch\/wp-content\/uploads\/2018\/04\/Voll-im-Takt-dank-SAP-1_Organisator-263x175.jpg 263w, https:\/\/www.organisator.ch\/wp-content\/uploads\/2018\/04\/Voll-im-Takt-dank-SAP-1_Organisator-526x350.jpg 526w, https:\/\/www.organisator.ch\/wp-content\/uploads\/2018\/04\/Voll-im-Takt-dank-SAP-1_Organisator-300x200.jpg 300w\" sizes=\"auto, (max-width: 640px) 100vw, 640px\" \/><figcaption id=\"caption-attachment-3400\" class=\"wp-caption-text\">Moser-Baer AG n'est pas seulement repr\u00e9sent\u00e9e en Suisse avec ses syst\u00e8mes de temps, mais aussi en Allemagne, au Japon, au Canada, en Russie, en Arabie Saoudite, \u00e0 Singapour et dans de nombreux autres pays. (Image : zVg)<\/figcaption><\/figure>\n<p>Elle fait partie de l'identit\u00e9 nationale, tous les enfants connaissent sa trotteuse rouge et on ne peut plus imaginer les gares suisses sans elle : l'horloge de gare. La marque propre Mobatime de Moser-Baer AG \u00e0 Sumiswald produit de telles installations d'horlogerie et bien d'autres encore. Elle distribue ses produits dans plus de 150 pays \u00e0 travers le monde. Comme la soci\u00e9t\u00e9 Moser-Baer AG est \u00e0 la recherche d'une solution durable, elle a d\u00e9cid\u00e9 d'investir dans un nouveau produit. <a href=\"https:\/\/gia.ch\/services\/sap-beratung\/\">Solution ERP<\/a> elle a lanc\u00e9 un projet d'\u00e9valuation avec diff\u00e9rents fournisseurs ERP suisses.<\/p>\n<p>C'est la soci\u00e9t\u00e9 GIA Informatik AG qui est sortie gagnante de ce concours. \"GIA est l'une des rares entreprises \u00e0 comprendre <a href=\"https:\/\/gia.ch\/services\/sap-beratung\/\">SAP<\/a>-Reto Reist, CEO de Moser-Baer AG, justifie la d\u00e9cision. \"Elle a convaincu tant par sa pr\u00e9sentation que par ses r\u00e9f\u00e9rences. De plus, elle parle le langage des PME\".<\/p>\n<h2><strong>Solution ERP moderne de SAP<\/strong><\/h2>\n<p>Max G\u00f6tschmann, chef de projet responsable du c\u00f4t\u00e9 de GIA : \"Pour couvrir tous les besoins, nous disposons d'un mod\u00e8le de syst\u00e8me ERP pour l'industrie manufacturi\u00e8re, qui comprend tous les processus et groupes de processus de l'entreprise\". Moser-Baer AG et GIA ont ensuite pr\u00e9par\u00e9 l'introduction de l'ERP pour les groupes de processus suivants : Controlling, Finances, Gestion du mat\u00e9riel, Ressources humaines, Production, Planification et contr\u00f4le de la production, Distribution et Traitement des commandes. Ensuite, les partenaires du projet ont import\u00e9 les donn\u00e9es existantes dans le syst\u00e8me configur\u00e9 pour Moser-Baer AG.<\/p>\n<figure id=\"attachment_3406\" aria-describedby=\"caption-attachment-3406\" style=\"width: 427px\" class=\"wp-caption alignnone\"><img loading=\"lazy\" decoding=\"async\" class=\"size-full wp-image-3406\" src=\"https:\/\/www.organisator.ch\/wp-content\/uploads\/2018\/04\/Voll-im-Takt-dank-SAP-4_Organisator.jpg\" alt=\"\" width=\"427\" height=\"314\" srcset=\"https:\/\/www.organisator.ch\/wp-content\/uploads\/2018\/04\/Voll-im-Takt-dank-SAP-4_Organisator.jpg 427w, https:\/\/www.organisator.ch\/wp-content\/uploads\/2018\/04\/Voll-im-Takt-dank-SAP-4_Organisator-16x12.jpg 16w, https:\/\/www.organisator.ch\/wp-content\/uploads\/2018\/04\/Voll-im-Takt-dank-SAP-4_Organisator-238x175.jpg 238w, https:\/\/www.organisator.ch\/wp-content\/uploads\/2018\/04\/Voll-im-Takt-dank-SAP-4_Organisator-300x221.jpg 300w\" sizes=\"auto, (max-width: 427px) 100vw, 427px\" \/><figcaption id=\"caption-attachment-3406\" class=\"wp-caption-text\">Reto Reist, CEO Moser-Baer AG : \"Un syst\u00e8me ERP qui fonctionne bien donne au directeur la possibilit\u00e9 de prendre les bonnes d\u00e9cisions dans les situations difficiles\". (Image : zVg)<\/figcaption><\/figure>\n<h2><strong>Processus d'emballage mobile<\/strong><\/h2>\n<p>Une premi\u00e8re partie du projet, dont le coup d'envoi a \u00e9t\u00e9 donn\u00e9 en mars 2013, consistait \u00e0 changer la logique de num\u00e9rotation utilis\u00e9e jusqu'alors. Max G\u00f6tschmann : \"Nous ne voulions plus attribuer les num\u00e9ros en externe, mais d\u00e9sormais en interne au syst\u00e8me. C'\u00e9tait un grand pas en avant, car tous les catalogues de pi\u00e8ces d\u00e9tach\u00e9es portaient encore d'anciens num\u00e9ros\".<\/p>\n<p>Les processus d'exp\u00e9dition ont \u00e9galement fait l'objet d'une attention particuli\u00e8re. \"Les processus d'emballage - de la d\u00e9finition de la caisse au r\u00e9emballage du mat\u00e9riel en passant par la cr\u00e9ation dans le syst\u00e8me et l'utilisation d'unit\u00e9s de manutention - se d\u00e9roulent d\u00e9sormais de mani\u00e8re mobile. Le syst\u00e8me de pr\u00e9paration des commandes est rendu possible gr\u00e2ce \u00e0 un cockpit\", explique Max G\u00f6tschmann. Les processus d'\u00e9tiquetage sont \u00e9galement particuliers chez Moser-Baer AG : Pour cela, les donn\u00e9es sont r\u00e9cup\u00e9r\u00e9es dans le syst\u00e8me ERP et les contenus sont plac\u00e9s sur des \u00e9tiquettes qui varient selon le client, sur diff\u00e9rentes mises en page.<\/p>\n<h2><strong>Conseils pour les autres entreprises<\/strong><\/h2>\n<p>Reto Reist donne les conseils suivants aux autres entreprises qui s'int\u00e9ressent \u00e9galement \u00e0 un syst\u00e8me ERP :<\/p>\n<ul>\n<li>Un chef de projet fort et comp\u00e9tent est essentiel pour la r\u00e9ussite du projet. Il doit d'une part comprendre beaucoup de choses sur SAP et d'autre part avoir des connaissances sur l'entreprise.<\/li>\n<li>Avant d'entamer la proc\u00e9dure, l'entreprise int\u00e9ress\u00e9e doit d\u00e9cider si elle engage un chef de projet interne. Si elle d\u00e9cide de ne pas le faire, elle doit engager un professionnel externe pour le c\u00f4t\u00e9 entreprise.<\/li>\n<li>Les entreprises doivent veiller \u00e0 ce que les donn\u00e9es de base soient pr\u00e9par\u00e9es correctement et proprement. Il ne doit pas y avoir d'erreurs lors du transfert de celles-ci du syst\u00e8me traditionnel vers le nouveau syst\u00e8me.<\/li>\n<li>Dans l'\u00e9quipe d'int\u00e9gration, une bonne r\u00e9flexion sur les processus est importante. Les personnes impliqu\u00e9es doivent refl\u00e9ter l'ensemble du processus de cr\u00e9ation de valeur dans l'entreprise.<\/li>\n<\/ul>\n<h2><strong>Plaisir de la transparence dans l'entreprise<\/strong><\/h2>\n<p>En r\u00e9sum\u00e9, Reto Reist estime que la collaboration a fonctionn\u00e9 de mani\u00e8re impeccable pendant toute la dur\u00e9e du projet - du kick-off \u00e0 la r\u00e9ception du projet en mars 2015 : \"Gr\u00e2ce \u00e0 ce projet, nous pouvons minimiser les d\u00e9penses pour toute l'administration. Nous avons aujourd'hui un fonctionnement enti\u00e8rement transparent\". Max G\u00f6tschmann ajoute : \"Gr\u00e2ce \u00e0 un syst\u00e8me de gestion des donn\u00e9es int\u00e9gr\u00e9 et centralis\u00e9, Moser-Baer AG dispose d'une 'Single Source of Truth', dans laquelle tout ce qui est pertinent est plac\u00e9 au m\u00eame endroit\".<\/p>\n<figure id=\"attachment_3402\" aria-describedby=\"caption-attachment-3402\" style=\"width: 640px\" class=\"wp-caption alignnone\"><img loading=\"lazy\" decoding=\"async\" class=\"size-full wp-image-3402\" src=\"https:\/\/www.organisator.ch\/wp-content\/uploads\/2018\/04\/Voll-im-Takt-dank-SAP-3_Organisator.jpg\" alt=\"\" width=\"640\" height=\"248\" srcset=\"https:\/\/www.organisator.ch\/wp-content\/uploads\/2018\/04\/Voll-im-Takt-dank-SAP-3_Organisator.jpg 640w, https:\/\/www.organisator.ch\/wp-content\/uploads\/2018\/04\/Voll-im-Takt-dank-SAP-3_Organisator-16x6.jpg 16w, https:\/\/www.organisator.ch\/wp-content\/uploads\/2018\/04\/Voll-im-Takt-dank-SAP-3_Organisator-375x145.jpg 375w, https:\/\/www.organisator.ch\/wp-content\/uploads\/2018\/04\/Voll-im-Takt-dank-SAP-3_Organisator-300x116.jpg 300w\" sizes=\"auto, (max-width: 640px) 100vw, 640px\" \/><figcaption id=\"caption-attachment-3402\" class=\"wp-caption-text\">Le si\u00e8ge principal de Moser-Baer AG se trouve \u00e0 Sumiswald dans l'Emmental. (Image : zVg)<\/figcaption><\/figure>\n<h2><strong>Qu'est-ce qui est pr\u00e9vu pour l'avenir ?<\/strong><\/h2>\n<p>\"En ce moment, nous mettons en place des processus pour des listes de prix transparentes que nous pourrons ensuite vendre\", explique Reto Reist. La prochaine \u00e9tape d'extension concerne la cr\u00e9ation d'interfaces avec les soci\u00e9t\u00e9s s\u0153urs : L'entreprise pourra ainsi simplifier la collaboration et l'\u00e9change de donn\u00e9es et int\u00e9grer le syst\u00e8me plus profond\u00e9ment.<\/p>\n<p><em><strong>Auteur :<\/strong><\/em><\/p>\n<p><em>Silvan Wyser est responsable marketing de GIA Informatik AG \u00e0 Oftringen. GIA propose des services informatiques avec des comp\u00e9tences cl\u00e9s dans l'\u00e9laboration et l'exploitation de solutions d'un seul tenant dans les domaines SAP, des services informatiques avec sa propre infrastructure cloud et du d\u00e9veloppement de produits. Contact : T +41 62 789 74 17 \/ <a href=\"mailto:silvan.wyser@gia.ch\">silvan.wyser@gia.ch<\/a> \/ <a href=\"http:\/\/www.gia.ch\">www.gia.ch<\/a><\/em><\/p>","protected":false},"excerpt":{"rendered":"<p>Sie ist Teil der nationalen Identit\u00e4t, ihren roten Sekundenzeiger kennt jedes Kind, und aus Schweizer Bahnh\u00f6fen ist sie nicht mehr wegzudenken: die Bahnhofsuhr. Solche und weitere Uhrenanlagen produziert die Eigenmarke Mobatime der Moser-Baer AG im Sumiswald. Ihre Produkte vertreibt sie in \u00fcber 150 L\u00e4ndern auf der ganzen Welt. Da die Moser-Baer AG auf der Suche [&hellip;]<\/p>\n","protected":false},"author":4,"featured_media":3400,"comment_status":"open","ping_status":"open","sticky":false,"template":"","format":"standard","meta":{"_acf_changed":false,"_yoast_wpseo_focuskw":"SAP","_yoast_wpseo_metadesc":"Die auf Pr\u00e4zision in Zeit und Technik spezialisierte Moser-Baer AG ben\u00f6tigte ein neues ERP-System, um die Prozesse und Datenqualit\u00e4t zu optimieren. Wie das Projekt ablief und welchen Nutzen es brachte, zeigt die folgende Case Study.","articlekey":"","footnotes":""},"categories":[27],"tags":[182,288,393,492],"class_list":["post-3399","post","type-post","status-publish","format-standard","has-post-thumbnail","hentry","category-it","tag-erp","tag-it-business-software","tag-produkte","tag-unternehmen"],"acf":[],"yoast_head":"<!-- This site is optimized with the Yoast SEO plugin v27.5 - https:\/\/yoast.com\/product\/yoast-seo-wordpress\/ -->\n<title>Voll im Takt dank SAP - Organisator<\/title>\n<meta name=\"description\" content=\"Die auf Pr\u00e4zision in Zeit und Technik spezialisierte Moser-Baer AG ben\u00f6tigte ein neues ERP-System, um die Prozesse und Datenqualit\u00e4t zu optimieren. Wie das Projekt ablief und welchen Nutzen es brachte, zeigt die folgende Case Study.\" \/>\n<meta name=\"robots\" content=\"index, follow, max-snippet:-1, max-image-preview:large, max-video-preview:-1\" \/>\n<link rel=\"canonical\" href=\"https:\/\/www.organisator.ch\/fr\/gestion-2\/it\/2018-04-06\/voll-im-takt-dank-sap\/\" \/>\n<meta property=\"og:locale\" content=\"fr_FR\" \/>\n<meta property=\"og:type\" content=\"article\" \/>\n<meta property=\"og:title\" content=\"Voll im Takt dank SAP\" \/>\n<meta property=\"og:description\" content=\"Die auf Pr\u00e4zision in Zeit und Technik spezialisierte #Moser-Baer AG ben\u00f6tigte ein neues #ERP-System, um die Prozesse und Datenqualit\u00e4t zu optimieren. Wie das Projekt ablief und welchen Nutzen es brachte, zeigt die folgende Case Study.\" \/>\n<meta property=\"og:url\" content=\"https:\/\/www.organisator.ch\/fr\/gestion-2\/it\/2018-04-06\/voll-im-takt-dank-sap\/\" \/>\n<meta property=\"og:site_name\" content=\"Organisator\" \/>\n<meta property=\"article:publisher\" content=\"https:\/\/www.facebook.com\/OrganisatorFachmagazin\" \/>\n<meta property=\"article:published_time\" content=\"2018-04-06T05:30:48+00:00\" \/>\n<meta property=\"og:image\" content=\"https:\/\/www.organisator.ch\/wp-content\/uploads\/2018\/04\/Voll-im-Takt-dank-SAP-3_Organisator.jpg\" \/>\n\t<meta property=\"og:image:width\" content=\"640\" \/>\n\t<meta property=\"og:image:height\" content=\"248\" \/>\n\t<meta property=\"og:image:type\" content=\"image\/jpeg\" \/>\n<meta name=\"author\" content=\"thomas.berner\" \/>\n<meta name=\"twitter:card\" content=\"summary_large_image\" \/>\n<meta name=\"twitter:title\" content=\"Voll im Takt dank #SAP\" \/>\n<meta name=\"twitter:description\" content=\"Die auf Pr\u00e4zision in Zeit und Technik spezialisierte #Moser-Baer AG ben\u00f6tigte ein neues #ERP-System, um die Prozesse und Datenqualit\u00e4t zu optimieren. Wie das Projekt ablief und welchen Nutzen es brachte, zeigt die folgende Case Study.\" \/>\n<meta name=\"twitter:image\" content=\"https:\/\/www.organisator.ch\/wp-content\/uploads\/2018\/04\/Voll-im-Takt-dank-SAP-3_Organisator.jpg\" \/>\n<script type=\"application\/ld+json\" class=\"yoast-schema-graph\">{\"@context\":\"https:\\\/\\\/schema.org\",\"@graph\":[{\"@type\":\"Article\",\"@id\":\"https:\\\/\\\/www.organisator.ch\\\/management\\\/it\\\/2018-04-06\\\/voll-im-takt-dank-sap\\\/#article\",\"isPartOf\":{\"@id\":\"https:\\\/\\\/www.organisator.ch\\\/management\\\/it\\\/2018-04-06\\\/voll-im-takt-dank-sap\\\/\"},\"author\":{\"name\":\"thomas.berner\",\"@id\":\"https:\\\/\\\/www.organisator.ch\\\/#\\\/schema\\\/person\\\/6f650f90b2842cd4c0cc334b4e36f67e\"},\"headline\":\"Voll im Takt dank SAP\",\"datePublished\":\"2018-04-06T05:30:48+00:00\",\"mainEntityOfPage\":{\"@id\":\"https:\\\/\\\/www.organisator.ch\\\/management\\\/it\\\/2018-04-06\\\/voll-im-takt-dank-sap\\\/\"},\"wordCount\":724,\"commentCount\":0,\"publisher\":{\"@id\":\"https:\\\/\\\/www.organisator.ch\\\/#organization\"},\"image\":{\"@id\":\"https:\\\/\\\/www.organisator.ch\\\/management\\\/it\\\/2018-04-06\\\/voll-im-takt-dank-sap\\\/#primaryimage\"},\"thumbnailUrl\":\"https:\\\/\\\/www.organisator.ch\\\/wp-content\\\/uploads\\\/2018\\\/04\\\/Voll-im-Takt-dank-SAP-1_Organisator.jpg\",\"keywords\":[\"ERP\",\"IT &amp; Business Software\",\"Produkte\",\"Unternehmen\"],\"articleSection\":[\"IT\"],\"inLanguage\":\"fr-FR\"},{\"@type\":\"WebPage\",\"@id\":\"https:\\\/\\\/www.organisator.ch\\\/management\\\/it\\\/2018-04-06\\\/voll-im-takt-dank-sap\\\/\",\"url\":\"https:\\\/\\\/www.organisator.ch\\\/management\\\/it\\\/2018-04-06\\\/voll-im-takt-dank-sap\\\/\",\"name\":\"Voll im Takt dank SAP - Organisator\",\"isPartOf\":{\"@id\":\"https:\\\/\\\/www.organisator.ch\\\/#website\"},\"primaryImageOfPage\":{\"@id\":\"https:\\\/\\\/www.organisator.ch\\\/management\\\/it\\\/2018-04-06\\\/voll-im-takt-dank-sap\\\/#primaryimage\"},\"image\":{\"@id\":\"https:\\\/\\\/www.organisator.ch\\\/management\\\/it\\\/2018-04-06\\\/voll-im-takt-dank-sap\\\/#primaryimage\"},\"thumbnailUrl\":\"https:\\\/\\\/www.organisator.ch\\\/wp-content\\\/uploads\\\/2018\\\/04\\\/Voll-im-Takt-dank-SAP-1_Organisator.jpg\",\"datePublished\":\"2018-04-06T05:30:48+00:00\",\"description\":\"Die auf Pr\u00e4zision in Zeit und Technik spezialisierte Moser-Baer AG ben\u00f6tigte ein neues ERP-System, um die Prozesse und Datenqualit\u00e4t zu optimieren. Wie das Projekt ablief und welchen Nutzen es brachte, zeigt die folgende Case Study.\",\"breadcrumb\":{\"@id\":\"https:\\\/\\\/www.organisator.ch\\\/management\\\/it\\\/2018-04-06\\\/voll-im-takt-dank-sap\\\/#breadcrumb\"},\"inLanguage\":\"fr-FR\",\"potentialAction\":[{\"@type\":\"ReadAction\",\"target\":[\"https:\\\/\\\/www.organisator.ch\\\/management\\\/it\\\/2018-04-06\\\/voll-im-takt-dank-sap\\\/\"]}]},{\"@type\":\"ImageObject\",\"inLanguage\":\"fr-FR\",\"@id\":\"https:\\\/\\\/www.organisator.ch\\\/management\\\/it\\\/2018-04-06\\\/voll-im-takt-dank-sap\\\/#primaryimage\",\"url\":\"https:\\\/\\\/www.organisator.ch\\\/wp-content\\\/uploads\\\/2018\\\/04\\\/Voll-im-Takt-dank-SAP-1_Organisator.jpg\",\"contentUrl\":\"https:\\\/\\\/www.organisator.ch\\\/wp-content\\\/uploads\\\/2018\\\/04\\\/Voll-im-Takt-dank-SAP-1_Organisator.jpg\",\"width\":640,\"height\":426,\"caption\":\"Die Moser-Baer AG ist mit ihren Zeitsystemen nicht nur in der Schweiz vertreten, sondern auch in Deutschland, Japan, Kanada, Russland, Saudi-Arabien, Singapur und vielen weiteren L\u00e4ndern. (Bild: zVg)\"},{\"@type\":\"BreadcrumbList\",\"@id\":\"https:\\\/\\\/www.organisator.ch\\\/management\\\/it\\\/2018-04-06\\\/voll-im-takt-dank-sap\\\/#breadcrumb\",\"itemListElement\":[{\"@type\":\"ListItem\",\"position\":1,\"name\":\"Home\",\"item\":\"https:\\\/\\\/www.organisator.ch\\\/\"},{\"@type\":\"ListItem\",\"position\":2,\"name\":\"Voll im Takt dank SAP\"}]},{\"@type\":\"WebSite\",\"@id\":\"https:\\\/\\\/www.organisator.ch\\\/#website\",\"url\":\"https:\\\/\\\/www.organisator.ch\\\/\",\"name\":\"Organisator\",\"description\":\"Kompetent. Praxisnah. Der ORGANISATOR bereitet in 10 Ausgaben pro Jahr die wesentlichen Themen f\u00fcr F\u00fchrungskr\u00e4fte von KMU auf.\",\"publisher\":{\"@id\":\"https:\\\/\\\/www.organisator.ch\\\/#organization\"},\"potentialAction\":[{\"@type\":\"SearchAction\",\"target\":{\"@type\":\"EntryPoint\",\"urlTemplate\":\"https:\\\/\\\/www.organisator.ch\\\/?s={search_term_string}\"},\"query-input\":{\"@type\":\"PropertyValueSpecification\",\"valueRequired\":true,\"valueName\":\"search_term_string\"}}],\"inLanguage\":\"fr-FR\"},{\"@type\":\"Organization\",\"@id\":\"https:\\\/\\\/www.organisator.ch\\\/#organization\",\"name\":\"Organisator\",\"url\":\"https:\\\/\\\/www.organisator.ch\\\/\",\"logo\":{\"@type\":\"ImageObject\",\"inLanguage\":\"fr-FR\",\"@id\":\"https:\\\/\\\/www.organisator.ch\\\/#\\\/schema\\\/logo\\\/image\\\/\",\"url\":\"https:\\\/\\\/www.organisator.ch\\\/wp-content\\\/uploads\\\/2022\\\/01\\\/Logo_Organisator_Website.png\",\"contentUrl\":\"https:\\\/\\\/www.organisator.ch\\\/wp-content\\\/uploads\\\/2022\\\/01\\\/Logo_Organisator_Website.png\",\"width\":800,\"height\":77,\"caption\":\"Organisator\"},\"image\":{\"@id\":\"https:\\\/\\\/www.organisator.ch\\\/#\\\/schema\\\/logo\\\/image\\\/\"},\"sameAs\":[\"https:\\\/\\\/www.facebook.com\\\/OrganisatorFachmagazin\",\"https:\\\/\\\/www.linkedin.com\\\/showcase\\\/organisator-das-magazin-fr-kmu\",\"https:\\\/\\\/www.xing.com\\\/news\\\/pages\\\/organisator-ch-695\",\"https:\\\/\\\/www.youtube.com\\\/channel\\\/UCGP2Sq0iWaZwT3BdIAQFYpw\"]},{\"@type\":\"Person\",\"@id\":\"https:\\\/\\\/www.organisator.ch\\\/#\\\/schema\\\/person\\\/6f650f90b2842cd4c0cc334b4e36f67e\",\"name\":\"thomas.berner\",\"image\":{\"@type\":\"ImageObject\",\"inLanguage\":\"fr-FR\",\"@id\":\"https:\\\/\\\/secure.gravatar.com\\\/avatar\\\/ac5001d2a36cb6c6cd3e50789007ffca834b477b74a2144564522e944eabff61?s=96&d=mm&r=g\",\"url\":\"https:\\\/\\\/secure.gravatar.com\\\/avatar\\\/ac5001d2a36cb6c6cd3e50789007ffca834b477b74a2144564522e944eabff61?s=96&d=mm&r=g\",\"contentUrl\":\"https:\\\/\\\/secure.gravatar.com\\\/avatar\\\/ac5001d2a36cb6c6cd3e50789007ffca834b477b74a2144564522e944eabff61?s=96&d=mm&r=g\",\"caption\":\"thomas.berner\"},\"url\":\"https:\\\/\\\/www.organisator.ch\\\/fr\\\/author\\\/thomas-berner\\\/\"}]}<\/script>\n<!-- \/ Yoast SEO plugin. -->","yoast_head_json":{"title":"En plein dans le rythme gr\u00e2ce \u00e0 SAP - Organisateur","description":"La soci\u00e9t\u00e9 Moser-Baer AG, sp\u00e9cialis\u00e9e dans la pr\u00e9cision du temps et de la technique, avait besoin d'un nouveau syst\u00e8me ERP pour optimiser ses processus et la qualit\u00e9 de ses donn\u00e9es. L'\u00e9tude de cas suivante montre comment le projet s'est d\u00e9roul\u00e9 et quels avantages il a apport\u00e9s.","robots":{"index":"index","follow":"follow","max-snippet":"max-snippet:-1","max-image-preview":"max-image-preview:large","max-video-preview":"max-video-preview:-1"},"canonical":"https:\/\/www.organisator.ch\/fr\/gestion-2\/it\/2018-04-06\/voll-im-takt-dank-sap\/","og_locale":"fr_FR","og_type":"article","og_title":"Voll im Takt dank SAP","og_description":"Die auf Pr\u00e4zision in Zeit und Technik spezialisierte #Moser-Baer AG ben\u00f6tigte ein neues #ERP-System, um die Prozesse und Datenqualit\u00e4t zu optimieren. Wie das Projekt ablief und welchen Nutzen es brachte, zeigt die folgende Case Study.","og_url":"https:\/\/www.organisator.ch\/fr\/gestion-2\/it\/2018-04-06\/voll-im-takt-dank-sap\/","og_site_name":"Organisator","article_publisher":"https:\/\/www.facebook.com\/OrganisatorFachmagazin","article_published_time":"2018-04-06T05:30:48+00:00","og_image":[{"width":640,"height":248,"url":"https:\/\/www.organisator.ch\/wp-content\/uploads\/2018\/04\/Voll-im-Takt-dank-SAP-3_Organisator.jpg","type":"image\/jpeg"}],"author":"thomas.berner","twitter_card":"summary_large_image","twitter_title":"Voll im Takt dank #SAP","twitter_description":"Die auf Pr\u00e4zision in Zeit und Technik spezialisierte #Moser-Baer AG ben\u00f6tigte ein neues #ERP-System, um die Prozesse und Datenqualit\u00e4t zu optimieren. Wie das Projekt ablief und welchen Nutzen es brachte, zeigt die folgende Case Study.","twitter_image":"https:\/\/www.organisator.ch\/wp-content\/uploads\/2018\/04\/Voll-im-Takt-dank-SAP-3_Organisator.jpg","schema":{"@context":"https:\/\/schema.org","@graph":[{"@type":"Article","@id":"https:\/\/www.organisator.ch\/management\/it\/2018-04-06\/voll-im-takt-dank-sap\/#article","isPartOf":{"@id":"https:\/\/www.organisator.ch\/management\/it\/2018-04-06\/voll-im-takt-dank-sap\/"},"author":{"name":"thomas.berner","@id":"https:\/\/www.organisator.ch\/#\/schema\/person\/6f650f90b2842cd4c0cc334b4e36f67e"},"headline":"Voll im Takt dank SAP","datePublished":"2018-04-06T05:30:48+00:00","mainEntityOfPage":{"@id":"https:\/\/www.organisator.ch\/management\/it\/2018-04-06\/voll-im-takt-dank-sap\/"},"wordCount":724,"commentCount":0,"publisher":{"@id":"https:\/\/www.organisator.ch\/#organization"},"image":{"@id":"https:\/\/www.organisator.ch\/management\/it\/2018-04-06\/voll-im-takt-dank-sap\/#primaryimage"},"thumbnailUrl":"https:\/\/www.organisator.ch\/wp-content\/uploads\/2018\/04\/Voll-im-Takt-dank-SAP-1_Organisator.jpg","keywords":["ERP","IT &amp; Business Software","Produkte","Unternehmen"],"articleSection":["IT"],"inLanguage":"fr-FR"},{"@type":"WebPage","@id":"https:\/\/www.organisator.ch\/management\/it\/2018-04-06\/voll-im-takt-dank-sap\/","url":"https:\/\/www.organisator.ch\/management\/it\/2018-04-06\/voll-im-takt-dank-sap\/","name":"En plein dans le rythme gr\u00e2ce \u00e0 SAP - Organisateur","isPartOf":{"@id":"https:\/\/www.organisator.ch\/#website"},"primaryImageOfPage":{"@id":"https:\/\/www.organisator.ch\/management\/it\/2018-04-06\/voll-im-takt-dank-sap\/#primaryimage"},"image":{"@id":"https:\/\/www.organisator.ch\/management\/it\/2018-04-06\/voll-im-takt-dank-sap\/#primaryimage"},"thumbnailUrl":"https:\/\/www.organisator.ch\/wp-content\/uploads\/2018\/04\/Voll-im-Takt-dank-SAP-1_Organisator.jpg","datePublished":"2018-04-06T05:30:48+00:00","description":"La soci\u00e9t\u00e9 Moser-Baer AG, sp\u00e9cialis\u00e9e dans la pr\u00e9cision du temps et de la technique, avait besoin d'un nouveau syst\u00e8me ERP pour optimiser ses processus et la qualit\u00e9 de ses donn\u00e9es. L'\u00e9tude de cas suivante montre comment le projet s'est d\u00e9roul\u00e9 et quels avantages il a apport\u00e9s.","breadcrumb":{"@id":"https:\/\/www.organisator.ch\/management\/it\/2018-04-06\/voll-im-takt-dank-sap\/#breadcrumb"},"inLanguage":"fr-FR","potentialAction":[{"@type":"ReadAction","target":["https:\/\/www.organisator.ch\/management\/it\/2018-04-06\/voll-im-takt-dank-sap\/"]}]},{"@type":"ImageObject","inLanguage":"fr-FR","@id":"https:\/\/www.organisator.ch\/management\/it\/2018-04-06\/voll-im-takt-dank-sap\/#primaryimage","url":"https:\/\/www.organisator.ch\/wp-content\/uploads\/2018\/04\/Voll-im-Takt-dank-SAP-1_Organisator.jpg","contentUrl":"https:\/\/www.organisator.ch\/wp-content\/uploads\/2018\/04\/Voll-im-Takt-dank-SAP-1_Organisator.jpg","width":640,"height":426,"caption":"Die Moser-Baer AG ist mit ihren Zeitsystemen nicht nur in der Schweiz vertreten, sondern auch in Deutschland, Japan, Kanada, Russland, Saudi-Arabien, Singapur und vielen weiteren L\u00e4ndern. (Bild: zVg)"},{"@type":"BreadcrumbList","@id":"https:\/\/www.organisator.ch\/management\/it\/2018-04-06\/voll-im-takt-dank-sap\/#breadcrumb","itemListElement":[{"@type":"ListItem","position":1,"name":"Home","item":"https:\/\/www.organisator.ch\/"},{"@type":"ListItem","position":2,"name":"Voll im Takt dank SAP"}]},{"@type":"WebSite","@id":"https:\/\/www.organisator.ch\/#website","url":"https:\/\/www.organisator.ch\/","name":"Organisateur","description":"Comp\u00e9tence et comp\u00e9tence. Proches de la pratique. L'ORGANISATEUR pr\u00e9pare 10 num\u00e9ros par an sur les th\u00e8mes essentiels pour les dirigeants de PME.","publisher":{"@id":"https:\/\/www.organisator.ch\/#organization"},"potentialAction":[{"@type":"SearchAction","target":{"@type":"EntryPoint","urlTemplate":"https:\/\/www.organisator.ch\/?s={search_term_string}"},"query-input":{"@type":"PropertyValueSpecification","valueRequired":true,"valueName":"search_term_string"}}],"inLanguage":"fr-FR"},{"@type":"Organization","@id":"https:\/\/www.organisator.ch\/#organization","name":"Organisateur","url":"https:\/\/www.organisator.ch\/","logo":{"@type":"ImageObject","inLanguage":"fr-FR","@id":"https:\/\/www.organisator.ch\/#\/schema\/logo\/image\/","url":"https:\/\/www.organisator.ch\/wp-content\/uploads\/2022\/01\/Logo_Organisator_Website.png","contentUrl":"https:\/\/www.organisator.ch\/wp-content\/uploads\/2022\/01\/Logo_Organisator_Website.png","width":800,"height":77,"caption":"Organisator"},"image":{"@id":"https:\/\/www.organisator.ch\/#\/schema\/logo\/image\/"},"sameAs":["https:\/\/www.facebook.com\/OrganisatorFachmagazin","https:\/\/www.linkedin.com\/showcase\/organisator-das-magazin-fr-kmu","https:\/\/www.xing.com\/news\/pages\/organisator-ch-695","https:\/\/www.youtube.com\/channel\/UCGP2Sq0iWaZwT3BdIAQFYpw"]},{"@type":"Person","@id":"https:\/\/www.organisator.ch\/#\/schema\/person\/6f650f90b2842cd4c0cc334b4e36f67e","name":"thomas.berner","image":{"@type":"ImageObject","inLanguage":"fr-FR","@id":"https:\/\/secure.gravatar.com\/avatar\/ac5001d2a36cb6c6cd3e50789007ffca834b477b74a2144564522e944eabff61?s=96&d=mm&r=g","url":"https:\/\/secure.gravatar.com\/avatar\/ac5001d2a36cb6c6cd3e50789007ffca834b477b74a2144564522e944eabff61?s=96&d=mm&r=g","contentUrl":"https:\/\/secure.gravatar.com\/avatar\/ac5001d2a36cb6c6cd3e50789007ffca834b477b74a2144564522e944eabff61?s=96&d=mm&r=g","caption":"thomas.berner"},"url":"https:\/\/www.organisator.ch\/fr\/author\/thomas-berner\/"}]}},"_links":{"self":[{"href":"https:\/\/www.organisator.ch\/fr\/wp-json\/wp\/v2\/posts\/3399","targetHints":{"allow":["GET"]}}],"collection":[{"href":"https:\/\/www.organisator.ch\/fr\/wp-json\/wp\/v2\/posts"}],"about":[{"href":"https:\/\/www.organisator.ch\/fr\/wp-json\/wp\/v2\/types\/post"}],"author":[{"embeddable":true,"href":"https:\/\/www.organisator.ch\/fr\/wp-json\/wp\/v2\/users\/4"}],"replies":[{"embeddable":true,"href":"https:\/\/www.organisator.ch\/fr\/wp-json\/wp\/v2\/comments?post=3399"}],"version-history":[{"count":0,"href":"https:\/\/www.organisator.ch\/fr\/wp-json\/wp\/v2\/posts\/3399\/revisions"}],"wp:featuredmedia":[{"embeddable":true,"href":"https:\/\/www.organisator.ch\/fr\/wp-json\/wp\/v2\/media\/3400"}],"wp:attachment":[{"href":"https:\/\/www.organisator.ch\/fr\/wp-json\/wp\/v2\/media?parent=3399"}],"wp:term":[{"taxonomy":"category","embeddable":true,"href":"https:\/\/www.organisator.ch\/fr\/wp-json\/wp\/v2\/categories?post=3399"},{"taxonomy":"post_tag","embeddable":true,"href":"https:\/\/www.organisator.ch\/fr\/wp-json\/wp\/v2\/tags?post=3399"}],"curies":[{"name":"wp","href":"https:\/\/api.w.org\/{rel}","templated":true}]}}