{"id":34011,"date":"2024-11-26T11:34:38","date_gmt":"2024-11-26T10:34:38","guid":{"rendered":"https:\/\/www.markt-kom.com\/?p=227082"},"modified":"2024-11-27T08:02:48","modified_gmt":"2024-11-27T07:02:48","slug":"echowerk-gewinnt-vermarktungsmandat-fuer-hip-hop-festival-rap-city","status":"publish","type":"post","link":"https:\/\/www.organisator.ch\/fr\/marketing\/2024-11-26\/echowerk-gewinnt-vermarktungsmandat-fuer-hip-hop-festival-rap-city\/","title":{"rendered":"Echowerk remporte le mandat de commercialisation du festival hip-hop Rap City"},"content":{"rendered":"<figure id=\"attachment_227083\" class=\"wp-caption aligncenter\" style=\"width: 1200px;\" aria-describedby=\"caption-attachment-227083\"><img class=\"size-full wp-image-227083\" src=\"https:\/\/www.markt-kom.com\/wp-content\/uploads\/2024\/11\/Rap-City-2024.jpg\" sizes=\"(max-width: 1200px) 100vw, 1200px\" srcset=\"https:\/\/www.markt-kom.com\/wp-content\/uploads\/2024\/11\/Rap-City-2024.jpg 1200w, https:\/\/www.markt-kom.com\/wp-content\/uploads\/2024\/11\/Rap-City-2024-600x450.jpg 600w, https:\/\/www.markt-kom.com\/wp-content\/uploads\/2024\/11\/Rap-City-2024-1024x768.jpg 1024w, https:\/\/www.markt-kom.com\/wp-content\/uploads\/2024\/11\/Rap-City-2024-768x576.jpg 768w, https:\/\/www.markt-kom.com\/wp-content\/uploads\/2024\/11\/Rap-City-2024-16x12.jpg 16w, https:\/\/www.markt-kom.com\/wp-content\/uploads\/2024\/11\/Rap-City-2024-233x175.jpg 233w, https:\/\/www.markt-kom.com\/wp-content\/uploads\/2024\/11\/Rap-City-2024-467x350.jpg 467w, https:\/\/www.markt-kom.com\/wp-content\/uploads\/2024\/11\/Rap-City-2024-1000x750.jpg 1000w\" alt=\"\" width=\"1200\" height=\"900\" \/>\r\n<figcaption id=\"caption-attachment-227083\" class=\"wp-caption-text\">(Image : Juan Roos)<\/figcaption>\r\n<\/figure>\r\n<p>Le Rap City a eu lieu pour la premi\u00e8re fois en 2018. Le line-up se compose aussi bien de grands noms internationaux que de nouveaux venus et d'artistes suisses s\u00e9lectionn\u00e9s et attire des visiteurs de toute la Suisse. La taille et la dur\u00e9e du festival permettent de toucher un large public dans le milieu du hip-hop.<\/p>\r\n<h3>Acc\u00e8s appropri\u00e9 au groupe cible urbain<\/h3>\r\n<p>Cet int\u00e9r\u00eat du public est \u00e9galement passionnant pour les partenariats et les sponsorings : Rap City permet de toucher des groupes cibles jeunes et urbains qui sont difficiles \u00e0 atteindre par d'autres moyens. C'est l\u00e0 que l'agence zurichoise Echowerk, charg\u00e9e de la commercialisation exclusive, prend le relais d\u00e8s maintenant.<\/p>\r\n<p>\"L'\u00e9quipe de Rap City sait ce qui int\u00e9resse la sc\u00e8ne hip-hop urbaine et o\u00f9 elle se trouve. Nous soutenons l'\u00e9quipe centrale en assurant une prospection professionnelle du march\u00e9 du c\u00f4t\u00e9 des sponsors et accompagnons les partenaires dans le d\u00e9veloppement et la mise en \u0153uvre de leurs activations\", explique Manuel Schaub, fondateur d'Echowerk.<\/p>\r\n<p>Les partenariats existants seront maintenus et compl\u00e9t\u00e9s par d'autres. Les nouveaux partenariats ouvrent \u00e0 leur tour d'autres canaux de communication pour l'\u00e9v\u00e9nement, ce qui devrait attirer encore plus de fans de hip-hop.<\/p>","protected":false},"excerpt":{"rendered":"<p>Le festival de hip-hop Rap City a eu lieu samedi au Hallenstadion de Zurich. L'agence zurichoise Echowerk participe d\u00e9sormais \u00e0 ce grand \u00e9v\u00e9nement et soutient les organisateurs dans la commercialisation des places de sponsoring.<\/p>","protected":false},"author":8,"featured_media":0,"comment_status":"closed","ping_status":"closed","sticky":false,"template":"","format":"standard","meta":{"_acf_changed":false,"_yoast_wpseo_focuskw":"Rap City Festival","_yoast_wpseo_metadesc":"Das Rap City Festival zieht seit 2018 Hip-Hop-Fans aus der ganzen Schweiz an. Neue Partnerschaften erweitern die Reichweite","articlekey":"","footnotes":""},"categories":[29],"tags":[4851,2855,2799,2800],"class_list":["post-34011","post","type-post","status-publish","format-standard","hentry","category-marketing","tag-echowerk","tag-etats","tag-messen-und-events","tag-musik"],"acf":[],"yoast_head":"<!-- This site is optimized with the Yoast SEO plugin v27.4 - https:\/\/yoast.com\/product\/yoast-seo-wordpress\/ -->\n<title>Echowerk gewinnt Vermarktungsmandat f\u00fcr Hip-Hop-Festival Rap City - Organisator<\/title>\n<meta name=\"description\" content=\"Das Rap City Festival zieht seit 2018 Hip-Hop-Fans aus der ganzen Schweiz an. Neue Partnerschaften erweitern die Reichweite\" \/>\n<meta name=\"robots\" content=\"index, follow, max-snippet:-1, max-image-preview:large, max-video-preview:-1\" \/>\n<link rel=\"canonical\" href=\"https:\/\/www.organisator.ch\/fr\/marketing\/2024-11-26\/echowerk-gewinnt-vermarktungsmandat-fuer-hip-hop-festival-rap-city\/\" \/>\n<meta property=\"og:locale\" content=\"fr_FR\" \/>\n<meta property=\"og:type\" content=\"article\" \/>\n<meta property=\"og:title\" content=\"Echowerk gewinnt Vermarktungsmandat f\u00fcr Hip-Hop-Festival Rap City - Organisator\" \/>\n<meta property=\"og:description\" content=\"Das Rap City Festival zieht seit 2018 Hip-Hop-Fans aus der ganzen Schweiz an. Neue Partnerschaften erweitern die Reichweite\" \/>\n<meta property=\"og:url\" content=\"https:\/\/www.organisator.ch\/fr\/marketing\/2024-11-26\/echowerk-gewinnt-vermarktungsmandat-fuer-hip-hop-festival-rap-city\/\" \/>\n<meta property=\"og:site_name\" content=\"Organisator\" \/>\n<meta property=\"article:publisher\" content=\"https:\/\/www.facebook.com\/OrganisatorFachmagazin\" \/>\n<meta property=\"article:published_time\" content=\"2024-11-26T10:34:38+00:00\" \/>\n<meta property=\"article:modified_time\" content=\"2024-11-27T07:02:48+00:00\" \/>\n<meta name=\"author\" content=\"galledia\" \/>\n<meta name=\"twitter:card\" content=\"summary_large_image\" \/>\n<meta name=\"twitter:creator\" content=\"@admin\" \/>\n<script type=\"application\/ld+json\" class=\"yoast-schema-graph\">{\"@context\":\"https:\\\/\\\/schema.org\",\"@graph\":[{\"@type\":\"Article\",\"@id\":\"https:\\\/\\\/www.organisator.ch\\\/marketing\\\/2024-11-26\\\/echowerk-gewinnt-vermarktungsmandat-fuer-hip-hop-festival-rap-city\\\/#article\",\"isPartOf\":{\"@id\":\"https:\\\/\\\/www.organisator.ch\\\/marketing\\\/2024-11-26\\\/echowerk-gewinnt-vermarktungsmandat-fuer-hip-hop-festival-rap-city\\\/\"},\"author\":{\"name\":\"galledia\",\"@id\":\"https:\\\/\\\/www.organisator.ch\\\/#\\\/schema\\\/person\\\/4e51799071cd2dd1232ac003643ef5f0\"},\"headline\":\"Echowerk gewinnt Vermarktungsmandat f\u00fcr Hip-Hop-Festival Rap City\",\"datePublished\":\"2024-11-26T10:34:38+00:00\",\"dateModified\":\"2024-11-27T07:02:48+00:00\",\"mainEntityOfPage\":{\"@id\":\"https:\\\/\\\/www.organisator.ch\\\/marketing\\\/2024-11-26\\\/echowerk-gewinnt-vermarktungsmandat-fuer-hip-hop-festival-rap-city\\\/\"},\"wordCount\":190,\"publisher\":{\"@id\":\"https:\\\/\\\/www.organisator.ch\\\/#organization\"},\"image\":{\"@id\":\"https:\\\/\\\/www.organisator.ch\\\/marketing\\\/2024-11-26\\\/echowerk-gewinnt-vermarktungsmandat-fuer-hip-hop-festival-rap-city\\\/#primaryimage\"},\"thumbnailUrl\":\"https:\\\/\\\/www.markt-kom.com\\\/wp-content\\\/uploads\\\/2024\\\/11\\\/Rap-City-2024.jpg\",\"keywords\":[\"Echowerk\",\"Etats\",\"Messen und Events\",\"Musik\"],\"articleSection\":[\"MARKETING\"],\"inLanguage\":\"fr-FR\"},{\"@type\":\"WebPage\",\"@id\":\"https:\\\/\\\/www.organisator.ch\\\/marketing\\\/2024-11-26\\\/echowerk-gewinnt-vermarktungsmandat-fuer-hip-hop-festival-rap-city\\\/\",\"url\":\"https:\\\/\\\/www.organisator.ch\\\/marketing\\\/2024-11-26\\\/echowerk-gewinnt-vermarktungsmandat-fuer-hip-hop-festival-rap-city\\\/\",\"name\":\"Echowerk gewinnt Vermarktungsmandat f\u00fcr Hip-Hop-Festival Rap City - Organisator\",\"isPartOf\":{\"@id\":\"https:\\\/\\\/www.organisator.ch\\\/#website\"},\"primaryImageOfPage\":{\"@id\":\"https:\\\/\\\/www.organisator.ch\\\/marketing\\\/2024-11-26\\\/echowerk-gewinnt-vermarktungsmandat-fuer-hip-hop-festival-rap-city\\\/#primaryimage\"},\"image\":{\"@id\":\"https:\\\/\\\/www.organisator.ch\\\/marketing\\\/2024-11-26\\\/echowerk-gewinnt-vermarktungsmandat-fuer-hip-hop-festival-rap-city\\\/#primaryimage\"},\"thumbnailUrl\":\"https:\\\/\\\/www.markt-kom.com\\\/wp-content\\\/uploads\\\/2024\\\/11\\\/Rap-City-2024.jpg\",\"datePublished\":\"2024-11-26T10:34:38+00:00\",\"dateModified\":\"2024-11-27T07:02:48+00:00\",\"description\":\"Das Rap City Festival zieht seit 2018 Hip-Hop-Fans aus der ganzen Schweiz an. Neue Partnerschaften erweitern die Reichweite\",\"breadcrumb\":{\"@id\":\"https:\\\/\\\/www.organisator.ch\\\/marketing\\\/2024-11-26\\\/echowerk-gewinnt-vermarktungsmandat-fuer-hip-hop-festival-rap-city\\\/#breadcrumb\"},\"inLanguage\":\"fr-FR\",\"potentialAction\":[{\"@type\":\"ReadAction\",\"target\":[\"https:\\\/\\\/www.organisator.ch\\\/marketing\\\/2024-11-26\\\/echowerk-gewinnt-vermarktungsmandat-fuer-hip-hop-festival-rap-city\\\/\"]}]},{\"@type\":\"ImageObject\",\"inLanguage\":\"fr-FR\",\"@id\":\"https:\\\/\\\/www.organisator.ch\\\/marketing\\\/2024-11-26\\\/echowerk-gewinnt-vermarktungsmandat-fuer-hip-hop-festival-rap-city\\\/#primaryimage\",\"url\":\"https:\\\/\\\/www.markt-kom.com\\\/wp-content\\\/uploads\\\/2024\\\/11\\\/Rap-City-2024.jpg\",\"contentUrl\":\"https:\\\/\\\/www.markt-kom.com\\\/wp-content\\\/uploads\\\/2024\\\/11\\\/Rap-City-2024.jpg\"},{\"@type\":\"BreadcrumbList\",\"@id\":\"https:\\\/\\\/www.organisator.ch\\\/marketing\\\/2024-11-26\\\/echowerk-gewinnt-vermarktungsmandat-fuer-hip-hop-festival-rap-city\\\/#breadcrumb\",\"itemListElement\":[{\"@type\":\"ListItem\",\"position\":1,\"name\":\"Home\",\"item\":\"https:\\\/\\\/www.organisator.ch\\\/\"},{\"@type\":\"ListItem\",\"position\":2,\"name\":\"Echowerk gewinnt Vermarktungsmandat f\u00fcr Hip-Hop-Festival Rap City\"}]},{\"@type\":\"WebSite\",\"@id\":\"https:\\\/\\\/www.organisator.ch\\\/#website\",\"url\":\"https:\\\/\\\/www.organisator.ch\\\/\",\"name\":\"Organisator\",\"description\":\"Kompetent. Praxisnah. Der ORGANISATOR bereitet in 10 Ausgaben pro Jahr die wesentlichen Themen f\u00fcr F\u00fchrungskr\u00e4fte von KMU auf.\",\"publisher\":{\"@id\":\"https:\\\/\\\/www.organisator.ch\\\/#organization\"},\"potentialAction\":[{\"@type\":\"SearchAction\",\"target\":{\"@type\":\"EntryPoint\",\"urlTemplate\":\"https:\\\/\\\/www.organisator.ch\\\/?s={search_term_string}\"},\"query-input\":{\"@type\":\"PropertyValueSpecification\",\"valueRequired\":true,\"valueName\":\"search_term_string\"}}],\"inLanguage\":\"fr-FR\"},{\"@type\":\"Organization\",\"@id\":\"https:\\\/\\\/www.organisator.ch\\\/#organization\",\"name\":\"Organisator\",\"url\":\"https:\\\/\\\/www.organisator.ch\\\/\",\"logo\":{\"@type\":\"ImageObject\",\"inLanguage\":\"fr-FR\",\"@id\":\"https:\\\/\\\/www.organisator.ch\\\/#\\\/schema\\\/logo\\\/image\\\/\",\"url\":\"https:\\\/\\\/www.organisator.ch\\\/wp-content\\\/uploads\\\/2022\\\/01\\\/Logo_Organisator_Website.png\",\"contentUrl\":\"https:\\\/\\\/www.organisator.ch\\\/wp-content\\\/uploads\\\/2022\\\/01\\\/Logo_Organisator_Website.png\",\"width\":800,\"height\":77,\"caption\":\"Organisator\"},\"image\":{\"@id\":\"https:\\\/\\\/www.organisator.ch\\\/#\\\/schema\\\/logo\\\/image\\\/\"},\"sameAs\":[\"https:\\\/\\\/www.facebook.com\\\/OrganisatorFachmagazin\",\"https:\\\/\\\/www.linkedin.com\\\/showcase\\\/organisator-das-magazin-fr-kmu\",\"https:\\\/\\\/www.xing.com\\\/news\\\/pages\\\/organisator-ch-695\",\"https:\\\/\\\/www.youtube.com\\\/channel\\\/UCGP2Sq0iWaZwT3BdIAQFYpw\"]},{\"@type\":\"Person\",\"@id\":\"https:\\\/\\\/www.organisator.ch\\\/#\\\/schema\\\/person\\\/4e51799071cd2dd1232ac003643ef5f0\",\"name\":\"galledia\",\"image\":{\"@type\":\"ImageObject\",\"inLanguage\":\"fr-FR\",\"@id\":\"https:\\\/\\\/secure.gravatar.com\\\/avatar\\\/78a7f90c01fc2bfc875782a0d4922b37cde2cf184ce347b91316d23cd7f69a36?s=96&d=mm&r=g\",\"url\":\"https:\\\/\\\/secure.gravatar.com\\\/avatar\\\/78a7f90c01fc2bfc875782a0d4922b37cde2cf184ce347b91316d23cd7f69a36?s=96&d=mm&r=g\",\"contentUrl\":\"https:\\\/\\\/secure.gravatar.com\\\/avatar\\\/78a7f90c01fc2bfc875782a0d4922b37cde2cf184ce347b91316d23cd7f69a36?s=96&d=mm&r=g\",\"caption\":\"galledia\"},\"sameAs\":[\"https:\\\/\\\/x.com\\\/admin\"],\"url\":\"https:\\\/\\\/www.organisator.ch\\\/fr\\\/author\\\/galledia\\\/\"}]}<\/script>\n<!-- \/ Yoast SEO plugin. -->","yoast_head_json":{"title":"Echowerk remporte le mandat de commercialisation du festival hip-hop Rap City - Organisateur","description":"Depuis 2018, le Rap City Festival attire les fans de hip-hop de toute la Suisse. De nouveaux partenariats \u00e9largissent la port\u00e9e","robots":{"index":"index","follow":"follow","max-snippet":"max-snippet:-1","max-image-preview":"max-image-preview:large","max-video-preview":"max-video-preview:-1"},"canonical":"https:\/\/www.organisator.ch\/fr\/marketing\/2024-11-26\/echowerk-gewinnt-vermarktungsmandat-fuer-hip-hop-festival-rap-city\/","og_locale":"fr_FR","og_type":"article","og_title":"Echowerk gewinnt Vermarktungsmandat f\u00fcr Hip-Hop-Festival Rap City - Organisator","og_description":"Das Rap City Festival zieht seit 2018 Hip-Hop-Fans aus der ganzen Schweiz an. Neue Partnerschaften erweitern die Reichweite","og_url":"https:\/\/www.organisator.ch\/fr\/marketing\/2024-11-26\/echowerk-gewinnt-vermarktungsmandat-fuer-hip-hop-festival-rap-city\/","og_site_name":"Organisator","article_publisher":"https:\/\/www.facebook.com\/OrganisatorFachmagazin","article_published_time":"2024-11-26T10:34:38+00:00","article_modified_time":"2024-11-27T07:02:48+00:00","author":"galledia","twitter_card":"summary_large_image","twitter_creator":"@admin","schema":{"@context":"https:\/\/schema.org","@graph":[{"@type":"Article","@id":"https:\/\/www.organisator.ch\/marketing\/2024-11-26\/echowerk-gewinnt-vermarktungsmandat-fuer-hip-hop-festival-rap-city\/#article","isPartOf":{"@id":"https:\/\/www.organisator.ch\/marketing\/2024-11-26\/echowerk-gewinnt-vermarktungsmandat-fuer-hip-hop-festival-rap-city\/"},"author":{"name":"galledia","@id":"https:\/\/www.organisator.ch\/#\/schema\/person\/4e51799071cd2dd1232ac003643ef5f0"},"headline":"Echowerk gewinnt Vermarktungsmandat f\u00fcr Hip-Hop-Festival Rap City","datePublished":"2024-11-26T10:34:38+00:00","dateModified":"2024-11-27T07:02:48+00:00","mainEntityOfPage":{"@id":"https:\/\/www.organisator.ch\/marketing\/2024-11-26\/echowerk-gewinnt-vermarktungsmandat-fuer-hip-hop-festival-rap-city\/"},"wordCount":190,"publisher":{"@id":"https:\/\/www.organisator.ch\/#organization"},"image":{"@id":"https:\/\/www.organisator.ch\/marketing\/2024-11-26\/echowerk-gewinnt-vermarktungsmandat-fuer-hip-hop-festival-rap-city\/#primaryimage"},"thumbnailUrl":"https:\/\/www.markt-kom.com\/wp-content\/uploads\/2024\/11\/Rap-City-2024.jpg","keywords":["Echowerk","Etats","Messen und Events","Musik"],"articleSection":["MARKETING"],"inLanguage":"fr-FR"},{"@type":"WebPage","@id":"https:\/\/www.organisator.ch\/marketing\/2024-11-26\/echowerk-gewinnt-vermarktungsmandat-fuer-hip-hop-festival-rap-city\/","url":"https:\/\/www.organisator.ch\/marketing\/2024-11-26\/echowerk-gewinnt-vermarktungsmandat-fuer-hip-hop-festival-rap-city\/","name":"Echowerk remporte le mandat de commercialisation du festival hip-hop Rap City - Organisateur","isPartOf":{"@id":"https:\/\/www.organisator.ch\/#website"},"primaryImageOfPage":{"@id":"https:\/\/www.organisator.ch\/marketing\/2024-11-26\/echowerk-gewinnt-vermarktungsmandat-fuer-hip-hop-festival-rap-city\/#primaryimage"},"image":{"@id":"https:\/\/www.organisator.ch\/marketing\/2024-11-26\/echowerk-gewinnt-vermarktungsmandat-fuer-hip-hop-festival-rap-city\/#primaryimage"},"thumbnailUrl":"https:\/\/www.markt-kom.com\/wp-content\/uploads\/2024\/11\/Rap-City-2024.jpg","datePublished":"2024-11-26T10:34:38+00:00","dateModified":"2024-11-27T07:02:48+00:00","description":"Depuis 2018, le Rap City Festival attire les fans de hip-hop de toute la Suisse. De nouveaux partenariats \u00e9largissent la port\u00e9e","breadcrumb":{"@id":"https:\/\/www.organisator.ch\/marketing\/2024-11-26\/echowerk-gewinnt-vermarktungsmandat-fuer-hip-hop-festival-rap-city\/#breadcrumb"},"inLanguage":"fr-FR","potentialAction":[{"@type":"ReadAction","target":["https:\/\/www.organisator.ch\/marketing\/2024-11-26\/echowerk-gewinnt-vermarktungsmandat-fuer-hip-hop-festival-rap-city\/"]}]},{"@type":"ImageObject","inLanguage":"fr-FR","@id":"https:\/\/www.organisator.ch\/marketing\/2024-11-26\/echowerk-gewinnt-vermarktungsmandat-fuer-hip-hop-festival-rap-city\/#primaryimage","url":"https:\/\/www.markt-kom.com\/wp-content\/uploads\/2024\/11\/Rap-City-2024.jpg","contentUrl":"https:\/\/www.markt-kom.com\/wp-content\/uploads\/2024\/11\/Rap-City-2024.jpg"},{"@type":"BreadcrumbList","@id":"https:\/\/www.organisator.ch\/marketing\/2024-11-26\/echowerk-gewinnt-vermarktungsmandat-fuer-hip-hop-festival-rap-city\/#breadcrumb","itemListElement":[{"@type":"ListItem","position":1,"name":"Home","item":"https:\/\/www.organisator.ch\/"},{"@type":"ListItem","position":2,"name":"Echowerk gewinnt Vermarktungsmandat f\u00fcr Hip-Hop-Festival Rap City"}]},{"@type":"WebSite","@id":"https:\/\/www.organisator.ch\/#website","url":"https:\/\/www.organisator.ch\/","name":"Organisateur","description":"Comp\u00e9tence et comp\u00e9tence. Proches de la pratique. L'ORGANISATEUR pr\u00e9pare 10 num\u00e9ros par an sur les th\u00e8mes essentiels pour les dirigeants de PME.","publisher":{"@id":"https:\/\/www.organisator.ch\/#organization"},"potentialAction":[{"@type":"SearchAction","target":{"@type":"EntryPoint","urlTemplate":"https:\/\/www.organisator.ch\/?s={search_term_string}"},"query-input":{"@type":"PropertyValueSpecification","valueRequired":true,"valueName":"search_term_string"}}],"inLanguage":"fr-FR"},{"@type":"Organization","@id":"https:\/\/www.organisator.ch\/#organization","name":"Organisateur","url":"https:\/\/www.organisator.ch\/","logo":{"@type":"ImageObject","inLanguage":"fr-FR","@id":"https:\/\/www.organisator.ch\/#\/schema\/logo\/image\/","url":"https:\/\/www.organisator.ch\/wp-content\/uploads\/2022\/01\/Logo_Organisator_Website.png","contentUrl":"https:\/\/www.organisator.ch\/wp-content\/uploads\/2022\/01\/Logo_Organisator_Website.png","width":800,"height":77,"caption":"Organisator"},"image":{"@id":"https:\/\/www.organisator.ch\/#\/schema\/logo\/image\/"},"sameAs":["https:\/\/www.facebook.com\/OrganisatorFachmagazin","https:\/\/www.linkedin.com\/showcase\/organisator-das-magazin-fr-kmu","https:\/\/www.xing.com\/news\/pages\/organisator-ch-695","https:\/\/www.youtube.com\/channel\/UCGP2Sq0iWaZwT3BdIAQFYpw"]},{"@type":"Person","@id":"https:\/\/www.organisator.ch\/#\/schema\/person\/4e51799071cd2dd1232ac003643ef5f0","name":"galledia","image":{"@type":"ImageObject","inLanguage":"fr-FR","@id":"https:\/\/secure.gravatar.com\/avatar\/78a7f90c01fc2bfc875782a0d4922b37cde2cf184ce347b91316d23cd7f69a36?s=96&d=mm&r=g","url":"https:\/\/secure.gravatar.com\/avatar\/78a7f90c01fc2bfc875782a0d4922b37cde2cf184ce347b91316d23cd7f69a36?s=96&d=mm&r=g","contentUrl":"https:\/\/secure.gravatar.com\/avatar\/78a7f90c01fc2bfc875782a0d4922b37cde2cf184ce347b91316d23cd7f69a36?s=96&d=mm&r=g","caption":"galledia"},"sameAs":["https:\/\/x.com\/admin"],"url":"https:\/\/www.organisator.ch\/fr\/author\/galledia\/"}]}},"_links":{"self":[{"href":"https:\/\/www.organisator.ch\/fr\/wp-json\/wp\/v2\/posts\/34011","targetHints":{"allow":["GET"]}}],"collection":[{"href":"https:\/\/www.organisator.ch\/fr\/wp-json\/wp\/v2\/posts"}],"about":[{"href":"https:\/\/www.organisator.ch\/fr\/wp-json\/wp\/v2\/types\/post"}],"author":[{"embeddable":true,"href":"https:\/\/www.organisator.ch\/fr\/wp-json\/wp\/v2\/users\/8"}],"replies":[{"embeddable":true,"href":"https:\/\/www.organisator.ch\/fr\/wp-json\/wp\/v2\/comments?post=34011"}],"version-history":[{"count":8,"href":"https:\/\/www.organisator.ch\/fr\/wp-json\/wp\/v2\/posts\/34011\/revisions"}],"predecessor-version":[{"id":34061,"href":"https:\/\/www.organisator.ch\/fr\/wp-json\/wp\/v2\/posts\/34011\/revisions\/34061"}],"wp:attachment":[{"href":"https:\/\/www.organisator.ch\/fr\/wp-json\/wp\/v2\/media?parent=34011"}],"wp:term":[{"taxonomy":"category","embeddable":true,"href":"https:\/\/www.organisator.ch\/fr\/wp-json\/wp\/v2\/categories?post=34011"},{"taxonomy":"post_tag","embeddable":true,"href":"https:\/\/www.organisator.ch\/fr\/wp-json\/wp\/v2\/tags?post=34011"}],"curies":[{"name":"wp","href":"https:\/\/api.w.org\/{rel}","templated":true}]}}