{"id":34013,"date":"2024-11-26T10:23:46","date_gmt":"2024-11-26T09:23:46","guid":{"rendered":"https:\/\/www.markt-kom.com\/?p=227076"},"modified":"2024-11-26T10:23:46","modified_gmt":"2024-11-26T09:23:46","slug":"michael-hinderling-verabschiedet-sich-von-dept","status":"publish","type":"post","link":"https:\/\/www.organisator.ch\/fr\/marketing\/2024-11-26\/michael-hinderling-verabschiedet-sich-von-dept\/","title":{"rendered":"Michael Hinderling fait ses adieux \u00e0 Dept"},"content":{"rendered":"<figure id=\"attachment_227077\" aria-describedby=\"caption-attachment-227077\" style=\"width: 704px\" class=\"wp-caption aligncenter\"><img decoding=\"async\" class=\"size-full wp-image-227077\" src=\"https:\/\/www.markt-kom.com\/wp-content\/uploads\/2024\/11\/michael-hinderling-verlasst-dept-Bild-zvG.jpg\" alt=\"\" width=\"704\" height=\"528\" srcset=\"https:\/\/www.markt-kom.com\/wp-content\/uploads\/2024\/11\/michael-hinderling-verlasst-dept-Bild-zvG.jpg 704w, https:\/\/www.markt-kom.com\/wp-content\/uploads\/2024\/11\/michael-hinderling-verlasst-dept-Bild-zvG-600x450.jpg 600w, https:\/\/www.markt-kom.com\/wp-content\/uploads\/2024\/11\/michael-hinderling-verlasst-dept-Bild-zvG-16x12.jpg 16w, https:\/\/www.markt-kom.com\/wp-content\/uploads\/2024\/11\/michael-hinderling-verlasst-dept-Bild-zvG-233x175.jpg 233w, https:\/\/www.markt-kom.com\/wp-content\/uploads\/2024\/11\/michael-hinderling-verlasst-dept-Bild-zvG-467x350.jpg 467w\" sizes=\"(max-width: 704px) 100vw, 704px\" \/><figcaption id=\"caption-attachment-227077\" class=\"wp-caption-text\">(Image : zVg.)<\/figcaption><\/figure>\n<p>Michael Hinderling quitte Dept apr\u00e8s presque cinq ans de collaboration. Son passage \u00e0 l'agence prend fin apr\u00e8s une nuit de succ\u00e8s aux Best of Swiss Apps Awards de cette ann\u00e9e. L'application mobile pour l'entreprise d'\u00e9nergie solaire Helion a \u00e9t\u00e9 r\u00e9compens\u00e9e \u00e0 plusieurs reprises et a notamment remport\u00e9 le prix de l'innovation. <a href=\"https:\/\/www.markt-kom.com\/de\/markom\/awards\/best-of-swiss-apps-ein-gold-hattrick-und-eine-vierfache-software-kuer\/\"  rel=\"noopener\">prestigieux titre de master<\/a>. Un aboutissement r\u00e9ussi pour ces ann\u00e9es pass\u00e9es au sein de l'agence, selon un communiqu\u00e9.<\/p>\n<p>Depuis la fusion de Hinderling Volkart et Dept, Michael Hinderling \u00e9tait responsable de l'unit\u00e9 suisse nouvellement form\u00e9e. Deux ans plus tard, il s'est concentr\u00e9 sur le conseil strat\u00e9gique et les projets individuels innovants, poursuit le communiqu\u00e9. En outre, pendant son s\u00e9jour chez Dept, Hinderling a suivi une formation continue au MIT sur le th\u00e8me de l'intelligence artificielle et de ses implications pour les strat\u00e9gies commerciales. Parall\u00e8lement \u00e0 ses t\u00e2ches au sein de l'agence, il a fourni \u00e0 sa propre client\u00e8le des strat\u00e9gies de marque, des identit\u00e9s num\u00e9riques et des sites web en tant que designer ind\u00e9pendant.<\/p>\n<p>Selon le communiqu\u00e9, Michael Hinderling souhaite d\u00e9sormais relever de nouveaux d\u00e9fis et s'attaquer \u00e0 de nouvelles visions. Son prochain projet est la conception d'un mus\u00e9e immersif qui associera les mondes num\u00e9rique et physique. Hinderling envisage en outre de cr\u00e9er une agence-boutique apr\u00e8s son d\u00e9part de Dept, comme il le communique lui-m\u00eame. Il attend simplement l'occasion et la constellation ad\u00e9quates. <em>(Dajana Dakic\/cka\/swi)<\/em><\/p>\n<hr \/>\n<p><a href=\"https:\/\/www.netzwoche.ch\/news\/2024-11-25\/michael-hinderling-verabschiedet-sich-von-dept\"  rel=\"noopener\"><em>Cet article a d'abord \u00e9t\u00e9 publi\u00e9 dans le magazine Netzwoche.<\/em><\/a><\/p>","protected":false},"excerpt":{"rendered":"<p>Apr\u00e8s presque cinq ans en tant que directeur cr\u00e9atif chez Dept, Michael Hinderling quitte l'agence. Il se consacre \u00e0 son prochain projet, la conception d'un mus\u00e9e immersif.<\/p>","protected":false},"author":8,"featured_media":0,"comment_status":"closed","ping_status":"closed","sticky":false,"template":"","format":"standard","meta":{"_acf_changed":false,"_yoast_wpseo_focuskw":"","_yoast_wpseo_metadesc":"","articlekey":"","footnotes":""},"categories":[29],"tags":[4345,4852,2853],"class_list":["post-34013","post","type-post","status-publish","format-standard","hentry","category-marketing","tag-business","tag-dept","tag-jobchange"],"acf":[],"yoast_head":"<!-- This site is optimized with the Yoast SEO plugin v27.5 - https:\/\/yoast.com\/product\/yoast-seo-wordpress\/ -->\n<title>Michael Hinderling verabschiedet sich von Dept - Organisator<\/title>\n<meta name=\"robots\" content=\"index, follow, max-snippet:-1, max-image-preview:large, max-video-preview:-1\" \/>\n<link rel=\"canonical\" href=\"https:\/\/www.organisator.ch\/fr\/marketing\/2024-11-26\/michael-hinderling-verabschiedet-sich-von-dept\/\" \/>\n<meta property=\"og:locale\" content=\"fr_FR\" \/>\n<meta property=\"og:type\" content=\"article\" \/>\n<meta property=\"og:title\" content=\"Michael Hinderling verabschiedet sich von Dept - Organisator\" \/>\n<meta property=\"og:description\" content=\"Nach fast f\u00fcnf Jahren als Creative Director bei Dept verl\u00e4sst Michael Hinderling die Agentur. Er widmet sich seinem n\u00e4chsten Projekt, der Konzeption eines immersiven Museums.\" \/>\n<meta property=\"og:url\" content=\"https:\/\/www.organisator.ch\/fr\/marketing\/2024-11-26\/michael-hinderling-verabschiedet-sich-von-dept\/\" \/>\n<meta property=\"og:site_name\" content=\"Organisator\" \/>\n<meta property=\"article:publisher\" content=\"https:\/\/www.facebook.com\/OrganisatorFachmagazin\" \/>\n<meta property=\"article:published_time\" content=\"2024-11-26T09:23:46+00:00\" \/>\n<meta name=\"author\" content=\"galledia\" \/>\n<meta name=\"twitter:card\" content=\"summary_large_image\" \/>\n<meta name=\"twitter:creator\" content=\"@admin\" \/>\n<script type=\"application\/ld+json\" class=\"yoast-schema-graph\">{\"@context\":\"https:\\\/\\\/schema.org\",\"@graph\":[{\"@type\":\"Article\",\"@id\":\"https:\\\/\\\/www.organisator.ch\\\/de\\\/marketing\\\/2024-11-26\\\/michael-hinderling-verabschiedet-sich-von-dept\\\/#article\",\"isPartOf\":{\"@id\":\"https:\\\/\\\/www.organisator.ch\\\/de\\\/marketing\\\/2024-11-26\\\/michael-hinderling-verabschiedet-sich-von-dept\\\/\"},\"author\":{\"name\":\"galledia\",\"@id\":\"https:\\\/\\\/www.organisator.ch\\\/#\\\/schema\\\/person\\\/4e51799071cd2dd1232ac003643ef5f0\"},\"headline\":\"Michael Hinderling verabschiedet sich von Dept\",\"datePublished\":\"2024-11-26T09:23:46+00:00\",\"mainEntityOfPage\":{\"@id\":\"https:\\\/\\\/www.organisator.ch\\\/de\\\/marketing\\\/2024-11-26\\\/michael-hinderling-verabschiedet-sich-von-dept\\\/\"},\"wordCount\":228,\"publisher\":{\"@id\":\"https:\\\/\\\/www.organisator.ch\\\/#organization\"},\"image\":{\"@id\":\"https:\\\/\\\/www.organisator.ch\\\/de\\\/marketing\\\/2024-11-26\\\/michael-hinderling-verabschiedet-sich-von-dept\\\/#primaryimage\"},\"thumbnailUrl\":\"https:\\\/\\\/www.markt-kom.com\\\/wp-content\\\/uploads\\\/2024\\\/11\\\/michael-hinderling-verlasst-dept-Bild-zvG.jpg\",\"keywords\":[\"Business\",\"Dept\",\"Jobchange\"],\"articleSection\":[\"MARKETING\"],\"inLanguage\":\"fr-FR\"},{\"@type\":\"WebPage\",\"@id\":\"https:\\\/\\\/www.organisator.ch\\\/de\\\/marketing\\\/2024-11-26\\\/michael-hinderling-verabschiedet-sich-von-dept\\\/\",\"url\":\"https:\\\/\\\/www.organisator.ch\\\/de\\\/marketing\\\/2024-11-26\\\/michael-hinderling-verabschiedet-sich-von-dept\\\/\",\"name\":\"Michael Hinderling verabschiedet sich von Dept - Organisator\",\"isPartOf\":{\"@id\":\"https:\\\/\\\/www.organisator.ch\\\/#website\"},\"primaryImageOfPage\":{\"@id\":\"https:\\\/\\\/www.organisator.ch\\\/de\\\/marketing\\\/2024-11-26\\\/michael-hinderling-verabschiedet-sich-von-dept\\\/#primaryimage\"},\"image\":{\"@id\":\"https:\\\/\\\/www.organisator.ch\\\/de\\\/marketing\\\/2024-11-26\\\/michael-hinderling-verabschiedet-sich-von-dept\\\/#primaryimage\"},\"thumbnailUrl\":\"https:\\\/\\\/www.markt-kom.com\\\/wp-content\\\/uploads\\\/2024\\\/11\\\/michael-hinderling-verlasst-dept-Bild-zvG.jpg\",\"datePublished\":\"2024-11-26T09:23:46+00:00\",\"breadcrumb\":{\"@id\":\"https:\\\/\\\/www.organisator.ch\\\/de\\\/marketing\\\/2024-11-26\\\/michael-hinderling-verabschiedet-sich-von-dept\\\/#breadcrumb\"},\"inLanguage\":\"fr-FR\",\"potentialAction\":[{\"@type\":\"ReadAction\",\"target\":[\"https:\\\/\\\/www.organisator.ch\\\/de\\\/marketing\\\/2024-11-26\\\/michael-hinderling-verabschiedet-sich-von-dept\\\/\"]}]},{\"@type\":\"ImageObject\",\"inLanguage\":\"fr-FR\",\"@id\":\"https:\\\/\\\/www.organisator.ch\\\/de\\\/marketing\\\/2024-11-26\\\/michael-hinderling-verabschiedet-sich-von-dept\\\/#primaryimage\",\"url\":\"https:\\\/\\\/www.markt-kom.com\\\/wp-content\\\/uploads\\\/2024\\\/11\\\/michael-hinderling-verlasst-dept-Bild-zvG.jpg\",\"contentUrl\":\"https:\\\/\\\/www.markt-kom.com\\\/wp-content\\\/uploads\\\/2024\\\/11\\\/michael-hinderling-verlasst-dept-Bild-zvG.jpg\"},{\"@type\":\"BreadcrumbList\",\"@id\":\"https:\\\/\\\/www.organisator.ch\\\/de\\\/marketing\\\/2024-11-26\\\/michael-hinderling-verabschiedet-sich-von-dept\\\/#breadcrumb\",\"itemListElement\":[{\"@type\":\"ListItem\",\"position\":1,\"name\":\"Home\",\"item\":\"https:\\\/\\\/www.organisator.ch\\\/\"},{\"@type\":\"ListItem\",\"position\":2,\"name\":\"Michael Hinderling verabschiedet sich von Dept\"}]},{\"@type\":\"WebSite\",\"@id\":\"https:\\\/\\\/www.organisator.ch\\\/#website\",\"url\":\"https:\\\/\\\/www.organisator.ch\\\/\",\"name\":\"Organisator\",\"description\":\"Kompetent. Praxisnah. Der ORGANISATOR bereitet in 10 Ausgaben pro Jahr die wesentlichen Themen f\u00fcr F\u00fchrungskr\u00e4fte von KMU auf.\",\"publisher\":{\"@id\":\"https:\\\/\\\/www.organisator.ch\\\/#organization\"},\"potentialAction\":[{\"@type\":\"SearchAction\",\"target\":{\"@type\":\"EntryPoint\",\"urlTemplate\":\"https:\\\/\\\/www.organisator.ch\\\/?s={search_term_string}\"},\"query-input\":{\"@type\":\"PropertyValueSpecification\",\"valueRequired\":true,\"valueName\":\"search_term_string\"}}],\"inLanguage\":\"fr-FR\"},{\"@type\":\"Organization\",\"@id\":\"https:\\\/\\\/www.organisator.ch\\\/#organization\",\"name\":\"Organisator\",\"url\":\"https:\\\/\\\/www.organisator.ch\\\/\",\"logo\":{\"@type\":\"ImageObject\",\"inLanguage\":\"fr-FR\",\"@id\":\"https:\\\/\\\/www.organisator.ch\\\/#\\\/schema\\\/logo\\\/image\\\/\",\"url\":\"https:\\\/\\\/www.organisator.ch\\\/wp-content\\\/uploads\\\/2022\\\/01\\\/Logo_Organisator_Website.png\",\"contentUrl\":\"https:\\\/\\\/www.organisator.ch\\\/wp-content\\\/uploads\\\/2022\\\/01\\\/Logo_Organisator_Website.png\",\"width\":800,\"height\":77,\"caption\":\"Organisator\"},\"image\":{\"@id\":\"https:\\\/\\\/www.organisator.ch\\\/#\\\/schema\\\/logo\\\/image\\\/\"},\"sameAs\":[\"https:\\\/\\\/www.facebook.com\\\/OrganisatorFachmagazin\",\"https:\\\/\\\/www.linkedin.com\\\/showcase\\\/organisator-das-magazin-fr-kmu\",\"https:\\\/\\\/www.xing.com\\\/news\\\/pages\\\/organisator-ch-695\",\"https:\\\/\\\/www.youtube.com\\\/channel\\\/UCGP2Sq0iWaZwT3BdIAQFYpw\"]},{\"@type\":\"Person\",\"@id\":\"https:\\\/\\\/www.organisator.ch\\\/#\\\/schema\\\/person\\\/4e51799071cd2dd1232ac003643ef5f0\",\"name\":\"galledia\",\"image\":{\"@type\":\"ImageObject\",\"inLanguage\":\"fr-FR\",\"@id\":\"https:\\\/\\\/secure.gravatar.com\\\/avatar\\\/78a7f90c01fc2bfc875782a0d4922b37cde2cf184ce347b91316d23cd7f69a36?s=96&d=mm&r=g\",\"url\":\"https:\\\/\\\/secure.gravatar.com\\\/avatar\\\/78a7f90c01fc2bfc875782a0d4922b37cde2cf184ce347b91316d23cd7f69a36?s=96&d=mm&r=g\",\"contentUrl\":\"https:\\\/\\\/secure.gravatar.com\\\/avatar\\\/78a7f90c01fc2bfc875782a0d4922b37cde2cf184ce347b91316d23cd7f69a36?s=96&d=mm&r=g\",\"caption\":\"galledia\"},\"sameAs\":[\"https:\\\/\\\/x.com\\\/admin\"],\"url\":\"https:\\\/\\\/www.organisator.ch\\\/fr\\\/author\\\/galledia\\\/\"}]}<\/script>\n<!-- \/ Yoast SEO plugin. -->","yoast_head_json":{"title":"Michael Hinderling fait ses adieux au Dept - Organisateur","robots":{"index":"index","follow":"follow","max-snippet":"max-snippet:-1","max-image-preview":"max-image-preview:large","max-video-preview":"max-video-preview:-1"},"canonical":"https:\/\/www.organisator.ch\/fr\/marketing\/2024-11-26\/michael-hinderling-verabschiedet-sich-von-dept\/","og_locale":"fr_FR","og_type":"article","og_title":"Michael Hinderling verabschiedet sich von Dept - Organisator","og_description":"Nach fast f\u00fcnf Jahren als Creative Director bei Dept verl\u00e4sst Michael Hinderling die Agentur. Er widmet sich seinem n\u00e4chsten Projekt, der Konzeption eines immersiven Museums.","og_url":"https:\/\/www.organisator.ch\/fr\/marketing\/2024-11-26\/michael-hinderling-verabschiedet-sich-von-dept\/","og_site_name":"Organisator","article_publisher":"https:\/\/www.facebook.com\/OrganisatorFachmagazin","article_published_time":"2024-11-26T09:23:46+00:00","author":"galledia","twitter_card":"summary_large_image","twitter_creator":"@admin","schema":{"@context":"https:\/\/schema.org","@graph":[{"@type":"Article","@id":"https:\/\/www.organisator.ch\/de\/marketing\/2024-11-26\/michael-hinderling-verabschiedet-sich-von-dept\/#article","isPartOf":{"@id":"https:\/\/www.organisator.ch\/de\/marketing\/2024-11-26\/michael-hinderling-verabschiedet-sich-von-dept\/"},"author":{"name":"galledia","@id":"https:\/\/www.organisator.ch\/#\/schema\/person\/4e51799071cd2dd1232ac003643ef5f0"},"headline":"Michael Hinderling verabschiedet sich von Dept","datePublished":"2024-11-26T09:23:46+00:00","mainEntityOfPage":{"@id":"https:\/\/www.organisator.ch\/de\/marketing\/2024-11-26\/michael-hinderling-verabschiedet-sich-von-dept\/"},"wordCount":228,"publisher":{"@id":"https:\/\/www.organisator.ch\/#organization"},"image":{"@id":"https:\/\/www.organisator.ch\/de\/marketing\/2024-11-26\/michael-hinderling-verabschiedet-sich-von-dept\/#primaryimage"},"thumbnailUrl":"https:\/\/www.markt-kom.com\/wp-content\/uploads\/2024\/11\/michael-hinderling-verlasst-dept-Bild-zvG.jpg","keywords":["Business","Dept","Jobchange"],"articleSection":["MARKETING"],"inLanguage":"fr-FR"},{"@type":"WebPage","@id":"https:\/\/www.organisator.ch\/de\/marketing\/2024-11-26\/michael-hinderling-verabschiedet-sich-von-dept\/","url":"https:\/\/www.organisator.ch\/de\/marketing\/2024-11-26\/michael-hinderling-verabschiedet-sich-von-dept\/","name":"Michael Hinderling fait ses adieux au Dept - Organisateur","isPartOf":{"@id":"https:\/\/www.organisator.ch\/#website"},"primaryImageOfPage":{"@id":"https:\/\/www.organisator.ch\/de\/marketing\/2024-11-26\/michael-hinderling-verabschiedet-sich-von-dept\/#primaryimage"},"image":{"@id":"https:\/\/www.organisator.ch\/de\/marketing\/2024-11-26\/michael-hinderling-verabschiedet-sich-von-dept\/#primaryimage"},"thumbnailUrl":"https:\/\/www.markt-kom.com\/wp-content\/uploads\/2024\/11\/michael-hinderling-verlasst-dept-Bild-zvG.jpg","datePublished":"2024-11-26T09:23:46+00:00","breadcrumb":{"@id":"https:\/\/www.organisator.ch\/de\/marketing\/2024-11-26\/michael-hinderling-verabschiedet-sich-von-dept\/#breadcrumb"},"inLanguage":"fr-FR","potentialAction":[{"@type":"ReadAction","target":["https:\/\/www.organisator.ch\/de\/marketing\/2024-11-26\/michael-hinderling-verabschiedet-sich-von-dept\/"]}]},{"@type":"ImageObject","inLanguage":"fr-FR","@id":"https:\/\/www.organisator.ch\/de\/marketing\/2024-11-26\/michael-hinderling-verabschiedet-sich-von-dept\/#primaryimage","url":"https:\/\/www.markt-kom.com\/wp-content\/uploads\/2024\/11\/michael-hinderling-verlasst-dept-Bild-zvG.jpg","contentUrl":"https:\/\/www.markt-kom.com\/wp-content\/uploads\/2024\/11\/michael-hinderling-verlasst-dept-Bild-zvG.jpg"},{"@type":"BreadcrumbList","@id":"https:\/\/www.organisator.ch\/de\/marketing\/2024-11-26\/michael-hinderling-verabschiedet-sich-von-dept\/#breadcrumb","itemListElement":[{"@type":"ListItem","position":1,"name":"Home","item":"https:\/\/www.organisator.ch\/"},{"@type":"ListItem","position":2,"name":"Michael Hinderling verabschiedet sich von Dept"}]},{"@type":"WebSite","@id":"https:\/\/www.organisator.ch\/#website","url":"https:\/\/www.organisator.ch\/","name":"Organisateur","description":"Comp\u00e9tence et comp\u00e9tence. Proches de la pratique. L'ORGANISATEUR pr\u00e9pare 10 num\u00e9ros par an sur les th\u00e8mes essentiels pour les dirigeants de PME.","publisher":{"@id":"https:\/\/www.organisator.ch\/#organization"},"potentialAction":[{"@type":"SearchAction","target":{"@type":"EntryPoint","urlTemplate":"https:\/\/www.organisator.ch\/?s={search_term_string}"},"query-input":{"@type":"PropertyValueSpecification","valueRequired":true,"valueName":"search_term_string"}}],"inLanguage":"fr-FR"},{"@type":"Organization","@id":"https:\/\/www.organisator.ch\/#organization","name":"Organisateur","url":"https:\/\/www.organisator.ch\/","logo":{"@type":"ImageObject","inLanguage":"fr-FR","@id":"https:\/\/www.organisator.ch\/#\/schema\/logo\/image\/","url":"https:\/\/www.organisator.ch\/wp-content\/uploads\/2022\/01\/Logo_Organisator_Website.png","contentUrl":"https:\/\/www.organisator.ch\/wp-content\/uploads\/2022\/01\/Logo_Organisator_Website.png","width":800,"height":77,"caption":"Organisator"},"image":{"@id":"https:\/\/www.organisator.ch\/#\/schema\/logo\/image\/"},"sameAs":["https:\/\/www.facebook.com\/OrganisatorFachmagazin","https:\/\/www.linkedin.com\/showcase\/organisator-das-magazin-fr-kmu","https:\/\/www.xing.com\/news\/pages\/organisator-ch-695","https:\/\/www.youtube.com\/channel\/UCGP2Sq0iWaZwT3BdIAQFYpw"]},{"@type":"Person","@id":"https:\/\/www.organisator.ch\/#\/schema\/person\/4e51799071cd2dd1232ac003643ef5f0","name":"galledia","image":{"@type":"ImageObject","inLanguage":"fr-FR","@id":"https:\/\/secure.gravatar.com\/avatar\/78a7f90c01fc2bfc875782a0d4922b37cde2cf184ce347b91316d23cd7f69a36?s=96&d=mm&r=g","url":"https:\/\/secure.gravatar.com\/avatar\/78a7f90c01fc2bfc875782a0d4922b37cde2cf184ce347b91316d23cd7f69a36?s=96&d=mm&r=g","contentUrl":"https:\/\/secure.gravatar.com\/avatar\/78a7f90c01fc2bfc875782a0d4922b37cde2cf184ce347b91316d23cd7f69a36?s=96&d=mm&r=g","caption":"galledia"},"sameAs":["https:\/\/x.com\/admin"],"url":"https:\/\/www.organisator.ch\/fr\/author\/galledia\/"}]}},"_links":{"self":[{"href":"https:\/\/www.organisator.ch\/fr\/wp-json\/wp\/v2\/posts\/34013","targetHints":{"allow":["GET"]}}],"collection":[{"href":"https:\/\/www.organisator.ch\/fr\/wp-json\/wp\/v2\/posts"}],"about":[{"href":"https:\/\/www.organisator.ch\/fr\/wp-json\/wp\/v2\/types\/post"}],"author":[{"embeddable":true,"href":"https:\/\/www.organisator.ch\/fr\/wp-json\/wp\/v2\/users\/8"}],"replies":[{"embeddable":true,"href":"https:\/\/www.organisator.ch\/fr\/wp-json\/wp\/v2\/comments?post=34013"}],"version-history":[{"count":2,"href":"https:\/\/www.organisator.ch\/fr\/wp-json\/wp\/v2\/posts\/34013\/revisions"}],"predecessor-version":[{"id":34031,"href":"https:\/\/www.organisator.ch\/fr\/wp-json\/wp\/v2\/posts\/34013\/revisions\/34031"}],"wp:attachment":[{"href":"https:\/\/www.organisator.ch\/fr\/wp-json\/wp\/v2\/media?parent=34013"}],"wp:term":[{"taxonomy":"category","embeddable":true,"href":"https:\/\/www.organisator.ch\/fr\/wp-json\/wp\/v2\/categories?post=34013"},{"taxonomy":"post_tag","embeddable":true,"href":"https:\/\/www.organisator.ch\/fr\/wp-json\/wp\/v2\/tags?post=34013"}],"curies":[{"name":"wp","href":"https:\/\/api.w.org\/{rel}","templated":true}]}}