{"id":34034,"date":"2024-11-27T09:25:30","date_gmt":"2024-11-27T08:25:30","guid":{"rendered":"https:\/\/www.organisator.ch\/?p=34034"},"modified":"2024-11-26T16:25:43","modified_gmt":"2024-11-26T15:25:43","slug":"neue-wege-fuer-digitale-zukunftskompetenzen","status":"publish","type":"post","link":"https:\/\/www.organisator.ch\/fr\/weiterbildung\/2024-11-27\/neue-wege-fuer-digitale-zukunftskompetenzen\/","title":{"rendered":"De nouvelles voies pour les comp\u00e9tences num\u00e9riques du futur"},"content":{"rendered":"<figure id=\"attachment_34035\" aria-describedby=\"caption-attachment-34035\" style=\"width: 680px\" class=\"wp-caption alignnone\"><img loading=\"lazy\" decoding=\"async\" class=\"size-full wp-image-34035\" src=\"https:\/\/www.organisator.ch\/wp-content\/uploads\/2024\/11\/FHNW_Bild1_ps.jpg\" alt=\"\" width=\"680\" height=\"348\" srcset=\"https:\/\/www.organisator.ch\/wp-content\/uploads\/2024\/11\/FHNW_Bild1_ps.jpg 680w, https:\/\/www.organisator.ch\/wp-content\/uploads\/2024\/11\/FHNW_Bild1_ps-18x9.jpg 18w, https:\/\/www.organisator.ch\/wp-content\/uploads\/2024\/11\/FHNW_Bild1_ps-375x192.jpg 375w\" sizes=\"auto, (max-width: 680px) 100vw, 680px\" \/><figcaption id=\"caption-attachment-34035\" class=\"wp-caption-text\">Les nouveaux programmes MAS renforcent les professionnels de l'informatique en Suisse. Focus sur la cybers\u00e9curit\u00e9 et les comp\u00e9tences de direction num\u00e9riques. (Image : FHNW)<\/figcaption><\/figure>\n<p>Ces programmes ont \u00e9t\u00e9 con\u00e7us pour faire face \u00e0 la grave p\u00e9nurie de personnel qualifi\u00e9 dans le secteur informatique et pour renforcer la comp\u00e9titivit\u00e9 de l'\u00e9conomie suisse. Alors que le MAS Leadership in Cybersecurity s'adresse de mani\u00e8re cibl\u00e9e \u00e0 la menace croissante des cyberattaques, le MAS Digital Leadership in IT se concentre sur la promotion des comp\u00e9tences de direction pour la transformation num\u00e9rique. Les deux programmes sont adapt\u00e9s aux comp\u00e9tences futures des sp\u00e9cialistes et des cadres ainsi qu'\u00e0 leurs organisations.<\/p>\n<p>Les nouveaux programmes permettront d'affiner les profils de comp\u00e9tences des dipl\u00f4m\u00e9s dans un monde num\u00e9rique en rapide \u00e9volution et plein de d\u00e9fis. La particularit\u00e9 des nouveaux programmes MAS r\u00e9side dans leur structure modulaire et donc dans la flexibilit\u00e9 de leur inscription par les dipl\u00f4m\u00e9s.<\/p>\n<h3><strong>MAS Leadership num\u00e9rique en TI<\/strong><\/h3>\n<p>Ce programme a \u00e9t\u00e9 con\u00e7u pour les professionnels de l'informatique et les dirigeants exp\u00e9riment\u00e9s qui souhaitent \u00e9largir leurs comp\u00e9tences en mati\u00e8re de gestion strat\u00e9gique et num\u00e9rique et renforcer leurs comp\u00e9tences en mati\u00e8re de leadership. La formation se concentre sur les comp\u00e9tences cl\u00e9s que sont la technologie, le commerce et le leadership :<\/p>\n<ul>\n<li>Une gestion moderne ax\u00e9e sur les personnes<\/li>\n<li>Gestion de la technologie<\/li>\n<li>Transformation num\u00e9rique des entreprises<\/li>\n<\/ul>\n<p>Dans le cadre de ce programme, les participants obtiennent en outre la certification Agile Business Professional, reconnue au niveau international.<\/p>\n<h3><strong>MAS Leadership en cybers\u00e9curit\u00e9<\/strong><\/h3>\n<p>Ce programme a \u00e9t\u00e9 con\u00e7u pour les professionnels de la s\u00e9curit\u00e9 informatique et les cadres sup\u00e9rieurs qui souhaitent d\u00e9velopper leurs comp\u00e9tences en mati\u00e8re de gestion strat\u00e9gique de la cybers\u00e9curit\u00e9 et occuper des postes de direction. Les participants sont pr\u00e9par\u00e9s \u00e0 diriger des \u00e9quipes de s\u00e9curit\u00e9, \u00e0 organiser des campagnes de sensibilisation et \u00e0 soutenir la direction dans ses d\u00e9cisions strat\u00e9giques. Cette formation continue se concentre sur les comp\u00e9tences cl\u00e9s :<\/p>\n<ul>\n<li>Une gestion moderne ax\u00e9e sur les personnes<\/li>\n<li>Gestion de la cybers\u00e9curit\u00e9 avec les normes BSI, ISO et NIST<\/li>\n<li>Strat\u00e9gies et exploitation de la cybers\u00e9curit\u00e9 bas\u00e9e sur l'IA<\/li>\n<\/ul>\n<p>Dans le cadre de ce programme, les participants peuvent en outre obtenir les certificats suivants :<\/p>\n<ul>\n<li>Certifications BSI et ISO int\u00e9gr\u00e9es<\/li>\n<li>Certification Agile Business Professional<\/li>\n<li>Audit, certification int\u00e9gr\u00e9e AI powered CyberTech<\/li>\n<\/ul>\n<p><em>Source : <a href=\"http:\/\/www.fhnw.ch\">www.fhnw.ch<\/a><\/em><\/p>","protected":false},"excerpt":{"rendered":"<p>Avec deux nouveaux programmes de formation continue modulaires - le Master of Advanced Studies (MAS) Digital Leadership in IT et le MAS Leadership in Cybersecurity - la Haute \u00e9cole d'\u00e9conomie de la Haute \u00e9cole sp\u00e9cialis\u00e9e du Nord-Ouest de la Suisse FHNW r\u00e9pond aux exigences urgentes de la transformation num\u00e9rique en int\u00e9grant l'intelligence artificielle (IA).<\/p>","protected":false},"author":80,"featured_media":34035,"comment_status":"closed","ping_status":"closed","sticky":false,"template":"","format":"standard","meta":{"_acf_changed":false,"_yoast_wpseo_focuskw":"MAS-Programme","_yoast_wpseo_metadesc":"Neue MAS-Programme st\u00e4rken IT-Fachkr\u00e4fte in der Schweiz. Fokus auf Cybersecurity und digitale F\u00fchrungskompetenzen.","articlekey":"","footnotes":""},"categories":[30],"tags":[3047,192,1168,319,424,2576],"class_list":["post-34034","post","type-post","status-publish","format-standard","has-post-thumbnail","hentry","category-weiterbildung","tag-cybersecurity","tag-fachhochschulen","tag-fhnw","tag-kuenstliche-intelligenz","tag-schweiz","tag-wirtschaft"],"acf":[],"yoast_head":"<!-- This site is optimized with the Yoast SEO plugin v27.5 - https:\/\/yoast.com\/product\/yoast-seo-wordpress\/ -->\n<title>Neue Wege f\u00fcr digitale Zukunftskompetenzen - Organisator<\/title>\n<meta name=\"description\" content=\"Neue MAS-Programme st\u00e4rken IT-Fachkr\u00e4fte in der Schweiz. Fokus auf Cybersecurity und digitale F\u00fchrungskompetenzen.\" \/>\n<meta name=\"robots\" content=\"index, follow, max-snippet:-1, max-image-preview:large, max-video-preview:-1\" \/>\n<link rel=\"canonical\" href=\"https:\/\/www.organisator.ch\/fr\/formation-continue-2\/2024-11-27\/neue-wege-fuer-digitale-zukunftskompetenzen\/\" \/>\n<meta property=\"og:locale\" content=\"fr_FR\" \/>\n<meta property=\"og:type\" content=\"article\" \/>\n<meta property=\"og:title\" content=\"Neue Wege f\u00fcr digitale Zukunftskompetenzen\" \/>\n<meta property=\"og:description\" content=\"Neue MAS-Programme st\u00e4rken IT-Fachkr\u00e4fte in der Schweiz. Fokus auf Cybersecurity und digitale F\u00fchrungskompetenzen.\" \/>\n<meta property=\"og:url\" content=\"https:\/\/www.organisator.ch\/fr\/formation-continue-2\/2024-11-27\/neue-wege-fuer-digitale-zukunftskompetenzen\/\" \/>\n<meta property=\"og:site_name\" content=\"Organisator\" \/>\n<meta property=\"article:publisher\" content=\"https:\/\/www.facebook.com\/OrganisatorFachmagazin\" \/>\n<meta property=\"article:published_time\" content=\"2024-11-27T08:25:30+00:00\" \/>\n<meta property=\"og:image\" content=\"https:\/\/www.organisator.ch\/wp-content\/uploads\/2024\/11\/FHNW_Bild1_ps.jpg\" \/>\n\t<meta property=\"og:image:width\" content=\"680\" \/>\n\t<meta property=\"og:image:height\" content=\"348\" \/>\n\t<meta property=\"og:image:type\" content=\"image\/jpeg\" \/>\n<meta name=\"author\" content=\"Dzana Muminovic\" \/>\n<meta name=\"twitter:card\" content=\"summary_large_image\" \/>\n<meta name=\"twitter:title\" content=\"Neue Wege f\u00fcr digitale Zukunftskompetenzen\" \/>\n<meta name=\"twitter:description\" content=\"Neue #MAS-Programme st\u00e4rken #IT-Fachkr\u00e4fte in der #Schweiz. Fokus auf #Cybersecurity und digitale #F\u00fchrungskompetenzen.\" \/>\n<meta name=\"twitter:image\" content=\"https:\/\/www.organisator.ch\/wp-content\/uploads\/2024\/11\/FHNW_Bild1_ps.jpg\" \/>\n<script type=\"application\/ld+json\" class=\"yoast-schema-graph\">{\"@context\":\"https:\\\/\\\/schema.org\",\"@graph\":[{\"@type\":\"Article\",\"@id\":\"https:\\\/\\\/www.organisator.ch\\\/weiterbildung\\\/2024-11-27\\\/neue-wege-fuer-digitale-zukunftskompetenzen\\\/#article\",\"isPartOf\":{\"@id\":\"https:\\\/\\\/www.organisator.ch\\\/weiterbildung\\\/2024-11-27\\\/neue-wege-fuer-digitale-zukunftskompetenzen\\\/\"},\"author\":{\"name\":\"Dzana Muminovic\",\"@id\":\"https:\\\/\\\/www.organisator.ch\\\/#\\\/schema\\\/person\\\/afccda3a71c06d4be2ed9100dd163db7\"},\"headline\":\"Neue Wege f\u00fcr digitale Zukunftskompetenzen\",\"datePublished\":\"2024-11-27T08:25:30+00:00\",\"mainEntityOfPage\":{\"@id\":\"https:\\\/\\\/www.organisator.ch\\\/weiterbildung\\\/2024-11-27\\\/neue-wege-fuer-digitale-zukunftskompetenzen\\\/\"},\"wordCount\":313,\"publisher\":{\"@id\":\"https:\\\/\\\/www.organisator.ch\\\/#organization\"},\"image\":{\"@id\":\"https:\\\/\\\/www.organisator.ch\\\/weiterbildung\\\/2024-11-27\\\/neue-wege-fuer-digitale-zukunftskompetenzen\\\/#primaryimage\"},\"thumbnailUrl\":\"https:\\\/\\\/www.organisator.ch\\\/wp-content\\\/uploads\\\/2024\\\/11\\\/FHNW_Bild1_ps.jpg\",\"keywords\":[\"Cybersecurity\",\"Fachhochschulen\",\"FHNW\",\"K\u00fcnstliche Intelligenz\",\"Schweiz\",\"Wirtschaft\"],\"articleSection\":[\"WEITERBILDUNG\"],\"inLanguage\":\"fr-FR\"},{\"@type\":\"WebPage\",\"@id\":\"https:\\\/\\\/www.organisator.ch\\\/weiterbildung\\\/2024-11-27\\\/neue-wege-fuer-digitale-zukunftskompetenzen\\\/\",\"url\":\"https:\\\/\\\/www.organisator.ch\\\/weiterbildung\\\/2024-11-27\\\/neue-wege-fuer-digitale-zukunftskompetenzen\\\/\",\"name\":\"Neue Wege f\u00fcr digitale Zukunftskompetenzen - Organisator\",\"isPartOf\":{\"@id\":\"https:\\\/\\\/www.organisator.ch\\\/#website\"},\"primaryImageOfPage\":{\"@id\":\"https:\\\/\\\/www.organisator.ch\\\/weiterbildung\\\/2024-11-27\\\/neue-wege-fuer-digitale-zukunftskompetenzen\\\/#primaryimage\"},\"image\":{\"@id\":\"https:\\\/\\\/www.organisator.ch\\\/weiterbildung\\\/2024-11-27\\\/neue-wege-fuer-digitale-zukunftskompetenzen\\\/#primaryimage\"},\"thumbnailUrl\":\"https:\\\/\\\/www.organisator.ch\\\/wp-content\\\/uploads\\\/2024\\\/11\\\/FHNW_Bild1_ps.jpg\",\"datePublished\":\"2024-11-27T08:25:30+00:00\",\"description\":\"Neue MAS-Programme st\u00e4rken IT-Fachkr\u00e4fte in der Schweiz. Fokus auf Cybersecurity und digitale F\u00fchrungskompetenzen.\",\"breadcrumb\":{\"@id\":\"https:\\\/\\\/www.organisator.ch\\\/weiterbildung\\\/2024-11-27\\\/neue-wege-fuer-digitale-zukunftskompetenzen\\\/#breadcrumb\"},\"inLanguage\":\"fr-FR\",\"potentialAction\":[{\"@type\":\"ReadAction\",\"target\":[\"https:\\\/\\\/www.organisator.ch\\\/weiterbildung\\\/2024-11-27\\\/neue-wege-fuer-digitale-zukunftskompetenzen\\\/\"]}]},{\"@type\":\"ImageObject\",\"inLanguage\":\"fr-FR\",\"@id\":\"https:\\\/\\\/www.organisator.ch\\\/weiterbildung\\\/2024-11-27\\\/neue-wege-fuer-digitale-zukunftskompetenzen\\\/#primaryimage\",\"url\":\"https:\\\/\\\/www.organisator.ch\\\/wp-content\\\/uploads\\\/2024\\\/11\\\/FHNW_Bild1_ps.jpg\",\"contentUrl\":\"https:\\\/\\\/www.organisator.ch\\\/wp-content\\\/uploads\\\/2024\\\/11\\\/FHNW_Bild1_ps.jpg\",\"width\":680,\"height\":348,\"caption\":\"Neue MAS-Programme st\u00e4rken IT-Fachkr\u00e4fte in der Schweiz. Fokus auf Cybersecurity und digitale F\u00fchrungskompetenzen. (Bild: FHNW)\"},{\"@type\":\"BreadcrumbList\",\"@id\":\"https:\\\/\\\/www.organisator.ch\\\/weiterbildung\\\/2024-11-27\\\/neue-wege-fuer-digitale-zukunftskompetenzen\\\/#breadcrumb\",\"itemListElement\":[{\"@type\":\"ListItem\",\"position\":1,\"name\":\"Home\",\"item\":\"https:\\\/\\\/www.organisator.ch\\\/\"},{\"@type\":\"ListItem\",\"position\":2,\"name\":\"Neue Wege f\u00fcr digitale Zukunftskompetenzen\"}]},{\"@type\":\"WebSite\",\"@id\":\"https:\\\/\\\/www.organisator.ch\\\/#website\",\"url\":\"https:\\\/\\\/www.organisator.ch\\\/\",\"name\":\"Organisator\",\"description\":\"Kompetent. Praxisnah. Der ORGANISATOR bereitet in 10 Ausgaben pro Jahr die wesentlichen Themen f\u00fcr F\u00fchrungskr\u00e4fte von KMU auf.\",\"publisher\":{\"@id\":\"https:\\\/\\\/www.organisator.ch\\\/#organization\"},\"potentialAction\":[{\"@type\":\"SearchAction\",\"target\":{\"@type\":\"EntryPoint\",\"urlTemplate\":\"https:\\\/\\\/www.organisator.ch\\\/?s={search_term_string}\"},\"query-input\":{\"@type\":\"PropertyValueSpecification\",\"valueRequired\":true,\"valueName\":\"search_term_string\"}}],\"inLanguage\":\"fr-FR\"},{\"@type\":\"Organization\",\"@id\":\"https:\\\/\\\/www.organisator.ch\\\/#organization\",\"name\":\"Organisator\",\"url\":\"https:\\\/\\\/www.organisator.ch\\\/\",\"logo\":{\"@type\":\"ImageObject\",\"inLanguage\":\"fr-FR\",\"@id\":\"https:\\\/\\\/www.organisator.ch\\\/#\\\/schema\\\/logo\\\/image\\\/\",\"url\":\"https:\\\/\\\/www.organisator.ch\\\/wp-content\\\/uploads\\\/2022\\\/01\\\/Logo_Organisator_Website.png\",\"contentUrl\":\"https:\\\/\\\/www.organisator.ch\\\/wp-content\\\/uploads\\\/2022\\\/01\\\/Logo_Organisator_Website.png\",\"width\":800,\"height\":77,\"caption\":\"Organisator\"},\"image\":{\"@id\":\"https:\\\/\\\/www.organisator.ch\\\/#\\\/schema\\\/logo\\\/image\\\/\"},\"sameAs\":[\"https:\\\/\\\/www.facebook.com\\\/OrganisatorFachmagazin\",\"https:\\\/\\\/www.linkedin.com\\\/showcase\\\/organisator-das-magazin-fr-kmu\",\"https:\\\/\\\/www.xing.com\\\/news\\\/pages\\\/organisator-ch-695\",\"https:\\\/\\\/www.youtube.com\\\/channel\\\/UCGP2Sq0iWaZwT3BdIAQFYpw\"]},{\"@type\":\"Person\",\"@id\":\"https:\\\/\\\/www.organisator.ch\\\/#\\\/schema\\\/person\\\/afccda3a71c06d4be2ed9100dd163db7\",\"name\":\"Dzana Muminovic\",\"image\":{\"@type\":\"ImageObject\",\"inLanguage\":\"fr-FR\",\"@id\":\"https:\\\/\\\/secure.gravatar.com\\\/avatar\\\/909c5c71aff4b38e88686f2ab2f1ba152571f394f41ed8bae431ea56ced93050?s=96&d=mm&r=g\",\"url\":\"https:\\\/\\\/secure.gravatar.com\\\/avatar\\\/909c5c71aff4b38e88686f2ab2f1ba152571f394f41ed8bae431ea56ced93050?s=96&d=mm&r=g\",\"contentUrl\":\"https:\\\/\\\/secure.gravatar.com\\\/avatar\\\/909c5c71aff4b38e88686f2ab2f1ba152571f394f41ed8bae431ea56ced93050?s=96&d=mm&r=g\",\"caption\":\"Dzana Muminovic\"},\"url\":\"https:\\\/\\\/www.organisator.ch\\\/fr\\\/author\\\/dzana-muminovic\\\/\"}]}<\/script>\n<!-- \/ Yoast SEO plugin. -->","yoast_head_json":{"title":"Nouvelles voies pour les comp\u00e9tences num\u00e9riques du futur - Organisateur","description":"Les nouveaux programmes MAS renforcent les professionnels de l'informatique en Suisse. Focus sur la cybers\u00e9curit\u00e9 et les comp\u00e9tences de leadership num\u00e9rique.","robots":{"index":"index","follow":"follow","max-snippet":"max-snippet:-1","max-image-preview":"max-image-preview:large","max-video-preview":"max-video-preview:-1"},"canonical":"https:\/\/www.organisator.ch\/fr\/formation-continue-2\/2024-11-27\/neue-wege-fuer-digitale-zukunftskompetenzen\/","og_locale":"fr_FR","og_type":"article","og_title":"Neue Wege f\u00fcr digitale Zukunftskompetenzen","og_description":"Neue MAS-Programme st\u00e4rken IT-Fachkr\u00e4fte in der Schweiz. Fokus auf Cybersecurity und digitale F\u00fchrungskompetenzen.","og_url":"https:\/\/www.organisator.ch\/fr\/formation-continue-2\/2024-11-27\/neue-wege-fuer-digitale-zukunftskompetenzen\/","og_site_name":"Organisator","article_publisher":"https:\/\/www.facebook.com\/OrganisatorFachmagazin","article_published_time":"2024-11-27T08:25:30+00:00","og_image":[{"width":680,"height":348,"url":"https:\/\/www.organisator.ch\/wp-content\/uploads\/2024\/11\/FHNW_Bild1_ps.jpg","type":"image\/jpeg"}],"author":"Dzana Muminovic","twitter_card":"summary_large_image","twitter_title":"Neue Wege f\u00fcr digitale Zukunftskompetenzen","twitter_description":"Neue #MAS-Programme st\u00e4rken #IT-Fachkr\u00e4fte in der #Schweiz. Fokus auf #Cybersecurity und digitale #F\u00fchrungskompetenzen.","twitter_image":"https:\/\/www.organisator.ch\/wp-content\/uploads\/2024\/11\/FHNW_Bild1_ps.jpg","schema":{"@context":"https:\/\/schema.org","@graph":[{"@type":"Article","@id":"https:\/\/www.organisator.ch\/weiterbildung\/2024-11-27\/neue-wege-fuer-digitale-zukunftskompetenzen\/#article","isPartOf":{"@id":"https:\/\/www.organisator.ch\/weiterbildung\/2024-11-27\/neue-wege-fuer-digitale-zukunftskompetenzen\/"},"author":{"name":"Dzana Muminovic","@id":"https:\/\/www.organisator.ch\/#\/schema\/person\/afccda3a71c06d4be2ed9100dd163db7"},"headline":"Neue Wege f\u00fcr digitale Zukunftskompetenzen","datePublished":"2024-11-27T08:25:30+00:00","mainEntityOfPage":{"@id":"https:\/\/www.organisator.ch\/weiterbildung\/2024-11-27\/neue-wege-fuer-digitale-zukunftskompetenzen\/"},"wordCount":313,"publisher":{"@id":"https:\/\/www.organisator.ch\/#organization"},"image":{"@id":"https:\/\/www.organisator.ch\/weiterbildung\/2024-11-27\/neue-wege-fuer-digitale-zukunftskompetenzen\/#primaryimage"},"thumbnailUrl":"https:\/\/www.organisator.ch\/wp-content\/uploads\/2024\/11\/FHNW_Bild1_ps.jpg","keywords":["Cybersecurity","Fachhochschulen","FHNW","K\u00fcnstliche Intelligenz","Schweiz","Wirtschaft"],"articleSection":["WEITERBILDUNG"],"inLanguage":"fr-FR"},{"@type":"WebPage","@id":"https:\/\/www.organisator.ch\/weiterbildung\/2024-11-27\/neue-wege-fuer-digitale-zukunftskompetenzen\/","url":"https:\/\/www.organisator.ch\/weiterbildung\/2024-11-27\/neue-wege-fuer-digitale-zukunftskompetenzen\/","name":"Nouvelles voies pour les comp\u00e9tences num\u00e9riques du futur - Organisateur","isPartOf":{"@id":"https:\/\/www.organisator.ch\/#website"},"primaryImageOfPage":{"@id":"https:\/\/www.organisator.ch\/weiterbildung\/2024-11-27\/neue-wege-fuer-digitale-zukunftskompetenzen\/#primaryimage"},"image":{"@id":"https:\/\/www.organisator.ch\/weiterbildung\/2024-11-27\/neue-wege-fuer-digitale-zukunftskompetenzen\/#primaryimage"},"thumbnailUrl":"https:\/\/www.organisator.ch\/wp-content\/uploads\/2024\/11\/FHNW_Bild1_ps.jpg","datePublished":"2024-11-27T08:25:30+00:00","description":"Les nouveaux programmes MAS renforcent les professionnels de l'informatique en Suisse. Focus sur la cybers\u00e9curit\u00e9 et les comp\u00e9tences de leadership num\u00e9rique.","breadcrumb":{"@id":"https:\/\/www.organisator.ch\/weiterbildung\/2024-11-27\/neue-wege-fuer-digitale-zukunftskompetenzen\/#breadcrumb"},"inLanguage":"fr-FR","potentialAction":[{"@type":"ReadAction","target":["https:\/\/www.organisator.ch\/weiterbildung\/2024-11-27\/neue-wege-fuer-digitale-zukunftskompetenzen\/"]}]},{"@type":"ImageObject","inLanguage":"fr-FR","@id":"https:\/\/www.organisator.ch\/weiterbildung\/2024-11-27\/neue-wege-fuer-digitale-zukunftskompetenzen\/#primaryimage","url":"https:\/\/www.organisator.ch\/wp-content\/uploads\/2024\/11\/FHNW_Bild1_ps.jpg","contentUrl":"https:\/\/www.organisator.ch\/wp-content\/uploads\/2024\/11\/FHNW_Bild1_ps.jpg","width":680,"height":348,"caption":"Neue MAS-Programme st\u00e4rken IT-Fachkr\u00e4fte in der Schweiz. Fokus auf Cybersecurity und digitale F\u00fchrungskompetenzen. (Bild: FHNW)"},{"@type":"BreadcrumbList","@id":"https:\/\/www.organisator.ch\/weiterbildung\/2024-11-27\/neue-wege-fuer-digitale-zukunftskompetenzen\/#breadcrumb","itemListElement":[{"@type":"ListItem","position":1,"name":"Home","item":"https:\/\/www.organisator.ch\/"},{"@type":"ListItem","position":2,"name":"Neue Wege f\u00fcr digitale Zukunftskompetenzen"}]},{"@type":"WebSite","@id":"https:\/\/www.organisator.ch\/#website","url":"https:\/\/www.organisator.ch\/","name":"Organisateur","description":"Comp\u00e9tence et comp\u00e9tence. Proches de la pratique. L'ORGANISATEUR pr\u00e9pare 10 num\u00e9ros par an sur les th\u00e8mes essentiels pour les dirigeants de PME.","publisher":{"@id":"https:\/\/www.organisator.ch\/#organization"},"potentialAction":[{"@type":"SearchAction","target":{"@type":"EntryPoint","urlTemplate":"https:\/\/www.organisator.ch\/?s={search_term_string}"},"query-input":{"@type":"PropertyValueSpecification","valueRequired":true,"valueName":"search_term_string"}}],"inLanguage":"fr-FR"},{"@type":"Organization","@id":"https:\/\/www.organisator.ch\/#organization","name":"Organisateur","url":"https:\/\/www.organisator.ch\/","logo":{"@type":"ImageObject","inLanguage":"fr-FR","@id":"https:\/\/www.organisator.ch\/#\/schema\/logo\/image\/","url":"https:\/\/www.organisator.ch\/wp-content\/uploads\/2022\/01\/Logo_Organisator_Website.png","contentUrl":"https:\/\/www.organisator.ch\/wp-content\/uploads\/2022\/01\/Logo_Organisator_Website.png","width":800,"height":77,"caption":"Organisator"},"image":{"@id":"https:\/\/www.organisator.ch\/#\/schema\/logo\/image\/"},"sameAs":["https:\/\/www.facebook.com\/OrganisatorFachmagazin","https:\/\/www.linkedin.com\/showcase\/organisator-das-magazin-fr-kmu","https:\/\/www.xing.com\/news\/pages\/organisator-ch-695","https:\/\/www.youtube.com\/channel\/UCGP2Sq0iWaZwT3BdIAQFYpw"]},{"@type":"Person","@id":"https:\/\/www.organisator.ch\/#\/schema\/person\/afccda3a71c06d4be2ed9100dd163db7","name":"Dzana Muminovic","image":{"@type":"ImageObject","inLanguage":"fr-FR","@id":"https:\/\/secure.gravatar.com\/avatar\/909c5c71aff4b38e88686f2ab2f1ba152571f394f41ed8bae431ea56ced93050?s=96&d=mm&r=g","url":"https:\/\/secure.gravatar.com\/avatar\/909c5c71aff4b38e88686f2ab2f1ba152571f394f41ed8bae431ea56ced93050?s=96&d=mm&r=g","contentUrl":"https:\/\/secure.gravatar.com\/avatar\/909c5c71aff4b38e88686f2ab2f1ba152571f394f41ed8bae431ea56ced93050?s=96&d=mm&r=g","caption":"Dzana Muminovic"},"url":"https:\/\/www.organisator.ch\/fr\/author\/dzana-muminovic\/"}]}},"_links":{"self":[{"href":"https:\/\/www.organisator.ch\/fr\/wp-json\/wp\/v2\/posts\/34034","targetHints":{"allow":["GET"]}}],"collection":[{"href":"https:\/\/www.organisator.ch\/fr\/wp-json\/wp\/v2\/posts"}],"about":[{"href":"https:\/\/www.organisator.ch\/fr\/wp-json\/wp\/v2\/types\/post"}],"author":[{"embeddable":true,"href":"https:\/\/www.organisator.ch\/fr\/wp-json\/wp\/v2\/users\/80"}],"replies":[{"embeddable":true,"href":"https:\/\/www.organisator.ch\/fr\/wp-json\/wp\/v2\/comments?post=34034"}],"version-history":[{"count":3,"href":"https:\/\/www.organisator.ch\/fr\/wp-json\/wp\/v2\/posts\/34034\/revisions"}],"predecessor-version":[{"id":34075,"href":"https:\/\/www.organisator.ch\/fr\/wp-json\/wp\/v2\/posts\/34034\/revisions\/34075"}],"wp:featuredmedia":[{"embeddable":true,"href":"https:\/\/www.organisator.ch\/fr\/wp-json\/wp\/v2\/media\/34035"}],"wp:attachment":[{"href":"https:\/\/www.organisator.ch\/fr\/wp-json\/wp\/v2\/media?parent=34034"}],"wp:term":[{"taxonomy":"category","embeddable":true,"href":"https:\/\/www.organisator.ch\/fr\/wp-json\/wp\/v2\/categories?post=34034"},{"taxonomy":"post_tag","embeddable":true,"href":"https:\/\/www.organisator.ch\/fr\/wp-json\/wp\/v2\/tags?post=34034"}],"curies":[{"name":"wp","href":"https:\/\/api.w.org\/{rel}","templated":true}]}}