{"id":3405,"date":"2020-10-07T12:52:17","date_gmt":"2020-10-07T10:52:17","guid":{"rendered":"https:\/\/www.umweltperspektiven.ch\/?p=3405"},"modified":"2020-10-07T12:52:17","modified_gmt":"2020-10-07T10:52:17","slug":"erstes-virtual-reality-glacier-experience-besucherzentrum-eroeffnet","status":"publish","type":"post","link":"https:\/\/www.organisator.ch\/fr\/allgemein\/2020-10-07\/erstes-virtual-reality-glacier-experience-besucherzentrum-eroeffnet\/","title":{"rendered":"Le premier centre de visiteurs \"Virtual Reality Glacier Experience\" a ouvert ses portes"},"content":{"rendered":"<figure id=\"attachment_3406\" aria-describedby=\"caption-attachment-3406\" style=\"width: 680px\" class=\"wp-caption alignnone\"><img loading=\"lazy\" decoding=\"async\" class=\"wp-image-3406 size-medium\" src=\"\/\/www.umweltperspektiven.ch\/wp-content\/uploads\/2020\/10\/vrge-glacierexperience-auszug-gletscher-rgb.jpg\" alt=\"\" width=\"680\" height=\"412\" \/><figcaption id=\"caption-attachment-3406\" class=\"wp-caption-text\">Dans le nouveau centre des visiteurs du glacier de Pontresina, la r\u00e9alit\u00e9 virtuelle permet de d\u00e9couvrir des impressions que seuls les glaciologues ont l'habitude de voir. (Source : GKB)<\/figcaption><\/figure>\n<p>L'exposition interactive Virtual Reality Glacier Experience donne des r\u00e9ponses sur les th\u00e8mes des glaciers et de l'eau et emm\u00e8ne les visiteurs dans un voyage \u00e0 travers l'espace et le temps. Les personnes int\u00e9ress\u00e9es peuvent plonger dans le pass\u00e9 et le futur et d\u00e9couvrir la r\u00e9gion autour du glacier de Morteratsch \u00e0 travers quatre visites virtuelles. Le recul de la langue du glacier est illustr\u00e9 \u00e0 l'aide de diff\u00e9rents sc\u00e9narios climatiques. Il illustre ce qui serait possible avec le projet d'entretien du glacier MortAlive du glaciologue Felix Keller. L'id\u00e9e de MortAlive : enneiger la langue du glacier en \u00e9t\u00e9 avec de la neige technique issue de la fonte des neiges et prot\u00e9ger ainsi la couche de glace. Et tout cela sans \u00e9lectricit\u00e9.<\/p>\n<p>\"Avec cette nouvelle attraction, nous sensibilisons de mani\u00e8re claire \u00e0 la fonte des glaciers et \u00e0 la n\u00e9cessit\u00e9 de faire \u0153uvre de pionnier. Une science approfondie associ\u00e9e \u00e0 une transmission du savoir des plus modernes constitue pr\u00e9cis\u00e9ment l'innovation que la Banque cantonale des Grisons souhaite soutenir\", d\u00e9clare Daniel Fust, CEO de la BCG. Que l'on soit grand ou petit, local ou international, ce th\u00e8me nous concerne tous.Pour son anniversaire, la Banque cantonale des Grisons a cr\u00e9\u00e9, en collaboration avec des partenaires de renom, un lieu qui permet de d\u00e9couvrir les math\u00e9matiques climatiques. Au cours des deux derni\u00e8res ann\u00e9es, une attraction a vu le jour dans l'ancien restaurant de la station inf\u00e9rieure de la Diavolezza, qui doit - dans l'esprit du jubil\u00e9 de la banque - poser des jalons durables : \"Gr\u00e2ce \u00e0 l'exp\u00e9rience virtuelle du glacier, les visiteurs d\u00e9couvrent l'importance du th\u00e8me du drainage dans le monde entier et les r\u00e9flexions men\u00e9es dans les Grisons pour relever ce d\u00e9fi sur place\", explique le pr\u00e9sident de la banque Peter Fanconi. Au milieu de la nature rude et de l'imposant massif de la Bernina, un tel centre d'information a un effet optimal, car on est ici sur le lieu de l'action.<\/p>\n<p>&nbsp;<\/p>\n<table style=\"height: 1530px;\" width=\"1125\">\n<tbody>\n<tr>\n<td><\/td>\n<\/tr>\n<tr>\n<td><\/td>\n<\/tr>\n<tr>\n<td>&nbsp;<\/p>\n<figure id=\"attachment_3407\" aria-describedby=\"caption-attachment-3407\" style=\"width: 500px\" class=\"wp-caption alignnone\"><img loading=\"lazy\" decoding=\"async\" class=\"wp-image-3407 size-full\" src=\"\/\/www.umweltperspektiven.ch\/wp-content\/uploads\/2020\/10\/Pontresina-VR-Glacier-Zentrum-UP_Umwelt-Perspektiven.jpg\" alt=\"\" width=\"500\" height=\"340\" srcset=\"https:\/\/www.organisator.ch\/wp-content\/uploads\/2020\/10\/Pontresina-VR-Glacier-Zentrum-UP_Umwelt-Perspektiven.jpg 500w, https:\/\/www.organisator.ch\/wp-content\/uploads\/2020\/10\/Pontresina-VR-Glacier-Zentrum-UP_Umwelt-Perspektiven-18x12.jpg 18w, https:\/\/www.organisator.ch\/wp-content\/uploads\/2020\/10\/Pontresina-VR-Glacier-Zentrum-UP_Umwelt-Perspektiven-257x175.jpg 257w, https:\/\/www.organisator.ch\/wp-content\/uploads\/2020\/10\/Pontresina-VR-Glacier-Zentrum-UP_Umwelt-Perspektiven-300x204.jpg 300w\" sizes=\"auto, (max-width: 500px) 100vw, 500px\" \/><figcaption id=\"caption-attachment-3407\" class=\"wp-caption-text\">Le pr\u00e9sident de la banque GKB Peter Fanconi, le CEO de la GKB Daniel Fust et Markus Moser, CEO de Diavolezza Lagalb AG, inaugurent la \"Virtual Reality Glacier Experience\" (de gauche \u00e0 droite).<\/figcaption><\/figure>\n<p style=\"font-style: inherit; font-weight: inherit;\"><strong style=\"font-style: inherit;\">Voyage dans le temps autour des glaciers et de l'eau<\/strong><\/p>\n<p style=\"font-style: inherit; font-weight: inherit;\">L'exposition interactive montre les effets du changement climatique sur la haute montagne. \"En tant que banque des Grisons, nous agissons bien s\u00fbr dans le sens de l'\u00e9conomie, mais toujours en harmonie avec la nature et l'environnement\", explique Daniel Fust. Et il souligne encore : \"L'eau est l'art\u00e8re vitale du canton, la glace a fa\u00e7onn\u00e9 nos vall\u00e9es, l'eau min\u00e9rale est l'une des meilleures et la force hydraulique nous fournit de l'\u00e9nergie de mani\u00e8re fiable\". Sur environ 250 m\u00e8tres carr\u00e9s, les visiteurs font un voyage dans le temps, du pass\u00e9 \u00e0 l'avenir. Des sc\u00e9narios possibles sur la modification du glacier de Morteratsch de 1875 \u00e0 2100 peuvent \u00eatre d\u00e9couverts avec les lunettes de r\u00e9alit\u00e9 virtuelle ou sur l'holo-\u00e9cran. Les visiteurs peuvent participer activement et aider par exemple \u00e0 compter les lagop\u00e8des. Une innovation suisse est \u00e9galement palpable dans la VR Glacier Experience : NESSy ZeroE. Cette lance \u00e0 neige brevet\u00e9e produit de la neige technique sans \u00e9lectricit\u00e9. L'importance de cette invention est mise en \u00e9vidence par MortAlive, un projet de sauvetage des glaciers dans le monde entier.<\/p>\n<p style=\"font-style: inherit; font-weight: inherit;\"><strong style=\"font-style: inherit;\">D\u00e9couvrir la science de pr\u00e8s<\/strong><\/p>\n<p style=\"font-style: inherit; font-weight: inherit;\">Cette exposition scientifiquement fond\u00e9e a \u00e9t\u00e9 rendue possible gr\u00e2ce \u00e0 une \u00e9troite collaboration avec la Haute \u00e9cole des arts de Zurich et l'Universit\u00e9 de Fribourg. Ensemble, ils ont d\u00e9velopp\u00e9 des mod\u00e8les d\u00e9taill\u00e9s de glaciers au cours des deux derni\u00e8res ann\u00e9es et ont cr\u00e9\u00e9 le monde virtuel autour du glacier de Morteratsch \u00e0 Pontresina. \u00c0 partir du 10 octobre 2020, la Virtual Reality Glacier Experience sera ouverte tous les jours aux personnes individuelles, aux familles et aux groupes \u00e0 la station inf\u00e9rieure des remont\u00e9es m\u00e9caniques de la Diavolezza. L'entr\u00e9e est gratuite.<\/p>\n<p>&nbsp;<\/p>\n<figure id=\"attachment_3408\" aria-describedby=\"caption-attachment-3408\" style=\"width: 680px\" class=\"wp-caption alignnone\"><img loading=\"lazy\" decoding=\"async\" class=\"wp-image-3408 size-medium\" src=\"\/\/www.umweltperspektiven.ch\/wp-content\/uploads\/2020\/10\/vrge-glacierexperience-ansicht-vrstationen-cmyk.jpg\" alt=\"\" width=\"680\" height=\"492\" \/><figcaption id=\"caption-attachment-3408\" class=\"wp-caption-text\">Une nouvelle exposition interactive \u00e0 Pontresina, en Haute-Engadine, montre les effets du changement climatique. (Toutes les photos de GKB)<\/figcaption><\/figure>\n<p style=\"font-style: inherit; font-weight: inherit;\"><a style=\"font-style: inherit; font-weight: inherit;\" href=\"\/\/www.glacierexperience.com\/medien\">www.glacierexperience.com\/medien<\/a><\/p>\n<\/td>\n<\/tr>\n<\/tbody>\n<\/table>","protected":false},"excerpt":{"rendered":"<p>Die interaktive Ausstellung Virtual Reality Glacier Experience gibt Antworten rund um die Themen Gletscher und Wasser und nimmt Besucher mit auf eine Reise durch Raum und Zeit. Interessierte k\u00f6nnen in die Vergangenheit und Zukunft eintauchen und das Gebiet rund um den Morteratschgletscher in vier virtuellen Touren erleben. Anhand unterschiedlicher Klimaszenarien wird der R\u00fcckzug der Gletscherzunge [&hellip;]<\/p>\n","protected":false},"author":5,"featured_media":3408,"comment_status":"closed","ping_status":"closed","sticky":false,"template":"","format":"standard","meta":{"_acf_changed":false,"_yoast_wpseo_focuskw":"Virtual Reality Glacier Experience","_yoast_wpseo_metadesc":"Die \u00abVirtual Reality Glacier Experience\u00bb bietet ab dem 10. Oktober 2020 eine weltweit einzigartige, virtuelle Zeitreise rund um den Morteratschgletscher.","articlekey":"","footnotes":""},"categories":[1],"tags":[1124,1297,1298,1532,424,2477],"class_list":["post-3405","post","type-post","status-publish","format-standard","has-post-thumbnail","hentry","category-allgemein","tag-eroeffnung","tag-gletscherforschung","tag-gletscherschmelze","tag-klimawandel","tag-schweiz","tag-virtual-reality"],"acf":[],"yoast_head":"<!-- This site is optimized with the Yoast SEO plugin v27.5 - https:\/\/yoast.com\/product\/yoast-seo-wordpress\/ -->\n<title>Erstes \u00abVirtual Reality Glacier Experience\u00bb Besucherzentrum er\u00f6ffnet - Organisator<\/title>\n<meta name=\"description\" content=\"Die \u00abVirtual Reality Glacier Experience\u00bb bietet ab dem 10. Oktober 2020 eine weltweit einzigartige, virtuelle Zeitreise rund um den Morteratschgletscher.\" \/>\n<meta name=\"robots\" content=\"index, follow, max-snippet:-1, max-image-preview:large, max-video-preview:-1\" \/>\n<link rel=\"canonical\" href=\"https:\/\/www.organisator.ch\/fr\/general\/2020-10-07\/erstes-virtual-reality-glacier-experience-besucherzentrum-eroeffnet\/\" \/>\n<meta property=\"og:locale\" content=\"fr_FR\" \/>\n<meta property=\"og:type\" content=\"article\" \/>\n<meta property=\"og:title\" content=\"Erstes \u00abVirtual Reality Glacier Experience\u00bb Besucherzentrum er\u00f6ffnet - Organisator\" \/>\n<meta property=\"og:description\" content=\"Die \u00abVirtual Reality Glacier Experience\u00bb bietet ab dem 10. Oktober 2020 eine weltweit einzigartige, virtuelle Zeitreise rund um den Morteratschgletscher.\" \/>\n<meta property=\"og:url\" content=\"https:\/\/www.organisator.ch\/fr\/general\/2020-10-07\/erstes-virtual-reality-glacier-experience-besucherzentrum-eroeffnet\/\" \/>\n<meta property=\"og:site_name\" content=\"Organisator\" \/>\n<meta property=\"article:publisher\" content=\"https:\/\/www.facebook.com\/OrganisatorFachmagazin\" \/>\n<meta property=\"article:published_time\" content=\"2020-10-07T10:52:17+00:00\" \/>\n<meta property=\"og:image\" content=\"https:\/\/www.organisator.ch\/wp-content\/uploads\/2020\/10\/vrge-glacierexperience-ansicht-vrstationen-cmyk-scaled.jpg\" \/>\n\t<meta property=\"og:image:width\" content=\"2560\" \/>\n\t<meta property=\"og:image:height\" content=\"1851\" \/>\n\t<meta property=\"og:image:type\" content=\"image\/jpeg\" \/>\n<meta name=\"author\" content=\"michael.merz\" \/>\n<meta name=\"twitter:card\" content=\"summary_large_image\" \/>\n<script type=\"application\/ld+json\" class=\"yoast-schema-graph\">{\"@context\":\"https:\\\/\\\/schema.org\",\"@graph\":[{\"@type\":\"Article\",\"@id\":\"https:\\\/\\\/www.organisator.ch\\\/en\\\/general\\\/2020-10-07\\\/erstes-virtual-reality-glacier-experience-besucherzentrum-eroeffnet\\\/#article\",\"isPartOf\":{\"@id\":\"https:\\\/\\\/www.organisator.ch\\\/en\\\/general\\\/2020-10-07\\\/erstes-virtual-reality-glacier-experience-besucherzentrum-eroeffnet\\\/\"},\"author\":{\"name\":\"michael.merz\",\"@id\":\"https:\\\/\\\/www.organisator.ch\\\/#\\\/schema\\\/person\\\/134708ca9321c57b0362cceb7948ffbd\"},\"headline\":\"Erstes \u00abVirtual Reality Glacier Experience\u00bb Besucherzentrum er\u00f6ffnet\",\"datePublished\":\"2020-10-07T10:52:17+00:00\",\"mainEntityOfPage\":{\"@id\":\"https:\\\/\\\/www.organisator.ch\\\/en\\\/general\\\/2020-10-07\\\/erstes-virtual-reality-glacier-experience-besucherzentrum-eroeffnet\\\/\"},\"wordCount\":604,\"publisher\":{\"@id\":\"https:\\\/\\\/www.organisator.ch\\\/#organization\"},\"image\":{\"@id\":\"https:\\\/\\\/www.organisator.ch\\\/en\\\/general\\\/2020-10-07\\\/erstes-virtual-reality-glacier-experience-besucherzentrum-eroeffnet\\\/#primaryimage\"},\"thumbnailUrl\":\"https:\\\/\\\/www.organisator.ch\\\/wp-content\\\/uploads\\\/2020\\\/10\\\/vrge-glacierexperience-ansicht-vrstationen-cmyk-scaled.jpg\",\"keywords\":[\"Er\u00f6ffnung\",\"Gletscherforschung\",\"Gletscherschmelze\",\"Klimawandel\",\"Schweiz\",\"Virtual Reality\"],\"articleSection\":[\"Allgemein\"],\"inLanguage\":\"fr-FR\"},{\"@type\":\"WebPage\",\"@id\":\"https:\\\/\\\/www.organisator.ch\\\/en\\\/general\\\/2020-10-07\\\/erstes-virtual-reality-glacier-experience-besucherzentrum-eroeffnet\\\/\",\"url\":\"https:\\\/\\\/www.organisator.ch\\\/en\\\/general\\\/2020-10-07\\\/erstes-virtual-reality-glacier-experience-besucherzentrum-eroeffnet\\\/\",\"name\":\"Erstes \u00abVirtual Reality Glacier Experience\u00bb Besucherzentrum er\u00f6ffnet - Organisator\",\"isPartOf\":{\"@id\":\"https:\\\/\\\/www.organisator.ch\\\/#website\"},\"primaryImageOfPage\":{\"@id\":\"https:\\\/\\\/www.organisator.ch\\\/en\\\/general\\\/2020-10-07\\\/erstes-virtual-reality-glacier-experience-besucherzentrum-eroeffnet\\\/#primaryimage\"},\"image\":{\"@id\":\"https:\\\/\\\/www.organisator.ch\\\/en\\\/general\\\/2020-10-07\\\/erstes-virtual-reality-glacier-experience-besucherzentrum-eroeffnet\\\/#primaryimage\"},\"thumbnailUrl\":\"https:\\\/\\\/www.organisator.ch\\\/wp-content\\\/uploads\\\/2020\\\/10\\\/vrge-glacierexperience-ansicht-vrstationen-cmyk-scaled.jpg\",\"datePublished\":\"2020-10-07T10:52:17+00:00\",\"description\":\"Die \u00abVirtual Reality Glacier Experience\u00bb bietet ab dem 10. Oktober 2020 eine weltweit einzigartige, virtuelle Zeitreise rund um den Morteratschgletscher.\",\"breadcrumb\":{\"@id\":\"https:\\\/\\\/www.organisator.ch\\\/en\\\/general\\\/2020-10-07\\\/erstes-virtual-reality-glacier-experience-besucherzentrum-eroeffnet\\\/#breadcrumb\"},\"inLanguage\":\"fr-FR\",\"potentialAction\":[{\"@type\":\"ReadAction\",\"target\":[\"https:\\\/\\\/www.organisator.ch\\\/en\\\/general\\\/2020-10-07\\\/erstes-virtual-reality-glacier-experience-besucherzentrum-eroeffnet\\\/\"]}]},{\"@type\":\"ImageObject\",\"inLanguage\":\"fr-FR\",\"@id\":\"https:\\\/\\\/www.organisator.ch\\\/en\\\/general\\\/2020-10-07\\\/erstes-virtual-reality-glacier-experience-besucherzentrum-eroeffnet\\\/#primaryimage\",\"url\":\"https:\\\/\\\/www.organisator.ch\\\/wp-content\\\/uploads\\\/2020\\\/10\\\/vrge-glacierexperience-ansicht-vrstationen-cmyk-scaled.jpg\",\"contentUrl\":\"https:\\\/\\\/www.organisator.ch\\\/wp-content\\\/uploads\\\/2020\\\/10\\\/vrge-glacierexperience-ansicht-vrstationen-cmyk-scaled.jpg\",\"width\":2560,\"height\":1851},{\"@type\":\"BreadcrumbList\",\"@id\":\"https:\\\/\\\/www.organisator.ch\\\/en\\\/general\\\/2020-10-07\\\/erstes-virtual-reality-glacier-experience-besucherzentrum-eroeffnet\\\/#breadcrumb\",\"itemListElement\":[{\"@type\":\"ListItem\",\"position\":1,\"name\":\"Home\",\"item\":\"https:\\\/\\\/www.organisator.ch\\\/\"},{\"@type\":\"ListItem\",\"position\":2,\"name\":\"Erstes \u00abVirtual Reality Glacier Experience\u00bb Besucherzentrum er\u00f6ffnet\"}]},{\"@type\":\"WebSite\",\"@id\":\"https:\\\/\\\/www.organisator.ch\\\/#website\",\"url\":\"https:\\\/\\\/www.organisator.ch\\\/\",\"name\":\"Organisator\",\"description\":\"Kompetent. Praxisnah. Der ORGANISATOR bereitet in 10 Ausgaben pro Jahr die wesentlichen Themen f\u00fcr F\u00fchrungskr\u00e4fte von KMU auf.\",\"publisher\":{\"@id\":\"https:\\\/\\\/www.organisator.ch\\\/#organization\"},\"potentialAction\":[{\"@type\":\"SearchAction\",\"target\":{\"@type\":\"EntryPoint\",\"urlTemplate\":\"https:\\\/\\\/www.organisator.ch\\\/?s={search_term_string}\"},\"query-input\":{\"@type\":\"PropertyValueSpecification\",\"valueRequired\":true,\"valueName\":\"search_term_string\"}}],\"inLanguage\":\"fr-FR\"},{\"@type\":\"Organization\",\"@id\":\"https:\\\/\\\/www.organisator.ch\\\/#organization\",\"name\":\"Organisator\",\"url\":\"https:\\\/\\\/www.organisator.ch\\\/\",\"logo\":{\"@type\":\"ImageObject\",\"inLanguage\":\"fr-FR\",\"@id\":\"https:\\\/\\\/www.organisator.ch\\\/#\\\/schema\\\/logo\\\/image\\\/\",\"url\":\"https:\\\/\\\/www.organisator.ch\\\/wp-content\\\/uploads\\\/2022\\\/01\\\/Logo_Organisator_Website.png\",\"contentUrl\":\"https:\\\/\\\/www.organisator.ch\\\/wp-content\\\/uploads\\\/2022\\\/01\\\/Logo_Organisator_Website.png\",\"width\":800,\"height\":77,\"caption\":\"Organisator\"},\"image\":{\"@id\":\"https:\\\/\\\/www.organisator.ch\\\/#\\\/schema\\\/logo\\\/image\\\/\"},\"sameAs\":[\"https:\\\/\\\/www.facebook.com\\\/OrganisatorFachmagazin\",\"https:\\\/\\\/www.linkedin.com\\\/showcase\\\/organisator-das-magazin-fr-kmu\",\"https:\\\/\\\/www.xing.com\\\/news\\\/pages\\\/organisator-ch-695\",\"https:\\\/\\\/www.youtube.com\\\/channel\\\/UCGP2Sq0iWaZwT3BdIAQFYpw\"]},{\"@type\":\"Person\",\"@id\":\"https:\\\/\\\/www.organisator.ch\\\/#\\\/schema\\\/person\\\/134708ca9321c57b0362cceb7948ffbd\",\"name\":\"michael.merz\",\"image\":{\"@type\":\"ImageObject\",\"inLanguage\":\"fr-FR\",\"@id\":\"https:\\\/\\\/secure.gravatar.com\\\/avatar\\\/?s=96&d=mm&r=g\",\"url\":\"https:\\\/\\\/secure.gravatar.com\\\/avatar\\\/?s=96&d=mm&r=g\",\"contentUrl\":\"https:\\\/\\\/secure.gravatar.com\\\/avatar\\\/?s=96&d=mm&r=g\",\"caption\":\"michael.merz\"},\"url\":\"https:\\\/\\\/www.organisator.ch\\\/fr\\\/author\\\/michael-merz\\\/\"}]}<\/script>\n<!-- \/ Yoast SEO plugin. -->","yoast_head_json":{"title":"Le premier centre de visiteurs \"Virtual Reality Glacier Experience\" ouvre ses portes - Organisateur","description":"\u00c0 partir du 10 octobre 2020, la \"Virtual Reality Glacier Experience\" proposera un voyage virtuel dans le temps unique au monde autour du glacier de Morteratsch.","robots":{"index":"index","follow":"follow","max-snippet":"max-snippet:-1","max-image-preview":"max-image-preview:large","max-video-preview":"max-video-preview:-1"},"canonical":"https:\/\/www.organisator.ch\/fr\/general\/2020-10-07\/erstes-virtual-reality-glacier-experience-besucherzentrum-eroeffnet\/","og_locale":"fr_FR","og_type":"article","og_title":"Erstes \u00abVirtual Reality Glacier Experience\u00bb Besucherzentrum er\u00f6ffnet - Organisator","og_description":"Die \u00abVirtual Reality Glacier Experience\u00bb bietet ab dem 10. Oktober 2020 eine weltweit einzigartige, virtuelle Zeitreise rund um den Morteratschgletscher.","og_url":"https:\/\/www.organisator.ch\/fr\/general\/2020-10-07\/erstes-virtual-reality-glacier-experience-besucherzentrum-eroeffnet\/","og_site_name":"Organisator","article_publisher":"https:\/\/www.facebook.com\/OrganisatorFachmagazin","article_published_time":"2020-10-07T10:52:17+00:00","og_image":[{"width":2560,"height":1851,"url":"https:\/\/www.organisator.ch\/wp-content\/uploads\/2020\/10\/vrge-glacierexperience-ansicht-vrstationen-cmyk-scaled.jpg","type":"image\/jpeg"}],"author":"michael.merz","twitter_card":"summary_large_image","schema":{"@context":"https:\/\/schema.org","@graph":[{"@type":"Article","@id":"https:\/\/www.organisator.ch\/en\/general\/2020-10-07\/erstes-virtual-reality-glacier-experience-besucherzentrum-eroeffnet\/#article","isPartOf":{"@id":"https:\/\/www.organisator.ch\/en\/general\/2020-10-07\/erstes-virtual-reality-glacier-experience-besucherzentrum-eroeffnet\/"},"author":{"name":"michael.merz","@id":"https:\/\/www.organisator.ch\/#\/schema\/person\/134708ca9321c57b0362cceb7948ffbd"},"headline":"Erstes \u00abVirtual Reality Glacier Experience\u00bb Besucherzentrum er\u00f6ffnet","datePublished":"2020-10-07T10:52:17+00:00","mainEntityOfPage":{"@id":"https:\/\/www.organisator.ch\/en\/general\/2020-10-07\/erstes-virtual-reality-glacier-experience-besucherzentrum-eroeffnet\/"},"wordCount":604,"publisher":{"@id":"https:\/\/www.organisator.ch\/#organization"},"image":{"@id":"https:\/\/www.organisator.ch\/en\/general\/2020-10-07\/erstes-virtual-reality-glacier-experience-besucherzentrum-eroeffnet\/#primaryimage"},"thumbnailUrl":"https:\/\/www.organisator.ch\/wp-content\/uploads\/2020\/10\/vrge-glacierexperience-ansicht-vrstationen-cmyk-scaled.jpg","keywords":["Er\u00f6ffnung","Gletscherforschung","Gletscherschmelze","Klimawandel","Schweiz","Virtual Reality"],"articleSection":["Allgemein"],"inLanguage":"fr-FR"},{"@type":"WebPage","@id":"https:\/\/www.organisator.ch\/en\/general\/2020-10-07\/erstes-virtual-reality-glacier-experience-besucherzentrum-eroeffnet\/","url":"https:\/\/www.organisator.ch\/en\/general\/2020-10-07\/erstes-virtual-reality-glacier-experience-besucherzentrum-eroeffnet\/","name":"Le premier centre de visiteurs \"Virtual Reality Glacier Experience\" ouvre ses portes - Organisateur","isPartOf":{"@id":"https:\/\/www.organisator.ch\/#website"},"primaryImageOfPage":{"@id":"https:\/\/www.organisator.ch\/en\/general\/2020-10-07\/erstes-virtual-reality-glacier-experience-besucherzentrum-eroeffnet\/#primaryimage"},"image":{"@id":"https:\/\/www.organisator.ch\/en\/general\/2020-10-07\/erstes-virtual-reality-glacier-experience-besucherzentrum-eroeffnet\/#primaryimage"},"thumbnailUrl":"https:\/\/www.organisator.ch\/wp-content\/uploads\/2020\/10\/vrge-glacierexperience-ansicht-vrstationen-cmyk-scaled.jpg","datePublished":"2020-10-07T10:52:17+00:00","description":"\u00c0 partir du 10 octobre 2020, la \"Virtual Reality Glacier Experience\" proposera un voyage virtuel dans le temps unique au monde autour du glacier de Morteratsch.","breadcrumb":{"@id":"https:\/\/www.organisator.ch\/en\/general\/2020-10-07\/erstes-virtual-reality-glacier-experience-besucherzentrum-eroeffnet\/#breadcrumb"},"inLanguage":"fr-FR","potentialAction":[{"@type":"ReadAction","target":["https:\/\/www.organisator.ch\/en\/general\/2020-10-07\/erstes-virtual-reality-glacier-experience-besucherzentrum-eroeffnet\/"]}]},{"@type":"ImageObject","inLanguage":"fr-FR","@id":"https:\/\/www.organisator.ch\/en\/general\/2020-10-07\/erstes-virtual-reality-glacier-experience-besucherzentrum-eroeffnet\/#primaryimage","url":"https:\/\/www.organisator.ch\/wp-content\/uploads\/2020\/10\/vrge-glacierexperience-ansicht-vrstationen-cmyk-scaled.jpg","contentUrl":"https:\/\/www.organisator.ch\/wp-content\/uploads\/2020\/10\/vrge-glacierexperience-ansicht-vrstationen-cmyk-scaled.jpg","width":2560,"height":1851},{"@type":"BreadcrumbList","@id":"https:\/\/www.organisator.ch\/en\/general\/2020-10-07\/erstes-virtual-reality-glacier-experience-besucherzentrum-eroeffnet\/#breadcrumb","itemListElement":[{"@type":"ListItem","position":1,"name":"Home","item":"https:\/\/www.organisator.ch\/"},{"@type":"ListItem","position":2,"name":"Erstes \u00abVirtual Reality Glacier Experience\u00bb Besucherzentrum er\u00f6ffnet"}]},{"@type":"WebSite","@id":"https:\/\/www.organisator.ch\/#website","url":"https:\/\/www.organisator.ch\/","name":"Organisateur","description":"Comp\u00e9tence et comp\u00e9tence. Proches de la pratique. L'ORGANISATEUR pr\u00e9pare 10 num\u00e9ros par an sur les th\u00e8mes essentiels pour les dirigeants de PME.","publisher":{"@id":"https:\/\/www.organisator.ch\/#organization"},"potentialAction":[{"@type":"SearchAction","target":{"@type":"EntryPoint","urlTemplate":"https:\/\/www.organisator.ch\/?s={search_term_string}"},"query-input":{"@type":"PropertyValueSpecification","valueRequired":true,"valueName":"search_term_string"}}],"inLanguage":"fr-FR"},{"@type":"Organization","@id":"https:\/\/www.organisator.ch\/#organization","name":"Organisateur","url":"https:\/\/www.organisator.ch\/","logo":{"@type":"ImageObject","inLanguage":"fr-FR","@id":"https:\/\/www.organisator.ch\/#\/schema\/logo\/image\/","url":"https:\/\/www.organisator.ch\/wp-content\/uploads\/2022\/01\/Logo_Organisator_Website.png","contentUrl":"https:\/\/www.organisator.ch\/wp-content\/uploads\/2022\/01\/Logo_Organisator_Website.png","width":800,"height":77,"caption":"Organisator"},"image":{"@id":"https:\/\/www.organisator.ch\/#\/schema\/logo\/image\/"},"sameAs":["https:\/\/www.facebook.com\/OrganisatorFachmagazin","https:\/\/www.linkedin.com\/showcase\/organisator-das-magazin-fr-kmu","https:\/\/www.xing.com\/news\/pages\/organisator-ch-695","https:\/\/www.youtube.com\/channel\/UCGP2Sq0iWaZwT3BdIAQFYpw"]},{"@type":"Person","@id":"https:\/\/www.organisator.ch\/#\/schema\/person\/134708ca9321c57b0362cceb7948ffbd","name":"michael.merz","image":{"@type":"ImageObject","inLanguage":"fr-FR","@id":"https:\/\/secure.gravatar.com\/avatar\/?s=96&d=mm&r=g","url":"https:\/\/secure.gravatar.com\/avatar\/?s=96&d=mm&r=g","contentUrl":"https:\/\/secure.gravatar.com\/avatar\/?s=96&d=mm&r=g","caption":"michael.merz"},"url":"https:\/\/www.organisator.ch\/fr\/author\/michael-merz\/"}]}},"_links":{"self":[{"href":"https:\/\/www.organisator.ch\/fr\/wp-json\/wp\/v2\/posts\/3405","targetHints":{"allow":["GET"]}}],"collection":[{"href":"https:\/\/www.organisator.ch\/fr\/wp-json\/wp\/v2\/posts"}],"about":[{"href":"https:\/\/www.organisator.ch\/fr\/wp-json\/wp\/v2\/types\/post"}],"author":[{"embeddable":true,"href":"https:\/\/www.organisator.ch\/fr\/wp-json\/wp\/v2\/users\/5"}],"replies":[{"embeddable":true,"href":"https:\/\/www.organisator.ch\/fr\/wp-json\/wp\/v2\/comments?post=3405"}],"version-history":[{"count":0,"href":"https:\/\/www.organisator.ch\/fr\/wp-json\/wp\/v2\/posts\/3405\/revisions"}],"wp:featuredmedia":[{"embeddable":true,"href":"https:\/\/www.organisator.ch\/fr\/wp-json\/wp\/v2\/media\/3408"}],"wp:attachment":[{"href":"https:\/\/www.organisator.ch\/fr\/wp-json\/wp\/v2\/media?parent=3405"}],"wp:term":[{"taxonomy":"category","embeddable":true,"href":"https:\/\/www.organisator.ch\/fr\/wp-json\/wp\/v2\/categories?post=3405"},{"taxonomy":"post_tag","embeddable":true,"href":"https:\/\/www.organisator.ch\/fr\/wp-json\/wp\/v2\/tags?post=3405"}],"curies":[{"name":"wp","href":"https:\/\/api.w.org\/{rel}","templated":true}]}}