{"id":34087,"date":"2024-11-27T08:02:58","date_gmt":"2024-11-27T07:02:58","guid":{"rendered":"https:\/\/www.markt-kom.com\/?p=227125"},"modified":"2024-11-27T08:02:58","modified_gmt":"2024-11-27T07:02:58","slug":"dentsu-creative-baut-influencer-marketing-standortuebergreifend-aus","status":"publish","type":"post","link":"https:\/\/www.organisator.ch\/fr\/marketing\/2024-11-27\/dentsu-creative-baut-influencer-marketing-standortuebergreifend-aus\/","title":{"rendered":"Dentsu Creative d\u00e9veloppe le marketing d'influence sur l'ensemble de ses sites"},"content":{"rendered":"<p><img decoding=\"async\" class=\"aligncenter size-full wp-image-227126\" src=\"https:\/\/www.markt-kom.com\/wp-content\/uploads\/2024\/11\/Dentsu-Creative-Influencer-Marketing.jpg\" alt=\"\" width=\"940\" height=\"529\" srcset=\"https:\/\/www.markt-kom.com\/wp-content\/uploads\/2024\/11\/Dentsu-Creative-Influencer-Marketing.jpg 940w, https:\/\/www.markt-kom.com\/wp-content\/uploads\/2024\/11\/Dentsu-Creative-Influencer-Marketing-600x338.jpg 600w, https:\/\/www.markt-kom.com\/wp-content\/uploads\/2024\/11\/Dentsu-Creative-Influencer-Marketing-768x432.jpg 768w, https:\/\/www.markt-kom.com\/wp-content\/uploads\/2024\/11\/Dentsu-Creative-Influencer-Marketing-18x10.jpg 18w, https:\/\/www.markt-kom.com\/wp-content\/uploads\/2024\/11\/Dentsu-Creative-Influencer-Marketing-311x175.jpg 311w, https:\/\/www.markt-kom.com\/wp-content\/uploads\/2024\/11\/Dentsu-Creative-Influencer-Marketing-622x350.jpg 622w\" sizes=\"(max-width: 940px) 100vw, 940px\" \/><\/p>\n<p>Le marketing d'influence fait partie depuis des ann\u00e9es du portefeuille de Dentsu Creative dans la r\u00e9gion DACH. Avec le regroupement des services au sein d'une \u00e9quipe inter-sites, les th\u00e8mes du marketing d'influence, de la strat\u00e9gie et de la conception se rapprochent et deviennent l'une des composantes \u00e9l\u00e9mentaires des services de l'agence.<\/p>\n<p>\"En tant qu'agence cr\u00e9ative mondiale, nous devons comprendre quelles sont les tendances culturelles importantes dans le monde entier. Les influenceurs jouent ici un r\u00f4le central en tant que source et canal\", explique Nils Seger, directeur g\u00e9n\u00e9ral de Rckt - a dentsu creative company. \"Les influenceurs ne sont pas seulement un canal, mais font partie int\u00e9grante des strat\u00e9gies cr\u00e9atives pour les marques qui veulent avoir une influence sur l'esprit du temps. Pour nous, en tant qu'agence, cela signifie int\u00e9grer tr\u00e8s t\u00f4t le marketing d'influence dans la strat\u00e9gie et la conception et le repr\u00e9senter \u00e9galement en tant qu'organisation\".<\/p>","protected":false},"excerpt":{"rendered":"<p>Dentsu Creative continue d'\u00e9tendre ses services dans le domaine du marketing d'influence en Allemagne, en Autriche et en Suisse et les regroupe d\u00e8s \u00e0 pr\u00e9sent dans une propre unit\u00e9 intersites. Mara Branss prend en charge la direction de l'\u00e9quipe de 60 personnes en tant que Director Campaigns.<\/p>","protected":false},"author":8,"featured_media":0,"comment_status":"closed","ping_status":"closed","sticky":false,"template":"","format":"standard","meta":{"_acf_changed":false,"_yoast_wpseo_focuskw":"","_yoast_wpseo_metadesc":"","articlekey":"","footnotes":""},"categories":[29],"tags":[4345,4860],"class_list":["post-34087","post","type-post","status-publish","format-standard","hentry","category-marketing","tag-business","tag-dentsu-creative"],"acf":[],"yoast_head":"<!-- This site is optimized with the Yoast SEO plugin v27.5 - https:\/\/yoast.com\/product\/yoast-seo-wordpress\/ -->\n<title>Dentsu Creative baut Influencer Marketing standort\u00fcbergreifend aus - Organisator<\/title>\n<meta name=\"robots\" content=\"index, follow, max-snippet:-1, max-image-preview:large, max-video-preview:-1\" \/>\n<link rel=\"canonical\" href=\"https:\/\/www.organisator.ch\/fr\/marketing\/2024-11-27\/dentsu-creative-baut-influencer-marketing-standortuebergreifend-aus\/\" \/>\n<meta property=\"og:locale\" content=\"fr_FR\" \/>\n<meta property=\"og:type\" content=\"article\" \/>\n<meta property=\"og:title\" content=\"Dentsu Creative baut Influencer Marketing standort\u00fcbergreifend aus - Organisator\" \/>\n<meta property=\"og:description\" content=\"Dentsu Creative baut seine Services im Bereich Influencer Marketing in Deutschland, \u00d6sterreich und der Schweiz weiter aus und b\u00fcndelt diese ab sofort in einer eigenen, standort\u00fcbergreifenden Unit. Mara Branss \u00fcbernimmt als Director Campaigns die Leitung des 60-k\u00f6pfigen Teams.\" \/>\n<meta property=\"og:url\" content=\"https:\/\/www.organisator.ch\/fr\/marketing\/2024-11-27\/dentsu-creative-baut-influencer-marketing-standortuebergreifend-aus\/\" \/>\n<meta property=\"og:site_name\" content=\"Organisator\" \/>\n<meta property=\"article:publisher\" content=\"https:\/\/www.facebook.com\/OrganisatorFachmagazin\" \/>\n<meta property=\"article:published_time\" content=\"2024-11-27T07:02:58+00:00\" \/>\n<meta name=\"author\" content=\"galledia\" \/>\n<meta name=\"twitter:card\" content=\"summary_large_image\" \/>\n<meta name=\"twitter:creator\" content=\"@admin\" \/>\n<script type=\"application\/ld+json\" class=\"yoast-schema-graph\">{\"@context\":\"https:\\\/\\\/schema.org\",\"@graph\":[{\"@type\":\"Article\",\"@id\":\"https:\\\/\\\/www.organisator.ch\\\/de\\\/marketing\\\/2024-11-27\\\/dentsu-creative-baut-influencer-marketing-standortuebergreifend-aus\\\/#article\",\"isPartOf\":{\"@id\":\"https:\\\/\\\/www.organisator.ch\\\/de\\\/marketing\\\/2024-11-27\\\/dentsu-creative-baut-influencer-marketing-standortuebergreifend-aus\\\/\"},\"author\":{\"name\":\"galledia\",\"@id\":\"https:\\\/\\\/www.organisator.ch\\\/#\\\/schema\\\/person\\\/4e51799071cd2dd1232ac003643ef5f0\"},\"headline\":\"Dentsu Creative baut Influencer Marketing standort\u00fcbergreifend aus\",\"datePublished\":\"2024-11-27T07:02:58+00:00\",\"mainEntityOfPage\":{\"@id\":\"https:\\\/\\\/www.organisator.ch\\\/de\\\/marketing\\\/2024-11-27\\\/dentsu-creative-baut-influencer-marketing-standortuebergreifend-aus\\\/\"},\"wordCount\":132,\"publisher\":{\"@id\":\"https:\\\/\\\/www.organisator.ch\\\/#organization\"},\"image\":{\"@id\":\"https:\\\/\\\/www.organisator.ch\\\/de\\\/marketing\\\/2024-11-27\\\/dentsu-creative-baut-influencer-marketing-standortuebergreifend-aus\\\/#primaryimage\"},\"thumbnailUrl\":\"https:\\\/\\\/www.markt-kom.com\\\/wp-content\\\/uploads\\\/2024\\\/11\\\/Dentsu-Creative-Influencer-Marketing.jpg\",\"keywords\":[\"Business\",\"Dentsu Creative\"],\"articleSection\":[\"MARKETING\"],\"inLanguage\":\"fr-FR\"},{\"@type\":\"WebPage\",\"@id\":\"https:\\\/\\\/www.organisator.ch\\\/de\\\/marketing\\\/2024-11-27\\\/dentsu-creative-baut-influencer-marketing-standortuebergreifend-aus\\\/\",\"url\":\"https:\\\/\\\/www.organisator.ch\\\/de\\\/marketing\\\/2024-11-27\\\/dentsu-creative-baut-influencer-marketing-standortuebergreifend-aus\\\/\",\"name\":\"Dentsu Creative baut Influencer Marketing standort\u00fcbergreifend aus - Organisator\",\"isPartOf\":{\"@id\":\"https:\\\/\\\/www.organisator.ch\\\/#website\"},\"primaryImageOfPage\":{\"@id\":\"https:\\\/\\\/www.organisator.ch\\\/de\\\/marketing\\\/2024-11-27\\\/dentsu-creative-baut-influencer-marketing-standortuebergreifend-aus\\\/#primaryimage\"},\"image\":{\"@id\":\"https:\\\/\\\/www.organisator.ch\\\/de\\\/marketing\\\/2024-11-27\\\/dentsu-creative-baut-influencer-marketing-standortuebergreifend-aus\\\/#primaryimage\"},\"thumbnailUrl\":\"https:\\\/\\\/www.markt-kom.com\\\/wp-content\\\/uploads\\\/2024\\\/11\\\/Dentsu-Creative-Influencer-Marketing.jpg\",\"datePublished\":\"2024-11-27T07:02:58+00:00\",\"breadcrumb\":{\"@id\":\"https:\\\/\\\/www.organisator.ch\\\/de\\\/marketing\\\/2024-11-27\\\/dentsu-creative-baut-influencer-marketing-standortuebergreifend-aus\\\/#breadcrumb\"},\"inLanguage\":\"fr-FR\",\"potentialAction\":[{\"@type\":\"ReadAction\",\"target\":[\"https:\\\/\\\/www.organisator.ch\\\/de\\\/marketing\\\/2024-11-27\\\/dentsu-creative-baut-influencer-marketing-standortuebergreifend-aus\\\/\"]}]},{\"@type\":\"ImageObject\",\"inLanguage\":\"fr-FR\",\"@id\":\"https:\\\/\\\/www.organisator.ch\\\/de\\\/marketing\\\/2024-11-27\\\/dentsu-creative-baut-influencer-marketing-standortuebergreifend-aus\\\/#primaryimage\",\"url\":\"https:\\\/\\\/www.markt-kom.com\\\/wp-content\\\/uploads\\\/2024\\\/11\\\/Dentsu-Creative-Influencer-Marketing.jpg\",\"contentUrl\":\"https:\\\/\\\/www.markt-kom.com\\\/wp-content\\\/uploads\\\/2024\\\/11\\\/Dentsu-Creative-Influencer-Marketing.jpg\"},{\"@type\":\"BreadcrumbList\",\"@id\":\"https:\\\/\\\/www.organisator.ch\\\/de\\\/marketing\\\/2024-11-27\\\/dentsu-creative-baut-influencer-marketing-standortuebergreifend-aus\\\/#breadcrumb\",\"itemListElement\":[{\"@type\":\"ListItem\",\"position\":1,\"name\":\"Home\",\"item\":\"https:\\\/\\\/www.organisator.ch\\\/\"},{\"@type\":\"ListItem\",\"position\":2,\"name\":\"Dentsu Creative baut Influencer Marketing standort\u00fcbergreifend aus\"}]},{\"@type\":\"WebSite\",\"@id\":\"https:\\\/\\\/www.organisator.ch\\\/#website\",\"url\":\"https:\\\/\\\/www.organisator.ch\\\/\",\"name\":\"Organisator\",\"description\":\"Kompetent. Praxisnah. Der ORGANISATOR bereitet in 10 Ausgaben pro Jahr die wesentlichen Themen f\u00fcr F\u00fchrungskr\u00e4fte von KMU auf.\",\"publisher\":{\"@id\":\"https:\\\/\\\/www.organisator.ch\\\/#organization\"},\"potentialAction\":[{\"@type\":\"SearchAction\",\"target\":{\"@type\":\"EntryPoint\",\"urlTemplate\":\"https:\\\/\\\/www.organisator.ch\\\/?s={search_term_string}\"},\"query-input\":{\"@type\":\"PropertyValueSpecification\",\"valueRequired\":true,\"valueName\":\"search_term_string\"}}],\"inLanguage\":\"fr-FR\"},{\"@type\":\"Organization\",\"@id\":\"https:\\\/\\\/www.organisator.ch\\\/#organization\",\"name\":\"Organisator\",\"url\":\"https:\\\/\\\/www.organisator.ch\\\/\",\"logo\":{\"@type\":\"ImageObject\",\"inLanguage\":\"fr-FR\",\"@id\":\"https:\\\/\\\/www.organisator.ch\\\/#\\\/schema\\\/logo\\\/image\\\/\",\"url\":\"https:\\\/\\\/www.organisator.ch\\\/wp-content\\\/uploads\\\/2022\\\/01\\\/Logo_Organisator_Website.png\",\"contentUrl\":\"https:\\\/\\\/www.organisator.ch\\\/wp-content\\\/uploads\\\/2022\\\/01\\\/Logo_Organisator_Website.png\",\"width\":800,\"height\":77,\"caption\":\"Organisator\"},\"image\":{\"@id\":\"https:\\\/\\\/www.organisator.ch\\\/#\\\/schema\\\/logo\\\/image\\\/\"},\"sameAs\":[\"https:\\\/\\\/www.facebook.com\\\/OrganisatorFachmagazin\",\"https:\\\/\\\/www.linkedin.com\\\/showcase\\\/organisator-das-magazin-fr-kmu\",\"https:\\\/\\\/www.xing.com\\\/news\\\/pages\\\/organisator-ch-695\",\"https:\\\/\\\/www.youtube.com\\\/channel\\\/UCGP2Sq0iWaZwT3BdIAQFYpw\"]},{\"@type\":\"Person\",\"@id\":\"https:\\\/\\\/www.organisator.ch\\\/#\\\/schema\\\/person\\\/4e51799071cd2dd1232ac003643ef5f0\",\"name\":\"galledia\",\"image\":{\"@type\":\"ImageObject\",\"inLanguage\":\"fr-FR\",\"@id\":\"https:\\\/\\\/secure.gravatar.com\\\/avatar\\\/78a7f90c01fc2bfc875782a0d4922b37cde2cf184ce347b91316d23cd7f69a36?s=96&d=mm&r=g\",\"url\":\"https:\\\/\\\/secure.gravatar.com\\\/avatar\\\/78a7f90c01fc2bfc875782a0d4922b37cde2cf184ce347b91316d23cd7f69a36?s=96&d=mm&r=g\",\"contentUrl\":\"https:\\\/\\\/secure.gravatar.com\\\/avatar\\\/78a7f90c01fc2bfc875782a0d4922b37cde2cf184ce347b91316d23cd7f69a36?s=96&d=mm&r=g\",\"caption\":\"galledia\"},\"sameAs\":[\"https:\\\/\\\/x.com\\\/admin\"],\"url\":\"https:\\\/\\\/www.organisator.ch\\\/fr\\\/author\\\/galledia\\\/\"}]}<\/script>\n<!-- \/ Yoast SEO plugin. -->","yoast_head_json":{"title":"Dentsu Creative d\u00e9veloppe le marketing d'influence sur l'ensemble de ses sites - Organisateur","robots":{"index":"index","follow":"follow","max-snippet":"max-snippet:-1","max-image-preview":"max-image-preview:large","max-video-preview":"max-video-preview:-1"},"canonical":"https:\/\/www.organisator.ch\/fr\/marketing\/2024-11-27\/dentsu-creative-baut-influencer-marketing-standortuebergreifend-aus\/","og_locale":"fr_FR","og_type":"article","og_title":"Dentsu Creative baut Influencer Marketing standort\u00fcbergreifend aus - Organisator","og_description":"Dentsu Creative baut seine Services im Bereich Influencer Marketing in Deutschland, \u00d6sterreich und der Schweiz weiter aus und b\u00fcndelt diese ab sofort in einer eigenen, standort\u00fcbergreifenden Unit. Mara Branss \u00fcbernimmt als Director Campaigns die Leitung des 60-k\u00f6pfigen Teams.","og_url":"https:\/\/www.organisator.ch\/fr\/marketing\/2024-11-27\/dentsu-creative-baut-influencer-marketing-standortuebergreifend-aus\/","og_site_name":"Organisator","article_publisher":"https:\/\/www.facebook.com\/OrganisatorFachmagazin","article_published_time":"2024-11-27T07:02:58+00:00","author":"galledia","twitter_card":"summary_large_image","twitter_creator":"@admin","schema":{"@context":"https:\/\/schema.org","@graph":[{"@type":"Article","@id":"https:\/\/www.organisator.ch\/de\/marketing\/2024-11-27\/dentsu-creative-baut-influencer-marketing-standortuebergreifend-aus\/#article","isPartOf":{"@id":"https:\/\/www.organisator.ch\/de\/marketing\/2024-11-27\/dentsu-creative-baut-influencer-marketing-standortuebergreifend-aus\/"},"author":{"name":"galledia","@id":"https:\/\/www.organisator.ch\/#\/schema\/person\/4e51799071cd2dd1232ac003643ef5f0"},"headline":"Dentsu Creative baut Influencer Marketing standort\u00fcbergreifend aus","datePublished":"2024-11-27T07:02:58+00:00","mainEntityOfPage":{"@id":"https:\/\/www.organisator.ch\/de\/marketing\/2024-11-27\/dentsu-creative-baut-influencer-marketing-standortuebergreifend-aus\/"},"wordCount":132,"publisher":{"@id":"https:\/\/www.organisator.ch\/#organization"},"image":{"@id":"https:\/\/www.organisator.ch\/de\/marketing\/2024-11-27\/dentsu-creative-baut-influencer-marketing-standortuebergreifend-aus\/#primaryimage"},"thumbnailUrl":"https:\/\/www.markt-kom.com\/wp-content\/uploads\/2024\/11\/Dentsu-Creative-Influencer-Marketing.jpg","keywords":["Business","Dentsu Creative"],"articleSection":["MARKETING"],"inLanguage":"fr-FR"},{"@type":"WebPage","@id":"https:\/\/www.organisator.ch\/de\/marketing\/2024-11-27\/dentsu-creative-baut-influencer-marketing-standortuebergreifend-aus\/","url":"https:\/\/www.organisator.ch\/de\/marketing\/2024-11-27\/dentsu-creative-baut-influencer-marketing-standortuebergreifend-aus\/","name":"Dentsu Creative d\u00e9veloppe le marketing d'influence sur l'ensemble de ses sites - Organisateur","isPartOf":{"@id":"https:\/\/www.organisator.ch\/#website"},"primaryImageOfPage":{"@id":"https:\/\/www.organisator.ch\/de\/marketing\/2024-11-27\/dentsu-creative-baut-influencer-marketing-standortuebergreifend-aus\/#primaryimage"},"image":{"@id":"https:\/\/www.organisator.ch\/de\/marketing\/2024-11-27\/dentsu-creative-baut-influencer-marketing-standortuebergreifend-aus\/#primaryimage"},"thumbnailUrl":"https:\/\/www.markt-kom.com\/wp-content\/uploads\/2024\/11\/Dentsu-Creative-Influencer-Marketing.jpg","datePublished":"2024-11-27T07:02:58+00:00","breadcrumb":{"@id":"https:\/\/www.organisator.ch\/de\/marketing\/2024-11-27\/dentsu-creative-baut-influencer-marketing-standortuebergreifend-aus\/#breadcrumb"},"inLanguage":"fr-FR","potentialAction":[{"@type":"ReadAction","target":["https:\/\/www.organisator.ch\/de\/marketing\/2024-11-27\/dentsu-creative-baut-influencer-marketing-standortuebergreifend-aus\/"]}]},{"@type":"ImageObject","inLanguage":"fr-FR","@id":"https:\/\/www.organisator.ch\/de\/marketing\/2024-11-27\/dentsu-creative-baut-influencer-marketing-standortuebergreifend-aus\/#primaryimage","url":"https:\/\/www.markt-kom.com\/wp-content\/uploads\/2024\/11\/Dentsu-Creative-Influencer-Marketing.jpg","contentUrl":"https:\/\/www.markt-kom.com\/wp-content\/uploads\/2024\/11\/Dentsu-Creative-Influencer-Marketing.jpg"},{"@type":"BreadcrumbList","@id":"https:\/\/www.organisator.ch\/de\/marketing\/2024-11-27\/dentsu-creative-baut-influencer-marketing-standortuebergreifend-aus\/#breadcrumb","itemListElement":[{"@type":"ListItem","position":1,"name":"Home","item":"https:\/\/www.organisator.ch\/"},{"@type":"ListItem","position":2,"name":"Dentsu Creative baut Influencer Marketing standort\u00fcbergreifend aus"}]},{"@type":"WebSite","@id":"https:\/\/www.organisator.ch\/#website","url":"https:\/\/www.organisator.ch\/","name":"Organisateur","description":"Comp\u00e9tence et comp\u00e9tence. Proches de la pratique. L'ORGANISATEUR pr\u00e9pare 10 num\u00e9ros par an sur les th\u00e8mes essentiels pour les dirigeants de PME.","publisher":{"@id":"https:\/\/www.organisator.ch\/#organization"},"potentialAction":[{"@type":"SearchAction","target":{"@type":"EntryPoint","urlTemplate":"https:\/\/www.organisator.ch\/?s={search_term_string}"},"query-input":{"@type":"PropertyValueSpecification","valueRequired":true,"valueName":"search_term_string"}}],"inLanguage":"fr-FR"},{"@type":"Organization","@id":"https:\/\/www.organisator.ch\/#organization","name":"Organisateur","url":"https:\/\/www.organisator.ch\/","logo":{"@type":"ImageObject","inLanguage":"fr-FR","@id":"https:\/\/www.organisator.ch\/#\/schema\/logo\/image\/","url":"https:\/\/www.organisator.ch\/wp-content\/uploads\/2022\/01\/Logo_Organisator_Website.png","contentUrl":"https:\/\/www.organisator.ch\/wp-content\/uploads\/2022\/01\/Logo_Organisator_Website.png","width":800,"height":77,"caption":"Organisator"},"image":{"@id":"https:\/\/www.organisator.ch\/#\/schema\/logo\/image\/"},"sameAs":["https:\/\/www.facebook.com\/OrganisatorFachmagazin","https:\/\/www.linkedin.com\/showcase\/organisator-das-magazin-fr-kmu","https:\/\/www.xing.com\/news\/pages\/organisator-ch-695","https:\/\/www.youtube.com\/channel\/UCGP2Sq0iWaZwT3BdIAQFYpw"]},{"@type":"Person","@id":"https:\/\/www.organisator.ch\/#\/schema\/person\/4e51799071cd2dd1232ac003643ef5f0","name":"galledia","image":{"@type":"ImageObject","inLanguage":"fr-FR","@id":"https:\/\/secure.gravatar.com\/avatar\/78a7f90c01fc2bfc875782a0d4922b37cde2cf184ce347b91316d23cd7f69a36?s=96&d=mm&r=g","url":"https:\/\/secure.gravatar.com\/avatar\/78a7f90c01fc2bfc875782a0d4922b37cde2cf184ce347b91316d23cd7f69a36?s=96&d=mm&r=g","contentUrl":"https:\/\/secure.gravatar.com\/avatar\/78a7f90c01fc2bfc875782a0d4922b37cde2cf184ce347b91316d23cd7f69a36?s=96&d=mm&r=g","caption":"galledia"},"sameAs":["https:\/\/x.com\/admin"],"url":"https:\/\/www.organisator.ch\/fr\/author\/galledia\/"}]}},"_links":{"self":[{"href":"https:\/\/www.organisator.ch\/fr\/wp-json\/wp\/v2\/posts\/34087","targetHints":{"allow":["GET"]}}],"collection":[{"href":"https:\/\/www.organisator.ch\/fr\/wp-json\/wp\/v2\/posts"}],"about":[{"href":"https:\/\/www.organisator.ch\/fr\/wp-json\/wp\/v2\/types\/post"}],"author":[{"embeddable":true,"href":"https:\/\/www.organisator.ch\/fr\/wp-json\/wp\/v2\/users\/8"}],"replies":[{"embeddable":true,"href":"https:\/\/www.organisator.ch\/fr\/wp-json\/wp\/v2\/comments?post=34087"}],"version-history":[{"count":2,"href":"https:\/\/www.organisator.ch\/fr\/wp-json\/wp\/v2\/posts\/34087\/revisions"}],"predecessor-version":[{"id":34097,"href":"https:\/\/www.organisator.ch\/fr\/wp-json\/wp\/v2\/posts\/34087\/revisions\/34097"}],"wp:attachment":[{"href":"https:\/\/www.organisator.ch\/fr\/wp-json\/wp\/v2\/media?parent=34087"}],"wp:term":[{"taxonomy":"category","embeddable":true,"href":"https:\/\/www.organisator.ch\/fr\/wp-json\/wp\/v2\/categories?post=34087"},{"taxonomy":"post_tag","embeddable":true,"href":"https:\/\/www.organisator.ch\/fr\/wp-json\/wp\/v2\/tags?post=34087"}],"curies":[{"name":"wp","href":"https:\/\/api.w.org\/{rel}","templated":true}]}}