{"id":34107,"date":"2024-11-28T09:20:27","date_gmt":"2024-11-28T08:20:27","guid":{"rendered":"https:\/\/www.organisator.ch\/?p=34107"},"modified":"2024-11-28T08:21:47","modified_gmt":"2024-11-28T07:21:47","slug":"scholtysik-gewinnt-branding-mandat-von-dectris","status":"publish","type":"post","link":"https:\/\/www.organisator.ch\/fr\/marketing\/2024-11-28\/scholtysik-gewinnt-branding-mandat-von-dectris\/","title":{"rendered":"Scholtysik remporte un mandat de branding de Dectris"},"content":{"rendered":"<figure id=\"attachment_34108\" aria-describedby=\"caption-attachment-34108\" style=\"width: 680px\" class=\"wp-caption alignnone\"><img loading=\"lazy\" decoding=\"async\" class=\"size-full wp-image-34108\" src=\"https:\/\/www.organisator.ch\/wp-content\/uploads\/2024\/11\/Dectris-Scholktysik_Bild1_ps.jpg\" alt=\"\" width=\"680\" height=\"453\" srcset=\"https:\/\/www.organisator.ch\/wp-content\/uploads\/2024\/11\/Dectris-Scholktysik_Bild1_ps.jpg 680w, https:\/\/www.organisator.ch\/wp-content\/uploads\/2024\/11\/Dectris-Scholktysik_Bild1_ps-18x12.jpg 18w, https:\/\/www.organisator.ch\/wp-content\/uploads\/2024\/11\/Dectris-Scholktysik_Bild1_ps-375x250.jpg 375w, https:\/\/www.organisator.ch\/wp-content\/uploads\/2024\/11\/Dectris-Scholktysik_Bild1_ps-525x350.jpg 525w\" sizes=\"auto, (max-width: 680px) 100vw, 680px\" \/><figcaption id=\"caption-attachment-34108\" class=\"wp-caption-text\">Sur le march\u00e9 extr\u00eamement dynamique de la haute technologie, Dectris veut continuer \u00e0 renforcer sa position de leader. (Image : www.scholtysik.ch)<\/figcaption><\/figure>\n<p>Les d\u00e9tecteurs haute performance de Dectris sont utilis\u00e9s dans le monde entier dans des instituts de recherche de pointe, par exemple dans des acc\u00e9l\u00e9rateurs de particules, dans l'analyse des rayons X ou dans la microscopie \u00e9lectronique. Gr\u00e2ce \u00e0 ces d\u00e9tecteurs, les chercheurs et les ing\u00e9nieurs obtiennent rapidement des donn\u00e9es d'analyse pr\u00e9cises dans des domaines tels que le d\u00e9veloppement de m\u00e9dicaments ou la recherche sur les batteries. Outre les d\u00e9tecteurs, Dectris d\u00e9veloppe d'autres produits et services pour la recherche de pointe, dont une plateforme cloud particuli\u00e8rement performante pour l'utilisation collaborative de donn\u00e9es scientifiques.<\/p>\n<h3><strong>D\u00e9velopper la marque Dectris au niveau mondial<\/strong><\/h3>\n<p>Sur le march\u00e9 extr\u00eamement dynamique de la haute technologie, Dectris veut continuer \u00e0 renforcer sa position de leader. Parall\u00e8lement, la marque doit s'affirmer comme un leader en mati\u00e8re d'innovation et un partenaire fiable dans un environnement scientifique exigeant. Pour r\u00e9pondre \u00e0 ces exigences, Scholtysik doit poursuivre le d\u00e9veloppement strat\u00e9gique de la marque Dectris et augmenter durablement son rayonnement.<\/p>\n<p>\"Avec Scholtysik, nous avons trouv\u00e9 un partenaire de marque qui apporte non seulement une grande exp\u00e9rience dans le secteur technologique, mais qui comprend \u00e9galement les communaut\u00e9s scientifiques pour lesquelles nous d\u00e9veloppons finalement nos produits\", d\u00e9clare Stefan Brandstetter, Chief Commercial Officer de Dectris. \"Nous sommes impatients de porter ensemble la marque Dectris \u00e0 un nouveau niveau\".<\/p>\n<p><em>Source : <a href=\"http:\/\/www.scholtysik.ch\">www.scholtysik.ch<\/a><\/em><\/p>","protected":false},"excerpt":{"rendered":"<p>Dectris, leader mondial des d\u00e9tecteurs ultra-pr\u00e9cis de rayons X et d'\u00e9lectrons, a confi\u00e9 \u00e0 Scholtysik le d\u00e9veloppement de sa strat\u00e9gie de marque. L'agence suisse de branding et de design s'est impos\u00e9e \u00e0 l'issue d'un vaste processus d'\u00e9valuation et accompagnera Dectris dans l'aff\u00fbtage de sa marque.<\/p>","protected":false},"author":80,"featured_media":34108,"comment_status":"closed","ping_status":"closed","sticky":false,"template":"","format":"standard","meta":{"_acf_changed":false,"_yoast_wpseo_focuskw":"Scholtysik","_yoast_wpseo_metadesc":"Dectris beauftragt Scholtysik mit der Entwicklung seiner Markenstrategie f\u00fcr ultrapr\u00e4zise R\u00f6ntgen- und Elektronendetektoren.","articlekey":"","footnotes":""},"categories":[29],"tags":[2717,4866,4865,424,475,533],"class_list":["post-34107","post","type-post","status-publish","format-standard","has-post-thumbnail","hentry","category-marketing","tag-branding","tag-branding-partner","tag-markenstrategie","tag-schweiz","tag-technologie","tag-wissenschaft"],"acf":[],"yoast_head":"<!-- This site is optimized with the Yoast SEO plugin v27.4 - https:\/\/yoast.com\/product\/yoast-seo-wordpress\/ -->\n<title>Scholtysik gewinnt Branding-Mandat von Dectris - Organisator<\/title>\n<meta name=\"description\" content=\"Dectris beauftragt Scholtysik mit der Entwicklung seiner Markenstrategie f\u00fcr ultrapr\u00e4zise R\u00f6ntgen- und Elektronendetektoren.\" \/>\n<meta name=\"robots\" content=\"index, follow, max-snippet:-1, max-image-preview:large, max-video-preview:-1\" \/>\n<link rel=\"canonical\" href=\"https:\/\/www.organisator.ch\/fr\/marketing\/2024-11-28\/scholtysik-gewinnt-branding-mandat-von-dectris\/\" \/>\n<meta property=\"og:locale\" content=\"fr_FR\" \/>\n<meta property=\"og:type\" content=\"article\" \/>\n<meta property=\"og:title\" content=\"Scholtysik gewinnt Branding-Mandat von Dectris\" \/>\n<meta property=\"og:description\" content=\"Dectris beauftragt Scholtysik mit der Entwicklung seiner Markenstrategie f\u00fcr ultrapr\u00e4zise R\u00f6ntgen- und Elektronendetektoren.\" \/>\n<meta property=\"og:url\" content=\"https:\/\/www.organisator.ch\/fr\/marketing\/2024-11-28\/scholtysik-gewinnt-branding-mandat-von-dectris\/\" \/>\n<meta property=\"og:site_name\" content=\"Organisator\" \/>\n<meta property=\"article:publisher\" content=\"https:\/\/www.facebook.com\/OrganisatorFachmagazin\" \/>\n<meta property=\"article:published_time\" content=\"2024-11-28T08:20:27+00:00\" \/>\n<meta property=\"og:image\" content=\"https:\/\/www.organisator.ch\/wp-content\/uploads\/2024\/11\/Dectris-Scholktysik_Bild1_ps.jpg\" \/>\n\t<meta property=\"og:image:width\" content=\"680\" \/>\n\t<meta property=\"og:image:height\" content=\"453\" \/>\n\t<meta property=\"og:image:type\" content=\"image\/jpeg\" \/>\n<meta name=\"author\" content=\"Dzana Muminovic\" \/>\n<meta name=\"twitter:card\" content=\"summary_large_image\" \/>\n<meta name=\"twitter:title\" content=\"Scholtysik gewinnt Branding-Mandat von Dectris\" \/>\n<meta name=\"twitter:description\" content=\"#Dectris beauftragt #Scholtysik mit der #Entwicklung seiner #Markenstrategie f\u00fcr ultrapr\u00e4zise #R\u00f6ntgen- und #Elektronendetektoren.\" \/>\n<meta name=\"twitter:image\" content=\"https:\/\/www.organisator.ch\/wp-content\/uploads\/2024\/11\/Dectris-Scholktysik_Bild1_ps.jpg\" \/>\n<script type=\"application\/ld+json\" class=\"yoast-schema-graph\">{\"@context\":\"https:\\\/\\\/schema.org\",\"@graph\":[{\"@type\":\"Article\",\"@id\":\"https:\\\/\\\/www.organisator.ch\\\/marketing\\\/2024-11-28\\\/scholtysik-gewinnt-branding-mandat-von-dectris\\\/#article\",\"isPartOf\":{\"@id\":\"https:\\\/\\\/www.organisator.ch\\\/marketing\\\/2024-11-28\\\/scholtysik-gewinnt-branding-mandat-von-dectris\\\/\"},\"author\":{\"name\":\"Dzana Muminovic\",\"@id\":\"https:\\\/\\\/www.organisator.ch\\\/#\\\/schema\\\/person\\\/afccda3a71c06d4be2ed9100dd163db7\"},\"headline\":\"Scholtysik gewinnt Branding-Mandat von Dectris\",\"datePublished\":\"2024-11-28T08:20:27+00:00\",\"mainEntityOfPage\":{\"@id\":\"https:\\\/\\\/www.organisator.ch\\\/marketing\\\/2024-11-28\\\/scholtysik-gewinnt-branding-mandat-von-dectris\\\/\"},\"wordCount\":194,\"publisher\":{\"@id\":\"https:\\\/\\\/www.organisator.ch\\\/#organization\"},\"image\":{\"@id\":\"https:\\\/\\\/www.organisator.ch\\\/marketing\\\/2024-11-28\\\/scholtysik-gewinnt-branding-mandat-von-dectris\\\/#primaryimage\"},\"thumbnailUrl\":\"https:\\\/\\\/www.organisator.ch\\\/wp-content\\\/uploads\\\/2024\\\/11\\\/Dectris-Scholktysik_Bild1_ps.jpg\",\"keywords\":[\"Branding\",\"Branding-Partner\",\"Markenstrategie\",\"Schweiz\",\"Technologie\",\"Wissenschaft\"],\"articleSection\":[\"MARKETING\"],\"inLanguage\":\"fr-FR\"},{\"@type\":\"WebPage\",\"@id\":\"https:\\\/\\\/www.organisator.ch\\\/marketing\\\/2024-11-28\\\/scholtysik-gewinnt-branding-mandat-von-dectris\\\/\",\"url\":\"https:\\\/\\\/www.organisator.ch\\\/marketing\\\/2024-11-28\\\/scholtysik-gewinnt-branding-mandat-von-dectris\\\/\",\"name\":\"Scholtysik gewinnt Branding-Mandat von Dectris - Organisator\",\"isPartOf\":{\"@id\":\"https:\\\/\\\/www.organisator.ch\\\/#website\"},\"primaryImageOfPage\":{\"@id\":\"https:\\\/\\\/www.organisator.ch\\\/marketing\\\/2024-11-28\\\/scholtysik-gewinnt-branding-mandat-von-dectris\\\/#primaryimage\"},\"image\":{\"@id\":\"https:\\\/\\\/www.organisator.ch\\\/marketing\\\/2024-11-28\\\/scholtysik-gewinnt-branding-mandat-von-dectris\\\/#primaryimage\"},\"thumbnailUrl\":\"https:\\\/\\\/www.organisator.ch\\\/wp-content\\\/uploads\\\/2024\\\/11\\\/Dectris-Scholktysik_Bild1_ps.jpg\",\"datePublished\":\"2024-11-28T08:20:27+00:00\",\"description\":\"Dectris beauftragt Scholtysik mit der Entwicklung seiner Markenstrategie f\u00fcr ultrapr\u00e4zise R\u00f6ntgen- und Elektronendetektoren.\",\"breadcrumb\":{\"@id\":\"https:\\\/\\\/www.organisator.ch\\\/marketing\\\/2024-11-28\\\/scholtysik-gewinnt-branding-mandat-von-dectris\\\/#breadcrumb\"},\"inLanguage\":\"fr-FR\",\"potentialAction\":[{\"@type\":\"ReadAction\",\"target\":[\"https:\\\/\\\/www.organisator.ch\\\/marketing\\\/2024-11-28\\\/scholtysik-gewinnt-branding-mandat-von-dectris\\\/\"]}]},{\"@type\":\"ImageObject\",\"inLanguage\":\"fr-FR\",\"@id\":\"https:\\\/\\\/www.organisator.ch\\\/marketing\\\/2024-11-28\\\/scholtysik-gewinnt-branding-mandat-von-dectris\\\/#primaryimage\",\"url\":\"https:\\\/\\\/www.organisator.ch\\\/wp-content\\\/uploads\\\/2024\\\/11\\\/Dectris-Scholktysik_Bild1_ps.jpg\",\"contentUrl\":\"https:\\\/\\\/www.organisator.ch\\\/wp-content\\\/uploads\\\/2024\\\/11\\\/Dectris-Scholktysik_Bild1_ps.jpg\",\"width\":680,\"height\":453,\"caption\":\"Im \u00e4usserst dynamischen Hightech-Markt will Dectris seine Spitzenposition weiter ausbauen. (Bild: www.scholtysik.ch)\"},{\"@type\":\"BreadcrumbList\",\"@id\":\"https:\\\/\\\/www.organisator.ch\\\/marketing\\\/2024-11-28\\\/scholtysik-gewinnt-branding-mandat-von-dectris\\\/#breadcrumb\",\"itemListElement\":[{\"@type\":\"ListItem\",\"position\":1,\"name\":\"Home\",\"item\":\"https:\\\/\\\/www.organisator.ch\\\/\"},{\"@type\":\"ListItem\",\"position\":2,\"name\":\"Scholtysik gewinnt Branding-Mandat von Dectris\"}]},{\"@type\":\"WebSite\",\"@id\":\"https:\\\/\\\/www.organisator.ch\\\/#website\",\"url\":\"https:\\\/\\\/www.organisator.ch\\\/\",\"name\":\"Organisator\",\"description\":\"Kompetent. Praxisnah. Der ORGANISATOR bereitet in 10 Ausgaben pro Jahr die wesentlichen Themen f\u00fcr F\u00fchrungskr\u00e4fte von KMU auf.\",\"publisher\":{\"@id\":\"https:\\\/\\\/www.organisator.ch\\\/#organization\"},\"potentialAction\":[{\"@type\":\"SearchAction\",\"target\":{\"@type\":\"EntryPoint\",\"urlTemplate\":\"https:\\\/\\\/www.organisator.ch\\\/?s={search_term_string}\"},\"query-input\":{\"@type\":\"PropertyValueSpecification\",\"valueRequired\":true,\"valueName\":\"search_term_string\"}}],\"inLanguage\":\"fr-FR\"},{\"@type\":\"Organization\",\"@id\":\"https:\\\/\\\/www.organisator.ch\\\/#organization\",\"name\":\"Organisator\",\"url\":\"https:\\\/\\\/www.organisator.ch\\\/\",\"logo\":{\"@type\":\"ImageObject\",\"inLanguage\":\"fr-FR\",\"@id\":\"https:\\\/\\\/www.organisator.ch\\\/#\\\/schema\\\/logo\\\/image\\\/\",\"url\":\"https:\\\/\\\/www.organisator.ch\\\/wp-content\\\/uploads\\\/2022\\\/01\\\/Logo_Organisator_Website.png\",\"contentUrl\":\"https:\\\/\\\/www.organisator.ch\\\/wp-content\\\/uploads\\\/2022\\\/01\\\/Logo_Organisator_Website.png\",\"width\":800,\"height\":77,\"caption\":\"Organisator\"},\"image\":{\"@id\":\"https:\\\/\\\/www.organisator.ch\\\/#\\\/schema\\\/logo\\\/image\\\/\"},\"sameAs\":[\"https:\\\/\\\/www.facebook.com\\\/OrganisatorFachmagazin\",\"https:\\\/\\\/www.linkedin.com\\\/showcase\\\/organisator-das-magazin-fr-kmu\",\"https:\\\/\\\/www.xing.com\\\/news\\\/pages\\\/organisator-ch-695\",\"https:\\\/\\\/www.youtube.com\\\/channel\\\/UCGP2Sq0iWaZwT3BdIAQFYpw\"]},{\"@type\":\"Person\",\"@id\":\"https:\\\/\\\/www.organisator.ch\\\/#\\\/schema\\\/person\\\/afccda3a71c06d4be2ed9100dd163db7\",\"name\":\"Dzana Muminovic\",\"image\":{\"@type\":\"ImageObject\",\"inLanguage\":\"fr-FR\",\"@id\":\"https:\\\/\\\/secure.gravatar.com\\\/avatar\\\/909c5c71aff4b38e88686f2ab2f1ba152571f394f41ed8bae431ea56ced93050?s=96&d=mm&r=g\",\"url\":\"https:\\\/\\\/secure.gravatar.com\\\/avatar\\\/909c5c71aff4b38e88686f2ab2f1ba152571f394f41ed8bae431ea56ced93050?s=96&d=mm&r=g\",\"contentUrl\":\"https:\\\/\\\/secure.gravatar.com\\\/avatar\\\/909c5c71aff4b38e88686f2ab2f1ba152571f394f41ed8bae431ea56ced93050?s=96&d=mm&r=g\",\"caption\":\"Dzana Muminovic\"},\"url\":\"https:\\\/\\\/www.organisator.ch\\\/fr\\\/author\\\/dzana-muminovic\\\/\"}]}<\/script>\n<!-- \/ Yoast SEO plugin. -->","yoast_head_json":{"title":"Scholtysik remporte le mandat de branding de Dectris - Organisateur","description":"Dectris confie \u00e0 Scholtysik le d\u00e9veloppement de sa strat\u00e9gie de marque pour les d\u00e9tecteurs de rayons X et d'\u00e9lectrons ultra-pr\u00e9cis.","robots":{"index":"index","follow":"follow","max-snippet":"max-snippet:-1","max-image-preview":"max-image-preview:large","max-video-preview":"max-video-preview:-1"},"canonical":"https:\/\/www.organisator.ch\/fr\/marketing\/2024-11-28\/scholtysik-gewinnt-branding-mandat-von-dectris\/","og_locale":"fr_FR","og_type":"article","og_title":"Scholtysik gewinnt Branding-Mandat von Dectris","og_description":"Dectris beauftragt Scholtysik mit der Entwicklung seiner Markenstrategie f\u00fcr ultrapr\u00e4zise R\u00f6ntgen- und Elektronendetektoren.","og_url":"https:\/\/www.organisator.ch\/fr\/marketing\/2024-11-28\/scholtysik-gewinnt-branding-mandat-von-dectris\/","og_site_name":"Organisator","article_publisher":"https:\/\/www.facebook.com\/OrganisatorFachmagazin","article_published_time":"2024-11-28T08:20:27+00:00","og_image":[{"width":680,"height":453,"url":"https:\/\/www.organisator.ch\/wp-content\/uploads\/2024\/11\/Dectris-Scholktysik_Bild1_ps.jpg","type":"image\/jpeg"}],"author":"Dzana Muminovic","twitter_card":"summary_large_image","twitter_title":"Scholtysik gewinnt Branding-Mandat von Dectris","twitter_description":"#Dectris beauftragt #Scholtysik mit der #Entwicklung seiner #Markenstrategie f\u00fcr ultrapr\u00e4zise #R\u00f6ntgen- und #Elektronendetektoren.","twitter_image":"https:\/\/www.organisator.ch\/wp-content\/uploads\/2024\/11\/Dectris-Scholktysik_Bild1_ps.jpg","schema":{"@context":"https:\/\/schema.org","@graph":[{"@type":"Article","@id":"https:\/\/www.organisator.ch\/marketing\/2024-11-28\/scholtysik-gewinnt-branding-mandat-von-dectris\/#article","isPartOf":{"@id":"https:\/\/www.organisator.ch\/marketing\/2024-11-28\/scholtysik-gewinnt-branding-mandat-von-dectris\/"},"author":{"name":"Dzana Muminovic","@id":"https:\/\/www.organisator.ch\/#\/schema\/person\/afccda3a71c06d4be2ed9100dd163db7"},"headline":"Scholtysik gewinnt Branding-Mandat von Dectris","datePublished":"2024-11-28T08:20:27+00:00","mainEntityOfPage":{"@id":"https:\/\/www.organisator.ch\/marketing\/2024-11-28\/scholtysik-gewinnt-branding-mandat-von-dectris\/"},"wordCount":194,"publisher":{"@id":"https:\/\/www.organisator.ch\/#organization"},"image":{"@id":"https:\/\/www.organisator.ch\/marketing\/2024-11-28\/scholtysik-gewinnt-branding-mandat-von-dectris\/#primaryimage"},"thumbnailUrl":"https:\/\/www.organisator.ch\/wp-content\/uploads\/2024\/11\/Dectris-Scholktysik_Bild1_ps.jpg","keywords":["Branding","Branding-Partner","Markenstrategie","Schweiz","Technologie","Wissenschaft"],"articleSection":["MARKETING"],"inLanguage":"fr-FR"},{"@type":"WebPage","@id":"https:\/\/www.organisator.ch\/marketing\/2024-11-28\/scholtysik-gewinnt-branding-mandat-von-dectris\/","url":"https:\/\/www.organisator.ch\/marketing\/2024-11-28\/scholtysik-gewinnt-branding-mandat-von-dectris\/","name":"Scholtysik remporte le mandat de branding de Dectris - Organisateur","isPartOf":{"@id":"https:\/\/www.organisator.ch\/#website"},"primaryImageOfPage":{"@id":"https:\/\/www.organisator.ch\/marketing\/2024-11-28\/scholtysik-gewinnt-branding-mandat-von-dectris\/#primaryimage"},"image":{"@id":"https:\/\/www.organisator.ch\/marketing\/2024-11-28\/scholtysik-gewinnt-branding-mandat-von-dectris\/#primaryimage"},"thumbnailUrl":"https:\/\/www.organisator.ch\/wp-content\/uploads\/2024\/11\/Dectris-Scholktysik_Bild1_ps.jpg","datePublished":"2024-11-28T08:20:27+00:00","description":"Dectris confie \u00e0 Scholtysik le d\u00e9veloppement de sa strat\u00e9gie de marque pour les d\u00e9tecteurs de rayons X et d'\u00e9lectrons ultra-pr\u00e9cis.","breadcrumb":{"@id":"https:\/\/www.organisator.ch\/marketing\/2024-11-28\/scholtysik-gewinnt-branding-mandat-von-dectris\/#breadcrumb"},"inLanguage":"fr-FR","potentialAction":[{"@type":"ReadAction","target":["https:\/\/www.organisator.ch\/marketing\/2024-11-28\/scholtysik-gewinnt-branding-mandat-von-dectris\/"]}]},{"@type":"ImageObject","inLanguage":"fr-FR","@id":"https:\/\/www.organisator.ch\/marketing\/2024-11-28\/scholtysik-gewinnt-branding-mandat-von-dectris\/#primaryimage","url":"https:\/\/www.organisator.ch\/wp-content\/uploads\/2024\/11\/Dectris-Scholktysik_Bild1_ps.jpg","contentUrl":"https:\/\/www.organisator.ch\/wp-content\/uploads\/2024\/11\/Dectris-Scholktysik_Bild1_ps.jpg","width":680,"height":453,"caption":"Im \u00e4usserst dynamischen Hightech-Markt will Dectris seine Spitzenposition weiter ausbauen. (Bild: www.scholtysik.ch)"},{"@type":"BreadcrumbList","@id":"https:\/\/www.organisator.ch\/marketing\/2024-11-28\/scholtysik-gewinnt-branding-mandat-von-dectris\/#breadcrumb","itemListElement":[{"@type":"ListItem","position":1,"name":"Home","item":"https:\/\/www.organisator.ch\/"},{"@type":"ListItem","position":2,"name":"Scholtysik gewinnt Branding-Mandat von Dectris"}]},{"@type":"WebSite","@id":"https:\/\/www.organisator.ch\/#website","url":"https:\/\/www.organisator.ch\/","name":"Organisateur","description":"Comp\u00e9tence et comp\u00e9tence. Proches de la pratique. L'ORGANISATEUR pr\u00e9pare 10 num\u00e9ros par an sur les th\u00e8mes essentiels pour les dirigeants de PME.","publisher":{"@id":"https:\/\/www.organisator.ch\/#organization"},"potentialAction":[{"@type":"SearchAction","target":{"@type":"EntryPoint","urlTemplate":"https:\/\/www.organisator.ch\/?s={search_term_string}"},"query-input":{"@type":"PropertyValueSpecification","valueRequired":true,"valueName":"search_term_string"}}],"inLanguage":"fr-FR"},{"@type":"Organization","@id":"https:\/\/www.organisator.ch\/#organization","name":"Organisateur","url":"https:\/\/www.organisator.ch\/","logo":{"@type":"ImageObject","inLanguage":"fr-FR","@id":"https:\/\/www.organisator.ch\/#\/schema\/logo\/image\/","url":"https:\/\/www.organisator.ch\/wp-content\/uploads\/2022\/01\/Logo_Organisator_Website.png","contentUrl":"https:\/\/www.organisator.ch\/wp-content\/uploads\/2022\/01\/Logo_Organisator_Website.png","width":800,"height":77,"caption":"Organisator"},"image":{"@id":"https:\/\/www.organisator.ch\/#\/schema\/logo\/image\/"},"sameAs":["https:\/\/www.facebook.com\/OrganisatorFachmagazin","https:\/\/www.linkedin.com\/showcase\/organisator-das-magazin-fr-kmu","https:\/\/www.xing.com\/news\/pages\/organisator-ch-695","https:\/\/www.youtube.com\/channel\/UCGP2Sq0iWaZwT3BdIAQFYpw"]},{"@type":"Person","@id":"https:\/\/www.organisator.ch\/#\/schema\/person\/afccda3a71c06d4be2ed9100dd163db7","name":"Dzana Muminovic","image":{"@type":"ImageObject","inLanguage":"fr-FR","@id":"https:\/\/secure.gravatar.com\/avatar\/909c5c71aff4b38e88686f2ab2f1ba152571f394f41ed8bae431ea56ced93050?s=96&d=mm&r=g","url":"https:\/\/secure.gravatar.com\/avatar\/909c5c71aff4b38e88686f2ab2f1ba152571f394f41ed8bae431ea56ced93050?s=96&d=mm&r=g","contentUrl":"https:\/\/secure.gravatar.com\/avatar\/909c5c71aff4b38e88686f2ab2f1ba152571f394f41ed8bae431ea56ced93050?s=96&d=mm&r=g","caption":"Dzana Muminovic"},"url":"https:\/\/www.organisator.ch\/fr\/author\/dzana-muminovic\/"}]}},"_links":{"self":[{"href":"https:\/\/www.organisator.ch\/fr\/wp-json\/wp\/v2\/posts\/34107","targetHints":{"allow":["GET"]}}],"collection":[{"href":"https:\/\/www.organisator.ch\/fr\/wp-json\/wp\/v2\/posts"}],"about":[{"href":"https:\/\/www.organisator.ch\/fr\/wp-json\/wp\/v2\/types\/post"}],"author":[{"embeddable":true,"href":"https:\/\/www.organisator.ch\/fr\/wp-json\/wp\/v2\/users\/80"}],"replies":[{"embeddable":true,"href":"https:\/\/www.organisator.ch\/fr\/wp-json\/wp\/v2\/comments?post=34107"}],"version-history":[{"count":4,"href":"https:\/\/www.organisator.ch\/fr\/wp-json\/wp\/v2\/posts\/34107\/revisions"}],"predecessor-version":[{"id":34158,"href":"https:\/\/www.organisator.ch\/fr\/wp-json\/wp\/v2\/posts\/34107\/revisions\/34158"}],"wp:featuredmedia":[{"embeddable":true,"href":"https:\/\/www.organisator.ch\/fr\/wp-json\/wp\/v2\/media\/34108"}],"wp:attachment":[{"href":"https:\/\/www.organisator.ch\/fr\/wp-json\/wp\/v2\/media?parent=34107"}],"wp:term":[{"taxonomy":"category","embeddable":true,"href":"https:\/\/www.organisator.ch\/fr\/wp-json\/wp\/v2\/categories?post=34107"},{"taxonomy":"post_tag","embeddable":true,"href":"https:\/\/www.organisator.ch\/fr\/wp-json\/wp\/v2\/tags?post=34107"}],"curies":[{"name":"wp","href":"https:\/\/api.w.org\/{rel}","templated":true}]}}