{"id":34119,"date":"2024-11-28T09:19:31","date_gmt":"2024-11-28T08:19:31","guid":{"rendered":"https:\/\/www.m-q.ch\/?p=20749"},"modified":"2024-12-02T07:45:23","modified_gmt":"2024-12-02T06:45:23","slug":"neue-studie-zeigt-unternehmen-brauchen-laenger-als-erwartet-um-sich-von-cyberangriffen-zu-erholen","status":"publish","type":"post","link":"https:\/\/www.organisator.ch\/fr\/operational-excellence\/2024-11-28\/neue-studie-zeigt-unternehmen-brauchen-laenger-als-erwartet-um-sich-von-cyberangriffen-zu-erholen\/","title":{"rendered":"Une nouvelle \u00e9tude montre que les entreprises mettent plus de temps que pr\u00e9vu \u00e0 se remettre des cyberattaques"},"content":{"rendered":"<figure id=\"attachment_20750\" class=\"wp-caption alignnone\" style=\"width: 680px;\" aria-describedby=\"caption-attachment-20750\"><img class=\"size-full wp-image-20750\" src=\"https:\/\/www.m-q.ch\/wp-content\/uploads\/2024\/11\/Cyberresilienz_Bild1_ps.jpg\" sizes=\"(max-width: 680px) 100vw, 680px\" srcset=\"https:\/\/www.m-q.ch\/wp-content\/uploads\/2024\/11\/Cyberresilienz_Bild1_ps.jpg 680w, https:\/\/www.m-q.ch\/wp-content\/uploads\/2024\/11\/Cyberresilienz_Bild1_ps-18x12.jpg 18w, https:\/\/www.m-q.ch\/wp-content\/uploads\/2024\/11\/Cyberresilienz_Bild1_ps-375x250.jpg 375w, https:\/\/www.m-q.ch\/wp-content\/uploads\/2024\/11\/Cyberresilienz_Bild1_ps-524x350.jpg 524w\" alt=\"\" width=\"680\" height=\"454\" \/>\r\n<figcaption id=\"caption-attachment-20750\" class=\"wp-caption-text\">Les entreprises ont besoin de 8,6 mois pour se remettre d'une cyber-attaque. Les attaques externes sont la cause la plus fr\u00e9quente d'incidents. (Image : ww.depositphotos.com)<\/figcaption>\r\n<\/figure>\r\n<h3><strong>Les attaques externes sont la principale cause des incidents de s\u00e9curit\u00e9<\/strong><\/h3>\r\n<p>En moyenne, les entreprises de la zone DACH ont connu 41 incidents de s\u00e9curit\u00e9 au cours des douze derniers mois. Les attaques cibl\u00e9es d'agresseurs externes ont repr\u00e9sent\u00e9 la plus grande partie de ces incidents (36 %), suivies par les erreurs de configuration (29 %) et les erreurs de logiciel (28 %). Les cons\u00e9quences de ces incidents ont \u00e9t\u00e9 principalement la perte de donn\u00e9es (35 %), les temps d'arr\u00eat ou les interruptions (28 %) et la compromission des comptes clients (25 %). Les entreprises qui citent la perte de chiffre d'affaires comme l'impact le plus important des incidents de s\u00e9curit\u00e9 ont signal\u00e9 des pertes de 3,3 %.<\/p>\r\n<p>Marshall Erwin, Chief Information Security Officer chez Fastly, commente les r\u00e9sultats : \"Le r\u00e9tablissement complet apr\u00e8s des violations de s\u00e9curit\u00e9 est de plus en plus compliqu\u00e9 et co\u00fbteux pour les entreprises. Cela s'explique par les pertes de chiffre d'affaires, les atteintes \u00e0 la r\u00e9putation et les pertes de temps qui affectent les relations commerciales \u00e0 long terme et mobilisent les ressources de diff\u00e9rents secteurs de l'entreprise. \u00c9tant donn\u00e9 que le nombre d'attaques ne va pas diminuer et que le risque de pannes importantes existe \u00e0 tout moment, il est essentiel que les adaptations de la strat\u00e9gie de cybers\u00e9curit\u00e9 fassent partie d'un plan global et que les entreprises ne prennent pas de d\u00e9cisions h\u00e2tives\".<\/p>\r\n<h3><strong>Trop peu de protection contre les nouvelles menaces : Les entreprises sous pression<\/strong><\/h3>\r\n<p>63 % des personnes interrog\u00e9es craignent les cyber-attaques contre les employ\u00e9s \u00e0 distance. 53 pour cent indiquent en outre que le paysage des menaces de plus en plus complexe a laiss\u00e9 leur entreprise sans pr\u00e9paration face \u00e0 de futures attaques et 51 pour cent des entreprises constatent qu'elles ne sont pas prot\u00e9g\u00e9es contre les menaces li\u00e9es \u00e0 l'\u00e9mergence de la technologie d'intelligence artificielle g\u00e9n\u00e9rative. La moiti\u00e9 des entreprises imputent le manque d'investissement dans les technologies de s\u00e9curit\u00e9 \u00e0 l'augmentation du niveau des menaces.<\/p>\r\n<h3><strong>Les investissements dans la cybers\u00e9curit\u00e9 vont augmenter - mais aussi la consolidation <\/strong><\/h3>\r\n<p>En cons\u00e9quence, 88 % des d\u00e9cideurs interrog\u00e9s s'attendent \u00e0 ce que les investissements dans la cybers\u00e9curit\u00e9 augmentent au cours des douze prochains mois, mais les investissements dans les solutions de s\u00e9curit\u00e9 doivent \u00eatre davantage justifi\u00e9s compte tenu des budgets limit\u00e9s. Les assurances de cybers\u00e9curit\u00e9 (34 %) et les services de s\u00e9curit\u00e9 g\u00e9r\u00e9s (28 %) se classent dans le top 3 des domaines d'investissement attendus, apr\u00e8s les m\u00e9thodes d'authentification modernes (40 %).<\/p>\r\n<p>Il y a donc une nette tendance \u00e0 l'externalisation et \u00e0 la s\u00e9curisation - en compl\u00e9ment des outils et fournisseurs de s\u00e9curit\u00e9 existants, qui sont davantage mis \u00e0 l'\u00e9preuve en r\u00e9action aux incidents de l'ann\u00e9e derni\u00e8re (46 %). La situation \u00e9conomique globale cr\u00e9e une tension suppl\u00e9mentaire : en effet, m\u00eame si la n\u00e9cessit\u00e9 d'investir dans la cybers\u00e9curit\u00e9 est indiscutable, pr\u00e8s des trois quarts des personnes interrog\u00e9es (72 %) pensent davantage \u00e0 consolider leurs fournisseurs et leurs outils.<\/p>\r\n<h3><strong>Une approche globale de la s\u00e9curit\u00e9 comme strat\u00e9gie pour l'avenir <\/strong><\/h3>\r\n<p>La mani\u00e8re dont les organisations int\u00e8grent la s\u00e9curit\u00e9 des logiciels dans leurs processus op\u00e9rationnels est \u00e9galement r\u00e9\u00e9valu\u00e9e. De plus en plus de parties prenantes en dehors des \u00e9quipes de s\u00e9curit\u00e9 traditionnelles, y compris des \u00e9quipes de domaines tels que l'ing\u00e9nierie de plateforme, sont impliqu\u00e9es dans l'introduction de solutions de s\u00e9curit\u00e9. Un cinqui\u00e8me (20 %) des personnes interrog\u00e9es ont m\u00eame indiqu\u00e9 que l'introduction d'une approche moderne de l'ing\u00e9nierie des plateformes pour la s\u00e9curit\u00e9 des logiciels faisait partie de leurs priorit\u00e9s pour l'ann\u00e9e \u00e0 venir.<\/p>\r\n<p>\"Nous constatons un glissement vers une responsabilit\u00e9 partag\u00e9e en mati\u00e8re de s\u00e9curit\u00e9 dans les entreprises, avec un accent plus marqu\u00e9 sur l'int\u00e9gration des mesures de s\u00e9curit\u00e9 d\u00e8s le d\u00e9but dans tous les projets. Les entreprises qui int\u00e8grent la s\u00e9curit\u00e9 \u00e0 un stade pr\u00e9coce de leurs processus et qui \u00e9tablissent des partenariats solides avec des sp\u00e9cialistes de la s\u00e9curit\u00e9 sont mieux pr\u00e9par\u00e9es \u00e0 faire face aux menaces futures et \u00e0 se remettre plus rapidement des attaques\", recommande Erwin.<\/p>\r\n<p><em>Source : <a href=\"http:\/\/www.fastly.com\/de\">www.fastly.com\/de<\/a><\/em><\/p>\n<p class=\"syndicated-attribution\">Cet article est paru initialement sur m-q.ch - <a href=\"https:\/\/www.m-q.ch\/de\/neue-studie-zeigt-unternehmen-brauchen-laenger-als-erwartet-um-sich-von-cyberangriffen-zu-erholen\/\" target=\"_blank\">https:\/\/www.m-q.ch\/de\/neue-studie-zeigt-unternehmen-brauchen-laenger-als-erwartet-um-sich-von-cyberangriffen-zu-erholen\/<\/a><\/p>","protected":false},"excerpt":{"rendered":"<p>La plateforme Edge Cloud Fastly Inc. a publi\u00e9 son rapport annuel Global Security Research. Au cours d'une ann\u00e9e marqu\u00e9e par des incidents de s\u00e9curit\u00e9 particuli\u00e8rement graves, le rapport montre notamment que les entreprises mettent de plus en plus de temps \u00e0 se remettre des cyberattaques et des pannes techniques. En Allemagne, en Autriche et en Suisse, les entreprises ont besoin en moyenne de 8,6 mois. Cela repr\u00e9sente 2,1 mois de plus que pr\u00e9vu et 1,3 mois de plus que la comparaison internationale.<\/p>","protected":false},"author":80,"featured_media":0,"comment_status":"closed","ping_status":"closed","sticky":false,"template":"","format":"standard","meta":{"_acf_changed":false,"_yoast_wpseo_focuskw":"Global Security Research Report","_yoast_wpseo_metadesc":"Unternehmen brauchen 8,6 Monate zur Erholung von Cyberangriffen. Externe Angriffe sind die h\u00e4ufigste Ursache f\u00fcr Vorf\u00e4lle.","articlekey":"","footnotes":""},"categories":[582],"tags":[3806,3119,608,418,424,459,492],"class_list":["post-34119","post","type-post","status-publish","format-standard","hentry","category-operational-excellence","tag-cyber-risiken","tag-cyberangriffe","tag-cybersicherheit","tag-risikomanagement","tag-schweiz","tag-studie","tag-unternehmen"],"acf":[],"yoast_head":"<!-- This site is optimized with the Yoast SEO plugin v27.5 - https:\/\/yoast.com\/product\/yoast-seo-wordpress\/ -->\n<title>Neue Studie zeigt: Unternehmen brauchen l\u00e4nger als erwartet, um sich von Cyberangriffen zu erholen - Organisator<\/title>\n<meta name=\"description\" content=\"Unternehmen brauchen 8,6 Monate zur Erholung von Cyberangriffen. Externe Angriffe sind die h\u00e4ufigste Ursache f\u00fcr Vorf\u00e4lle.\" \/>\n<meta name=\"robots\" content=\"index, follow, max-snippet:-1, max-image-preview:large, max-video-preview:-1\" \/>\n<link rel=\"canonical\" href=\"https:\/\/www.organisator.ch\/fr\/excellence-operationnelle\/2024-11-28\/neue-studie-zeigt-unternehmen-brauchen-laenger-als-erwartet-um-sich-von-cyberangriffen-zu-erholen\/\" \/>\n<meta property=\"og:locale\" content=\"fr_FR\" \/>\n<meta property=\"og:type\" content=\"article\" \/>\n<meta property=\"og:title\" content=\"Neue Studie zeigt: Unternehmen brauchen l\u00e4nger als erwartet, um sich von Cyberangriffen zu erholen - Organisator\" \/>\n<meta property=\"og:description\" content=\"Unternehmen brauchen 8,6 Monate zur Erholung von Cyberangriffen. Externe Angriffe sind die h\u00e4ufigste Ursache f\u00fcr Vorf\u00e4lle.\" \/>\n<meta property=\"og:url\" content=\"https:\/\/www.organisator.ch\/fr\/excellence-operationnelle\/2024-11-28\/neue-studie-zeigt-unternehmen-brauchen-laenger-als-erwartet-um-sich-von-cyberangriffen-zu-erholen\/\" \/>\n<meta property=\"og:site_name\" content=\"Organisator\" \/>\n<meta property=\"article:publisher\" content=\"https:\/\/www.facebook.com\/OrganisatorFachmagazin\" \/>\n<meta property=\"article:published_time\" content=\"2024-11-28T08:19:31+00:00\" \/>\n<meta property=\"article:modified_time\" content=\"2024-12-02T06:45:23+00:00\" \/>\n<meta property=\"og:image\" content=\"https:\/\/www.organisator.ch\/wp-content\/uploads\/2023\/06\/50-der-jungen-Mitarbeitenden-fassen-baldige-Kuendigung-ins-Auge_Grafik3_Organisator.jpg\" \/>\n\t<meta property=\"og:image:width\" content=\"680\" \/>\n\t<meta property=\"og:image:height\" content=\"453\" \/>\n\t<meta property=\"og:image:type\" content=\"image\/jpeg\" \/>\n<meta name=\"author\" content=\"Dzana Muminovic\" \/>\n<meta name=\"twitter:card\" content=\"summary_large_image\" \/>\n<script type=\"application\/ld+json\" class=\"yoast-schema-graph\">{\"@context\":\"https:\\\/\\\/schema.org\",\"@graph\":[{\"@type\":\"Article\",\"@id\":\"https:\\\/\\\/www.organisator.ch\\\/operational-excellence\\\/2024-11-28\\\/neue-studie-zeigt-unternehmen-brauchen-laenger-als-erwartet-um-sich-von-cyberangriffen-zu-erholen\\\/#article\",\"isPartOf\":{\"@id\":\"https:\\\/\\\/www.organisator.ch\\\/operational-excellence\\\/2024-11-28\\\/neue-studie-zeigt-unternehmen-brauchen-laenger-als-erwartet-um-sich-von-cyberangriffen-zu-erholen\\\/\"},\"author\":{\"name\":\"Dzana Muminovic\",\"@id\":\"https:\\\/\\\/www.organisator.ch\\\/#\\\/schema\\\/person\\\/afccda3a71c06d4be2ed9100dd163db7\"},\"headline\":\"Neue Studie zeigt: Unternehmen brauchen l\u00e4nger als erwartet, um sich von Cyberangriffen zu erholen\",\"datePublished\":\"2024-11-28T08:19:31+00:00\",\"dateModified\":\"2024-12-02T06:45:23+00:00\",\"mainEntityOfPage\":{\"@id\":\"https:\\\/\\\/www.organisator.ch\\\/operational-excellence\\\/2024-11-28\\\/neue-studie-zeigt-unternehmen-brauchen-laenger-als-erwartet-um-sich-von-cyberangriffen-zu-erholen\\\/\"},\"wordCount\":556,\"publisher\":{\"@id\":\"https:\\\/\\\/www.organisator.ch\\\/#organization\"},\"image\":{\"@id\":\"https:\\\/\\\/www.organisator.ch\\\/operational-excellence\\\/2024-11-28\\\/neue-studie-zeigt-unternehmen-brauchen-laenger-als-erwartet-um-sich-von-cyberangriffen-zu-erholen\\\/#primaryimage\"},\"thumbnailUrl\":\"https:\\\/\\\/www.m-q.ch\\\/wp-content\\\/uploads\\\/2024\\\/11\\\/Cyberresilienz_Bild1_ps.jpg\",\"keywords\":[\"Cyber Risiken\",\"Cyberangriffe\",\"Cybersicherheit\",\"Risikomanagement\",\"Schweiz\",\"Studie\",\"Unternehmen\"],\"articleSection\":[\"OPERATIONAL EXCELLENCE\"],\"inLanguage\":\"fr-FR\"},{\"@type\":\"WebPage\",\"@id\":\"https:\\\/\\\/www.organisator.ch\\\/operational-excellence\\\/2024-11-28\\\/neue-studie-zeigt-unternehmen-brauchen-laenger-als-erwartet-um-sich-von-cyberangriffen-zu-erholen\\\/\",\"url\":\"https:\\\/\\\/www.organisator.ch\\\/operational-excellence\\\/2024-11-28\\\/neue-studie-zeigt-unternehmen-brauchen-laenger-als-erwartet-um-sich-von-cyberangriffen-zu-erholen\\\/\",\"name\":\"Neue Studie zeigt: Unternehmen brauchen l\u00e4nger als erwartet, um sich von Cyberangriffen zu erholen - Organisator\",\"isPartOf\":{\"@id\":\"https:\\\/\\\/www.organisator.ch\\\/#website\"},\"primaryImageOfPage\":{\"@id\":\"https:\\\/\\\/www.organisator.ch\\\/operational-excellence\\\/2024-11-28\\\/neue-studie-zeigt-unternehmen-brauchen-laenger-als-erwartet-um-sich-von-cyberangriffen-zu-erholen\\\/#primaryimage\"},\"image\":{\"@id\":\"https:\\\/\\\/www.organisator.ch\\\/operational-excellence\\\/2024-11-28\\\/neue-studie-zeigt-unternehmen-brauchen-laenger-als-erwartet-um-sich-von-cyberangriffen-zu-erholen\\\/#primaryimage\"},\"thumbnailUrl\":\"https:\\\/\\\/www.m-q.ch\\\/wp-content\\\/uploads\\\/2024\\\/11\\\/Cyberresilienz_Bild1_ps.jpg\",\"datePublished\":\"2024-11-28T08:19:31+00:00\",\"dateModified\":\"2024-12-02T06:45:23+00:00\",\"description\":\"Unternehmen brauchen 8,6 Monate zur Erholung von Cyberangriffen. Externe Angriffe sind die h\u00e4ufigste Ursache f\u00fcr Vorf\u00e4lle.\",\"breadcrumb\":{\"@id\":\"https:\\\/\\\/www.organisator.ch\\\/operational-excellence\\\/2024-11-28\\\/neue-studie-zeigt-unternehmen-brauchen-laenger-als-erwartet-um-sich-von-cyberangriffen-zu-erholen\\\/#breadcrumb\"},\"inLanguage\":\"fr-FR\",\"potentialAction\":[{\"@type\":\"ReadAction\",\"target\":[\"https:\\\/\\\/www.organisator.ch\\\/operational-excellence\\\/2024-11-28\\\/neue-studie-zeigt-unternehmen-brauchen-laenger-als-erwartet-um-sich-von-cyberangriffen-zu-erholen\\\/\"]}]},{\"@type\":\"ImageObject\",\"inLanguage\":\"fr-FR\",\"@id\":\"https:\\\/\\\/www.organisator.ch\\\/operational-excellence\\\/2024-11-28\\\/neue-studie-zeigt-unternehmen-brauchen-laenger-als-erwartet-um-sich-von-cyberangriffen-zu-erholen\\\/#primaryimage\",\"url\":\"https:\\\/\\\/www.m-q.ch\\\/wp-content\\\/uploads\\\/2024\\\/11\\\/Cyberresilienz_Bild1_ps.jpg\",\"contentUrl\":\"https:\\\/\\\/www.m-q.ch\\\/wp-content\\\/uploads\\\/2024\\\/11\\\/Cyberresilienz_Bild1_ps.jpg\"},{\"@type\":\"BreadcrumbList\",\"@id\":\"https:\\\/\\\/www.organisator.ch\\\/operational-excellence\\\/2024-11-28\\\/neue-studie-zeigt-unternehmen-brauchen-laenger-als-erwartet-um-sich-von-cyberangriffen-zu-erholen\\\/#breadcrumb\",\"itemListElement\":[{\"@type\":\"ListItem\",\"position\":1,\"name\":\"Home\",\"item\":\"https:\\\/\\\/www.organisator.ch\\\/\"},{\"@type\":\"ListItem\",\"position\":2,\"name\":\"Neue Studie zeigt: Unternehmen brauchen l\u00e4nger als erwartet, um sich von Cyberangriffen zu erholen\"}]},{\"@type\":\"WebSite\",\"@id\":\"https:\\\/\\\/www.organisator.ch\\\/#website\",\"url\":\"https:\\\/\\\/www.organisator.ch\\\/\",\"name\":\"Organisator\",\"description\":\"Kompetent. Praxisnah. Der ORGANISATOR bereitet in 10 Ausgaben pro Jahr die wesentlichen Themen f\u00fcr F\u00fchrungskr\u00e4fte von KMU auf.\",\"publisher\":{\"@id\":\"https:\\\/\\\/www.organisator.ch\\\/#organization\"},\"potentialAction\":[{\"@type\":\"SearchAction\",\"target\":{\"@type\":\"EntryPoint\",\"urlTemplate\":\"https:\\\/\\\/www.organisator.ch\\\/?s={search_term_string}\"},\"query-input\":{\"@type\":\"PropertyValueSpecification\",\"valueRequired\":true,\"valueName\":\"search_term_string\"}}],\"inLanguage\":\"fr-FR\"},{\"@type\":\"Organization\",\"@id\":\"https:\\\/\\\/www.organisator.ch\\\/#organization\",\"name\":\"Organisator\",\"url\":\"https:\\\/\\\/www.organisator.ch\\\/\",\"logo\":{\"@type\":\"ImageObject\",\"inLanguage\":\"fr-FR\",\"@id\":\"https:\\\/\\\/www.organisator.ch\\\/#\\\/schema\\\/logo\\\/image\\\/\",\"url\":\"https:\\\/\\\/www.organisator.ch\\\/wp-content\\\/uploads\\\/2022\\\/01\\\/Logo_Organisator_Website.png\",\"contentUrl\":\"https:\\\/\\\/www.organisator.ch\\\/wp-content\\\/uploads\\\/2022\\\/01\\\/Logo_Organisator_Website.png\",\"width\":800,\"height\":77,\"caption\":\"Organisator\"},\"image\":{\"@id\":\"https:\\\/\\\/www.organisator.ch\\\/#\\\/schema\\\/logo\\\/image\\\/\"},\"sameAs\":[\"https:\\\/\\\/www.facebook.com\\\/OrganisatorFachmagazin\",\"https:\\\/\\\/www.linkedin.com\\\/showcase\\\/organisator-das-magazin-fr-kmu\",\"https:\\\/\\\/www.xing.com\\\/news\\\/pages\\\/organisator-ch-695\",\"https:\\\/\\\/www.youtube.com\\\/channel\\\/UCGP2Sq0iWaZwT3BdIAQFYpw\"]},{\"@type\":\"Person\",\"@id\":\"https:\\\/\\\/www.organisator.ch\\\/#\\\/schema\\\/person\\\/afccda3a71c06d4be2ed9100dd163db7\",\"name\":\"Dzana Muminovic\",\"image\":{\"@type\":\"ImageObject\",\"inLanguage\":\"fr-FR\",\"@id\":\"https:\\\/\\\/secure.gravatar.com\\\/avatar\\\/909c5c71aff4b38e88686f2ab2f1ba152571f394f41ed8bae431ea56ced93050?s=96&d=mm&r=g\",\"url\":\"https:\\\/\\\/secure.gravatar.com\\\/avatar\\\/909c5c71aff4b38e88686f2ab2f1ba152571f394f41ed8bae431ea56ced93050?s=96&d=mm&r=g\",\"contentUrl\":\"https:\\\/\\\/secure.gravatar.com\\\/avatar\\\/909c5c71aff4b38e88686f2ab2f1ba152571f394f41ed8bae431ea56ced93050?s=96&d=mm&r=g\",\"caption\":\"Dzana Muminovic\"},\"url\":\"https:\\\/\\\/www.organisator.ch\\\/fr\\\/author\\\/dzana-muminovic\\\/\"}]}<\/script>\n<!-- \/ Yoast SEO plugin. -->","yoast_head_json":{"title":"Une nouvelle \u00e9tude montre que les entreprises mettent plus de temps que pr\u00e9vu \u00e0 se remettre des cyberattaques - Organisator","description":"Les entreprises ont besoin de 8,6 mois pour se remettre d'une cyber-attaque. Les attaques externes sont la cause la plus fr\u00e9quente d'incidents.","robots":{"index":"index","follow":"follow","max-snippet":"max-snippet:-1","max-image-preview":"max-image-preview:large","max-video-preview":"max-video-preview:-1"},"canonical":"https:\/\/www.organisator.ch\/fr\/excellence-operationnelle\/2024-11-28\/neue-studie-zeigt-unternehmen-brauchen-laenger-als-erwartet-um-sich-von-cyberangriffen-zu-erholen\/","og_locale":"fr_FR","og_type":"article","og_title":"Neue Studie zeigt: Unternehmen brauchen l\u00e4nger als erwartet, um sich von Cyberangriffen zu erholen - Organisator","og_description":"Unternehmen brauchen 8,6 Monate zur Erholung von Cyberangriffen. Externe Angriffe sind die h\u00e4ufigste Ursache f\u00fcr Vorf\u00e4lle.","og_url":"https:\/\/www.organisator.ch\/fr\/excellence-operationnelle\/2024-11-28\/neue-studie-zeigt-unternehmen-brauchen-laenger-als-erwartet-um-sich-von-cyberangriffen-zu-erholen\/","og_site_name":"Organisator","article_publisher":"https:\/\/www.facebook.com\/OrganisatorFachmagazin","article_published_time":"2024-11-28T08:19:31+00:00","article_modified_time":"2024-12-02T06:45:23+00:00","og_image":[{"width":680,"height":453,"url":"https:\/\/www.organisator.ch\/wp-content\/uploads\/2023\/06\/50-der-jungen-Mitarbeitenden-fassen-baldige-Kuendigung-ins-Auge_Grafik3_Organisator.jpg","type":"image\/jpeg"}],"author":"Dzana Muminovic","twitter_card":"summary_large_image","schema":{"@context":"https:\/\/schema.org","@graph":[{"@type":"Article","@id":"https:\/\/www.organisator.ch\/operational-excellence\/2024-11-28\/neue-studie-zeigt-unternehmen-brauchen-laenger-als-erwartet-um-sich-von-cyberangriffen-zu-erholen\/#article","isPartOf":{"@id":"https:\/\/www.organisator.ch\/operational-excellence\/2024-11-28\/neue-studie-zeigt-unternehmen-brauchen-laenger-als-erwartet-um-sich-von-cyberangriffen-zu-erholen\/"},"author":{"name":"Dzana Muminovic","@id":"https:\/\/www.organisator.ch\/#\/schema\/person\/afccda3a71c06d4be2ed9100dd163db7"},"headline":"Neue Studie zeigt: Unternehmen brauchen l\u00e4nger als erwartet, um sich von Cyberangriffen zu erholen","datePublished":"2024-11-28T08:19:31+00:00","dateModified":"2024-12-02T06:45:23+00:00","mainEntityOfPage":{"@id":"https:\/\/www.organisator.ch\/operational-excellence\/2024-11-28\/neue-studie-zeigt-unternehmen-brauchen-laenger-als-erwartet-um-sich-von-cyberangriffen-zu-erholen\/"},"wordCount":556,"publisher":{"@id":"https:\/\/www.organisator.ch\/#organization"},"image":{"@id":"https:\/\/www.organisator.ch\/operational-excellence\/2024-11-28\/neue-studie-zeigt-unternehmen-brauchen-laenger-als-erwartet-um-sich-von-cyberangriffen-zu-erholen\/#primaryimage"},"thumbnailUrl":"https:\/\/www.m-q.ch\/wp-content\/uploads\/2024\/11\/Cyberresilienz_Bild1_ps.jpg","keywords":["Cyber Risiken","Cyberangriffe","Cybersicherheit","Risikomanagement","Schweiz","Studie","Unternehmen"],"articleSection":["OPERATIONAL EXCELLENCE"],"inLanguage":"fr-FR"},{"@type":"WebPage","@id":"https:\/\/www.organisator.ch\/operational-excellence\/2024-11-28\/neue-studie-zeigt-unternehmen-brauchen-laenger-als-erwartet-um-sich-von-cyberangriffen-zu-erholen\/","url":"https:\/\/www.organisator.ch\/operational-excellence\/2024-11-28\/neue-studie-zeigt-unternehmen-brauchen-laenger-als-erwartet-um-sich-von-cyberangriffen-zu-erholen\/","name":"Une nouvelle \u00e9tude montre que les entreprises mettent plus de temps que pr\u00e9vu \u00e0 se remettre des cyberattaques - Organisator","isPartOf":{"@id":"https:\/\/www.organisator.ch\/#website"},"primaryImageOfPage":{"@id":"https:\/\/www.organisator.ch\/operational-excellence\/2024-11-28\/neue-studie-zeigt-unternehmen-brauchen-laenger-als-erwartet-um-sich-von-cyberangriffen-zu-erholen\/#primaryimage"},"image":{"@id":"https:\/\/www.organisator.ch\/operational-excellence\/2024-11-28\/neue-studie-zeigt-unternehmen-brauchen-laenger-als-erwartet-um-sich-von-cyberangriffen-zu-erholen\/#primaryimage"},"thumbnailUrl":"https:\/\/www.m-q.ch\/wp-content\/uploads\/2024\/11\/Cyberresilienz_Bild1_ps.jpg","datePublished":"2024-11-28T08:19:31+00:00","dateModified":"2024-12-02T06:45:23+00:00","description":"Les entreprises ont besoin de 8,6 mois pour se remettre d'une cyber-attaque. Les attaques externes sont la cause la plus fr\u00e9quente d'incidents.","breadcrumb":{"@id":"https:\/\/www.organisator.ch\/operational-excellence\/2024-11-28\/neue-studie-zeigt-unternehmen-brauchen-laenger-als-erwartet-um-sich-von-cyberangriffen-zu-erholen\/#breadcrumb"},"inLanguage":"fr-FR","potentialAction":[{"@type":"ReadAction","target":["https:\/\/www.organisator.ch\/operational-excellence\/2024-11-28\/neue-studie-zeigt-unternehmen-brauchen-laenger-als-erwartet-um-sich-von-cyberangriffen-zu-erholen\/"]}]},{"@type":"ImageObject","inLanguage":"fr-FR","@id":"https:\/\/www.organisator.ch\/operational-excellence\/2024-11-28\/neue-studie-zeigt-unternehmen-brauchen-laenger-als-erwartet-um-sich-von-cyberangriffen-zu-erholen\/#primaryimage","url":"https:\/\/www.m-q.ch\/wp-content\/uploads\/2024\/11\/Cyberresilienz_Bild1_ps.jpg","contentUrl":"https:\/\/www.m-q.ch\/wp-content\/uploads\/2024\/11\/Cyberresilienz_Bild1_ps.jpg"},{"@type":"BreadcrumbList","@id":"https:\/\/www.organisator.ch\/operational-excellence\/2024-11-28\/neue-studie-zeigt-unternehmen-brauchen-laenger-als-erwartet-um-sich-von-cyberangriffen-zu-erholen\/#breadcrumb","itemListElement":[{"@type":"ListItem","position":1,"name":"Home","item":"https:\/\/www.organisator.ch\/"},{"@type":"ListItem","position":2,"name":"Neue Studie zeigt: Unternehmen brauchen l\u00e4nger als erwartet, um sich von Cyberangriffen zu erholen"}]},{"@type":"WebSite","@id":"https:\/\/www.organisator.ch\/#website","url":"https:\/\/www.organisator.ch\/","name":"Organisateur","description":"Comp\u00e9tence et comp\u00e9tence. Proches de la pratique. L'ORGANISATEUR pr\u00e9pare 10 num\u00e9ros par an sur les th\u00e8mes essentiels pour les dirigeants de PME.","publisher":{"@id":"https:\/\/www.organisator.ch\/#organization"},"potentialAction":[{"@type":"SearchAction","target":{"@type":"EntryPoint","urlTemplate":"https:\/\/www.organisator.ch\/?s={search_term_string}"},"query-input":{"@type":"PropertyValueSpecification","valueRequired":true,"valueName":"search_term_string"}}],"inLanguage":"fr-FR"},{"@type":"Organization","@id":"https:\/\/www.organisator.ch\/#organization","name":"Organisateur","url":"https:\/\/www.organisator.ch\/","logo":{"@type":"ImageObject","inLanguage":"fr-FR","@id":"https:\/\/www.organisator.ch\/#\/schema\/logo\/image\/","url":"https:\/\/www.organisator.ch\/wp-content\/uploads\/2022\/01\/Logo_Organisator_Website.png","contentUrl":"https:\/\/www.organisator.ch\/wp-content\/uploads\/2022\/01\/Logo_Organisator_Website.png","width":800,"height":77,"caption":"Organisator"},"image":{"@id":"https:\/\/www.organisator.ch\/#\/schema\/logo\/image\/"},"sameAs":["https:\/\/www.facebook.com\/OrganisatorFachmagazin","https:\/\/www.linkedin.com\/showcase\/organisator-das-magazin-fr-kmu","https:\/\/www.xing.com\/news\/pages\/organisator-ch-695","https:\/\/www.youtube.com\/channel\/UCGP2Sq0iWaZwT3BdIAQFYpw"]},{"@type":"Person","@id":"https:\/\/www.organisator.ch\/#\/schema\/person\/afccda3a71c06d4be2ed9100dd163db7","name":"Dzana Muminovic","image":{"@type":"ImageObject","inLanguage":"fr-FR","@id":"https:\/\/secure.gravatar.com\/avatar\/909c5c71aff4b38e88686f2ab2f1ba152571f394f41ed8bae431ea56ced93050?s=96&d=mm&r=g","url":"https:\/\/secure.gravatar.com\/avatar\/909c5c71aff4b38e88686f2ab2f1ba152571f394f41ed8bae431ea56ced93050?s=96&d=mm&r=g","contentUrl":"https:\/\/secure.gravatar.com\/avatar\/909c5c71aff4b38e88686f2ab2f1ba152571f394f41ed8bae431ea56ced93050?s=96&d=mm&r=g","caption":"Dzana Muminovic"},"url":"https:\/\/www.organisator.ch\/fr\/author\/dzana-muminovic\/"}]}},"_links":{"self":[{"href":"https:\/\/www.organisator.ch\/fr\/wp-json\/wp\/v2\/posts\/34119","targetHints":{"allow":["GET"]}}],"collection":[{"href":"https:\/\/www.organisator.ch\/fr\/wp-json\/wp\/v2\/posts"}],"about":[{"href":"https:\/\/www.organisator.ch\/fr\/wp-json\/wp\/v2\/types\/post"}],"author":[{"embeddable":true,"href":"https:\/\/www.organisator.ch\/fr\/wp-json\/wp\/v2\/users\/80"}],"replies":[{"embeddable":true,"href":"https:\/\/www.organisator.ch\/fr\/wp-json\/wp\/v2\/comments?post=34119"}],"version-history":[{"count":6,"href":"https:\/\/www.organisator.ch\/fr\/wp-json\/wp\/v2\/posts\/34119\/revisions"}],"predecessor-version":[{"id":34185,"href":"https:\/\/www.organisator.ch\/fr\/wp-json\/wp\/v2\/posts\/34119\/revisions\/34185"}],"wp:attachment":[{"href":"https:\/\/www.organisator.ch\/fr\/wp-json\/wp\/v2\/media?parent=34119"}],"wp:term":[{"taxonomy":"category","embeddable":true,"href":"https:\/\/www.organisator.ch\/fr\/wp-json\/wp\/v2\/categories?post=34119"},{"taxonomy":"post_tag","embeddable":true,"href":"https:\/\/www.organisator.ch\/fr\/wp-json\/wp\/v2\/tags?post=34119"}],"curies":[{"name":"wp","href":"https:\/\/api.w.org\/{rel}","templated":true}]}}