{"id":34123,"date":"2024-12-09T10:02:52","date_gmt":"2024-12-09T09:02:52","guid":{"rendered":"https:\/\/www.organisator.ch\/?p=34123"},"modified":"2024-12-09T10:02:52","modified_gmt":"2024-12-09T09:02:52","slug":"opacc-connect-2024-schritt-fuer-schritt-zum-digitalen-champion","status":"publish","type":"post","link":"https:\/\/www.organisator.ch\/fr\/management\/2024-12-09\/opacc-connect-2024-schritt-fuer-schritt-zum-digitalen-champion\/","title":{"rendered":"Opacc Connect 2024 : Pas \u00e0 pas vers le champion du num\u00e9rique"},"content":{"rendered":"<figure id=\"attachment_34484\" aria-describedby=\"caption-attachment-34484\" style=\"width: 680px\" class=\"wp-caption alignnone\"><img loading=\"lazy\" decoding=\"async\" class=\"size-full wp-image-34484\" src=\"https:\/\/www.organisator.ch\/wp-content\/uploads\/2024\/12\/Opacc_Bild1_ps.jpg\" alt=\"\" width=\"680\" height=\"403\" srcset=\"https:\/\/www.organisator.ch\/wp-content\/uploads\/2024\/12\/Opacc_Bild1_ps.jpg 680w, https:\/\/www.organisator.ch\/wp-content\/uploads\/2024\/12\/Opacc_Bild1_ps-18x12.jpg 18w, https:\/\/www.organisator.ch\/wp-content\/uploads\/2024\/12\/Opacc_Bild1_ps-375x222.jpg 375w, https:\/\/www.organisator.ch\/wp-content\/uploads\/2024\/12\/Opacc_Bild1_ps-591x350.jpg 591w\" sizes=\"auto, (max-width: 680px) 100vw, 680px\" \/><figcaption id=\"caption-attachment-34484\" class=\"wp-caption-text\">Sous le slogan \"Evolution num\u00e9rique - Pas \u00e0 pas vers le champion num\u00e9rique\", l'Opacc Connect a propos\u00e9 un apr\u00e8s-midi d'inspiration, de nouveaut\u00e9s et de rencontres personnelles. (Image : Opacc)<\/figcaption><\/figure>\n<p>Le coup d'envoi de la soir\u00e9e a \u00e9t\u00e9 donn\u00e9 par Ramon H\u00e4fliger, responsable de la communication \u00e0 l'Opacc, qui a chaleureusement accueilli les invit\u00e9s. \"C'est un spectacle magnifique de voir \u00e0 quel point il y a du monde - et c'est ainsi que cela doit \u00eatre. Aujourd'hui, j'ai le plaisir de vous accompagner \u00e0 travers les diff\u00e9rentes phases de l'\u00e9volution num\u00e9rique\", a-t-il d\u00e9clar\u00e9. Fid\u00e8le \u00e0 la devise 'Pas \u00e0 pas vers le champion du num\u00e9rique', un programme vari\u00e9 et plein d'aper\u00e7us des applications Opacc et de leurs possibilit\u00e9s d'utilisation attendait les invit\u00e9s.\u00a0<\/p>\n<p>Marc Haller, alias \"Erwin de Suisse\", a apport\u00e9 une touche d'humour entre les blocs de contenu. Avec ses interm\u00e8des magiques, qui faisaient habilement r\u00e9f\u00e9rence aux th\u00e8mes de la num\u00e9risation, il a \u00e9tonn\u00e9 et fait rire le public.<\/p>\n<h3><strong>Le dernier Connect de Beat Bussmann en tant que CEO<\/strong><\/h3>\n<p>Apr\u00e8s les mots de bienvenue de Ramon H\u00e4fliger, Beat Bussmann est mont\u00e9 sur sc\u00e8ne. Il a fond\u00e9 Opacc il y a 36 ans et a depuis marqu\u00e9 l'entreprise de sa vision et de sa passion. Il s'est adress\u00e9 aux invit\u00e9s avec une r\u00e9trospective personnelle et des visions claires de l'avenir. \"Nous voyons toujours \u00e0 Connect de nombreux visages connus qui nous accompagnent depuis de nombreuses ann\u00e9es. Et nous voyons aussi de nouveaux visages qui nous accordent leur confiance\" a-t-il d\u00e9clar\u00e9. Bussmann a parl\u00e9 des d\u00e9fis de l'\u00e9volution num\u00e9rique et des changements rapides dans le secteur informatique : \"C'est brutal de voir \u00e0 quelle vitesse tout \u00e9volue. Chaque jour, il y a de nouvelles entreprises, de nouveaux services, de nouveaux logiciels, de nouveaux concurrents. Et tu ne sais jamais : est-ce que j'ai rat\u00e9 quelque chose ou une opportunit\u00e9\" ?<\/p>\n<p>Opacc fait face \u00e0 ce changement avec une strat\u00e9gie claire : \u00e9volution plut\u00f4t que r\u00e9volution. La base de cette strat\u00e9gie est la plateforme Oxas, qui met \u00e0 disposition des donn\u00e9es homog\u00e8nes et centralis\u00e9es pour tous les processus.  Comme il s'agissait probablement de son dernier Connect en tant que CEO, Bussmann a fait un v\u0153u personnel aux invit\u00e9s : \"Emportez avec vous au moins trois id\u00e9es qui pourraient fonctionner dans votre entreprise\".<\/p>\n<h3><strong>Focus sur l'innovation : aper\u00e7u de la plateforme Opacc<\/strong><\/h3>\n<p>Au cours de la soir\u00e9e, les collaborateurs de l'Opacc ont pr\u00e9sent\u00e9 les derniers d\u00e9veloppements et applications de la plateforme. Soutenu par des vid\u00e9os et des t\u00e9moignages de clients, le public a \u00e9t\u00e9 guid\u00e9 \u00e0 travers une multitude d'innovations. Les exemples de clients ont montr\u00e9 de mani\u00e8re impressionnante comment les clients Opacc g\u00e8rent d\u00e9j\u00e0 avec succ\u00e8s leur \u00e9volution num\u00e9rique sur la base des applications Opacc Parmi les points forts, on peut citer Nytron, qui allie une exp\u00e9rience utilisateur moderne \u00e0 un concept d'application \u00e9prouv\u00e9, le Marketing Automation pour des campagnes d'e-mailing sur mesure et les Cloud Integration Services, qui permettent d'int\u00e9grer de mani\u00e8re transparente des services externes dans la plateforme. Ce dernier permet aux entreprises de profiter de la dynamique d'innovation du cloud sans avoir \u00e0 se soucier des d\u00e9tails techniques.<\/p>\n<p>La gestion des validations a \u00e9galement \u00e9t\u00e9 pr\u00e9sent\u00e9e. Il automatise l'approbation des objets commerciaux, am\u00e9liore la qualit\u00e9 des processus et fait gagner du temps - ind\u00e9pendamment du lieu et de mani\u00e8re enti\u00e8rement num\u00e9rique. Ce module montre comment les t\u00e2ches r\u00e9p\u00e9titives peuvent \u00eatre g\u00e9r\u00e9es de mani\u00e8re plus efficace afin que les entreprises puissent se concentrer sur des sujets d'importance strat\u00e9gique. Ce ne sont l\u00e0 que quelques exemples parmi une multitude de possibilit\u00e9s pr\u00e9sent\u00e9es lors de cette soir\u00e9e. La diversit\u00e9 des innovations a montr\u00e9 de mani\u00e8re impressionnante comment Opacc soutient les entreprises de toutes tailles dans leur \u00e9volution num\u00e9rique.<\/p>\n<h3><strong>Passage de t\u00e9moin chez Opacc : Beat Bussmann passe la main<\/strong><\/h3>\n<p>Un moment central de la soir\u00e9e a \u00e9t\u00e9 le changement de direction annonc\u00e9 chez Opacc. Bussmann a profit\u00e9 de l'occasion pour revenir sur le d\u00e9veloppement d'Opacc. \"Nous avons d\u00e9marr\u00e9 en 1998. A l'\u00e9poque, nous ne nous posions pas encore de grandes questions. Nous avions de tout autres pr\u00e9occupations. Nous avons essay\u00e9 de comprendre : Quelle est notre place ? Qu'est-ce qui fonctionne ? Qu'est-ce qui ne fonctionne pas ?\", a-t-il racont\u00e9. Bussmann a soulign\u00e9 l'importance de l'\u00e9quipe pour la r\u00e9ussite : \"On ne peut pas tout faire tout seul. Entre-temps, l'Opacc compte 25 partenaires qui assument des responsabilit\u00e9s suppl\u00e9mentaires et soutiennent l'entreprise\".<\/p>\n<figure id=\"attachment_34485\" aria-describedby=\"caption-attachment-34485\" style=\"width: 680px\" class=\"wp-caption alignnone\"><img loading=\"lazy\" decoding=\"async\" class=\"size-full wp-image-34485\" src=\"https:\/\/www.organisator.ch\/wp-content\/uploads\/2024\/12\/Opacc_Bild2_ps.jpg\" alt=\"\" width=\"680\" height=\"401\" srcset=\"https:\/\/www.organisator.ch\/wp-content\/uploads\/2024\/12\/Opacc_Bild2_ps.jpg 680w, https:\/\/www.organisator.ch\/wp-content\/uploads\/2024\/12\/Opacc_Bild2_ps-18x12.jpg 18w, https:\/\/www.organisator.ch\/wp-content\/uploads\/2024\/12\/Opacc_Bild2_ps-375x221.jpg 375w, https:\/\/www.organisator.ch\/wp-content\/uploads\/2024\/12\/Opacc_Bild2_ps-594x350.jpg 594w\" sizes=\"auto, (max-width: 680px) 100vw, 680px\" \/><figcaption id=\"caption-attachment-34485\" class=\"wp-caption-text\">Pour son d\u00e9part, Beat Bussmann s'est vu offrir une fraiseuse en or par son successeur Cris Wouters. (Image : Opacc)<\/figcaption><\/figure>\n<p>En se tournant vers l'avenir, Bussmann a pr\u00e9sent\u00e9 le nouveau mod\u00e8le de management qui mise sur la continuit\u00e9 et l'ind\u00e9pendance. Un syst\u00e8me de rotation des executive partners, dans lequel le managing partner change tous les trois \u00e0 sept ans, joue un r\u00f4le central. Le successeur de Bussmann, Cris Wouters, a \u00e9t\u00e9 pr\u00e9sent\u00e9 comme le premier Managing Partner. Wouters, qui travaille dans l'entreprise depuis 1998, apporte avec lui une longue exp\u00e9rience acquise \u00e0 diff\u00e9rents postes de direction. Beat Bussmann reste dans l'entreprise en tant que propri\u00e9taire principal et en tant que pr\u00e9sident du conseil d'administration.\u00a0<\/p>\n<h3><strong>Un regard en arri\u00e8re et en avant<\/strong><\/h3>\n<p>Apr\u00e8s son discours, Beat Bussmann a donn\u00e9 la parole \u00e0 Cris Wouters. Ensemble, ils ont r\u00e9fl\u00e9chi au pass\u00e9, au pr\u00e9sent et \u00e0 l'avenir de l'Opacc. \"On dit que les 100 premiers jours sont importants. Quels signes veux-tu donner du 1er janvier au 10 avril ?\", a demand\u00e9 Bussmann \u00e0 son successeur. Wouters a r\u00e9pondu qu'il continuerait d'abord \u00e0 s'occuper des clients existants tout en faisant avancer le nouvel objectif de qualit\u00e9 et d'entreprise Fit for KI : \"Ce sera un point central de mon nouveau r\u00f4le\".<\/p>\n<p>Wouters a demand\u00e9 quel \u00e9tait le secret du succ\u00e8s \u00e0 long terme de l'Opacc. Bussmann a expliqu\u00e9 que l'Opacc se distingue par la concentration des connaissances sous un m\u00eame toit. Cela permet non seulement d'innover, mais aussi de cr\u00e9er un grand avantage concurrentiel. A cela s'ajoute la passion de l'\u00e9quipe : \"Nous aimons ce que nous faisons et nous nous int\u00e9ressons vraiment aux probl\u00e8mes de nos clients. C'est ce qui fait la diff\u00e9rence\".<\/p>\n<p>Dans des messages vid\u00e9o charg\u00e9s d'\u00e9motion, des clients, des personnalit\u00e9s \u00e9conomiques ainsi que des repr\u00e9sentants du monde sportif et politique ont pr\u00e9sent\u00e9 leurs meilleurs v\u0153ux au CEO sortant.<\/p>\n<figure id=\"attachment_34486\" aria-describedby=\"caption-attachment-34486\" style=\"width: 680px\" class=\"wp-caption alignnone\"><img loading=\"lazy\" decoding=\"async\" class=\"size-full wp-image-34486\" src=\"https:\/\/www.organisator.ch\/wp-content\/uploads\/2024\/12\/Opacc_Bild3_ps.jpg\" alt=\"\" width=\"680\" height=\"403\" srcset=\"https:\/\/www.organisator.ch\/wp-content\/uploads\/2024\/12\/Opacc_Bild3_ps.jpg 680w, https:\/\/www.organisator.ch\/wp-content\/uploads\/2024\/12\/Opacc_Bild3_ps-18x12.jpg 18w, https:\/\/www.organisator.ch\/wp-content\/uploads\/2024\/12\/Opacc_Bild3_ps-375x222.jpg 375w, https:\/\/www.organisator.ch\/wp-content\/uploads\/2024\/12\/Opacc_Bild3_ps-591x350.jpg 591w\" sizes=\"auto, (max-width: 680px) 100vw, 680px\" \/><figcaption id=\"caption-attachment-34486\" class=\"wp-caption-text\">Le public a pris cong\u00e9 du CEO encore en fonction par une standing ovation. (Image : Opacc)<\/figcaption><\/figure>\n<h3>Apr\u00e8s la pause : innovation et aper\u00e7u<\/h3>\n<p>La deuxi\u00e8me partie de l'\u00e9v\u00e9nement \u00e9tait consacr\u00e9e \u00e0 des th\u00e8mes d'avenir. Des retours d'enqu\u00eates clients et un aper\u00e7u du d\u00e9veloppement du personnel de l'Opacc ont montr\u00e9 comment l'Opacc r\u00e9pond aux besoins de ses clients et se d\u00e9veloppe en permanence. Diverses innovations ont ensuite \u00e9t\u00e9 pr\u00e9sent\u00e9es, notamment la mani\u00e8re dont les clients ont ouvert de nouveaux champs d'action, des exemples de r\u00e9ussite de la Commerce Suite ainsi que les progr\u00e8s r\u00e9alis\u00e9s dans le domaine de l'IA et de la plateforme Data Science.<\/p>\n<h3>Le sport rencontre l'\u00e9conomie : Roman R\u00f6\u00f6sli comme invit\u00e9 sp\u00e9cial<\/h3>\n<p>L'apparition de Roman R\u00f6\u00f6sli, m\u00e9daill\u00e9 de bronze aux Jeux olympiques de Paris 2024, a \u00e9t\u00e9 un autre moment fort. Cet athl\u00e8te d'exception a donn\u00e9 un aper\u00e7u passionnant de sa carri\u00e8re de rameur et a parl\u00e9 de sa nouvelle orientation professionnelle en tant que futur agriculteur.<\/p>\n<h3>Une fin de soir\u00e9e commune<\/h3>\n<p>Pour clore la journ\u00e9e, l'Opacc a pr\u00e9sent\u00e9 un aper\u00e7u des nouveaut\u00e9s pr\u00e9vues pour l'ann\u00e9e \u00e0 venir. En outre, il a ensuite r\u00e9sum\u00e9 de mani\u00e8re concise les points forts et a remerci\u00e9 tous les participants pour leur confiance en l'Opacc.\u00a0<\/p>\n<p><a href=\"https:\/\/www.opacc.ch\/\">En savoir plus sur Opacc<\/a><\/p>","protected":false},"excerpt":{"rendered":"<p>Le 21 novembre, l'Opacc a invit\u00e9 pr\u00e8s de 500 visiteurs \u00e0 Connect 2024 au Mus\u00e9e des Transports de Lucerne. L'\u00e9v\u00e9nement client a offert des aper\u00e7us passionnants des derni\u00e8res innovations et applications de la plateforme Opacc ainsi que des histoires de clients inspirantes. Des entreprises de toutes tailles ont pu d\u00e9couvrir comment passer progressivement au niveau sup\u00e9rieur de l'\u00e9volution num\u00e9rique et devenir des champions du num\u00e9rique.<\/p>","protected":false},"author":80,"featured_media":34484,"comment_status":"closed","ping_status":"closed","sticky":false,"template":"","format":"standard","meta":{"_acf_changed":false,"_yoast_wpseo_focuskw":"Opacc Connect","_yoast_wpseo_metadesc":"Am 21. November lud Opacc rund 500 Besucherinnen und Besucher zur Connect 2024 ins Verkehrshaus Luzern ein.","articlekey":"","footnotes":""},"categories":[28],"tags":[922,1574,424,440,4595,492],"class_list":["post-34123","post","type-post","status-publish","format-standard","has-post-thumbnail","hentry","category-management","tag-cloud","tag-kundenbeduerfnisse","tag-schweiz","tag-software","tag-stabuebergabe","tag-unternehmen"],"acf":[],"yoast_head":"<!-- This site is optimized with the Yoast SEO plugin v27.5 - https:\/\/yoast.com\/product\/yoast-seo-wordpress\/ -->\n<title>Opacc Connect 2024: Schritt f\u00fcr Schritt zum digitalen Champion - Organisator<\/title>\n<meta name=\"description\" content=\"Am 21. November lud Opacc rund 500 Besucherinnen und Besucher zur Connect 2024 ins Verkehrshaus Luzern ein.\" \/>\n<meta name=\"robots\" content=\"index, follow, max-snippet:-1, max-image-preview:large, max-video-preview:-1\" \/>\n<link rel=\"canonical\" href=\"https:\/\/www.organisator.ch\/fr\/gestion-2\/2024-12-09\/opacc-connect-2024-schritt-fuer-schritt-zum-digitalen-champion\/\" \/>\n<meta property=\"og:locale\" content=\"fr_FR\" \/>\n<meta property=\"og:type\" content=\"article\" \/>\n<meta property=\"og:title\" content=\"Opacc Connect 2024: Schritt f\u00fcr Schritt zum digitalen Champion\" \/>\n<meta property=\"og:description\" content=\"Am 21. November lud Opacc rund 500 Besucherinnen und Besucher zur Connect 2024 ins Verkehrshaus Luzern ein.\" \/>\n<meta property=\"og:url\" content=\"https:\/\/www.organisator.ch\/fr\/gestion-2\/2024-12-09\/opacc-connect-2024-schritt-fuer-schritt-zum-digitalen-champion\/\" \/>\n<meta property=\"og:site_name\" content=\"Organisator\" \/>\n<meta property=\"article:publisher\" content=\"https:\/\/www.facebook.com\/OrganisatorFachmagazin\" \/>\n<meta property=\"article:published_time\" content=\"2024-12-09T09:02:52+00:00\" \/>\n<meta property=\"og:image\" content=\"https:\/\/www.organisator.ch\/wp-content\/uploads\/2024\/12\/Opacc_Bild1_ps.jpg\" \/>\n\t<meta property=\"og:image:width\" content=\"680\" \/>\n\t<meta property=\"og:image:height\" content=\"403\" \/>\n\t<meta property=\"og:image:type\" content=\"image\/jpeg\" \/>\n<meta name=\"author\" content=\"Dzana Muminovic\" \/>\n<meta name=\"twitter:card\" content=\"summary_large_image\" \/>\n<meta name=\"twitter:title\" content=\"Opacc Connect 2024: Schritt f\u00fcr Schritt zum digitalen Champion\" \/>\n<meta name=\"twitter:description\" content=\"Am 21. November lud Opacc rund 500 Besucherinnen und Besucher zur Connect 2024 ins Verkehrshaus Luzern ein.\" \/>\n<meta name=\"twitter:image\" content=\"https:\/\/www.organisator.ch\/wp-content\/uploads\/2024\/12\/Opacc_Bild1_ps.jpg\" \/>\n<script type=\"application\/ld+json\" class=\"yoast-schema-graph\">{\"@context\":\"https:\\\/\\\/schema.org\",\"@graph\":[{\"@type\":\"Article\",\"@id\":\"https:\\\/\\\/www.organisator.ch\\\/management\\\/2024-12-09\\\/opacc-connect-2024-schritt-fuer-schritt-zum-digitalen-champion\\\/#article\",\"isPartOf\":{\"@id\":\"https:\\\/\\\/www.organisator.ch\\\/management\\\/2024-12-09\\\/opacc-connect-2024-schritt-fuer-schritt-zum-digitalen-champion\\\/\"},\"author\":{\"name\":\"Dzana Muminovic\",\"@id\":\"https:\\\/\\\/www.organisator.ch\\\/#\\\/schema\\\/person\\\/afccda3a71c06d4be2ed9100dd163db7\"},\"headline\":\"Opacc Connect 2024: Schritt f\u00fcr Schritt zum digitalen Champion\",\"datePublished\":\"2024-12-09T09:02:52+00:00\",\"mainEntityOfPage\":{\"@id\":\"https:\\\/\\\/www.organisator.ch\\\/management\\\/2024-12-09\\\/opacc-connect-2024-schritt-fuer-schritt-zum-digitalen-champion\\\/\"},\"wordCount\":1104,\"publisher\":{\"@id\":\"https:\\\/\\\/www.organisator.ch\\\/#organization\"},\"image\":{\"@id\":\"https:\\\/\\\/www.organisator.ch\\\/management\\\/2024-12-09\\\/opacc-connect-2024-schritt-fuer-schritt-zum-digitalen-champion\\\/#primaryimage\"},\"thumbnailUrl\":\"https:\\\/\\\/www.organisator.ch\\\/wp-content\\\/uploads\\\/2024\\\/12\\\/Opacc_Bild1_ps.jpg\",\"keywords\":[\"Cloud\",\"Kundenbed\u00fcrfnisse\",\"Schweiz\",\"Software\",\"Stab\u00fcbergabe\",\"Unternehmen\"],\"articleSection\":[\"MANAGEMENT\"],\"inLanguage\":\"fr-FR\"},{\"@type\":\"WebPage\",\"@id\":\"https:\\\/\\\/www.organisator.ch\\\/management\\\/2024-12-09\\\/opacc-connect-2024-schritt-fuer-schritt-zum-digitalen-champion\\\/\",\"url\":\"https:\\\/\\\/www.organisator.ch\\\/management\\\/2024-12-09\\\/opacc-connect-2024-schritt-fuer-schritt-zum-digitalen-champion\\\/\",\"name\":\"Opacc Connect 2024: Schritt f\u00fcr Schritt zum digitalen Champion - Organisator\",\"isPartOf\":{\"@id\":\"https:\\\/\\\/www.organisator.ch\\\/#website\"},\"primaryImageOfPage\":{\"@id\":\"https:\\\/\\\/www.organisator.ch\\\/management\\\/2024-12-09\\\/opacc-connect-2024-schritt-fuer-schritt-zum-digitalen-champion\\\/#primaryimage\"},\"image\":{\"@id\":\"https:\\\/\\\/www.organisator.ch\\\/management\\\/2024-12-09\\\/opacc-connect-2024-schritt-fuer-schritt-zum-digitalen-champion\\\/#primaryimage\"},\"thumbnailUrl\":\"https:\\\/\\\/www.organisator.ch\\\/wp-content\\\/uploads\\\/2024\\\/12\\\/Opacc_Bild1_ps.jpg\",\"datePublished\":\"2024-12-09T09:02:52+00:00\",\"description\":\"Am 21. November lud Opacc rund 500 Besucherinnen und Besucher zur Connect 2024 ins Verkehrshaus Luzern ein.\",\"breadcrumb\":{\"@id\":\"https:\\\/\\\/www.organisator.ch\\\/management\\\/2024-12-09\\\/opacc-connect-2024-schritt-fuer-schritt-zum-digitalen-champion\\\/#breadcrumb\"},\"inLanguage\":\"fr-FR\",\"potentialAction\":[{\"@type\":\"ReadAction\",\"target\":[\"https:\\\/\\\/www.organisator.ch\\\/management\\\/2024-12-09\\\/opacc-connect-2024-schritt-fuer-schritt-zum-digitalen-champion\\\/\"]}]},{\"@type\":\"ImageObject\",\"inLanguage\":\"fr-FR\",\"@id\":\"https:\\\/\\\/www.organisator.ch\\\/management\\\/2024-12-09\\\/opacc-connect-2024-schritt-fuer-schritt-zum-digitalen-champion\\\/#primaryimage\",\"url\":\"https:\\\/\\\/www.organisator.ch\\\/wp-content\\\/uploads\\\/2024\\\/12\\\/Opacc_Bild1_ps.jpg\",\"contentUrl\":\"https:\\\/\\\/www.organisator.ch\\\/wp-content\\\/uploads\\\/2024\\\/12\\\/Opacc_Bild1_ps.jpg\",\"width\":680,\"height\":403,\"caption\":\"Unter dem Motto \u201eDigitale Evolution \u2013 Schritt f\u00fcr Schritt zum digitalen Champion\u201c bot die Opacc Connect einen Nachmittag voller Inspiration, Neuheiten und pers\u00f6nlicher Begegnungen. (Bild: Opacc)\"},{\"@type\":\"BreadcrumbList\",\"@id\":\"https:\\\/\\\/www.organisator.ch\\\/management\\\/2024-12-09\\\/opacc-connect-2024-schritt-fuer-schritt-zum-digitalen-champion\\\/#breadcrumb\",\"itemListElement\":[{\"@type\":\"ListItem\",\"position\":1,\"name\":\"Home\",\"item\":\"https:\\\/\\\/www.organisator.ch\\\/\"},{\"@type\":\"ListItem\",\"position\":2,\"name\":\"Opacc Connect 2024: Schritt f\u00fcr Schritt zum digitalen Champion\"}]},{\"@type\":\"WebSite\",\"@id\":\"https:\\\/\\\/www.organisator.ch\\\/#website\",\"url\":\"https:\\\/\\\/www.organisator.ch\\\/\",\"name\":\"Organisator\",\"description\":\"Kompetent. Praxisnah. Der ORGANISATOR bereitet in 10 Ausgaben pro Jahr die wesentlichen Themen f\u00fcr F\u00fchrungskr\u00e4fte von KMU auf.\",\"publisher\":{\"@id\":\"https:\\\/\\\/www.organisator.ch\\\/#organization\"},\"potentialAction\":[{\"@type\":\"SearchAction\",\"target\":{\"@type\":\"EntryPoint\",\"urlTemplate\":\"https:\\\/\\\/www.organisator.ch\\\/?s={search_term_string}\"},\"query-input\":{\"@type\":\"PropertyValueSpecification\",\"valueRequired\":true,\"valueName\":\"search_term_string\"}}],\"inLanguage\":\"fr-FR\"},{\"@type\":\"Organization\",\"@id\":\"https:\\\/\\\/www.organisator.ch\\\/#organization\",\"name\":\"Organisator\",\"url\":\"https:\\\/\\\/www.organisator.ch\\\/\",\"logo\":{\"@type\":\"ImageObject\",\"inLanguage\":\"fr-FR\",\"@id\":\"https:\\\/\\\/www.organisator.ch\\\/#\\\/schema\\\/logo\\\/image\\\/\",\"url\":\"https:\\\/\\\/www.organisator.ch\\\/wp-content\\\/uploads\\\/2022\\\/01\\\/Logo_Organisator_Website.png\",\"contentUrl\":\"https:\\\/\\\/www.organisator.ch\\\/wp-content\\\/uploads\\\/2022\\\/01\\\/Logo_Organisator_Website.png\",\"width\":800,\"height\":77,\"caption\":\"Organisator\"},\"image\":{\"@id\":\"https:\\\/\\\/www.organisator.ch\\\/#\\\/schema\\\/logo\\\/image\\\/\"},\"sameAs\":[\"https:\\\/\\\/www.facebook.com\\\/OrganisatorFachmagazin\",\"https:\\\/\\\/www.linkedin.com\\\/showcase\\\/organisator-das-magazin-fr-kmu\",\"https:\\\/\\\/www.xing.com\\\/news\\\/pages\\\/organisator-ch-695\",\"https:\\\/\\\/www.youtube.com\\\/channel\\\/UCGP2Sq0iWaZwT3BdIAQFYpw\"]},{\"@type\":\"Person\",\"@id\":\"https:\\\/\\\/www.organisator.ch\\\/#\\\/schema\\\/person\\\/afccda3a71c06d4be2ed9100dd163db7\",\"name\":\"Dzana Muminovic\",\"image\":{\"@type\":\"ImageObject\",\"inLanguage\":\"fr-FR\",\"@id\":\"https:\\\/\\\/secure.gravatar.com\\\/avatar\\\/909c5c71aff4b38e88686f2ab2f1ba152571f394f41ed8bae431ea56ced93050?s=96&d=mm&r=g\",\"url\":\"https:\\\/\\\/secure.gravatar.com\\\/avatar\\\/909c5c71aff4b38e88686f2ab2f1ba152571f394f41ed8bae431ea56ced93050?s=96&d=mm&r=g\",\"contentUrl\":\"https:\\\/\\\/secure.gravatar.com\\\/avatar\\\/909c5c71aff4b38e88686f2ab2f1ba152571f394f41ed8bae431ea56ced93050?s=96&d=mm&r=g\",\"caption\":\"Dzana Muminovic\"},\"url\":\"https:\\\/\\\/www.organisator.ch\\\/fr\\\/author\\\/dzana-muminovic\\\/\"}]}<\/script>\n<!-- \/ Yoast SEO plugin. -->","yoast_head_json":{"title":"Opacc Connect 2024 : Pas \u00e0 pas vers le champion du num\u00e9rique - Organisateur","description":"Le 21 novembre, l'Opacc a invit\u00e9 quelque 500 visiteurs \u00e0 Connect 2024 au Mus\u00e9e des transports de Lucerne.","robots":{"index":"index","follow":"follow","max-snippet":"max-snippet:-1","max-image-preview":"max-image-preview:large","max-video-preview":"max-video-preview:-1"},"canonical":"https:\/\/www.organisator.ch\/fr\/gestion-2\/2024-12-09\/opacc-connect-2024-schritt-fuer-schritt-zum-digitalen-champion\/","og_locale":"fr_FR","og_type":"article","og_title":"Opacc Connect 2024: Schritt f\u00fcr Schritt zum digitalen Champion","og_description":"Am 21. November lud Opacc rund 500 Besucherinnen und Besucher zur Connect 2024 ins Verkehrshaus Luzern ein.","og_url":"https:\/\/www.organisator.ch\/fr\/gestion-2\/2024-12-09\/opacc-connect-2024-schritt-fuer-schritt-zum-digitalen-champion\/","og_site_name":"Organisator","article_publisher":"https:\/\/www.facebook.com\/OrganisatorFachmagazin","article_published_time":"2024-12-09T09:02:52+00:00","og_image":[{"width":680,"height":403,"url":"https:\/\/www.organisator.ch\/wp-content\/uploads\/2024\/12\/Opacc_Bild1_ps.jpg","type":"image\/jpeg"}],"author":"Dzana Muminovic","twitter_card":"summary_large_image","twitter_title":"Opacc Connect 2024: Schritt f\u00fcr Schritt zum digitalen Champion","twitter_description":"Am 21. November lud Opacc rund 500 Besucherinnen und Besucher zur Connect 2024 ins Verkehrshaus Luzern ein.","twitter_image":"https:\/\/www.organisator.ch\/wp-content\/uploads\/2024\/12\/Opacc_Bild1_ps.jpg","schema":{"@context":"https:\/\/schema.org","@graph":[{"@type":"Article","@id":"https:\/\/www.organisator.ch\/management\/2024-12-09\/opacc-connect-2024-schritt-fuer-schritt-zum-digitalen-champion\/#article","isPartOf":{"@id":"https:\/\/www.organisator.ch\/management\/2024-12-09\/opacc-connect-2024-schritt-fuer-schritt-zum-digitalen-champion\/"},"author":{"name":"Dzana Muminovic","@id":"https:\/\/www.organisator.ch\/#\/schema\/person\/afccda3a71c06d4be2ed9100dd163db7"},"headline":"Opacc Connect 2024: Schritt f\u00fcr Schritt zum digitalen Champion","datePublished":"2024-12-09T09:02:52+00:00","mainEntityOfPage":{"@id":"https:\/\/www.organisator.ch\/management\/2024-12-09\/opacc-connect-2024-schritt-fuer-schritt-zum-digitalen-champion\/"},"wordCount":1104,"publisher":{"@id":"https:\/\/www.organisator.ch\/#organization"},"image":{"@id":"https:\/\/www.organisator.ch\/management\/2024-12-09\/opacc-connect-2024-schritt-fuer-schritt-zum-digitalen-champion\/#primaryimage"},"thumbnailUrl":"https:\/\/www.organisator.ch\/wp-content\/uploads\/2024\/12\/Opacc_Bild1_ps.jpg","keywords":["Cloud","Kundenbed\u00fcrfnisse","Schweiz","Software","Stab\u00fcbergabe","Unternehmen"],"articleSection":["MANAGEMENT"],"inLanguage":"fr-FR"},{"@type":"WebPage","@id":"https:\/\/www.organisator.ch\/management\/2024-12-09\/opacc-connect-2024-schritt-fuer-schritt-zum-digitalen-champion\/","url":"https:\/\/www.organisator.ch\/management\/2024-12-09\/opacc-connect-2024-schritt-fuer-schritt-zum-digitalen-champion\/","name":"Opacc Connect 2024 : Pas \u00e0 pas vers le champion du num\u00e9rique - Organisateur","isPartOf":{"@id":"https:\/\/www.organisator.ch\/#website"},"primaryImageOfPage":{"@id":"https:\/\/www.organisator.ch\/management\/2024-12-09\/opacc-connect-2024-schritt-fuer-schritt-zum-digitalen-champion\/#primaryimage"},"image":{"@id":"https:\/\/www.organisator.ch\/management\/2024-12-09\/opacc-connect-2024-schritt-fuer-schritt-zum-digitalen-champion\/#primaryimage"},"thumbnailUrl":"https:\/\/www.organisator.ch\/wp-content\/uploads\/2024\/12\/Opacc_Bild1_ps.jpg","datePublished":"2024-12-09T09:02:52+00:00","description":"Le 21 novembre, l'Opacc a invit\u00e9 quelque 500 visiteurs \u00e0 Connect 2024 au Mus\u00e9e des transports de Lucerne.","breadcrumb":{"@id":"https:\/\/www.organisator.ch\/management\/2024-12-09\/opacc-connect-2024-schritt-fuer-schritt-zum-digitalen-champion\/#breadcrumb"},"inLanguage":"fr-FR","potentialAction":[{"@type":"ReadAction","target":["https:\/\/www.organisator.ch\/management\/2024-12-09\/opacc-connect-2024-schritt-fuer-schritt-zum-digitalen-champion\/"]}]},{"@type":"ImageObject","inLanguage":"fr-FR","@id":"https:\/\/www.organisator.ch\/management\/2024-12-09\/opacc-connect-2024-schritt-fuer-schritt-zum-digitalen-champion\/#primaryimage","url":"https:\/\/www.organisator.ch\/wp-content\/uploads\/2024\/12\/Opacc_Bild1_ps.jpg","contentUrl":"https:\/\/www.organisator.ch\/wp-content\/uploads\/2024\/12\/Opacc_Bild1_ps.jpg","width":680,"height":403,"caption":"Unter dem Motto \u201eDigitale Evolution \u2013 Schritt f\u00fcr Schritt zum digitalen Champion\u201c bot die Opacc Connect einen Nachmittag voller Inspiration, Neuheiten und pers\u00f6nlicher Begegnungen. (Bild: Opacc)"},{"@type":"BreadcrumbList","@id":"https:\/\/www.organisator.ch\/management\/2024-12-09\/opacc-connect-2024-schritt-fuer-schritt-zum-digitalen-champion\/#breadcrumb","itemListElement":[{"@type":"ListItem","position":1,"name":"Home","item":"https:\/\/www.organisator.ch\/"},{"@type":"ListItem","position":2,"name":"Opacc Connect 2024: Schritt f\u00fcr Schritt zum digitalen Champion"}]},{"@type":"WebSite","@id":"https:\/\/www.organisator.ch\/#website","url":"https:\/\/www.organisator.ch\/","name":"Organisateur","description":"Comp\u00e9tence et comp\u00e9tence. Proches de la pratique. L'ORGANISATEUR pr\u00e9pare 10 num\u00e9ros par an sur les th\u00e8mes essentiels pour les dirigeants de PME.","publisher":{"@id":"https:\/\/www.organisator.ch\/#organization"},"potentialAction":[{"@type":"SearchAction","target":{"@type":"EntryPoint","urlTemplate":"https:\/\/www.organisator.ch\/?s={search_term_string}"},"query-input":{"@type":"PropertyValueSpecification","valueRequired":true,"valueName":"search_term_string"}}],"inLanguage":"fr-FR"},{"@type":"Organization","@id":"https:\/\/www.organisator.ch\/#organization","name":"Organisateur","url":"https:\/\/www.organisator.ch\/","logo":{"@type":"ImageObject","inLanguage":"fr-FR","@id":"https:\/\/www.organisator.ch\/#\/schema\/logo\/image\/","url":"https:\/\/www.organisator.ch\/wp-content\/uploads\/2022\/01\/Logo_Organisator_Website.png","contentUrl":"https:\/\/www.organisator.ch\/wp-content\/uploads\/2022\/01\/Logo_Organisator_Website.png","width":800,"height":77,"caption":"Organisator"},"image":{"@id":"https:\/\/www.organisator.ch\/#\/schema\/logo\/image\/"},"sameAs":["https:\/\/www.facebook.com\/OrganisatorFachmagazin","https:\/\/www.linkedin.com\/showcase\/organisator-das-magazin-fr-kmu","https:\/\/www.xing.com\/news\/pages\/organisator-ch-695","https:\/\/www.youtube.com\/channel\/UCGP2Sq0iWaZwT3BdIAQFYpw"]},{"@type":"Person","@id":"https:\/\/www.organisator.ch\/#\/schema\/person\/afccda3a71c06d4be2ed9100dd163db7","name":"Dzana Muminovic","image":{"@type":"ImageObject","inLanguage":"fr-FR","@id":"https:\/\/secure.gravatar.com\/avatar\/909c5c71aff4b38e88686f2ab2f1ba152571f394f41ed8bae431ea56ced93050?s=96&d=mm&r=g","url":"https:\/\/secure.gravatar.com\/avatar\/909c5c71aff4b38e88686f2ab2f1ba152571f394f41ed8bae431ea56ced93050?s=96&d=mm&r=g","contentUrl":"https:\/\/secure.gravatar.com\/avatar\/909c5c71aff4b38e88686f2ab2f1ba152571f394f41ed8bae431ea56ced93050?s=96&d=mm&r=g","caption":"Dzana Muminovic"},"url":"https:\/\/www.organisator.ch\/fr\/author\/dzana-muminovic\/"}]}},"_links":{"self":[{"href":"https:\/\/www.organisator.ch\/fr\/wp-json\/wp\/v2\/posts\/34123","targetHints":{"allow":["GET"]}}],"collection":[{"href":"https:\/\/www.organisator.ch\/fr\/wp-json\/wp\/v2\/posts"}],"about":[{"href":"https:\/\/www.organisator.ch\/fr\/wp-json\/wp\/v2\/types\/post"}],"author":[{"embeddable":true,"href":"https:\/\/www.organisator.ch\/fr\/wp-json\/wp\/v2\/users\/80"}],"replies":[{"embeddable":true,"href":"https:\/\/www.organisator.ch\/fr\/wp-json\/wp\/v2\/comments?post=34123"}],"version-history":[{"count":9,"href":"https:\/\/www.organisator.ch\/fr\/wp-json\/wp\/v2\/posts\/34123\/revisions"}],"predecessor-version":[{"id":34571,"href":"https:\/\/www.organisator.ch\/fr\/wp-json\/wp\/v2\/posts\/34123\/revisions\/34571"}],"wp:featuredmedia":[{"embeddable":true,"href":"https:\/\/www.organisator.ch\/fr\/wp-json\/wp\/v2\/media\/34484"}],"wp:attachment":[{"href":"https:\/\/www.organisator.ch\/fr\/wp-json\/wp\/v2\/media?parent=34123"}],"wp:term":[{"taxonomy":"category","embeddable":true,"href":"https:\/\/www.organisator.ch\/fr\/wp-json\/wp\/v2\/categories?post=34123"},{"taxonomy":"post_tag","embeddable":true,"href":"https:\/\/www.organisator.ch\/fr\/wp-json\/wp\/v2\/tags?post=34123"}],"curies":[{"name":"wp","href":"https:\/\/api.w.org\/{rel}","templated":true}]}}