{"id":34149,"date":"2024-11-29T09:43:50","date_gmt":"2024-11-29T08:43:50","guid":{"rendered":"https:\/\/www.m-q.ch\/?p=20754"},"modified":"2024-11-29T14:04:01","modified_gmt":"2024-11-29T13:04:01","slug":"vbsf-fachtagung-2025-brandschutz-trifft-arbeitssicherheit-2","status":"publish","type":"post","link":"https:\/\/www.organisator.ch\/fr\/operational-excellence\/2024-11-29\/vbsf-fachtagung-2025-brandschutz-trifft-arbeitssicherheit-2\/","title":{"rendered":"Congr\u00e8s 2025 de la VBSF : la protection incendie rencontre la s\u00e9curit\u00e9 au travail"},"content":{"rendered":"<figure id=\"attachment_20755\" class=\"wp-caption alignnone\" style=\"width: 680px;\" aria-describedby=\"caption-attachment-20755\"><img class=\"size-full wp-image-20755\" src=\"https:\/\/www.m-q.ch\/wp-content\/uploads\/2024\/11\/VBSF_Bild1_ps.jpg\" sizes=\"(max-width: 680px) 100vw, 680px\" srcset=\"https:\/\/www.m-q.ch\/wp-content\/uploads\/2024\/11\/VBSF_Bild1_ps.jpg 680w, https:\/\/www.m-q.ch\/wp-content\/uploads\/2024\/11\/VBSF_Bild1_ps-18x8.jpg 18w, https:\/\/www.m-q.ch\/wp-content\/uploads\/2024\/11\/VBSF_Bild1_ps-375x174.jpg 375w\" alt=\"\" width=\"680\" height=\"315\" \/>\r\n<figcaption id=\"caption-attachment-20755\" class=\"wp-caption-text\">Pendant le congr\u00e8s sp\u00e9cialis\u00e9 2025 de la VBSF, des sp\u00e9cialistes de la protection incendie et des responsables de la s\u00e9curit\u00e9 au travail se r\u00e9unissent. (Image : www.vbsf.ch)<\/figcaption>\r\n<\/figure>\r\n<p>La s\u00e9curit\u00e9 au travail et la protection contre l'incendie s'occupent souvent de pr\u00e9occupations similaires, mais elles sont souvent en conflit. Il est donc judicieux que les sp\u00e9cialistes de la protection incendie et les responsables de la s\u00e9curit\u00e9 au travail \u00e9changent r\u00e9guli\u00e8rement leurs points de vue et \u00e9laborent des solutions communes.<\/p>\r\n<p>C'est ce qu'ils font notamment au sein de la VBSF, l'Association suisse des sp\u00e9cialistes de la protection incendie et de la s\u00e9curit\u00e9. Parmi ses membres, on trouve aussi bien des sp\u00e9cialistes de la protection incendie que de nombreux sp\u00e9cialistes de la s\u00e9curit\u00e9 au travail.<\/p>\r\n<h3><strong>La s\u00e9curit\u00e9 incendie rencontre la s\u00e9curit\u00e9 au travail<\/strong><\/h3>\r\n<p>C'est exactement ce qui se passera le 20 mars 2025 au KKL Luzern. C'est l\u00e0 qu'aura lieu la journ\u00e9e technique 2025 de la VBSF, qui s'adresse \u00e0 toutes les personnes int\u00e9ress\u00e9es par la protection incendie et la s\u00e9curit\u00e9 au travail, qu'elles soient membres de la VBSF ou non.<\/p>\r\n<p>Dix conf\u00e9rences, d'une dur\u00e9e de 30 \u00e0 60 minutes chacune, ainsi que deux ateliers de 90 et 120 minutes attendent les participants. Toutes les conf\u00e9rences et un atelier seront propos\u00e9s en deux langues et traduits de l'allemand vers le fran\u00e7ais. En outre, la participation donne droit \u00e0 des points de formation continue : Swiss Safety Center SA comptabilise la manifestation comme une journ\u00e9e de formation continue pour les sp\u00e9cialistes de la protection incendie ISO 17024. L'AEAI reconna\u00eet le colloque de la VBSF comme une journ\u00e9e de formation continue. La SSST attribue 2 points de formation continue pour le track s\u00e9curit\u00e9 au travail.<\/p>\r\n<h3><strong>Piste s\u00e9curit\u00e9 au travail<\/strong><\/h3>\r\n<p>Le colloque 2025 de la VBSF est divis\u00e9 en deux parties th\u00e9matiques parall\u00e8les. Les participants peuvent choisir les conf\u00e9rences qu'ils souhaitent suivre en parall\u00e8le.<\/p>\r\n<p>Le Track S\u00e9curit\u00e9 au travail d\u00e9bute par un atelier consacr\u00e9 aux outils num\u00e9riques pour la s\u00e9curit\u00e9 au travail et la protection de la sant\u00e9. Les exigences en mati\u00e8re de mesures de s\u00e9curit\u00e9 et de sant\u00e9 augmentent en effet constamment, notamment en ce qui concerne la documentation. Pour garder une vue d'ensemble et garantir la s\u00e9curit\u00e9 juridique, les outils num\u00e9riques s'imposent. Marco Lobsiger (directeur de Lobsiger &amp; Partner GmbH) joue avec les participants diff\u00e9rents sc\u00e9narios sur la mani\u00e8re dont de tels outils peuvent aider les responsables de la s\u00e9curit\u00e9.<\/p>\r\n<p>Les pr\u00e9sentations suivantes abordent des sujets tels que<\/p>\r\n<ul>\r\n\t<li><strong>Concepts de premiers secours dans l'entreprise<\/strong>Chaque entreprise a-t-elle besoin d'un concept de premiers secours et qu'est-ce qui doit \u00eatre pens\u00e9 et int\u00e9gr\u00e9 dans ce concept ? En quoi de tels concepts diff\u00e8rent-ils pour les petites et les grandes entreprises ?<\/li>\r\n\t<li><strong>Directive de laboratoire et substances dangereuses - Exemples d'application dans la pratique :<\/strong> L'expos\u00e9 pr\u00e9sente des exemples d'application actuels de la directive CFST sur les laboratoires, tir\u00e9s de la pratique. Pour ce faire, il esquisse les questions courantes auxquelles un projet est confront\u00e9, explique les articles correspondants de la directive et pr\u00e9sente les r\u00e9ponses trouv\u00e9es dans les projets.<\/li>\r\n\t<li><strong>Substances CMR - canc\u00e9rig\u00e8nes, mutag\u00e8nes et toxiques pour la reproduction :<\/strong> Les substances CMR sont souvent sous-estim\u00e9es, car les collaborateurs concern\u00e9s peuvent souvent \u00eatre expos\u00e9s pendant une longue p\u00e9riode sans qu'une maladie ne soit d\u00e9clench\u00e9e. Pourquoi les substances CMR sont-elles dangereuses, comment les reconna\u00eetre et o\u00f9 trouver des informations pour prot\u00e9ger les collaborateurs ?<\/li>\r\n\t<li><strong>Quantit\u00e9s minimes de solvants :<\/strong> Dans certaines entreprises, on trouve des solvants - o\u00f9 d\u00e9passent-ils la limite des quantit\u00e9s insignifiantes et comment les entreprises doivent-elles les g\u00e9rer lorsqu'ils sont en dessous de cette limite ?<\/li>\r\n\t<li><strong>Syst\u00e8mes First Responder en Suisse :<\/strong> De plus en plus de cantons suisses ont mis en place des syst\u00e8mes de premiers r\u00e9pondants. L'objectif est de pouvoir apporter les premiers secours plus rapidement et donc avec plus de succ\u00e8s en cas d'urgence m\u00e9dicale. Quelles sont les diff\u00e9rentes approches et comment peut-on y participer ?<\/li>\r\n<\/ul>\r\n<h3><strong>Piste de protection contre l'incendie<\/strong><\/h3>\r\n<p>Le cours sur la protection contre l'incendie aborde \u00e9galement des th\u00e8mes et des questions actuels et parfois complexes - et ce cours comprend \u00e9galement un atelier : pendant environ 120 minutes, les participants planifient, dans le cadre de diff\u00e9rents travaux pratiques, notamment des exutoires de fum\u00e9e et de chaleur avec des questions particuli\u00e8res ou des fa\u00e7ades avec une utilisation suppl\u00e9mentaire pour des installations PV ou une v\u00e9g\u00e9talisation. Dans les ateliers de planification de la protection contre l'incendie organis\u00e9s par Christian Kohler et Alois Sch\u00e4lin (AFC Akademie \/ AFC AG), les participants travaillent sur des exemples d'objets, sous la direction de sp\u00e9cialistes et avec discussion et pr\u00e9sentation des planifications.<\/p>\r\n<p>Les autres pr\u00e9sentations du Track Protection incendie abordent les th\u00e8mes suivants :<\/p>\r\n<ul>\r\n\t<li><strong>Comment le BMA et les syst\u00e8mes techniques d'\u00e9vacuation vont-ils ensemble ? Le site<\/strong> L'expos\u00e9 d\u00e9crit les bases de l'interaction, pr\u00e9sente les solutions adopt\u00e9es jusqu'\u00e0 pr\u00e9sent et les possibilit\u00e9s pour l'avenir et aborde les avantages des solutions techniques d'\u00e9vacuation.<\/li>\r\n\t<li><strong>Protection contre l'incendie des v\u00e9hicules \u00e9lectriques dans les b\u00e2timents :<\/strong> L'origine de la discussion sur les risques, les comparaisons techniques des v\u00e9hicules et leurs risques, l'influence du chargement, du lieu d'installation, de la pr\u00e9vention et de la lutte contre les incendies et le but des simulations - tous ces th\u00e8mes seront abord\u00e9s dans cette pr\u00e9sentation.<\/li>\r\n\t<li><strong>Incendies de v\u00e9hicules \u00e9lectriques dans les garages (souterrains) :<\/strong> Comment les pompiers interviennent-ils lorsqu'un v\u00e9hicule \u00e9lectrique prend feu dans un garage (souterrain) et en quoi cette intervention se distingue-t-elle de l'incendie d'un v\u00e9hicule \u00e0 propulsion conventionnelle ? Et : comment une entreprise peut-elle effectuer le meilleur travail pr\u00e9paratoire possible pour les pompiers ?<\/li>\r\n\t<li><strong>Risque d'incendie li\u00e9 aux accumulateurs domestiques - d\u00e9fis et strat\u00e9gies de pr\u00e9vention : <\/strong>Le nombre d'installations photovolta\u00efques et de syst\u00e8mes de stockage domestique associ\u00e9s augmente rapidement. Cette \u00e9volution s'accompagne d'une augmentation du risque potentiel d'incendie, qui concerne \u00e9galement les entreprises. Dans cette pr\u00e9sentation, les risques seront mis en lumi\u00e8re et les mesures de pr\u00e9vention possibles seront discut\u00e9es.<\/li>\r\n<\/ul>\r\n<h3><strong>S\u00e9curit\u00e9 au travail et protection contre les incendies au KKL Luzern<\/strong><\/h3>\r\n<p>Les deux pistes se rejoignent \u00e0 la fin, lorsque J\u00fcrg Sch\u00e4r (chef du d\u00e9partement B\u00e2timent &amp; S\u00e9curit\u00e9 au KKL Luzern) \u00e9voque la s\u00e9curit\u00e9 au travail et la protection contre les incendies sur le lieu de la conf\u00e9rence VBSF 2025. Le KKL Luzern accueille des concerts, des congr\u00e8s, un mus\u00e9e, de la gastronomie ou des expositions, ce qui fait que diff\u00e9rentes personnes s'y trouvent \u00e0 diff\u00e9rents moments. Comment la s\u00e9curit\u00e9 au travail et la protection contre les incendies sont-elles organis\u00e9es au KKL Luzern et \u00e0 quoi faut-il veiller ?<\/p>\r\n<h3><strong>Exposition parall\u00e8le et assembl\u00e9e g\u00e9n\u00e9rale de la VBSF 2025<\/strong><\/h3>\r\n<p>Une exposition parall\u00e8le aura \u00e9galement lieu pendant la journ\u00e9e technique 2025 de la VBSF, o\u00f9 jusqu'\u00e0 16 exposants pr\u00e9senteront leurs produits et services pendant les pauses. La 47e assembl\u00e9e g\u00e9n\u00e9rale de la VBSF, suivie d'un ap\u00e9ritif, aura lieu \u00e0 partir de 16h50 apr\u00e8s la journ\u00e9e technique 2025 de la VBSF. Seuls les membres de la VBSF y sont admis.<\/p>\r\n<p>Le colloque 2025 de la VBSF est organis\u00e9 par bentomedia GmbH et la plateforme en ligne safety-security.ch et est soutenu par diff\u00e9rents sponsors : Siemens Suisse SA appara\u00eet comme sponsor or, l'AFC Akademie, CSF Wunderle GmbH et Lobisger &amp; Partner GmbH avec l'application web safely sont des sponsors argent. S'y ajoutent les sponsors de bronze Flumroc AG, Routil AG, Promat AG et TOTEC Innovation SA.<\/p>\r\n<p><em>Source :\u00a0<a href=\"http:\/\/www.vbsf.ch\/\">www.vbsf.ch<\/a><\/em><\/p>\n<p class=\"syndicated-attribution\">Cet article est paru initialement sur m-q.ch - <a href=\"https:\/\/www.m-q.ch\/de\/vbsf-fachtagung-2025-brandschutz-trifft-arbeitssicherheit-2\/\" target=\"_blank\">https:\/\/www.m-q.ch\/de\/vbsf-fachtagung-2025-brandschutz-trifft-arbeitssicherheit-2\/<\/a><\/p>","protected":false},"excerpt":{"rendered":"<p>Collecter des points de formation continue, assister \u00e0 10 conf\u00e9rences et 2 ateliers, visiter 16 exposants - et tout cela dans une ambiance \u00e9l\u00e9gante. Le 20 mars 2025, les sp\u00e9cialistes de la protection incendie et les responsables de la s\u00e9curit\u00e9 au travail se r\u00e9uniront au KKL Luzern. Le congr\u00e8s sp\u00e9cialis\u00e9 sera divis\u00e9 en deux th\u00e8mes parall\u00e8les.<\/p>","protected":false},"author":80,"featured_media":0,"comment_status":"closed","ping_status":"closed","sticky":false,"template":"","format":"standard","meta":{"_acf_changed":false,"_yoast_wpseo_focuskw":"VBSF-Fachtagung","_yoast_wpseo_metadesc":"Weiterbildungspunkte sammeln, 10 Vortr\u00e4ge und 2 Workshops erleben, 16 Aussteller besuchen \u2013 und das alles in stilvollem Ambiente.","articlekey":"","footnotes":""},"categories":[582],"tags":[53,871,1150,418,424,4868,518],"class_list":["post-34149","post","type-post","status-publish","format-standard","hentry","category-operational-excellence","tag-arbeitssicherheit","tag-brandschutz","tag-fachtagung","tag-risikomanagement","tag-schweiz","tag-vbsf","tag-weiterbildung"],"acf":[],"yoast_head":"<!-- This site is optimized with the Yoast SEO plugin v27.5 - https:\/\/yoast.com\/product\/yoast-seo-wordpress\/ -->\n<title>VBSF-Fachtagung 2025: Brandschutz trifft Arbeitssicherheit - Organisator<\/title>\n<meta name=\"description\" content=\"Weiterbildungspunkte sammeln, 10 Vortr\u00e4ge und 2 Workshops erleben, 16 Aussteller besuchen \u2013 und das alles in stilvollem Ambiente.\" \/>\n<meta name=\"robots\" content=\"index, follow, max-snippet:-1, max-image-preview:large, max-video-preview:-1\" \/>\n<link rel=\"canonical\" href=\"https:\/\/www.organisator.ch\/fr\/excellence-operationnelle\/2024-11-29\/vbsf-fachtagung-2025-brandschutz-trifft-arbeitssicherheit-2\/\" \/>\n<meta property=\"og:locale\" content=\"fr_FR\" \/>\n<meta property=\"og:type\" content=\"article\" \/>\n<meta property=\"og:title\" content=\"VBSF-Fachtagung 2025: Brandschutz trifft Arbeitssicherheit - Organisator\" \/>\n<meta property=\"og:description\" content=\"Weiterbildungspunkte sammeln, 10 Vortr\u00e4ge und 2 Workshops erleben, 16 Aussteller besuchen \u2013 und das alles in stilvollem Ambiente.\" \/>\n<meta property=\"og:url\" content=\"https:\/\/www.organisator.ch\/fr\/excellence-operationnelle\/2024-11-29\/vbsf-fachtagung-2025-brandschutz-trifft-arbeitssicherheit-2\/\" \/>\n<meta property=\"og:site_name\" content=\"Organisator\" \/>\n<meta property=\"article:publisher\" content=\"https:\/\/www.facebook.com\/OrganisatorFachmagazin\" \/>\n<meta property=\"article:published_time\" content=\"2024-11-29T08:43:50+00:00\" \/>\n<meta property=\"article:modified_time\" content=\"2024-11-29T13:04:01+00:00\" \/>\n<meta name=\"author\" content=\"Dzana Muminovic\" \/>\n<meta name=\"twitter:card\" content=\"summary_large_image\" \/>\n<script type=\"application\/ld+json\" class=\"yoast-schema-graph\">{\"@context\":\"https:\\\/\\\/schema.org\",\"@graph\":[{\"@type\":\"Article\",\"@id\":\"https:\\\/\\\/www.organisator.ch\\\/operational-excellence\\\/2024-11-29\\\/vbsf-fachtagung-2025-brandschutz-trifft-arbeitssicherheit-2\\\/#article\",\"isPartOf\":{\"@id\":\"https:\\\/\\\/www.organisator.ch\\\/operational-excellence\\\/2024-11-29\\\/vbsf-fachtagung-2025-brandschutz-trifft-arbeitssicherheit-2\\\/\"},\"author\":{\"name\":\"Dzana Muminovic\",\"@id\":\"https:\\\/\\\/www.organisator.ch\\\/#\\\/schema\\\/person\\\/afccda3a71c06d4be2ed9100dd163db7\"},\"headline\":\"VBSF-Fachtagung 2025: Brandschutz trifft Arbeitssicherheit\",\"datePublished\":\"2024-11-29T08:43:50+00:00\",\"dateModified\":\"2024-11-29T13:04:01+00:00\",\"mainEntityOfPage\":{\"@id\":\"https:\\\/\\\/www.organisator.ch\\\/operational-excellence\\\/2024-11-29\\\/vbsf-fachtagung-2025-brandschutz-trifft-arbeitssicherheit-2\\\/\"},\"wordCount\":957,\"publisher\":{\"@id\":\"https:\\\/\\\/www.organisator.ch\\\/#organization\"},\"image\":{\"@id\":\"https:\\\/\\\/www.organisator.ch\\\/operational-excellence\\\/2024-11-29\\\/vbsf-fachtagung-2025-brandschutz-trifft-arbeitssicherheit-2\\\/#primaryimage\"},\"thumbnailUrl\":\"https:\\\/\\\/www.m-q.ch\\\/wp-content\\\/uploads\\\/2024\\\/11\\\/VBSF_Bild1_ps.jpg\",\"keywords\":[\"Arbeitssicherheit\",\"Brandschutz\",\"Fachtagung\",\"Risikomanagement\",\"Schweiz\",\"VBSF\",\"Weiterbildung\"],\"articleSection\":[\"OPERATIONAL EXCELLENCE\"],\"inLanguage\":\"fr-FR\"},{\"@type\":\"WebPage\",\"@id\":\"https:\\\/\\\/www.organisator.ch\\\/operational-excellence\\\/2024-11-29\\\/vbsf-fachtagung-2025-brandschutz-trifft-arbeitssicherheit-2\\\/\",\"url\":\"https:\\\/\\\/www.organisator.ch\\\/operational-excellence\\\/2024-11-29\\\/vbsf-fachtagung-2025-brandschutz-trifft-arbeitssicherheit-2\\\/\",\"name\":\"VBSF-Fachtagung 2025: Brandschutz trifft Arbeitssicherheit - Organisator\",\"isPartOf\":{\"@id\":\"https:\\\/\\\/www.organisator.ch\\\/#website\"},\"primaryImageOfPage\":{\"@id\":\"https:\\\/\\\/www.organisator.ch\\\/operational-excellence\\\/2024-11-29\\\/vbsf-fachtagung-2025-brandschutz-trifft-arbeitssicherheit-2\\\/#primaryimage\"},\"image\":{\"@id\":\"https:\\\/\\\/www.organisator.ch\\\/operational-excellence\\\/2024-11-29\\\/vbsf-fachtagung-2025-brandschutz-trifft-arbeitssicherheit-2\\\/#primaryimage\"},\"thumbnailUrl\":\"https:\\\/\\\/www.m-q.ch\\\/wp-content\\\/uploads\\\/2024\\\/11\\\/VBSF_Bild1_ps.jpg\",\"datePublished\":\"2024-11-29T08:43:50+00:00\",\"dateModified\":\"2024-11-29T13:04:01+00:00\",\"description\":\"Weiterbildungspunkte sammeln, 10 Vortr\u00e4ge und 2 Workshops erleben, 16 Aussteller besuchen \u2013 und das alles in stilvollem Ambiente.\",\"breadcrumb\":{\"@id\":\"https:\\\/\\\/www.organisator.ch\\\/operational-excellence\\\/2024-11-29\\\/vbsf-fachtagung-2025-brandschutz-trifft-arbeitssicherheit-2\\\/#breadcrumb\"},\"inLanguage\":\"fr-FR\",\"potentialAction\":[{\"@type\":\"ReadAction\",\"target\":[\"https:\\\/\\\/www.organisator.ch\\\/operational-excellence\\\/2024-11-29\\\/vbsf-fachtagung-2025-brandschutz-trifft-arbeitssicherheit-2\\\/\"]}]},{\"@type\":\"ImageObject\",\"inLanguage\":\"fr-FR\",\"@id\":\"https:\\\/\\\/www.organisator.ch\\\/operational-excellence\\\/2024-11-29\\\/vbsf-fachtagung-2025-brandschutz-trifft-arbeitssicherheit-2\\\/#primaryimage\",\"url\":\"https:\\\/\\\/www.m-q.ch\\\/wp-content\\\/uploads\\\/2024\\\/11\\\/VBSF_Bild1_ps.jpg\",\"contentUrl\":\"https:\\\/\\\/www.m-q.ch\\\/wp-content\\\/uploads\\\/2024\\\/11\\\/VBSF_Bild1_ps.jpg\"},{\"@type\":\"BreadcrumbList\",\"@id\":\"https:\\\/\\\/www.organisator.ch\\\/operational-excellence\\\/2024-11-29\\\/vbsf-fachtagung-2025-brandschutz-trifft-arbeitssicherheit-2\\\/#breadcrumb\",\"itemListElement\":[{\"@type\":\"ListItem\",\"position\":1,\"name\":\"Home\",\"item\":\"https:\\\/\\\/www.organisator.ch\\\/\"},{\"@type\":\"ListItem\",\"position\":2,\"name\":\"VBSF-Fachtagung 2025: Brandschutz trifft Arbeitssicherheit\"}]},{\"@type\":\"WebSite\",\"@id\":\"https:\\\/\\\/www.organisator.ch\\\/#website\",\"url\":\"https:\\\/\\\/www.organisator.ch\\\/\",\"name\":\"Organisator\",\"description\":\"Kompetent. Praxisnah. Der ORGANISATOR bereitet in 10 Ausgaben pro Jahr die wesentlichen Themen f\u00fcr F\u00fchrungskr\u00e4fte von KMU auf.\",\"publisher\":{\"@id\":\"https:\\\/\\\/www.organisator.ch\\\/#organization\"},\"potentialAction\":[{\"@type\":\"SearchAction\",\"target\":{\"@type\":\"EntryPoint\",\"urlTemplate\":\"https:\\\/\\\/www.organisator.ch\\\/?s={search_term_string}\"},\"query-input\":{\"@type\":\"PropertyValueSpecification\",\"valueRequired\":true,\"valueName\":\"search_term_string\"}}],\"inLanguage\":\"fr-FR\"},{\"@type\":\"Organization\",\"@id\":\"https:\\\/\\\/www.organisator.ch\\\/#organization\",\"name\":\"Organisator\",\"url\":\"https:\\\/\\\/www.organisator.ch\\\/\",\"logo\":{\"@type\":\"ImageObject\",\"inLanguage\":\"fr-FR\",\"@id\":\"https:\\\/\\\/www.organisator.ch\\\/#\\\/schema\\\/logo\\\/image\\\/\",\"url\":\"https:\\\/\\\/www.organisator.ch\\\/wp-content\\\/uploads\\\/2022\\\/01\\\/Logo_Organisator_Website.png\",\"contentUrl\":\"https:\\\/\\\/www.organisator.ch\\\/wp-content\\\/uploads\\\/2022\\\/01\\\/Logo_Organisator_Website.png\",\"width\":800,\"height\":77,\"caption\":\"Organisator\"},\"image\":{\"@id\":\"https:\\\/\\\/www.organisator.ch\\\/#\\\/schema\\\/logo\\\/image\\\/\"},\"sameAs\":[\"https:\\\/\\\/www.facebook.com\\\/OrganisatorFachmagazin\",\"https:\\\/\\\/www.linkedin.com\\\/showcase\\\/organisator-das-magazin-fr-kmu\",\"https:\\\/\\\/www.xing.com\\\/news\\\/pages\\\/organisator-ch-695\",\"https:\\\/\\\/www.youtube.com\\\/channel\\\/UCGP2Sq0iWaZwT3BdIAQFYpw\"]},{\"@type\":\"Person\",\"@id\":\"https:\\\/\\\/www.organisator.ch\\\/#\\\/schema\\\/person\\\/afccda3a71c06d4be2ed9100dd163db7\",\"name\":\"Dzana Muminovic\",\"image\":{\"@type\":\"ImageObject\",\"inLanguage\":\"fr-FR\",\"@id\":\"https:\\\/\\\/secure.gravatar.com\\\/avatar\\\/909c5c71aff4b38e88686f2ab2f1ba152571f394f41ed8bae431ea56ced93050?s=96&d=mm&r=g\",\"url\":\"https:\\\/\\\/secure.gravatar.com\\\/avatar\\\/909c5c71aff4b38e88686f2ab2f1ba152571f394f41ed8bae431ea56ced93050?s=96&d=mm&r=g\",\"contentUrl\":\"https:\\\/\\\/secure.gravatar.com\\\/avatar\\\/909c5c71aff4b38e88686f2ab2f1ba152571f394f41ed8bae431ea56ced93050?s=96&d=mm&r=g\",\"caption\":\"Dzana Muminovic\"},\"url\":\"https:\\\/\\\/www.organisator.ch\\\/fr\\\/author\\\/dzana-muminovic\\\/\"}]}<\/script>\n<!-- \/ Yoast SEO plugin. -->","yoast_head_json":{"title":"Congr\u00e8s 2025 de la VBSF : La protection incendie rencontre la s\u00e9curit\u00e9 au travail - Organisateur","description":"Collecter des points de formation continue, assister \u00e0 10 conf\u00e9rences et 2 ateliers, visiter 16 exposants - et tout cela dans une ambiance \u00e9l\u00e9gante.","robots":{"index":"index","follow":"follow","max-snippet":"max-snippet:-1","max-image-preview":"max-image-preview:large","max-video-preview":"max-video-preview:-1"},"canonical":"https:\/\/www.organisator.ch\/fr\/excellence-operationnelle\/2024-11-29\/vbsf-fachtagung-2025-brandschutz-trifft-arbeitssicherheit-2\/","og_locale":"fr_FR","og_type":"article","og_title":"VBSF-Fachtagung 2025: Brandschutz trifft Arbeitssicherheit - Organisator","og_description":"Weiterbildungspunkte sammeln, 10 Vortr\u00e4ge und 2 Workshops erleben, 16 Aussteller besuchen \u2013 und das alles in stilvollem Ambiente.","og_url":"https:\/\/www.organisator.ch\/fr\/excellence-operationnelle\/2024-11-29\/vbsf-fachtagung-2025-brandschutz-trifft-arbeitssicherheit-2\/","og_site_name":"Organisator","article_publisher":"https:\/\/www.facebook.com\/OrganisatorFachmagazin","article_published_time":"2024-11-29T08:43:50+00:00","article_modified_time":"2024-11-29T13:04:01+00:00","author":"Dzana Muminovic","twitter_card":"summary_large_image","schema":{"@context":"https:\/\/schema.org","@graph":[{"@type":"Article","@id":"https:\/\/www.organisator.ch\/operational-excellence\/2024-11-29\/vbsf-fachtagung-2025-brandschutz-trifft-arbeitssicherheit-2\/#article","isPartOf":{"@id":"https:\/\/www.organisator.ch\/operational-excellence\/2024-11-29\/vbsf-fachtagung-2025-brandschutz-trifft-arbeitssicherheit-2\/"},"author":{"name":"Dzana Muminovic","@id":"https:\/\/www.organisator.ch\/#\/schema\/person\/afccda3a71c06d4be2ed9100dd163db7"},"headline":"VBSF-Fachtagung 2025: Brandschutz trifft Arbeitssicherheit","datePublished":"2024-11-29T08:43:50+00:00","dateModified":"2024-11-29T13:04:01+00:00","mainEntityOfPage":{"@id":"https:\/\/www.organisator.ch\/operational-excellence\/2024-11-29\/vbsf-fachtagung-2025-brandschutz-trifft-arbeitssicherheit-2\/"},"wordCount":957,"publisher":{"@id":"https:\/\/www.organisator.ch\/#organization"},"image":{"@id":"https:\/\/www.organisator.ch\/operational-excellence\/2024-11-29\/vbsf-fachtagung-2025-brandschutz-trifft-arbeitssicherheit-2\/#primaryimage"},"thumbnailUrl":"https:\/\/www.m-q.ch\/wp-content\/uploads\/2024\/11\/VBSF_Bild1_ps.jpg","keywords":["Arbeitssicherheit","Brandschutz","Fachtagung","Risikomanagement","Schweiz","VBSF","Weiterbildung"],"articleSection":["OPERATIONAL EXCELLENCE"],"inLanguage":"fr-FR"},{"@type":"WebPage","@id":"https:\/\/www.organisator.ch\/operational-excellence\/2024-11-29\/vbsf-fachtagung-2025-brandschutz-trifft-arbeitssicherheit-2\/","url":"https:\/\/www.organisator.ch\/operational-excellence\/2024-11-29\/vbsf-fachtagung-2025-brandschutz-trifft-arbeitssicherheit-2\/","name":"Congr\u00e8s 2025 de la VBSF : La protection incendie rencontre la s\u00e9curit\u00e9 au travail - Organisateur","isPartOf":{"@id":"https:\/\/www.organisator.ch\/#website"},"primaryImageOfPage":{"@id":"https:\/\/www.organisator.ch\/operational-excellence\/2024-11-29\/vbsf-fachtagung-2025-brandschutz-trifft-arbeitssicherheit-2\/#primaryimage"},"image":{"@id":"https:\/\/www.organisator.ch\/operational-excellence\/2024-11-29\/vbsf-fachtagung-2025-brandschutz-trifft-arbeitssicherheit-2\/#primaryimage"},"thumbnailUrl":"https:\/\/www.m-q.ch\/wp-content\/uploads\/2024\/11\/VBSF_Bild1_ps.jpg","datePublished":"2024-11-29T08:43:50+00:00","dateModified":"2024-11-29T13:04:01+00:00","description":"Collecter des points de formation continue, assister \u00e0 10 conf\u00e9rences et 2 ateliers, visiter 16 exposants - et tout cela dans une ambiance \u00e9l\u00e9gante.","breadcrumb":{"@id":"https:\/\/www.organisator.ch\/operational-excellence\/2024-11-29\/vbsf-fachtagung-2025-brandschutz-trifft-arbeitssicherheit-2\/#breadcrumb"},"inLanguage":"fr-FR","potentialAction":[{"@type":"ReadAction","target":["https:\/\/www.organisator.ch\/operational-excellence\/2024-11-29\/vbsf-fachtagung-2025-brandschutz-trifft-arbeitssicherheit-2\/"]}]},{"@type":"ImageObject","inLanguage":"fr-FR","@id":"https:\/\/www.organisator.ch\/operational-excellence\/2024-11-29\/vbsf-fachtagung-2025-brandschutz-trifft-arbeitssicherheit-2\/#primaryimage","url":"https:\/\/www.m-q.ch\/wp-content\/uploads\/2024\/11\/VBSF_Bild1_ps.jpg","contentUrl":"https:\/\/www.m-q.ch\/wp-content\/uploads\/2024\/11\/VBSF_Bild1_ps.jpg"},{"@type":"BreadcrumbList","@id":"https:\/\/www.organisator.ch\/operational-excellence\/2024-11-29\/vbsf-fachtagung-2025-brandschutz-trifft-arbeitssicherheit-2\/#breadcrumb","itemListElement":[{"@type":"ListItem","position":1,"name":"Home","item":"https:\/\/www.organisator.ch\/"},{"@type":"ListItem","position":2,"name":"VBSF-Fachtagung 2025: Brandschutz trifft Arbeitssicherheit"}]},{"@type":"WebSite","@id":"https:\/\/www.organisator.ch\/#website","url":"https:\/\/www.organisator.ch\/","name":"Organisateur","description":"Comp\u00e9tence et comp\u00e9tence. Proches de la pratique. L'ORGANISATEUR pr\u00e9pare 10 num\u00e9ros par an sur les th\u00e8mes essentiels pour les dirigeants de PME.","publisher":{"@id":"https:\/\/www.organisator.ch\/#organization"},"potentialAction":[{"@type":"SearchAction","target":{"@type":"EntryPoint","urlTemplate":"https:\/\/www.organisator.ch\/?s={search_term_string}"},"query-input":{"@type":"PropertyValueSpecification","valueRequired":true,"valueName":"search_term_string"}}],"inLanguage":"fr-FR"},{"@type":"Organization","@id":"https:\/\/www.organisator.ch\/#organization","name":"Organisateur","url":"https:\/\/www.organisator.ch\/","logo":{"@type":"ImageObject","inLanguage":"fr-FR","@id":"https:\/\/www.organisator.ch\/#\/schema\/logo\/image\/","url":"https:\/\/www.organisator.ch\/wp-content\/uploads\/2022\/01\/Logo_Organisator_Website.png","contentUrl":"https:\/\/www.organisator.ch\/wp-content\/uploads\/2022\/01\/Logo_Organisator_Website.png","width":800,"height":77,"caption":"Organisator"},"image":{"@id":"https:\/\/www.organisator.ch\/#\/schema\/logo\/image\/"},"sameAs":["https:\/\/www.facebook.com\/OrganisatorFachmagazin","https:\/\/www.linkedin.com\/showcase\/organisator-das-magazin-fr-kmu","https:\/\/www.xing.com\/news\/pages\/organisator-ch-695","https:\/\/www.youtube.com\/channel\/UCGP2Sq0iWaZwT3BdIAQFYpw"]},{"@type":"Person","@id":"https:\/\/www.organisator.ch\/#\/schema\/person\/afccda3a71c06d4be2ed9100dd163db7","name":"Dzana Muminovic","image":{"@type":"ImageObject","inLanguage":"fr-FR","@id":"https:\/\/secure.gravatar.com\/avatar\/909c5c71aff4b38e88686f2ab2f1ba152571f394f41ed8bae431ea56ced93050?s=96&d=mm&r=g","url":"https:\/\/secure.gravatar.com\/avatar\/909c5c71aff4b38e88686f2ab2f1ba152571f394f41ed8bae431ea56ced93050?s=96&d=mm&r=g","contentUrl":"https:\/\/secure.gravatar.com\/avatar\/909c5c71aff4b38e88686f2ab2f1ba152571f394f41ed8bae431ea56ced93050?s=96&d=mm&r=g","caption":"Dzana Muminovic"},"url":"https:\/\/www.organisator.ch\/fr\/author\/dzana-muminovic\/"}]}},"_links":{"self":[{"href":"https:\/\/www.organisator.ch\/fr\/wp-json\/wp\/v2\/posts\/34149","targetHints":{"allow":["GET"]}}],"collection":[{"href":"https:\/\/www.organisator.ch\/fr\/wp-json\/wp\/v2\/posts"}],"about":[{"href":"https:\/\/www.organisator.ch\/fr\/wp-json\/wp\/v2\/types\/post"}],"author":[{"embeddable":true,"href":"https:\/\/www.organisator.ch\/fr\/wp-json\/wp\/v2\/users\/80"}],"replies":[{"embeddable":true,"href":"https:\/\/www.organisator.ch\/fr\/wp-json\/wp\/v2\/comments?post=34149"}],"version-history":[{"count":9,"href":"https:\/\/www.organisator.ch\/fr\/wp-json\/wp\/v2\/posts\/34149\/revisions"}],"predecessor-version":[{"id":35106,"href":"https:\/\/www.organisator.ch\/fr\/wp-json\/wp\/v2\/posts\/34149\/revisions\/35106"}],"wp:attachment":[{"href":"https:\/\/www.organisator.ch\/fr\/wp-json\/wp\/v2\/media?parent=34149"}],"wp:term":[{"taxonomy":"category","embeddable":true,"href":"https:\/\/www.organisator.ch\/fr\/wp-json\/wp\/v2\/categories?post=34149"},{"taxonomy":"post_tag","embeddable":true,"href":"https:\/\/www.organisator.ch\/fr\/wp-json\/wp\/v2\/tags?post=34149"}],"curies":[{"name":"wp","href":"https:\/\/api.w.org\/{rel}","templated":true}]}}