{"id":34160,"date":"2024-12-02T07:04:13","date_gmt":"2024-12-02T06:04:13","guid":{"rendered":"https:\/\/www.organisator.ch\/?p=34160"},"modified":"2024-11-29T14:10:43","modified_gmt":"2024-11-29T13:10:43","slug":"climatepartner-zeigt-mit-neuer-kampagne-wie-klimaschutz-auf-dem-weg-zu-net-zero-gelingt","status":"publish","type":"post","link":"https:\/\/www.organisator.ch\/fr\/sustainability\/2024-12-02\/climatepartner-zeigt-mit-neuer-kampagne-wie-klimaschutz-auf-dem-weg-zu-net-zero-gelingt\/","title":{"rendered":"ClimatePartner montre avec une nouvelle campagne comment r\u00e9ussir la protection du climat sur la voie de Net Zero"},"content":{"rendered":"<figure id=\"attachment_34161\" aria-describedby=\"caption-attachment-34161\" style=\"width: 680px\" class=\"wp-caption alignnone\"><img loading=\"lazy\" decoding=\"async\" class=\"wp-image-34161 size-full\" src=\"https:\/\/www.organisator.ch\/wp-content\/uploads\/2024\/11\/Climatepartner_Bild1_ps.jpg\" alt=\"\" width=\"680\" height=\"382\" srcset=\"https:\/\/www.organisator.ch\/wp-content\/uploads\/2024\/11\/Climatepartner_Bild1_ps.jpg 680w, https:\/\/www.organisator.ch\/wp-content\/uploads\/2024\/11\/Climatepartner_Bild1_ps-18x10.jpg 18w, https:\/\/www.organisator.ch\/wp-content\/uploads\/2024\/11\/Climatepartner_Bild1_ps-375x211.jpg 375w, https:\/\/www.organisator.ch\/wp-content\/uploads\/2024\/11\/Climatepartner_Bild1_ps-623x350.jpg 623w\" sizes=\"auto, (max-width: 680px) 100vw, 680px\" \/><figcaption id=\"caption-attachment-34161\" class=\"wp-caption-text\">ClimatePartner lance #thewholejob afin d'attirer l'attention sur l'importance des strat\u00e9gies globales de protection du climat. (Image : www.climatepartner.com)<\/figcaption><\/figure>\n<h3><strong>#thewholejob dans la protection du climat<\/strong><\/h3>\n<p>Que se passe-t-il jusqu'\u00e0 ce que les entreprises atteignent leur objectif Net Zero ? Les entreprises qui se concentrent uniquement sur la r\u00e9duction \u00e0 long terme des \u00e9missions de CO2 oublient souvent qu'un certain nombre d'\u00e9missions s'accumulent sur le chemin. Selon une projection de ClimatePartner bas\u00e9e sur la norme Net Zero de la SBTi, le chiffre cumul\u00e9 peut \u00eatre jusqu'\u00e0 15 fois plus \u00e9lev\u00e9 que l'empreinte carbone actuelle de ces entreprises.<\/p>\n<p>C'est pourquoi ClimatePartner s'adresse explicitement aux entreprises avec une vid\u00e9o accrocheuse pour le lancement d'une campagne num\u00e9rique mondiale sous le slogan #thewhole-job, afin d'attirer pr\u00e9cis\u00e9ment l'attention sur ce point. Le message : pas de demi-mesure - la protection du climat ne doit pas s'arr\u00eater aux r\u00e9ductions d'\u00e9missions prescrites par la loi. Au lieu de cela, sur le chemin de Net Zero, les \u00e9missions en dehors de la propre cha\u00eene de cr\u00e9ation de valeur doivent \u00e9galement \u00eatre prises en compte afin de faire le \"job complet\". Les contributions financi\u00e8res \u00e0 des projets de protection climatique devraient donc \u00eatre ancr\u00e9es parall\u00e8lement comme partie int\u00e9grante de la strat\u00e9gie de l'entreprise.<\/p>\n<h3><strong>Un besoin urgent de mesures volontaires de protection du climat<\/strong><\/h3>\n<p>Avec cette recommandation, ClimatePartner fait suite aux discussions de la conf\u00e9rence des Nations unies sur le climat COP29 de cette ann\u00e9e \u00e0 Bakou. La conclusion des semaines de n\u00e9gociations qui s'y sont d\u00e9roul\u00e9es pour l'\u00e9conomie est la suivante : sans l'engagement massif de capitaux priv\u00e9s et donc sans l'engagement volontaire des entreprises en faveur de la protection du climat dans ce que l'on appelle le Voluntary Carbon Market (VCM, march\u00e9 volontaire du carbone), il n'est pas possible d'atteindre les objectifs mondiaux de financement climatique.<\/p>\n<p>\"Les investissements climatiques au niveau gouvernemental ne suffisent pas, c'est maintenant surtout aux entreprises d'agir. Les objectifs d'\u00e9vitement et de r\u00e9duction sont essentiels, mais nous devons exploiter toutes les mesures pour agir imm\u00e9diatement et \u00e0 grande \u00e9chelle. Les march\u00e9s du carbone constituent un outil pr\u00e9cieux \u00e0 cet \u00e9gard. C'est ce que souligne l'accord sur l'article 6 conclu lors de la COP29\", souligne Moritz Lehmkuhl, fondateur et directeur g\u00e9n\u00e9ral de ClimatePartner.<\/p>\n<h3><strong>Un march\u00e9 du carbone volontaire en pleine mutation<\/strong><\/h3>\n<p>Cependant, pour motiver les entreprises \u00e0 s'engager dans le b\u00e9n\u00e9volat, le VCM doit regagner la confiance. Pour cela, des structures de march\u00e9 transparentes et robustes sont indispensables. En effet, le march\u00e9 et certains projets de protection climatique ont \u00e9t\u00e9 r\u00e9guli\u00e8rement critiqu\u00e9s par le pass\u00e9. Actuellement, le VCM est en pleine mutation. Les acteurs du march\u00e9 lancent diff\u00e9rentes initiatives en mati\u00e8re de qualit\u00e9 et des travaux intensifs sont men\u00e9s pour d\u00e9velopper en permanence les m\u00e9thodes et les technologies des projets de protection climatique et les am\u00e9liorer sur la base des derni\u00e8res connaissances scientifiques.<\/p>\n<p>En tant qu'entreprise qui, outre le calcul de l'empreinte carbone et le conseil en mati\u00e8re de r\u00e9duction des \u00e9missions \u00e0 long terme, aide \u00e9galement ses clients \u00e0 s\u00e9lectionner les projets de protection climatique du VCM adapt\u00e9s \u00e0 une strat\u00e9gie de protection climatique globale, ClimatePartner souhaite \u00e9galement contribuer \u00e0 cette \u00e9volution positive. L'accent est mis sur l'augmentation de la transparence concernant les projets de protection climatique s\u00e9lectionn\u00e9s ainsi que sur la communication autour de l'engagement de l'entreprise aupr\u00e8s des consommateurs finaux. Dans ce domaine, ClimatePartner pr\u00e9sentera prochainement de nouveaux produits qui seront progressivement int\u00e9gr\u00e9s dans la campagne. En outre, le pionnier de la protection du climat offre \u00e0 ses clients d'autres possibilit\u00e9s de contribuer \u00e0 la protection du climat, qui fonctionnent ind\u00e9pendamment des mod\u00e8les de compensation classiques.<\/p>\n<p><em>Source : <a href=\"http:\/\/www.climatepartner.com\/de\/thewholejob\">www.climatepartner.com\/de\/thewholejob<\/a><\/em><\/p>","protected":false},"excerpt":{"rendered":"<p>ClimatePartner lance une nouvelle campagne #thewholejob afin d'attirer l'attention sur l'importance des strat\u00e9gies globales de protection climatique des entreprises. Cette campagne \u00e0 long terme porte sur de nouvelles offres et initiatives avec lesquelles ClimatePartner souhaite d\u00e9velopper la transparence autour des projets de protection climatique et de la protection climatique globale.<\/p>","protected":false},"author":80,"featured_media":34161,"comment_status":"closed","ping_status":"closed","sticky":false,"template":"","format":"standard","meta":{"_acf_changed":false,"_yoast_wpseo_focuskw":"ClimatePartner","_yoast_wpseo_metadesc":"ClimatePartner startet #thewholejob, um auf die Bedeutung ganzheitlicher Klimaschutzstrategien aufmerksam zu machen.","articlekey":"","footnotes":""},"categories":[580],"tags":[293,300,1787,3558,2246],"class_list":["post-34160","post","type-post","status-publish","format-standard","has-post-thumbnail","hentry","category-sustainability","tag-kampagne","tag-klimaschutz","tag-nachhaltigkeit","tag-net-zero","tag-sustainability"],"acf":[],"yoast_head":"<!-- This site is optimized with the Yoast SEO plugin v27.5 - https:\/\/yoast.com\/product\/yoast-seo-wordpress\/ -->\n<title>ClimatePartner zeigt mit neuer Kampagne, wie Klimaschutz auf dem Weg zu Net Zero gelingt - Organisator<\/title>\n<meta name=\"description\" content=\"ClimatePartner startet #thewholejob, um auf die Bedeutung ganzheitlicher Klimaschutzstrategien aufmerksam zu machen.\" \/>\n<meta name=\"robots\" content=\"index, follow, max-snippet:-1, max-image-preview:large, max-video-preview:-1\" \/>\n<link rel=\"canonical\" href=\"https:\/\/www.organisator.ch\/fr\/sustainability\/2024-12-02\/climatepartner-zeigt-mit-neuer-kampagne-wie-klimaschutz-auf-dem-weg-zu-net-zero-gelingt\/\" \/>\n<meta property=\"og:locale\" content=\"fr_FR\" \/>\n<meta property=\"og:type\" content=\"article\" \/>\n<meta property=\"og:title\" content=\"#thewholejob im Klimaschutz\" \/>\n<meta property=\"og:description\" content=\"ClimatePartner startet #thewholejob, um auf die Bedeutung ganzheitlicher Klimaschutzstrategien aufmerksam zu machen.\" \/>\n<meta property=\"og:url\" content=\"https:\/\/www.organisator.ch\/fr\/sustainability\/2024-12-02\/climatepartner-zeigt-mit-neuer-kampagne-wie-klimaschutz-auf-dem-weg-zu-net-zero-gelingt\/\" \/>\n<meta property=\"og:site_name\" content=\"Organisator\" \/>\n<meta property=\"article:publisher\" content=\"https:\/\/www.facebook.com\/OrganisatorFachmagazin\" \/>\n<meta property=\"article:published_time\" content=\"2024-12-02T06:04:13+00:00\" \/>\n<meta property=\"og:image\" content=\"https:\/\/www.organisator.ch\/wp-content\/uploads\/2024\/11\/Climatepartner_Bild1_ps.jpg\" \/>\n\t<meta property=\"og:image:width\" content=\"680\" \/>\n\t<meta property=\"og:image:height\" content=\"382\" \/>\n\t<meta property=\"og:image:type\" content=\"image\/jpeg\" \/>\n<meta name=\"author\" content=\"Dzana Muminovic\" \/>\n<meta name=\"twitter:card\" content=\"summary_large_image\" \/>\n<meta name=\"twitter:title\" content=\"#thewholejob im Klimaschutz\" \/>\n<meta name=\"twitter:description\" content=\"#ClimatePartner startet #thewholejob, um auf die Bedeutung ganzheitlicher #Klimaschutzstrategien aufmerksam zu machen.\" \/>\n<meta name=\"twitter:image\" content=\"https:\/\/www.organisator.ch\/wp-content\/uploads\/2024\/11\/Climatepartner_Bild1_ps.jpg\" \/>\n<script type=\"application\/ld+json\" class=\"yoast-schema-graph\">{\"@context\":\"https:\\\/\\\/schema.org\",\"@graph\":[{\"@type\":\"Article\",\"@id\":\"https:\\\/\\\/www.organisator.ch\\\/sustainability\\\/2024-12-02\\\/climatepartner-zeigt-mit-neuer-kampagne-wie-klimaschutz-auf-dem-weg-zu-net-zero-gelingt\\\/#article\",\"isPartOf\":{\"@id\":\"https:\\\/\\\/www.organisator.ch\\\/sustainability\\\/2024-12-02\\\/climatepartner-zeigt-mit-neuer-kampagne-wie-klimaschutz-auf-dem-weg-zu-net-zero-gelingt\\\/\"},\"author\":{\"name\":\"Dzana Muminovic\",\"@id\":\"https:\\\/\\\/www.organisator.ch\\\/#\\\/schema\\\/person\\\/afccda3a71c06d4be2ed9100dd163db7\"},\"headline\":\"ClimatePartner zeigt mit neuer Kampagne, wie Klimaschutz auf dem Weg zu Net Zero gelingt\",\"datePublished\":\"2024-12-02T06:04:13+00:00\",\"mainEntityOfPage\":{\"@id\":\"https:\\\/\\\/www.organisator.ch\\\/sustainability\\\/2024-12-02\\\/climatepartner-zeigt-mit-neuer-kampagne-wie-klimaschutz-auf-dem-weg-zu-net-zero-gelingt\\\/\"},\"wordCount\":505,\"publisher\":{\"@id\":\"https:\\\/\\\/www.organisator.ch\\\/#organization\"},\"image\":{\"@id\":\"https:\\\/\\\/www.organisator.ch\\\/sustainability\\\/2024-12-02\\\/climatepartner-zeigt-mit-neuer-kampagne-wie-klimaschutz-auf-dem-weg-zu-net-zero-gelingt\\\/#primaryimage\"},\"thumbnailUrl\":\"https:\\\/\\\/www.organisator.ch\\\/wp-content\\\/uploads\\\/2024\\\/11\\\/Climatepartner_Bild1_ps.jpg\",\"keywords\":[\"Kampagne\",\"Klimaschutz\",\"Nachhaltigkeit\",\"Net Zero\",\"Sustainability\"],\"articleSection\":[\"SUSTAINABILITY\"],\"inLanguage\":\"fr-FR\"},{\"@type\":\"WebPage\",\"@id\":\"https:\\\/\\\/www.organisator.ch\\\/sustainability\\\/2024-12-02\\\/climatepartner-zeigt-mit-neuer-kampagne-wie-klimaschutz-auf-dem-weg-zu-net-zero-gelingt\\\/\",\"url\":\"https:\\\/\\\/www.organisator.ch\\\/sustainability\\\/2024-12-02\\\/climatepartner-zeigt-mit-neuer-kampagne-wie-klimaschutz-auf-dem-weg-zu-net-zero-gelingt\\\/\",\"name\":\"ClimatePartner zeigt mit neuer Kampagne, wie Klimaschutz auf dem Weg zu Net Zero gelingt - Organisator\",\"isPartOf\":{\"@id\":\"https:\\\/\\\/www.organisator.ch\\\/#website\"},\"primaryImageOfPage\":{\"@id\":\"https:\\\/\\\/www.organisator.ch\\\/sustainability\\\/2024-12-02\\\/climatepartner-zeigt-mit-neuer-kampagne-wie-klimaschutz-auf-dem-weg-zu-net-zero-gelingt\\\/#primaryimage\"},\"image\":{\"@id\":\"https:\\\/\\\/www.organisator.ch\\\/sustainability\\\/2024-12-02\\\/climatepartner-zeigt-mit-neuer-kampagne-wie-klimaschutz-auf-dem-weg-zu-net-zero-gelingt\\\/#primaryimage\"},\"thumbnailUrl\":\"https:\\\/\\\/www.organisator.ch\\\/wp-content\\\/uploads\\\/2024\\\/11\\\/Climatepartner_Bild1_ps.jpg\",\"datePublished\":\"2024-12-02T06:04:13+00:00\",\"description\":\"ClimatePartner startet #thewholejob, um auf die Bedeutung ganzheitlicher Klimaschutzstrategien aufmerksam zu machen.\",\"breadcrumb\":{\"@id\":\"https:\\\/\\\/www.organisator.ch\\\/sustainability\\\/2024-12-02\\\/climatepartner-zeigt-mit-neuer-kampagne-wie-klimaschutz-auf-dem-weg-zu-net-zero-gelingt\\\/#breadcrumb\"},\"inLanguage\":\"fr-FR\",\"potentialAction\":[{\"@type\":\"ReadAction\",\"target\":[\"https:\\\/\\\/www.organisator.ch\\\/sustainability\\\/2024-12-02\\\/climatepartner-zeigt-mit-neuer-kampagne-wie-klimaschutz-auf-dem-weg-zu-net-zero-gelingt\\\/\"]}]},{\"@type\":\"ImageObject\",\"inLanguage\":\"fr-FR\",\"@id\":\"https:\\\/\\\/www.organisator.ch\\\/sustainability\\\/2024-12-02\\\/climatepartner-zeigt-mit-neuer-kampagne-wie-klimaschutz-auf-dem-weg-zu-net-zero-gelingt\\\/#primaryimage\",\"url\":\"https:\\\/\\\/www.organisator.ch\\\/wp-content\\\/uploads\\\/2024\\\/11\\\/Climatepartner_Bild1_ps.jpg\",\"contentUrl\":\"https:\\\/\\\/www.organisator.ch\\\/wp-content\\\/uploads\\\/2024\\\/11\\\/Climatepartner_Bild1_ps.jpg\",\"width\":680,\"height\":382,\"caption\":\"ClimatePartner startet #thewholejob, um auf die Bedeutung ganzheitlicher Klimaschutzstrategien aufmerksam zu machen. (Bild: www.climatepartner.com)\"},{\"@type\":\"BreadcrumbList\",\"@id\":\"https:\\\/\\\/www.organisator.ch\\\/sustainability\\\/2024-12-02\\\/climatepartner-zeigt-mit-neuer-kampagne-wie-klimaschutz-auf-dem-weg-zu-net-zero-gelingt\\\/#breadcrumb\",\"itemListElement\":[{\"@type\":\"ListItem\",\"position\":1,\"name\":\"Home\",\"item\":\"https:\\\/\\\/www.organisator.ch\\\/\"},{\"@type\":\"ListItem\",\"position\":2,\"name\":\"ClimatePartner zeigt mit neuer Kampagne, wie Klimaschutz auf dem Weg zu Net Zero gelingt\"}]},{\"@type\":\"WebSite\",\"@id\":\"https:\\\/\\\/www.organisator.ch\\\/#website\",\"url\":\"https:\\\/\\\/www.organisator.ch\\\/\",\"name\":\"Organisator\",\"description\":\"Kompetent. Praxisnah. Der ORGANISATOR bereitet in 10 Ausgaben pro Jahr die wesentlichen Themen f\u00fcr F\u00fchrungskr\u00e4fte von KMU auf.\",\"publisher\":{\"@id\":\"https:\\\/\\\/www.organisator.ch\\\/#organization\"},\"potentialAction\":[{\"@type\":\"SearchAction\",\"target\":{\"@type\":\"EntryPoint\",\"urlTemplate\":\"https:\\\/\\\/www.organisator.ch\\\/?s={search_term_string}\"},\"query-input\":{\"@type\":\"PropertyValueSpecification\",\"valueRequired\":true,\"valueName\":\"search_term_string\"}}],\"inLanguage\":\"fr-FR\"},{\"@type\":\"Organization\",\"@id\":\"https:\\\/\\\/www.organisator.ch\\\/#organization\",\"name\":\"Organisator\",\"url\":\"https:\\\/\\\/www.organisator.ch\\\/\",\"logo\":{\"@type\":\"ImageObject\",\"inLanguage\":\"fr-FR\",\"@id\":\"https:\\\/\\\/www.organisator.ch\\\/#\\\/schema\\\/logo\\\/image\\\/\",\"url\":\"https:\\\/\\\/www.organisator.ch\\\/wp-content\\\/uploads\\\/2022\\\/01\\\/Logo_Organisator_Website.png\",\"contentUrl\":\"https:\\\/\\\/www.organisator.ch\\\/wp-content\\\/uploads\\\/2022\\\/01\\\/Logo_Organisator_Website.png\",\"width\":800,\"height\":77,\"caption\":\"Organisator\"},\"image\":{\"@id\":\"https:\\\/\\\/www.organisator.ch\\\/#\\\/schema\\\/logo\\\/image\\\/\"},\"sameAs\":[\"https:\\\/\\\/www.facebook.com\\\/OrganisatorFachmagazin\",\"https:\\\/\\\/www.linkedin.com\\\/showcase\\\/organisator-das-magazin-fr-kmu\",\"https:\\\/\\\/www.xing.com\\\/news\\\/pages\\\/organisator-ch-695\",\"https:\\\/\\\/www.youtube.com\\\/channel\\\/UCGP2Sq0iWaZwT3BdIAQFYpw\"]},{\"@type\":\"Person\",\"@id\":\"https:\\\/\\\/www.organisator.ch\\\/#\\\/schema\\\/person\\\/afccda3a71c06d4be2ed9100dd163db7\",\"name\":\"Dzana Muminovic\",\"image\":{\"@type\":\"ImageObject\",\"inLanguage\":\"fr-FR\",\"@id\":\"https:\\\/\\\/secure.gravatar.com\\\/avatar\\\/909c5c71aff4b38e88686f2ab2f1ba152571f394f41ed8bae431ea56ced93050?s=96&d=mm&r=g\",\"url\":\"https:\\\/\\\/secure.gravatar.com\\\/avatar\\\/909c5c71aff4b38e88686f2ab2f1ba152571f394f41ed8bae431ea56ced93050?s=96&d=mm&r=g\",\"contentUrl\":\"https:\\\/\\\/secure.gravatar.com\\\/avatar\\\/909c5c71aff4b38e88686f2ab2f1ba152571f394f41ed8bae431ea56ced93050?s=96&d=mm&r=g\",\"caption\":\"Dzana Muminovic\"},\"url\":\"https:\\\/\\\/www.organisator.ch\\\/fr\\\/author\\\/dzana-muminovic\\\/\"}]}<\/script>\n<!-- \/ Yoast SEO plugin. -->","yoast_head_json":{"title":"ClimatePartner montre avec sa nouvelle campagne comment r\u00e9ussir la protection du climat sur la voie de Net Zero - Organisateur","description":"ClimatePartner lance #thewholejob afin d'attirer l'attention sur l'importance des strat\u00e9gies globales de protection climatique.","robots":{"index":"index","follow":"follow","max-snippet":"max-snippet:-1","max-image-preview":"max-image-preview:large","max-video-preview":"max-video-preview:-1"},"canonical":"https:\/\/www.organisator.ch\/fr\/sustainability\/2024-12-02\/climatepartner-zeigt-mit-neuer-kampagne-wie-klimaschutz-auf-dem-weg-zu-net-zero-gelingt\/","og_locale":"fr_FR","og_type":"article","og_title":"#thewholejob im Klimaschutz","og_description":"ClimatePartner startet #thewholejob, um auf die Bedeutung ganzheitlicher Klimaschutzstrategien aufmerksam zu machen.","og_url":"https:\/\/www.organisator.ch\/fr\/sustainability\/2024-12-02\/climatepartner-zeigt-mit-neuer-kampagne-wie-klimaschutz-auf-dem-weg-zu-net-zero-gelingt\/","og_site_name":"Organisator","article_publisher":"https:\/\/www.facebook.com\/OrganisatorFachmagazin","article_published_time":"2024-12-02T06:04:13+00:00","og_image":[{"width":680,"height":382,"url":"https:\/\/www.organisator.ch\/wp-content\/uploads\/2024\/11\/Climatepartner_Bild1_ps.jpg","type":"image\/jpeg"}],"author":"Dzana Muminovic","twitter_card":"summary_large_image","twitter_title":"#thewholejob im Klimaschutz","twitter_description":"#ClimatePartner startet #thewholejob, um auf die Bedeutung ganzheitlicher #Klimaschutzstrategien aufmerksam zu machen.","twitter_image":"https:\/\/www.organisator.ch\/wp-content\/uploads\/2024\/11\/Climatepartner_Bild1_ps.jpg","schema":{"@context":"https:\/\/schema.org","@graph":[{"@type":"Article","@id":"https:\/\/www.organisator.ch\/sustainability\/2024-12-02\/climatepartner-zeigt-mit-neuer-kampagne-wie-klimaschutz-auf-dem-weg-zu-net-zero-gelingt\/#article","isPartOf":{"@id":"https:\/\/www.organisator.ch\/sustainability\/2024-12-02\/climatepartner-zeigt-mit-neuer-kampagne-wie-klimaschutz-auf-dem-weg-zu-net-zero-gelingt\/"},"author":{"name":"Dzana Muminovic","@id":"https:\/\/www.organisator.ch\/#\/schema\/person\/afccda3a71c06d4be2ed9100dd163db7"},"headline":"ClimatePartner zeigt mit neuer Kampagne, wie Klimaschutz auf dem Weg zu Net Zero gelingt","datePublished":"2024-12-02T06:04:13+00:00","mainEntityOfPage":{"@id":"https:\/\/www.organisator.ch\/sustainability\/2024-12-02\/climatepartner-zeigt-mit-neuer-kampagne-wie-klimaschutz-auf-dem-weg-zu-net-zero-gelingt\/"},"wordCount":505,"publisher":{"@id":"https:\/\/www.organisator.ch\/#organization"},"image":{"@id":"https:\/\/www.organisator.ch\/sustainability\/2024-12-02\/climatepartner-zeigt-mit-neuer-kampagne-wie-klimaschutz-auf-dem-weg-zu-net-zero-gelingt\/#primaryimage"},"thumbnailUrl":"https:\/\/www.organisator.ch\/wp-content\/uploads\/2024\/11\/Climatepartner_Bild1_ps.jpg","keywords":["Kampagne","Klimaschutz","Nachhaltigkeit","Net Zero","Sustainability"],"articleSection":["SUSTAINABILITY"],"inLanguage":"fr-FR"},{"@type":"WebPage","@id":"https:\/\/www.organisator.ch\/sustainability\/2024-12-02\/climatepartner-zeigt-mit-neuer-kampagne-wie-klimaschutz-auf-dem-weg-zu-net-zero-gelingt\/","url":"https:\/\/www.organisator.ch\/sustainability\/2024-12-02\/climatepartner-zeigt-mit-neuer-kampagne-wie-klimaschutz-auf-dem-weg-zu-net-zero-gelingt\/","name":"ClimatePartner montre avec sa nouvelle campagne comment r\u00e9ussir la protection du climat sur la voie de Net Zero - Organisateur","isPartOf":{"@id":"https:\/\/www.organisator.ch\/#website"},"primaryImageOfPage":{"@id":"https:\/\/www.organisator.ch\/sustainability\/2024-12-02\/climatepartner-zeigt-mit-neuer-kampagne-wie-klimaschutz-auf-dem-weg-zu-net-zero-gelingt\/#primaryimage"},"image":{"@id":"https:\/\/www.organisator.ch\/sustainability\/2024-12-02\/climatepartner-zeigt-mit-neuer-kampagne-wie-klimaschutz-auf-dem-weg-zu-net-zero-gelingt\/#primaryimage"},"thumbnailUrl":"https:\/\/www.organisator.ch\/wp-content\/uploads\/2024\/11\/Climatepartner_Bild1_ps.jpg","datePublished":"2024-12-02T06:04:13+00:00","description":"ClimatePartner lance #thewholejob afin d'attirer l'attention sur l'importance des strat\u00e9gies globales de protection climatique.","breadcrumb":{"@id":"https:\/\/www.organisator.ch\/sustainability\/2024-12-02\/climatepartner-zeigt-mit-neuer-kampagne-wie-klimaschutz-auf-dem-weg-zu-net-zero-gelingt\/#breadcrumb"},"inLanguage":"fr-FR","potentialAction":[{"@type":"ReadAction","target":["https:\/\/www.organisator.ch\/sustainability\/2024-12-02\/climatepartner-zeigt-mit-neuer-kampagne-wie-klimaschutz-auf-dem-weg-zu-net-zero-gelingt\/"]}]},{"@type":"ImageObject","inLanguage":"fr-FR","@id":"https:\/\/www.organisator.ch\/sustainability\/2024-12-02\/climatepartner-zeigt-mit-neuer-kampagne-wie-klimaschutz-auf-dem-weg-zu-net-zero-gelingt\/#primaryimage","url":"https:\/\/www.organisator.ch\/wp-content\/uploads\/2024\/11\/Climatepartner_Bild1_ps.jpg","contentUrl":"https:\/\/www.organisator.ch\/wp-content\/uploads\/2024\/11\/Climatepartner_Bild1_ps.jpg","width":680,"height":382,"caption":"ClimatePartner startet #thewholejob, um auf die Bedeutung ganzheitlicher Klimaschutzstrategien aufmerksam zu machen. (Bild: www.climatepartner.com)"},{"@type":"BreadcrumbList","@id":"https:\/\/www.organisator.ch\/sustainability\/2024-12-02\/climatepartner-zeigt-mit-neuer-kampagne-wie-klimaschutz-auf-dem-weg-zu-net-zero-gelingt\/#breadcrumb","itemListElement":[{"@type":"ListItem","position":1,"name":"Home","item":"https:\/\/www.organisator.ch\/"},{"@type":"ListItem","position":2,"name":"ClimatePartner zeigt mit neuer Kampagne, wie Klimaschutz auf dem Weg zu Net Zero gelingt"}]},{"@type":"WebSite","@id":"https:\/\/www.organisator.ch\/#website","url":"https:\/\/www.organisator.ch\/","name":"Organisateur","description":"Comp\u00e9tence et comp\u00e9tence. Proches de la pratique. L'ORGANISATEUR pr\u00e9pare 10 num\u00e9ros par an sur les th\u00e8mes essentiels pour les dirigeants de PME.","publisher":{"@id":"https:\/\/www.organisator.ch\/#organization"},"potentialAction":[{"@type":"SearchAction","target":{"@type":"EntryPoint","urlTemplate":"https:\/\/www.organisator.ch\/?s={search_term_string}"},"query-input":{"@type":"PropertyValueSpecification","valueRequired":true,"valueName":"search_term_string"}}],"inLanguage":"fr-FR"},{"@type":"Organization","@id":"https:\/\/www.organisator.ch\/#organization","name":"Organisateur","url":"https:\/\/www.organisator.ch\/","logo":{"@type":"ImageObject","inLanguage":"fr-FR","@id":"https:\/\/www.organisator.ch\/#\/schema\/logo\/image\/","url":"https:\/\/www.organisator.ch\/wp-content\/uploads\/2022\/01\/Logo_Organisator_Website.png","contentUrl":"https:\/\/www.organisator.ch\/wp-content\/uploads\/2022\/01\/Logo_Organisator_Website.png","width":800,"height":77,"caption":"Organisator"},"image":{"@id":"https:\/\/www.organisator.ch\/#\/schema\/logo\/image\/"},"sameAs":["https:\/\/www.facebook.com\/OrganisatorFachmagazin","https:\/\/www.linkedin.com\/showcase\/organisator-das-magazin-fr-kmu","https:\/\/www.xing.com\/news\/pages\/organisator-ch-695","https:\/\/www.youtube.com\/channel\/UCGP2Sq0iWaZwT3BdIAQFYpw"]},{"@type":"Person","@id":"https:\/\/www.organisator.ch\/#\/schema\/person\/afccda3a71c06d4be2ed9100dd163db7","name":"Dzana Muminovic","image":{"@type":"ImageObject","inLanguage":"fr-FR","@id":"https:\/\/secure.gravatar.com\/avatar\/909c5c71aff4b38e88686f2ab2f1ba152571f394f41ed8bae431ea56ced93050?s=96&d=mm&r=g","url":"https:\/\/secure.gravatar.com\/avatar\/909c5c71aff4b38e88686f2ab2f1ba152571f394f41ed8bae431ea56ced93050?s=96&d=mm&r=g","contentUrl":"https:\/\/secure.gravatar.com\/avatar\/909c5c71aff4b38e88686f2ab2f1ba152571f394f41ed8bae431ea56ced93050?s=96&d=mm&r=g","caption":"Dzana Muminovic"},"url":"https:\/\/www.organisator.ch\/fr\/author\/dzana-muminovic\/"}]}},"_links":{"self":[{"href":"https:\/\/www.organisator.ch\/fr\/wp-json\/wp\/v2\/posts\/34160","targetHints":{"allow":["GET"]}}],"collection":[{"href":"https:\/\/www.organisator.ch\/fr\/wp-json\/wp\/v2\/posts"}],"about":[{"href":"https:\/\/www.organisator.ch\/fr\/wp-json\/wp\/v2\/types\/post"}],"author":[{"embeddable":true,"href":"https:\/\/www.organisator.ch\/fr\/wp-json\/wp\/v2\/users\/80"}],"replies":[{"embeddable":true,"href":"https:\/\/www.organisator.ch\/fr\/wp-json\/wp\/v2\/comments?post=34160"}],"version-history":[{"count":4,"href":"https:\/\/www.organisator.ch\/fr\/wp-json\/wp\/v2\/posts\/34160\/revisions"}],"predecessor-version":[{"id":34342,"href":"https:\/\/www.organisator.ch\/fr\/wp-json\/wp\/v2\/posts\/34160\/revisions\/34342"}],"wp:featuredmedia":[{"embeddable":true,"href":"https:\/\/www.organisator.ch\/fr\/wp-json\/wp\/v2\/media\/34161"}],"wp:attachment":[{"href":"https:\/\/www.organisator.ch\/fr\/wp-json\/wp\/v2\/media?parent=34160"}],"wp:term":[{"taxonomy":"category","embeddable":true,"href":"https:\/\/www.organisator.ch\/fr\/wp-json\/wp\/v2\/categories?post=34160"},{"taxonomy":"post_tag","embeddable":true,"href":"https:\/\/www.organisator.ch\/fr\/wp-json\/wp\/v2\/tags?post=34160"}],"curies":[{"name":"wp","href":"https:\/\/api.w.org\/{rel}","templated":true}]}}