{"id":34165,"date":"2024-11-29T10:59:31","date_gmt":"2024-11-29T09:59:31","guid":{"rendered":"https:\/\/www.markt-kom.com\/?p=227365"},"modified":"2024-12-02T07:40:16","modified_gmt":"2024-12-02T06:40:16","slug":"jeff-gerber-und-corinne-hert-uebernehmen-komet","status":"publish","type":"post","link":"https:\/\/www.organisator.ch\/fr\/marketing\/2024-11-29\/jeff-gerber-und-corinne-hert-uebernehmen-komet\/","title":{"rendered":"Jeff Gerber et Corinne Hert reprennent Komet"},"content":{"rendered":"<figure id=\"attachment_227366\" class=\"wp-caption aligncenter\" style=\"width: 1200px;\" aria-describedby=\"caption-attachment-227366\"><img class=\"size-full wp-image-227366\" src=\"https:\/\/www.markt-kom.com\/wp-content\/uploads\/2024\/11\/KOMET_0345-Kopie.jpg\" sizes=\"(max-width: 1200px) 100vw, 1200px\" srcset=\"https:\/\/www.markt-kom.com\/wp-content\/uploads\/2024\/11\/KOMET_0345-Kopie.jpg 1200w, https:\/\/www.markt-kom.com\/wp-content\/uploads\/2024\/11\/KOMET_0345-Kopie-600x450.jpg 600w, https:\/\/www.markt-kom.com\/wp-content\/uploads\/2024\/11\/KOMET_0345-Kopie-1024x768.jpg 1024w, https:\/\/www.markt-kom.com\/wp-content\/uploads\/2024\/11\/KOMET_0345-Kopie-768x576.jpg 768w, https:\/\/www.markt-kom.com\/wp-content\/uploads\/2024\/11\/KOMET_0345-Kopie-16x12.jpg 16w, https:\/\/www.markt-kom.com\/wp-content\/uploads\/2024\/11\/KOMET_0345-Kopie-233x175.jpg 233w, https:\/\/www.markt-kom.com\/wp-content\/uploads\/2024\/11\/KOMET_0345-Kopie-467x350.jpg 467w, https:\/\/www.markt-kom.com\/wp-content\/uploads\/2024\/11\/KOMET_0345-Kopie-1000x750.jpg 1000w\" alt=\"\" width=\"1200\" height=\"900\" \/>\r\n<figcaption id=\"caption-attachment-227366\" class=\"wp-caption-text\">Management-Buyout : Jeff Gerber et Corinne Hert reprennent l'agence bernoise Komet. (Image : zVg.)<\/figcaption>\r\n<\/figure>\r\n<p>Juste \u00e0 temps pour le 25e anniversaire de la c\u00e9l\u00e8bre agence de publicit\u00e9 bernoise et avec effet r\u00e9troactif au 1er janvier 2024, les deux codirecteurs de longue date, la directrice du service client\u00e8le Corinne Hert et le directeur cr\u00e9atif Jeff Gerber, reprennent 100 pour cent des actions de l'agence bernoise LSA Komet par le biais d'un management buyout.<\/p>\r\n<p>\"C'\u00e9tait le moment et la prochaine \u00e9tape logique pour l'agence ainsi que pour notre d\u00e9veloppement personnel\", explique Corinne Hert. Jeff Gerber ajoute : \"Komet repose sur des bases saines et peut accompagner de nombreuses marques, services et produits passionnants en mati\u00e8re de communication. Mais nous ne nous arr\u00eaterons pas l\u00e0 et nous nous r\u00e9jouissons d'ouvrir le prochain chapitre de l'histoire \u00e0 succ\u00e8s de l'agence, qui dure maintenant depuis 25 ans\".<\/p>","protected":false},"excerpt":{"rendered":"<p>Apr\u00e8s que le fondateur et actionnaire majoritaire Marcel Durst se soit retir\u00e9 des affaires op\u00e9rationnelles en 2020 d\u00e9j\u00e0, les deux co-directeurs Corinne Hert et Jeff Gerber reprennent l'agence bernoise Komet.<\/p>","protected":false},"author":8,"featured_media":0,"comment_status":"closed","ping_status":"closed","sticky":false,"template":"","format":"standard","meta":{"_acf_changed":false,"_yoast_wpseo_focuskw":"Berner Agentur Komet","_yoast_wpseo_metadesc":"Corinne Hert und Jeff Gerber \u00fcbernehmen die Berner Agentur Komet zum 25-Jahr-Jubil\u00e4um durch Management-Buyout.","articlekey":"","footnotes":""},"categories":[29],"tags":[4345,4204],"class_list":["post-34165","post","type-post","status-publish","format-standard","hentry","category-marketing","tag-business","tag-komet"],"acf":[],"yoast_head":"<!-- This site is optimized with the Yoast SEO plugin v27.5 - https:\/\/yoast.com\/product\/yoast-seo-wordpress\/ -->\n<title>Jeff Gerber und Corinne Hert \u00fcbernehmen Komet - Organisator<\/title>\n<meta name=\"description\" content=\"Corinne Hert und Jeff Gerber \u00fcbernehmen die Berner Agentur Komet zum 25-Jahr-Jubil\u00e4um durch Management-Buyout.\" \/>\n<meta name=\"robots\" content=\"index, follow, max-snippet:-1, max-image-preview:large, max-video-preview:-1\" \/>\n<link rel=\"canonical\" href=\"https:\/\/www.organisator.ch\/fr\/marketing\/2024-11-29\/jeff-gerber-und-corinne-hert-uebernehmen-komet\/\" \/>\n<meta property=\"og:locale\" content=\"fr_FR\" \/>\n<meta property=\"og:type\" content=\"article\" \/>\n<meta property=\"og:title\" content=\"Jeff Gerber und Corinne Hert \u00fcbernehmen Komet - Organisator\" \/>\n<meta property=\"og:description\" content=\"Corinne Hert und Jeff Gerber \u00fcbernehmen die Berner Agentur Komet zum 25-Jahr-Jubil\u00e4um durch Management-Buyout.\" \/>\n<meta property=\"og:url\" content=\"https:\/\/www.organisator.ch\/fr\/marketing\/2024-11-29\/jeff-gerber-und-corinne-hert-uebernehmen-komet\/\" \/>\n<meta property=\"og:site_name\" content=\"Organisator\" \/>\n<meta property=\"article:publisher\" content=\"https:\/\/www.facebook.com\/OrganisatorFachmagazin\" \/>\n<meta property=\"article:published_time\" content=\"2024-11-29T09:59:31+00:00\" \/>\n<meta property=\"article:modified_time\" content=\"2024-12-02T06:40:16+00:00\" \/>\n<meta name=\"author\" content=\"galledia\" \/>\n<meta name=\"twitter:card\" content=\"summary_large_image\" \/>\n<meta name=\"twitter:creator\" content=\"@admin\" \/>\n<script type=\"application\/ld+json\" class=\"yoast-schema-graph\">{\"@context\":\"https:\\\/\\\/schema.org\",\"@graph\":[{\"@type\":\"Article\",\"@id\":\"https:\\\/\\\/www.organisator.ch\\\/marketing\\\/2024-11-29\\\/jeff-gerber-und-corinne-hert-uebernehmen-komet\\\/#article\",\"isPartOf\":{\"@id\":\"https:\\\/\\\/www.organisator.ch\\\/marketing\\\/2024-11-29\\\/jeff-gerber-und-corinne-hert-uebernehmen-komet\\\/\"},\"author\":{\"name\":\"galledia\",\"@id\":\"https:\\\/\\\/www.organisator.ch\\\/#\\\/schema\\\/person\\\/4e51799071cd2dd1232ac003643ef5f0\"},\"headline\":\"Jeff Gerber und Corinne Hert \u00fcbernehmen Komet\",\"datePublished\":\"2024-11-29T09:59:31+00:00\",\"dateModified\":\"2024-12-02T06:40:16+00:00\",\"mainEntityOfPage\":{\"@id\":\"https:\\\/\\\/www.organisator.ch\\\/marketing\\\/2024-11-29\\\/jeff-gerber-und-corinne-hert-uebernehmen-komet\\\/\"},\"wordCount\":129,\"publisher\":{\"@id\":\"https:\\\/\\\/www.organisator.ch\\\/#organization\"},\"image\":{\"@id\":\"https:\\\/\\\/www.organisator.ch\\\/marketing\\\/2024-11-29\\\/jeff-gerber-und-corinne-hert-uebernehmen-komet\\\/#primaryimage\"},\"thumbnailUrl\":\"https:\\\/\\\/www.markt-kom.com\\\/wp-content\\\/uploads\\\/2024\\\/11\\\/KOMET_0345-Kopie.jpg\",\"keywords\":[\"Business\",\"Komet\"],\"articleSection\":[\"MARKETING\"],\"inLanguage\":\"fr-FR\"},{\"@type\":\"WebPage\",\"@id\":\"https:\\\/\\\/www.organisator.ch\\\/marketing\\\/2024-11-29\\\/jeff-gerber-und-corinne-hert-uebernehmen-komet\\\/\",\"url\":\"https:\\\/\\\/www.organisator.ch\\\/marketing\\\/2024-11-29\\\/jeff-gerber-und-corinne-hert-uebernehmen-komet\\\/\",\"name\":\"Jeff Gerber und Corinne Hert \u00fcbernehmen Komet - Organisator\",\"isPartOf\":{\"@id\":\"https:\\\/\\\/www.organisator.ch\\\/#website\"},\"primaryImageOfPage\":{\"@id\":\"https:\\\/\\\/www.organisator.ch\\\/marketing\\\/2024-11-29\\\/jeff-gerber-und-corinne-hert-uebernehmen-komet\\\/#primaryimage\"},\"image\":{\"@id\":\"https:\\\/\\\/www.organisator.ch\\\/marketing\\\/2024-11-29\\\/jeff-gerber-und-corinne-hert-uebernehmen-komet\\\/#primaryimage\"},\"thumbnailUrl\":\"https:\\\/\\\/www.markt-kom.com\\\/wp-content\\\/uploads\\\/2024\\\/11\\\/KOMET_0345-Kopie.jpg\",\"datePublished\":\"2024-11-29T09:59:31+00:00\",\"dateModified\":\"2024-12-02T06:40:16+00:00\",\"description\":\"Corinne Hert und Jeff Gerber \u00fcbernehmen die Berner Agentur Komet zum 25-Jahr-Jubil\u00e4um durch Management-Buyout.\",\"breadcrumb\":{\"@id\":\"https:\\\/\\\/www.organisator.ch\\\/marketing\\\/2024-11-29\\\/jeff-gerber-und-corinne-hert-uebernehmen-komet\\\/#breadcrumb\"},\"inLanguage\":\"fr-FR\",\"potentialAction\":[{\"@type\":\"ReadAction\",\"target\":[\"https:\\\/\\\/www.organisator.ch\\\/marketing\\\/2024-11-29\\\/jeff-gerber-und-corinne-hert-uebernehmen-komet\\\/\"]}]},{\"@type\":\"ImageObject\",\"inLanguage\":\"fr-FR\",\"@id\":\"https:\\\/\\\/www.organisator.ch\\\/marketing\\\/2024-11-29\\\/jeff-gerber-und-corinne-hert-uebernehmen-komet\\\/#primaryimage\",\"url\":\"https:\\\/\\\/www.markt-kom.com\\\/wp-content\\\/uploads\\\/2024\\\/11\\\/KOMET_0345-Kopie.jpg\",\"contentUrl\":\"https:\\\/\\\/www.markt-kom.com\\\/wp-content\\\/uploads\\\/2024\\\/11\\\/KOMET_0345-Kopie.jpg\"},{\"@type\":\"BreadcrumbList\",\"@id\":\"https:\\\/\\\/www.organisator.ch\\\/marketing\\\/2024-11-29\\\/jeff-gerber-und-corinne-hert-uebernehmen-komet\\\/#breadcrumb\",\"itemListElement\":[{\"@type\":\"ListItem\",\"position\":1,\"name\":\"Home\",\"item\":\"https:\\\/\\\/www.organisator.ch\\\/\"},{\"@type\":\"ListItem\",\"position\":2,\"name\":\"Jeff Gerber und Corinne Hert \u00fcbernehmen Komet\"}]},{\"@type\":\"WebSite\",\"@id\":\"https:\\\/\\\/www.organisator.ch\\\/#website\",\"url\":\"https:\\\/\\\/www.organisator.ch\\\/\",\"name\":\"Organisator\",\"description\":\"Kompetent. Praxisnah. Der ORGANISATOR bereitet in 10 Ausgaben pro Jahr die wesentlichen Themen f\u00fcr F\u00fchrungskr\u00e4fte von KMU auf.\",\"publisher\":{\"@id\":\"https:\\\/\\\/www.organisator.ch\\\/#organization\"},\"potentialAction\":[{\"@type\":\"SearchAction\",\"target\":{\"@type\":\"EntryPoint\",\"urlTemplate\":\"https:\\\/\\\/www.organisator.ch\\\/?s={search_term_string}\"},\"query-input\":{\"@type\":\"PropertyValueSpecification\",\"valueRequired\":true,\"valueName\":\"search_term_string\"}}],\"inLanguage\":\"fr-FR\"},{\"@type\":\"Organization\",\"@id\":\"https:\\\/\\\/www.organisator.ch\\\/#organization\",\"name\":\"Organisator\",\"url\":\"https:\\\/\\\/www.organisator.ch\\\/\",\"logo\":{\"@type\":\"ImageObject\",\"inLanguage\":\"fr-FR\",\"@id\":\"https:\\\/\\\/www.organisator.ch\\\/#\\\/schema\\\/logo\\\/image\\\/\",\"url\":\"https:\\\/\\\/www.organisator.ch\\\/wp-content\\\/uploads\\\/2022\\\/01\\\/Logo_Organisator_Website.png\",\"contentUrl\":\"https:\\\/\\\/www.organisator.ch\\\/wp-content\\\/uploads\\\/2022\\\/01\\\/Logo_Organisator_Website.png\",\"width\":800,\"height\":77,\"caption\":\"Organisator\"},\"image\":{\"@id\":\"https:\\\/\\\/www.organisator.ch\\\/#\\\/schema\\\/logo\\\/image\\\/\"},\"sameAs\":[\"https:\\\/\\\/www.facebook.com\\\/OrganisatorFachmagazin\",\"https:\\\/\\\/www.linkedin.com\\\/showcase\\\/organisator-das-magazin-fr-kmu\",\"https:\\\/\\\/www.xing.com\\\/news\\\/pages\\\/organisator-ch-695\",\"https:\\\/\\\/www.youtube.com\\\/channel\\\/UCGP2Sq0iWaZwT3BdIAQFYpw\"]},{\"@type\":\"Person\",\"@id\":\"https:\\\/\\\/www.organisator.ch\\\/#\\\/schema\\\/person\\\/4e51799071cd2dd1232ac003643ef5f0\",\"name\":\"galledia\",\"image\":{\"@type\":\"ImageObject\",\"inLanguage\":\"fr-FR\",\"@id\":\"https:\\\/\\\/secure.gravatar.com\\\/avatar\\\/78a7f90c01fc2bfc875782a0d4922b37cde2cf184ce347b91316d23cd7f69a36?s=96&d=mm&r=g\",\"url\":\"https:\\\/\\\/secure.gravatar.com\\\/avatar\\\/78a7f90c01fc2bfc875782a0d4922b37cde2cf184ce347b91316d23cd7f69a36?s=96&d=mm&r=g\",\"contentUrl\":\"https:\\\/\\\/secure.gravatar.com\\\/avatar\\\/78a7f90c01fc2bfc875782a0d4922b37cde2cf184ce347b91316d23cd7f69a36?s=96&d=mm&r=g\",\"caption\":\"galledia\"},\"sameAs\":[\"https:\\\/\\\/x.com\\\/admin\"],\"url\":\"https:\\\/\\\/www.organisator.ch\\\/fr\\\/author\\\/galledia\\\/\"}]}<\/script>\n<!-- \/ Yoast SEO plugin. -->","yoast_head_json":{"title":"Jeff Gerber et Corinne Hert prennent le relais de Komet - Organisateur","description":"Corinne Hert et Jeff Gerber reprennent l'agence bernoise Komet \u00e0 l'occasion de son 25e anniversaire par le biais d'un management buyout.","robots":{"index":"index","follow":"follow","max-snippet":"max-snippet:-1","max-image-preview":"max-image-preview:large","max-video-preview":"max-video-preview:-1"},"canonical":"https:\/\/www.organisator.ch\/fr\/marketing\/2024-11-29\/jeff-gerber-und-corinne-hert-uebernehmen-komet\/","og_locale":"fr_FR","og_type":"article","og_title":"Jeff Gerber und Corinne Hert \u00fcbernehmen Komet - Organisator","og_description":"Corinne Hert und Jeff Gerber \u00fcbernehmen die Berner Agentur Komet zum 25-Jahr-Jubil\u00e4um durch Management-Buyout.","og_url":"https:\/\/www.organisator.ch\/fr\/marketing\/2024-11-29\/jeff-gerber-und-corinne-hert-uebernehmen-komet\/","og_site_name":"Organisator","article_publisher":"https:\/\/www.facebook.com\/OrganisatorFachmagazin","article_published_time":"2024-11-29T09:59:31+00:00","article_modified_time":"2024-12-02T06:40:16+00:00","author":"galledia","twitter_card":"summary_large_image","twitter_creator":"@admin","schema":{"@context":"https:\/\/schema.org","@graph":[{"@type":"Article","@id":"https:\/\/www.organisator.ch\/marketing\/2024-11-29\/jeff-gerber-und-corinne-hert-uebernehmen-komet\/#article","isPartOf":{"@id":"https:\/\/www.organisator.ch\/marketing\/2024-11-29\/jeff-gerber-und-corinne-hert-uebernehmen-komet\/"},"author":{"name":"galledia","@id":"https:\/\/www.organisator.ch\/#\/schema\/person\/4e51799071cd2dd1232ac003643ef5f0"},"headline":"Jeff Gerber und Corinne Hert \u00fcbernehmen Komet","datePublished":"2024-11-29T09:59:31+00:00","dateModified":"2024-12-02T06:40:16+00:00","mainEntityOfPage":{"@id":"https:\/\/www.organisator.ch\/marketing\/2024-11-29\/jeff-gerber-und-corinne-hert-uebernehmen-komet\/"},"wordCount":129,"publisher":{"@id":"https:\/\/www.organisator.ch\/#organization"},"image":{"@id":"https:\/\/www.organisator.ch\/marketing\/2024-11-29\/jeff-gerber-und-corinne-hert-uebernehmen-komet\/#primaryimage"},"thumbnailUrl":"https:\/\/www.markt-kom.com\/wp-content\/uploads\/2024\/11\/KOMET_0345-Kopie.jpg","keywords":["Business","Komet"],"articleSection":["MARKETING"],"inLanguage":"fr-FR"},{"@type":"WebPage","@id":"https:\/\/www.organisator.ch\/marketing\/2024-11-29\/jeff-gerber-und-corinne-hert-uebernehmen-komet\/","url":"https:\/\/www.organisator.ch\/marketing\/2024-11-29\/jeff-gerber-und-corinne-hert-uebernehmen-komet\/","name":"Jeff Gerber et Corinne Hert prennent le relais de Komet - Organisateur","isPartOf":{"@id":"https:\/\/www.organisator.ch\/#website"},"primaryImageOfPage":{"@id":"https:\/\/www.organisator.ch\/marketing\/2024-11-29\/jeff-gerber-und-corinne-hert-uebernehmen-komet\/#primaryimage"},"image":{"@id":"https:\/\/www.organisator.ch\/marketing\/2024-11-29\/jeff-gerber-und-corinne-hert-uebernehmen-komet\/#primaryimage"},"thumbnailUrl":"https:\/\/www.markt-kom.com\/wp-content\/uploads\/2024\/11\/KOMET_0345-Kopie.jpg","datePublished":"2024-11-29T09:59:31+00:00","dateModified":"2024-12-02T06:40:16+00:00","description":"Corinne Hert et Jeff Gerber reprennent l'agence bernoise Komet \u00e0 l'occasion de son 25e anniversaire par le biais d'un management buyout.","breadcrumb":{"@id":"https:\/\/www.organisator.ch\/marketing\/2024-11-29\/jeff-gerber-und-corinne-hert-uebernehmen-komet\/#breadcrumb"},"inLanguage":"fr-FR","potentialAction":[{"@type":"ReadAction","target":["https:\/\/www.organisator.ch\/marketing\/2024-11-29\/jeff-gerber-und-corinne-hert-uebernehmen-komet\/"]}]},{"@type":"ImageObject","inLanguage":"fr-FR","@id":"https:\/\/www.organisator.ch\/marketing\/2024-11-29\/jeff-gerber-und-corinne-hert-uebernehmen-komet\/#primaryimage","url":"https:\/\/www.markt-kom.com\/wp-content\/uploads\/2024\/11\/KOMET_0345-Kopie.jpg","contentUrl":"https:\/\/www.markt-kom.com\/wp-content\/uploads\/2024\/11\/KOMET_0345-Kopie.jpg"},{"@type":"BreadcrumbList","@id":"https:\/\/www.organisator.ch\/marketing\/2024-11-29\/jeff-gerber-und-corinne-hert-uebernehmen-komet\/#breadcrumb","itemListElement":[{"@type":"ListItem","position":1,"name":"Home","item":"https:\/\/www.organisator.ch\/"},{"@type":"ListItem","position":2,"name":"Jeff Gerber und Corinne Hert \u00fcbernehmen Komet"}]},{"@type":"WebSite","@id":"https:\/\/www.organisator.ch\/#website","url":"https:\/\/www.organisator.ch\/","name":"Organisateur","description":"Comp\u00e9tence et comp\u00e9tence. Proches de la pratique. L'ORGANISATEUR pr\u00e9pare 10 num\u00e9ros par an sur les th\u00e8mes essentiels pour les dirigeants de PME.","publisher":{"@id":"https:\/\/www.organisator.ch\/#organization"},"potentialAction":[{"@type":"SearchAction","target":{"@type":"EntryPoint","urlTemplate":"https:\/\/www.organisator.ch\/?s={search_term_string}"},"query-input":{"@type":"PropertyValueSpecification","valueRequired":true,"valueName":"search_term_string"}}],"inLanguage":"fr-FR"},{"@type":"Organization","@id":"https:\/\/www.organisator.ch\/#organization","name":"Organisateur","url":"https:\/\/www.organisator.ch\/","logo":{"@type":"ImageObject","inLanguage":"fr-FR","@id":"https:\/\/www.organisator.ch\/#\/schema\/logo\/image\/","url":"https:\/\/www.organisator.ch\/wp-content\/uploads\/2022\/01\/Logo_Organisator_Website.png","contentUrl":"https:\/\/www.organisator.ch\/wp-content\/uploads\/2022\/01\/Logo_Organisator_Website.png","width":800,"height":77,"caption":"Organisator"},"image":{"@id":"https:\/\/www.organisator.ch\/#\/schema\/logo\/image\/"},"sameAs":["https:\/\/www.facebook.com\/OrganisatorFachmagazin","https:\/\/www.linkedin.com\/showcase\/organisator-das-magazin-fr-kmu","https:\/\/www.xing.com\/news\/pages\/organisator-ch-695","https:\/\/www.youtube.com\/channel\/UCGP2Sq0iWaZwT3BdIAQFYpw"]},{"@type":"Person","@id":"https:\/\/www.organisator.ch\/#\/schema\/person\/4e51799071cd2dd1232ac003643ef5f0","name":"galledia","image":{"@type":"ImageObject","inLanguage":"fr-FR","@id":"https:\/\/secure.gravatar.com\/avatar\/78a7f90c01fc2bfc875782a0d4922b37cde2cf184ce347b91316d23cd7f69a36?s=96&d=mm&r=g","url":"https:\/\/secure.gravatar.com\/avatar\/78a7f90c01fc2bfc875782a0d4922b37cde2cf184ce347b91316d23cd7f69a36?s=96&d=mm&r=g","contentUrl":"https:\/\/secure.gravatar.com\/avatar\/78a7f90c01fc2bfc875782a0d4922b37cde2cf184ce347b91316d23cd7f69a36?s=96&d=mm&r=g","caption":"galledia"},"sameAs":["https:\/\/x.com\/admin"],"url":"https:\/\/www.organisator.ch\/fr\/author\/galledia\/"}]}},"_links":{"self":[{"href":"https:\/\/www.organisator.ch\/fr\/wp-json\/wp\/v2\/posts\/34165","targetHints":{"allow":["GET"]}}],"collection":[{"href":"https:\/\/www.organisator.ch\/fr\/wp-json\/wp\/v2\/posts"}],"about":[{"href":"https:\/\/www.organisator.ch\/fr\/wp-json\/wp\/v2\/types\/post"}],"author":[{"embeddable":true,"href":"https:\/\/www.organisator.ch\/fr\/wp-json\/wp\/v2\/users\/8"}],"replies":[{"embeddable":true,"href":"https:\/\/www.organisator.ch\/fr\/wp-json\/wp\/v2\/comments?post=34165"}],"version-history":[{"count":5,"href":"https:\/\/www.organisator.ch\/fr\/wp-json\/wp\/v2\/posts\/34165\/revisions"}],"predecessor-version":[{"id":34182,"href":"https:\/\/www.organisator.ch\/fr\/wp-json\/wp\/v2\/posts\/34165\/revisions\/34182"}],"wp:attachment":[{"href":"https:\/\/www.organisator.ch\/fr\/wp-json\/wp\/v2\/media?parent=34165"}],"wp:term":[{"taxonomy":"category","embeddable":true,"href":"https:\/\/www.organisator.ch\/fr\/wp-json\/wp\/v2\/categories?post=34165"},{"taxonomy":"post_tag","embeddable":true,"href":"https:\/\/www.organisator.ch\/fr\/wp-json\/wp\/v2\/tags?post=34165"}],"curies":[{"name":"wp","href":"https:\/\/api.w.org\/{rel}","templated":true}]}}