{"id":34188,"date":"2024-12-06T01:46:58","date_gmt":"2024-12-06T00:46:58","guid":{"rendered":"https:\/\/www.organisator.ch\/de\/?p=34188"},"modified":"2024-12-06T07:04:43","modified_gmt":"2024-12-06T06:04:43","slug":"programmieren-kann-ich-nicht","status":"publish","type":"post","link":"https:\/\/www.organisator.ch\/fr\/abo\/2024-12-06\/programmieren-kann-ich-nicht\/","title":{"rendered":"\"Je ne sais pas programmer\""},"content":{"rendered":"<div class=\"swpm-post-not-logged-in-msg\">Vous devez \u00eatre connect\u00e9 pour voir ce contenu. Veuillez <a class=\"swpm-login-link\" href=\"https:\/\/www.organisator.ch\/login\/\">Se connecter<\/a>. Pas un membre ? <a href=\"https:\/\/www.organisator.ch\/shop\/\">Nous Rejoindre<\/a><\/div>","protected":false},"excerpt":{"rendered":"<p>Apr\u00e8s 36 ans, Beat Bussmann endosse un nouveau r\u00f4le au sein de l'entreprise Opacc Software AG qu'il a fond\u00e9e : il se concentrera \u00e0 l'avenir sur la pr\u00e9sidence du conseil d'administration et confiera la direction op\u00e9rationnelle \u00e0 une \u00e9quipe de management. Nous nous sommes entretenus avec lui sur le pass\u00e9 et l'avenir de l'entreprise.<\/p>","protected":false},"author":1,"featured_media":34186,"comment_status":"closed","ping_status":"closed","sticky":false,"template":"","format":"standard","meta":{"_acf_changed":false,"_yoast_wpseo_focuskw":"Beat Bussmann","_yoast_wpseo_metadesc":"Beat Bussmann \u00fcbergibt nach 36 Jahren die operative Leitung der Opacc Software AG und konzentriert sich auf das Verwaltungsratspr\u00e4sidium.","articlekey":"125274","footnotes":""},"categories":[578,28],"tags":[136,182,2698,4057,4595,2471,4301],"class_list":["post-34188","post","type-post","status-publish","format-standard","has-post-thumbnail","hentry","category-abo","category-management","tag-crm","tag-erp","tag-softwareentwicklung","tag-softwareloesung","tag-stabuebergabe","tag-verwaltungsrat","tag-wechsel"],"acf":[],"yoast_head":"<!-- This site is optimized with the Yoast SEO plugin v27.4 - https:\/\/yoast.com\/product\/yoast-seo-wordpress\/ -->\n<title>\u00abProgrammieren kann ich nicht\u00bb - Organisator<\/title>\n<meta name=\"description\" content=\"Beat Bussmann \u00fcbergibt nach 36 Jahren die operative Leitung der Opacc Software AG und konzentriert sich auf das Verwaltungsratspr\u00e4sidium.\" \/>\n<meta name=\"robots\" content=\"index, follow, max-snippet:-1, max-image-preview:large, max-video-preview:-1\" \/>\n<link rel=\"canonical\" href=\"https:\/\/www.organisator.ch\/fr\/abonnement\/2024-12-06\/programmieren-kann-ich-nicht\/\" \/>\n<meta property=\"og:locale\" content=\"fr_FR\" \/>\n<meta property=\"og:type\" content=\"article\" \/>\n<meta property=\"og:title\" content=\"\u00abProgrammieren kann ich nicht\u00bb\" \/>\n<meta property=\"og:description\" content=\"Beat Bussmann \u00fcbergibt nach 36 Jahren die operative Leitung der Opacc Software AG und konzentriert sich auf das Verwaltungsratspr\u00e4sidium.\" \/>\n<meta property=\"og:url\" content=\"https:\/\/www.organisator.ch\/fr\/abonnement\/2024-12-06\/programmieren-kann-ich-nicht\/\" \/>\n<meta property=\"og:site_name\" content=\"Organisator\" \/>\n<meta property=\"article:publisher\" content=\"https:\/\/www.facebook.com\/OrganisatorFachmagazin\" \/>\n<meta property=\"article:published_time\" content=\"2024-12-06T00:46:58+00:00\" \/>\n<meta property=\"article:modified_time\" content=\"2024-12-06T06:04:43+00:00\" \/>\n<meta property=\"og:image\" content=\"https:\/\/www.organisator.ch\/wp-content\/uploads\/2024\/12\/Management_Auftakt_Bild1_organisator_129796-scaled-e1733465077293.jpg\" \/>\n\t<meta property=\"og:image:width\" content=\"1038\" \/>\n\t<meta property=\"og:image:height\" content=\"970\" \/>\n\t<meta property=\"og:image:type\" content=\"image\/jpeg\" \/>\n<meta name=\"author\" content=\"admin\" \/>\n<meta name=\"twitter:card\" content=\"summary_large_image\" \/>\n<meta name=\"twitter:title\" content=\"\u00abProgrammieren kann ich nicht\u00bb\" \/>\n<meta name=\"twitter:description\" content=\"#Beat #Bussmann \u00fcbergibt nach 36 Jahren die #operative #Leitung der #Opacc #Software AG und konzentriert sich auf das #Verwaltungsratspr\u00e4sidium.\" \/>\n<meta name=\"twitter:image\" content=\"https:\/\/www.organisator.ch\/wp-content\/uploads\/2024\/12\/Management_Auftakt_Bild1_organisator_129796-scaled-e1733465077293.jpg\" \/>\n<script type=\"application\/ld+json\" class=\"yoast-schema-graph\">{\"@context\":\"https:\\\/\\\/schema.org\",\"@graph\":[{\"@type\":\"Article\",\"@id\":\"https:\\\/\\\/www.organisator.ch\\\/abo\\\/2024-12-06\\\/programmieren-kann-ich-nicht\\\/#article\",\"isPartOf\":{\"@id\":\"https:\\\/\\\/www.organisator.ch\\\/abo\\\/2024-12-06\\\/programmieren-kann-ich-nicht\\\/\"},\"author\":{\"name\":\"admin\",\"@id\":\"https:\\\/\\\/www.organisator.ch\\\/#\\\/schema\\\/person\\\/aa2bace6c5c5aad60102004a50c4eb1c\"},\"headline\":\"\u00abProgrammieren kann ich nicht\u00bb\",\"datePublished\":\"2024-12-06T00:46:58+00:00\",\"dateModified\":\"2024-12-06T06:04:43+00:00\",\"mainEntityOfPage\":{\"@id\":\"https:\\\/\\\/www.organisator.ch\\\/abo\\\/2024-12-06\\\/programmieren-kann-ich-nicht\\\/\"},\"wordCount\":2550,\"publisher\":{\"@id\":\"https:\\\/\\\/www.organisator.ch\\\/#organization\"},\"image\":{\"@id\":\"https:\\\/\\\/www.organisator.ch\\\/abo\\\/2024-12-06\\\/programmieren-kann-ich-nicht\\\/#primaryimage\"},\"thumbnailUrl\":\"https:\\\/\\\/www.organisator.ch\\\/wp-content\\\/uploads\\\/2024\\\/12\\\/Management_Auftakt_Bild1_organisator_129796-scaled-e1733465077293.jpg\",\"keywords\":[\"CRM\",\"ERP\",\"Softwareentwicklung\",\"Softwarel\u00f6sung\",\"Stab\u00fcbergabe\",\"Verwaltungsrat\",\"Wechsel\"],\"articleSection\":[\"ABO+\",\"MANAGEMENT\"],\"inLanguage\":\"fr-FR\"},{\"@type\":\"WebPage\",\"@id\":\"https:\\\/\\\/www.organisator.ch\\\/abo\\\/2024-12-06\\\/programmieren-kann-ich-nicht\\\/\",\"url\":\"https:\\\/\\\/www.organisator.ch\\\/abo\\\/2024-12-06\\\/programmieren-kann-ich-nicht\\\/\",\"name\":\"\u00abProgrammieren kann ich nicht\u00bb - Organisator\",\"isPartOf\":{\"@id\":\"https:\\\/\\\/www.organisator.ch\\\/#website\"},\"primaryImageOfPage\":{\"@id\":\"https:\\\/\\\/www.organisator.ch\\\/abo\\\/2024-12-06\\\/programmieren-kann-ich-nicht\\\/#primaryimage\"},\"image\":{\"@id\":\"https:\\\/\\\/www.organisator.ch\\\/abo\\\/2024-12-06\\\/programmieren-kann-ich-nicht\\\/#primaryimage\"},\"thumbnailUrl\":\"https:\\\/\\\/www.organisator.ch\\\/wp-content\\\/uploads\\\/2024\\\/12\\\/Management_Auftakt_Bild1_organisator_129796-scaled-e1733465077293.jpg\",\"datePublished\":\"2024-12-06T00:46:58+00:00\",\"dateModified\":\"2024-12-06T06:04:43+00:00\",\"description\":\"Beat Bussmann \u00fcbergibt nach 36 Jahren die operative Leitung der Opacc Software AG und konzentriert sich auf das Verwaltungsratspr\u00e4sidium.\",\"breadcrumb\":{\"@id\":\"https:\\\/\\\/www.organisator.ch\\\/abo\\\/2024-12-06\\\/programmieren-kann-ich-nicht\\\/#breadcrumb\"},\"inLanguage\":\"fr-FR\",\"potentialAction\":[{\"@type\":\"ReadAction\",\"target\":[\"https:\\\/\\\/www.organisator.ch\\\/abo\\\/2024-12-06\\\/programmieren-kann-ich-nicht\\\/\"]}]},{\"@type\":\"ImageObject\",\"inLanguage\":\"fr-FR\",\"@id\":\"https:\\\/\\\/www.organisator.ch\\\/abo\\\/2024-12-06\\\/programmieren-kann-ich-nicht\\\/#primaryimage\",\"url\":\"https:\\\/\\\/www.organisator.ch\\\/wp-content\\\/uploads\\\/2024\\\/12\\\/Management_Auftakt_Bild1_organisator_129796-scaled-e1733465077293.jpg\",\"contentUrl\":\"https:\\\/\\\/www.organisator.ch\\\/wp-content\\\/uploads\\\/2024\\\/12\\\/Management_Auftakt_Bild1_organisator_129796-scaled-e1733465077293.jpg\",\"width\":1038,\"height\":970,\"caption\":\"Foto: Opacc Software AG\"},{\"@type\":\"BreadcrumbList\",\"@id\":\"https:\\\/\\\/www.organisator.ch\\\/abo\\\/2024-12-06\\\/programmieren-kann-ich-nicht\\\/#breadcrumb\",\"itemListElement\":[{\"@type\":\"ListItem\",\"position\":1,\"name\":\"Home\",\"item\":\"https:\\\/\\\/www.organisator.ch\\\/\"},{\"@type\":\"ListItem\",\"position\":2,\"name\":\"\u00abProgrammieren kann ich nicht\u00bb\"}]},{\"@type\":\"WebSite\",\"@id\":\"https:\\\/\\\/www.organisator.ch\\\/#website\",\"url\":\"https:\\\/\\\/www.organisator.ch\\\/\",\"name\":\"Organisator\",\"description\":\"Kompetent. Praxisnah. Der ORGANISATOR bereitet in 10 Ausgaben pro Jahr die wesentlichen Themen f\u00fcr F\u00fchrungskr\u00e4fte von KMU auf.\",\"publisher\":{\"@id\":\"https:\\\/\\\/www.organisator.ch\\\/#organization\"},\"potentialAction\":[{\"@type\":\"SearchAction\",\"target\":{\"@type\":\"EntryPoint\",\"urlTemplate\":\"https:\\\/\\\/www.organisator.ch\\\/?s={search_term_string}\"},\"query-input\":{\"@type\":\"PropertyValueSpecification\",\"valueRequired\":true,\"valueName\":\"search_term_string\"}}],\"inLanguage\":\"fr-FR\"},{\"@type\":\"Organization\",\"@id\":\"https:\\\/\\\/www.organisator.ch\\\/#organization\",\"name\":\"Organisator\",\"url\":\"https:\\\/\\\/www.organisator.ch\\\/\",\"logo\":{\"@type\":\"ImageObject\",\"inLanguage\":\"fr-FR\",\"@id\":\"https:\\\/\\\/www.organisator.ch\\\/#\\\/schema\\\/logo\\\/image\\\/\",\"url\":\"https:\\\/\\\/www.organisator.ch\\\/wp-content\\\/uploads\\\/2022\\\/01\\\/Logo_Organisator_Website.png\",\"contentUrl\":\"https:\\\/\\\/www.organisator.ch\\\/wp-content\\\/uploads\\\/2022\\\/01\\\/Logo_Organisator_Website.png\",\"width\":800,\"height\":77,\"caption\":\"Organisator\"},\"image\":{\"@id\":\"https:\\\/\\\/www.organisator.ch\\\/#\\\/schema\\\/logo\\\/image\\\/\"},\"sameAs\":[\"https:\\\/\\\/www.facebook.com\\\/OrganisatorFachmagazin\",\"https:\\\/\\\/www.linkedin.com\\\/showcase\\\/organisator-das-magazin-fr-kmu\",\"https:\\\/\\\/www.xing.com\\\/news\\\/pages\\\/organisator-ch-695\",\"https:\\\/\\\/www.youtube.com\\\/channel\\\/UCGP2Sq0iWaZwT3BdIAQFYpw\"]},{\"@type\":\"Person\",\"@id\":\"https:\\\/\\\/www.organisator.ch\\\/#\\\/schema\\\/person\\\/aa2bace6c5c5aad60102004a50c4eb1c\",\"name\":\"admin\",\"image\":{\"@type\":\"ImageObject\",\"inLanguage\":\"fr-FR\",\"@id\":\"https:\\\/\\\/secure.gravatar.com\\\/avatar\\\/ae2f4d718e6c49043e314ce431e7e645d646302a24a5ef5a8bc8e3f5a032e319?s=96&d=mm&r=g\",\"url\":\"https:\\\/\\\/secure.gravatar.com\\\/avatar\\\/ae2f4d718e6c49043e314ce431e7e645d646302a24a5ef5a8bc8e3f5a032e319?s=96&d=mm&r=g\",\"contentUrl\":\"https:\\\/\\\/secure.gravatar.com\\\/avatar\\\/ae2f4d718e6c49043e314ce431e7e645d646302a24a5ef5a8bc8e3f5a032e319?s=96&d=mm&r=g\",\"caption\":\"admin\"},\"sameAs\":[\"https:\\\/\\\/www.organisator.ch\"],\"url\":\"https:\\\/\\\/www.organisator.ch\\\/fr\\\/author\\\/admin\\\/\"}]}<\/script>\n<!-- \/ Yoast SEO plugin. -->","yoast_head_json":{"title":"\"Je ne sais pas programmer\" - Organisateur","description":"Apr\u00e8s 36 ans, Beat Bussmann remet la direction op\u00e9rationnelle d'Opacc Software AG et se concentre sur la pr\u00e9sidence du conseil d'administration.","robots":{"index":"index","follow":"follow","max-snippet":"max-snippet:-1","max-image-preview":"max-image-preview:large","max-video-preview":"max-video-preview:-1"},"canonical":"https:\/\/www.organisator.ch\/fr\/abonnement\/2024-12-06\/programmieren-kann-ich-nicht\/","og_locale":"fr_FR","og_type":"article","og_title":"\u00abProgrammieren kann ich nicht\u00bb","og_description":"Beat Bussmann \u00fcbergibt nach 36 Jahren die operative Leitung der Opacc Software AG und konzentriert sich auf das Verwaltungsratspr\u00e4sidium.","og_url":"https:\/\/www.organisator.ch\/fr\/abonnement\/2024-12-06\/programmieren-kann-ich-nicht\/","og_site_name":"Organisator","article_publisher":"https:\/\/www.facebook.com\/OrganisatorFachmagazin","article_published_time":"2024-12-06T00:46:58+00:00","article_modified_time":"2024-12-06T06:04:43+00:00","og_image":[{"width":1038,"height":970,"url":"https:\/\/www.organisator.ch\/wp-content\/uploads\/2024\/12\/Management_Auftakt_Bild1_organisator_129796-scaled-e1733465077293.jpg","type":"image\/jpeg"}],"author":"admin","twitter_card":"summary_large_image","twitter_title":"\u00abProgrammieren kann ich nicht\u00bb","twitter_description":"#Beat #Bussmann \u00fcbergibt nach 36 Jahren die #operative #Leitung der #Opacc #Software AG und konzentriert sich auf das #Verwaltungsratspr\u00e4sidium.","twitter_image":"https:\/\/www.organisator.ch\/wp-content\/uploads\/2024\/12\/Management_Auftakt_Bild1_organisator_129796-scaled-e1733465077293.jpg","schema":{"@context":"https:\/\/schema.org","@graph":[{"@type":"Article","@id":"https:\/\/www.organisator.ch\/abo\/2024-12-06\/programmieren-kann-ich-nicht\/#article","isPartOf":{"@id":"https:\/\/www.organisator.ch\/abo\/2024-12-06\/programmieren-kann-ich-nicht\/"},"author":{"name":"admin","@id":"https:\/\/www.organisator.ch\/#\/schema\/person\/aa2bace6c5c5aad60102004a50c4eb1c"},"headline":"\u00abProgrammieren kann ich nicht\u00bb","datePublished":"2024-12-06T00:46:58+00:00","dateModified":"2024-12-06T06:04:43+00:00","mainEntityOfPage":{"@id":"https:\/\/www.organisator.ch\/abo\/2024-12-06\/programmieren-kann-ich-nicht\/"},"wordCount":2550,"publisher":{"@id":"https:\/\/www.organisator.ch\/#organization"},"image":{"@id":"https:\/\/www.organisator.ch\/abo\/2024-12-06\/programmieren-kann-ich-nicht\/#primaryimage"},"thumbnailUrl":"https:\/\/www.organisator.ch\/wp-content\/uploads\/2024\/12\/Management_Auftakt_Bild1_organisator_129796-scaled-e1733465077293.jpg","keywords":["CRM","ERP","Softwareentwicklung","Softwarel\u00f6sung","Stab\u00fcbergabe","Verwaltungsrat","Wechsel"],"articleSection":["ABO+","MANAGEMENT"],"inLanguage":"fr-FR"},{"@type":"WebPage","@id":"https:\/\/www.organisator.ch\/abo\/2024-12-06\/programmieren-kann-ich-nicht\/","url":"https:\/\/www.organisator.ch\/abo\/2024-12-06\/programmieren-kann-ich-nicht\/","name":"\"Je ne sais pas programmer\" - Organisateur","isPartOf":{"@id":"https:\/\/www.organisator.ch\/#website"},"primaryImageOfPage":{"@id":"https:\/\/www.organisator.ch\/abo\/2024-12-06\/programmieren-kann-ich-nicht\/#primaryimage"},"image":{"@id":"https:\/\/www.organisator.ch\/abo\/2024-12-06\/programmieren-kann-ich-nicht\/#primaryimage"},"thumbnailUrl":"https:\/\/www.organisator.ch\/wp-content\/uploads\/2024\/12\/Management_Auftakt_Bild1_organisator_129796-scaled-e1733465077293.jpg","datePublished":"2024-12-06T00:46:58+00:00","dateModified":"2024-12-06T06:04:43+00:00","description":"Apr\u00e8s 36 ans, Beat Bussmann remet la direction op\u00e9rationnelle d'Opacc Software AG et se concentre sur la pr\u00e9sidence du conseil d'administration.","breadcrumb":{"@id":"https:\/\/www.organisator.ch\/abo\/2024-12-06\/programmieren-kann-ich-nicht\/#breadcrumb"},"inLanguage":"fr-FR","potentialAction":[{"@type":"ReadAction","target":["https:\/\/www.organisator.ch\/abo\/2024-12-06\/programmieren-kann-ich-nicht\/"]}]},{"@type":"ImageObject","inLanguage":"fr-FR","@id":"https:\/\/www.organisator.ch\/abo\/2024-12-06\/programmieren-kann-ich-nicht\/#primaryimage","url":"https:\/\/www.organisator.ch\/wp-content\/uploads\/2024\/12\/Management_Auftakt_Bild1_organisator_129796-scaled-e1733465077293.jpg","contentUrl":"https:\/\/www.organisator.ch\/wp-content\/uploads\/2024\/12\/Management_Auftakt_Bild1_organisator_129796-scaled-e1733465077293.jpg","width":1038,"height":970,"caption":"Foto: Opacc Software AG"},{"@type":"BreadcrumbList","@id":"https:\/\/www.organisator.ch\/abo\/2024-12-06\/programmieren-kann-ich-nicht\/#breadcrumb","itemListElement":[{"@type":"ListItem","position":1,"name":"Home","item":"https:\/\/www.organisator.ch\/"},{"@type":"ListItem","position":2,"name":"\u00abProgrammieren kann ich nicht\u00bb"}]},{"@type":"WebSite","@id":"https:\/\/www.organisator.ch\/#website","url":"https:\/\/www.organisator.ch\/","name":"Organisateur","description":"Comp\u00e9tence et comp\u00e9tence. Proches de la pratique. L'ORGANISATEUR pr\u00e9pare 10 num\u00e9ros par an sur les th\u00e8mes essentiels pour les dirigeants de PME.","publisher":{"@id":"https:\/\/www.organisator.ch\/#organization"},"potentialAction":[{"@type":"SearchAction","target":{"@type":"EntryPoint","urlTemplate":"https:\/\/www.organisator.ch\/?s={search_term_string}"},"query-input":{"@type":"PropertyValueSpecification","valueRequired":true,"valueName":"search_term_string"}}],"inLanguage":"fr-FR"},{"@type":"Organization","@id":"https:\/\/www.organisator.ch\/#organization","name":"Organisateur","url":"https:\/\/www.organisator.ch\/","logo":{"@type":"ImageObject","inLanguage":"fr-FR","@id":"https:\/\/www.organisator.ch\/#\/schema\/logo\/image\/","url":"https:\/\/www.organisator.ch\/wp-content\/uploads\/2022\/01\/Logo_Organisator_Website.png","contentUrl":"https:\/\/www.organisator.ch\/wp-content\/uploads\/2022\/01\/Logo_Organisator_Website.png","width":800,"height":77,"caption":"Organisator"},"image":{"@id":"https:\/\/www.organisator.ch\/#\/schema\/logo\/image\/"},"sameAs":["https:\/\/www.facebook.com\/OrganisatorFachmagazin","https:\/\/www.linkedin.com\/showcase\/organisator-das-magazin-fr-kmu","https:\/\/www.xing.com\/news\/pages\/organisator-ch-695","https:\/\/www.youtube.com\/channel\/UCGP2Sq0iWaZwT3BdIAQFYpw"]},{"@type":"Person","@id":"https:\/\/www.organisator.ch\/#\/schema\/person\/aa2bace6c5c5aad60102004a50c4eb1c","name":"admin","image":{"@type":"ImageObject","inLanguage":"fr-FR","@id":"https:\/\/secure.gravatar.com\/avatar\/ae2f4d718e6c49043e314ce431e7e645d646302a24a5ef5a8bc8e3f5a032e319?s=96&d=mm&r=g","url":"https:\/\/secure.gravatar.com\/avatar\/ae2f4d718e6c49043e314ce431e7e645d646302a24a5ef5a8bc8e3f5a032e319?s=96&d=mm&r=g","contentUrl":"https:\/\/secure.gravatar.com\/avatar\/ae2f4d718e6c49043e314ce431e7e645d646302a24a5ef5a8bc8e3f5a032e319?s=96&d=mm&r=g","caption":"admin"},"sameAs":["https:\/\/www.organisator.ch"],"url":"https:\/\/www.organisator.ch\/fr\/author\/admin\/"}]}},"_links":{"self":[{"href":"https:\/\/www.organisator.ch\/fr\/wp-json\/wp\/v2\/posts\/34188","targetHints":{"allow":["GET"]}}],"collection":[{"href":"https:\/\/www.organisator.ch\/fr\/wp-json\/wp\/v2\/posts"}],"about":[{"href":"https:\/\/www.organisator.ch\/fr\/wp-json\/wp\/v2\/types\/post"}],"author":[{"embeddable":true,"href":"https:\/\/www.organisator.ch\/fr\/wp-json\/wp\/v2\/users\/1"}],"replies":[{"embeddable":true,"href":"https:\/\/www.organisator.ch\/fr\/wp-json\/wp\/v2\/comments?post=34188"}],"version-history":[{"count":5,"href":"https:\/\/www.organisator.ch\/fr\/wp-json\/wp\/v2\/posts\/34188\/revisions"}],"predecessor-version":[{"id":34469,"href":"https:\/\/www.organisator.ch\/fr\/wp-json\/wp\/v2\/posts\/34188\/revisions\/34469"}],"wp:featuredmedia":[{"embeddable":true,"href":"https:\/\/www.organisator.ch\/fr\/wp-json\/wp\/v2\/media\/34186"}],"wp:attachment":[{"href":"https:\/\/www.organisator.ch\/fr\/wp-json\/wp\/v2\/media?parent=34188"}],"wp:term":[{"taxonomy":"category","embeddable":true,"href":"https:\/\/www.organisator.ch\/fr\/wp-json\/wp\/v2\/categories?post=34188"},{"taxonomy":"post_tag","embeddable":true,"href":"https:\/\/www.organisator.ch\/fr\/wp-json\/wp\/v2\/tags?post=34188"}],"curies":[{"name":"wp","href":"https:\/\/api.w.org\/{rel}","templated":true}]}}