{"id":34200,"date":"2024-12-06T01:18:35","date_gmt":"2024-12-06T00:18:35","guid":{"rendered":"https:\/\/www.organisator.ch\/de\/?p=34200"},"modified":"2024-12-03T11:01:19","modified_gmt":"2024-12-03T10:01:19","slug":"wie-man-sich-und-seine-neue-firma-richtig-verkauft","status":"publish","type":"post","link":"https:\/\/www.organisator.ch\/fr\/abo\/2024-12-06\/wie-man-sich-und-seine-neue-firma-richtig-verkauft\/","title":{"rendered":"Comment bien se vendre et vendre sa nouvelle entreprise"},"content":{"rendered":"<div class=\"swpm-post-not-logged-in-msg\">Vous devez \u00eatre connect\u00e9 pour voir ce contenu. Veuillez <a class=\"swpm-login-link\" href=\"https:\/\/www.organisator.ch\/login\/\">Se connecter<\/a>. Pas un membre ? <a href=\"https:\/\/www.organisator.ch\/shop\/\">Nous Rejoindre<\/a><\/div>","protected":false},"excerpt":{"rendered":"<p>Lorsque l'on souhaite cr\u00e9er une entreprise avec succ\u00e8s, de nombreuses pens\u00e9es se bousculent dans la t\u00eate. Car ce n'est pas seulement l'id\u00e9e en soi qui compte, mais aussi tout ce qui l'entoure : quels sont les pi\u00e8ges juridiques ? Comment trouver les bons fournisseurs et les bons collaborateurs ? Comment \u00e9tablir un business plan pour obtenir un cr\u00e9dit ?<\/p>","protected":false},"author":1,"featured_media":34199,"comment_status":"closed","ping_status":"closed","sticky":false,"template":"","format":"standard","meta":{"_acf_changed":false,"_yoast_wpseo_focuskw":"Unternehmensgr\u00fcndung","_yoast_wpseo_metadesc":"Erfolgreiche Unternehmensgr\u00fcndung: Tipps f\u00fcr Vertrieb und Verkauf, um Kunden zu gewinnen und das Gesch\u00e4ft voranzubringen.","articlekey":"130545","footnotes":""},"categories":[578,29],"tags":[4904,3634,3635,4905,339,424,3548],"class_list":["post-34200","post","type-post","status-publish","format-standard","has-post-thumbnail","hentry","category-abo","category-marketing","tag-geschaeftsidee","tag-jungunternehmen","tag-kundenbindung","tag-lieferanten","tag-marketing","tag-schweiz","tag-unternehmensgruendung"],"acf":[],"yoast_head":"<!-- This site is optimized with the Yoast SEO plugin v27.4 - https:\/\/yoast.com\/product\/yoast-seo-wordpress\/ -->\n<title>Wie man sich und seine neue Firma richtig verkauft - Organisator<\/title>\n<meta name=\"description\" content=\"Erfolgreiche Unternehmensgr\u00fcndung: Tipps f\u00fcr Vertrieb und Verkauf, um Kunden zu gewinnen und das Gesch\u00e4ft voranzubringen.\" \/>\n<meta name=\"robots\" content=\"index, follow, max-snippet:-1, max-image-preview:large, max-video-preview:-1\" \/>\n<link rel=\"canonical\" href=\"https:\/\/www.organisator.ch\/fr\/abonnement\/2024-12-06\/wie-man-sich-und-seine-neue-firma-richtig-verkauft\/\" \/>\n<meta property=\"og:locale\" content=\"fr_FR\" \/>\n<meta property=\"og:type\" content=\"article\" \/>\n<meta property=\"og:title\" content=\"Wie man sich und seine neue Firma richtig verkauft\" \/>\n<meta property=\"og:description\" content=\"Erfolgreiche Unternehmensgr\u00fcndung: Tipps f\u00fcr Vertrieb und Verkauf, um Kunden zu gewinnen und das Gesch\u00e4ft voranzubringen.\" \/>\n<meta property=\"og:url\" content=\"https:\/\/www.organisator.ch\/fr\/abonnement\/2024-12-06\/wie-man-sich-und-seine-neue-firma-richtig-verkauft\/\" \/>\n<meta property=\"og:site_name\" content=\"Organisator\" \/>\n<meta property=\"article:publisher\" content=\"https:\/\/www.facebook.com\/OrganisatorFachmagazin\" \/>\n<meta property=\"article:published_time\" content=\"2024-12-06T00:18:35+00:00\" \/>\n<meta property=\"og:image\" content=\"https:\/\/www.organisator.ch\/wp-content\/uploads\/2024\/12\/Marketing_Schumacher_Bild_organisator_130603-scaled.jpg\" \/>\n\t<meta property=\"og:image:width\" content=\"1400\" \/>\n\t<meta property=\"og:image:height\" content=\"870\" \/>\n\t<meta property=\"og:image:type\" content=\"image\/jpeg\" \/>\n<meta name=\"author\" content=\"admin\" \/>\n<meta name=\"twitter:card\" content=\"summary_large_image\" \/>\n<meta name=\"twitter:title\" content=\"Wie man sich und seine neue Firma richtig verkauft\" \/>\n<meta name=\"twitter:description\" content=\"#Erfolgreiche #Unternehmensgr\u00fcndung: #Tipps f\u00fcr #Vertrieb und #Verkauf, um #Kunden zu gewinnen und das #Gesch\u00e4ft voranzubringen.\" \/>\n<meta name=\"twitter:image\" content=\"https:\/\/www.organisator.ch\/wp-content\/uploads\/2024\/12\/Marketing_Schumacher_Bild_organisator_130603-scaled.jpg\" \/>\n<script type=\"application\/ld+json\" class=\"yoast-schema-graph\">{\"@context\":\"https:\\\/\\\/schema.org\",\"@graph\":[{\"@type\":\"Article\",\"@id\":\"https:\\\/\\\/www.organisator.ch\\\/abo\\\/2024-12-06\\\/wie-man-sich-und-seine-neue-firma-richtig-verkauft\\\/#article\",\"isPartOf\":{\"@id\":\"https:\\\/\\\/www.organisator.ch\\\/abo\\\/2024-12-06\\\/wie-man-sich-und-seine-neue-firma-richtig-verkauft\\\/\"},\"author\":{\"name\":\"admin\",\"@id\":\"https:\\\/\\\/www.organisator.ch\\\/#\\\/schema\\\/person\\\/aa2bace6c5c5aad60102004a50c4eb1c\"},\"headline\":\"Wie man sich und seine neue Firma richtig verkauft\",\"datePublished\":\"2024-12-06T00:18:35+00:00\",\"mainEntityOfPage\":{\"@id\":\"https:\\\/\\\/www.organisator.ch\\\/abo\\\/2024-12-06\\\/wie-man-sich-und-seine-neue-firma-richtig-verkauft\\\/\"},\"wordCount\":1046,\"publisher\":{\"@id\":\"https:\\\/\\\/www.organisator.ch\\\/#organization\"},\"image\":{\"@id\":\"https:\\\/\\\/www.organisator.ch\\\/abo\\\/2024-12-06\\\/wie-man-sich-und-seine-neue-firma-richtig-verkauft\\\/#primaryimage\"},\"thumbnailUrl\":\"https:\\\/\\\/www.organisator.ch\\\/wp-content\\\/uploads\\\/2024\\\/12\\\/Marketing_Schumacher_Bild_organisator_130603-scaled.jpg\",\"keywords\":[\"Gesch\u00e4ftsidee\",\"Jungunternehmen\",\"Kundenbindung\",\"Lieferanten\",\"Marketing\",\"Schweiz\",\"Unternehmensgr\u00fcndung\"],\"articleSection\":[\"ABO+\",\"MARKETING\"],\"inLanguage\":\"fr-FR\"},{\"@type\":\"WebPage\",\"@id\":\"https:\\\/\\\/www.organisator.ch\\\/abo\\\/2024-12-06\\\/wie-man-sich-und-seine-neue-firma-richtig-verkauft\\\/\",\"url\":\"https:\\\/\\\/www.organisator.ch\\\/abo\\\/2024-12-06\\\/wie-man-sich-und-seine-neue-firma-richtig-verkauft\\\/\",\"name\":\"Wie man sich und seine neue Firma richtig verkauft - Organisator\",\"isPartOf\":{\"@id\":\"https:\\\/\\\/www.organisator.ch\\\/#website\"},\"primaryImageOfPage\":{\"@id\":\"https:\\\/\\\/www.organisator.ch\\\/abo\\\/2024-12-06\\\/wie-man-sich-und-seine-neue-firma-richtig-verkauft\\\/#primaryimage\"},\"image\":{\"@id\":\"https:\\\/\\\/www.organisator.ch\\\/abo\\\/2024-12-06\\\/wie-man-sich-und-seine-neue-firma-richtig-verkauft\\\/#primaryimage\"},\"thumbnailUrl\":\"https:\\\/\\\/www.organisator.ch\\\/wp-content\\\/uploads\\\/2024\\\/12\\\/Marketing_Schumacher_Bild_organisator_130603-scaled.jpg\",\"datePublished\":\"2024-12-06T00:18:35+00:00\",\"description\":\"Erfolgreiche Unternehmensgr\u00fcndung: Tipps f\u00fcr Vertrieb und Verkauf, um Kunden zu gewinnen und das Gesch\u00e4ft voranzubringen.\",\"breadcrumb\":{\"@id\":\"https:\\\/\\\/www.organisator.ch\\\/abo\\\/2024-12-06\\\/wie-man-sich-und-seine-neue-firma-richtig-verkauft\\\/#breadcrumb\"},\"inLanguage\":\"fr-FR\",\"potentialAction\":[{\"@type\":\"ReadAction\",\"target\":[\"https:\\\/\\\/www.organisator.ch\\\/abo\\\/2024-12-06\\\/wie-man-sich-und-seine-neue-firma-richtig-verkauft\\\/\"]}]},{\"@type\":\"ImageObject\",\"inLanguage\":\"fr-FR\",\"@id\":\"https:\\\/\\\/www.organisator.ch\\\/abo\\\/2024-12-06\\\/wie-man-sich-und-seine-neue-firma-richtig-verkauft\\\/#primaryimage\",\"url\":\"https:\\\/\\\/www.organisator.ch\\\/wp-content\\\/uploads\\\/2024\\\/12\\\/Marketing_Schumacher_Bild_organisator_130603-scaled.jpg\",\"contentUrl\":\"https:\\\/\\\/www.organisator.ch\\\/wp-content\\\/uploads\\\/2024\\\/12\\\/Marketing_Schumacher_Bild_organisator_130603-scaled.jpg\",\"width\":1400,\"height\":870,\"caption\":\"Gr\u00fcnderinnen und Gr\u00fcnder brauchen f\u00fcr eine neue Firma nicht nur gute Gesch\u00e4ftsideen, sondern auch die n\u00f6tigen Verkaufs-Skills. \u00a9 Gerd Altmann \\\/ Pixabay.com\"},{\"@type\":\"BreadcrumbList\",\"@id\":\"https:\\\/\\\/www.organisator.ch\\\/abo\\\/2024-12-06\\\/wie-man-sich-und-seine-neue-firma-richtig-verkauft\\\/#breadcrumb\",\"itemListElement\":[{\"@type\":\"ListItem\",\"position\":1,\"name\":\"Home\",\"item\":\"https:\\\/\\\/www.organisator.ch\\\/\"},{\"@type\":\"ListItem\",\"position\":2,\"name\":\"Wie man sich und seine neue Firma richtig verkauft\"}]},{\"@type\":\"WebSite\",\"@id\":\"https:\\\/\\\/www.organisator.ch\\\/#website\",\"url\":\"https:\\\/\\\/www.organisator.ch\\\/\",\"name\":\"Organisator\",\"description\":\"Kompetent. Praxisnah. Der ORGANISATOR bereitet in 10 Ausgaben pro Jahr die wesentlichen Themen f\u00fcr F\u00fchrungskr\u00e4fte von KMU auf.\",\"publisher\":{\"@id\":\"https:\\\/\\\/www.organisator.ch\\\/#organization\"},\"potentialAction\":[{\"@type\":\"SearchAction\",\"target\":{\"@type\":\"EntryPoint\",\"urlTemplate\":\"https:\\\/\\\/www.organisator.ch\\\/?s={search_term_string}\"},\"query-input\":{\"@type\":\"PropertyValueSpecification\",\"valueRequired\":true,\"valueName\":\"search_term_string\"}}],\"inLanguage\":\"fr-FR\"},{\"@type\":\"Organization\",\"@id\":\"https:\\\/\\\/www.organisator.ch\\\/#organization\",\"name\":\"Organisator\",\"url\":\"https:\\\/\\\/www.organisator.ch\\\/\",\"logo\":{\"@type\":\"ImageObject\",\"inLanguage\":\"fr-FR\",\"@id\":\"https:\\\/\\\/www.organisator.ch\\\/#\\\/schema\\\/logo\\\/image\\\/\",\"url\":\"https:\\\/\\\/www.organisator.ch\\\/wp-content\\\/uploads\\\/2022\\\/01\\\/Logo_Organisator_Website.png\",\"contentUrl\":\"https:\\\/\\\/www.organisator.ch\\\/wp-content\\\/uploads\\\/2022\\\/01\\\/Logo_Organisator_Website.png\",\"width\":800,\"height\":77,\"caption\":\"Organisator\"},\"image\":{\"@id\":\"https:\\\/\\\/www.organisator.ch\\\/#\\\/schema\\\/logo\\\/image\\\/\"},\"sameAs\":[\"https:\\\/\\\/www.facebook.com\\\/OrganisatorFachmagazin\",\"https:\\\/\\\/www.linkedin.com\\\/showcase\\\/organisator-das-magazin-fr-kmu\",\"https:\\\/\\\/www.xing.com\\\/news\\\/pages\\\/organisator-ch-695\",\"https:\\\/\\\/www.youtube.com\\\/channel\\\/UCGP2Sq0iWaZwT3BdIAQFYpw\"]},{\"@type\":\"Person\",\"@id\":\"https:\\\/\\\/www.organisator.ch\\\/#\\\/schema\\\/person\\\/aa2bace6c5c5aad60102004a50c4eb1c\",\"name\":\"admin\",\"image\":{\"@type\":\"ImageObject\",\"inLanguage\":\"fr-FR\",\"@id\":\"https:\\\/\\\/secure.gravatar.com\\\/avatar\\\/ae2f4d718e6c49043e314ce431e7e645d646302a24a5ef5a8bc8e3f5a032e319?s=96&d=mm&r=g\",\"url\":\"https:\\\/\\\/secure.gravatar.com\\\/avatar\\\/ae2f4d718e6c49043e314ce431e7e645d646302a24a5ef5a8bc8e3f5a032e319?s=96&d=mm&r=g\",\"contentUrl\":\"https:\\\/\\\/secure.gravatar.com\\\/avatar\\\/ae2f4d718e6c49043e314ce431e7e645d646302a24a5ef5a8bc8e3f5a032e319?s=96&d=mm&r=g\",\"caption\":\"admin\"},\"sameAs\":[\"https:\\\/\\\/www.organisator.ch\"],\"url\":\"https:\\\/\\\/www.organisator.ch\\\/fr\\\/author\\\/admin\\\/\"}]}<\/script>\n<!-- \/ Yoast SEO plugin. -->","yoast_head_json":{"title":"Comment bien se vendre et vendre sa nouvelle entreprise - Organisateur","description":"R\u00e9ussir sa cr\u00e9ation d'entreprise : conseils pour la distribution et la vente afin d'attirer les clients et de faire progresser l'entreprise.","robots":{"index":"index","follow":"follow","max-snippet":"max-snippet:-1","max-image-preview":"max-image-preview:large","max-video-preview":"max-video-preview:-1"},"canonical":"https:\/\/www.organisator.ch\/fr\/abonnement\/2024-12-06\/wie-man-sich-und-seine-neue-firma-richtig-verkauft\/","og_locale":"fr_FR","og_type":"article","og_title":"Wie man sich und seine neue Firma richtig verkauft","og_description":"Erfolgreiche Unternehmensgr\u00fcndung: Tipps f\u00fcr Vertrieb und Verkauf, um Kunden zu gewinnen und das Gesch\u00e4ft voranzubringen.","og_url":"https:\/\/www.organisator.ch\/fr\/abonnement\/2024-12-06\/wie-man-sich-und-seine-neue-firma-richtig-verkauft\/","og_site_name":"Organisator","article_publisher":"https:\/\/www.facebook.com\/OrganisatorFachmagazin","article_published_time":"2024-12-06T00:18:35+00:00","og_image":[{"width":1400,"height":870,"url":"https:\/\/www.organisator.ch\/wp-content\/uploads\/2024\/12\/Marketing_Schumacher_Bild_organisator_130603-scaled.jpg","type":"image\/jpeg"}],"author":"admin","twitter_card":"summary_large_image","twitter_title":"Wie man sich und seine neue Firma richtig verkauft","twitter_description":"#Erfolgreiche #Unternehmensgr\u00fcndung: #Tipps f\u00fcr #Vertrieb und #Verkauf, um #Kunden zu gewinnen und das #Gesch\u00e4ft voranzubringen.","twitter_image":"https:\/\/www.organisator.ch\/wp-content\/uploads\/2024\/12\/Marketing_Schumacher_Bild_organisator_130603-scaled.jpg","schema":{"@context":"https:\/\/schema.org","@graph":[{"@type":"Article","@id":"https:\/\/www.organisator.ch\/abo\/2024-12-06\/wie-man-sich-und-seine-neue-firma-richtig-verkauft\/#article","isPartOf":{"@id":"https:\/\/www.organisator.ch\/abo\/2024-12-06\/wie-man-sich-und-seine-neue-firma-richtig-verkauft\/"},"author":{"name":"admin","@id":"https:\/\/www.organisator.ch\/#\/schema\/person\/aa2bace6c5c5aad60102004a50c4eb1c"},"headline":"Wie man sich und seine neue Firma richtig verkauft","datePublished":"2024-12-06T00:18:35+00:00","mainEntityOfPage":{"@id":"https:\/\/www.organisator.ch\/abo\/2024-12-06\/wie-man-sich-und-seine-neue-firma-richtig-verkauft\/"},"wordCount":1046,"publisher":{"@id":"https:\/\/www.organisator.ch\/#organization"},"image":{"@id":"https:\/\/www.organisator.ch\/abo\/2024-12-06\/wie-man-sich-und-seine-neue-firma-richtig-verkauft\/#primaryimage"},"thumbnailUrl":"https:\/\/www.organisator.ch\/wp-content\/uploads\/2024\/12\/Marketing_Schumacher_Bild_organisator_130603-scaled.jpg","keywords":["Gesch\u00e4ftsidee","Jungunternehmen","Kundenbindung","Lieferanten","Marketing","Schweiz","Unternehmensgr\u00fcndung"],"articleSection":["ABO+","MARKETING"],"inLanguage":"fr-FR"},{"@type":"WebPage","@id":"https:\/\/www.organisator.ch\/abo\/2024-12-06\/wie-man-sich-und-seine-neue-firma-richtig-verkauft\/","url":"https:\/\/www.organisator.ch\/abo\/2024-12-06\/wie-man-sich-und-seine-neue-firma-richtig-verkauft\/","name":"Comment bien se vendre et vendre sa nouvelle entreprise - Organisateur","isPartOf":{"@id":"https:\/\/www.organisator.ch\/#website"},"primaryImageOfPage":{"@id":"https:\/\/www.organisator.ch\/abo\/2024-12-06\/wie-man-sich-und-seine-neue-firma-richtig-verkauft\/#primaryimage"},"image":{"@id":"https:\/\/www.organisator.ch\/abo\/2024-12-06\/wie-man-sich-und-seine-neue-firma-richtig-verkauft\/#primaryimage"},"thumbnailUrl":"https:\/\/www.organisator.ch\/wp-content\/uploads\/2024\/12\/Marketing_Schumacher_Bild_organisator_130603-scaled.jpg","datePublished":"2024-12-06T00:18:35+00:00","description":"R\u00e9ussir sa cr\u00e9ation d'entreprise : conseils pour la distribution et la vente afin d'attirer les clients et de faire progresser l'entreprise.","breadcrumb":{"@id":"https:\/\/www.organisator.ch\/abo\/2024-12-06\/wie-man-sich-und-seine-neue-firma-richtig-verkauft\/#breadcrumb"},"inLanguage":"fr-FR","potentialAction":[{"@type":"ReadAction","target":["https:\/\/www.organisator.ch\/abo\/2024-12-06\/wie-man-sich-und-seine-neue-firma-richtig-verkauft\/"]}]},{"@type":"ImageObject","inLanguage":"fr-FR","@id":"https:\/\/www.organisator.ch\/abo\/2024-12-06\/wie-man-sich-und-seine-neue-firma-richtig-verkauft\/#primaryimage","url":"https:\/\/www.organisator.ch\/wp-content\/uploads\/2024\/12\/Marketing_Schumacher_Bild_organisator_130603-scaled.jpg","contentUrl":"https:\/\/www.organisator.ch\/wp-content\/uploads\/2024\/12\/Marketing_Schumacher_Bild_organisator_130603-scaled.jpg","width":1400,"height":870,"caption":"Gr\u00fcnderinnen und Gr\u00fcnder brauchen f\u00fcr eine neue Firma nicht nur gute Gesch\u00e4ftsideen, sondern auch die n\u00f6tigen Verkaufs-Skills. \u00a9 Gerd Altmann \/ Pixabay.com"},{"@type":"BreadcrumbList","@id":"https:\/\/www.organisator.ch\/abo\/2024-12-06\/wie-man-sich-und-seine-neue-firma-richtig-verkauft\/#breadcrumb","itemListElement":[{"@type":"ListItem","position":1,"name":"Home","item":"https:\/\/www.organisator.ch\/"},{"@type":"ListItem","position":2,"name":"Wie man sich und seine neue Firma richtig verkauft"}]},{"@type":"WebSite","@id":"https:\/\/www.organisator.ch\/#website","url":"https:\/\/www.organisator.ch\/","name":"Organisateur","description":"Comp\u00e9tence et comp\u00e9tence. Proches de la pratique. L'ORGANISATEUR pr\u00e9pare 10 num\u00e9ros par an sur les th\u00e8mes essentiels pour les dirigeants de PME.","publisher":{"@id":"https:\/\/www.organisator.ch\/#organization"},"potentialAction":[{"@type":"SearchAction","target":{"@type":"EntryPoint","urlTemplate":"https:\/\/www.organisator.ch\/?s={search_term_string}"},"query-input":{"@type":"PropertyValueSpecification","valueRequired":true,"valueName":"search_term_string"}}],"inLanguage":"fr-FR"},{"@type":"Organization","@id":"https:\/\/www.organisator.ch\/#organization","name":"Organisateur","url":"https:\/\/www.organisator.ch\/","logo":{"@type":"ImageObject","inLanguage":"fr-FR","@id":"https:\/\/www.organisator.ch\/#\/schema\/logo\/image\/","url":"https:\/\/www.organisator.ch\/wp-content\/uploads\/2022\/01\/Logo_Organisator_Website.png","contentUrl":"https:\/\/www.organisator.ch\/wp-content\/uploads\/2022\/01\/Logo_Organisator_Website.png","width":800,"height":77,"caption":"Organisator"},"image":{"@id":"https:\/\/www.organisator.ch\/#\/schema\/logo\/image\/"},"sameAs":["https:\/\/www.facebook.com\/OrganisatorFachmagazin","https:\/\/www.linkedin.com\/showcase\/organisator-das-magazin-fr-kmu","https:\/\/www.xing.com\/news\/pages\/organisator-ch-695","https:\/\/www.youtube.com\/channel\/UCGP2Sq0iWaZwT3BdIAQFYpw"]},{"@type":"Person","@id":"https:\/\/www.organisator.ch\/#\/schema\/person\/aa2bace6c5c5aad60102004a50c4eb1c","name":"admin","image":{"@type":"ImageObject","inLanguage":"fr-FR","@id":"https:\/\/secure.gravatar.com\/avatar\/ae2f4d718e6c49043e314ce431e7e645d646302a24a5ef5a8bc8e3f5a032e319?s=96&d=mm&r=g","url":"https:\/\/secure.gravatar.com\/avatar\/ae2f4d718e6c49043e314ce431e7e645d646302a24a5ef5a8bc8e3f5a032e319?s=96&d=mm&r=g","contentUrl":"https:\/\/secure.gravatar.com\/avatar\/ae2f4d718e6c49043e314ce431e7e645d646302a24a5ef5a8bc8e3f5a032e319?s=96&d=mm&r=g","caption":"admin"},"sameAs":["https:\/\/www.organisator.ch"],"url":"https:\/\/www.organisator.ch\/fr\/author\/admin\/"}]}},"_links":{"self":[{"href":"https:\/\/www.organisator.ch\/fr\/wp-json\/wp\/v2\/posts\/34200","targetHints":{"allow":["GET"]}}],"collection":[{"href":"https:\/\/www.organisator.ch\/fr\/wp-json\/wp\/v2\/posts"}],"about":[{"href":"https:\/\/www.organisator.ch\/fr\/wp-json\/wp\/v2\/types\/post"}],"author":[{"embeddable":true,"href":"https:\/\/www.organisator.ch\/fr\/wp-json\/wp\/v2\/users\/1"}],"replies":[{"embeddable":true,"href":"https:\/\/www.organisator.ch\/fr\/wp-json\/wp\/v2\/comments?post=34200"}],"version-history":[{"count":2,"href":"https:\/\/www.organisator.ch\/fr\/wp-json\/wp\/v2\/posts\/34200\/revisions"}],"predecessor-version":[{"id":34363,"href":"https:\/\/www.organisator.ch\/fr\/wp-json\/wp\/v2\/posts\/34200\/revisions\/34363"}],"wp:featuredmedia":[{"embeddable":true,"href":"https:\/\/www.organisator.ch\/fr\/wp-json\/wp\/v2\/media\/34199"}],"wp:attachment":[{"href":"https:\/\/www.organisator.ch\/fr\/wp-json\/wp\/v2\/media?parent=34200"}],"wp:term":[{"taxonomy":"category","embeddable":true,"href":"https:\/\/www.organisator.ch\/fr\/wp-json\/wp\/v2\/categories?post=34200"},{"taxonomy":"post_tag","embeddable":true,"href":"https:\/\/www.organisator.ch\/fr\/wp-json\/wp\/v2\/tags?post=34200"}],"curies":[{"name":"wp","href":"https:\/\/api.w.org\/{rel}","templated":true}]}}