{"id":34245,"date":"2024-12-05T21:37:29","date_gmt":"2024-12-05T20:37:29","guid":{"rendered":"https:\/\/www.organisator.ch\/de\/?p=34245"},"modified":"2024-12-02T13:06:23","modified_gmt":"2024-12-02T12:06:23","slug":"unfall-im-betrieb-haben-sie-vorgesorgt","status":"publish","type":"post","link":"https:\/\/www.organisator.ch\/fr\/abo\/2024-12-05\/unfall-im-betrieb-haben-sie-vorgesorgt\/","title":{"rendered":"Accident dans l'entreprise - avez-vous pris des dispositions ?"},"content":{"rendered":"<div class=\"swpm-post-not-logged-in-msg\">Vous devez \u00eatre connect\u00e9 pour voir ce contenu. Veuillez <a class=\"swpm-login-link\" href=\"https:\/\/www.organisator.ch\/login\/\">Se connecter<\/a>. Pas un membre ? <a href=\"https:\/\/www.organisator.ch\/shop\/\">Nous Rejoindre<\/a><\/div>","protected":false},"excerpt":{"rendered":"<p>Selon les statistiques de la Suva, plus de 290 000 personnes ont un accident chaque ann\u00e9e en Suisse dans les entreprises. La protection de la sant\u00e9 et la pr\u00e9vention des accidents rev\u00eatent donc une grande importance - sans oublier les premiers secours.<\/p>","protected":false},"author":1,"featured_media":34243,"comment_status":"closed","ping_status":"closed","sticky":false,"template":"","format":"standard","meta":{"_acf_changed":false,"_yoast_wpseo_focuskw":"Erste-Hilfe-Kurse","_yoast_wpseo_metadesc":"Erste-Hilfe-Kurse in Firmen sind entscheidend. Sie f\u00f6rdern Sicherheit, Teamgeist und erf\u00fcllen gesetzliche Anforderungen.","articlekey":"127205","footnotes":""},"categories":[578,582],"tags":[4884,54,3496,244,3617],"class_list":["post-34245","post","type-post","status-publish","format-standard","has-post-thumbnail","hentry","category-abo","category-operational-excellence","tag-arbeitsgesetz","tag-arbeitsunfaelle","tag-erste-hilfe","tag-gesundheitsschutz","tag-unfallpraevention"],"acf":[],"yoast_head":"<!-- This site is optimized with the Yoast SEO plugin v27.5 - https:\/\/yoast.com\/product\/yoast-seo-wordpress\/ -->\n<title>Unfall im Betrieb \u2013 Haben Sie vorgesorgt? - Organisator<\/title>\n<meta name=\"description\" content=\"Erste-Hilfe-Kurse in Firmen sind entscheidend. Sie f\u00f6rdern Sicherheit, Teamgeist und erf\u00fcllen gesetzliche Anforderungen.\" \/>\n<meta name=\"robots\" content=\"index, follow, max-snippet:-1, max-image-preview:large, max-video-preview:-1\" \/>\n<link rel=\"canonical\" href=\"https:\/\/www.organisator.ch\/fr\/abonnement\/2024-12-05\/unfall-im-betrieb-haben-sie-vorgesorgt\/\" \/>\n<meta property=\"og:locale\" content=\"fr_FR\" \/>\n<meta property=\"og:type\" content=\"article\" \/>\n<meta property=\"og:title\" content=\"Unfall im Betrieb \u2013 Haben Sie vorgesorgt?\" \/>\n<meta property=\"og:description\" content=\"Erste-Hilfe-Kurse in Firmen sind entscheidend. Sie f\u00f6rdern Sicherheit, Teamgeist und erf\u00fcllen gesetzliche Anforderungen.\" \/>\n<meta property=\"og:url\" content=\"https:\/\/www.organisator.ch\/fr\/abonnement\/2024-12-05\/unfall-im-betrieb-haben-sie-vorgesorgt\/\" \/>\n<meta property=\"og:site_name\" content=\"Organisator\" \/>\n<meta property=\"article:publisher\" content=\"https:\/\/www.facebook.com\/OrganisatorFachmagazin\" \/>\n<meta property=\"article:published_time\" content=\"2024-12-05T20:37:29+00:00\" \/>\n<meta property=\"og:image\" content=\"https:\/\/www.organisator.ch\/wp-content\/uploads\/2024\/12\/OpEx_Samariter_Bild1_organisator_127208-scaled.jpg\" \/>\n\t<meta property=\"og:image:width\" content=\"1400\" \/>\n\t<meta property=\"og:image:height\" content=\"936\" \/>\n\t<meta property=\"og:image:type\" content=\"image\/jpeg\" \/>\n<meta name=\"author\" content=\"admin\" \/>\n<meta name=\"twitter:card\" content=\"summary_large_image\" \/>\n<meta name=\"twitter:title\" content=\"Unfall im Betrieb \u2013 Haben Sie vorgesorgt?\" \/>\n<meta name=\"twitter:description\" content=\"#Erste-#Hilfe-#Kurse in #Firmen sind entscheidend. Sie f\u00f6rdern #Sicherheit, #Teamgeist und erf\u00fcllen gesetzliche #Anforderungen.\" \/>\n<meta name=\"twitter:image\" content=\"https:\/\/www.organisator.ch\/wp-content\/uploads\/2024\/12\/OpEx_Samariter_Bild1_organisator_127208-scaled.jpg\" \/>\n<script type=\"application\/ld+json\" class=\"yoast-schema-graph\">{\"@context\":\"https:\\\/\\\/schema.org\",\"@graph\":[{\"@type\":\"Article\",\"@id\":\"https:\\\/\\\/www.organisator.ch\\\/abo\\\/2024-12-05\\\/unfall-im-betrieb-haben-sie-vorgesorgt\\\/#article\",\"isPartOf\":{\"@id\":\"https:\\\/\\\/www.organisator.ch\\\/abo\\\/2024-12-05\\\/unfall-im-betrieb-haben-sie-vorgesorgt\\\/\"},\"author\":{\"name\":\"admin\",\"@id\":\"https:\\\/\\\/www.organisator.ch\\\/#\\\/schema\\\/person\\\/aa2bace6c5c5aad60102004a50c4eb1c\"},\"headline\":\"Unfall im Betrieb \u2013 Haben Sie vorgesorgt?\",\"datePublished\":\"2024-12-05T20:37:29+00:00\",\"mainEntityOfPage\":{\"@id\":\"https:\\\/\\\/www.organisator.ch\\\/abo\\\/2024-12-05\\\/unfall-im-betrieb-haben-sie-vorgesorgt\\\/\"},\"wordCount\":662,\"publisher\":{\"@id\":\"https:\\\/\\\/www.organisator.ch\\\/#organization\"},\"image\":{\"@id\":\"https:\\\/\\\/www.organisator.ch\\\/abo\\\/2024-12-05\\\/unfall-im-betrieb-haben-sie-vorgesorgt\\\/#primaryimage\"},\"thumbnailUrl\":\"https:\\\/\\\/www.organisator.ch\\\/wp-content\\\/uploads\\\/2024\\\/12\\\/OpEx_Samariter_Bild1_organisator_127208-scaled.jpg\",\"keywords\":[\"Arbeitsgesetz\",\"Arbeitsunf\u00e4lle\",\"Erste Hilfe\",\"Gesundheitsschutz\",\"Unfallpr\u00e4vention\"],\"articleSection\":[\"ABO+\",\"OPERATIONAL EXCELLENCE\"],\"inLanguage\":\"fr-FR\"},{\"@type\":\"WebPage\",\"@id\":\"https:\\\/\\\/www.organisator.ch\\\/abo\\\/2024-12-05\\\/unfall-im-betrieb-haben-sie-vorgesorgt\\\/\",\"url\":\"https:\\\/\\\/www.organisator.ch\\\/abo\\\/2024-12-05\\\/unfall-im-betrieb-haben-sie-vorgesorgt\\\/\",\"name\":\"Unfall im Betrieb \u2013 Haben Sie vorgesorgt? - Organisator\",\"isPartOf\":{\"@id\":\"https:\\\/\\\/www.organisator.ch\\\/#website\"},\"primaryImageOfPage\":{\"@id\":\"https:\\\/\\\/www.organisator.ch\\\/abo\\\/2024-12-05\\\/unfall-im-betrieb-haben-sie-vorgesorgt\\\/#primaryimage\"},\"image\":{\"@id\":\"https:\\\/\\\/www.organisator.ch\\\/abo\\\/2024-12-05\\\/unfall-im-betrieb-haben-sie-vorgesorgt\\\/#primaryimage\"},\"thumbnailUrl\":\"https:\\\/\\\/www.organisator.ch\\\/wp-content\\\/uploads\\\/2024\\\/12\\\/OpEx_Samariter_Bild1_organisator_127208-scaled.jpg\",\"datePublished\":\"2024-12-05T20:37:29+00:00\",\"description\":\"Erste-Hilfe-Kurse in Firmen sind entscheidend. Sie f\u00f6rdern Sicherheit, Teamgeist und erf\u00fcllen gesetzliche Anforderungen.\",\"breadcrumb\":{\"@id\":\"https:\\\/\\\/www.organisator.ch\\\/abo\\\/2024-12-05\\\/unfall-im-betrieb-haben-sie-vorgesorgt\\\/#breadcrumb\"},\"inLanguage\":\"fr-FR\",\"potentialAction\":[{\"@type\":\"ReadAction\",\"target\":[\"https:\\\/\\\/www.organisator.ch\\\/abo\\\/2024-12-05\\\/unfall-im-betrieb-haben-sie-vorgesorgt\\\/\"]}]},{\"@type\":\"ImageObject\",\"inLanguage\":\"fr-FR\",\"@id\":\"https:\\\/\\\/www.organisator.ch\\\/abo\\\/2024-12-05\\\/unfall-im-betrieb-haben-sie-vorgesorgt\\\/#primaryimage\",\"url\":\"https:\\\/\\\/www.organisator.ch\\\/wp-content\\\/uploads\\\/2024\\\/12\\\/OpEx_Samariter_Bild1_organisator_127208-scaled.jpg\",\"contentUrl\":\"https:\\\/\\\/www.organisator.ch\\\/wp-content\\\/uploads\\\/2024\\\/12\\\/OpEx_Samariter_Bild1_organisator_127208-scaled.jpg\",\"width\":1400,\"height\":936,\"caption\":\"Eine m\u00f6gliche Unfallsituation in einem Lager. \u00a9 Samariter Schweiz\"},{\"@type\":\"BreadcrumbList\",\"@id\":\"https:\\\/\\\/www.organisator.ch\\\/abo\\\/2024-12-05\\\/unfall-im-betrieb-haben-sie-vorgesorgt\\\/#breadcrumb\",\"itemListElement\":[{\"@type\":\"ListItem\",\"position\":1,\"name\":\"Home\",\"item\":\"https:\\\/\\\/www.organisator.ch\\\/\"},{\"@type\":\"ListItem\",\"position\":2,\"name\":\"Unfall im Betrieb \u2013 Haben Sie vorgesorgt?\"}]},{\"@type\":\"WebSite\",\"@id\":\"https:\\\/\\\/www.organisator.ch\\\/#website\",\"url\":\"https:\\\/\\\/www.organisator.ch\\\/\",\"name\":\"Organisator\",\"description\":\"Kompetent. Praxisnah. Der ORGANISATOR bereitet in 10 Ausgaben pro Jahr die wesentlichen Themen f\u00fcr F\u00fchrungskr\u00e4fte von KMU auf.\",\"publisher\":{\"@id\":\"https:\\\/\\\/www.organisator.ch\\\/#organization\"},\"potentialAction\":[{\"@type\":\"SearchAction\",\"target\":{\"@type\":\"EntryPoint\",\"urlTemplate\":\"https:\\\/\\\/www.organisator.ch\\\/?s={search_term_string}\"},\"query-input\":{\"@type\":\"PropertyValueSpecification\",\"valueRequired\":true,\"valueName\":\"search_term_string\"}}],\"inLanguage\":\"fr-FR\"},{\"@type\":\"Organization\",\"@id\":\"https:\\\/\\\/www.organisator.ch\\\/#organization\",\"name\":\"Organisator\",\"url\":\"https:\\\/\\\/www.organisator.ch\\\/\",\"logo\":{\"@type\":\"ImageObject\",\"inLanguage\":\"fr-FR\",\"@id\":\"https:\\\/\\\/www.organisator.ch\\\/#\\\/schema\\\/logo\\\/image\\\/\",\"url\":\"https:\\\/\\\/www.organisator.ch\\\/wp-content\\\/uploads\\\/2022\\\/01\\\/Logo_Organisator_Website.png\",\"contentUrl\":\"https:\\\/\\\/www.organisator.ch\\\/wp-content\\\/uploads\\\/2022\\\/01\\\/Logo_Organisator_Website.png\",\"width\":800,\"height\":77,\"caption\":\"Organisator\"},\"image\":{\"@id\":\"https:\\\/\\\/www.organisator.ch\\\/#\\\/schema\\\/logo\\\/image\\\/\"},\"sameAs\":[\"https:\\\/\\\/www.facebook.com\\\/OrganisatorFachmagazin\",\"https:\\\/\\\/www.linkedin.com\\\/showcase\\\/organisator-das-magazin-fr-kmu\",\"https:\\\/\\\/www.xing.com\\\/news\\\/pages\\\/organisator-ch-695\",\"https:\\\/\\\/www.youtube.com\\\/channel\\\/UCGP2Sq0iWaZwT3BdIAQFYpw\"]},{\"@type\":\"Person\",\"@id\":\"https:\\\/\\\/www.organisator.ch\\\/#\\\/schema\\\/person\\\/aa2bace6c5c5aad60102004a50c4eb1c\",\"name\":\"admin\",\"image\":{\"@type\":\"ImageObject\",\"inLanguage\":\"fr-FR\",\"@id\":\"https:\\\/\\\/secure.gravatar.com\\\/avatar\\\/ae2f4d718e6c49043e314ce431e7e645d646302a24a5ef5a8bc8e3f5a032e319?s=96&d=mm&r=g\",\"url\":\"https:\\\/\\\/secure.gravatar.com\\\/avatar\\\/ae2f4d718e6c49043e314ce431e7e645d646302a24a5ef5a8bc8e3f5a032e319?s=96&d=mm&r=g\",\"contentUrl\":\"https:\\\/\\\/secure.gravatar.com\\\/avatar\\\/ae2f4d718e6c49043e314ce431e7e645d646302a24a5ef5a8bc8e3f5a032e319?s=96&d=mm&r=g\",\"caption\":\"admin\"},\"sameAs\":[\"https:\\\/\\\/www.organisator.ch\"],\"url\":\"https:\\\/\\\/www.organisator.ch\\\/fr\\\/author\\\/admin\\\/\"}]}<\/script>\n<!-- \/ Yoast SEO plugin. -->","yoast_head_json":{"title":"Accident dans l'entreprise - Avez-vous pris des dispositions ? - Organisateur","description":"Les cours de premiers secours en entreprise sont essentiels. Ils favorisent la s\u00e9curit\u00e9, l'esprit d'\u00e9quipe et r\u00e9pondent aux exigences l\u00e9gales.","robots":{"index":"index","follow":"follow","max-snippet":"max-snippet:-1","max-image-preview":"max-image-preview:large","max-video-preview":"max-video-preview:-1"},"canonical":"https:\/\/www.organisator.ch\/fr\/abonnement\/2024-12-05\/unfall-im-betrieb-haben-sie-vorgesorgt\/","og_locale":"fr_FR","og_type":"article","og_title":"Unfall im Betrieb \u2013 Haben Sie vorgesorgt?","og_description":"Erste-Hilfe-Kurse in Firmen sind entscheidend. Sie f\u00f6rdern Sicherheit, Teamgeist und erf\u00fcllen gesetzliche Anforderungen.","og_url":"https:\/\/www.organisator.ch\/fr\/abonnement\/2024-12-05\/unfall-im-betrieb-haben-sie-vorgesorgt\/","og_site_name":"Organisator","article_publisher":"https:\/\/www.facebook.com\/OrganisatorFachmagazin","article_published_time":"2024-12-05T20:37:29+00:00","og_image":[{"width":1400,"height":936,"url":"https:\/\/www.organisator.ch\/wp-content\/uploads\/2024\/12\/OpEx_Samariter_Bild1_organisator_127208-scaled.jpg","type":"image\/jpeg"}],"author":"admin","twitter_card":"summary_large_image","twitter_title":"Unfall im Betrieb \u2013 Haben Sie vorgesorgt?","twitter_description":"#Erste-#Hilfe-#Kurse in #Firmen sind entscheidend. Sie f\u00f6rdern #Sicherheit, #Teamgeist und erf\u00fcllen gesetzliche #Anforderungen.","twitter_image":"https:\/\/www.organisator.ch\/wp-content\/uploads\/2024\/12\/OpEx_Samariter_Bild1_organisator_127208-scaled.jpg","schema":{"@context":"https:\/\/schema.org","@graph":[{"@type":"Article","@id":"https:\/\/www.organisator.ch\/abo\/2024-12-05\/unfall-im-betrieb-haben-sie-vorgesorgt\/#article","isPartOf":{"@id":"https:\/\/www.organisator.ch\/abo\/2024-12-05\/unfall-im-betrieb-haben-sie-vorgesorgt\/"},"author":{"name":"admin","@id":"https:\/\/www.organisator.ch\/#\/schema\/person\/aa2bace6c5c5aad60102004a50c4eb1c"},"headline":"Unfall im Betrieb \u2013 Haben Sie vorgesorgt?","datePublished":"2024-12-05T20:37:29+00:00","mainEntityOfPage":{"@id":"https:\/\/www.organisator.ch\/abo\/2024-12-05\/unfall-im-betrieb-haben-sie-vorgesorgt\/"},"wordCount":662,"publisher":{"@id":"https:\/\/www.organisator.ch\/#organization"},"image":{"@id":"https:\/\/www.organisator.ch\/abo\/2024-12-05\/unfall-im-betrieb-haben-sie-vorgesorgt\/#primaryimage"},"thumbnailUrl":"https:\/\/www.organisator.ch\/wp-content\/uploads\/2024\/12\/OpEx_Samariter_Bild1_organisator_127208-scaled.jpg","keywords":["Arbeitsgesetz","Arbeitsunf\u00e4lle","Erste Hilfe","Gesundheitsschutz","Unfallpr\u00e4vention"],"articleSection":["ABO+","OPERATIONAL EXCELLENCE"],"inLanguage":"fr-FR"},{"@type":"WebPage","@id":"https:\/\/www.organisator.ch\/abo\/2024-12-05\/unfall-im-betrieb-haben-sie-vorgesorgt\/","url":"https:\/\/www.organisator.ch\/abo\/2024-12-05\/unfall-im-betrieb-haben-sie-vorgesorgt\/","name":"Accident dans l'entreprise - Avez-vous pris des dispositions ? - Organisateur","isPartOf":{"@id":"https:\/\/www.organisator.ch\/#website"},"primaryImageOfPage":{"@id":"https:\/\/www.organisator.ch\/abo\/2024-12-05\/unfall-im-betrieb-haben-sie-vorgesorgt\/#primaryimage"},"image":{"@id":"https:\/\/www.organisator.ch\/abo\/2024-12-05\/unfall-im-betrieb-haben-sie-vorgesorgt\/#primaryimage"},"thumbnailUrl":"https:\/\/www.organisator.ch\/wp-content\/uploads\/2024\/12\/OpEx_Samariter_Bild1_organisator_127208-scaled.jpg","datePublished":"2024-12-05T20:37:29+00:00","description":"Les cours de premiers secours en entreprise sont essentiels. Ils favorisent la s\u00e9curit\u00e9, l'esprit d'\u00e9quipe et r\u00e9pondent aux exigences l\u00e9gales.","breadcrumb":{"@id":"https:\/\/www.organisator.ch\/abo\/2024-12-05\/unfall-im-betrieb-haben-sie-vorgesorgt\/#breadcrumb"},"inLanguage":"fr-FR","potentialAction":[{"@type":"ReadAction","target":["https:\/\/www.organisator.ch\/abo\/2024-12-05\/unfall-im-betrieb-haben-sie-vorgesorgt\/"]}]},{"@type":"ImageObject","inLanguage":"fr-FR","@id":"https:\/\/www.organisator.ch\/abo\/2024-12-05\/unfall-im-betrieb-haben-sie-vorgesorgt\/#primaryimage","url":"https:\/\/www.organisator.ch\/wp-content\/uploads\/2024\/12\/OpEx_Samariter_Bild1_organisator_127208-scaled.jpg","contentUrl":"https:\/\/www.organisator.ch\/wp-content\/uploads\/2024\/12\/OpEx_Samariter_Bild1_organisator_127208-scaled.jpg","width":1400,"height":936,"caption":"Eine m\u00f6gliche Unfallsituation in einem Lager. \u00a9 Samariter Schweiz"},{"@type":"BreadcrumbList","@id":"https:\/\/www.organisator.ch\/abo\/2024-12-05\/unfall-im-betrieb-haben-sie-vorgesorgt\/#breadcrumb","itemListElement":[{"@type":"ListItem","position":1,"name":"Home","item":"https:\/\/www.organisator.ch\/"},{"@type":"ListItem","position":2,"name":"Unfall im Betrieb \u2013 Haben Sie vorgesorgt?"}]},{"@type":"WebSite","@id":"https:\/\/www.organisator.ch\/#website","url":"https:\/\/www.organisator.ch\/","name":"Organisateur","description":"Comp\u00e9tence et comp\u00e9tence. Proches de la pratique. L'ORGANISATEUR pr\u00e9pare 10 num\u00e9ros par an sur les th\u00e8mes essentiels pour les dirigeants de PME.","publisher":{"@id":"https:\/\/www.organisator.ch\/#organization"},"potentialAction":[{"@type":"SearchAction","target":{"@type":"EntryPoint","urlTemplate":"https:\/\/www.organisator.ch\/?s={search_term_string}"},"query-input":{"@type":"PropertyValueSpecification","valueRequired":true,"valueName":"search_term_string"}}],"inLanguage":"fr-FR"},{"@type":"Organization","@id":"https:\/\/www.organisator.ch\/#organization","name":"Organisateur","url":"https:\/\/www.organisator.ch\/","logo":{"@type":"ImageObject","inLanguage":"fr-FR","@id":"https:\/\/www.organisator.ch\/#\/schema\/logo\/image\/","url":"https:\/\/www.organisator.ch\/wp-content\/uploads\/2022\/01\/Logo_Organisator_Website.png","contentUrl":"https:\/\/www.organisator.ch\/wp-content\/uploads\/2022\/01\/Logo_Organisator_Website.png","width":800,"height":77,"caption":"Organisator"},"image":{"@id":"https:\/\/www.organisator.ch\/#\/schema\/logo\/image\/"},"sameAs":["https:\/\/www.facebook.com\/OrganisatorFachmagazin","https:\/\/www.linkedin.com\/showcase\/organisator-das-magazin-fr-kmu","https:\/\/www.xing.com\/news\/pages\/organisator-ch-695","https:\/\/www.youtube.com\/channel\/UCGP2Sq0iWaZwT3BdIAQFYpw"]},{"@type":"Person","@id":"https:\/\/www.organisator.ch\/#\/schema\/person\/aa2bace6c5c5aad60102004a50c4eb1c","name":"admin","image":{"@type":"ImageObject","inLanguage":"fr-FR","@id":"https:\/\/secure.gravatar.com\/avatar\/ae2f4d718e6c49043e314ce431e7e645d646302a24a5ef5a8bc8e3f5a032e319?s=96&d=mm&r=g","url":"https:\/\/secure.gravatar.com\/avatar\/ae2f4d718e6c49043e314ce431e7e645d646302a24a5ef5a8bc8e3f5a032e319?s=96&d=mm&r=g","contentUrl":"https:\/\/secure.gravatar.com\/avatar\/ae2f4d718e6c49043e314ce431e7e645d646302a24a5ef5a8bc8e3f5a032e319?s=96&d=mm&r=g","caption":"admin"},"sameAs":["https:\/\/www.organisator.ch"],"url":"https:\/\/www.organisator.ch\/fr\/author\/admin\/"}]}},"_links":{"self":[{"href":"https:\/\/www.organisator.ch\/fr\/wp-json\/wp\/v2\/posts\/34245","targetHints":{"allow":["GET"]}}],"collection":[{"href":"https:\/\/www.organisator.ch\/fr\/wp-json\/wp\/v2\/posts"}],"about":[{"href":"https:\/\/www.organisator.ch\/fr\/wp-json\/wp\/v2\/types\/post"}],"author":[{"embeddable":true,"href":"https:\/\/www.organisator.ch\/fr\/wp-json\/wp\/v2\/users\/1"}],"replies":[{"embeddable":true,"href":"https:\/\/www.organisator.ch\/fr\/wp-json\/wp\/v2\/comments?post=34245"}],"version-history":[{"count":2,"href":"https:\/\/www.organisator.ch\/fr\/wp-json\/wp\/v2\/posts\/34245\/revisions"}],"predecessor-version":[{"id":34294,"href":"https:\/\/www.organisator.ch\/fr\/wp-json\/wp\/v2\/posts\/34245\/revisions\/34294"}],"wp:featuredmedia":[{"embeddable":true,"href":"https:\/\/www.organisator.ch\/fr\/wp-json\/wp\/v2\/media\/34243"}],"wp:attachment":[{"href":"https:\/\/www.organisator.ch\/fr\/wp-json\/wp\/v2\/media?parent=34245"}],"wp:term":[{"taxonomy":"category","embeddable":true,"href":"https:\/\/www.organisator.ch\/fr\/wp-json\/wp\/v2\/categories?post=34245"},{"taxonomy":"post_tag","embeddable":true,"href":"https:\/\/www.organisator.ch\/fr\/wp-json\/wp\/v2\/tags?post=34245"}],"curies":[{"name":"wp","href":"https:\/\/api.w.org\/{rel}","templated":true}]}}