{"id":3430,"date":"2018-04-11T14:02:03","date_gmt":"2018-04-11T12:02:03","guid":{"rendered":"https:\/\/www.organisator.ch\/?p=3430"},"modified":"2024-11-07T07:29:10","modified_gmt":"2024-11-07T06:29:10","slug":"happy-birthday-die-suva-wird-100","status":"publish","type":"post","link":"https:\/\/www.organisator.ch\/fr\/allgemein\/2018-04-11\/happy-birthday-die-suva-wird-100\/","title":{"rendered":"La Suva a 100 ans !"},"content":{"rendered":"<figure id=\"attachment_3431\" aria-describedby=\"caption-attachment-3431\" style=\"width: 640px\" class=\"wp-caption alignnone\"><img loading=\"lazy\" decoding=\"async\" class=\"wp-image-3431 size-full\" src=\"https:\/\/www.organisator.ch\/wp-content\/uploads\/2018\/04\/Suva-wir-100-Jahre-org-organisator.jpg\" alt=\"Partenariat social de la Suva\" width=\"640\" height=\"426\" srcset=\"https:\/\/www.organisator.ch\/wp-content\/uploads\/2018\/04\/Suva-wir-100-Jahre-org-organisator.jpg 640w, https:\/\/www.organisator.ch\/wp-content\/uploads\/2018\/04\/Suva-wir-100-Jahre-org-organisator-16x12.jpg 16w, https:\/\/www.organisator.ch\/wp-content\/uploads\/2018\/04\/Suva-wir-100-Jahre-org-organisator-263x175.jpg 263w, https:\/\/www.organisator.ch\/wp-content\/uploads\/2018\/04\/Suva-wir-100-Jahre-org-organisator-526x350.jpg 526w, https:\/\/www.organisator.ch\/wp-content\/uploads\/2018\/04\/Suva-wir-100-Jahre-org-organisator-300x200.jpg 300w\" sizes=\"auto, (max-width: 640px) 100vw, 640px\" \/><figcaption id=\"caption-attachment-3431\" class=\"wp-caption-text\">Si\u00e8ge de la Suva \u00e0 Lucerne, ann\u00e9e de construction 1914\/15. (Image : wikipedia)<\/figcaption><\/figure>\n<p>Suva, c'est 100 ans de partenariat social. Il y a 100 ans, l'Europe \u00e9tait en pleine Premi\u00e8re Guerre mondiale et la Suisse \u00e9tait sur le point de conna\u00eetre une gr\u00e8ve g\u00e9n\u00e9rale \u00e0 l'\u00e9chelle nationale. C'est dans ce contexte socio-politique explosif que quelque chose de substantiel a vu le jour en Suisse : les employeurs, les employ\u00e9s et la Conf\u00e9d\u00e9ration ont cr\u00e9\u00e9 ensemble l'assurance-accidents Suva.<\/p>\n<p>Le 1er avril 1918, elle est entr\u00e9e en service \u00e0 Lucerne. \"On a ainsi r\u00e9ussi quelque chose qui dure encore aujourd'hui\", a d\u00e9clar\u00e9 Gabriele Gendotti, pr\u00e9sident du Conseil de la Suva, lors de la conf\u00e9rence de presse organis\u00e9e \u00e0 l'occasion du centenaire de la Suva. A l'\u00e9poque comme aujourd'hui, les partenaires sociaux d\u00e9cident avec la Conf\u00e9d\u00e9ration du sort de la Suva et \u00e9laborent ensemble des solutions viables.<\/p>\n<p><strong>Des compromis plut\u00f4t que des exigences maximales<\/strong><\/p>\n<p>Les 100 ans de partenariat social et les am\u00e9liorations ainsi obtenues en mati\u00e8re de s\u00e9curit\u00e9 au travail ont \u00e9t\u00e9 au centre de la manifestation organis\u00e9e par la Suva \u00e0 l'occasion de son jubil\u00e9 dans l'entreprise ferroviaire BLS. Les partenaires sociaux ont \u00e9galement expliqu\u00e9 le succ\u00e8s actuel de la Suva par la composition \u00e9galitaire du Conseil de la Suva, qui compte 16 repr\u00e9sentants des employeurs, 16 repr\u00e9sentants des employ\u00e9s et 8 repr\u00e9sentants de la Conf\u00e9d\u00e9ration. Kurt Gfeller, vice-pr\u00e9sident du Conseil de la Suva et vice-directeur de l'Union suisse des arts et m\u00e9tiers, et Nico Lutz, membre du comit\u00e9 du Conseil de la Suva et membre de la direction du syndicat Unia, ne sont souvent pas sur la m\u00eame sc\u00e8ne politique au quotidien. Mais au sein du conseil de la Suva, ils travaillent tous deux ensemble pour jeter des ponts entre les employeurs et les employ\u00e9s. \"Chacun est conscient que les exigences maximales ne m\u00e8nent pas au but dans une entreprise d'assurance comme la Suva. Les compromis et les concessions nous font beaucoup avancer\", a d\u00e9clar\u00e9 Kurt Gfeller.<\/p>\n<p><strong>Les personnes concern\u00e9es deviennent des participants<\/strong><\/p>\n<p>Les deux conseillers de la Suva \u00e9taient \u00e9galement d'accord sur le fait que la s\u00e9curit\u00e9 au travail est dans l'int\u00e9r\u00eat des deux repr\u00e9sentants, m\u00eame s'il existe des positions tout \u00e0 fait diff\u00e9rentes en ce qui concerne la mise en \u0153uvre. N\u00e9anmoins, \"les travailleurs ont un int\u00e9r\u00eat direct \u00e0 un travail de pr\u00e9vention important, \u00e0 une s\u00e9curit\u00e9 au travail \u00e9lev\u00e9e et \u00e0 une protection de la sant\u00e9 \u00e9tendue\", a d\u00e9clar\u00e9 Lutz. Pour cela, la Suva a une approche s\u00e9duisante en faisant des personnes concern\u00e9es des parties prenantes. \"Gr\u00e2ce \u00e0 la collaboration des syndicats dans de nombreux comit\u00e9s d'experts de la Suva, dans le conseil de la Suva et \u00e9galement dans le comit\u00e9 du conseil de la Suva, qui ressemble \u00e0 un conseil d'administration, les pr\u00e9occupations et les points de vue des travailleurs sont directement pris en compte\".<\/p>\n<p>En fin de compte, les efforts de pr\u00e9vention en mati\u00e8re de s\u00e9curit\u00e9 au travail ont \u00e9galement servi \u00e0 prot\u00e9ger l'entreprise. \"D\u00e8s qu'un accident survient dans une entreprise, chaque propri\u00e9taire d'entreprise est heureux d'avoir une assurance solide\", explique Gfeller. Alors qu'autrefois, un accident grave signifiait la ruine pour le salari\u00e9, aujourd'hui - sans assurance - il conduirait de nombreux entrepreneurs \u00e0 la faillite. En effet, pour faire face aux co\u00fbts d'un accident grave, il faudrait les cotisations de primes de jusqu'\u00e0 2500 personnes assur\u00e9es.<\/p>\n<p><strong>Ensemble vers le succ\u00e8s<\/strong><\/p>\n<p>Felix Weber, pr\u00e9sident de la direction de la Suva, a montr\u00e9 que l'application de la s\u00e9curit\u00e9 au travail n'a pas toujours \u00e9t\u00e9 facile au cours des 100 derni\u00e8res ann\u00e9es. \"Mais contrairement au pass\u00e9, l'id\u00e9e que les travailleurs comme les employeurs doivent assumer leurs responsabilit\u00e9s en mati\u00e8re de pr\u00e9vention et de s\u00e9curit\u00e9 au travail s'est impos\u00e9e depuis longtemps\". Il a cit\u00e9 comme exemple les \"r\u00e8gles vitales\" pour les groupes professionnels \u00e0 haut risque, qui existent aussi bien pour les employeurs que pour les employ\u00e9s. Dans le domaine de la r\u00e9\u00e9ducation et de la r\u00e9insertion des accident\u00e9s, c'est justement la collaboration de tous les cercles impliqu\u00e9s qui apporte le succ\u00e8s.<\/p>\n<p>C'est l\u00e0 que Peter Fankhauser, membre de la direction du BLS, est intervenu. Repr\u00e9sentant les quelque 128 000 entreprises assur\u00e9es aupr\u00e8s de la Suva, il a montr\u00e9 o\u00f9 se situent aujourd'hui les d\u00e9fis en mati\u00e8re de s\u00e9curit\u00e9 au travail et quelle est la responsabilit\u00e9 des entreprises et, en particulier, de leurs dirigeants. Le BLS, assur\u00e9 depuis 100 ans aupr\u00e8s de la Suva, est en train d'assainir et de moderniser son atelier ferroviaire de Spiez. Ce faisant, elle accorde une grande importance \u00e0 la s\u00e9curit\u00e9 des postes de travail.<\/p>\n<p><strong>Sant\u00e9 financi\u00e8re<\/strong><\/p>\n<p>Depuis le milieu des ann\u00e9es 80, la Suva enregistre plus d'accidents de loisirs que d'accidents professionnels. Le CEO Felix Weber en est convaincu : \"Quelle que soit l'\u00e9volution de la soci\u00e9t\u00e9, nous aurons besoin d'une couverture. La Suva l'a fait avec succ\u00e8s au cours des 100 derni\u00e8res ann\u00e9es\". L'entreprise repose aujourd'hui sur des bases saines. Le mod\u00e8le et les fondements qui ont \u00e9t\u00e9 donn\u00e9s \u00e0 la Suva lors de sa cr\u00e9ation en sont responsables. \"Et elle le doit \u00e0 tous les collaborateurs, aux associations et aux syndicats tout comme aux entreprises qui, par leurs efforts et leurs innovations, ont rendu le monde du travail et les loisirs plus s\u00fbrs\".<\/p>\n<p><em>Sur le site internet <a class=\"a-link a-link--reference\" href=\"http:\/\/www.suva.ch\/100jahre\" target=\"_blank\" rel=\"noopener\">suva.ch\/100ans<\/a>\u00a0est consacr\u00e9 \u00e0 l'histoire de la Suva. En outre, la Suva compl\u00e8te en permanence le site web avec des actualit\u00e9s sur l'ann\u00e9e du jubil\u00e9.<\/em><\/p>\n<p>&nbsp;<\/p>","protected":false},"excerpt":{"rendered":"<p>Suva heisst 100 Jahre Sozialpartnerschaft. Vor 100 Jahren war Europa mitten im Ersten Weltkrieg und die Schweiz stand kurz vor dem landesweiten Generalstreik. In diesem explosiven sozial-politischen Umfeld entstand in der Schweiz etwas Substanzielles: Arbeitgeber, Arbeitnehmer und der Bund schufen gemeinsam die Unfallversicherung Suva. Am 1. April 1918 nahm sie in Luzern den Betrieb auf. [&hellip;]<\/p>\n","protected":false},"author":5,"featured_media":3431,"comment_status":"closed","ping_status":"closed","sticky":false,"template":"","format":"standard","meta":{"_acf_changed":false,"_yoast_wpseo_focuskw":"Suva Sozialpartnerschaft","_yoast_wpseo_metadesc":"Die Suva feiert 100 Jahre Sozialpartnerschaft, die Arbeitssicherheit und Pr\u00e4ventionsarbeit in der Schweiz nachhaltig verbessert hat.","articlekey":"","footnotes":""},"categories":[1],"tags":[292,463],"class_list":["post-3430","post","type-post","status-publish","format-standard","has-post-thumbnail","hentry","category-allgemein","tag-jubilaeum","tag-suva"],"acf":[],"yoast_head":"<!-- This site is optimized with the Yoast SEO plugin v27.4 - https:\/\/yoast.com\/product\/yoast-seo-wordpress\/ -->\n<title>Die Suva ist 100 Jahre! - Organisator<\/title>\n<meta name=\"description\" content=\"Die Suva feiert 100 Jahre Sozialpartnerschaft, die Arbeitssicherheit und Pr\u00e4ventionsarbeit in der Schweiz nachhaltig verbessert hat.\" \/>\n<meta name=\"robots\" content=\"index, follow, max-snippet:-1, max-image-preview:large, max-video-preview:-1\" \/>\n<link rel=\"canonical\" href=\"https:\/\/www.organisator.ch\/fr\/general\/2018-04-11\/happy-birthday-die-suva-wird-100\/\" \/>\n<meta property=\"og:locale\" content=\"fr_FR\" \/>\n<meta property=\"og:type\" content=\"article\" \/>\n<meta property=\"og:title\" content=\"Die Suva ist 100 Jahre! - Organisator\" \/>\n<meta property=\"og:description\" content=\"Die Suva feiert 100 Jahre Sozialpartnerschaft, die Arbeitssicherheit und Pr\u00e4ventionsarbeit in der Schweiz nachhaltig verbessert hat.\" \/>\n<meta property=\"og:url\" content=\"https:\/\/www.organisator.ch\/fr\/general\/2018-04-11\/happy-birthday-die-suva-wird-100\/\" \/>\n<meta property=\"og:site_name\" content=\"Organisator\" \/>\n<meta property=\"article:publisher\" content=\"https:\/\/www.facebook.com\/OrganisatorFachmagazin\" \/>\n<meta property=\"article:published_time\" content=\"2018-04-11T12:02:03+00:00\" \/>\n<meta property=\"article:modified_time\" content=\"2024-11-07T06:29:10+00:00\" \/>\n<meta property=\"og:image\" content=\"https:\/\/www.organisator.ch\/wp-content\/uploads\/2018\/04\/Suva-wir-100-Jahre-org-organisator.jpg\" \/>\n\t<meta property=\"og:image:width\" content=\"640\" \/>\n\t<meta property=\"og:image:height\" content=\"426\" \/>\n\t<meta property=\"og:image:type\" content=\"image\/jpeg\" \/>\n<meta name=\"author\" content=\"michael.merz\" \/>\n<meta name=\"twitter:card\" content=\"summary_large_image\" \/>\n<script type=\"application\/ld+json\" class=\"yoast-schema-graph\">{\"@context\":\"https:\\\/\\\/schema.org\",\"@graph\":[{\"@type\":\"Article\",\"@id\":\"https:\\\/\\\/www.organisator.ch\\\/allgemein\\\/2018-04-11\\\/happy-birthday-die-suva-wird-100\\\/#article\",\"isPartOf\":{\"@id\":\"https:\\\/\\\/www.organisator.ch\\\/allgemein\\\/2018-04-11\\\/happy-birthday-die-suva-wird-100\\\/\"},\"author\":{\"name\":\"michael.merz\",\"@id\":\"https:\\\/\\\/www.organisator.ch\\\/#\\\/schema\\\/person\\\/134708ca9321c57b0362cceb7948ffbd\"},\"headline\":\"Die Suva ist 100 Jahre!\",\"datePublished\":\"2018-04-11T12:02:03+00:00\",\"dateModified\":\"2024-11-07T06:29:10+00:00\",\"mainEntityOfPage\":{\"@id\":\"https:\\\/\\\/www.organisator.ch\\\/allgemein\\\/2018-04-11\\\/happy-birthday-die-suva-wird-100\\\/\"},\"wordCount\":710,\"publisher\":{\"@id\":\"https:\\\/\\\/www.organisator.ch\\\/#organization\"},\"image\":{\"@id\":\"https:\\\/\\\/www.organisator.ch\\\/allgemein\\\/2018-04-11\\\/happy-birthday-die-suva-wird-100\\\/#primaryimage\"},\"thumbnailUrl\":\"https:\\\/\\\/www.organisator.ch\\\/wp-content\\\/uploads\\\/2018\\\/04\\\/Suva-wir-100-Jahre-org-organisator.jpg\",\"keywords\":[\"Jubil\u00e4um\",\"SUVA\"],\"articleSection\":[\"Allgemein\"],\"inLanguage\":\"fr-FR\"},{\"@type\":\"WebPage\",\"@id\":\"https:\\\/\\\/www.organisator.ch\\\/allgemein\\\/2018-04-11\\\/happy-birthday-die-suva-wird-100\\\/\",\"url\":\"https:\\\/\\\/www.organisator.ch\\\/allgemein\\\/2018-04-11\\\/happy-birthday-die-suva-wird-100\\\/\",\"name\":\"Die Suva ist 100 Jahre! - Organisator\",\"isPartOf\":{\"@id\":\"https:\\\/\\\/www.organisator.ch\\\/#website\"},\"primaryImageOfPage\":{\"@id\":\"https:\\\/\\\/www.organisator.ch\\\/allgemein\\\/2018-04-11\\\/happy-birthday-die-suva-wird-100\\\/#primaryimage\"},\"image\":{\"@id\":\"https:\\\/\\\/www.organisator.ch\\\/allgemein\\\/2018-04-11\\\/happy-birthday-die-suva-wird-100\\\/#primaryimage\"},\"thumbnailUrl\":\"https:\\\/\\\/www.organisator.ch\\\/wp-content\\\/uploads\\\/2018\\\/04\\\/Suva-wir-100-Jahre-org-organisator.jpg\",\"datePublished\":\"2018-04-11T12:02:03+00:00\",\"dateModified\":\"2024-11-07T06:29:10+00:00\",\"description\":\"Die Suva feiert 100 Jahre Sozialpartnerschaft, die Arbeitssicherheit und Pr\u00e4ventionsarbeit in der Schweiz nachhaltig verbessert hat.\",\"breadcrumb\":{\"@id\":\"https:\\\/\\\/www.organisator.ch\\\/allgemein\\\/2018-04-11\\\/happy-birthday-die-suva-wird-100\\\/#breadcrumb\"},\"inLanguage\":\"fr-FR\",\"potentialAction\":[{\"@type\":\"ReadAction\",\"target\":[\"https:\\\/\\\/www.organisator.ch\\\/allgemein\\\/2018-04-11\\\/happy-birthday-die-suva-wird-100\\\/\"]}]},{\"@type\":\"ImageObject\",\"inLanguage\":\"fr-FR\",\"@id\":\"https:\\\/\\\/www.organisator.ch\\\/allgemein\\\/2018-04-11\\\/happy-birthday-die-suva-wird-100\\\/#primaryimage\",\"url\":\"https:\\\/\\\/www.organisator.ch\\\/wp-content\\\/uploads\\\/2018\\\/04\\\/Suva-wir-100-Jahre-org-organisator.jpg\",\"contentUrl\":\"https:\\\/\\\/www.organisator.ch\\\/wp-content\\\/uploads\\\/2018\\\/04\\\/Suva-wir-100-Jahre-org-organisator.jpg\",\"width\":640,\"height\":426,\"caption\":\"Suva-Hauptsitz in Luzern, Baujahr 1914\\\/15. (Bild: wikipedia)\"},{\"@type\":\"BreadcrumbList\",\"@id\":\"https:\\\/\\\/www.organisator.ch\\\/allgemein\\\/2018-04-11\\\/happy-birthday-die-suva-wird-100\\\/#breadcrumb\",\"itemListElement\":[{\"@type\":\"ListItem\",\"position\":1,\"name\":\"Home\",\"item\":\"https:\\\/\\\/www.organisator.ch\\\/\"},{\"@type\":\"ListItem\",\"position\":2,\"name\":\"Die Suva ist 100 Jahre!\"}]},{\"@type\":\"WebSite\",\"@id\":\"https:\\\/\\\/www.organisator.ch\\\/#website\",\"url\":\"https:\\\/\\\/www.organisator.ch\\\/\",\"name\":\"Organisator\",\"description\":\"Kompetent. Praxisnah. Der ORGANISATOR bereitet in 10 Ausgaben pro Jahr die wesentlichen Themen f\u00fcr F\u00fchrungskr\u00e4fte von KMU auf.\",\"publisher\":{\"@id\":\"https:\\\/\\\/www.organisator.ch\\\/#organization\"},\"potentialAction\":[{\"@type\":\"SearchAction\",\"target\":{\"@type\":\"EntryPoint\",\"urlTemplate\":\"https:\\\/\\\/www.organisator.ch\\\/?s={search_term_string}\"},\"query-input\":{\"@type\":\"PropertyValueSpecification\",\"valueRequired\":true,\"valueName\":\"search_term_string\"}}],\"inLanguage\":\"fr-FR\"},{\"@type\":\"Organization\",\"@id\":\"https:\\\/\\\/www.organisator.ch\\\/#organization\",\"name\":\"Organisator\",\"url\":\"https:\\\/\\\/www.organisator.ch\\\/\",\"logo\":{\"@type\":\"ImageObject\",\"inLanguage\":\"fr-FR\",\"@id\":\"https:\\\/\\\/www.organisator.ch\\\/#\\\/schema\\\/logo\\\/image\\\/\",\"url\":\"https:\\\/\\\/www.organisator.ch\\\/wp-content\\\/uploads\\\/2022\\\/01\\\/Logo_Organisator_Website.png\",\"contentUrl\":\"https:\\\/\\\/www.organisator.ch\\\/wp-content\\\/uploads\\\/2022\\\/01\\\/Logo_Organisator_Website.png\",\"width\":800,\"height\":77,\"caption\":\"Organisator\"},\"image\":{\"@id\":\"https:\\\/\\\/www.organisator.ch\\\/#\\\/schema\\\/logo\\\/image\\\/\"},\"sameAs\":[\"https:\\\/\\\/www.facebook.com\\\/OrganisatorFachmagazin\",\"https:\\\/\\\/www.linkedin.com\\\/showcase\\\/organisator-das-magazin-fr-kmu\",\"https:\\\/\\\/www.xing.com\\\/news\\\/pages\\\/organisator-ch-695\",\"https:\\\/\\\/www.youtube.com\\\/channel\\\/UCGP2Sq0iWaZwT3BdIAQFYpw\"]},{\"@type\":\"Person\",\"@id\":\"https:\\\/\\\/www.organisator.ch\\\/#\\\/schema\\\/person\\\/134708ca9321c57b0362cceb7948ffbd\",\"name\":\"michael.merz\",\"image\":{\"@type\":\"ImageObject\",\"inLanguage\":\"fr-FR\",\"@id\":\"https:\\\/\\\/secure.gravatar.com\\\/avatar\\\/?s=96&d=mm&r=g\",\"url\":\"https:\\\/\\\/secure.gravatar.com\\\/avatar\\\/?s=96&d=mm&r=g\",\"contentUrl\":\"https:\\\/\\\/secure.gravatar.com\\\/avatar\\\/?s=96&d=mm&r=g\",\"caption\":\"michael.merz\"},\"url\":\"https:\\\/\\\/www.organisator.ch\\\/fr\\\/author\\\/michael-merz\\\/\"}]}<\/script>\n<!-- \/ Yoast SEO plugin. -->","yoast_head_json":{"title":"La Suva a 100 ans ! - Organisateur","description":"La Suva f\u00eate 100 ans de partenariat social, qui a permis d'am\u00e9liorer durablement la s\u00e9curit\u00e9 au travail et le travail de pr\u00e9vention en Suisse.","robots":{"index":"index","follow":"follow","max-snippet":"max-snippet:-1","max-image-preview":"max-image-preview:large","max-video-preview":"max-video-preview:-1"},"canonical":"https:\/\/www.organisator.ch\/fr\/general\/2018-04-11\/happy-birthday-die-suva-wird-100\/","og_locale":"fr_FR","og_type":"article","og_title":"Die Suva ist 100 Jahre! - Organisator","og_description":"Die Suva feiert 100 Jahre Sozialpartnerschaft, die Arbeitssicherheit und Pr\u00e4ventionsarbeit in der Schweiz nachhaltig verbessert hat.","og_url":"https:\/\/www.organisator.ch\/fr\/general\/2018-04-11\/happy-birthday-die-suva-wird-100\/","og_site_name":"Organisator","article_publisher":"https:\/\/www.facebook.com\/OrganisatorFachmagazin","article_published_time":"2018-04-11T12:02:03+00:00","article_modified_time":"2024-11-07T06:29:10+00:00","og_image":[{"width":640,"height":426,"url":"https:\/\/www.organisator.ch\/wp-content\/uploads\/2018\/04\/Suva-wir-100-Jahre-org-organisator.jpg","type":"image\/jpeg"}],"author":"michael.merz","twitter_card":"summary_large_image","schema":{"@context":"https:\/\/schema.org","@graph":[{"@type":"Article","@id":"https:\/\/www.organisator.ch\/allgemein\/2018-04-11\/happy-birthday-die-suva-wird-100\/#article","isPartOf":{"@id":"https:\/\/www.organisator.ch\/allgemein\/2018-04-11\/happy-birthday-die-suva-wird-100\/"},"author":{"name":"michael.merz","@id":"https:\/\/www.organisator.ch\/#\/schema\/person\/134708ca9321c57b0362cceb7948ffbd"},"headline":"Die Suva ist 100 Jahre!","datePublished":"2018-04-11T12:02:03+00:00","dateModified":"2024-11-07T06:29:10+00:00","mainEntityOfPage":{"@id":"https:\/\/www.organisator.ch\/allgemein\/2018-04-11\/happy-birthday-die-suva-wird-100\/"},"wordCount":710,"publisher":{"@id":"https:\/\/www.organisator.ch\/#organization"},"image":{"@id":"https:\/\/www.organisator.ch\/allgemein\/2018-04-11\/happy-birthday-die-suva-wird-100\/#primaryimage"},"thumbnailUrl":"https:\/\/www.organisator.ch\/wp-content\/uploads\/2018\/04\/Suva-wir-100-Jahre-org-organisator.jpg","keywords":["Jubil\u00e4um","SUVA"],"articleSection":["Allgemein"],"inLanguage":"fr-FR"},{"@type":"WebPage","@id":"https:\/\/www.organisator.ch\/allgemein\/2018-04-11\/happy-birthday-die-suva-wird-100\/","url":"https:\/\/www.organisator.ch\/allgemein\/2018-04-11\/happy-birthday-die-suva-wird-100\/","name":"La Suva a 100 ans ! - Organisateur","isPartOf":{"@id":"https:\/\/www.organisator.ch\/#website"},"primaryImageOfPage":{"@id":"https:\/\/www.organisator.ch\/allgemein\/2018-04-11\/happy-birthday-die-suva-wird-100\/#primaryimage"},"image":{"@id":"https:\/\/www.organisator.ch\/allgemein\/2018-04-11\/happy-birthday-die-suva-wird-100\/#primaryimage"},"thumbnailUrl":"https:\/\/www.organisator.ch\/wp-content\/uploads\/2018\/04\/Suva-wir-100-Jahre-org-organisator.jpg","datePublished":"2018-04-11T12:02:03+00:00","dateModified":"2024-11-07T06:29:10+00:00","description":"La Suva f\u00eate 100 ans de partenariat social, qui a permis d'am\u00e9liorer durablement la s\u00e9curit\u00e9 au travail et le travail de pr\u00e9vention en Suisse.","breadcrumb":{"@id":"https:\/\/www.organisator.ch\/allgemein\/2018-04-11\/happy-birthday-die-suva-wird-100\/#breadcrumb"},"inLanguage":"fr-FR","potentialAction":[{"@type":"ReadAction","target":["https:\/\/www.organisator.ch\/allgemein\/2018-04-11\/happy-birthday-die-suva-wird-100\/"]}]},{"@type":"ImageObject","inLanguage":"fr-FR","@id":"https:\/\/www.organisator.ch\/allgemein\/2018-04-11\/happy-birthday-die-suva-wird-100\/#primaryimage","url":"https:\/\/www.organisator.ch\/wp-content\/uploads\/2018\/04\/Suva-wir-100-Jahre-org-organisator.jpg","contentUrl":"https:\/\/www.organisator.ch\/wp-content\/uploads\/2018\/04\/Suva-wir-100-Jahre-org-organisator.jpg","width":640,"height":426,"caption":"Suva-Hauptsitz in Luzern, Baujahr 1914\/15. (Bild: wikipedia)"},{"@type":"BreadcrumbList","@id":"https:\/\/www.organisator.ch\/allgemein\/2018-04-11\/happy-birthday-die-suva-wird-100\/#breadcrumb","itemListElement":[{"@type":"ListItem","position":1,"name":"Home","item":"https:\/\/www.organisator.ch\/"},{"@type":"ListItem","position":2,"name":"Die Suva ist 100 Jahre!"}]},{"@type":"WebSite","@id":"https:\/\/www.organisator.ch\/#website","url":"https:\/\/www.organisator.ch\/","name":"Organisateur","description":"Comp\u00e9tence et comp\u00e9tence. Proches de la pratique. L'ORGANISATEUR pr\u00e9pare 10 num\u00e9ros par an sur les th\u00e8mes essentiels pour les dirigeants de PME.","publisher":{"@id":"https:\/\/www.organisator.ch\/#organization"},"potentialAction":[{"@type":"SearchAction","target":{"@type":"EntryPoint","urlTemplate":"https:\/\/www.organisator.ch\/?s={search_term_string}"},"query-input":{"@type":"PropertyValueSpecification","valueRequired":true,"valueName":"search_term_string"}}],"inLanguage":"fr-FR"},{"@type":"Organization","@id":"https:\/\/www.organisator.ch\/#organization","name":"Organisateur","url":"https:\/\/www.organisator.ch\/","logo":{"@type":"ImageObject","inLanguage":"fr-FR","@id":"https:\/\/www.organisator.ch\/#\/schema\/logo\/image\/","url":"https:\/\/www.organisator.ch\/wp-content\/uploads\/2022\/01\/Logo_Organisator_Website.png","contentUrl":"https:\/\/www.organisator.ch\/wp-content\/uploads\/2022\/01\/Logo_Organisator_Website.png","width":800,"height":77,"caption":"Organisator"},"image":{"@id":"https:\/\/www.organisator.ch\/#\/schema\/logo\/image\/"},"sameAs":["https:\/\/www.facebook.com\/OrganisatorFachmagazin","https:\/\/www.linkedin.com\/showcase\/organisator-das-magazin-fr-kmu","https:\/\/www.xing.com\/news\/pages\/organisator-ch-695","https:\/\/www.youtube.com\/channel\/UCGP2Sq0iWaZwT3BdIAQFYpw"]},{"@type":"Person","@id":"https:\/\/www.organisator.ch\/#\/schema\/person\/134708ca9321c57b0362cceb7948ffbd","name":"michael.merz","image":{"@type":"ImageObject","inLanguage":"fr-FR","@id":"https:\/\/secure.gravatar.com\/avatar\/?s=96&d=mm&r=g","url":"https:\/\/secure.gravatar.com\/avatar\/?s=96&d=mm&r=g","contentUrl":"https:\/\/secure.gravatar.com\/avatar\/?s=96&d=mm&r=g","caption":"michael.merz"},"url":"https:\/\/www.organisator.ch\/fr\/author\/michael-merz\/"}]}},"_links":{"self":[{"href":"https:\/\/www.organisator.ch\/fr\/wp-json\/wp\/v2\/posts\/3430","targetHints":{"allow":["GET"]}}],"collection":[{"href":"https:\/\/www.organisator.ch\/fr\/wp-json\/wp\/v2\/posts"}],"about":[{"href":"https:\/\/www.organisator.ch\/fr\/wp-json\/wp\/v2\/types\/post"}],"author":[{"embeddable":true,"href":"https:\/\/www.organisator.ch\/fr\/wp-json\/wp\/v2\/users\/5"}],"replies":[{"embeddable":true,"href":"https:\/\/www.organisator.ch\/fr\/wp-json\/wp\/v2\/comments?post=3430"}],"version-history":[{"count":2,"href":"https:\/\/www.organisator.ch\/fr\/wp-json\/wp\/v2\/posts\/3430\/revisions"}],"predecessor-version":[{"id":31651,"href":"https:\/\/www.organisator.ch\/fr\/wp-json\/wp\/v2\/posts\/3430\/revisions\/31651"}],"wp:featuredmedia":[{"embeddable":true,"href":"https:\/\/www.organisator.ch\/fr\/wp-json\/wp\/v2\/media\/3431"}],"wp:attachment":[{"href":"https:\/\/www.organisator.ch\/fr\/wp-json\/wp\/v2\/media?parent=3430"}],"wp:term":[{"taxonomy":"category","embeddable":true,"href":"https:\/\/www.organisator.ch\/fr\/wp-json\/wp\/v2\/categories?post=3430"},{"taxonomy":"post_tag","embeddable":true,"href":"https:\/\/www.organisator.ch\/fr\/wp-json\/wp\/v2\/tags?post=3430"}],"curies":[{"name":"wp","href":"https:\/\/api.w.org\/{rel}","templated":true}]}}