{"id":34317,"date":"2024-12-02T14:23:38","date_gmt":"2024-12-02T13:23:38","guid":{"rendered":"https:\/\/www.markt-kom.com\/?p=227505"},"modified":"2024-12-02T15:18:42","modified_gmt":"2024-12-02T14:18:42","slug":"confiserie-spruengli-und-jung-von-matt-limmat-starten-zusammenarbeit","status":"publish","type":"post","link":"https:\/\/www.organisator.ch\/fr\/marketing\/2024-12-02\/confiserie-spruengli-und-jung-von-matt-limmat-starten-zusammenarbeit\/","title":{"rendered":"La Confiserie Spr\u00fcngli et Jung von Matt Limmat lancent une collaboration"},"content":{"rendered":"<p><a href=\"https:\/\/www.markt-kom.com\/wp-content\/uploads\/2024\/12\/KEYVISUAL_MegaPoster_Bern-Bahnhof-SBB_690271_2_SPR_Mockup-scaled.jpg\"><img class=\"alignnone size-full wp-image-227506\" src=\"https:\/\/www.markt-kom.com\/wp-content\/uploads\/2024\/12\/KEYVISUAL_MegaPoster_Bern-Bahnhof-SBB_690271_2_SPR_Mockup-scaled.jpg\" sizes=\"(max-width: 1400px) 100vw, 1400px\" srcset=\"https:\/\/www.markt-kom.com\/wp-content\/uploads\/2024\/12\/KEYVISUAL_MegaPoster_Bern-Bahnhof-SBB_690271_2_SPR_Mockup-scaled.jpg 1300w, https:\/\/www.markt-kom.com\/wp-content\/uploads\/2024\/12\/KEYVISUAL_MegaPoster_Bern-Bahnhof-SBB_690271_2_SPR_Mockup-600x400.jpg 600w, https:\/\/www.markt-kom.com\/wp-content\/uploads\/2024\/12\/KEYVISUAL_MegaPoster_Bern-Bahnhof-SBB_690271_2_SPR_Mockup-1024x683.jpg 1024w, https:\/\/www.markt-kom.com\/wp-content\/uploads\/2024\/12\/KEYVISUAL_MegaPoster_Bern-Bahnhof-SBB_690271_2_SPR_Mockup-768x512.jpg 768w, https:\/\/www.markt-kom.com\/wp-content\/uploads\/2024\/12\/KEYVISUAL_MegaPoster_Bern-Bahnhof-SBB_690271_2_SPR_Mockup-1536x1024.jpg 1536w, https:\/\/www.markt-kom.com\/wp-content\/uploads\/2024\/12\/KEYVISUAL_MegaPoster_Bern-Bahnhof-SBB_690271_2_SPR_Mockup-2048x1366.jpg 2048w, https:\/\/www.markt-kom.com\/wp-content\/uploads\/2024\/12\/KEYVISUAL_MegaPoster_Bern-Bahnhof-SBB_690271_2_SPR_Mockup-18x12.jpg 18w, https:\/\/www.markt-kom.com\/wp-content\/uploads\/2024\/12\/KEYVISUAL_MegaPoster_Bern-Bahnhof-SBB_690271_2_SPR_Mockup-262x175.jpg 262w, https:\/\/www.markt-kom.com\/wp-content\/uploads\/2024\/12\/KEYVISUAL_MegaPoster_Bern-Bahnhof-SBB_690271_2_SPR_Mockup-525x350.jpg 525w, https:\/\/www.markt-kom.com\/wp-content\/uploads\/2024\/12\/KEYVISUAL_MegaPoster_Bern-Bahnhof-SBB_690271_2_SPR_Mockup-1000x667.jpg 1000w\" alt=\"\" width=\"1400\" height=\"933\" \/><\/a><\/p>\r\n<p>La marque traditionnelle zurichoise Confiserie Spr\u00fcngli collabore pour la premi\u00e8re fois avec Jung von Matt Limit afin de redessiner son identit\u00e9 visuelle pour la p\u00e9riode de No\u00ebl. L'objectif est de mettre davantage en avant la qualit\u00e9 sup\u00e9rieure des produits iconiques gr\u00e2ce \u00e0 un \u00e9clairage contrast\u00e9 et une mise en sc\u00e8ne adapt\u00e9e aux diff\u00e9rents canaux sur tous les Touchpoints.<\/p>\r\n<p><a href=\"https:\/\/www.markt-kom.com\/wp-content\/uploads\/2024\/12\/20241022_Spruengli_SUJET_1_v5-B_komprimiert-scaled.jpg\"><img class=\"alignnone size-full wp-image-227511\" src=\"https:\/\/www.markt-kom.com\/wp-content\/uploads\/2024\/12\/20241022_Spruengli_SUJET_1_v5-B_komprimiert-scaled.jpg\" sizes=\"(max-width: 1400px) 100vw, 1400px\" srcset=\"https:\/\/www.markt-kom.com\/wp-content\/uploads\/2024\/12\/20241022_Spruengli_SUJET_1_v5-B_komprimiert-scaled.jpg 1300w, https:\/\/www.markt-kom.com\/wp-content\/uploads\/2024\/12\/20241022_Spruengli_SUJET_1_v5-B_komprimiert-600x450.jpg 600w, https:\/\/www.markt-kom.com\/wp-content\/uploads\/2024\/12\/20241022_Spruengli_SUJET_1_v5-B_komprimiert-1024x768.jpg 1024w, https:\/\/www.markt-kom.com\/wp-content\/uploads\/2024\/12\/20241022_Spruengli_SUJET_1_v5-B_komprimiert-768x576.jpg 768w, https:\/\/www.markt-kom.com\/wp-content\/uploads\/2024\/12\/20241022_Spruengli_SUJET_1_v5-B_komprimiert-1536x1152.jpg 1536w, https:\/\/www.markt-kom.com\/wp-content\/uploads\/2024\/12\/20241022_Spruengli_SUJET_1_v5-B_komprimiert-16x12.jpg 16w, https:\/\/www.markt-kom.com\/wp-content\/uploads\/2024\/12\/20241022_Spruengli_SUJET_1_v5-B_komprimiert-233x175.jpg 233w, https:\/\/www.markt-kom.com\/wp-content\/uploads\/2024\/12\/20241022_Spruengli_SUJET_1_v5-B_komprimiert-467x350.jpg 467w, https:\/\/www.markt-kom.com\/wp-content\/uploads\/2024\/12\/20241022_Spruengli_SUJET_1_v5-B_komprimiert-1000x750.jpg 1000w\" alt=\"\" width=\"1400\" height=\"1050\" \/><\/a><\/p>\r\n<p>Le slogan \"Exactement comme je l'aime\" refl\u00e8te l'orientation sans compromis vers les souhaits individuels de la client\u00e8le et cr\u00e9e un lien \u00e9motionnel avec les produits. Cyrill Hauser, Managing Partner chez Jung von Matt Limmat, d\u00e9clare : \"En tant qu'agence zurichoise, c'est un grand plaisir et un honneur pour nous de pouvoir accompagner la marque culte Confiserie Spr\u00fcngli en mati\u00e8re de communication. La constance avec laquelle l'entreprise fabrique au plus haut niveau des produits de pointe de renomm\u00e9e mondiale est tr\u00e8s inspirante pour une agence cr\u00e9ative\".<\/p>\r\n<p><a href=\"https:\/\/www.markt-kom.com\/wp-content\/uploads\/2024\/12\/MegaPoster_Zuerich-Bahnhof_744540_1_rot-SPR_Mockup-scaled.jpg\"><img class=\"alignnone size-full wp-image-227510\" src=\"https:\/\/www.markt-kom.com\/wp-content\/uploads\/2024\/12\/MegaPoster_Zuerich-Bahnhof_744540_1_rot-SPR_Mockup-scaled.jpg\" sizes=\"(max-width: 1400px) 100vw, 1400px\" srcset=\"https:\/\/www.markt-kom.com\/wp-content\/uploads\/2024\/12\/MegaPoster_Zuerich-Bahnhof_744540_1_rot-SPR_Mockup-scaled.jpg 1300w, https:\/\/www.markt-kom.com\/wp-content\/uploads\/2024\/12\/MegaPoster_Zuerich-Bahnhof_744540_1_rot-SPR_Mockup-600x400.jpg 600w, https:\/\/www.markt-kom.com\/wp-content\/uploads\/2024\/12\/MegaPoster_Zuerich-Bahnhof_744540_1_rot-SPR_Mockup-1024x683.jpg 1024w, https:\/\/www.markt-kom.com\/wp-content\/uploads\/2024\/12\/MegaPoster_Zuerich-Bahnhof_744540_1_rot-SPR_Mockup-768x512.jpg 768w, https:\/\/www.markt-kom.com\/wp-content\/uploads\/2024\/12\/MegaPoster_Zuerich-Bahnhof_744540_1_rot-SPR_Mockup-1536x1024.jpg 1536w, https:\/\/www.markt-kom.com\/wp-content\/uploads\/2024\/12\/MegaPoster_Zuerich-Bahnhof_744540_1_rot-SPR_Mockup-2048x1365.jpg 2048w, https:\/\/www.markt-kom.com\/wp-content\/uploads\/2024\/12\/MegaPoster_Zuerich-Bahnhof_744540_1_rot-SPR_Mockup-18x12.jpg 18w, https:\/\/www.markt-kom.com\/wp-content\/uploads\/2024\/12\/MegaPoster_Zuerich-Bahnhof_744540_1_rot-SPR_Mockup-263x175.jpg 263w, https:\/\/www.markt-kom.com\/wp-content\/uploads\/2024\/12\/MegaPoster_Zuerich-Bahnhof_744540_1_rot-SPR_Mockup-525x350.jpg 525w, https:\/\/www.markt-kom.com\/wp-content\/uploads\/2024\/12\/MegaPoster_Zuerich-Bahnhof_744540_1_rot-SPR_Mockup-1000x667.jpg 1000w\" alt=\"\" width=\"1400\" height=\"933\" \/><\/a><\/p>\r\n<p>L'un des points forts de la campagne est l'action des lutins, qui a lieu pour la premi\u00e8re fois dans certaines filiales (Zurich Paradeplatz, Enge, Stadelhofen, Lucerne et Aarau). Les clientes et les clients peuvent offrir des cadeaux \u00e0 leurs proches qui, avec un peu de chance, parviendront \u00e0 leurs destinataires.<\/p>\r\n<p><iframe title=\"Jung von Matt LIMMAT x Spr\u00fcngli - Campagne de No\u00ebl\" src=\"https:\/\/www.youtube.com\/embed\/W2G8eYWVaao?feature=oembed\" width=\"768\" height=\"432\" frameborder=\"0\" allowfullscreen=\"allowfullscreen\"><\/iframe><\/p>\r\n<hr \/>\r\n<p>Client:e : Confiserie Spr\u00fcngli AG Agences : Jung von Matt LIMMAT Partenaires externes : blish, Studio Dirk Weyer, Production Katja Sluyter, Brogleworks AG<\/p>","protected":false},"excerpt":{"rendered":"<p>La confiserie Spr\u00fcngli et Jung von Matt LIMMAT pr\u00e9sentent leur premi\u00e8re campagne de No\u00ebl commune. L'\u00e9l\u00e9gance classique rencontre la fra\u00eecheur visuelle - avec des produits iconiques au centre.<\/p>","protected":false},"author":8,"featured_media":0,"comment_status":"closed","ping_status":"closed","sticky":false,"template":"","format":"standard","meta":{"_acf_changed":false,"_yoast_wpseo_focuskw":"Confiserie Spr\u00fcngli","_yoast_wpseo_metadesc":"Confiserie Spr\u00fcngli und Jung von Matt LIMMAT pr\u00e4sentieren eine elegante Weihnachtskampagne mit ikonischen Produkten im Mittelpunkt.","articlekey":"","footnotes":""},"categories":[29],"tags":[4889,4560,4343],"class_list":["post-34317","post","type-post","status-publish","format-standard","hentry","category-marketing","tag-confiserie-spruengli","tag-jung-von-matt-limmat","tag-markom"],"acf":[],"yoast_head":"<!-- This site is optimized with the Yoast SEO plugin v27.5 - https:\/\/yoast.com\/product\/yoast-seo-wordpress\/ -->\n<title>Confiserie Spr\u00fcngli und Jung von Matt Limmat starten Zusammenarbeit - Organisator<\/title>\n<meta name=\"description\" content=\"Confiserie Spr\u00fcngli und Jung von Matt LIMMAT pr\u00e4sentieren eine elegante Weihnachtskampagne mit ikonischen Produkten im Mittelpunkt.\" \/>\n<meta name=\"robots\" content=\"index, follow, max-snippet:-1, max-image-preview:large, max-video-preview:-1\" \/>\n<link rel=\"canonical\" href=\"https:\/\/www.organisator.ch\/fr\/marketing\/2024-12-02\/confiserie-spruengli-und-jung-von-matt-limmat-starten-zusammenarbeit\/\" \/>\n<meta property=\"og:locale\" content=\"fr_FR\" \/>\n<meta property=\"og:type\" content=\"article\" \/>\n<meta property=\"og:title\" content=\"Confiserie Spr\u00fcngli und Jung von Matt Limmat starten Zusammenarbeit - Organisator\" \/>\n<meta property=\"og:description\" content=\"Confiserie Spr\u00fcngli und Jung von Matt LIMMAT pr\u00e4sentieren eine elegante Weihnachtskampagne mit ikonischen Produkten im Mittelpunkt.\" \/>\n<meta property=\"og:url\" content=\"https:\/\/www.organisator.ch\/fr\/marketing\/2024-12-02\/confiserie-spruengli-und-jung-von-matt-limmat-starten-zusammenarbeit\/\" \/>\n<meta property=\"og:site_name\" content=\"Organisator\" \/>\n<meta property=\"article:publisher\" content=\"https:\/\/www.facebook.com\/OrganisatorFachmagazin\" \/>\n<meta property=\"article:published_time\" content=\"2024-12-02T13:23:38+00:00\" \/>\n<meta property=\"article:modified_time\" content=\"2024-12-02T14:18:42+00:00\" \/>\n<meta name=\"author\" content=\"galledia\" \/>\n<meta name=\"twitter:card\" content=\"summary_large_image\" \/>\n<meta name=\"twitter:creator\" content=\"@admin\" \/>\n<script type=\"application\/ld+json\" class=\"yoast-schema-graph\">{\"@context\":\"https:\\\/\\\/schema.org\",\"@graph\":[{\"@type\":\"Article\",\"@id\":\"https:\\\/\\\/www.organisator.ch\\\/marketing\\\/2024-12-02\\\/confiserie-spruengli-und-jung-von-matt-limmat-starten-zusammenarbeit\\\/#article\",\"isPartOf\":{\"@id\":\"https:\\\/\\\/www.organisator.ch\\\/marketing\\\/2024-12-02\\\/confiserie-spruengli-und-jung-von-matt-limmat-starten-zusammenarbeit\\\/\"},\"author\":{\"name\":\"galledia\",\"@id\":\"https:\\\/\\\/www.organisator.ch\\\/#\\\/schema\\\/person\\\/4e51799071cd2dd1232ac003643ef5f0\"},\"headline\":\"Confiserie Spr\u00fcngli und Jung von Matt Limmat starten Zusammenarbeit\",\"datePublished\":\"2024-12-02T13:23:38+00:00\",\"dateModified\":\"2024-12-02T14:18:42+00:00\",\"mainEntityOfPage\":{\"@id\":\"https:\\\/\\\/www.organisator.ch\\\/marketing\\\/2024-12-02\\\/confiserie-spruengli-und-jung-von-matt-limmat-starten-zusammenarbeit\\\/\"},\"wordCount\":203,\"publisher\":{\"@id\":\"https:\\\/\\\/www.organisator.ch\\\/#organization\"},\"image\":{\"@id\":\"https:\\\/\\\/www.organisator.ch\\\/marketing\\\/2024-12-02\\\/confiserie-spruengli-und-jung-von-matt-limmat-starten-zusammenarbeit\\\/#primaryimage\"},\"thumbnailUrl\":\"https:\\\/\\\/www.markt-kom.com\\\/wp-content\\\/uploads\\\/2024\\\/12\\\/KEYVISUAL_MegaPoster_Bern-Bahnhof-SBB_690271_2_SPR_Mockup-scaled.jpg\",\"keywords\":[\"Confiserie Spr\u00fcngli\",\"Jung von Matt Limmat\",\"MarKom\"],\"articleSection\":[\"MARKETING\"],\"inLanguage\":\"fr-FR\"},{\"@type\":\"WebPage\",\"@id\":\"https:\\\/\\\/www.organisator.ch\\\/marketing\\\/2024-12-02\\\/confiserie-spruengli-und-jung-von-matt-limmat-starten-zusammenarbeit\\\/\",\"url\":\"https:\\\/\\\/www.organisator.ch\\\/marketing\\\/2024-12-02\\\/confiserie-spruengli-und-jung-von-matt-limmat-starten-zusammenarbeit\\\/\",\"name\":\"Confiserie Spr\u00fcngli und Jung von Matt Limmat starten Zusammenarbeit - Organisator\",\"isPartOf\":{\"@id\":\"https:\\\/\\\/www.organisator.ch\\\/#website\"},\"primaryImageOfPage\":{\"@id\":\"https:\\\/\\\/www.organisator.ch\\\/marketing\\\/2024-12-02\\\/confiserie-spruengli-und-jung-von-matt-limmat-starten-zusammenarbeit\\\/#primaryimage\"},\"image\":{\"@id\":\"https:\\\/\\\/www.organisator.ch\\\/marketing\\\/2024-12-02\\\/confiserie-spruengli-und-jung-von-matt-limmat-starten-zusammenarbeit\\\/#primaryimage\"},\"thumbnailUrl\":\"https:\\\/\\\/www.markt-kom.com\\\/wp-content\\\/uploads\\\/2024\\\/12\\\/KEYVISUAL_MegaPoster_Bern-Bahnhof-SBB_690271_2_SPR_Mockup-scaled.jpg\",\"datePublished\":\"2024-12-02T13:23:38+00:00\",\"dateModified\":\"2024-12-02T14:18:42+00:00\",\"description\":\"Confiserie Spr\u00fcngli und Jung von Matt LIMMAT pr\u00e4sentieren eine elegante Weihnachtskampagne mit ikonischen Produkten im Mittelpunkt.\",\"breadcrumb\":{\"@id\":\"https:\\\/\\\/www.organisator.ch\\\/marketing\\\/2024-12-02\\\/confiserie-spruengli-und-jung-von-matt-limmat-starten-zusammenarbeit\\\/#breadcrumb\"},\"inLanguage\":\"fr-FR\",\"potentialAction\":[{\"@type\":\"ReadAction\",\"target\":[\"https:\\\/\\\/www.organisator.ch\\\/marketing\\\/2024-12-02\\\/confiserie-spruengli-und-jung-von-matt-limmat-starten-zusammenarbeit\\\/\"]}]},{\"@type\":\"ImageObject\",\"inLanguage\":\"fr-FR\",\"@id\":\"https:\\\/\\\/www.organisator.ch\\\/marketing\\\/2024-12-02\\\/confiserie-spruengli-und-jung-von-matt-limmat-starten-zusammenarbeit\\\/#primaryimage\",\"url\":\"https:\\\/\\\/www.markt-kom.com\\\/wp-content\\\/uploads\\\/2024\\\/12\\\/KEYVISUAL_MegaPoster_Bern-Bahnhof-SBB_690271_2_SPR_Mockup-scaled.jpg\",\"contentUrl\":\"https:\\\/\\\/www.markt-kom.com\\\/wp-content\\\/uploads\\\/2024\\\/12\\\/KEYVISUAL_MegaPoster_Bern-Bahnhof-SBB_690271_2_SPR_Mockup-scaled.jpg\"},{\"@type\":\"BreadcrumbList\",\"@id\":\"https:\\\/\\\/www.organisator.ch\\\/marketing\\\/2024-12-02\\\/confiserie-spruengli-und-jung-von-matt-limmat-starten-zusammenarbeit\\\/#breadcrumb\",\"itemListElement\":[{\"@type\":\"ListItem\",\"position\":1,\"name\":\"Home\",\"item\":\"https:\\\/\\\/www.organisator.ch\\\/\"},{\"@type\":\"ListItem\",\"position\":2,\"name\":\"Confiserie Spr\u00fcngli und Jung von Matt Limmat starten Zusammenarbeit\"}]},{\"@type\":\"WebSite\",\"@id\":\"https:\\\/\\\/www.organisator.ch\\\/#website\",\"url\":\"https:\\\/\\\/www.organisator.ch\\\/\",\"name\":\"Organisator\",\"description\":\"Kompetent. Praxisnah. Der ORGANISATOR bereitet in 10 Ausgaben pro Jahr die wesentlichen Themen f\u00fcr F\u00fchrungskr\u00e4fte von KMU auf.\",\"publisher\":{\"@id\":\"https:\\\/\\\/www.organisator.ch\\\/#organization\"},\"potentialAction\":[{\"@type\":\"SearchAction\",\"target\":{\"@type\":\"EntryPoint\",\"urlTemplate\":\"https:\\\/\\\/www.organisator.ch\\\/?s={search_term_string}\"},\"query-input\":{\"@type\":\"PropertyValueSpecification\",\"valueRequired\":true,\"valueName\":\"search_term_string\"}}],\"inLanguage\":\"fr-FR\"},{\"@type\":\"Organization\",\"@id\":\"https:\\\/\\\/www.organisator.ch\\\/#organization\",\"name\":\"Organisator\",\"url\":\"https:\\\/\\\/www.organisator.ch\\\/\",\"logo\":{\"@type\":\"ImageObject\",\"inLanguage\":\"fr-FR\",\"@id\":\"https:\\\/\\\/www.organisator.ch\\\/#\\\/schema\\\/logo\\\/image\\\/\",\"url\":\"https:\\\/\\\/www.organisator.ch\\\/wp-content\\\/uploads\\\/2022\\\/01\\\/Logo_Organisator_Website.png\",\"contentUrl\":\"https:\\\/\\\/www.organisator.ch\\\/wp-content\\\/uploads\\\/2022\\\/01\\\/Logo_Organisator_Website.png\",\"width\":800,\"height\":77,\"caption\":\"Organisator\"},\"image\":{\"@id\":\"https:\\\/\\\/www.organisator.ch\\\/#\\\/schema\\\/logo\\\/image\\\/\"},\"sameAs\":[\"https:\\\/\\\/www.facebook.com\\\/OrganisatorFachmagazin\",\"https:\\\/\\\/www.linkedin.com\\\/showcase\\\/organisator-das-magazin-fr-kmu\",\"https:\\\/\\\/www.xing.com\\\/news\\\/pages\\\/organisator-ch-695\",\"https:\\\/\\\/www.youtube.com\\\/channel\\\/UCGP2Sq0iWaZwT3BdIAQFYpw\"]},{\"@type\":\"Person\",\"@id\":\"https:\\\/\\\/www.organisator.ch\\\/#\\\/schema\\\/person\\\/4e51799071cd2dd1232ac003643ef5f0\",\"name\":\"galledia\",\"image\":{\"@type\":\"ImageObject\",\"inLanguage\":\"fr-FR\",\"@id\":\"https:\\\/\\\/secure.gravatar.com\\\/avatar\\\/78a7f90c01fc2bfc875782a0d4922b37cde2cf184ce347b91316d23cd7f69a36?s=96&d=mm&r=g\",\"url\":\"https:\\\/\\\/secure.gravatar.com\\\/avatar\\\/78a7f90c01fc2bfc875782a0d4922b37cde2cf184ce347b91316d23cd7f69a36?s=96&d=mm&r=g\",\"contentUrl\":\"https:\\\/\\\/secure.gravatar.com\\\/avatar\\\/78a7f90c01fc2bfc875782a0d4922b37cde2cf184ce347b91316d23cd7f69a36?s=96&d=mm&r=g\",\"caption\":\"galledia\"},\"sameAs\":[\"https:\\\/\\\/x.com\\\/admin\"],\"url\":\"https:\\\/\\\/www.organisator.ch\\\/fr\\\/author\\\/galledia\\\/\"}]}<\/script>\n<!-- \/ Yoast SEO plugin. -->","yoast_head_json":{"title":"La Confiserie Spr\u00fcngli et Jung von Matt Limmat entament une collaboration - Organisateur","description":"La Confiserie Spr\u00fcngli et Jung von Matt LIMMAT pr\u00e9sentent une campagne de No\u00ebl \u00e9l\u00e9gante avec des produits iconiques au centre de l'attention.","robots":{"index":"index","follow":"follow","max-snippet":"max-snippet:-1","max-image-preview":"max-image-preview:large","max-video-preview":"max-video-preview:-1"},"canonical":"https:\/\/www.organisator.ch\/fr\/marketing\/2024-12-02\/confiserie-spruengli-und-jung-von-matt-limmat-starten-zusammenarbeit\/","og_locale":"fr_FR","og_type":"article","og_title":"Confiserie Spr\u00fcngli und Jung von Matt Limmat starten Zusammenarbeit - Organisator","og_description":"Confiserie Spr\u00fcngli und Jung von Matt LIMMAT pr\u00e4sentieren eine elegante Weihnachtskampagne mit ikonischen Produkten im Mittelpunkt.","og_url":"https:\/\/www.organisator.ch\/fr\/marketing\/2024-12-02\/confiserie-spruengli-und-jung-von-matt-limmat-starten-zusammenarbeit\/","og_site_name":"Organisator","article_publisher":"https:\/\/www.facebook.com\/OrganisatorFachmagazin","article_published_time":"2024-12-02T13:23:38+00:00","article_modified_time":"2024-12-02T14:18:42+00:00","author":"galledia","twitter_card":"summary_large_image","twitter_creator":"@admin","schema":{"@context":"https:\/\/schema.org","@graph":[{"@type":"Article","@id":"https:\/\/www.organisator.ch\/marketing\/2024-12-02\/confiserie-spruengli-und-jung-von-matt-limmat-starten-zusammenarbeit\/#article","isPartOf":{"@id":"https:\/\/www.organisator.ch\/marketing\/2024-12-02\/confiserie-spruengli-und-jung-von-matt-limmat-starten-zusammenarbeit\/"},"author":{"name":"galledia","@id":"https:\/\/www.organisator.ch\/#\/schema\/person\/4e51799071cd2dd1232ac003643ef5f0"},"headline":"Confiserie Spr\u00fcngli und Jung von Matt Limmat starten Zusammenarbeit","datePublished":"2024-12-02T13:23:38+00:00","dateModified":"2024-12-02T14:18:42+00:00","mainEntityOfPage":{"@id":"https:\/\/www.organisator.ch\/marketing\/2024-12-02\/confiserie-spruengli-und-jung-von-matt-limmat-starten-zusammenarbeit\/"},"wordCount":203,"publisher":{"@id":"https:\/\/www.organisator.ch\/#organization"},"image":{"@id":"https:\/\/www.organisator.ch\/marketing\/2024-12-02\/confiserie-spruengli-und-jung-von-matt-limmat-starten-zusammenarbeit\/#primaryimage"},"thumbnailUrl":"https:\/\/www.markt-kom.com\/wp-content\/uploads\/2024\/12\/KEYVISUAL_MegaPoster_Bern-Bahnhof-SBB_690271_2_SPR_Mockup-scaled.jpg","keywords":["Confiserie Spr\u00fcngli","Jung von Matt Limmat","MarKom"],"articleSection":["MARKETING"],"inLanguage":"fr-FR"},{"@type":"WebPage","@id":"https:\/\/www.organisator.ch\/marketing\/2024-12-02\/confiserie-spruengli-und-jung-von-matt-limmat-starten-zusammenarbeit\/","url":"https:\/\/www.organisator.ch\/marketing\/2024-12-02\/confiserie-spruengli-und-jung-von-matt-limmat-starten-zusammenarbeit\/","name":"La Confiserie Spr\u00fcngli et Jung von Matt Limmat entament une collaboration - Organisateur","isPartOf":{"@id":"https:\/\/www.organisator.ch\/#website"},"primaryImageOfPage":{"@id":"https:\/\/www.organisator.ch\/marketing\/2024-12-02\/confiserie-spruengli-und-jung-von-matt-limmat-starten-zusammenarbeit\/#primaryimage"},"image":{"@id":"https:\/\/www.organisator.ch\/marketing\/2024-12-02\/confiserie-spruengli-und-jung-von-matt-limmat-starten-zusammenarbeit\/#primaryimage"},"thumbnailUrl":"https:\/\/www.markt-kom.com\/wp-content\/uploads\/2024\/12\/KEYVISUAL_MegaPoster_Bern-Bahnhof-SBB_690271_2_SPR_Mockup-scaled.jpg","datePublished":"2024-12-02T13:23:38+00:00","dateModified":"2024-12-02T14:18:42+00:00","description":"La Confiserie Spr\u00fcngli et Jung von Matt LIMMAT pr\u00e9sentent une campagne de No\u00ebl \u00e9l\u00e9gante avec des produits iconiques au centre de l'attention.","breadcrumb":{"@id":"https:\/\/www.organisator.ch\/marketing\/2024-12-02\/confiserie-spruengli-und-jung-von-matt-limmat-starten-zusammenarbeit\/#breadcrumb"},"inLanguage":"fr-FR","potentialAction":[{"@type":"ReadAction","target":["https:\/\/www.organisator.ch\/marketing\/2024-12-02\/confiserie-spruengli-und-jung-von-matt-limmat-starten-zusammenarbeit\/"]}]},{"@type":"ImageObject","inLanguage":"fr-FR","@id":"https:\/\/www.organisator.ch\/marketing\/2024-12-02\/confiserie-spruengli-und-jung-von-matt-limmat-starten-zusammenarbeit\/#primaryimage","url":"https:\/\/www.markt-kom.com\/wp-content\/uploads\/2024\/12\/KEYVISUAL_MegaPoster_Bern-Bahnhof-SBB_690271_2_SPR_Mockup-scaled.jpg","contentUrl":"https:\/\/www.markt-kom.com\/wp-content\/uploads\/2024\/12\/KEYVISUAL_MegaPoster_Bern-Bahnhof-SBB_690271_2_SPR_Mockup-scaled.jpg"},{"@type":"BreadcrumbList","@id":"https:\/\/www.organisator.ch\/marketing\/2024-12-02\/confiserie-spruengli-und-jung-von-matt-limmat-starten-zusammenarbeit\/#breadcrumb","itemListElement":[{"@type":"ListItem","position":1,"name":"Home","item":"https:\/\/www.organisator.ch\/"},{"@type":"ListItem","position":2,"name":"Confiserie Spr\u00fcngli und Jung von Matt Limmat starten Zusammenarbeit"}]},{"@type":"WebSite","@id":"https:\/\/www.organisator.ch\/#website","url":"https:\/\/www.organisator.ch\/","name":"Organisateur","description":"Comp\u00e9tence et comp\u00e9tence. Proches de la pratique. L'ORGANISATEUR pr\u00e9pare 10 num\u00e9ros par an sur les th\u00e8mes essentiels pour les dirigeants de PME.","publisher":{"@id":"https:\/\/www.organisator.ch\/#organization"},"potentialAction":[{"@type":"SearchAction","target":{"@type":"EntryPoint","urlTemplate":"https:\/\/www.organisator.ch\/?s={search_term_string}"},"query-input":{"@type":"PropertyValueSpecification","valueRequired":true,"valueName":"search_term_string"}}],"inLanguage":"fr-FR"},{"@type":"Organization","@id":"https:\/\/www.organisator.ch\/#organization","name":"Organisateur","url":"https:\/\/www.organisator.ch\/","logo":{"@type":"ImageObject","inLanguage":"fr-FR","@id":"https:\/\/www.organisator.ch\/#\/schema\/logo\/image\/","url":"https:\/\/www.organisator.ch\/wp-content\/uploads\/2022\/01\/Logo_Organisator_Website.png","contentUrl":"https:\/\/www.organisator.ch\/wp-content\/uploads\/2022\/01\/Logo_Organisator_Website.png","width":800,"height":77,"caption":"Organisator"},"image":{"@id":"https:\/\/www.organisator.ch\/#\/schema\/logo\/image\/"},"sameAs":["https:\/\/www.facebook.com\/OrganisatorFachmagazin","https:\/\/www.linkedin.com\/showcase\/organisator-das-magazin-fr-kmu","https:\/\/www.xing.com\/news\/pages\/organisator-ch-695","https:\/\/www.youtube.com\/channel\/UCGP2Sq0iWaZwT3BdIAQFYpw"]},{"@type":"Person","@id":"https:\/\/www.organisator.ch\/#\/schema\/person\/4e51799071cd2dd1232ac003643ef5f0","name":"galledia","image":{"@type":"ImageObject","inLanguage":"fr-FR","@id":"https:\/\/secure.gravatar.com\/avatar\/78a7f90c01fc2bfc875782a0d4922b37cde2cf184ce347b91316d23cd7f69a36?s=96&d=mm&r=g","url":"https:\/\/secure.gravatar.com\/avatar\/78a7f90c01fc2bfc875782a0d4922b37cde2cf184ce347b91316d23cd7f69a36?s=96&d=mm&r=g","contentUrl":"https:\/\/secure.gravatar.com\/avatar\/78a7f90c01fc2bfc875782a0d4922b37cde2cf184ce347b91316d23cd7f69a36?s=96&d=mm&r=g","caption":"galledia"},"sameAs":["https:\/\/x.com\/admin"],"url":"https:\/\/www.organisator.ch\/fr\/author\/galledia\/"}]}},"_links":{"self":[{"href":"https:\/\/www.organisator.ch\/fr\/wp-json\/wp\/v2\/posts\/34317","targetHints":{"allow":["GET"]}}],"collection":[{"href":"https:\/\/www.organisator.ch\/fr\/wp-json\/wp\/v2\/posts"}],"about":[{"href":"https:\/\/www.organisator.ch\/fr\/wp-json\/wp\/v2\/types\/post"}],"author":[{"embeddable":true,"href":"https:\/\/www.organisator.ch\/fr\/wp-json\/wp\/v2\/users\/8"}],"replies":[{"embeddable":true,"href":"https:\/\/www.organisator.ch\/fr\/wp-json\/wp\/v2\/comments?post=34317"}],"version-history":[{"count":4,"href":"https:\/\/www.organisator.ch\/fr\/wp-json\/wp\/v2\/posts\/34317\/revisions"}],"predecessor-version":[{"id":34321,"href":"https:\/\/www.organisator.ch\/fr\/wp-json\/wp\/v2\/posts\/34317\/revisions\/34321"}],"wp:attachment":[{"href":"https:\/\/www.organisator.ch\/fr\/wp-json\/wp\/v2\/media?parent=34317"}],"wp:term":[{"taxonomy":"category","embeddable":true,"href":"https:\/\/www.organisator.ch\/fr\/wp-json\/wp\/v2\/categories?post=34317"},{"taxonomy":"post_tag","embeddable":true,"href":"https:\/\/www.organisator.ch\/fr\/wp-json\/wp\/v2\/tags?post=34317"}],"curies":[{"name":"wp","href":"https:\/\/api.w.org\/{rel}","templated":true}]}}