{"id":34380,"date":"2024-12-03T13:16:24","date_gmt":"2024-12-03T12:16:24","guid":{"rendered":"https:\/\/www.markt-kom.com\/?p=227644"},"modified":"2024-12-03T13:16:24","modified_gmt":"2024-12-03T12:16:24","slug":"urs-gysling-uebernimmt-alleinige-fuehrung-von-gryps","status":"publish","type":"post","link":"https:\/\/www.organisator.ch\/fr\/marketing\/2024-12-03\/urs-gysling-uebernimmt-alleinige-fuehrung-von-gryps\/","title":{"rendered":"Urs Gysling prend seul la direction de Gryps"},"content":{"rendered":"<p><img fetchpriority=\"high\" decoding=\"async\" class=\"aligncenter size-full wp-image-227645\" src=\"https:\/\/www.markt-kom.com\/wp-content\/uploads\/2024\/12\/schoch-gysling-gryps.jpg\" alt=\"\" width=\"1200\" height=\"675\" srcset=\"https:\/\/www.markt-kom.com\/wp-content\/uploads\/2024\/12\/schoch-gysling-gryps.jpg 1200w, https:\/\/www.markt-kom.com\/wp-content\/uploads\/2024\/12\/schoch-gysling-gryps-600x338.jpg 600w, https:\/\/www.markt-kom.com\/wp-content\/uploads\/2024\/12\/schoch-gysling-gryps-1024x576.jpg 1024w, https:\/\/www.markt-kom.com\/wp-content\/uploads\/2024\/12\/schoch-gysling-gryps-768x432.jpg 768w, https:\/\/www.markt-kom.com\/wp-content\/uploads\/2024\/12\/schoch-gysling-gryps-18x10.jpg 18w, https:\/\/www.markt-kom.com\/wp-content\/uploads\/2024\/12\/schoch-gysling-gryps-311x175.jpg 311w, https:\/\/www.markt-kom.com\/wp-content\/uploads\/2024\/12\/schoch-gysling-gryps-622x350.jpg 622w, https:\/\/www.markt-kom.com\/wp-content\/uploads\/2024\/12\/schoch-gysling-gryps-1000x563.jpg 1000w\" sizes=\"(max-width: 1200px) 100vw, 1200px\" \/><\/p>\n<p>Priska Schoch a fond\u00e9 la plateforme d'achat pour PME Gryps en 2010 en tant que cofondatrice et a particip\u00e9 \u00e0 son d\u00e9veloppement. En 2021, l'entreprise a \u00e9t\u00e9 vendue \u00e0 l'ancien groupe Ringier Axel Springer Schweiz AG. Apr\u00e8s 14 ans, Priska Schoch a d\u00e9cid\u00e9 de mettre fin \u00e0 son activit\u00e9 pour Gryps \u00e0 la fin de l'ann\u00e9e et de prendre sa retraite.<\/p>\n<p>Dans le cadre de ce changement, le co-CEO Urs Gysling reprendra au 1er janvier 2025, en tant que CEO, la direction exclusive de Gryps, qui compte 20 collaborateurs. Suite au rachat de l'entreprise par Ringier Axel Springer Suisse en automne 2021, Urs Gysling a rejoint la direction du portail PME en tant que Chief Content Officer et a d\u00e9velopp\u00e9 l'offre de contenus avec son \u00e9quipe.<\/p>\n<p>En 2023, Urs Gysling a \u00e9galement pris la responsabilit\u00e9 du secteur des ventes et a d\u00e9velopp\u00e9 avec succ\u00e8s l'activit\u00e9 des partenaires. Depuis mars 2024, Urs Gysling dirige l'entreprise avec Priska Schoch en tant que co-CEO. Avant de travailler chez Gryps, il a dirig\u00e9 diff\u00e9rentes maisons d'\u00e9dition, notamment les \u00e9ditions Beobachter et LandLiebe de Ringier.<\/p>","protected":false},"excerpt":{"rendered":"<p>Priska Schoch, cofondatrice et actuelle co-CEO de la plateforme pour PME Gryps, qui appartient \u00e0 Ringier M\u00e9dias Suisse, prend sa retraite apr\u00e8s plus de 14 ans. L'actuel co-CEO Urs Gysling reprendra la direction de l'entreprise en tant que CEO \u00e0 partir de janvier 2025.<\/p>","protected":false},"author":8,"featured_media":0,"comment_status":"closed","ping_status":"closed","sticky":false,"template":"","format":"standard","meta":{"_acf_changed":false,"_yoast_wpseo_focuskw":"","_yoast_wpseo_metadesc":"","articlekey":"","footnotes":""},"categories":[29],"tags":[4345,3522,2853],"class_list":["post-34380","post","type-post","status-publish","format-standard","hentry","category-marketing","tag-business","tag-gryps","tag-jobchange"],"acf":[],"yoast_head":"<!-- This site is optimized with the Yoast SEO plugin v27.5 - https:\/\/yoast.com\/product\/yoast-seo-wordpress\/ -->\n<title>Urs Gysling \u00fcbernimmt alleinige F\u00fchrung von Gryps - Organisator<\/title>\n<meta name=\"robots\" content=\"index, follow, max-snippet:-1, max-image-preview:large, max-video-preview:-1\" \/>\n<link rel=\"canonical\" href=\"https:\/\/www.organisator.ch\/fr\/marketing\/2024-12-03\/urs-gysling-uebernimmt-alleinige-fuehrung-von-gryps\/\" \/>\n<meta property=\"og:locale\" content=\"fr_FR\" \/>\n<meta property=\"og:type\" content=\"article\" \/>\n<meta property=\"og:title\" content=\"Urs Gysling \u00fcbernimmt alleinige F\u00fchrung von Gryps - Organisator\" \/>\n<meta property=\"og:description\" content=\"Priska Schoch, Mitgr\u00fcnderin und aktuelle Co-CEO der zu Ringier Medien Schweiz geh\u00f6renden KMU-Plattform Gryps, geht nach \u00fcber 14 Jahren in den Ruhestand. Der bisherige Co-CEO Urs Gysling \u00fcbernimmt per Januar 2025 als CEO die F\u00fchrung des Unternehmens.\" \/>\n<meta property=\"og:url\" content=\"https:\/\/www.organisator.ch\/fr\/marketing\/2024-12-03\/urs-gysling-uebernimmt-alleinige-fuehrung-von-gryps\/\" \/>\n<meta property=\"og:site_name\" content=\"Organisator\" \/>\n<meta property=\"article:publisher\" content=\"https:\/\/www.facebook.com\/OrganisatorFachmagazin\" \/>\n<meta property=\"article:published_time\" content=\"2024-12-03T12:16:24+00:00\" \/>\n<meta name=\"author\" content=\"galledia\" \/>\n<meta name=\"twitter:card\" content=\"summary_large_image\" \/>\n<meta name=\"twitter:creator\" content=\"@admin\" \/>\n<script type=\"application\/ld+json\" class=\"yoast-schema-graph\">{\"@context\":\"https:\\\/\\\/schema.org\",\"@graph\":[{\"@type\":\"Article\",\"@id\":\"https:\\\/\\\/www.organisator.ch\\\/de\\\/marketing\\\/2024-12-03\\\/urs-gysling-uebernimmt-alleinige-fuehrung-von-gryps\\\/#article\",\"isPartOf\":{\"@id\":\"https:\\\/\\\/www.organisator.ch\\\/de\\\/marketing\\\/2024-12-03\\\/urs-gysling-uebernimmt-alleinige-fuehrung-von-gryps\\\/\"},\"author\":{\"name\":\"galledia\",\"@id\":\"https:\\\/\\\/www.organisator.ch\\\/#\\\/schema\\\/person\\\/4e51799071cd2dd1232ac003643ef5f0\"},\"headline\":\"Urs Gysling \u00fcbernimmt alleinige F\u00fchrung von Gryps\",\"datePublished\":\"2024-12-03T12:16:24+00:00\",\"mainEntityOfPage\":{\"@id\":\"https:\\\/\\\/www.organisator.ch\\\/de\\\/marketing\\\/2024-12-03\\\/urs-gysling-uebernimmt-alleinige-fuehrung-von-gryps\\\/\"},\"wordCount\":170,\"publisher\":{\"@id\":\"https:\\\/\\\/www.organisator.ch\\\/#organization\"},\"image\":{\"@id\":\"https:\\\/\\\/www.organisator.ch\\\/de\\\/marketing\\\/2024-12-03\\\/urs-gysling-uebernimmt-alleinige-fuehrung-von-gryps\\\/#primaryimage\"},\"thumbnailUrl\":\"https:\\\/\\\/www.markt-kom.com\\\/wp-content\\\/uploads\\\/2024\\\/12\\\/schoch-gysling-gryps.jpg\",\"keywords\":[\"Business\",\"Gryps\",\"Jobchange\"],\"articleSection\":[\"MARKETING\"],\"inLanguage\":\"fr-FR\"},{\"@type\":\"WebPage\",\"@id\":\"https:\\\/\\\/www.organisator.ch\\\/de\\\/marketing\\\/2024-12-03\\\/urs-gysling-uebernimmt-alleinige-fuehrung-von-gryps\\\/\",\"url\":\"https:\\\/\\\/www.organisator.ch\\\/de\\\/marketing\\\/2024-12-03\\\/urs-gysling-uebernimmt-alleinige-fuehrung-von-gryps\\\/\",\"name\":\"Urs Gysling \u00fcbernimmt alleinige F\u00fchrung von Gryps - Organisator\",\"isPartOf\":{\"@id\":\"https:\\\/\\\/www.organisator.ch\\\/#website\"},\"primaryImageOfPage\":{\"@id\":\"https:\\\/\\\/www.organisator.ch\\\/de\\\/marketing\\\/2024-12-03\\\/urs-gysling-uebernimmt-alleinige-fuehrung-von-gryps\\\/#primaryimage\"},\"image\":{\"@id\":\"https:\\\/\\\/www.organisator.ch\\\/de\\\/marketing\\\/2024-12-03\\\/urs-gysling-uebernimmt-alleinige-fuehrung-von-gryps\\\/#primaryimage\"},\"thumbnailUrl\":\"https:\\\/\\\/www.markt-kom.com\\\/wp-content\\\/uploads\\\/2024\\\/12\\\/schoch-gysling-gryps.jpg\",\"datePublished\":\"2024-12-03T12:16:24+00:00\",\"breadcrumb\":{\"@id\":\"https:\\\/\\\/www.organisator.ch\\\/de\\\/marketing\\\/2024-12-03\\\/urs-gysling-uebernimmt-alleinige-fuehrung-von-gryps\\\/#breadcrumb\"},\"inLanguage\":\"fr-FR\",\"potentialAction\":[{\"@type\":\"ReadAction\",\"target\":[\"https:\\\/\\\/www.organisator.ch\\\/de\\\/marketing\\\/2024-12-03\\\/urs-gysling-uebernimmt-alleinige-fuehrung-von-gryps\\\/\"]}]},{\"@type\":\"ImageObject\",\"inLanguage\":\"fr-FR\",\"@id\":\"https:\\\/\\\/www.organisator.ch\\\/de\\\/marketing\\\/2024-12-03\\\/urs-gysling-uebernimmt-alleinige-fuehrung-von-gryps\\\/#primaryimage\",\"url\":\"https:\\\/\\\/www.markt-kom.com\\\/wp-content\\\/uploads\\\/2024\\\/12\\\/schoch-gysling-gryps.jpg\",\"contentUrl\":\"https:\\\/\\\/www.markt-kom.com\\\/wp-content\\\/uploads\\\/2024\\\/12\\\/schoch-gysling-gryps.jpg\"},{\"@type\":\"BreadcrumbList\",\"@id\":\"https:\\\/\\\/www.organisator.ch\\\/de\\\/marketing\\\/2024-12-03\\\/urs-gysling-uebernimmt-alleinige-fuehrung-von-gryps\\\/#breadcrumb\",\"itemListElement\":[{\"@type\":\"ListItem\",\"position\":1,\"name\":\"Home\",\"item\":\"https:\\\/\\\/www.organisator.ch\\\/\"},{\"@type\":\"ListItem\",\"position\":2,\"name\":\"Urs Gysling \u00fcbernimmt alleinige F\u00fchrung von Gryps\"}]},{\"@type\":\"WebSite\",\"@id\":\"https:\\\/\\\/www.organisator.ch\\\/#website\",\"url\":\"https:\\\/\\\/www.organisator.ch\\\/\",\"name\":\"Organisator\",\"description\":\"Kompetent. Praxisnah. Der ORGANISATOR bereitet in 10 Ausgaben pro Jahr die wesentlichen Themen f\u00fcr F\u00fchrungskr\u00e4fte von KMU auf.\",\"publisher\":{\"@id\":\"https:\\\/\\\/www.organisator.ch\\\/#organization\"},\"potentialAction\":[{\"@type\":\"SearchAction\",\"target\":{\"@type\":\"EntryPoint\",\"urlTemplate\":\"https:\\\/\\\/www.organisator.ch\\\/?s={search_term_string}\"},\"query-input\":{\"@type\":\"PropertyValueSpecification\",\"valueRequired\":true,\"valueName\":\"search_term_string\"}}],\"inLanguage\":\"fr-FR\"},{\"@type\":\"Organization\",\"@id\":\"https:\\\/\\\/www.organisator.ch\\\/#organization\",\"name\":\"Organisator\",\"url\":\"https:\\\/\\\/www.organisator.ch\\\/\",\"logo\":{\"@type\":\"ImageObject\",\"inLanguage\":\"fr-FR\",\"@id\":\"https:\\\/\\\/www.organisator.ch\\\/#\\\/schema\\\/logo\\\/image\\\/\",\"url\":\"https:\\\/\\\/www.organisator.ch\\\/wp-content\\\/uploads\\\/2022\\\/01\\\/Logo_Organisator_Website.png\",\"contentUrl\":\"https:\\\/\\\/www.organisator.ch\\\/wp-content\\\/uploads\\\/2022\\\/01\\\/Logo_Organisator_Website.png\",\"width\":800,\"height\":77,\"caption\":\"Organisator\"},\"image\":{\"@id\":\"https:\\\/\\\/www.organisator.ch\\\/#\\\/schema\\\/logo\\\/image\\\/\"},\"sameAs\":[\"https:\\\/\\\/www.facebook.com\\\/OrganisatorFachmagazin\",\"https:\\\/\\\/www.linkedin.com\\\/showcase\\\/organisator-das-magazin-fr-kmu\",\"https:\\\/\\\/www.xing.com\\\/news\\\/pages\\\/organisator-ch-695\",\"https:\\\/\\\/www.youtube.com\\\/channel\\\/UCGP2Sq0iWaZwT3BdIAQFYpw\"]},{\"@type\":\"Person\",\"@id\":\"https:\\\/\\\/www.organisator.ch\\\/#\\\/schema\\\/person\\\/4e51799071cd2dd1232ac003643ef5f0\",\"name\":\"galledia\",\"image\":{\"@type\":\"ImageObject\",\"inLanguage\":\"fr-FR\",\"@id\":\"https:\\\/\\\/secure.gravatar.com\\\/avatar\\\/78a7f90c01fc2bfc875782a0d4922b37cde2cf184ce347b91316d23cd7f69a36?s=96&d=mm&r=g\",\"url\":\"https:\\\/\\\/secure.gravatar.com\\\/avatar\\\/78a7f90c01fc2bfc875782a0d4922b37cde2cf184ce347b91316d23cd7f69a36?s=96&d=mm&r=g\",\"contentUrl\":\"https:\\\/\\\/secure.gravatar.com\\\/avatar\\\/78a7f90c01fc2bfc875782a0d4922b37cde2cf184ce347b91316d23cd7f69a36?s=96&d=mm&r=g\",\"caption\":\"galledia\"},\"sameAs\":[\"https:\\\/\\\/x.com\\\/admin\"],\"url\":\"https:\\\/\\\/www.organisator.ch\\\/fr\\\/author\\\/galledia\\\/\"}]}<\/script>\n<!-- \/ Yoast SEO plugin. -->","yoast_head_json":{"title":"Urs Gysling reprend seul la direction de Gryps - Organisateur","robots":{"index":"index","follow":"follow","max-snippet":"max-snippet:-1","max-image-preview":"max-image-preview:large","max-video-preview":"max-video-preview:-1"},"canonical":"https:\/\/www.organisator.ch\/fr\/marketing\/2024-12-03\/urs-gysling-uebernimmt-alleinige-fuehrung-von-gryps\/","og_locale":"fr_FR","og_type":"article","og_title":"Urs Gysling \u00fcbernimmt alleinige F\u00fchrung von Gryps - Organisator","og_description":"Priska Schoch, Mitgr\u00fcnderin und aktuelle Co-CEO der zu Ringier Medien Schweiz geh\u00f6renden KMU-Plattform Gryps, geht nach \u00fcber 14 Jahren in den Ruhestand. Der bisherige Co-CEO Urs Gysling \u00fcbernimmt per Januar 2025 als CEO die F\u00fchrung des Unternehmens.","og_url":"https:\/\/www.organisator.ch\/fr\/marketing\/2024-12-03\/urs-gysling-uebernimmt-alleinige-fuehrung-von-gryps\/","og_site_name":"Organisator","article_publisher":"https:\/\/www.facebook.com\/OrganisatorFachmagazin","article_published_time":"2024-12-03T12:16:24+00:00","author":"galledia","twitter_card":"summary_large_image","twitter_creator":"@admin","schema":{"@context":"https:\/\/schema.org","@graph":[{"@type":"Article","@id":"https:\/\/www.organisator.ch\/de\/marketing\/2024-12-03\/urs-gysling-uebernimmt-alleinige-fuehrung-von-gryps\/#article","isPartOf":{"@id":"https:\/\/www.organisator.ch\/de\/marketing\/2024-12-03\/urs-gysling-uebernimmt-alleinige-fuehrung-von-gryps\/"},"author":{"name":"galledia","@id":"https:\/\/www.organisator.ch\/#\/schema\/person\/4e51799071cd2dd1232ac003643ef5f0"},"headline":"Urs Gysling \u00fcbernimmt alleinige F\u00fchrung von Gryps","datePublished":"2024-12-03T12:16:24+00:00","mainEntityOfPage":{"@id":"https:\/\/www.organisator.ch\/de\/marketing\/2024-12-03\/urs-gysling-uebernimmt-alleinige-fuehrung-von-gryps\/"},"wordCount":170,"publisher":{"@id":"https:\/\/www.organisator.ch\/#organization"},"image":{"@id":"https:\/\/www.organisator.ch\/de\/marketing\/2024-12-03\/urs-gysling-uebernimmt-alleinige-fuehrung-von-gryps\/#primaryimage"},"thumbnailUrl":"https:\/\/www.markt-kom.com\/wp-content\/uploads\/2024\/12\/schoch-gysling-gryps.jpg","keywords":["Business","Gryps","Jobchange"],"articleSection":["MARKETING"],"inLanguage":"fr-FR"},{"@type":"WebPage","@id":"https:\/\/www.organisator.ch\/de\/marketing\/2024-12-03\/urs-gysling-uebernimmt-alleinige-fuehrung-von-gryps\/","url":"https:\/\/www.organisator.ch\/de\/marketing\/2024-12-03\/urs-gysling-uebernimmt-alleinige-fuehrung-von-gryps\/","name":"Urs Gysling reprend seul la direction de Gryps - Organisateur","isPartOf":{"@id":"https:\/\/www.organisator.ch\/#website"},"primaryImageOfPage":{"@id":"https:\/\/www.organisator.ch\/de\/marketing\/2024-12-03\/urs-gysling-uebernimmt-alleinige-fuehrung-von-gryps\/#primaryimage"},"image":{"@id":"https:\/\/www.organisator.ch\/de\/marketing\/2024-12-03\/urs-gysling-uebernimmt-alleinige-fuehrung-von-gryps\/#primaryimage"},"thumbnailUrl":"https:\/\/www.markt-kom.com\/wp-content\/uploads\/2024\/12\/schoch-gysling-gryps.jpg","datePublished":"2024-12-03T12:16:24+00:00","breadcrumb":{"@id":"https:\/\/www.organisator.ch\/de\/marketing\/2024-12-03\/urs-gysling-uebernimmt-alleinige-fuehrung-von-gryps\/#breadcrumb"},"inLanguage":"fr-FR","potentialAction":[{"@type":"ReadAction","target":["https:\/\/www.organisator.ch\/de\/marketing\/2024-12-03\/urs-gysling-uebernimmt-alleinige-fuehrung-von-gryps\/"]}]},{"@type":"ImageObject","inLanguage":"fr-FR","@id":"https:\/\/www.organisator.ch\/de\/marketing\/2024-12-03\/urs-gysling-uebernimmt-alleinige-fuehrung-von-gryps\/#primaryimage","url":"https:\/\/www.markt-kom.com\/wp-content\/uploads\/2024\/12\/schoch-gysling-gryps.jpg","contentUrl":"https:\/\/www.markt-kom.com\/wp-content\/uploads\/2024\/12\/schoch-gysling-gryps.jpg"},{"@type":"BreadcrumbList","@id":"https:\/\/www.organisator.ch\/de\/marketing\/2024-12-03\/urs-gysling-uebernimmt-alleinige-fuehrung-von-gryps\/#breadcrumb","itemListElement":[{"@type":"ListItem","position":1,"name":"Home","item":"https:\/\/www.organisator.ch\/"},{"@type":"ListItem","position":2,"name":"Urs Gysling \u00fcbernimmt alleinige F\u00fchrung von Gryps"}]},{"@type":"WebSite","@id":"https:\/\/www.organisator.ch\/#website","url":"https:\/\/www.organisator.ch\/","name":"Organisateur","description":"Comp\u00e9tence et comp\u00e9tence. Proches de la pratique. L'ORGANISATEUR pr\u00e9pare 10 num\u00e9ros par an sur les th\u00e8mes essentiels pour les dirigeants de PME.","publisher":{"@id":"https:\/\/www.organisator.ch\/#organization"},"potentialAction":[{"@type":"SearchAction","target":{"@type":"EntryPoint","urlTemplate":"https:\/\/www.organisator.ch\/?s={search_term_string}"},"query-input":{"@type":"PropertyValueSpecification","valueRequired":true,"valueName":"search_term_string"}}],"inLanguage":"fr-FR"},{"@type":"Organization","@id":"https:\/\/www.organisator.ch\/#organization","name":"Organisateur","url":"https:\/\/www.organisator.ch\/","logo":{"@type":"ImageObject","inLanguage":"fr-FR","@id":"https:\/\/www.organisator.ch\/#\/schema\/logo\/image\/","url":"https:\/\/www.organisator.ch\/wp-content\/uploads\/2022\/01\/Logo_Organisator_Website.png","contentUrl":"https:\/\/www.organisator.ch\/wp-content\/uploads\/2022\/01\/Logo_Organisator_Website.png","width":800,"height":77,"caption":"Organisator"},"image":{"@id":"https:\/\/www.organisator.ch\/#\/schema\/logo\/image\/"},"sameAs":["https:\/\/www.facebook.com\/OrganisatorFachmagazin","https:\/\/www.linkedin.com\/showcase\/organisator-das-magazin-fr-kmu","https:\/\/www.xing.com\/news\/pages\/organisator-ch-695","https:\/\/www.youtube.com\/channel\/UCGP2Sq0iWaZwT3BdIAQFYpw"]},{"@type":"Person","@id":"https:\/\/www.organisator.ch\/#\/schema\/person\/4e51799071cd2dd1232ac003643ef5f0","name":"galledia","image":{"@type":"ImageObject","inLanguage":"fr-FR","@id":"https:\/\/secure.gravatar.com\/avatar\/78a7f90c01fc2bfc875782a0d4922b37cde2cf184ce347b91316d23cd7f69a36?s=96&d=mm&r=g","url":"https:\/\/secure.gravatar.com\/avatar\/78a7f90c01fc2bfc875782a0d4922b37cde2cf184ce347b91316d23cd7f69a36?s=96&d=mm&r=g","contentUrl":"https:\/\/secure.gravatar.com\/avatar\/78a7f90c01fc2bfc875782a0d4922b37cde2cf184ce347b91316d23cd7f69a36?s=96&d=mm&r=g","caption":"galledia"},"sameAs":["https:\/\/x.com\/admin"],"url":"https:\/\/www.organisator.ch\/fr\/author\/galledia\/"}]}},"_links":{"self":[{"href":"https:\/\/www.organisator.ch\/fr\/wp-json\/wp\/v2\/posts\/34380","targetHints":{"allow":["GET"]}}],"collection":[{"href":"https:\/\/www.organisator.ch\/fr\/wp-json\/wp\/v2\/posts"}],"about":[{"href":"https:\/\/www.organisator.ch\/fr\/wp-json\/wp\/v2\/types\/post"}],"author":[{"embeddable":true,"href":"https:\/\/www.organisator.ch\/fr\/wp-json\/wp\/v2\/users\/8"}],"replies":[{"embeddable":true,"href":"https:\/\/www.organisator.ch\/fr\/wp-json\/wp\/v2\/comments?post=34380"}],"version-history":[{"count":3,"href":"https:\/\/www.organisator.ch\/fr\/wp-json\/wp\/v2\/posts\/34380\/revisions"}],"predecessor-version":[{"id":34391,"href":"https:\/\/www.organisator.ch\/fr\/wp-json\/wp\/v2\/posts\/34380\/revisions\/34391"}],"wp:attachment":[{"href":"https:\/\/www.organisator.ch\/fr\/wp-json\/wp\/v2\/media?parent=34380"}],"wp:term":[{"taxonomy":"category","embeddable":true,"href":"https:\/\/www.organisator.ch\/fr\/wp-json\/wp\/v2\/categories?post=34380"},{"taxonomy":"post_tag","embeddable":true,"href":"https:\/\/www.organisator.ch\/fr\/wp-json\/wp\/v2\/tags?post=34380"}],"curies":[{"name":"wp","href":"https:\/\/api.w.org\/{rel}","templated":true}]}}