{"id":3440,"date":"2018-04-16T08:44:12","date_gmt":"2018-04-16T06:44:12","guid":{"rendered":"https:\/\/www.organisator.ch\/?p=3440"},"modified":"2018-04-16T08:44:12","modified_gmt":"2018-04-16T06:44:12","slug":"exportbarometer-exportstimmung-auf-rekordkurs","status":"publish","type":"post","link":"https:\/\/www.organisator.ch\/fr\/allgemein\/2018-04-16\/exportbarometer-exportstimmung-auf-rekordkurs\/","title":{"rendered":"Le barom\u00e8tre des exportations : Le moral des exportateurs bat des records"},"content":{"rendered":"<figure id=\"attachment_3442\" aria-describedby=\"caption-attachment-3442\" style=\"width: 640px\" class=\"wp-caption alignnone\"><img loading=\"lazy\" decoding=\"async\" class=\"size-full wp-image-3442\" src=\"https:\/\/www.organisator.ch\/wp-content\/uploads\/2018\/04\/Exportbarometer-Exportstimmung-auf-Rekordkurs_Organisator.jpg\" alt=\"\" width=\"640\" height=\"480\" srcset=\"https:\/\/www.organisator.ch\/wp-content\/uploads\/2018\/04\/Exportbarometer-Exportstimmung-auf-Rekordkurs_Organisator.jpg 640w, https:\/\/www.organisator.ch\/wp-content\/uploads\/2018\/04\/Exportbarometer-Exportstimmung-auf-Rekordkurs_Organisator-16x12.jpg 16w, https:\/\/www.organisator.ch\/wp-content\/uploads\/2018\/04\/Exportbarometer-Exportstimmung-auf-Rekordkurs_Organisator-233x175.jpg 233w, https:\/\/www.organisator.ch\/wp-content\/uploads\/2018\/04\/Exportbarometer-Exportstimmung-auf-Rekordkurs_Organisator-467x350.jpg 467w, https:\/\/www.organisator.ch\/wp-content\/uploads\/2018\/04\/Exportbarometer-Exportstimmung-auf-Rekordkurs_Organisator-300x225.jpg 300w\" sizes=\"auto, (max-width: 640px) 100vw, 640px\" \/><figcaption id=\"caption-attachment-3442\" class=\"wp-caption-text\">Selon le dernier barom\u00e8tre des exportations du Credit Suisse et de S-GE, le moral des PME \u00e0 l'export reste excellent. (Photo : Kathrin Antrak \/ pixelio.de)<\/figcaption><\/figure>\n<p>Deux tiers de toutes les PME interrog\u00e9es s'attendent \u00e0 une nouvelle hausse des exportations au deuxi\u00e8me trimestre 2018. Le barom\u00e8tre des exportations du Credit Suisse le confirme \u00e9galement. Celui-ci se situe \u00e0 nouveau largement dans la zone de croissance et renforce ainsi les pr\u00e9visions d'exportation optimistes de plus 4 % pour 2018. Les branches cycliques comme MEM et la chimie devraient conna\u00eetre la plus forte croissance, tandis que la branche pharmaceutique devrait moins ressentir l'essor conjoncturel. Malgr\u00e9 les tendances protectionnistes et les obstacles croissants au commerce, une PME sur deux estime que les chances de croissance internationale sont aujourd'hui aussi bonnes qu'il y a cinq ans.<\/p>\n<p>Sascha Jucker, \u00e9conomiste au Credit Suisse, d\u00e9clare \u00e0 ce sujet : \"Avec MEM et la chimie, les branches qui ont le plus souffert du franc fort ces derni\u00e8res ann\u00e9es sont celles qui ont le plus progress\u00e9. Le fait que les exportations dans leur ensemble augmentent m\u00eame sans grandes impulsions de croissance de l'important secteur pharmaceutique doit \u00eatre consid\u00e9r\u00e9 comme tr\u00e8s positif\". Alberto Silini, responsable du conseil chez Switzerland Global Enterprise (S-GE), constate : \"Les PME suisses ne se laissent pas intimider par les obstacles commerciaux et le protectionnisme. Cela t\u00e9moigne d'un grand optimisme et montre \u00e0 quel point la tendance de croissance est robuste pour l'ann\u00e9e en cours\".<\/p>\n<h2 align=\"LEFT\">L'Allemagne reste le principal march\u00e9 d'exportation<\/h2>\n<p align=\"LEFT\">Le march\u00e9 d'exportation de loin le plus important est et reste l'Allemagne. Selon le barom\u00e8tre des exportations du Credit Suisse, 83 % des PME interrog\u00e9es veulent y exporter des biens ou des services au cours des six prochains mois. La France arrive en deuxi\u00e8me position avec 66 %. Viennent ensuite les Etats-Unis avec 54 %, l'Autriche avec 53 % et l'Italie avec 49 %. 46 % des PME suisses interrog\u00e9es pr\u00e9voient d'exporter au prochain semestre vers les Pays-Bas, 44 % vers la Chine et 42 % vers le Royaume-Uni. La Scandinavie suit avec 41 %. En ce qui concerne l'importance des destinations d'exportation, l'image reste claire : en termes de volume, l'Allemagne arrive largement en t\u00eate avec 561 TP2T.<\/p>\n<p align=\"LEFT\">Parmi les PME interrog\u00e9es dans le cadre du barom\u00e8tre des exportations, 16 % ont indiqu\u00e9 vouloir s'implanter en Iran au cours du prochain semestre. La Cor\u00e9e du Sud et les pays du Golfe sont \u00e9galement attrayants, avec respectivement 13 % et 11 % de citations. La Chine, l'Arabie saoudite et le Canada sont les pays vers lesquels 10 % veulent exporter. Les \u00c9tats-Unis suivent avec seulement 8 %. Par rapport \u00e0 la derni\u00e8re enqu\u00eate, ce chiffre a pratiquement diminu\u00e9 de moiti\u00e9.<\/p>\n<p>&nbsp;<\/p>\n<h2 align=\"LEFT\">Les PME s'attendent \u00e0 des obstacles commerciaux plus importants<\/h2>\n<p align=\"LEFT\">Alors que les conditions \u00e9conomiques globales et donc le potentiel de croissance international restent positifs, les obstacles au commerce augmentent dans le monde entier. Les PME suisses per\u00e7oivent \u00e9galement activement cette \u00e9volution des derni\u00e8res ann\u00e9es. La moiti\u00e9 d'entre elles estiment que les opportunit\u00e9s de croissance actuelles sont exactement les m\u00eames qu'il y a cinq ans, mais l'autre moiti\u00e9 a indiqu\u00e9 qu'il \u00e9tait aujourd'hui plus difficile de se d\u00e9velopper \u00e0 l'international. Elles ont cit\u00e9 comme raison principale l'instabilit\u00e9 des taux de change, mais aussi les tendances protectionnistes croissantes dans de nombreux pays, les droits de douane plus compliqu\u00e9s et la diversit\u00e9 croissante des normes et standards des produits.<\/p>\n<p>Mais comment les PME suisses peuvent-elles se d\u00e9velopper \u00e0 l'international malgr\u00e9 les obstacles commerciaux ? C'est le th\u00e8me du Forum du commerce ext\u00e9rieur de Switzerland Global Enterprise qui se tiendra cette ann\u00e9e le 26 avril 2018 \u00e0 la Foire de Zurich. Lors de ce grand rendez-vous annuel de l'\u00e9conomie d'exportation, les PME recevront de pr\u00e9cieux conseils et pourront s'appuyer sur les comp\u00e9tences cumul\u00e9es de 600 entreprises et experts participants en mati\u00e8re de croissance internationale.<\/p>\n<p><em>Sources : <a href=\"http:\/\/www.credit-suisse.com\">Credit Suisse<\/a> \/ <a href=\"http:\/\/www.s-ge.com\">Switzerland Global Enterprise<\/a><\/em><\/p>","protected":false},"excerpt":{"rendered":"<p>Zwei Drittel aller befragten KMU rechnen im 2. Quartal 2018 mit weiter steigenden Exporten. Das best\u00e4tigt auch das Credit Suisse Exportbarometer. Dieses liegt erneut weit in der Wachstumszone und untermauert damit die optimistische Exportprognose von plus 4\u00a0% f\u00fcr 2018. Am st\u00e4rksten wachsen d\u00fcrften zyklische Branchen wie MEM und Chemie, w\u00e4hrend die Pharmabranche den konjunkturellen Aufschwung [&hellip;]<\/p>\n","protected":false},"author":4,"featured_media":3442,"comment_status":"open","ping_status":"open","sticky":false,"template":"","format":"standard","meta":{"_acf_changed":false,"_yoast_wpseo_focuskw":"Exportbarometer","_yoast_wpseo_metadesc":"Gem\u00e4ss einer aktuellen Umfrage von Switzerland Global Enterprise (S-GE) bleibt die Exportstimmung auch im 2. Quartal 2018 auf h\u00f6chstem Niveau stabil. Auch der Exportbarometer von Credit Suisse best\u00e4tigt diesen Trend.","articlekey":"","footnotes":""},"categories":[1],"tags":[189,452,508,531],"class_list":["post-3440","post","type-post","status-publish","format-standard","has-post-thumbnail","hentry","category-allgemein","tag-export","tag-statistik","tag-vermischtes","tag-wirtschaftspolitik"],"acf":[],"yoast_head":"<!-- This site is optimized with the Yoast SEO plugin v27.5 - https:\/\/yoast.com\/product\/yoast-seo-wordpress\/ -->\n<title>Exportbarometer: Exportstimmung auf Rekordkurs - Organisator<\/title>\n<meta name=\"description\" content=\"Gem\u00e4ss einer aktuellen Umfrage von Switzerland Global Enterprise (S-GE) bleibt die Exportstimmung auch im 2. Quartal 2018 auf h\u00f6chstem Niveau stabil. Auch der Exportbarometer von Credit Suisse best\u00e4tigt diesen Trend.\" \/>\n<meta name=\"robots\" content=\"index, follow, max-snippet:-1, max-image-preview:large, max-video-preview:-1\" \/>\n<link rel=\"canonical\" href=\"https:\/\/www.organisator.ch\/fr\/general\/2018-04-16\/exportbarometer-exportstimmung-auf-rekordkurs\/\" \/>\n<meta property=\"og:locale\" content=\"fr_FR\" \/>\n<meta property=\"og:type\" content=\"article\" \/>\n<meta property=\"og:title\" content=\"Exportbarometer: Exportstimmung auf Rekordkurs\" \/>\n<meta property=\"og:description\" content=\"Gem\u00e4ss einer aktuellen Umfrage von Switzerland Global Enterprise (#S-GE) bleibt die #Exportstimmung auch im 2. Quartal 2018 auf h\u00f6chstem Niveau stabil. Auch der #Exportbarometer von Credit Suisse best\u00e4tigt diesen Trend.\" \/>\n<meta property=\"og:url\" content=\"https:\/\/www.organisator.ch\/fr\/general\/2018-04-16\/exportbarometer-exportstimmung-auf-rekordkurs\/\" \/>\n<meta property=\"og:site_name\" content=\"Organisator\" \/>\n<meta property=\"article:publisher\" content=\"https:\/\/www.facebook.com\/OrganisatorFachmagazin\" \/>\n<meta property=\"article:published_time\" content=\"2018-04-16T06:44:12+00:00\" \/>\n<meta property=\"og:image\" content=\"https:\/\/www.organisator.ch\/wp-content\/uploads\/2018\/04\/Exportbarometer-Exportstimmung-auf-Rekordkurs_Organisator.jpg\" \/>\n\t<meta property=\"og:image:width\" content=\"640\" \/>\n\t<meta property=\"og:image:height\" content=\"480\" \/>\n\t<meta property=\"og:image:type\" content=\"image\/jpeg\" \/>\n<meta name=\"author\" content=\"thomas.berner\" \/>\n<meta name=\"twitter:card\" content=\"summary_large_image\" \/>\n<meta name=\"twitter:title\" content=\"#Exportbarometer: #Exportstimmung auf Rekordkurs\" \/>\n<meta name=\"twitter:description\" content=\"Gem\u00e4ss einer aktuellen Umfrage von Switzerland Global Enterprise (#S-GE) bleibt die #Exportstimmung auch im 2. Quartal 2018 auf h\u00f6chstem Niveau stabil. Auch der #Exportbarometer von Credit Suisse best\u00e4tigt diesen Trend.\" \/>\n<meta name=\"twitter:image\" content=\"https:\/\/www.organisator.ch\/wp-content\/uploads\/2018\/04\/Exportbarometer-Exportstimmung-auf-Rekordkurs_Organisator.jpg\" \/>\n<script type=\"application\/ld+json\" class=\"yoast-schema-graph\">{\"@context\":\"https:\\\/\\\/schema.org\",\"@graph\":[{\"@type\":\"Article\",\"@id\":\"https:\\\/\\\/www.organisator.ch\\\/en\\\/general\\\/2018-04-16\\\/exportbarometer-exportstimmung-auf-rekordkurs\\\/#article\",\"isPartOf\":{\"@id\":\"https:\\\/\\\/www.organisator.ch\\\/en\\\/general\\\/2018-04-16\\\/exportbarometer-exportstimmung-auf-rekordkurs\\\/\"},\"author\":{\"name\":\"thomas.berner\",\"@id\":\"https:\\\/\\\/www.organisator.ch\\\/#\\\/schema\\\/person\\\/6f650f90b2842cd4c0cc334b4e36f67e\"},\"headline\":\"Exportbarometer: Exportstimmung auf Rekordkurs\",\"datePublished\":\"2018-04-16T06:44:12+00:00\",\"mainEntityOfPage\":{\"@id\":\"https:\\\/\\\/www.organisator.ch\\\/en\\\/general\\\/2018-04-16\\\/exportbarometer-exportstimmung-auf-rekordkurs\\\/\"},\"wordCount\":528,\"commentCount\":0,\"publisher\":{\"@id\":\"https:\\\/\\\/www.organisator.ch\\\/#organization\"},\"image\":{\"@id\":\"https:\\\/\\\/www.organisator.ch\\\/en\\\/general\\\/2018-04-16\\\/exportbarometer-exportstimmung-auf-rekordkurs\\\/#primaryimage\"},\"thumbnailUrl\":\"https:\\\/\\\/www.organisator.ch\\\/wp-content\\\/uploads\\\/2018\\\/04\\\/Exportbarometer-Exportstimmung-auf-Rekordkurs_Organisator.jpg\",\"keywords\":[\"Export\",\"Statistik\",\"Vermischtes\",\"Wirtschaftspolitik\"],\"articleSection\":[\"Allgemein\"],\"inLanguage\":\"fr-FR\"},{\"@type\":\"WebPage\",\"@id\":\"https:\\\/\\\/www.organisator.ch\\\/en\\\/general\\\/2018-04-16\\\/exportbarometer-exportstimmung-auf-rekordkurs\\\/\",\"url\":\"https:\\\/\\\/www.organisator.ch\\\/en\\\/general\\\/2018-04-16\\\/exportbarometer-exportstimmung-auf-rekordkurs\\\/\",\"name\":\"Exportbarometer: Exportstimmung auf Rekordkurs - Organisator\",\"isPartOf\":{\"@id\":\"https:\\\/\\\/www.organisator.ch\\\/#website\"},\"primaryImageOfPage\":{\"@id\":\"https:\\\/\\\/www.organisator.ch\\\/en\\\/general\\\/2018-04-16\\\/exportbarometer-exportstimmung-auf-rekordkurs\\\/#primaryimage\"},\"image\":{\"@id\":\"https:\\\/\\\/www.organisator.ch\\\/en\\\/general\\\/2018-04-16\\\/exportbarometer-exportstimmung-auf-rekordkurs\\\/#primaryimage\"},\"thumbnailUrl\":\"https:\\\/\\\/www.organisator.ch\\\/wp-content\\\/uploads\\\/2018\\\/04\\\/Exportbarometer-Exportstimmung-auf-Rekordkurs_Organisator.jpg\",\"datePublished\":\"2018-04-16T06:44:12+00:00\",\"description\":\"Gem\u00e4ss einer aktuellen Umfrage von Switzerland Global Enterprise (S-GE) bleibt die Exportstimmung auch im 2. Quartal 2018 auf h\u00f6chstem Niveau stabil. Auch der Exportbarometer von Credit Suisse best\u00e4tigt diesen Trend.\",\"breadcrumb\":{\"@id\":\"https:\\\/\\\/www.organisator.ch\\\/en\\\/general\\\/2018-04-16\\\/exportbarometer-exportstimmung-auf-rekordkurs\\\/#breadcrumb\"},\"inLanguage\":\"fr-FR\",\"potentialAction\":[{\"@type\":\"ReadAction\",\"target\":[\"https:\\\/\\\/www.organisator.ch\\\/en\\\/general\\\/2018-04-16\\\/exportbarometer-exportstimmung-auf-rekordkurs\\\/\"]}]},{\"@type\":\"ImageObject\",\"inLanguage\":\"fr-FR\",\"@id\":\"https:\\\/\\\/www.organisator.ch\\\/en\\\/general\\\/2018-04-16\\\/exportbarometer-exportstimmung-auf-rekordkurs\\\/#primaryimage\",\"url\":\"https:\\\/\\\/www.organisator.ch\\\/wp-content\\\/uploads\\\/2018\\\/04\\\/Exportbarometer-Exportstimmung-auf-Rekordkurs_Organisator.jpg\",\"contentUrl\":\"https:\\\/\\\/www.organisator.ch\\\/wp-content\\\/uploads\\\/2018\\\/04\\\/Exportbarometer-Exportstimmung-auf-Rekordkurs_Organisator.jpg\",\"width\":640,\"height\":480,\"caption\":\"Gem\u00e4ss dem j\u00fcngsten Exportbarometer von Credit Suisse und S-GE ist die Exportstimmung bei KMU weiterhin ausgezeichnet. (Foto: Kathrin Antrak \\\/ pixelio.de)\"},{\"@type\":\"BreadcrumbList\",\"@id\":\"https:\\\/\\\/www.organisator.ch\\\/en\\\/general\\\/2018-04-16\\\/exportbarometer-exportstimmung-auf-rekordkurs\\\/#breadcrumb\",\"itemListElement\":[{\"@type\":\"ListItem\",\"position\":1,\"name\":\"Home\",\"item\":\"https:\\\/\\\/www.organisator.ch\\\/\"},{\"@type\":\"ListItem\",\"position\":2,\"name\":\"Exportbarometer: Exportstimmung auf Rekordkurs\"}]},{\"@type\":\"WebSite\",\"@id\":\"https:\\\/\\\/www.organisator.ch\\\/#website\",\"url\":\"https:\\\/\\\/www.organisator.ch\\\/\",\"name\":\"Organisator\",\"description\":\"Kompetent. Praxisnah. Der ORGANISATOR bereitet in 10 Ausgaben pro Jahr die wesentlichen Themen f\u00fcr F\u00fchrungskr\u00e4fte von KMU auf.\",\"publisher\":{\"@id\":\"https:\\\/\\\/www.organisator.ch\\\/#organization\"},\"potentialAction\":[{\"@type\":\"SearchAction\",\"target\":{\"@type\":\"EntryPoint\",\"urlTemplate\":\"https:\\\/\\\/www.organisator.ch\\\/?s={search_term_string}\"},\"query-input\":{\"@type\":\"PropertyValueSpecification\",\"valueRequired\":true,\"valueName\":\"search_term_string\"}}],\"inLanguage\":\"fr-FR\"},{\"@type\":\"Organization\",\"@id\":\"https:\\\/\\\/www.organisator.ch\\\/#organization\",\"name\":\"Organisator\",\"url\":\"https:\\\/\\\/www.organisator.ch\\\/\",\"logo\":{\"@type\":\"ImageObject\",\"inLanguage\":\"fr-FR\",\"@id\":\"https:\\\/\\\/www.organisator.ch\\\/#\\\/schema\\\/logo\\\/image\\\/\",\"url\":\"https:\\\/\\\/www.organisator.ch\\\/wp-content\\\/uploads\\\/2022\\\/01\\\/Logo_Organisator_Website.png\",\"contentUrl\":\"https:\\\/\\\/www.organisator.ch\\\/wp-content\\\/uploads\\\/2022\\\/01\\\/Logo_Organisator_Website.png\",\"width\":800,\"height\":77,\"caption\":\"Organisator\"},\"image\":{\"@id\":\"https:\\\/\\\/www.organisator.ch\\\/#\\\/schema\\\/logo\\\/image\\\/\"},\"sameAs\":[\"https:\\\/\\\/www.facebook.com\\\/OrganisatorFachmagazin\",\"https:\\\/\\\/www.linkedin.com\\\/showcase\\\/organisator-das-magazin-fr-kmu\",\"https:\\\/\\\/www.xing.com\\\/news\\\/pages\\\/organisator-ch-695\",\"https:\\\/\\\/www.youtube.com\\\/channel\\\/UCGP2Sq0iWaZwT3BdIAQFYpw\"]},{\"@type\":\"Person\",\"@id\":\"https:\\\/\\\/www.organisator.ch\\\/#\\\/schema\\\/person\\\/6f650f90b2842cd4c0cc334b4e36f67e\",\"name\":\"thomas.berner\",\"image\":{\"@type\":\"ImageObject\",\"inLanguage\":\"fr-FR\",\"@id\":\"https:\\\/\\\/secure.gravatar.com\\\/avatar\\\/ac5001d2a36cb6c6cd3e50789007ffca834b477b74a2144564522e944eabff61?s=96&d=mm&r=g\",\"url\":\"https:\\\/\\\/secure.gravatar.com\\\/avatar\\\/ac5001d2a36cb6c6cd3e50789007ffca834b477b74a2144564522e944eabff61?s=96&d=mm&r=g\",\"contentUrl\":\"https:\\\/\\\/secure.gravatar.com\\\/avatar\\\/ac5001d2a36cb6c6cd3e50789007ffca834b477b74a2144564522e944eabff61?s=96&d=mm&r=g\",\"caption\":\"thomas.berner\"},\"url\":\"https:\\\/\\\/www.organisator.ch\\\/fr\\\/author\\\/thomas-berner\\\/\"}]}<\/script>\n<!-- \/ Yoast SEO plugin. -->","yoast_head_json":{"title":"Le barom\u00e8tre des exportations : Le moral des exportateurs bat des records - Organisateur","description":"Selon un r\u00e9cent sondage de Switzerland Global Enterprise (S-GE), le climat d'exportation reste stable au plus haut niveau au deuxi\u00e8me trimestre 2018. Le barom\u00e8tre des exportations du Credit Suisse confirme \u00e9galement cette tendance.","robots":{"index":"index","follow":"follow","max-snippet":"max-snippet:-1","max-image-preview":"max-image-preview:large","max-video-preview":"max-video-preview:-1"},"canonical":"https:\/\/www.organisator.ch\/fr\/general\/2018-04-16\/exportbarometer-exportstimmung-auf-rekordkurs\/","og_locale":"fr_FR","og_type":"article","og_title":"Exportbarometer: Exportstimmung auf Rekordkurs","og_description":"Gem\u00e4ss einer aktuellen Umfrage von Switzerland Global Enterprise (#S-GE) bleibt die #Exportstimmung auch im 2. Quartal 2018 auf h\u00f6chstem Niveau stabil. Auch der #Exportbarometer von Credit Suisse best\u00e4tigt diesen Trend.","og_url":"https:\/\/www.organisator.ch\/fr\/general\/2018-04-16\/exportbarometer-exportstimmung-auf-rekordkurs\/","og_site_name":"Organisator","article_publisher":"https:\/\/www.facebook.com\/OrganisatorFachmagazin","article_published_time":"2018-04-16T06:44:12+00:00","og_image":[{"width":640,"height":480,"url":"https:\/\/www.organisator.ch\/wp-content\/uploads\/2018\/04\/Exportbarometer-Exportstimmung-auf-Rekordkurs_Organisator.jpg","type":"image\/jpeg"}],"author":"thomas.berner","twitter_card":"summary_large_image","twitter_title":"#Exportbarometer: #Exportstimmung auf Rekordkurs","twitter_description":"Gem\u00e4ss einer aktuellen Umfrage von Switzerland Global Enterprise (#S-GE) bleibt die #Exportstimmung auch im 2. Quartal 2018 auf h\u00f6chstem Niveau stabil. Auch der #Exportbarometer von Credit Suisse best\u00e4tigt diesen Trend.","twitter_image":"https:\/\/www.organisator.ch\/wp-content\/uploads\/2018\/04\/Exportbarometer-Exportstimmung-auf-Rekordkurs_Organisator.jpg","schema":{"@context":"https:\/\/schema.org","@graph":[{"@type":"Article","@id":"https:\/\/www.organisator.ch\/en\/general\/2018-04-16\/exportbarometer-exportstimmung-auf-rekordkurs\/#article","isPartOf":{"@id":"https:\/\/www.organisator.ch\/en\/general\/2018-04-16\/exportbarometer-exportstimmung-auf-rekordkurs\/"},"author":{"name":"thomas.berner","@id":"https:\/\/www.organisator.ch\/#\/schema\/person\/6f650f90b2842cd4c0cc334b4e36f67e"},"headline":"Exportbarometer: Exportstimmung auf Rekordkurs","datePublished":"2018-04-16T06:44:12+00:00","mainEntityOfPage":{"@id":"https:\/\/www.organisator.ch\/en\/general\/2018-04-16\/exportbarometer-exportstimmung-auf-rekordkurs\/"},"wordCount":528,"commentCount":0,"publisher":{"@id":"https:\/\/www.organisator.ch\/#organization"},"image":{"@id":"https:\/\/www.organisator.ch\/en\/general\/2018-04-16\/exportbarometer-exportstimmung-auf-rekordkurs\/#primaryimage"},"thumbnailUrl":"https:\/\/www.organisator.ch\/wp-content\/uploads\/2018\/04\/Exportbarometer-Exportstimmung-auf-Rekordkurs_Organisator.jpg","keywords":["Export","Statistik","Vermischtes","Wirtschaftspolitik"],"articleSection":["Allgemein"],"inLanguage":"fr-FR"},{"@type":"WebPage","@id":"https:\/\/www.organisator.ch\/en\/general\/2018-04-16\/exportbarometer-exportstimmung-auf-rekordkurs\/","url":"https:\/\/www.organisator.ch\/en\/general\/2018-04-16\/exportbarometer-exportstimmung-auf-rekordkurs\/","name":"Le barom\u00e8tre des exportations : Le moral des exportateurs bat des records - Organisateur","isPartOf":{"@id":"https:\/\/www.organisator.ch\/#website"},"primaryImageOfPage":{"@id":"https:\/\/www.organisator.ch\/en\/general\/2018-04-16\/exportbarometer-exportstimmung-auf-rekordkurs\/#primaryimage"},"image":{"@id":"https:\/\/www.organisator.ch\/en\/general\/2018-04-16\/exportbarometer-exportstimmung-auf-rekordkurs\/#primaryimage"},"thumbnailUrl":"https:\/\/www.organisator.ch\/wp-content\/uploads\/2018\/04\/Exportbarometer-Exportstimmung-auf-Rekordkurs_Organisator.jpg","datePublished":"2018-04-16T06:44:12+00:00","description":"Selon un r\u00e9cent sondage de Switzerland Global Enterprise (S-GE), le climat d'exportation reste stable au plus haut niveau au deuxi\u00e8me trimestre 2018. Le barom\u00e8tre des exportations du Credit Suisse confirme \u00e9galement cette tendance.","breadcrumb":{"@id":"https:\/\/www.organisator.ch\/en\/general\/2018-04-16\/exportbarometer-exportstimmung-auf-rekordkurs\/#breadcrumb"},"inLanguage":"fr-FR","potentialAction":[{"@type":"ReadAction","target":["https:\/\/www.organisator.ch\/en\/general\/2018-04-16\/exportbarometer-exportstimmung-auf-rekordkurs\/"]}]},{"@type":"ImageObject","inLanguage":"fr-FR","@id":"https:\/\/www.organisator.ch\/en\/general\/2018-04-16\/exportbarometer-exportstimmung-auf-rekordkurs\/#primaryimage","url":"https:\/\/www.organisator.ch\/wp-content\/uploads\/2018\/04\/Exportbarometer-Exportstimmung-auf-Rekordkurs_Organisator.jpg","contentUrl":"https:\/\/www.organisator.ch\/wp-content\/uploads\/2018\/04\/Exportbarometer-Exportstimmung-auf-Rekordkurs_Organisator.jpg","width":640,"height":480,"caption":"Gem\u00e4ss dem j\u00fcngsten Exportbarometer von Credit Suisse und S-GE ist die Exportstimmung bei KMU weiterhin ausgezeichnet. (Foto: Kathrin Antrak \/ pixelio.de)"},{"@type":"BreadcrumbList","@id":"https:\/\/www.organisator.ch\/en\/general\/2018-04-16\/exportbarometer-exportstimmung-auf-rekordkurs\/#breadcrumb","itemListElement":[{"@type":"ListItem","position":1,"name":"Home","item":"https:\/\/www.organisator.ch\/"},{"@type":"ListItem","position":2,"name":"Exportbarometer: Exportstimmung auf Rekordkurs"}]},{"@type":"WebSite","@id":"https:\/\/www.organisator.ch\/#website","url":"https:\/\/www.organisator.ch\/","name":"Organisateur","description":"Comp\u00e9tence et comp\u00e9tence. Proches de la pratique. L'ORGANISATEUR pr\u00e9pare 10 num\u00e9ros par an sur les th\u00e8mes essentiels pour les dirigeants de PME.","publisher":{"@id":"https:\/\/www.organisator.ch\/#organization"},"potentialAction":[{"@type":"SearchAction","target":{"@type":"EntryPoint","urlTemplate":"https:\/\/www.organisator.ch\/?s={search_term_string}"},"query-input":{"@type":"PropertyValueSpecification","valueRequired":true,"valueName":"search_term_string"}}],"inLanguage":"fr-FR"},{"@type":"Organization","@id":"https:\/\/www.organisator.ch\/#organization","name":"Organisateur","url":"https:\/\/www.organisator.ch\/","logo":{"@type":"ImageObject","inLanguage":"fr-FR","@id":"https:\/\/www.organisator.ch\/#\/schema\/logo\/image\/","url":"https:\/\/www.organisator.ch\/wp-content\/uploads\/2022\/01\/Logo_Organisator_Website.png","contentUrl":"https:\/\/www.organisator.ch\/wp-content\/uploads\/2022\/01\/Logo_Organisator_Website.png","width":800,"height":77,"caption":"Organisator"},"image":{"@id":"https:\/\/www.organisator.ch\/#\/schema\/logo\/image\/"},"sameAs":["https:\/\/www.facebook.com\/OrganisatorFachmagazin","https:\/\/www.linkedin.com\/showcase\/organisator-das-magazin-fr-kmu","https:\/\/www.xing.com\/news\/pages\/organisator-ch-695","https:\/\/www.youtube.com\/channel\/UCGP2Sq0iWaZwT3BdIAQFYpw"]},{"@type":"Person","@id":"https:\/\/www.organisator.ch\/#\/schema\/person\/6f650f90b2842cd4c0cc334b4e36f67e","name":"thomas.berner","image":{"@type":"ImageObject","inLanguage":"fr-FR","@id":"https:\/\/secure.gravatar.com\/avatar\/ac5001d2a36cb6c6cd3e50789007ffca834b477b74a2144564522e944eabff61?s=96&d=mm&r=g","url":"https:\/\/secure.gravatar.com\/avatar\/ac5001d2a36cb6c6cd3e50789007ffca834b477b74a2144564522e944eabff61?s=96&d=mm&r=g","contentUrl":"https:\/\/secure.gravatar.com\/avatar\/ac5001d2a36cb6c6cd3e50789007ffca834b477b74a2144564522e944eabff61?s=96&d=mm&r=g","caption":"thomas.berner"},"url":"https:\/\/www.organisator.ch\/fr\/author\/thomas-berner\/"}]}},"_links":{"self":[{"href":"https:\/\/www.organisator.ch\/fr\/wp-json\/wp\/v2\/posts\/3440","targetHints":{"allow":["GET"]}}],"collection":[{"href":"https:\/\/www.organisator.ch\/fr\/wp-json\/wp\/v2\/posts"}],"about":[{"href":"https:\/\/www.organisator.ch\/fr\/wp-json\/wp\/v2\/types\/post"}],"author":[{"embeddable":true,"href":"https:\/\/www.organisator.ch\/fr\/wp-json\/wp\/v2\/users\/4"}],"replies":[{"embeddable":true,"href":"https:\/\/www.organisator.ch\/fr\/wp-json\/wp\/v2\/comments?post=3440"}],"version-history":[{"count":0,"href":"https:\/\/www.organisator.ch\/fr\/wp-json\/wp\/v2\/posts\/3440\/revisions"}],"wp:featuredmedia":[{"embeddable":true,"href":"https:\/\/www.organisator.ch\/fr\/wp-json\/wp\/v2\/media\/3442"}],"wp:attachment":[{"href":"https:\/\/www.organisator.ch\/fr\/wp-json\/wp\/v2\/media?parent=3440"}],"wp:term":[{"taxonomy":"category","embeddable":true,"href":"https:\/\/www.organisator.ch\/fr\/wp-json\/wp\/v2\/categories?post=3440"},{"taxonomy":"post_tag","embeddable":true,"href":"https:\/\/www.organisator.ch\/fr\/wp-json\/wp\/v2\/tags?post=3440"}],"curies":[{"name":"wp","href":"https:\/\/api.w.org\/{rel}","templated":true}]}}