{"id":34402,"date":"2024-12-04T08:12:34","date_gmt":"2024-12-04T07:12:34","guid":{"rendered":"https:\/\/www.m-q.ch\/?p=20782"},"modified":"2024-12-04T09:17:05","modified_gmt":"2024-12-04T08:17:05","slug":"dimitri-korostylev-ist-neuer-head-of-legal-data-privacy-consulting-bei-der-swiss-infosec-ag","status":"publish","type":"post","link":"https:\/\/www.organisator.ch\/fr\/operational-excellence\/2024-12-04\/dimitri-korostylev-ist-neuer-head-of-legal-data-privacy-consulting-bei-der-swiss-infosec-ag\/","title":{"rendered":"Dimitri Korostylev est le nouveau responsable de Legal &amp; Data Privacy Consulting chez Swiss Infosec SA"},"content":{"rendered":"<figure id=\"attachment_20783\" class=\"wp-caption alignnone\" style=\"width: 680px;\" aria-describedby=\"caption-attachment-20783\"><img class=\"size-full wp-image-20783\" src=\"https:\/\/www.m-q.ch\/wp-content\/uploads\/2024\/12\/Swiss-Infosec-AG_Bild1.jpg\" sizes=\"(max-width: 680px) 100vw, 680px\" srcset=\"https:\/\/www.m-q.ch\/wp-content\/uploads\/2024\/12\/Swiss-Infosec-AG_Bild1.jpg 680w, https:\/\/www.m-q.ch\/wp-content\/uploads\/2024\/12\/Swiss-Infosec-AG_Bild1-16x12.jpg 16w, https:\/\/www.m-q.ch\/wp-content\/uploads\/2024\/12\/Swiss-Infosec-AG_Bild1-375x287.jpg 375w, https:\/\/www.m-q.ch\/wp-content\/uploads\/2024\/12\/Swiss-Infosec-AG_Bild1-457x350.jpg 457w\" alt=\"\" width=\"680\" height=\"521\" \/>\r\n<figcaption id=\"caption-attachment-20783\" class=\"wp-caption-text\">Dimitri Korostylev est le nouveau Head of Legal &amp; Data Privacy Consulting chez Swiss Infosec SA. (Image : Swiss Infosec SA)<\/figcaption>\r\n<\/figure>\r\n<p>Dimitri Korostylev travaille depuis 2022 chez Swiss Infosec dans le conseil et la formation dans les domaines de la protection des donn\u00e9es, du droit informatique et du Legal &amp; Compliance. Derni\u00e8rement, il occupait la fonction de Managing Consultant et de responsable adjoint de l'\u00e9quipe Legal &amp; Data Privacy Consulting. Avocat et consultant exp\u00e9riment\u00e9, il est membre de l'IAPP (International Association of Privacy Professionals) et poss\u00e8de de nombreuses certifications telles que Artificial Intelligence Governance Professional (AIGP), Certified Information Privacy Manager (CIPM) et Certified Information Privacy Technologist (CIPT).<\/p>\r\n<h3><strong>Solution de succession interne <\/strong><\/h3>\r\n<p>\"Pour Swiss Infosec SA, cette solution de succession interne est une aubaine\", souligne Reto Zbinden, CEO de Swiss Infosec SA. Dimitri Korostylev dispose de connaissances et d'un savoir-faire \u00e9tendus et conna\u00eet parfaitement l'approche interdisciplinaire qui caract\u00e9rise l'entreprise.<\/p>\r\n<p>Il s'agit de la combinaison des aspects techniques, juridiques, organisationnels et humains que Swiss Infosec SA propose d'un seul tenant. Elle rend indispensable une vision coh\u00e9rente au-del\u00e0 de son propre champ d'action et transforme les fonctions de direction en fonctions de plaque tournante.<\/p>\r\n<p>Dimitri Korostylev, qui fait \u00e9galement partie de la direction en tant que Head of Legal &amp; Data Privacy Consulting, reprend de Michael Widmer une \u00e9quipe bien \u00e9tablie et diversifi\u00e9e. En termes de nombre de personnes, il s'agit probablement de la plus grande \u00e9quipe de protection des donn\u00e9es de Suisse qui travaille en dehors des structures d'un cabinet d'avocats. Outre ses nouvelles t\u00e2ches \u00e0 la t\u00eate de cette \u00e9quipe de protection des donn\u00e9es, Dimitri Korostylev continuera \u00e0 travailler dans le domaine du conseil et de la formation et sera \u00e0 disposition en tant que d\u00e9l\u00e9gu\u00e9 \u00e0 la protection des donn\u00e9es (DPD) externe selon la LPD et le RGPD.<\/p>\r\n<p>Swiss Infosec SA souhaite le meilleur \u00e0 l'actuel Head of Legal &amp; Data Privacy Consulting, Michael Widmer, et le remercie pour son grand engagement.<\/p>\r\n<p><em>Source : <a href=\"http:\/\/www.infosec.ch\/\">www.infosec.ch<\/a><\/em><\/p>\n<p class=\"syndicated-attribution\">Cet article est paru initialement sur m-q.ch - <a href=\"https:\/\/www.m-q.ch\/de\/dimitri-korostylev-ist-neuer-head-of-legal-data-privacy-consulting-bei-der-swiss-infosec-ag\/\" target=\"_blank\">https:\/\/www.m-q.ch\/de\/dimitri-korostylev-ist-neuer-head-of-legal-data-privacy-consulting-bei-der-swiss-infosec-ag\/<\/a><\/p>","protected":false},"excerpt":{"rendered":"<p>Le 1er d\u00e9cembre 2024, Dimitri Korostylev a pris la direction du centre de comp\u00e9tences Legal &amp; Data Privacy Consulting de Swiss Infosec SA. Il succ\u00e8de \u00e0 Michael Widmer, qui quitte l'entreprise pour donner une nouvelle orientation \u00e0 sa carri\u00e8re.<\/p>","protected":false},"author":80,"featured_media":0,"comment_status":"closed","ping_status":"closed","sticky":false,"template":"","format":"standard","meta":{"_acf_changed":false,"_yoast_wpseo_focuskw":"Dimitri Korostylev","_yoast_wpseo_metadesc":"Dimitri Korostylev \u00fcbernimmt die Leitung des Legal & Data Privacy Consulting bei Swiss Infosec AG und folgt auf Michael Widmer.","articlekey":"","footnotes":""},"categories":[582],"tags":[146,269,286,4269,418,492],"class_list":["post-34402","post","type-post","status-publish","format-standard","hentry","category-operational-excellence","tag-datenschutz","tag-informationssicherheit","tag-it","tag-nachfolge","tag-risikomanagement","tag-unternehmen"],"acf":[],"yoast_head":"<!-- This site is optimized with the Yoast SEO plugin v27.4 - https:\/\/yoast.com\/product\/yoast-seo-wordpress\/ -->\n<title>Dimitri Korostylev ist neuer Head of Legal &amp; Data Privacy Consulting bei der Swiss Infosec AG - Organisator<\/title>\n<meta name=\"description\" content=\"Dimitri Korostylev \u00fcbernimmt die Leitung des Legal &amp; Data Privacy Consulting bei Swiss Infosec AG und folgt auf Michael Widmer.\" \/>\n<meta name=\"robots\" content=\"index, follow, max-snippet:-1, max-image-preview:large, max-video-preview:-1\" \/>\n<link rel=\"canonical\" href=\"https:\/\/www.organisator.ch\/fr\/excellence-operationnelle\/2024-12-04\/dimitri-korostylev-ist-neuer-head-of-legal-data-privacy-consulting-bei-der-swiss-infosec-ag\/\" \/>\n<meta property=\"og:locale\" content=\"fr_FR\" \/>\n<meta property=\"og:type\" content=\"article\" \/>\n<meta property=\"og:title\" content=\"Dimitri Korostylev ist neuer Head of Legal &amp; Data Privacy Consulting bei der Swiss Infosec AG - Organisator\" \/>\n<meta property=\"og:description\" content=\"Dimitri Korostylev \u00fcbernimmt die Leitung des Legal &amp; Data Privacy Consulting bei Swiss Infosec AG und folgt auf Michael Widmer.\" \/>\n<meta property=\"og:url\" content=\"https:\/\/www.organisator.ch\/fr\/excellence-operationnelle\/2024-12-04\/dimitri-korostylev-ist-neuer-head-of-legal-data-privacy-consulting-bei-der-swiss-infosec-ag\/\" \/>\n<meta property=\"og:site_name\" content=\"Organisator\" \/>\n<meta property=\"article:publisher\" content=\"https:\/\/www.facebook.com\/OrganisatorFachmagazin\" \/>\n<meta property=\"article:published_time\" content=\"2024-12-04T07:12:34+00:00\" \/>\n<meta property=\"article:modified_time\" content=\"2024-12-04T08:17:05+00:00\" \/>\n<meta property=\"og:image\" content=\"https:\/\/www.organisator.ch\/wp-content\/uploads\/2023\/06\/Neues-Fachforum-Smart-Digital-Business-fuer-Schweizer-KMU_Organisator.jpg\" \/>\n\t<meta property=\"og:image:width\" content=\"680\" \/>\n\t<meta property=\"og:image:height\" content=\"340\" \/>\n\t<meta property=\"og:image:type\" content=\"image\/jpeg\" \/>\n<meta name=\"author\" content=\"Dzana Muminovic\" \/>\n<meta name=\"twitter:card\" content=\"summary_large_image\" \/>\n<script type=\"application\/ld+json\" class=\"yoast-schema-graph\">{\"@context\":\"https:\\\/\\\/schema.org\",\"@graph\":[{\"@type\":\"Article\",\"@id\":\"https:\\\/\\\/www.organisator.ch\\\/operational-excellence\\\/2024-12-04\\\/dimitri-korostylev-ist-neuer-head-of-legal-data-privacy-consulting-bei-der-swiss-infosec-ag\\\/#article\",\"isPartOf\":{\"@id\":\"https:\\\/\\\/www.organisator.ch\\\/operational-excellence\\\/2024-12-04\\\/dimitri-korostylev-ist-neuer-head-of-legal-data-privacy-consulting-bei-der-swiss-infosec-ag\\\/\"},\"author\":{\"name\":\"Dzana Muminovic\",\"@id\":\"https:\\\/\\\/www.organisator.ch\\\/#\\\/schema\\\/person\\\/afccda3a71c06d4be2ed9100dd163db7\"},\"headline\":\"Dimitri Korostylev ist neuer Head of Legal &amp; Data Privacy Consulting bei der Swiss Infosec AG\",\"datePublished\":\"2024-12-04T07:12:34+00:00\",\"dateModified\":\"2024-12-04T08:17:05+00:00\",\"mainEntityOfPage\":{\"@id\":\"https:\\\/\\\/www.organisator.ch\\\/operational-excellence\\\/2024-12-04\\\/dimitri-korostylev-ist-neuer-head-of-legal-data-privacy-consulting-bei-der-swiss-infosec-ag\\\/\"},\"wordCount\":311,\"publisher\":{\"@id\":\"https:\\\/\\\/www.organisator.ch\\\/#organization\"},\"image\":{\"@id\":\"https:\\\/\\\/www.organisator.ch\\\/operational-excellence\\\/2024-12-04\\\/dimitri-korostylev-ist-neuer-head-of-legal-data-privacy-consulting-bei-der-swiss-infosec-ag\\\/#primaryimage\"},\"thumbnailUrl\":\"https:\\\/\\\/www.m-q.ch\\\/wp-content\\\/uploads\\\/2024\\\/12\\\/Swiss-Infosec-AG_Bild1.jpg\",\"keywords\":[\"Datenschutz\",\"Informationssicherheit\",\"IT\",\"Nachfolge\",\"Risikomanagement\",\"Unternehmen\"],\"articleSection\":[\"OPERATIONAL EXCELLENCE\"],\"inLanguage\":\"fr-FR\"},{\"@type\":\"WebPage\",\"@id\":\"https:\\\/\\\/www.organisator.ch\\\/operational-excellence\\\/2024-12-04\\\/dimitri-korostylev-ist-neuer-head-of-legal-data-privacy-consulting-bei-der-swiss-infosec-ag\\\/\",\"url\":\"https:\\\/\\\/www.organisator.ch\\\/operational-excellence\\\/2024-12-04\\\/dimitri-korostylev-ist-neuer-head-of-legal-data-privacy-consulting-bei-der-swiss-infosec-ag\\\/\",\"name\":\"Dimitri Korostylev ist neuer Head of Legal &amp; Data Privacy Consulting bei der Swiss Infosec AG - Organisator\",\"isPartOf\":{\"@id\":\"https:\\\/\\\/www.organisator.ch\\\/#website\"},\"primaryImageOfPage\":{\"@id\":\"https:\\\/\\\/www.organisator.ch\\\/operational-excellence\\\/2024-12-04\\\/dimitri-korostylev-ist-neuer-head-of-legal-data-privacy-consulting-bei-der-swiss-infosec-ag\\\/#primaryimage\"},\"image\":{\"@id\":\"https:\\\/\\\/www.organisator.ch\\\/operational-excellence\\\/2024-12-04\\\/dimitri-korostylev-ist-neuer-head-of-legal-data-privacy-consulting-bei-der-swiss-infosec-ag\\\/#primaryimage\"},\"thumbnailUrl\":\"https:\\\/\\\/www.m-q.ch\\\/wp-content\\\/uploads\\\/2024\\\/12\\\/Swiss-Infosec-AG_Bild1.jpg\",\"datePublished\":\"2024-12-04T07:12:34+00:00\",\"dateModified\":\"2024-12-04T08:17:05+00:00\",\"description\":\"Dimitri Korostylev \u00fcbernimmt die Leitung des Legal & Data Privacy Consulting bei Swiss Infosec AG und folgt auf Michael Widmer.\",\"breadcrumb\":{\"@id\":\"https:\\\/\\\/www.organisator.ch\\\/operational-excellence\\\/2024-12-04\\\/dimitri-korostylev-ist-neuer-head-of-legal-data-privacy-consulting-bei-der-swiss-infosec-ag\\\/#breadcrumb\"},\"inLanguage\":\"fr-FR\",\"potentialAction\":[{\"@type\":\"ReadAction\",\"target\":[\"https:\\\/\\\/www.organisator.ch\\\/operational-excellence\\\/2024-12-04\\\/dimitri-korostylev-ist-neuer-head-of-legal-data-privacy-consulting-bei-der-swiss-infosec-ag\\\/\"]}]},{\"@type\":\"ImageObject\",\"inLanguage\":\"fr-FR\",\"@id\":\"https:\\\/\\\/www.organisator.ch\\\/operational-excellence\\\/2024-12-04\\\/dimitri-korostylev-ist-neuer-head-of-legal-data-privacy-consulting-bei-der-swiss-infosec-ag\\\/#primaryimage\",\"url\":\"https:\\\/\\\/www.m-q.ch\\\/wp-content\\\/uploads\\\/2024\\\/12\\\/Swiss-Infosec-AG_Bild1.jpg\",\"contentUrl\":\"https:\\\/\\\/www.m-q.ch\\\/wp-content\\\/uploads\\\/2024\\\/12\\\/Swiss-Infosec-AG_Bild1.jpg\"},{\"@type\":\"BreadcrumbList\",\"@id\":\"https:\\\/\\\/www.organisator.ch\\\/operational-excellence\\\/2024-12-04\\\/dimitri-korostylev-ist-neuer-head-of-legal-data-privacy-consulting-bei-der-swiss-infosec-ag\\\/#breadcrumb\",\"itemListElement\":[{\"@type\":\"ListItem\",\"position\":1,\"name\":\"Home\",\"item\":\"https:\\\/\\\/www.organisator.ch\\\/\"},{\"@type\":\"ListItem\",\"position\":2,\"name\":\"Dimitri Korostylev ist neuer Head of Legal &amp; Data Privacy Consulting bei der Swiss Infosec AG\"}]},{\"@type\":\"WebSite\",\"@id\":\"https:\\\/\\\/www.organisator.ch\\\/#website\",\"url\":\"https:\\\/\\\/www.organisator.ch\\\/\",\"name\":\"Organisator\",\"description\":\"Kompetent. Praxisnah. Der ORGANISATOR bereitet in 10 Ausgaben pro Jahr die wesentlichen Themen f\u00fcr F\u00fchrungskr\u00e4fte von KMU auf.\",\"publisher\":{\"@id\":\"https:\\\/\\\/www.organisator.ch\\\/#organization\"},\"potentialAction\":[{\"@type\":\"SearchAction\",\"target\":{\"@type\":\"EntryPoint\",\"urlTemplate\":\"https:\\\/\\\/www.organisator.ch\\\/?s={search_term_string}\"},\"query-input\":{\"@type\":\"PropertyValueSpecification\",\"valueRequired\":true,\"valueName\":\"search_term_string\"}}],\"inLanguage\":\"fr-FR\"},{\"@type\":\"Organization\",\"@id\":\"https:\\\/\\\/www.organisator.ch\\\/#organization\",\"name\":\"Organisator\",\"url\":\"https:\\\/\\\/www.organisator.ch\\\/\",\"logo\":{\"@type\":\"ImageObject\",\"inLanguage\":\"fr-FR\",\"@id\":\"https:\\\/\\\/www.organisator.ch\\\/#\\\/schema\\\/logo\\\/image\\\/\",\"url\":\"https:\\\/\\\/www.organisator.ch\\\/wp-content\\\/uploads\\\/2022\\\/01\\\/Logo_Organisator_Website.png\",\"contentUrl\":\"https:\\\/\\\/www.organisator.ch\\\/wp-content\\\/uploads\\\/2022\\\/01\\\/Logo_Organisator_Website.png\",\"width\":800,\"height\":77,\"caption\":\"Organisator\"},\"image\":{\"@id\":\"https:\\\/\\\/www.organisator.ch\\\/#\\\/schema\\\/logo\\\/image\\\/\"},\"sameAs\":[\"https:\\\/\\\/www.facebook.com\\\/OrganisatorFachmagazin\",\"https:\\\/\\\/www.linkedin.com\\\/showcase\\\/organisator-das-magazin-fr-kmu\",\"https:\\\/\\\/www.xing.com\\\/news\\\/pages\\\/organisator-ch-695\",\"https:\\\/\\\/www.youtube.com\\\/channel\\\/UCGP2Sq0iWaZwT3BdIAQFYpw\"]},{\"@type\":\"Person\",\"@id\":\"https:\\\/\\\/www.organisator.ch\\\/#\\\/schema\\\/person\\\/afccda3a71c06d4be2ed9100dd163db7\",\"name\":\"Dzana Muminovic\",\"image\":{\"@type\":\"ImageObject\",\"inLanguage\":\"fr-FR\",\"@id\":\"https:\\\/\\\/secure.gravatar.com\\\/avatar\\\/909c5c71aff4b38e88686f2ab2f1ba152571f394f41ed8bae431ea56ced93050?s=96&d=mm&r=g\",\"url\":\"https:\\\/\\\/secure.gravatar.com\\\/avatar\\\/909c5c71aff4b38e88686f2ab2f1ba152571f394f41ed8bae431ea56ced93050?s=96&d=mm&r=g\",\"contentUrl\":\"https:\\\/\\\/secure.gravatar.com\\\/avatar\\\/909c5c71aff4b38e88686f2ab2f1ba152571f394f41ed8bae431ea56ced93050?s=96&d=mm&r=g\",\"caption\":\"Dzana Muminovic\"},\"url\":\"https:\\\/\\\/www.organisator.ch\\\/fr\\\/author\\\/dzana-muminovic\\\/\"}]}<\/script>\n<!-- \/ Yoast SEO plugin. -->","yoast_head_json":{"title":"Dimitri Korostylev est le nouveau responsable de Legal &amp; Data Privacy Consulting chez Swiss Infosec SA - Organisateur","description":"Dimitri Korostylev prend la direction du Legal &amp; Data Privacy Consulting chez Swiss Infosec SA et succ\u00e8de \u00e0 Michael Widmer.","robots":{"index":"index","follow":"follow","max-snippet":"max-snippet:-1","max-image-preview":"max-image-preview:large","max-video-preview":"max-video-preview:-1"},"canonical":"https:\/\/www.organisator.ch\/fr\/excellence-operationnelle\/2024-12-04\/dimitri-korostylev-ist-neuer-head-of-legal-data-privacy-consulting-bei-der-swiss-infosec-ag\/","og_locale":"fr_FR","og_type":"article","og_title":"Dimitri Korostylev ist neuer Head of Legal &amp; Data Privacy Consulting bei der Swiss Infosec AG - Organisator","og_description":"Dimitri Korostylev \u00fcbernimmt die Leitung des Legal & Data Privacy Consulting bei Swiss Infosec AG und folgt auf Michael Widmer.","og_url":"https:\/\/www.organisator.ch\/fr\/excellence-operationnelle\/2024-12-04\/dimitri-korostylev-ist-neuer-head-of-legal-data-privacy-consulting-bei-der-swiss-infosec-ag\/","og_site_name":"Organisator","article_publisher":"https:\/\/www.facebook.com\/OrganisatorFachmagazin","article_published_time":"2024-12-04T07:12:34+00:00","article_modified_time":"2024-12-04T08:17:05+00:00","og_image":[{"width":680,"height":340,"url":"https:\/\/www.organisator.ch\/wp-content\/uploads\/2023\/06\/Neues-Fachforum-Smart-Digital-Business-fuer-Schweizer-KMU_Organisator.jpg","type":"image\/jpeg"}],"author":"Dzana Muminovic","twitter_card":"summary_large_image","schema":{"@context":"https:\/\/schema.org","@graph":[{"@type":"Article","@id":"https:\/\/www.organisator.ch\/operational-excellence\/2024-12-04\/dimitri-korostylev-ist-neuer-head-of-legal-data-privacy-consulting-bei-der-swiss-infosec-ag\/#article","isPartOf":{"@id":"https:\/\/www.organisator.ch\/operational-excellence\/2024-12-04\/dimitri-korostylev-ist-neuer-head-of-legal-data-privacy-consulting-bei-der-swiss-infosec-ag\/"},"author":{"name":"Dzana Muminovic","@id":"https:\/\/www.organisator.ch\/#\/schema\/person\/afccda3a71c06d4be2ed9100dd163db7"},"headline":"Dimitri Korostylev ist neuer Head of Legal &amp; Data Privacy Consulting bei der Swiss Infosec AG","datePublished":"2024-12-04T07:12:34+00:00","dateModified":"2024-12-04T08:17:05+00:00","mainEntityOfPage":{"@id":"https:\/\/www.organisator.ch\/operational-excellence\/2024-12-04\/dimitri-korostylev-ist-neuer-head-of-legal-data-privacy-consulting-bei-der-swiss-infosec-ag\/"},"wordCount":311,"publisher":{"@id":"https:\/\/www.organisator.ch\/#organization"},"image":{"@id":"https:\/\/www.organisator.ch\/operational-excellence\/2024-12-04\/dimitri-korostylev-ist-neuer-head-of-legal-data-privacy-consulting-bei-der-swiss-infosec-ag\/#primaryimage"},"thumbnailUrl":"https:\/\/www.m-q.ch\/wp-content\/uploads\/2024\/12\/Swiss-Infosec-AG_Bild1.jpg","keywords":["Datenschutz","Informationssicherheit","IT","Nachfolge","Risikomanagement","Unternehmen"],"articleSection":["OPERATIONAL EXCELLENCE"],"inLanguage":"fr-FR"},{"@type":"WebPage","@id":"https:\/\/www.organisator.ch\/operational-excellence\/2024-12-04\/dimitri-korostylev-ist-neuer-head-of-legal-data-privacy-consulting-bei-der-swiss-infosec-ag\/","url":"https:\/\/www.organisator.ch\/operational-excellence\/2024-12-04\/dimitri-korostylev-ist-neuer-head-of-legal-data-privacy-consulting-bei-der-swiss-infosec-ag\/","name":"Dimitri Korostylev est le nouveau responsable de Legal &amp; Data Privacy Consulting chez Swiss Infosec SA - Organisateur","isPartOf":{"@id":"https:\/\/www.organisator.ch\/#website"},"primaryImageOfPage":{"@id":"https:\/\/www.organisator.ch\/operational-excellence\/2024-12-04\/dimitri-korostylev-ist-neuer-head-of-legal-data-privacy-consulting-bei-der-swiss-infosec-ag\/#primaryimage"},"image":{"@id":"https:\/\/www.organisator.ch\/operational-excellence\/2024-12-04\/dimitri-korostylev-ist-neuer-head-of-legal-data-privacy-consulting-bei-der-swiss-infosec-ag\/#primaryimage"},"thumbnailUrl":"https:\/\/www.m-q.ch\/wp-content\/uploads\/2024\/12\/Swiss-Infosec-AG_Bild1.jpg","datePublished":"2024-12-04T07:12:34+00:00","dateModified":"2024-12-04T08:17:05+00:00","description":"Dimitri Korostylev prend la direction du Legal &amp; Data Privacy Consulting chez Swiss Infosec SA et succ\u00e8de \u00e0 Michael Widmer.","breadcrumb":{"@id":"https:\/\/www.organisator.ch\/operational-excellence\/2024-12-04\/dimitri-korostylev-ist-neuer-head-of-legal-data-privacy-consulting-bei-der-swiss-infosec-ag\/#breadcrumb"},"inLanguage":"fr-FR","potentialAction":[{"@type":"ReadAction","target":["https:\/\/www.organisator.ch\/operational-excellence\/2024-12-04\/dimitri-korostylev-ist-neuer-head-of-legal-data-privacy-consulting-bei-der-swiss-infosec-ag\/"]}]},{"@type":"ImageObject","inLanguage":"fr-FR","@id":"https:\/\/www.organisator.ch\/operational-excellence\/2024-12-04\/dimitri-korostylev-ist-neuer-head-of-legal-data-privacy-consulting-bei-der-swiss-infosec-ag\/#primaryimage","url":"https:\/\/www.m-q.ch\/wp-content\/uploads\/2024\/12\/Swiss-Infosec-AG_Bild1.jpg","contentUrl":"https:\/\/www.m-q.ch\/wp-content\/uploads\/2024\/12\/Swiss-Infosec-AG_Bild1.jpg"},{"@type":"BreadcrumbList","@id":"https:\/\/www.organisator.ch\/operational-excellence\/2024-12-04\/dimitri-korostylev-ist-neuer-head-of-legal-data-privacy-consulting-bei-der-swiss-infosec-ag\/#breadcrumb","itemListElement":[{"@type":"ListItem","position":1,"name":"Home","item":"https:\/\/www.organisator.ch\/"},{"@type":"ListItem","position":2,"name":"Dimitri Korostylev ist neuer Head of Legal &amp; Data Privacy Consulting bei der Swiss Infosec AG"}]},{"@type":"WebSite","@id":"https:\/\/www.organisator.ch\/#website","url":"https:\/\/www.organisator.ch\/","name":"Organisateur","description":"Comp\u00e9tence et comp\u00e9tence. Proches de la pratique. L'ORGANISATEUR pr\u00e9pare 10 num\u00e9ros par an sur les th\u00e8mes essentiels pour les dirigeants de PME.","publisher":{"@id":"https:\/\/www.organisator.ch\/#organization"},"potentialAction":[{"@type":"SearchAction","target":{"@type":"EntryPoint","urlTemplate":"https:\/\/www.organisator.ch\/?s={search_term_string}"},"query-input":{"@type":"PropertyValueSpecification","valueRequired":true,"valueName":"search_term_string"}}],"inLanguage":"fr-FR"},{"@type":"Organization","@id":"https:\/\/www.organisator.ch\/#organization","name":"Organisateur","url":"https:\/\/www.organisator.ch\/","logo":{"@type":"ImageObject","inLanguage":"fr-FR","@id":"https:\/\/www.organisator.ch\/#\/schema\/logo\/image\/","url":"https:\/\/www.organisator.ch\/wp-content\/uploads\/2022\/01\/Logo_Organisator_Website.png","contentUrl":"https:\/\/www.organisator.ch\/wp-content\/uploads\/2022\/01\/Logo_Organisator_Website.png","width":800,"height":77,"caption":"Organisator"},"image":{"@id":"https:\/\/www.organisator.ch\/#\/schema\/logo\/image\/"},"sameAs":["https:\/\/www.facebook.com\/OrganisatorFachmagazin","https:\/\/www.linkedin.com\/showcase\/organisator-das-magazin-fr-kmu","https:\/\/www.xing.com\/news\/pages\/organisator-ch-695","https:\/\/www.youtube.com\/channel\/UCGP2Sq0iWaZwT3BdIAQFYpw"]},{"@type":"Person","@id":"https:\/\/www.organisator.ch\/#\/schema\/person\/afccda3a71c06d4be2ed9100dd163db7","name":"Dzana Muminovic","image":{"@type":"ImageObject","inLanguage":"fr-FR","@id":"https:\/\/secure.gravatar.com\/avatar\/909c5c71aff4b38e88686f2ab2f1ba152571f394f41ed8bae431ea56ced93050?s=96&d=mm&r=g","url":"https:\/\/secure.gravatar.com\/avatar\/909c5c71aff4b38e88686f2ab2f1ba152571f394f41ed8bae431ea56ced93050?s=96&d=mm&r=g","contentUrl":"https:\/\/secure.gravatar.com\/avatar\/909c5c71aff4b38e88686f2ab2f1ba152571f394f41ed8bae431ea56ced93050?s=96&d=mm&r=g","caption":"Dzana Muminovic"},"url":"https:\/\/www.organisator.ch\/fr\/author\/dzana-muminovic\/"}]}},"_links":{"self":[{"href":"https:\/\/www.organisator.ch\/fr\/wp-json\/wp\/v2\/posts\/34402","targetHints":{"allow":["GET"]}}],"collection":[{"href":"https:\/\/www.organisator.ch\/fr\/wp-json\/wp\/v2\/posts"}],"about":[{"href":"https:\/\/www.organisator.ch\/fr\/wp-json\/wp\/v2\/types\/post"}],"author":[{"embeddable":true,"href":"https:\/\/www.organisator.ch\/fr\/wp-json\/wp\/v2\/users\/80"}],"replies":[{"embeddable":true,"href":"https:\/\/www.organisator.ch\/fr\/wp-json\/wp\/v2\/comments?post=34402"}],"version-history":[{"count":5,"href":"https:\/\/www.organisator.ch\/fr\/wp-json\/wp\/v2\/posts\/34402\/revisions"}],"predecessor-version":[{"id":34406,"href":"https:\/\/www.organisator.ch\/fr\/wp-json\/wp\/v2\/posts\/34402\/revisions\/34406"}],"wp:attachment":[{"href":"https:\/\/www.organisator.ch\/fr\/wp-json\/wp\/v2\/media?parent=34402"}],"wp:term":[{"taxonomy":"category","embeddable":true,"href":"https:\/\/www.organisator.ch\/fr\/wp-json\/wp\/v2\/categories?post=34402"},{"taxonomy":"post_tag","embeddable":true,"href":"https:\/\/www.organisator.ch\/fr\/wp-json\/wp\/v2\/tags?post=34402"}],"curies":[{"name":"wp","href":"https:\/\/api.w.org\/{rel}","templated":true}]}}