{"id":34419,"date":"2024-12-04T13:25:43","date_gmt":"2024-12-04T12:25:43","guid":{"rendered":"https:\/\/www.markt-kom.com\/?p=227670"},"modified":"2024-12-05T11:35:34","modified_gmt":"2024-12-05T10:35:34","slug":"dentsu-dach-und-cee-markt-werden-zu-central-europe-cluster","status":"publish","type":"post","link":"https:\/\/www.organisator.ch\/fr\/marketing\/2024-12-04\/dentsu-dach-und-cee-markt-werden-zu-central-europe-cluster\/","title":{"rendered":"Dentsu : les march\u00e9s DACH et CEE deviennent le Central Europe Cluster"},"content":{"rendered":"<figure id=\"attachment_227672\" class=\"wp-caption alignnone\" style=\"width: 1200px;\" aria-describedby=\"caption-attachment-227672\"><img class=\"wp-image-227672 size-full\" src=\"https:\/\/www.markt-kom.com\/wp-content\/uploads\/2024\/12\/dentsu.jpg\" sizes=\"(max-width: 1200px) 100vw, 1200px\" srcset=\"https:\/\/www.markt-kom.com\/wp-content\/uploads\/2024\/12\/dentsu.jpg 1200w, https:\/\/www.markt-kom.com\/wp-content\/uploads\/2024\/12\/dentsu-600x300.jpg 600w, https:\/\/www.markt-kom.com\/wp-content\/uploads\/2024\/12\/dentsu-1024x512.jpg 1024w, https:\/\/www.markt-kom.com\/wp-content\/uploads\/2024\/12\/dentsu-768x384.jpg 768w, https:\/\/www.markt-kom.com\/wp-content\/uploads\/2024\/12\/dentsu-18x9.jpg 18w, https:\/\/www.markt-kom.com\/wp-content\/uploads\/2024\/12\/dentsu-350x175.jpg 350w, https:\/\/www.markt-kom.com\/wp-content\/uploads\/2024\/12\/dentsu-700x350.jpg 700w, https:\/\/www.markt-kom.com\/wp-content\/uploads\/2024\/12\/dentsu-1000x500.jpg 1000w\" alt=\"\" width=\"1200\" height=\"600\" \/>\r\n<figcaption id=\"caption-attachment-227672\" class=\"wp-caption-text\">Slawomir Stepniewski et Karin Zimmermann. Image : Dentsu.<\/figcaption>\r\n<\/figure>\r\n<p>Dentsu EMEA se restructure : sous la direction d'Andr\u00e9 Andrade, CEO de Dentsu EMEA, les clusters actuels DACH et CEE seront fusionn\u00e9s le 1er janvier pour former le nouveau cluster Central Europe et S\u0142awomir St\u0119pniewski sera nomm\u00e9 CEO de Dentsu Central Europe &amp; Poland. Karin Zimmermann, actuellement CEO de Dentsu DACH, assumera le nouveau r\u00f4le strat\u00e9gique de pr\u00e9sidente BX (Business Transformation) pour l'ensemble de la r\u00e9gion EMEA.<\/p>\r\n<p>L'objectif est de mieux se positionner strat\u00e9giquement et de permettre aux clients d'acc\u00e9der plus facilement \u00e0 des comp\u00e9tences et des talents multidisciplinaires gr\u00e2ce \u00e0 un mod\u00e8le plus int\u00e9gr\u00e9.<\/p>\r\n<p>St\u0119pniewski a dirig\u00e9 au cours des cinq derni\u00e8res ann\u00e9es le cluster Central Eastern Europe, qui comprend huit march\u00e9s, dont la Pologne. Zimmermann apporte \u00e0 son nouveau poste plus de 20 ans d'exp\u00e9rience dans la gestion de marque, le conseil et la transformation orient\u00e9e client. Elle devra d\u00e9velopper la communaut\u00e9 BX r\u00e9gionale en EMEA, d\u00e9finir des comp\u00e9tences et des solutions transversales et se concentrer sur les principaux d\u00e9fis strat\u00e9giques des clients. Stepniewski et Zimmermann ont lanc\u00e9 en 2024 une \u00e9troite collaboration partenariale entre leurs deux clusters. Ces nouvelles nominations marquent le rapprochement final des deux clusters, peut on lire dans un communiqu\u00e9 de presse.<\/p>","protected":false},"excerpt":{"rendered":"<p>R\u00e9organisation chez Dentsu : les march\u00e9s DACH et CEE sont regroup\u00e9s en un Central Europe Cluster, cela doit favoriser un meilleur positionnement strat\u00e9gique.<\/p>","protected":false},"author":8,"featured_media":0,"comment_status":"closed","ping_status":"closed","sticky":false,"template":"","format":"standard","meta":{"_acf_changed":false,"_yoast_wpseo_focuskw":"Dentsu Central Europe Cluster","_yoast_wpseo_metadesc":"Dentsu formt Central Europe Cluster unter neuer Leitung f\u00fcr bessere strategische Positionierung und integrierte Kundenl\u00f6sungen.","articlekey":"","footnotes":""},"categories":[29],"tags":[4345,3537,4351],"class_list":["post-34419","post","type-post","status-publish","format-standard","hentry","category-marketing","tag-business","tag-dentsu","tag-dexat"],"acf":[],"yoast_head":"<!-- This site is optimized with the Yoast SEO plugin v27.5 - https:\/\/yoast.com\/product\/yoast-seo-wordpress\/ -->\n<title>Dentsu: DACH und CEE-Markt werden zu Central Europe Cluster - Organisator<\/title>\n<meta name=\"description\" content=\"Dentsu formt Central Europe Cluster unter neuer Leitung f\u00fcr bessere strategische Positionierung und integrierte Kundenl\u00f6sungen.\" \/>\n<meta name=\"robots\" content=\"index, follow, max-snippet:-1, max-image-preview:large, max-video-preview:-1\" \/>\n<link rel=\"canonical\" href=\"https:\/\/www.organisator.ch\/fr\/marketing\/2024-12-04\/dentsu-dach-und-cee-markt-werden-zu-central-europe-cluster\/\" \/>\n<meta property=\"og:locale\" content=\"fr_FR\" \/>\n<meta property=\"og:type\" content=\"article\" \/>\n<meta property=\"og:title\" content=\"Dentsu: DACH und CEE-Markt werden zu Central Europe Cluster - Organisator\" \/>\n<meta property=\"og:description\" content=\"Dentsu formt Central Europe Cluster unter neuer Leitung f\u00fcr bessere strategische Positionierung und integrierte Kundenl\u00f6sungen.\" \/>\n<meta property=\"og:url\" content=\"https:\/\/www.organisator.ch\/fr\/marketing\/2024-12-04\/dentsu-dach-und-cee-markt-werden-zu-central-europe-cluster\/\" \/>\n<meta property=\"og:site_name\" content=\"Organisator\" \/>\n<meta property=\"article:publisher\" content=\"https:\/\/www.facebook.com\/OrganisatorFachmagazin\" \/>\n<meta property=\"article:published_time\" content=\"2024-12-04T12:25:43+00:00\" \/>\n<meta property=\"article:modified_time\" content=\"2024-12-05T10:35:34+00:00\" \/>\n<meta name=\"author\" content=\"galledia\" \/>\n<meta name=\"twitter:card\" content=\"summary_large_image\" \/>\n<meta name=\"twitter:creator\" content=\"@admin\" \/>\n<script type=\"application\/ld+json\" class=\"yoast-schema-graph\">{\"@context\":\"https:\\\/\\\/schema.org\",\"@graph\":[{\"@type\":\"Article\",\"@id\":\"https:\\\/\\\/www.organisator.ch\\\/marketing\\\/2024-12-04\\\/dentsu-dach-und-cee-markt-werden-zu-central-europe-cluster\\\/#article\",\"isPartOf\":{\"@id\":\"https:\\\/\\\/www.organisator.ch\\\/marketing\\\/2024-12-04\\\/dentsu-dach-und-cee-markt-werden-zu-central-europe-cluster\\\/\"},\"author\":{\"name\":\"galledia\",\"@id\":\"https:\\\/\\\/www.organisator.ch\\\/#\\\/schema\\\/person\\\/4e51799071cd2dd1232ac003643ef5f0\"},\"headline\":\"Dentsu: DACH und CEE-Markt werden zu Central Europe Cluster\",\"datePublished\":\"2024-12-04T12:25:43+00:00\",\"dateModified\":\"2024-12-05T10:35:34+00:00\",\"mainEntityOfPage\":{\"@id\":\"https:\\\/\\\/www.organisator.ch\\\/marketing\\\/2024-12-04\\\/dentsu-dach-und-cee-markt-werden-zu-central-europe-cluster\\\/\"},\"wordCount\":201,\"publisher\":{\"@id\":\"https:\\\/\\\/www.organisator.ch\\\/#organization\"},\"image\":{\"@id\":\"https:\\\/\\\/www.organisator.ch\\\/marketing\\\/2024-12-04\\\/dentsu-dach-und-cee-markt-werden-zu-central-europe-cluster\\\/#primaryimage\"},\"thumbnailUrl\":\"https:\\\/\\\/www.markt-kom.com\\\/wp-content\\\/uploads\\\/2024\\\/12\\\/dentsu.jpg\",\"keywords\":[\"Business\",\"Dentsu\",\"DExAT\"],\"articleSection\":[\"MARKETING\"],\"inLanguage\":\"fr-FR\"},{\"@type\":\"WebPage\",\"@id\":\"https:\\\/\\\/www.organisator.ch\\\/marketing\\\/2024-12-04\\\/dentsu-dach-und-cee-markt-werden-zu-central-europe-cluster\\\/\",\"url\":\"https:\\\/\\\/www.organisator.ch\\\/marketing\\\/2024-12-04\\\/dentsu-dach-und-cee-markt-werden-zu-central-europe-cluster\\\/\",\"name\":\"Dentsu: DACH und CEE-Markt werden zu Central Europe Cluster - Organisator\",\"isPartOf\":{\"@id\":\"https:\\\/\\\/www.organisator.ch\\\/#website\"},\"primaryImageOfPage\":{\"@id\":\"https:\\\/\\\/www.organisator.ch\\\/marketing\\\/2024-12-04\\\/dentsu-dach-und-cee-markt-werden-zu-central-europe-cluster\\\/#primaryimage\"},\"image\":{\"@id\":\"https:\\\/\\\/www.organisator.ch\\\/marketing\\\/2024-12-04\\\/dentsu-dach-und-cee-markt-werden-zu-central-europe-cluster\\\/#primaryimage\"},\"thumbnailUrl\":\"https:\\\/\\\/www.markt-kom.com\\\/wp-content\\\/uploads\\\/2024\\\/12\\\/dentsu.jpg\",\"datePublished\":\"2024-12-04T12:25:43+00:00\",\"dateModified\":\"2024-12-05T10:35:34+00:00\",\"description\":\"Dentsu formt Central Europe Cluster unter neuer Leitung f\u00fcr bessere strategische Positionierung und integrierte Kundenl\u00f6sungen.\",\"breadcrumb\":{\"@id\":\"https:\\\/\\\/www.organisator.ch\\\/marketing\\\/2024-12-04\\\/dentsu-dach-und-cee-markt-werden-zu-central-europe-cluster\\\/#breadcrumb\"},\"inLanguage\":\"fr-FR\",\"potentialAction\":[{\"@type\":\"ReadAction\",\"target\":[\"https:\\\/\\\/www.organisator.ch\\\/marketing\\\/2024-12-04\\\/dentsu-dach-und-cee-markt-werden-zu-central-europe-cluster\\\/\"]}]},{\"@type\":\"ImageObject\",\"inLanguage\":\"fr-FR\",\"@id\":\"https:\\\/\\\/www.organisator.ch\\\/marketing\\\/2024-12-04\\\/dentsu-dach-und-cee-markt-werden-zu-central-europe-cluster\\\/#primaryimage\",\"url\":\"https:\\\/\\\/www.markt-kom.com\\\/wp-content\\\/uploads\\\/2024\\\/12\\\/dentsu.jpg\",\"contentUrl\":\"https:\\\/\\\/www.markt-kom.com\\\/wp-content\\\/uploads\\\/2024\\\/12\\\/dentsu.jpg\"},{\"@type\":\"BreadcrumbList\",\"@id\":\"https:\\\/\\\/www.organisator.ch\\\/marketing\\\/2024-12-04\\\/dentsu-dach-und-cee-markt-werden-zu-central-europe-cluster\\\/#breadcrumb\",\"itemListElement\":[{\"@type\":\"ListItem\",\"position\":1,\"name\":\"Home\",\"item\":\"https:\\\/\\\/www.organisator.ch\\\/\"},{\"@type\":\"ListItem\",\"position\":2,\"name\":\"Dentsu: DACH und CEE-Markt werden zu Central Europe Cluster\"}]},{\"@type\":\"WebSite\",\"@id\":\"https:\\\/\\\/www.organisator.ch\\\/#website\",\"url\":\"https:\\\/\\\/www.organisator.ch\\\/\",\"name\":\"Organisator\",\"description\":\"Kompetent. Praxisnah. Der ORGANISATOR bereitet in 10 Ausgaben pro Jahr die wesentlichen Themen f\u00fcr F\u00fchrungskr\u00e4fte von KMU auf.\",\"publisher\":{\"@id\":\"https:\\\/\\\/www.organisator.ch\\\/#organization\"},\"potentialAction\":[{\"@type\":\"SearchAction\",\"target\":{\"@type\":\"EntryPoint\",\"urlTemplate\":\"https:\\\/\\\/www.organisator.ch\\\/?s={search_term_string}\"},\"query-input\":{\"@type\":\"PropertyValueSpecification\",\"valueRequired\":true,\"valueName\":\"search_term_string\"}}],\"inLanguage\":\"fr-FR\"},{\"@type\":\"Organization\",\"@id\":\"https:\\\/\\\/www.organisator.ch\\\/#organization\",\"name\":\"Organisator\",\"url\":\"https:\\\/\\\/www.organisator.ch\\\/\",\"logo\":{\"@type\":\"ImageObject\",\"inLanguage\":\"fr-FR\",\"@id\":\"https:\\\/\\\/www.organisator.ch\\\/#\\\/schema\\\/logo\\\/image\\\/\",\"url\":\"https:\\\/\\\/www.organisator.ch\\\/wp-content\\\/uploads\\\/2022\\\/01\\\/Logo_Organisator_Website.png\",\"contentUrl\":\"https:\\\/\\\/www.organisator.ch\\\/wp-content\\\/uploads\\\/2022\\\/01\\\/Logo_Organisator_Website.png\",\"width\":800,\"height\":77,\"caption\":\"Organisator\"},\"image\":{\"@id\":\"https:\\\/\\\/www.organisator.ch\\\/#\\\/schema\\\/logo\\\/image\\\/\"},\"sameAs\":[\"https:\\\/\\\/www.facebook.com\\\/OrganisatorFachmagazin\",\"https:\\\/\\\/www.linkedin.com\\\/showcase\\\/organisator-das-magazin-fr-kmu\",\"https:\\\/\\\/www.xing.com\\\/news\\\/pages\\\/organisator-ch-695\",\"https:\\\/\\\/www.youtube.com\\\/channel\\\/UCGP2Sq0iWaZwT3BdIAQFYpw\"]},{\"@type\":\"Person\",\"@id\":\"https:\\\/\\\/www.organisator.ch\\\/#\\\/schema\\\/person\\\/4e51799071cd2dd1232ac003643ef5f0\",\"name\":\"galledia\",\"image\":{\"@type\":\"ImageObject\",\"inLanguage\":\"fr-FR\",\"@id\":\"https:\\\/\\\/secure.gravatar.com\\\/avatar\\\/78a7f90c01fc2bfc875782a0d4922b37cde2cf184ce347b91316d23cd7f69a36?s=96&d=mm&r=g\",\"url\":\"https:\\\/\\\/secure.gravatar.com\\\/avatar\\\/78a7f90c01fc2bfc875782a0d4922b37cde2cf184ce347b91316d23cd7f69a36?s=96&d=mm&r=g\",\"contentUrl\":\"https:\\\/\\\/secure.gravatar.com\\\/avatar\\\/78a7f90c01fc2bfc875782a0d4922b37cde2cf184ce347b91316d23cd7f69a36?s=96&d=mm&r=g\",\"caption\":\"galledia\"},\"sameAs\":[\"https:\\\/\\\/x.com\\\/admin\"],\"url\":\"https:\\\/\\\/www.organisator.ch\\\/fr\\\/author\\\/galledia\\\/\"}]}<\/script>\n<!-- \/ Yoast SEO plugin. -->","yoast_head_json":{"title":"Dentsu : les march\u00e9s DACH et CEE deviennent le Central Europe Cluster - Organisateur","description":"Dentsu forme un cluster Europe centrale sous une nouvelle direction pour un meilleur positionnement strat\u00e9gique et des solutions clients int\u00e9gr\u00e9es.","robots":{"index":"index","follow":"follow","max-snippet":"max-snippet:-1","max-image-preview":"max-image-preview:large","max-video-preview":"max-video-preview:-1"},"canonical":"https:\/\/www.organisator.ch\/fr\/marketing\/2024-12-04\/dentsu-dach-und-cee-markt-werden-zu-central-europe-cluster\/","og_locale":"fr_FR","og_type":"article","og_title":"Dentsu: DACH und CEE-Markt werden zu Central Europe Cluster - Organisator","og_description":"Dentsu formt Central Europe Cluster unter neuer Leitung f\u00fcr bessere strategische Positionierung und integrierte Kundenl\u00f6sungen.","og_url":"https:\/\/www.organisator.ch\/fr\/marketing\/2024-12-04\/dentsu-dach-und-cee-markt-werden-zu-central-europe-cluster\/","og_site_name":"Organisator","article_publisher":"https:\/\/www.facebook.com\/OrganisatorFachmagazin","article_published_time":"2024-12-04T12:25:43+00:00","article_modified_time":"2024-12-05T10:35:34+00:00","author":"galledia","twitter_card":"summary_large_image","twitter_creator":"@admin","schema":{"@context":"https:\/\/schema.org","@graph":[{"@type":"Article","@id":"https:\/\/www.organisator.ch\/marketing\/2024-12-04\/dentsu-dach-und-cee-markt-werden-zu-central-europe-cluster\/#article","isPartOf":{"@id":"https:\/\/www.organisator.ch\/marketing\/2024-12-04\/dentsu-dach-und-cee-markt-werden-zu-central-europe-cluster\/"},"author":{"name":"galledia","@id":"https:\/\/www.organisator.ch\/#\/schema\/person\/4e51799071cd2dd1232ac003643ef5f0"},"headline":"Dentsu: DACH und CEE-Markt werden zu Central Europe Cluster","datePublished":"2024-12-04T12:25:43+00:00","dateModified":"2024-12-05T10:35:34+00:00","mainEntityOfPage":{"@id":"https:\/\/www.organisator.ch\/marketing\/2024-12-04\/dentsu-dach-und-cee-markt-werden-zu-central-europe-cluster\/"},"wordCount":201,"publisher":{"@id":"https:\/\/www.organisator.ch\/#organization"},"image":{"@id":"https:\/\/www.organisator.ch\/marketing\/2024-12-04\/dentsu-dach-und-cee-markt-werden-zu-central-europe-cluster\/#primaryimage"},"thumbnailUrl":"https:\/\/www.markt-kom.com\/wp-content\/uploads\/2024\/12\/dentsu.jpg","keywords":["Business","Dentsu","DExAT"],"articleSection":["MARKETING"],"inLanguage":"fr-FR"},{"@type":"WebPage","@id":"https:\/\/www.organisator.ch\/marketing\/2024-12-04\/dentsu-dach-und-cee-markt-werden-zu-central-europe-cluster\/","url":"https:\/\/www.organisator.ch\/marketing\/2024-12-04\/dentsu-dach-und-cee-markt-werden-zu-central-europe-cluster\/","name":"Dentsu : les march\u00e9s DACH et CEE deviennent le Central Europe Cluster - Organisateur","isPartOf":{"@id":"https:\/\/www.organisator.ch\/#website"},"primaryImageOfPage":{"@id":"https:\/\/www.organisator.ch\/marketing\/2024-12-04\/dentsu-dach-und-cee-markt-werden-zu-central-europe-cluster\/#primaryimage"},"image":{"@id":"https:\/\/www.organisator.ch\/marketing\/2024-12-04\/dentsu-dach-und-cee-markt-werden-zu-central-europe-cluster\/#primaryimage"},"thumbnailUrl":"https:\/\/www.markt-kom.com\/wp-content\/uploads\/2024\/12\/dentsu.jpg","datePublished":"2024-12-04T12:25:43+00:00","dateModified":"2024-12-05T10:35:34+00:00","description":"Dentsu forme un cluster Europe centrale sous une nouvelle direction pour un meilleur positionnement strat\u00e9gique et des solutions clients int\u00e9gr\u00e9es.","breadcrumb":{"@id":"https:\/\/www.organisator.ch\/marketing\/2024-12-04\/dentsu-dach-und-cee-markt-werden-zu-central-europe-cluster\/#breadcrumb"},"inLanguage":"fr-FR","potentialAction":[{"@type":"ReadAction","target":["https:\/\/www.organisator.ch\/marketing\/2024-12-04\/dentsu-dach-und-cee-markt-werden-zu-central-europe-cluster\/"]}]},{"@type":"ImageObject","inLanguage":"fr-FR","@id":"https:\/\/www.organisator.ch\/marketing\/2024-12-04\/dentsu-dach-und-cee-markt-werden-zu-central-europe-cluster\/#primaryimage","url":"https:\/\/www.markt-kom.com\/wp-content\/uploads\/2024\/12\/dentsu.jpg","contentUrl":"https:\/\/www.markt-kom.com\/wp-content\/uploads\/2024\/12\/dentsu.jpg"},{"@type":"BreadcrumbList","@id":"https:\/\/www.organisator.ch\/marketing\/2024-12-04\/dentsu-dach-und-cee-markt-werden-zu-central-europe-cluster\/#breadcrumb","itemListElement":[{"@type":"ListItem","position":1,"name":"Home","item":"https:\/\/www.organisator.ch\/"},{"@type":"ListItem","position":2,"name":"Dentsu: DACH und CEE-Markt werden zu Central Europe Cluster"}]},{"@type":"WebSite","@id":"https:\/\/www.organisator.ch\/#website","url":"https:\/\/www.organisator.ch\/","name":"Organisateur","description":"Comp\u00e9tence et comp\u00e9tence. Proches de la pratique. L'ORGANISATEUR pr\u00e9pare 10 num\u00e9ros par an sur les th\u00e8mes essentiels pour les dirigeants de PME.","publisher":{"@id":"https:\/\/www.organisator.ch\/#organization"},"potentialAction":[{"@type":"SearchAction","target":{"@type":"EntryPoint","urlTemplate":"https:\/\/www.organisator.ch\/?s={search_term_string}"},"query-input":{"@type":"PropertyValueSpecification","valueRequired":true,"valueName":"search_term_string"}}],"inLanguage":"fr-FR"},{"@type":"Organization","@id":"https:\/\/www.organisator.ch\/#organization","name":"Organisateur","url":"https:\/\/www.organisator.ch\/","logo":{"@type":"ImageObject","inLanguage":"fr-FR","@id":"https:\/\/www.organisator.ch\/#\/schema\/logo\/image\/","url":"https:\/\/www.organisator.ch\/wp-content\/uploads\/2022\/01\/Logo_Organisator_Website.png","contentUrl":"https:\/\/www.organisator.ch\/wp-content\/uploads\/2022\/01\/Logo_Organisator_Website.png","width":800,"height":77,"caption":"Organisator"},"image":{"@id":"https:\/\/www.organisator.ch\/#\/schema\/logo\/image\/"},"sameAs":["https:\/\/www.facebook.com\/OrganisatorFachmagazin","https:\/\/www.linkedin.com\/showcase\/organisator-das-magazin-fr-kmu","https:\/\/www.xing.com\/news\/pages\/organisator-ch-695","https:\/\/www.youtube.com\/channel\/UCGP2Sq0iWaZwT3BdIAQFYpw"]},{"@type":"Person","@id":"https:\/\/www.organisator.ch\/#\/schema\/person\/4e51799071cd2dd1232ac003643ef5f0","name":"galledia","image":{"@type":"ImageObject","inLanguage":"fr-FR","@id":"https:\/\/secure.gravatar.com\/avatar\/78a7f90c01fc2bfc875782a0d4922b37cde2cf184ce347b91316d23cd7f69a36?s=96&d=mm&r=g","url":"https:\/\/secure.gravatar.com\/avatar\/78a7f90c01fc2bfc875782a0d4922b37cde2cf184ce347b91316d23cd7f69a36?s=96&d=mm&r=g","contentUrl":"https:\/\/secure.gravatar.com\/avatar\/78a7f90c01fc2bfc875782a0d4922b37cde2cf184ce347b91316d23cd7f69a36?s=96&d=mm&r=g","caption":"galledia"},"sameAs":["https:\/\/x.com\/admin"],"url":"https:\/\/www.organisator.ch\/fr\/author\/galledia\/"}]}},"_links":{"self":[{"href":"https:\/\/www.organisator.ch\/fr\/wp-json\/wp\/v2\/posts\/34419","targetHints":{"allow":["GET"]}}],"collection":[{"href":"https:\/\/www.organisator.ch\/fr\/wp-json\/wp\/v2\/posts"}],"about":[{"href":"https:\/\/www.organisator.ch\/fr\/wp-json\/wp\/v2\/types\/post"}],"author":[{"embeddable":true,"href":"https:\/\/www.organisator.ch\/fr\/wp-json\/wp\/v2\/users\/8"}],"replies":[{"embeddable":true,"href":"https:\/\/www.organisator.ch\/fr\/wp-json\/wp\/v2\/comments?post=34419"}],"version-history":[{"count":5,"href":"https:\/\/www.organisator.ch\/fr\/wp-json\/wp\/v2\/posts\/34419\/revisions"}],"predecessor-version":[{"id":34445,"href":"https:\/\/www.organisator.ch\/fr\/wp-json\/wp\/v2\/posts\/34419\/revisions\/34445"}],"wp:attachment":[{"href":"https:\/\/www.organisator.ch\/fr\/wp-json\/wp\/v2\/media?parent=34419"}],"wp:term":[{"taxonomy":"category","embeddable":true,"href":"https:\/\/www.organisator.ch\/fr\/wp-json\/wp\/v2\/categories?post=34419"},{"taxonomy":"post_tag","embeddable":true,"href":"https:\/\/www.organisator.ch\/fr\/wp-json\/wp\/v2\/tags?post=34419"}],"curies":[{"name":"wp","href":"https:\/\/api.w.org\/{rel}","templated":true}]}}