{"id":34464,"date":"2024-12-05T23:43:50","date_gmt":"2024-12-05T22:43:50","guid":{"rendered":"https:\/\/www.markt-kom.com\/?p=227739"},"modified":"2024-12-06T10:30:49","modified_gmt":"2024-12-06T09:30:49","slug":"kreativranking-2024-jetzt-formular-downloaden-und-ausfuellen","status":"publish","type":"post","link":"https:\/\/www.organisator.ch\/fr\/marketing\/2024-12-05\/kreativranking-2024-jetzt-formular-downloaden-und-ausfuellen\/","title":{"rendered":"Classement de la cr\u00e9ativit\u00e9 2024 : t\u00e9l\u00e9chargez et remplissez le formulaire maintenant"},"content":{"rendered":"<p><a href=\"https:\/\/www.markt-kom.com\/wp-content\/uploads\/2024\/12\/Kreativranking-Vorschaubild-Artikel.jpg\"><img class=\"aligncenter size-full wp-image-227760\" src=\"https:\/\/www.markt-kom.com\/wp-content\/uploads\/2024\/12\/Kreativranking-Vorschaubild-Artikel.jpg\" sizes=\"(max-width: 1200px) 100vw, 1200px\" srcset=\"https:\/\/www.markt-kom.com\/wp-content\/uploads\/2024\/12\/Kreativranking-Vorschaubild-Artikel.jpg 1200w, https:\/\/www.markt-kom.com\/wp-content\/uploads\/2024\/12\/Kreativranking-Vorschaubild-Artikel-600x338.jpg 600w, https:\/\/www.markt-kom.com\/wp-content\/uploads\/2024\/12\/Kreativranking-Vorschaubild-Artikel-1024x576.jpg 1024w, https:\/\/www.markt-kom.com\/wp-content\/uploads\/2024\/12\/Kreativranking-Vorschaubild-Artikel-768x432.jpg 768w, https:\/\/www.markt-kom.com\/wp-content\/uploads\/2024\/12\/Kreativranking-Vorschaubild-Artikel-18x10.jpg 18w, https:\/\/www.markt-kom.com\/wp-content\/uploads\/2024\/12\/Kreativranking-Vorschaubild-Artikel-311x175.jpg 311w, https:\/\/www.markt-kom.com\/wp-content\/uploads\/2024\/12\/Kreativranking-Vorschaubild-Artikel-622x350.jpg 622w, https:\/\/www.markt-kom.com\/wp-content\/uploads\/2024\/12\/Kreativranking-Vorschaubild-Artikel-1000x563.jpg 1000w\" alt=\"\" width=\"1200\" height=\"675\" \/><\/a><\/p>\r\n<p>Le classement des cr\u00e9ateurs de <em>m&amp;k\u00a0<\/em>refl\u00e8te la mani\u00e8re dont les agences suisses se sont distingu\u00e9es lors des principaux Kreativawards nationaux et internationaux. Le classement est publi\u00e9 dans la premi\u00e8re \u00e9dition imprim\u00e9e de\u00a0<em>m&amp;k<\/em> dans la nouvelle ann\u00e9e et en ligne sur <a href=\"https:\/\/www.markt-kom.com\/de\/\" rel=\"noopener\"><em>m&amp;k en ligne<\/em><\/a> publi\u00e9e.<\/p>\r\n<p>Cette ann\u00e9e, les points des concours principaux - D&amp;AD, One Show, ADC*E, Eurobest, ADC Suisse et Effie Awards Switzerland - peuvent \u00eatre pris en compte pour le classement des cr\u00e9ateurs. En outre, cinq concours internationaux et cinq concours nationaux sont \u00e0 nouveau propos\u00e9s, dont les trois meilleurs r\u00e9sultats peuvent \u00eatre pris en compte dans les points des concours principaux.<\/p>\r\n<h3>Nouvelles conditions de soumission depuis 2023<\/h3>\r\n<p>L'ann\u00e9e derni\u00e8re, les conditions de participation ont \u00e9t\u00e9 adapt\u00e9es afin de pouvoir garantir une meilleure comparabilit\u00e9 au fil des ann\u00e9es ainsi qu'un r\u00e9sultat plus pr\u00e9cis.<\/p>\r\n<p>Les participants des cinq derni\u00e8res ann\u00e9es sont automatiquement inclus. Pour ceux qui n'ont pas soumis ou gagn\u00e9 \u00e0 l'un des prix qui comptent, mais qui ont \u00e9t\u00e9 list\u00e9s dans le classement les ann\u00e9es pr\u00e9c\u00e9dentes, une mention correspondante est faite.<\/p>\r\n<p>Ceux qui n'ont pas particip\u00e9 activement au cours des cinq derni\u00e8res ann\u00e9es, mais qui ont gagn\u00e9 au moins un des prix concern\u00e9s ou qui ont \u00e9t\u00e9 plac\u00e9s sur la liste restreinte, sont \u00e9galement automatiquement pris en compte dans le classement.<\/p>\r\n<p>Cela modifie - en partie - le concept de la \"dette portable\" qui <em>m&amp;k <\/em>a suivi jusqu'\u00e0 pr\u00e9sent pour la r\u00e9alisation du classement de la cr\u00e9ativit\u00e9. Comme par le pass\u00e9, les participants sont cordialement invit\u00e9s \u00e0 participer au <strong>de remplir et de soumettre eux-m\u00eames le formulaire, afin de pouvoir contr\u00f4ler d\u00e8s le d\u00e9but l'attribution de leurs points<\/strong>. Pour ceux qui ne soumettent pas de formulaire, mais qui sont inclus dans le classement selon les crit\u00e8res que je viens de mentionner, le d\u00e9compte est pris en charge par l'organisme responsable - la r\u00e9partition des points se fait toujours en faveur de l'agence. Il y a \u00e9galement un tour de contr\u00f4le.<\/p>\r\n<h3><strong>Formulaire \u00e0 t\u00e9l\u00e9charger<\/strong><\/h3>\r\n<p>Veuillez t\u00e9l\u00e9charger le formulaire actuel. Sur la page de gauche (concours principaux, vert), inscrivez autant de gains de prix que possible. Sur la page de droite (concours 5+5, jaune), choisissez les trois prix qui vous rapportent le plus de points.<\/p>\r\n<p><a href=\"https:\/\/www.markt-kom.com\/wp-content\/uploads\/2024\/12\/Kreativranking_Formular_2024.xlsx\" rel=\"noopener\">T\u00e9l\u00e9charger le formulaire Classement de la cr\u00e9ativit\u00e9 2024<\/a><\/p>\r\n<p>Les m\u00eames r\u00e8gles que l'ann\u00e9e derni\u00e8re s'appliquent.<\/p>\r\n<ul>\r\n\t<li>Seule la plus haute distinction attribu\u00e9e compte si une campagne a remport\u00e9 plusieurs distinctions (pour plusieurs sujets individuels) dans la m\u00eame cat\u00e9gorie de jury.<\/li>\r\n\t<li>Une seule distinction est prise en compte par cat\u00e9gorie et par campagne.<\/li>\r\n\t<li>Les travaux donnant droit \u00e0 des points sont ceux pour lesquels une contribution substantielle au travail provient de la Suisse. Si une agence suisse soumet des travaux pour une agence \u00e9trang\u00e8re, ces derniers ne sont pas autoris\u00e9s \u00e0 participer.<\/li>\r\n<\/ul>\r\n<p>Veuillez retourner le formulaire d\u00fbment rempli\u00a0<strong>au plus tard le 18 d\u00e9cembre 2024 \u00e0 12 heures <\/strong>\u00e0\u00a0<a href=\"mailto:sarah.willi@galledia.ch\" rel=\"noopener\">sarah.willi@galledia.ch<\/a> et\u00a0<a href=\"mailto:anna.kohler@galledia.ch\" rel=\"noopener\">johannes.hapig@galledia.ch<\/a>.<\/p>\r\n<hr \/>\r\n<h3>R\u00e9trospective du classement des cr\u00e9ateurs 2023<\/h3>\r\n<p><em>Apr\u00e8s pr\u00e8s de deux d\u00e9cennies dans le top 5, Ruf Lanz s'est \u00e0 nouveau hiss\u00e9 en t\u00eate du classement cr\u00e9atif 2023, suivi par Wirz et Team Farner. Lire <a href=\"https:\/\/www.markt-kom.com\/de\/markom\/awards\/das-kreativranking-2023\/\" rel=\"noopener\">ici l'article<\/a>.<\/em><\/p>","protected":false},"excerpt":{"rendered":"<p>Le classement suisse de la cr\u00e9ativit\u00e9 de m&amp;k est pr\u00eat ! Toutes les agences suisses qui y ont particip\u00e9 au cours des cinq derni\u00e8res ann\u00e9es ainsi que celles qui ont marqu\u00e9 des points lors des Awards list\u00e9s en 2024 y participent automatiquement. Les formulaires peuvent \u00eatre envoy\u00e9s jusqu'au 18 d\u00e9cembre 2024.<\/p>","protected":false},"author":8,"featured_media":0,"comment_status":"closed","ping_status":"closed","sticky":false,"template":"","format":"standard","meta":{"_acf_changed":false,"_yoast_wpseo_focuskw":"Schweizer Kreativranking","_yoast_wpseo_metadesc":"Das Kreativranking von m&k zeigt, wie Schweizer Agenturen bei nationalen und internationalen Kreativawards abgeschnitten haben.","articlekey":"","footnotes":""},"categories":[29],"tags":[66,4921],"class_list":["post-34464","post","type-post","status-publish","format-standard","hentry","category-marketing","tag-awards","tag-kreativranking"],"acf":[],"yoast_head":"<!-- This site is optimized with the Yoast SEO plugin v27.5 - https:\/\/yoast.com\/product\/yoast-seo-wordpress\/ -->\n<title>Kreativranking 2024: Jetzt Formular downloaden und ausf\u00fcllen - Organisator<\/title>\n<meta name=\"description\" content=\"Das Kreativranking von m&amp;k zeigt, wie Schweizer Agenturen bei nationalen und internationalen Kreativawards abgeschnitten haben.\" \/>\n<meta name=\"robots\" content=\"index, follow, max-snippet:-1, max-image-preview:large, max-video-preview:-1\" \/>\n<link rel=\"canonical\" href=\"https:\/\/www.organisator.ch\/fr\/marketing\/2024-12-05\/kreativranking-2024-jetzt-formular-downloaden-und-ausfuellen\/\" \/>\n<meta property=\"og:locale\" content=\"fr_FR\" \/>\n<meta property=\"og:type\" content=\"article\" \/>\n<meta property=\"og:title\" content=\"Kreativranking 2024: Jetzt Formular downloaden und ausf\u00fcllen - Organisator\" \/>\n<meta property=\"og:description\" content=\"Das Kreativranking von m&amp;k zeigt, wie Schweizer Agenturen bei nationalen und internationalen Kreativawards abgeschnitten haben.\" \/>\n<meta property=\"og:url\" content=\"https:\/\/www.organisator.ch\/fr\/marketing\/2024-12-05\/kreativranking-2024-jetzt-formular-downloaden-und-ausfuellen\/\" \/>\n<meta property=\"og:site_name\" content=\"Organisator\" \/>\n<meta property=\"article:publisher\" content=\"https:\/\/www.facebook.com\/OrganisatorFachmagazin\" \/>\n<meta property=\"article:published_time\" content=\"2024-12-05T22:43:50+00:00\" \/>\n<meta property=\"article:modified_time\" content=\"2024-12-06T09:30:49+00:00\" \/>\n<meta name=\"author\" content=\"galledia\" \/>\n<meta name=\"twitter:card\" content=\"summary_large_image\" \/>\n<meta name=\"twitter:creator\" content=\"@admin\" \/>\n<script type=\"application\/ld+json\" class=\"yoast-schema-graph\">{\"@context\":\"https:\\\/\\\/schema.org\",\"@graph\":[{\"@type\":\"Article\",\"@id\":\"https:\\\/\\\/www.organisator.ch\\\/marketing\\\/2024-12-05\\\/kreativranking-2024-jetzt-formular-downloaden-und-ausfuellen\\\/#article\",\"isPartOf\":{\"@id\":\"https:\\\/\\\/www.organisator.ch\\\/marketing\\\/2024-12-05\\\/kreativranking-2024-jetzt-formular-downloaden-und-ausfuellen\\\/\"},\"author\":{\"name\":\"galledia\",\"@id\":\"https:\\\/\\\/www.organisator.ch\\\/#\\\/schema\\\/person\\\/4e51799071cd2dd1232ac003643ef5f0\"},\"headline\":\"Kreativranking 2024: Jetzt Formular downloaden und ausf\u00fcllen\",\"datePublished\":\"2024-12-05T22:43:50+00:00\",\"dateModified\":\"2024-12-06T09:30:49+00:00\",\"mainEntityOfPage\":{\"@id\":\"https:\\\/\\\/www.organisator.ch\\\/marketing\\\/2024-12-05\\\/kreativranking-2024-jetzt-formular-downloaden-und-ausfuellen\\\/\"},\"wordCount\":465,\"publisher\":{\"@id\":\"https:\\\/\\\/www.organisator.ch\\\/#organization\"},\"image\":{\"@id\":\"https:\\\/\\\/www.organisator.ch\\\/marketing\\\/2024-12-05\\\/kreativranking-2024-jetzt-formular-downloaden-und-ausfuellen\\\/#primaryimage\"},\"thumbnailUrl\":\"https:\\\/\\\/www.markt-kom.com\\\/wp-content\\\/uploads\\\/2024\\\/12\\\/Kreativranking-Vorschaubild-Artikel.jpg\",\"keywords\":[\"Awards\",\"Kreativranking\"],\"articleSection\":[\"MARKETING\"],\"inLanguage\":\"fr-FR\"},{\"@type\":\"WebPage\",\"@id\":\"https:\\\/\\\/www.organisator.ch\\\/marketing\\\/2024-12-05\\\/kreativranking-2024-jetzt-formular-downloaden-und-ausfuellen\\\/\",\"url\":\"https:\\\/\\\/www.organisator.ch\\\/marketing\\\/2024-12-05\\\/kreativranking-2024-jetzt-formular-downloaden-und-ausfuellen\\\/\",\"name\":\"Kreativranking 2024: Jetzt Formular downloaden und ausf\u00fcllen - Organisator\",\"isPartOf\":{\"@id\":\"https:\\\/\\\/www.organisator.ch\\\/#website\"},\"primaryImageOfPage\":{\"@id\":\"https:\\\/\\\/www.organisator.ch\\\/marketing\\\/2024-12-05\\\/kreativranking-2024-jetzt-formular-downloaden-und-ausfuellen\\\/#primaryimage\"},\"image\":{\"@id\":\"https:\\\/\\\/www.organisator.ch\\\/marketing\\\/2024-12-05\\\/kreativranking-2024-jetzt-formular-downloaden-und-ausfuellen\\\/#primaryimage\"},\"thumbnailUrl\":\"https:\\\/\\\/www.markt-kom.com\\\/wp-content\\\/uploads\\\/2024\\\/12\\\/Kreativranking-Vorschaubild-Artikel.jpg\",\"datePublished\":\"2024-12-05T22:43:50+00:00\",\"dateModified\":\"2024-12-06T09:30:49+00:00\",\"description\":\"Das Kreativranking von m&k zeigt, wie Schweizer Agenturen bei nationalen und internationalen Kreativawards abgeschnitten haben.\",\"breadcrumb\":{\"@id\":\"https:\\\/\\\/www.organisator.ch\\\/marketing\\\/2024-12-05\\\/kreativranking-2024-jetzt-formular-downloaden-und-ausfuellen\\\/#breadcrumb\"},\"inLanguage\":\"fr-FR\",\"potentialAction\":[{\"@type\":\"ReadAction\",\"target\":[\"https:\\\/\\\/www.organisator.ch\\\/marketing\\\/2024-12-05\\\/kreativranking-2024-jetzt-formular-downloaden-und-ausfuellen\\\/\"]}]},{\"@type\":\"ImageObject\",\"inLanguage\":\"fr-FR\",\"@id\":\"https:\\\/\\\/www.organisator.ch\\\/marketing\\\/2024-12-05\\\/kreativranking-2024-jetzt-formular-downloaden-und-ausfuellen\\\/#primaryimage\",\"url\":\"https:\\\/\\\/www.markt-kom.com\\\/wp-content\\\/uploads\\\/2024\\\/12\\\/Kreativranking-Vorschaubild-Artikel.jpg\",\"contentUrl\":\"https:\\\/\\\/www.markt-kom.com\\\/wp-content\\\/uploads\\\/2024\\\/12\\\/Kreativranking-Vorschaubild-Artikel.jpg\"},{\"@type\":\"BreadcrumbList\",\"@id\":\"https:\\\/\\\/www.organisator.ch\\\/marketing\\\/2024-12-05\\\/kreativranking-2024-jetzt-formular-downloaden-und-ausfuellen\\\/#breadcrumb\",\"itemListElement\":[{\"@type\":\"ListItem\",\"position\":1,\"name\":\"Home\",\"item\":\"https:\\\/\\\/www.organisator.ch\\\/\"},{\"@type\":\"ListItem\",\"position\":2,\"name\":\"Kreativranking 2024: Jetzt Formular downloaden und ausf\u00fcllen\"}]},{\"@type\":\"WebSite\",\"@id\":\"https:\\\/\\\/www.organisator.ch\\\/#website\",\"url\":\"https:\\\/\\\/www.organisator.ch\\\/\",\"name\":\"Organisator\",\"description\":\"Kompetent. Praxisnah. Der ORGANISATOR bereitet in 10 Ausgaben pro Jahr die wesentlichen Themen f\u00fcr F\u00fchrungskr\u00e4fte von KMU auf.\",\"publisher\":{\"@id\":\"https:\\\/\\\/www.organisator.ch\\\/#organization\"},\"potentialAction\":[{\"@type\":\"SearchAction\",\"target\":{\"@type\":\"EntryPoint\",\"urlTemplate\":\"https:\\\/\\\/www.organisator.ch\\\/?s={search_term_string}\"},\"query-input\":{\"@type\":\"PropertyValueSpecification\",\"valueRequired\":true,\"valueName\":\"search_term_string\"}}],\"inLanguage\":\"fr-FR\"},{\"@type\":\"Organization\",\"@id\":\"https:\\\/\\\/www.organisator.ch\\\/#organization\",\"name\":\"Organisator\",\"url\":\"https:\\\/\\\/www.organisator.ch\\\/\",\"logo\":{\"@type\":\"ImageObject\",\"inLanguage\":\"fr-FR\",\"@id\":\"https:\\\/\\\/www.organisator.ch\\\/#\\\/schema\\\/logo\\\/image\\\/\",\"url\":\"https:\\\/\\\/www.organisator.ch\\\/wp-content\\\/uploads\\\/2022\\\/01\\\/Logo_Organisator_Website.png\",\"contentUrl\":\"https:\\\/\\\/www.organisator.ch\\\/wp-content\\\/uploads\\\/2022\\\/01\\\/Logo_Organisator_Website.png\",\"width\":800,\"height\":77,\"caption\":\"Organisator\"},\"image\":{\"@id\":\"https:\\\/\\\/www.organisator.ch\\\/#\\\/schema\\\/logo\\\/image\\\/\"},\"sameAs\":[\"https:\\\/\\\/www.facebook.com\\\/OrganisatorFachmagazin\",\"https:\\\/\\\/www.linkedin.com\\\/showcase\\\/organisator-das-magazin-fr-kmu\",\"https:\\\/\\\/www.xing.com\\\/news\\\/pages\\\/organisator-ch-695\",\"https:\\\/\\\/www.youtube.com\\\/channel\\\/UCGP2Sq0iWaZwT3BdIAQFYpw\"]},{\"@type\":\"Person\",\"@id\":\"https:\\\/\\\/www.organisator.ch\\\/#\\\/schema\\\/person\\\/4e51799071cd2dd1232ac003643ef5f0\",\"name\":\"galledia\",\"image\":{\"@type\":\"ImageObject\",\"inLanguage\":\"fr-FR\",\"@id\":\"https:\\\/\\\/secure.gravatar.com\\\/avatar\\\/78a7f90c01fc2bfc875782a0d4922b37cde2cf184ce347b91316d23cd7f69a36?s=96&d=mm&r=g\",\"url\":\"https:\\\/\\\/secure.gravatar.com\\\/avatar\\\/78a7f90c01fc2bfc875782a0d4922b37cde2cf184ce347b91316d23cd7f69a36?s=96&d=mm&r=g\",\"contentUrl\":\"https:\\\/\\\/secure.gravatar.com\\\/avatar\\\/78a7f90c01fc2bfc875782a0d4922b37cde2cf184ce347b91316d23cd7f69a36?s=96&d=mm&r=g\",\"caption\":\"galledia\"},\"sameAs\":[\"https:\\\/\\\/x.com\\\/admin\"],\"url\":\"https:\\\/\\\/www.organisator.ch\\\/fr\\\/author\\\/galledia\\\/\"}]}<\/script>\n<!-- \/ Yoast SEO plugin. -->","yoast_head_json":{"title":"Classement des cr\u00e9ateurs 2024 : t\u00e9l\u00e9chargez et remplissez le formulaire maintenant - Organisateur","description":"Le classement cr\u00e9atif de m&amp;k montre comment les agences suisses se sont distingu\u00e9es lors des Kreativawards nationaux et internationaux.","robots":{"index":"index","follow":"follow","max-snippet":"max-snippet:-1","max-image-preview":"max-image-preview:large","max-video-preview":"max-video-preview:-1"},"canonical":"https:\/\/www.organisator.ch\/fr\/marketing\/2024-12-05\/kreativranking-2024-jetzt-formular-downloaden-und-ausfuellen\/","og_locale":"fr_FR","og_type":"article","og_title":"Kreativranking 2024: Jetzt Formular downloaden und ausf\u00fcllen - Organisator","og_description":"Das Kreativranking von m&k zeigt, wie Schweizer Agenturen bei nationalen und internationalen Kreativawards abgeschnitten haben.","og_url":"https:\/\/www.organisator.ch\/fr\/marketing\/2024-12-05\/kreativranking-2024-jetzt-formular-downloaden-und-ausfuellen\/","og_site_name":"Organisator","article_publisher":"https:\/\/www.facebook.com\/OrganisatorFachmagazin","article_published_time":"2024-12-05T22:43:50+00:00","article_modified_time":"2024-12-06T09:30:49+00:00","author":"galledia","twitter_card":"summary_large_image","twitter_creator":"@admin","schema":{"@context":"https:\/\/schema.org","@graph":[{"@type":"Article","@id":"https:\/\/www.organisator.ch\/marketing\/2024-12-05\/kreativranking-2024-jetzt-formular-downloaden-und-ausfuellen\/#article","isPartOf":{"@id":"https:\/\/www.organisator.ch\/marketing\/2024-12-05\/kreativranking-2024-jetzt-formular-downloaden-und-ausfuellen\/"},"author":{"name":"galledia","@id":"https:\/\/www.organisator.ch\/#\/schema\/person\/4e51799071cd2dd1232ac003643ef5f0"},"headline":"Kreativranking 2024: Jetzt Formular downloaden und ausf\u00fcllen","datePublished":"2024-12-05T22:43:50+00:00","dateModified":"2024-12-06T09:30:49+00:00","mainEntityOfPage":{"@id":"https:\/\/www.organisator.ch\/marketing\/2024-12-05\/kreativranking-2024-jetzt-formular-downloaden-und-ausfuellen\/"},"wordCount":465,"publisher":{"@id":"https:\/\/www.organisator.ch\/#organization"},"image":{"@id":"https:\/\/www.organisator.ch\/marketing\/2024-12-05\/kreativranking-2024-jetzt-formular-downloaden-und-ausfuellen\/#primaryimage"},"thumbnailUrl":"https:\/\/www.markt-kom.com\/wp-content\/uploads\/2024\/12\/Kreativranking-Vorschaubild-Artikel.jpg","keywords":["Awards","Kreativranking"],"articleSection":["MARKETING"],"inLanguage":"fr-FR"},{"@type":"WebPage","@id":"https:\/\/www.organisator.ch\/marketing\/2024-12-05\/kreativranking-2024-jetzt-formular-downloaden-und-ausfuellen\/","url":"https:\/\/www.organisator.ch\/marketing\/2024-12-05\/kreativranking-2024-jetzt-formular-downloaden-und-ausfuellen\/","name":"Classement des cr\u00e9ateurs 2024 : t\u00e9l\u00e9chargez et remplissez le formulaire maintenant - Organisateur","isPartOf":{"@id":"https:\/\/www.organisator.ch\/#website"},"primaryImageOfPage":{"@id":"https:\/\/www.organisator.ch\/marketing\/2024-12-05\/kreativranking-2024-jetzt-formular-downloaden-und-ausfuellen\/#primaryimage"},"image":{"@id":"https:\/\/www.organisator.ch\/marketing\/2024-12-05\/kreativranking-2024-jetzt-formular-downloaden-und-ausfuellen\/#primaryimage"},"thumbnailUrl":"https:\/\/www.markt-kom.com\/wp-content\/uploads\/2024\/12\/Kreativranking-Vorschaubild-Artikel.jpg","datePublished":"2024-12-05T22:43:50+00:00","dateModified":"2024-12-06T09:30:49+00:00","description":"Le classement cr\u00e9atif de m&amp;k montre comment les agences suisses se sont distingu\u00e9es lors des Kreativawards nationaux et internationaux.","breadcrumb":{"@id":"https:\/\/www.organisator.ch\/marketing\/2024-12-05\/kreativranking-2024-jetzt-formular-downloaden-und-ausfuellen\/#breadcrumb"},"inLanguage":"fr-FR","potentialAction":[{"@type":"ReadAction","target":["https:\/\/www.organisator.ch\/marketing\/2024-12-05\/kreativranking-2024-jetzt-formular-downloaden-und-ausfuellen\/"]}]},{"@type":"ImageObject","inLanguage":"fr-FR","@id":"https:\/\/www.organisator.ch\/marketing\/2024-12-05\/kreativranking-2024-jetzt-formular-downloaden-und-ausfuellen\/#primaryimage","url":"https:\/\/www.markt-kom.com\/wp-content\/uploads\/2024\/12\/Kreativranking-Vorschaubild-Artikel.jpg","contentUrl":"https:\/\/www.markt-kom.com\/wp-content\/uploads\/2024\/12\/Kreativranking-Vorschaubild-Artikel.jpg"},{"@type":"BreadcrumbList","@id":"https:\/\/www.organisator.ch\/marketing\/2024-12-05\/kreativranking-2024-jetzt-formular-downloaden-und-ausfuellen\/#breadcrumb","itemListElement":[{"@type":"ListItem","position":1,"name":"Home","item":"https:\/\/www.organisator.ch\/"},{"@type":"ListItem","position":2,"name":"Kreativranking 2024: Jetzt Formular downloaden und ausf\u00fcllen"}]},{"@type":"WebSite","@id":"https:\/\/www.organisator.ch\/#website","url":"https:\/\/www.organisator.ch\/","name":"Organisateur","description":"Comp\u00e9tence et comp\u00e9tence. Proches de la pratique. L'ORGANISATEUR pr\u00e9pare 10 num\u00e9ros par an sur les th\u00e8mes essentiels pour les dirigeants de PME.","publisher":{"@id":"https:\/\/www.organisator.ch\/#organization"},"potentialAction":[{"@type":"SearchAction","target":{"@type":"EntryPoint","urlTemplate":"https:\/\/www.organisator.ch\/?s={search_term_string}"},"query-input":{"@type":"PropertyValueSpecification","valueRequired":true,"valueName":"search_term_string"}}],"inLanguage":"fr-FR"},{"@type":"Organization","@id":"https:\/\/www.organisator.ch\/#organization","name":"Organisateur","url":"https:\/\/www.organisator.ch\/","logo":{"@type":"ImageObject","inLanguage":"fr-FR","@id":"https:\/\/www.organisator.ch\/#\/schema\/logo\/image\/","url":"https:\/\/www.organisator.ch\/wp-content\/uploads\/2022\/01\/Logo_Organisator_Website.png","contentUrl":"https:\/\/www.organisator.ch\/wp-content\/uploads\/2022\/01\/Logo_Organisator_Website.png","width":800,"height":77,"caption":"Organisator"},"image":{"@id":"https:\/\/www.organisator.ch\/#\/schema\/logo\/image\/"},"sameAs":["https:\/\/www.facebook.com\/OrganisatorFachmagazin","https:\/\/www.linkedin.com\/showcase\/organisator-das-magazin-fr-kmu","https:\/\/www.xing.com\/news\/pages\/organisator-ch-695","https:\/\/www.youtube.com\/channel\/UCGP2Sq0iWaZwT3BdIAQFYpw"]},{"@type":"Person","@id":"https:\/\/www.organisator.ch\/#\/schema\/person\/4e51799071cd2dd1232ac003643ef5f0","name":"galledia","image":{"@type":"ImageObject","inLanguage":"fr-FR","@id":"https:\/\/secure.gravatar.com\/avatar\/78a7f90c01fc2bfc875782a0d4922b37cde2cf184ce347b91316d23cd7f69a36?s=96&d=mm&r=g","url":"https:\/\/secure.gravatar.com\/avatar\/78a7f90c01fc2bfc875782a0d4922b37cde2cf184ce347b91316d23cd7f69a36?s=96&d=mm&r=g","contentUrl":"https:\/\/secure.gravatar.com\/avatar\/78a7f90c01fc2bfc875782a0d4922b37cde2cf184ce347b91316d23cd7f69a36?s=96&d=mm&r=g","caption":"galledia"},"sameAs":["https:\/\/x.com\/admin"],"url":"https:\/\/www.organisator.ch\/fr\/author\/galledia\/"}]}},"_links":{"self":[{"href":"https:\/\/www.organisator.ch\/fr\/wp-json\/wp\/v2\/posts\/34464","targetHints":{"allow":["GET"]}}],"collection":[{"href":"https:\/\/www.organisator.ch\/fr\/wp-json\/wp\/v2\/posts"}],"about":[{"href":"https:\/\/www.organisator.ch\/fr\/wp-json\/wp\/v2\/types\/post"}],"author":[{"embeddable":true,"href":"https:\/\/www.organisator.ch\/fr\/wp-json\/wp\/v2\/users\/8"}],"replies":[{"embeddable":true,"href":"https:\/\/www.organisator.ch\/fr\/wp-json\/wp\/v2\/comments?post=34464"}],"version-history":[{"count":5,"href":"https:\/\/www.organisator.ch\/fr\/wp-json\/wp\/v2\/posts\/34464\/revisions"}],"predecessor-version":[{"id":34474,"href":"https:\/\/www.organisator.ch\/fr\/wp-json\/wp\/v2\/posts\/34464\/revisions\/34474"}],"wp:attachment":[{"href":"https:\/\/www.organisator.ch\/fr\/wp-json\/wp\/v2\/media?parent=34464"}],"wp:term":[{"taxonomy":"category","embeddable":true,"href":"https:\/\/www.organisator.ch\/fr\/wp-json\/wp\/v2\/categories?post=34464"},{"taxonomy":"post_tag","embeddable":true,"href":"https:\/\/www.organisator.ch\/fr\/wp-json\/wp\/v2\/tags?post=34464"}],"curies":[{"name":"wp","href":"https:\/\/api.w.org\/{rel}","templated":true}]}}