{"id":34491,"date":"2024-12-06T11:59:20","date_gmt":"2024-12-06T10:59:20","guid":{"rendered":"https:\/\/www.markt-kom.com\/?p=227812"},"modified":"2024-12-09T07:46:17","modified_gmt":"2024-12-09T06:46:17","slug":"zertifizierte-klimabilanz-fuer-partnerunternehmen-von-team-farner","status":"publish","type":"post","link":"https:\/\/www.organisator.ch\/fr\/marketing\/2024-12-06\/zertifizierte-klimabilanz-fuer-partnerunternehmen-von-team-farner\/","title":{"rendered":"Bilan climatique certifi\u00e9 pour les entreprises partenaires de l'\u00e9quipe Farner"},"content":{"rendered":"<p><a href=\"https:\/\/www.markt-kom.com\/wp-content\/uploads\/2024\/12\/GUTcert_Verification_Farner.jpg\"><img class=\"aligncenter size-full wp-image-227813\" src=\"https:\/\/www.markt-kom.com\/wp-content\/uploads\/2024\/12\/GUTcert_Verification_Farner.jpg\" sizes=\"(max-width: 1200px) 100vw, 1200px\" srcset=\"https:\/\/www.markt-kom.com\/wp-content\/uploads\/2024\/12\/GUTcert_Verification_Farner.jpg 1200w, https:\/\/www.markt-kom.com\/wp-content\/uploads\/2024\/12\/GUTcert_Verification_Farner-600x425.jpg 600w, https:\/\/www.markt-kom.com\/wp-content\/uploads\/2024\/12\/GUTcert_Verification_Farner-1024x725.jpg 1024w, https:\/\/www.markt-kom.com\/wp-content\/uploads\/2024\/12\/GUTcert_Verification_Farner-768x544.jpg 768w, https:\/\/www.markt-kom.com\/wp-content\/uploads\/2024\/12\/GUTcert_Verification_Farner-18x12.jpg 18w, https:\/\/www.markt-kom.com\/wp-content\/uploads\/2024\/12\/GUTcert_Verification_Farner-247x175.jpg 247w, https:\/\/www.markt-kom.com\/wp-content\/uploads\/2024\/12\/GUTcert_Verification_Farner-494x350.jpg 494w, https:\/\/www.markt-kom.com\/wp-content\/uploads\/2024\/12\/GUTcert_Verification_Farner-1000x708.jpg 1000w\" alt=\"\" width=\"1200\" height=\"850\" \/><\/a><\/p>\r\n<p>\"Savoir c'est bien, (sa) propre exp\u00e9rience c'est mieux : c'est dans cet esprit que nous nous sommes confront\u00e9s nous-m\u00eames, en tant que pr\u00e9curseurs dans notre secteur, au processus d'\u00e9valuation climatique et que nous avons pu acqu\u00e9rir une exp\u00e9rience importante\", explique Vincent Furnari, CSO, Practice Head ESG chez Team Farner et Managing Partner de Kirchhoff Allemagne. \"Ensemble, nous voulons nous engager sur la voie de la neutralit\u00e9 climatique, \u00e9tape par \u00e9tape. Avec notre empreinte carbone, nous venons de franchir la premi\u00e8re \u00e9tape du d\u00e9veloppement d'une strat\u00e9gie de durabilit\u00e9 commune \u00e0 l'ensemble de Team Farner\", d\u00e9clare Melanie Faithfull Kent, CEO de Team Farner. \"Dans les ann\u00e9es \u00e0 venir, nous inclurons d'autres entreprises partenaires dans notre bilan carbone\".<\/p>\r\n<p>Dans l'activit\u00e9 de conseil, les \u00e9missions de gaz \u00e0 effet de serre proviennent en premier lieu de l'infrastructure \u00e9lectrique, de la gestion des b\u00e2timents et de la mobilit\u00e9. Le bilan commun a montr\u00e9 que sur les \u00e9missions des quatre entreprises partenaires, environ 25% sont dues aux d\u00e9placements domicile-travail des collaborateurs, 17% aux voyages d'affaires et 15% \u00e0 la flotte de v\u00e9hicules.<\/p>\r\n<p>\"Notre mobilit\u00e9 est le plus grand moteur d'\u00e9missions et en m\u00eame temps le levier le plus important pour des \u00e9conomies potentielles\", explique Dominic Thalmann, Senior Consultant et responsable du th\u00e8me ESG\/Sustainability chez Farner. \"A partir des donn\u00e9es de notre bilan climatique, nous pouvons non seulement d\u00e9duire nos propres objectifs de r\u00e9duction, mais nous pouvons aussi d\u00e9sormais fournir \u00e0 nos clients soumis \u00e0 un rapport les donn\u00e9es d'\u00e9missions Scope 3 n\u00e9cessaires pour leurs bilans climatiques\".<\/p>","protected":false},"excerpt":{"rendered":"<p>Farner, Kirchhoff Consult, Komm.passion et Vim Group ont \u00e9t\u00e9 les premi\u00e8res entreprises de l'alliance Team Farner \u00e0 saisir ensemble toutes les donn\u00e9es relatives au climat pour l'exercice 2023 et \u00e0 \u00e9tablir un bilan selon le standard international Greenhouse Gas (GHG) Protocol. GUTcert vient de certifier officiellement ce bilan climatique.<\/p>","protected":false},"author":8,"featured_media":0,"comment_status":"closed","ping_status":"closed","sticky":false,"template":"","format":"standard","meta":{"_acf_changed":false,"_yoast_wpseo_focuskw":"Klimabilanzierung Team Farner","_yoast_wpseo_metadesc":"Team Farner bilanziert 2023 klimarelevante Daten nach GHG-Standard. GUTcert zertifiziert. Schritt zur Klimaneutralit\u00e4t.","articlekey":"","footnotes":""},"categories":[29],"tags":[4345,3655,1787],"class_list":["post-34491","post","type-post","status-publish","format-standard","hentry","category-marketing","tag-business","tag-farner","tag-nachhaltigkeit"],"acf":[],"yoast_head":"<!-- This site is optimized with the Yoast SEO plugin v27.5 - https:\/\/yoast.com\/product\/yoast-seo-wordpress\/ -->\n<title>Zertifizierte Klimabilanz f\u00fcr Partnerunternehmen von Team Farner - Organisator<\/title>\n<meta name=\"description\" content=\"Team Farner bilanziert 2023 klimarelevante Daten nach GHG-Standard. GUTcert zertifiziert. Schritt zur Klimaneutralit\u00e4t.\" \/>\n<meta name=\"robots\" content=\"index, follow, max-snippet:-1, max-image-preview:large, max-video-preview:-1\" \/>\n<link rel=\"canonical\" href=\"https:\/\/www.organisator.ch\/fr\/marketing\/2024-12-06\/zertifizierte-klimabilanz-fuer-partnerunternehmen-von-team-farner\/\" \/>\n<meta property=\"og:locale\" content=\"fr_FR\" \/>\n<meta property=\"og:type\" content=\"article\" \/>\n<meta property=\"og:title\" content=\"Zertifizierte Klimabilanz f\u00fcr Partnerunternehmen von Team Farner - Organisator\" \/>\n<meta property=\"og:description\" content=\"Team Farner bilanziert 2023 klimarelevante Daten nach GHG-Standard. GUTcert zertifiziert. Schritt zur Klimaneutralit\u00e4t.\" \/>\n<meta property=\"og:url\" content=\"https:\/\/www.organisator.ch\/fr\/marketing\/2024-12-06\/zertifizierte-klimabilanz-fuer-partnerunternehmen-von-team-farner\/\" \/>\n<meta property=\"og:site_name\" content=\"Organisator\" \/>\n<meta property=\"article:publisher\" content=\"https:\/\/www.facebook.com\/OrganisatorFachmagazin\" \/>\n<meta property=\"article:published_time\" content=\"2024-12-06T10:59:20+00:00\" \/>\n<meta property=\"article:modified_time\" content=\"2024-12-09T06:46:17+00:00\" \/>\n<meta name=\"author\" content=\"galledia\" \/>\n<meta name=\"twitter:card\" content=\"summary_large_image\" \/>\n<meta name=\"twitter:creator\" content=\"@admin\" \/>\n<script type=\"application\/ld+json\" class=\"yoast-schema-graph\">{\"@context\":\"https:\\\/\\\/schema.org\",\"@graph\":[{\"@type\":\"Article\",\"@id\":\"https:\\\/\\\/www.organisator.ch\\\/marketing\\\/2024-12-06\\\/zertifizierte-klimabilanz-fuer-partnerunternehmen-von-team-farner\\\/#article\",\"isPartOf\":{\"@id\":\"https:\\\/\\\/www.organisator.ch\\\/marketing\\\/2024-12-06\\\/zertifizierte-klimabilanz-fuer-partnerunternehmen-von-team-farner\\\/\"},\"author\":{\"name\":\"galledia\",\"@id\":\"https:\\\/\\\/www.organisator.ch\\\/#\\\/schema\\\/person\\\/4e51799071cd2dd1232ac003643ef5f0\"},\"headline\":\"Zertifizierte Klimabilanz f\u00fcr Partnerunternehmen von Team Farner\",\"datePublished\":\"2024-12-06T10:59:20+00:00\",\"dateModified\":\"2024-12-09T06:46:17+00:00\",\"mainEntityOfPage\":{\"@id\":\"https:\\\/\\\/www.organisator.ch\\\/marketing\\\/2024-12-06\\\/zertifizierte-klimabilanz-fuer-partnerunternehmen-von-team-farner\\\/\"},\"wordCount\":227,\"publisher\":{\"@id\":\"https:\\\/\\\/www.organisator.ch\\\/#organization\"},\"image\":{\"@id\":\"https:\\\/\\\/www.organisator.ch\\\/marketing\\\/2024-12-06\\\/zertifizierte-klimabilanz-fuer-partnerunternehmen-von-team-farner\\\/#primaryimage\"},\"thumbnailUrl\":\"https:\\\/\\\/www.markt-kom.com\\\/wp-content\\\/uploads\\\/2024\\\/12\\\/GUTcert_Verification_Farner.jpg\",\"keywords\":[\"Business\",\"Farner\",\"Nachhaltigkeit\"],\"articleSection\":[\"MARKETING\"],\"inLanguage\":\"fr-FR\"},{\"@type\":\"WebPage\",\"@id\":\"https:\\\/\\\/www.organisator.ch\\\/marketing\\\/2024-12-06\\\/zertifizierte-klimabilanz-fuer-partnerunternehmen-von-team-farner\\\/\",\"url\":\"https:\\\/\\\/www.organisator.ch\\\/marketing\\\/2024-12-06\\\/zertifizierte-klimabilanz-fuer-partnerunternehmen-von-team-farner\\\/\",\"name\":\"Zertifizierte Klimabilanz f\u00fcr Partnerunternehmen von Team Farner - Organisator\",\"isPartOf\":{\"@id\":\"https:\\\/\\\/www.organisator.ch\\\/#website\"},\"primaryImageOfPage\":{\"@id\":\"https:\\\/\\\/www.organisator.ch\\\/marketing\\\/2024-12-06\\\/zertifizierte-klimabilanz-fuer-partnerunternehmen-von-team-farner\\\/#primaryimage\"},\"image\":{\"@id\":\"https:\\\/\\\/www.organisator.ch\\\/marketing\\\/2024-12-06\\\/zertifizierte-klimabilanz-fuer-partnerunternehmen-von-team-farner\\\/#primaryimage\"},\"thumbnailUrl\":\"https:\\\/\\\/www.markt-kom.com\\\/wp-content\\\/uploads\\\/2024\\\/12\\\/GUTcert_Verification_Farner.jpg\",\"datePublished\":\"2024-12-06T10:59:20+00:00\",\"dateModified\":\"2024-12-09T06:46:17+00:00\",\"description\":\"Team Farner bilanziert 2023 klimarelevante Daten nach GHG-Standard. GUTcert zertifiziert. Schritt zur Klimaneutralit\u00e4t.\",\"breadcrumb\":{\"@id\":\"https:\\\/\\\/www.organisator.ch\\\/marketing\\\/2024-12-06\\\/zertifizierte-klimabilanz-fuer-partnerunternehmen-von-team-farner\\\/#breadcrumb\"},\"inLanguage\":\"fr-FR\",\"potentialAction\":[{\"@type\":\"ReadAction\",\"target\":[\"https:\\\/\\\/www.organisator.ch\\\/marketing\\\/2024-12-06\\\/zertifizierte-klimabilanz-fuer-partnerunternehmen-von-team-farner\\\/\"]}]},{\"@type\":\"ImageObject\",\"inLanguage\":\"fr-FR\",\"@id\":\"https:\\\/\\\/www.organisator.ch\\\/marketing\\\/2024-12-06\\\/zertifizierte-klimabilanz-fuer-partnerunternehmen-von-team-farner\\\/#primaryimage\",\"url\":\"https:\\\/\\\/www.markt-kom.com\\\/wp-content\\\/uploads\\\/2024\\\/12\\\/GUTcert_Verification_Farner.jpg\",\"contentUrl\":\"https:\\\/\\\/www.markt-kom.com\\\/wp-content\\\/uploads\\\/2024\\\/12\\\/GUTcert_Verification_Farner.jpg\"},{\"@type\":\"BreadcrumbList\",\"@id\":\"https:\\\/\\\/www.organisator.ch\\\/marketing\\\/2024-12-06\\\/zertifizierte-klimabilanz-fuer-partnerunternehmen-von-team-farner\\\/#breadcrumb\",\"itemListElement\":[{\"@type\":\"ListItem\",\"position\":1,\"name\":\"Home\",\"item\":\"https:\\\/\\\/www.organisator.ch\\\/\"},{\"@type\":\"ListItem\",\"position\":2,\"name\":\"Zertifizierte Klimabilanz f\u00fcr Partnerunternehmen von Team Farner\"}]},{\"@type\":\"WebSite\",\"@id\":\"https:\\\/\\\/www.organisator.ch\\\/#website\",\"url\":\"https:\\\/\\\/www.organisator.ch\\\/\",\"name\":\"Organisator\",\"description\":\"Kompetent. Praxisnah. Der ORGANISATOR bereitet in 10 Ausgaben pro Jahr die wesentlichen Themen f\u00fcr F\u00fchrungskr\u00e4fte von KMU auf.\",\"publisher\":{\"@id\":\"https:\\\/\\\/www.organisator.ch\\\/#organization\"},\"potentialAction\":[{\"@type\":\"SearchAction\",\"target\":{\"@type\":\"EntryPoint\",\"urlTemplate\":\"https:\\\/\\\/www.organisator.ch\\\/?s={search_term_string}\"},\"query-input\":{\"@type\":\"PropertyValueSpecification\",\"valueRequired\":true,\"valueName\":\"search_term_string\"}}],\"inLanguage\":\"fr-FR\"},{\"@type\":\"Organization\",\"@id\":\"https:\\\/\\\/www.organisator.ch\\\/#organization\",\"name\":\"Organisator\",\"url\":\"https:\\\/\\\/www.organisator.ch\\\/\",\"logo\":{\"@type\":\"ImageObject\",\"inLanguage\":\"fr-FR\",\"@id\":\"https:\\\/\\\/www.organisator.ch\\\/#\\\/schema\\\/logo\\\/image\\\/\",\"url\":\"https:\\\/\\\/www.organisator.ch\\\/wp-content\\\/uploads\\\/2022\\\/01\\\/Logo_Organisator_Website.png\",\"contentUrl\":\"https:\\\/\\\/www.organisator.ch\\\/wp-content\\\/uploads\\\/2022\\\/01\\\/Logo_Organisator_Website.png\",\"width\":800,\"height\":77,\"caption\":\"Organisator\"},\"image\":{\"@id\":\"https:\\\/\\\/www.organisator.ch\\\/#\\\/schema\\\/logo\\\/image\\\/\"},\"sameAs\":[\"https:\\\/\\\/www.facebook.com\\\/OrganisatorFachmagazin\",\"https:\\\/\\\/www.linkedin.com\\\/showcase\\\/organisator-das-magazin-fr-kmu\",\"https:\\\/\\\/www.xing.com\\\/news\\\/pages\\\/organisator-ch-695\",\"https:\\\/\\\/www.youtube.com\\\/channel\\\/UCGP2Sq0iWaZwT3BdIAQFYpw\"]},{\"@type\":\"Person\",\"@id\":\"https:\\\/\\\/www.organisator.ch\\\/#\\\/schema\\\/person\\\/4e51799071cd2dd1232ac003643ef5f0\",\"name\":\"galledia\",\"image\":{\"@type\":\"ImageObject\",\"inLanguage\":\"fr-FR\",\"@id\":\"https:\\\/\\\/secure.gravatar.com\\\/avatar\\\/78a7f90c01fc2bfc875782a0d4922b37cde2cf184ce347b91316d23cd7f69a36?s=96&d=mm&r=g\",\"url\":\"https:\\\/\\\/secure.gravatar.com\\\/avatar\\\/78a7f90c01fc2bfc875782a0d4922b37cde2cf184ce347b91316d23cd7f69a36?s=96&d=mm&r=g\",\"contentUrl\":\"https:\\\/\\\/secure.gravatar.com\\\/avatar\\\/78a7f90c01fc2bfc875782a0d4922b37cde2cf184ce347b91316d23cd7f69a36?s=96&d=mm&r=g\",\"caption\":\"galledia\"},\"sameAs\":[\"https:\\\/\\\/x.com\\\/admin\"],\"url\":\"https:\\\/\\\/www.organisator.ch\\\/fr\\\/author\\\/galledia\\\/\"}]}<\/script>\n<!-- \/ Yoast SEO plugin. -->","yoast_head_json":{"title":"Bilan climatique certifi\u00e9 pour les entreprises partenaires de l'\u00e9quipe Farner - Organisateur","description":"En 2023, l'\u00e9quipe Farner dresse le bilan des donn\u00e9es relatives au climat selon la norme GHG. Certifi\u00e9 par GUTcert. Un pas vers la neutralit\u00e9 climatique.","robots":{"index":"index","follow":"follow","max-snippet":"max-snippet:-1","max-image-preview":"max-image-preview:large","max-video-preview":"max-video-preview:-1"},"canonical":"https:\/\/www.organisator.ch\/fr\/marketing\/2024-12-06\/zertifizierte-klimabilanz-fuer-partnerunternehmen-von-team-farner\/","og_locale":"fr_FR","og_type":"article","og_title":"Zertifizierte Klimabilanz f\u00fcr Partnerunternehmen von Team Farner - Organisator","og_description":"Team Farner bilanziert 2023 klimarelevante Daten nach GHG-Standard. GUTcert zertifiziert. Schritt zur Klimaneutralit\u00e4t.","og_url":"https:\/\/www.organisator.ch\/fr\/marketing\/2024-12-06\/zertifizierte-klimabilanz-fuer-partnerunternehmen-von-team-farner\/","og_site_name":"Organisator","article_publisher":"https:\/\/www.facebook.com\/OrganisatorFachmagazin","article_published_time":"2024-12-06T10:59:20+00:00","article_modified_time":"2024-12-09T06:46:17+00:00","author":"galledia","twitter_card":"summary_large_image","twitter_creator":"@admin","schema":{"@context":"https:\/\/schema.org","@graph":[{"@type":"Article","@id":"https:\/\/www.organisator.ch\/marketing\/2024-12-06\/zertifizierte-klimabilanz-fuer-partnerunternehmen-von-team-farner\/#article","isPartOf":{"@id":"https:\/\/www.organisator.ch\/marketing\/2024-12-06\/zertifizierte-klimabilanz-fuer-partnerunternehmen-von-team-farner\/"},"author":{"name":"galledia","@id":"https:\/\/www.organisator.ch\/#\/schema\/person\/4e51799071cd2dd1232ac003643ef5f0"},"headline":"Zertifizierte Klimabilanz f\u00fcr Partnerunternehmen von Team Farner","datePublished":"2024-12-06T10:59:20+00:00","dateModified":"2024-12-09T06:46:17+00:00","mainEntityOfPage":{"@id":"https:\/\/www.organisator.ch\/marketing\/2024-12-06\/zertifizierte-klimabilanz-fuer-partnerunternehmen-von-team-farner\/"},"wordCount":227,"publisher":{"@id":"https:\/\/www.organisator.ch\/#organization"},"image":{"@id":"https:\/\/www.organisator.ch\/marketing\/2024-12-06\/zertifizierte-klimabilanz-fuer-partnerunternehmen-von-team-farner\/#primaryimage"},"thumbnailUrl":"https:\/\/www.markt-kom.com\/wp-content\/uploads\/2024\/12\/GUTcert_Verification_Farner.jpg","keywords":["Business","Farner","Nachhaltigkeit"],"articleSection":["MARKETING"],"inLanguage":"fr-FR"},{"@type":"WebPage","@id":"https:\/\/www.organisator.ch\/marketing\/2024-12-06\/zertifizierte-klimabilanz-fuer-partnerunternehmen-von-team-farner\/","url":"https:\/\/www.organisator.ch\/marketing\/2024-12-06\/zertifizierte-klimabilanz-fuer-partnerunternehmen-von-team-farner\/","name":"Bilan climatique certifi\u00e9 pour les entreprises partenaires de l'\u00e9quipe Farner - Organisateur","isPartOf":{"@id":"https:\/\/www.organisator.ch\/#website"},"primaryImageOfPage":{"@id":"https:\/\/www.organisator.ch\/marketing\/2024-12-06\/zertifizierte-klimabilanz-fuer-partnerunternehmen-von-team-farner\/#primaryimage"},"image":{"@id":"https:\/\/www.organisator.ch\/marketing\/2024-12-06\/zertifizierte-klimabilanz-fuer-partnerunternehmen-von-team-farner\/#primaryimage"},"thumbnailUrl":"https:\/\/www.markt-kom.com\/wp-content\/uploads\/2024\/12\/GUTcert_Verification_Farner.jpg","datePublished":"2024-12-06T10:59:20+00:00","dateModified":"2024-12-09T06:46:17+00:00","description":"En 2023, l'\u00e9quipe Farner dresse le bilan des donn\u00e9es relatives au climat selon la norme GHG. Certifi\u00e9 par GUTcert. Un pas vers la neutralit\u00e9 climatique.","breadcrumb":{"@id":"https:\/\/www.organisator.ch\/marketing\/2024-12-06\/zertifizierte-klimabilanz-fuer-partnerunternehmen-von-team-farner\/#breadcrumb"},"inLanguage":"fr-FR","potentialAction":[{"@type":"ReadAction","target":["https:\/\/www.organisator.ch\/marketing\/2024-12-06\/zertifizierte-klimabilanz-fuer-partnerunternehmen-von-team-farner\/"]}]},{"@type":"ImageObject","inLanguage":"fr-FR","@id":"https:\/\/www.organisator.ch\/marketing\/2024-12-06\/zertifizierte-klimabilanz-fuer-partnerunternehmen-von-team-farner\/#primaryimage","url":"https:\/\/www.markt-kom.com\/wp-content\/uploads\/2024\/12\/GUTcert_Verification_Farner.jpg","contentUrl":"https:\/\/www.markt-kom.com\/wp-content\/uploads\/2024\/12\/GUTcert_Verification_Farner.jpg"},{"@type":"BreadcrumbList","@id":"https:\/\/www.organisator.ch\/marketing\/2024-12-06\/zertifizierte-klimabilanz-fuer-partnerunternehmen-von-team-farner\/#breadcrumb","itemListElement":[{"@type":"ListItem","position":1,"name":"Home","item":"https:\/\/www.organisator.ch\/"},{"@type":"ListItem","position":2,"name":"Zertifizierte Klimabilanz f\u00fcr Partnerunternehmen von Team Farner"}]},{"@type":"WebSite","@id":"https:\/\/www.organisator.ch\/#website","url":"https:\/\/www.organisator.ch\/","name":"Organisateur","description":"Comp\u00e9tence et comp\u00e9tence. Proches de la pratique. L'ORGANISATEUR pr\u00e9pare 10 num\u00e9ros par an sur les th\u00e8mes essentiels pour les dirigeants de PME.","publisher":{"@id":"https:\/\/www.organisator.ch\/#organization"},"potentialAction":[{"@type":"SearchAction","target":{"@type":"EntryPoint","urlTemplate":"https:\/\/www.organisator.ch\/?s={search_term_string}"},"query-input":{"@type":"PropertyValueSpecification","valueRequired":true,"valueName":"search_term_string"}}],"inLanguage":"fr-FR"},{"@type":"Organization","@id":"https:\/\/www.organisator.ch\/#organization","name":"Organisateur","url":"https:\/\/www.organisator.ch\/","logo":{"@type":"ImageObject","inLanguage":"fr-FR","@id":"https:\/\/www.organisator.ch\/#\/schema\/logo\/image\/","url":"https:\/\/www.organisator.ch\/wp-content\/uploads\/2022\/01\/Logo_Organisator_Website.png","contentUrl":"https:\/\/www.organisator.ch\/wp-content\/uploads\/2022\/01\/Logo_Organisator_Website.png","width":800,"height":77,"caption":"Organisator"},"image":{"@id":"https:\/\/www.organisator.ch\/#\/schema\/logo\/image\/"},"sameAs":["https:\/\/www.facebook.com\/OrganisatorFachmagazin","https:\/\/www.linkedin.com\/showcase\/organisator-das-magazin-fr-kmu","https:\/\/www.xing.com\/news\/pages\/organisator-ch-695","https:\/\/www.youtube.com\/channel\/UCGP2Sq0iWaZwT3BdIAQFYpw"]},{"@type":"Person","@id":"https:\/\/www.organisator.ch\/#\/schema\/person\/4e51799071cd2dd1232ac003643ef5f0","name":"galledia","image":{"@type":"ImageObject","inLanguage":"fr-FR","@id":"https:\/\/secure.gravatar.com\/avatar\/78a7f90c01fc2bfc875782a0d4922b37cde2cf184ce347b91316d23cd7f69a36?s=96&d=mm&r=g","url":"https:\/\/secure.gravatar.com\/avatar\/78a7f90c01fc2bfc875782a0d4922b37cde2cf184ce347b91316d23cd7f69a36?s=96&d=mm&r=g","contentUrl":"https:\/\/secure.gravatar.com\/avatar\/78a7f90c01fc2bfc875782a0d4922b37cde2cf184ce347b91316d23cd7f69a36?s=96&d=mm&r=g","caption":"galledia"},"sameAs":["https:\/\/x.com\/admin"],"url":"https:\/\/www.organisator.ch\/fr\/author\/galledia\/"}]}},"_links":{"self":[{"href":"https:\/\/www.organisator.ch\/fr\/wp-json\/wp\/v2\/posts\/34491","targetHints":{"allow":["GET"]}}],"collection":[{"href":"https:\/\/www.organisator.ch\/fr\/wp-json\/wp\/v2\/posts"}],"about":[{"href":"https:\/\/www.organisator.ch\/fr\/wp-json\/wp\/v2\/types\/post"}],"author":[{"embeddable":true,"href":"https:\/\/www.organisator.ch\/fr\/wp-json\/wp\/v2\/users\/8"}],"replies":[{"embeddable":true,"href":"https:\/\/www.organisator.ch\/fr\/wp-json\/wp\/v2\/comments?post=34491"}],"version-history":[{"count":3,"href":"https:\/\/www.organisator.ch\/fr\/wp-json\/wp\/v2\/posts\/34491\/revisions"}],"predecessor-version":[{"id":34510,"href":"https:\/\/www.organisator.ch\/fr\/wp-json\/wp\/v2\/posts\/34491\/revisions\/34510"}],"wp:attachment":[{"href":"https:\/\/www.organisator.ch\/fr\/wp-json\/wp\/v2\/media?parent=34491"}],"wp:term":[{"taxonomy":"category","embeddable":true,"href":"https:\/\/www.organisator.ch\/fr\/wp-json\/wp\/v2\/categories?post=34491"},{"taxonomy":"post_tag","embeddable":true,"href":"https:\/\/www.organisator.ch\/fr\/wp-json\/wp\/v2\/tags?post=34491"}],"curies":[{"name":"wp","href":"https:\/\/api.w.org\/{rel}","templated":true}]}}