{"id":34499,"date":"2024-12-08T19:40:59","date_gmt":"2024-12-08T18:40:59","guid":{"rendered":"https:\/\/www.markt-kom.com\/?p=227801"},"modified":"2024-12-09T07:48:10","modified_gmt":"2024-12-09T06:48:10","slug":"werberin-des-jahres-2025-die-community-entscheidet-mit","status":"publish","type":"post","link":"https:\/\/www.organisator.ch\/fr\/marketing\/2024-12-08\/werberin-des-jahres-2025-die-community-entscheidet-mit\/","title":{"rendered":"\"Annonceur:in de l'ann\u00e9e\" 2025 : la communaut\u00e9 participe aux d\u00e9cisions"},"content":{"rendered":"<p><a href=\"https:\/\/www.markt-kom.com\/wp-content\/uploads\/2024\/12\/WDJ-2025-VOTING-1.jpg\"><img class=\"aligncenter size-full wp-image-227803\" src=\"https:\/\/www.markt-kom.com\/wp-content\/uploads\/2024\/12\/WDJ-2025-VOTING-1.jpg\" sizes=\"(max-width: 1200px) 100vw, 1200px\" srcset=\"https:\/\/www.markt-kom.com\/wp-content\/uploads\/2024\/12\/WDJ-2025-VOTING-1.jpg 1200w, https:\/\/www.markt-kom.com\/wp-content\/uploads\/2024\/12\/WDJ-2025-VOTING-1-600x338.jpg 600w, https:\/\/www.markt-kom.com\/wp-content\/uploads\/2024\/12\/WDJ-2025-VOTING-1-1024x576.jpg 1024w, https:\/\/www.markt-kom.com\/wp-content\/uploads\/2024\/12\/WDJ-2025-VOTING-1-768x432.jpg 768w, https:\/\/www.markt-kom.com\/wp-content\/uploads\/2024\/12\/WDJ-2025-VOTING-1-18x10.jpg 18w, https:\/\/www.markt-kom.com\/wp-content\/uploads\/2024\/12\/WDJ-2025-VOTING-1-311x175.jpg 311w, https:\/\/www.markt-kom.com\/wp-content\/uploads\/2024\/12\/WDJ-2025-VOTING-1-622x350.jpg 622w, https:\/\/www.markt-kom.com\/wp-content\/uploads\/2024\/12\/WDJ-2025-VOTING-1-1000x563.jpg 1000w\" alt=\"\" width=\"1200\" height=\"675\" \/><\/a><\/p>\r\n<p>Bient\u00f4t, ce sera \u00e0 nouveau \"Qui sera 'Werber:in de l'ann\u00e9e' en 2025 ? Depuis plus de 45 ans, nous \u00e9lisons des personnalit\u00e9s de la sc\u00e8ne suisse de la publicit\u00e9 et de la communication. Depuis 2023, ce n'est pas seulement le jury de haut niveau qui d\u00e9cide qui doit \u00eatre \u00e9lu, mais aussi l'avis de la communaut\u00e9 qui est demand\u00e9 pour savoir qui doit \u00eatre nomm\u00e9.<\/p>\r\n<p>Nous recherchons des personnes actives dans le secteur en tant que prestataires de services au sens large. Elles doivent s'\u00eatre distingu\u00e9es par des prestations exceptionnelles et repr\u00e9senter le secteur local en tant que leaders d'opinion et ambassadeurs. Peu importe que cette personne travaille en agence ou en free-lance et qu'elle soit plut\u00f4t cr\u00e9ative, strat\u00e8ge ou conseill\u00e8re.<\/p>\r\n<p>La nomination a lieu\u00a0<a href=\"https:\/\/www.markt-kom.com\/de\/newsletter\/\" rel=\"noopener\">via la newsletter gratuite de\u00a0<em>m&amp;k Werbewoche.ch\u00a0<\/em><\/a>a eu lieu. Une personne par abonn\u00e9(e) peut \u00eatre nomin\u00e9e. Veuillez indiquer son nom complet et expliquer en une ou deux phrases pourquoi cette personne devrait avoir une chance de devenir \"Annonceur:e de l'ann\u00e9e\" en 2025. La p\u00e9riode de nomination d\u00e9bute le lundi 9 d\u00e9cembre 2024 et se termine le vendredi soir 13 d\u00e9cembre 2024.<\/p>\r\n<p>Apr\u00e8s la phase de nomination, la <em>m&amp;k <\/em>la r\u00e9daction examine les candidatures. Les dix nomin\u00e9s les plus fr\u00e9quemment cit\u00e9s sont soumis au jury, compos\u00e9 des dix derniers \"Annonceurs:-euses de l'ann\u00e9e\". Chaque membre du jury peut en outre nominer une personne suppl\u00e9mentaire.<\/p>\r\n<p>Parmi la liste finale des nomin\u00e9s, le jury choisira un top 3 qui sera communiqu\u00e9 au printemps 2024. Le vote aura lieu, comme les ann\u00e9es pr\u00e9c\u00e9dentes, via la newsletter de <em>m&amp;k Werbewoche.ch\u00a0<\/em>aura lieu. De plus amples informations sur le vote seront communiqu\u00e9es en temps voulu.<\/p>\r\n<p>Vous ne pouvez donc participer \u00e0 la nomination ainsi qu'au vote officiel au printemps qu'en tant qu'abonn\u00e9(e) \u00e0 la newsletter. Si vous ne l'avez pas encore fait : Inscrivez-vous\u00a0<a href=\"https:\/\/www.markt-kom.com\/de\/newsletter\/\" rel=\"noopener\">aujourd'hui pour recevoir notre newsletter<\/a> pour recevoir gratuitement et quotidiennement des informations pertinentes sur le secteur et avoir la possibilit\u00e9 de voter ! Vos donn\u00e9es seront bien entendu trait\u00e9es de mani\u00e8re confidentielle. Elles servent uniquement \u00e0 \u00e9viter les nominations multiples. Toutes les donn\u00e9es personnelles seront imm\u00e9diatement effac\u00e9es apr\u00e8s le vote.<\/p>\r\n<p>Nous attendons avec impatience vos contributions et vous souhaitons une bonne p\u00e9riode de l'Avent.<\/p>\r\n<p><em>Votre r\u00e9daction de m&amp;k Werbewoche<\/em><\/p>","protected":false},"excerpt":{"rendered":"<p>Qui sera le \"Werber:in de l'ann\u00e9e\" en 2025 ? La communaut\u00e9 m&amp;k participe elle aussi \u00e0 la s\u00e9lection des nomin\u00e9s. Vous avez jusqu'au vendredi 13 d\u00e9cembre pour proposer votre candidat(e) pr\u00e9f\u00e9r\u00e9(e).<\/p>","protected":false},"author":8,"featured_media":0,"comment_status":"closed","ping_status":"closed","sticky":false,"template":"","format":"standard","meta":{"_acf_changed":false,"_yoast_wpseo_focuskw":"Werber:in des Jahres 2025","_yoast_wpseo_metadesc":"Nominieren Sie jetzt Ihre Favoriten f\u00fcr den Titel \"Werber:in des Jahres 2025\". Teilnahme nur f\u00fcr Newsletter-Abonnenten.","articlekey":"","footnotes":""},"categories":[29],"tags":[66,4922],"class_list":["post-34499","post","type-post","status-publish","format-standard","hentry","category-marketing","tag-awards","tag-werberin-des-jahres"],"acf":[],"yoast_head":"<!-- This site is optimized with the Yoast SEO plugin v27.5 - https:\/\/yoast.com\/product\/yoast-seo-wordpress\/ -->\n<title>\u00abWerber:in des Jahres\u00bb 2025: Die Community entscheidet mit - Organisator<\/title>\n<meta name=\"description\" content=\"Nominieren Sie jetzt Ihre Favoriten f\u00fcr den Titel &quot;Werber:in des Jahres 2025&quot;. Teilnahme nur f\u00fcr Newsletter-Abonnenten.\" \/>\n<meta name=\"robots\" content=\"index, follow, max-snippet:-1, max-image-preview:large, max-video-preview:-1\" \/>\n<link rel=\"canonical\" href=\"https:\/\/www.organisator.ch\/fr\/marketing\/2024-12-08\/werberin-des-jahres-2025-die-community-entscheidet-mit\/\" \/>\n<meta property=\"og:locale\" content=\"fr_FR\" \/>\n<meta property=\"og:type\" content=\"article\" \/>\n<meta property=\"og:title\" content=\"\u00abWerber:in des Jahres\u00bb 2025: Die Community entscheidet mit - Organisator\" \/>\n<meta property=\"og:description\" content=\"Nominieren Sie jetzt Ihre Favoriten f\u00fcr den Titel &quot;Werber:in des Jahres 2025&quot;. Teilnahme nur f\u00fcr Newsletter-Abonnenten.\" \/>\n<meta property=\"og:url\" content=\"https:\/\/www.organisator.ch\/fr\/marketing\/2024-12-08\/werberin-des-jahres-2025-die-community-entscheidet-mit\/\" \/>\n<meta property=\"og:site_name\" content=\"Organisator\" \/>\n<meta property=\"article:publisher\" content=\"https:\/\/www.facebook.com\/OrganisatorFachmagazin\" \/>\n<meta property=\"article:published_time\" content=\"2024-12-08T18:40:59+00:00\" \/>\n<meta property=\"article:modified_time\" content=\"2024-12-09T06:48:10+00:00\" \/>\n<meta name=\"author\" content=\"galledia\" \/>\n<meta name=\"twitter:card\" content=\"summary_large_image\" \/>\n<meta name=\"twitter:creator\" content=\"@admin\" \/>\n<script type=\"application\/ld+json\" class=\"yoast-schema-graph\">{\"@context\":\"https:\\\/\\\/schema.org\",\"@graph\":[{\"@type\":\"Article\",\"@id\":\"https:\\\/\\\/www.organisator.ch\\\/marketing\\\/2024-12-08\\\/werberin-des-jahres-2025-die-community-entscheidet-mit\\\/#article\",\"isPartOf\":{\"@id\":\"https:\\\/\\\/www.organisator.ch\\\/marketing\\\/2024-12-08\\\/werberin-des-jahres-2025-die-community-entscheidet-mit\\\/\"},\"author\":{\"name\":\"galledia\",\"@id\":\"https:\\\/\\\/www.organisator.ch\\\/#\\\/schema\\\/person\\\/4e51799071cd2dd1232ac003643ef5f0\"},\"headline\":\"\u00abWerber:in des Jahres\u00bb 2025: Die Community entscheidet mit\",\"datePublished\":\"2024-12-08T18:40:59+00:00\",\"dateModified\":\"2024-12-09T06:48:10+00:00\",\"mainEntityOfPage\":{\"@id\":\"https:\\\/\\\/www.organisator.ch\\\/marketing\\\/2024-12-08\\\/werberin-des-jahres-2025-die-community-entscheidet-mit\\\/\"},\"wordCount\":377,\"publisher\":{\"@id\":\"https:\\\/\\\/www.organisator.ch\\\/#organization\"},\"image\":{\"@id\":\"https:\\\/\\\/www.organisator.ch\\\/marketing\\\/2024-12-08\\\/werberin-des-jahres-2025-die-community-entscheidet-mit\\\/#primaryimage\"},\"thumbnailUrl\":\"https:\\\/\\\/www.markt-kom.com\\\/wp-content\\\/uploads\\\/2024\\\/12\\\/WDJ-2025-VOTING-1.jpg\",\"keywords\":[\"Awards\",\"Werber:in des Jahres\"],\"articleSection\":[\"MARKETING\"],\"inLanguage\":\"fr-FR\"},{\"@type\":\"WebPage\",\"@id\":\"https:\\\/\\\/www.organisator.ch\\\/marketing\\\/2024-12-08\\\/werberin-des-jahres-2025-die-community-entscheidet-mit\\\/\",\"url\":\"https:\\\/\\\/www.organisator.ch\\\/marketing\\\/2024-12-08\\\/werberin-des-jahres-2025-die-community-entscheidet-mit\\\/\",\"name\":\"\u00abWerber:in des Jahres\u00bb 2025: Die Community entscheidet mit - Organisator\",\"isPartOf\":{\"@id\":\"https:\\\/\\\/www.organisator.ch\\\/#website\"},\"primaryImageOfPage\":{\"@id\":\"https:\\\/\\\/www.organisator.ch\\\/marketing\\\/2024-12-08\\\/werberin-des-jahres-2025-die-community-entscheidet-mit\\\/#primaryimage\"},\"image\":{\"@id\":\"https:\\\/\\\/www.organisator.ch\\\/marketing\\\/2024-12-08\\\/werberin-des-jahres-2025-die-community-entscheidet-mit\\\/#primaryimage\"},\"thumbnailUrl\":\"https:\\\/\\\/www.markt-kom.com\\\/wp-content\\\/uploads\\\/2024\\\/12\\\/WDJ-2025-VOTING-1.jpg\",\"datePublished\":\"2024-12-08T18:40:59+00:00\",\"dateModified\":\"2024-12-09T06:48:10+00:00\",\"description\":\"Nominieren Sie jetzt Ihre Favoriten f\u00fcr den Titel \\\"Werber:in des Jahres 2025\\\". Teilnahme nur f\u00fcr Newsletter-Abonnenten.\",\"breadcrumb\":{\"@id\":\"https:\\\/\\\/www.organisator.ch\\\/marketing\\\/2024-12-08\\\/werberin-des-jahres-2025-die-community-entscheidet-mit\\\/#breadcrumb\"},\"inLanguage\":\"fr-FR\",\"potentialAction\":[{\"@type\":\"ReadAction\",\"target\":[\"https:\\\/\\\/www.organisator.ch\\\/marketing\\\/2024-12-08\\\/werberin-des-jahres-2025-die-community-entscheidet-mit\\\/\"]}]},{\"@type\":\"ImageObject\",\"inLanguage\":\"fr-FR\",\"@id\":\"https:\\\/\\\/www.organisator.ch\\\/marketing\\\/2024-12-08\\\/werberin-des-jahres-2025-die-community-entscheidet-mit\\\/#primaryimage\",\"url\":\"https:\\\/\\\/www.markt-kom.com\\\/wp-content\\\/uploads\\\/2024\\\/12\\\/WDJ-2025-VOTING-1.jpg\",\"contentUrl\":\"https:\\\/\\\/www.markt-kom.com\\\/wp-content\\\/uploads\\\/2024\\\/12\\\/WDJ-2025-VOTING-1.jpg\"},{\"@type\":\"BreadcrumbList\",\"@id\":\"https:\\\/\\\/www.organisator.ch\\\/marketing\\\/2024-12-08\\\/werberin-des-jahres-2025-die-community-entscheidet-mit\\\/#breadcrumb\",\"itemListElement\":[{\"@type\":\"ListItem\",\"position\":1,\"name\":\"Home\",\"item\":\"https:\\\/\\\/www.organisator.ch\\\/\"},{\"@type\":\"ListItem\",\"position\":2,\"name\":\"\u00abWerber:in des Jahres\u00bb 2025: Die Community entscheidet mit\"}]},{\"@type\":\"WebSite\",\"@id\":\"https:\\\/\\\/www.organisator.ch\\\/#website\",\"url\":\"https:\\\/\\\/www.organisator.ch\\\/\",\"name\":\"Organisator\",\"description\":\"Kompetent. Praxisnah. Der ORGANISATOR bereitet in 10 Ausgaben pro Jahr die wesentlichen Themen f\u00fcr F\u00fchrungskr\u00e4fte von KMU auf.\",\"publisher\":{\"@id\":\"https:\\\/\\\/www.organisator.ch\\\/#organization\"},\"potentialAction\":[{\"@type\":\"SearchAction\",\"target\":{\"@type\":\"EntryPoint\",\"urlTemplate\":\"https:\\\/\\\/www.organisator.ch\\\/?s={search_term_string}\"},\"query-input\":{\"@type\":\"PropertyValueSpecification\",\"valueRequired\":true,\"valueName\":\"search_term_string\"}}],\"inLanguage\":\"fr-FR\"},{\"@type\":\"Organization\",\"@id\":\"https:\\\/\\\/www.organisator.ch\\\/#organization\",\"name\":\"Organisator\",\"url\":\"https:\\\/\\\/www.organisator.ch\\\/\",\"logo\":{\"@type\":\"ImageObject\",\"inLanguage\":\"fr-FR\",\"@id\":\"https:\\\/\\\/www.organisator.ch\\\/#\\\/schema\\\/logo\\\/image\\\/\",\"url\":\"https:\\\/\\\/www.organisator.ch\\\/wp-content\\\/uploads\\\/2022\\\/01\\\/Logo_Organisator_Website.png\",\"contentUrl\":\"https:\\\/\\\/www.organisator.ch\\\/wp-content\\\/uploads\\\/2022\\\/01\\\/Logo_Organisator_Website.png\",\"width\":800,\"height\":77,\"caption\":\"Organisator\"},\"image\":{\"@id\":\"https:\\\/\\\/www.organisator.ch\\\/#\\\/schema\\\/logo\\\/image\\\/\"},\"sameAs\":[\"https:\\\/\\\/www.facebook.com\\\/OrganisatorFachmagazin\",\"https:\\\/\\\/www.linkedin.com\\\/showcase\\\/organisator-das-magazin-fr-kmu\",\"https:\\\/\\\/www.xing.com\\\/news\\\/pages\\\/organisator-ch-695\",\"https:\\\/\\\/www.youtube.com\\\/channel\\\/UCGP2Sq0iWaZwT3BdIAQFYpw\"]},{\"@type\":\"Person\",\"@id\":\"https:\\\/\\\/www.organisator.ch\\\/#\\\/schema\\\/person\\\/4e51799071cd2dd1232ac003643ef5f0\",\"name\":\"galledia\",\"image\":{\"@type\":\"ImageObject\",\"inLanguage\":\"fr-FR\",\"@id\":\"https:\\\/\\\/secure.gravatar.com\\\/avatar\\\/78a7f90c01fc2bfc875782a0d4922b37cde2cf184ce347b91316d23cd7f69a36?s=96&d=mm&r=g\",\"url\":\"https:\\\/\\\/secure.gravatar.com\\\/avatar\\\/78a7f90c01fc2bfc875782a0d4922b37cde2cf184ce347b91316d23cd7f69a36?s=96&d=mm&r=g\",\"contentUrl\":\"https:\\\/\\\/secure.gravatar.com\\\/avatar\\\/78a7f90c01fc2bfc875782a0d4922b37cde2cf184ce347b91316d23cd7f69a36?s=96&d=mm&r=g\",\"caption\":\"galledia\"},\"sameAs\":[\"https:\\\/\\\/x.com\\\/admin\"],\"url\":\"https:\\\/\\\/www.organisator.ch\\\/fr\\\/author\\\/galledia\\\/\"}]}<\/script>\n<!-- \/ Yoast SEO plugin. -->","yoast_head_json":{"title":"\"Annonceur:in de l'ann\u00e9e\" 2025 : la communaut\u00e9 participe aux d\u00e9cisions - Organisateur","description":"Nominez maintenant vos favoris pour le titre de \"Publicitaire:in de l'ann\u00e9e 2025\". Participation r\u00e9serv\u00e9e aux abonn\u00e9s de la newsletter.","robots":{"index":"index","follow":"follow","max-snippet":"max-snippet:-1","max-image-preview":"max-image-preview:large","max-video-preview":"max-video-preview:-1"},"canonical":"https:\/\/www.organisator.ch\/fr\/marketing\/2024-12-08\/werberin-des-jahres-2025-die-community-entscheidet-mit\/","og_locale":"fr_FR","og_type":"article","og_title":"\u00abWerber:in des Jahres\u00bb 2025: Die Community entscheidet mit - Organisator","og_description":"Nominieren Sie jetzt Ihre Favoriten f\u00fcr den Titel \"Werber:in des Jahres 2025\". Teilnahme nur f\u00fcr Newsletter-Abonnenten.","og_url":"https:\/\/www.organisator.ch\/fr\/marketing\/2024-12-08\/werberin-des-jahres-2025-die-community-entscheidet-mit\/","og_site_name":"Organisator","article_publisher":"https:\/\/www.facebook.com\/OrganisatorFachmagazin","article_published_time":"2024-12-08T18:40:59+00:00","article_modified_time":"2024-12-09T06:48:10+00:00","author":"galledia","twitter_card":"summary_large_image","twitter_creator":"@admin","schema":{"@context":"https:\/\/schema.org","@graph":[{"@type":"Article","@id":"https:\/\/www.organisator.ch\/marketing\/2024-12-08\/werberin-des-jahres-2025-die-community-entscheidet-mit\/#article","isPartOf":{"@id":"https:\/\/www.organisator.ch\/marketing\/2024-12-08\/werberin-des-jahres-2025-die-community-entscheidet-mit\/"},"author":{"name":"galledia","@id":"https:\/\/www.organisator.ch\/#\/schema\/person\/4e51799071cd2dd1232ac003643ef5f0"},"headline":"\u00abWerber:in des Jahres\u00bb 2025: Die Community entscheidet mit","datePublished":"2024-12-08T18:40:59+00:00","dateModified":"2024-12-09T06:48:10+00:00","mainEntityOfPage":{"@id":"https:\/\/www.organisator.ch\/marketing\/2024-12-08\/werberin-des-jahres-2025-die-community-entscheidet-mit\/"},"wordCount":377,"publisher":{"@id":"https:\/\/www.organisator.ch\/#organization"},"image":{"@id":"https:\/\/www.organisator.ch\/marketing\/2024-12-08\/werberin-des-jahres-2025-die-community-entscheidet-mit\/#primaryimage"},"thumbnailUrl":"https:\/\/www.markt-kom.com\/wp-content\/uploads\/2024\/12\/WDJ-2025-VOTING-1.jpg","keywords":["Awards","Werber:in des Jahres"],"articleSection":["MARKETING"],"inLanguage":"fr-FR"},{"@type":"WebPage","@id":"https:\/\/www.organisator.ch\/marketing\/2024-12-08\/werberin-des-jahres-2025-die-community-entscheidet-mit\/","url":"https:\/\/www.organisator.ch\/marketing\/2024-12-08\/werberin-des-jahres-2025-die-community-entscheidet-mit\/","name":"\"Annonceur:in de l'ann\u00e9e\" 2025 : la communaut\u00e9 participe aux d\u00e9cisions - Organisateur","isPartOf":{"@id":"https:\/\/www.organisator.ch\/#website"},"primaryImageOfPage":{"@id":"https:\/\/www.organisator.ch\/marketing\/2024-12-08\/werberin-des-jahres-2025-die-community-entscheidet-mit\/#primaryimage"},"image":{"@id":"https:\/\/www.organisator.ch\/marketing\/2024-12-08\/werberin-des-jahres-2025-die-community-entscheidet-mit\/#primaryimage"},"thumbnailUrl":"https:\/\/www.markt-kom.com\/wp-content\/uploads\/2024\/12\/WDJ-2025-VOTING-1.jpg","datePublished":"2024-12-08T18:40:59+00:00","dateModified":"2024-12-09T06:48:10+00:00","description":"Nominez maintenant vos favoris pour le titre de \"Publicitaire:in de l'ann\u00e9e 2025\". Participation r\u00e9serv\u00e9e aux abonn\u00e9s de la newsletter.","breadcrumb":{"@id":"https:\/\/www.organisator.ch\/marketing\/2024-12-08\/werberin-des-jahres-2025-die-community-entscheidet-mit\/#breadcrumb"},"inLanguage":"fr-FR","potentialAction":[{"@type":"ReadAction","target":["https:\/\/www.organisator.ch\/marketing\/2024-12-08\/werberin-des-jahres-2025-die-community-entscheidet-mit\/"]}]},{"@type":"ImageObject","inLanguage":"fr-FR","@id":"https:\/\/www.organisator.ch\/marketing\/2024-12-08\/werberin-des-jahres-2025-die-community-entscheidet-mit\/#primaryimage","url":"https:\/\/www.markt-kom.com\/wp-content\/uploads\/2024\/12\/WDJ-2025-VOTING-1.jpg","contentUrl":"https:\/\/www.markt-kom.com\/wp-content\/uploads\/2024\/12\/WDJ-2025-VOTING-1.jpg"},{"@type":"BreadcrumbList","@id":"https:\/\/www.organisator.ch\/marketing\/2024-12-08\/werberin-des-jahres-2025-die-community-entscheidet-mit\/#breadcrumb","itemListElement":[{"@type":"ListItem","position":1,"name":"Home","item":"https:\/\/www.organisator.ch\/"},{"@type":"ListItem","position":2,"name":"\u00abWerber:in des Jahres\u00bb 2025: Die Community entscheidet mit"}]},{"@type":"WebSite","@id":"https:\/\/www.organisator.ch\/#website","url":"https:\/\/www.organisator.ch\/","name":"Organisateur","description":"Comp\u00e9tence et comp\u00e9tence. Proches de la pratique. L'ORGANISATEUR pr\u00e9pare 10 num\u00e9ros par an sur les th\u00e8mes essentiels pour les dirigeants de PME.","publisher":{"@id":"https:\/\/www.organisator.ch\/#organization"},"potentialAction":[{"@type":"SearchAction","target":{"@type":"EntryPoint","urlTemplate":"https:\/\/www.organisator.ch\/?s={search_term_string}"},"query-input":{"@type":"PropertyValueSpecification","valueRequired":true,"valueName":"search_term_string"}}],"inLanguage":"fr-FR"},{"@type":"Organization","@id":"https:\/\/www.organisator.ch\/#organization","name":"Organisateur","url":"https:\/\/www.organisator.ch\/","logo":{"@type":"ImageObject","inLanguage":"fr-FR","@id":"https:\/\/www.organisator.ch\/#\/schema\/logo\/image\/","url":"https:\/\/www.organisator.ch\/wp-content\/uploads\/2022\/01\/Logo_Organisator_Website.png","contentUrl":"https:\/\/www.organisator.ch\/wp-content\/uploads\/2022\/01\/Logo_Organisator_Website.png","width":800,"height":77,"caption":"Organisator"},"image":{"@id":"https:\/\/www.organisator.ch\/#\/schema\/logo\/image\/"},"sameAs":["https:\/\/www.facebook.com\/OrganisatorFachmagazin","https:\/\/www.linkedin.com\/showcase\/organisator-das-magazin-fr-kmu","https:\/\/www.xing.com\/news\/pages\/organisator-ch-695","https:\/\/www.youtube.com\/channel\/UCGP2Sq0iWaZwT3BdIAQFYpw"]},{"@type":"Person","@id":"https:\/\/www.organisator.ch\/#\/schema\/person\/4e51799071cd2dd1232ac003643ef5f0","name":"galledia","image":{"@type":"ImageObject","inLanguage":"fr-FR","@id":"https:\/\/secure.gravatar.com\/avatar\/78a7f90c01fc2bfc875782a0d4922b37cde2cf184ce347b91316d23cd7f69a36?s=96&d=mm&r=g","url":"https:\/\/secure.gravatar.com\/avatar\/78a7f90c01fc2bfc875782a0d4922b37cde2cf184ce347b91316d23cd7f69a36?s=96&d=mm&r=g","contentUrl":"https:\/\/secure.gravatar.com\/avatar\/78a7f90c01fc2bfc875782a0d4922b37cde2cf184ce347b91316d23cd7f69a36?s=96&d=mm&r=g","caption":"galledia"},"sameAs":["https:\/\/x.com\/admin"],"url":"https:\/\/www.organisator.ch\/fr\/author\/galledia\/"}]}},"_links":{"self":[{"href":"https:\/\/www.organisator.ch\/fr\/wp-json\/wp\/v2\/posts\/34499","targetHints":{"allow":["GET"]}}],"collection":[{"href":"https:\/\/www.organisator.ch\/fr\/wp-json\/wp\/v2\/posts"}],"about":[{"href":"https:\/\/www.organisator.ch\/fr\/wp-json\/wp\/v2\/types\/post"}],"author":[{"embeddable":true,"href":"https:\/\/www.organisator.ch\/fr\/wp-json\/wp\/v2\/users\/8"}],"replies":[{"embeddable":true,"href":"https:\/\/www.organisator.ch\/fr\/wp-json\/wp\/v2\/comments?post=34499"}],"version-history":[{"count":5,"href":"https:\/\/www.organisator.ch\/fr\/wp-json\/wp\/v2\/posts\/34499\/revisions"}],"predecessor-version":[{"id":42615,"href":"https:\/\/www.organisator.ch\/fr\/wp-json\/wp\/v2\/posts\/34499\/revisions\/42615"}],"wp:attachment":[{"href":"https:\/\/www.organisator.ch\/fr\/wp-json\/wp\/v2\/media?parent=34499"}],"wp:term":[{"taxonomy":"category","embeddable":true,"href":"https:\/\/www.organisator.ch\/fr\/wp-json\/wp\/v2\/categories?post=34499"},{"taxonomy":"post_tag","embeddable":true,"href":"https:\/\/www.organisator.ch\/fr\/wp-json\/wp\/v2\/tags?post=34499"}],"curies":[{"name":"wp","href":"https:\/\/api.w.org\/{rel}","templated":true}]}}