{"id":34536,"date":"2024-12-09T10:10:57","date_gmt":"2024-12-09T09:10:57","guid":{"rendered":"https:\/\/www.markt-kom.com\/?p=227851"},"modified":"2024-12-09T11:54:36","modified_gmt":"2024-12-09T10:54:36","slug":"ungerechtigkeit-spaltet-die-schweiz-gerechtigkeits-barometer-liefert-einblicke","status":"publish","type":"post","link":"https:\/\/www.organisator.ch\/fr\/marketing\/2024-12-09\/ungerechtigkeit-spaltet-die-schweiz-gerechtigkeits-barometer-liefert-einblicke\/","title":{"rendered":"L'injustice divise la Suisse : le barom\u00e8tre de la justice donne un aper\u00e7u de la situation"},"content":{"rendered":"<h3><a href=\"https:\/\/www.markt-kom.com\/wp-content\/uploads\/2024\/12\/09e95154-2e25-18db-f9b7-c2e76d96b5e2.png\"><img class=\"alignnone size-full wp-image-227853\" src=\"https:\/\/www.markt-kom.com\/wp-content\/uploads\/2024\/12\/09e95154-2e25-18db-f9b7-c2e76d96b5e2.png\" sizes=\"(max-width: 1200px) 100vw, 1200px\" srcset=\"https:\/\/www.markt-kom.com\/wp-content\/uploads\/2024\/12\/09e95154-2e25-18db-f9b7-c2e76d96b5e2.png 1200w, https:\/\/www.markt-kom.com\/wp-content\/uploads\/2024\/12\/09e95154-2e25-18db-f9b7-c2e76d96b5e2-600x338.png 600w, https:\/\/www.markt-kom.com\/wp-content\/uploads\/2024\/12\/09e95154-2e25-18db-f9b7-c2e76d96b5e2-1024x576.png 1024w, https:\/\/www.markt-kom.com\/wp-content\/uploads\/2024\/12\/09e95154-2e25-18db-f9b7-c2e76d96b5e2-768x432.png 768w, https:\/\/www.markt-kom.com\/wp-content\/uploads\/2024\/12\/09e95154-2e25-18db-f9b7-c2e76d96b5e2-18x10.png 18w, https:\/\/www.markt-kom.com\/wp-content\/uploads\/2024\/12\/09e95154-2e25-18db-f9b7-c2e76d96b5e2-311x175.png 311w, https:\/\/www.markt-kom.com\/wp-content\/uploads\/2024\/12\/09e95154-2e25-18db-f9b7-c2e76d96b5e2-622x350.png 622w, https:\/\/www.markt-kom.com\/wp-content\/uploads\/2024\/12\/09e95154-2e25-18db-f9b7-c2e76d96b5e2-1000x563.png 1000w\" alt=\"\" width=\"1200\" height=\"675\" \/><\/a><strong>Les tensions sociales en point de mire<\/strong><\/h3>\r\n<p>Le barom\u00e8tre de la justice du Beobachter, r\u00e9alis\u00e9 pour la premi\u00e8re fois en collaboration avec Coop Protection Juridique, offre un aper\u00e7u du sentiment subjectif d'injustice en Suisse. 5500 personnes de plus de 16 ans ont \u00e9t\u00e9 interrog\u00e9es. Les r\u00e9sultats donnent une image diff\u00e9renci\u00e9e : Alors qu'une petite majorit\u00e9 juge la vie en Suisse plut\u00f4t juste, une personne sur huit estime que la situation n'est \"pas du tout juste\". Le syst\u00e8me d'asile et le d\u00e9veloppement \u00e9conomique sont particuli\u00e8rement vis\u00e9s par les critiques. Environ la moiti\u00e9 des personnes interrog\u00e9es s'insurgent contre le fait que les \u00e9trangers d\u00e9linquants ne sont pas assez souvent expuls\u00e9s. Presque autant de personnes se plaignent de l'augmentation du co\u00fbt de la vie, que les salaires peinent \u00e0 suivre.<\/p>\r\n<h3><strong>Une confiance en l'\u00e9lite qui s'effrite<\/strong><\/h3>\r\n<p>Le barom\u00e8tre montre \u00e9galement que la confiance dans l'\u00c9tat, la politique et l'\u00e9conomie s'\u00e9rode. Beaucoup craignent que les int\u00e9r\u00eats de la collectivit\u00e9 ne soient plus suffisamment repr\u00e9sent\u00e9s par l'\u00e9lite. Parall\u00e8lement, les r\u00e9sultats mettent en lumi\u00e8re une multitude d'injustices syst\u00e9matiques qui sont fortement marqu\u00e9es par les perceptions individuelles et les attitudes politiques. La politologue Clo\u00e9 Jans le r\u00e9sume ainsi : \"Nous vivons une \u00e9poque polaris\u00e9e, cela se voit clairement\".<\/p>\r\n<h3><strong>Analyse annuelle pr\u00e9vue<\/strong><\/h3>\r\n<p>Afin d'observer en permanence les \u00e9volutions de la soci\u00e9t\u00e9, le barom\u00e8tre de la justice sera d\u00e9sormais r\u00e9alis\u00e9 chaque ann\u00e9e. L'institut de sondage GFS Berne est responsable de la r\u00e9alisation scientifique.<\/p>","protected":false},"excerpt":{"rendered":"<p>Qu'est-ce que les gens consid\u00e8rent comme injuste en Suisse ? Une nouvelle \u00e9tude du Beobachter le montre : Le manque d'expulsion des \u00e9trangers d\u00e9linquants d\u00e9range particuli\u00e8rement. Mais le d\u00e9veloppement \u00e9conomique suscite \u00e9galement le m\u00e9contentement.<\/p>","protected":false},"author":8,"featured_media":0,"comment_status":"closed","ping_status":"closed","sticky":false,"template":"","format":"standard","meta":{"_acf_changed":false,"_yoast_wpseo_focuskw":"Gerechtigkeits-Barometer","_yoast_wpseo_metadesc":"Neue Studie zeigt: Viele Schweizer empfinden mangelnde Ausschaffung straff\u00e4lliger Ausl\u00e4nder und wirtschaftliche Entwicklung als ungerecht.","articlekey":"","footnotes":""},"categories":[29],"tags":[4598,4343],"class_list":["post-34536","post","type-post","status-publish","format-standard","hentry","category-marketing","tag-beobachter","tag-markom"],"acf":[],"yoast_head":"<!-- This site is optimized with the Yoast SEO plugin v27.5 - https:\/\/yoast.com\/product\/yoast-seo-wordpress\/ -->\n<title>Ungerechtigkeit spaltet die Schweiz: Gerechtigkeits-Barometer liefert Einblicke - Organisator<\/title>\n<meta name=\"description\" content=\"Neue Studie zeigt: Viele Schweizer empfinden mangelnde Ausschaffung straff\u00e4lliger Ausl\u00e4nder und wirtschaftliche Entwicklung als ungerecht.\" \/>\n<meta name=\"robots\" content=\"index, follow, max-snippet:-1, max-image-preview:large, max-video-preview:-1\" \/>\n<link rel=\"canonical\" href=\"https:\/\/www.organisator.ch\/fr\/marketing\/2024-12-09\/ungerechtigkeit-spaltet-die-schweiz-gerechtigkeits-barometer-liefert-einblicke\/\" \/>\n<meta property=\"og:locale\" content=\"fr_FR\" \/>\n<meta property=\"og:type\" content=\"article\" \/>\n<meta property=\"og:title\" content=\"Ungerechtigkeit spaltet die Schweiz: Gerechtigkeits-Barometer liefert Einblicke - Organisator\" \/>\n<meta property=\"og:description\" content=\"Neue Studie zeigt: Viele Schweizer empfinden mangelnde Ausschaffung straff\u00e4lliger Ausl\u00e4nder und wirtschaftliche Entwicklung als ungerecht.\" \/>\n<meta property=\"og:url\" content=\"https:\/\/www.organisator.ch\/fr\/marketing\/2024-12-09\/ungerechtigkeit-spaltet-die-schweiz-gerechtigkeits-barometer-liefert-einblicke\/\" \/>\n<meta property=\"og:site_name\" content=\"Organisator\" \/>\n<meta property=\"article:publisher\" content=\"https:\/\/www.facebook.com\/OrganisatorFachmagazin\" \/>\n<meta property=\"article:published_time\" content=\"2024-12-09T09:10:57+00:00\" \/>\n<meta property=\"article:modified_time\" content=\"2024-12-09T10:54:36+00:00\" \/>\n<meta name=\"author\" content=\"galledia\" \/>\n<meta name=\"twitter:card\" content=\"summary_large_image\" \/>\n<meta name=\"twitter:creator\" content=\"@admin\" \/>\n<script type=\"application\/ld+json\" class=\"yoast-schema-graph\">{\"@context\":\"https:\\\/\\\/schema.org\",\"@graph\":[{\"@type\":\"Article\",\"@id\":\"https:\\\/\\\/www.organisator.ch\\\/marketing\\\/2024-12-09\\\/ungerechtigkeit-spaltet-die-schweiz-gerechtigkeits-barometer-liefert-einblicke\\\/#article\",\"isPartOf\":{\"@id\":\"https:\\\/\\\/www.organisator.ch\\\/marketing\\\/2024-12-09\\\/ungerechtigkeit-spaltet-die-schweiz-gerechtigkeits-barometer-liefert-einblicke\\\/\"},\"author\":{\"name\":\"galledia\",\"@id\":\"https:\\\/\\\/www.organisator.ch\\\/#\\\/schema\\\/person\\\/4e51799071cd2dd1232ac003643ef5f0\"},\"headline\":\"Ungerechtigkeit spaltet die Schweiz: Gerechtigkeits-Barometer liefert Einblicke\",\"datePublished\":\"2024-12-09T09:10:57+00:00\",\"dateModified\":\"2024-12-09T10:54:36+00:00\",\"mainEntityOfPage\":{\"@id\":\"https:\\\/\\\/www.organisator.ch\\\/marketing\\\/2024-12-09\\\/ungerechtigkeit-spaltet-die-schweiz-gerechtigkeits-barometer-liefert-einblicke\\\/\"},\"wordCount\":219,\"publisher\":{\"@id\":\"https:\\\/\\\/www.organisator.ch\\\/#organization\"},\"image\":{\"@id\":\"https:\\\/\\\/www.organisator.ch\\\/marketing\\\/2024-12-09\\\/ungerechtigkeit-spaltet-die-schweiz-gerechtigkeits-barometer-liefert-einblicke\\\/#primaryimage\"},\"thumbnailUrl\":\"https:\\\/\\\/www.markt-kom.com\\\/wp-content\\\/uploads\\\/2024\\\/12\\\/09e95154-2e25-18db-f9b7-c2e76d96b5e2.png\",\"keywords\":[\"Beobachter\",\"MarKom\"],\"articleSection\":[\"MARKETING\"],\"inLanguage\":\"fr-FR\"},{\"@type\":\"WebPage\",\"@id\":\"https:\\\/\\\/www.organisator.ch\\\/marketing\\\/2024-12-09\\\/ungerechtigkeit-spaltet-die-schweiz-gerechtigkeits-barometer-liefert-einblicke\\\/\",\"url\":\"https:\\\/\\\/www.organisator.ch\\\/marketing\\\/2024-12-09\\\/ungerechtigkeit-spaltet-die-schweiz-gerechtigkeits-barometer-liefert-einblicke\\\/\",\"name\":\"Ungerechtigkeit spaltet die Schweiz: Gerechtigkeits-Barometer liefert Einblicke - Organisator\",\"isPartOf\":{\"@id\":\"https:\\\/\\\/www.organisator.ch\\\/#website\"},\"primaryImageOfPage\":{\"@id\":\"https:\\\/\\\/www.organisator.ch\\\/marketing\\\/2024-12-09\\\/ungerechtigkeit-spaltet-die-schweiz-gerechtigkeits-barometer-liefert-einblicke\\\/#primaryimage\"},\"image\":{\"@id\":\"https:\\\/\\\/www.organisator.ch\\\/marketing\\\/2024-12-09\\\/ungerechtigkeit-spaltet-die-schweiz-gerechtigkeits-barometer-liefert-einblicke\\\/#primaryimage\"},\"thumbnailUrl\":\"https:\\\/\\\/www.markt-kom.com\\\/wp-content\\\/uploads\\\/2024\\\/12\\\/09e95154-2e25-18db-f9b7-c2e76d96b5e2.png\",\"datePublished\":\"2024-12-09T09:10:57+00:00\",\"dateModified\":\"2024-12-09T10:54:36+00:00\",\"description\":\"Neue Studie zeigt: Viele Schweizer empfinden mangelnde Ausschaffung straff\u00e4lliger Ausl\u00e4nder und wirtschaftliche Entwicklung als ungerecht.\",\"breadcrumb\":{\"@id\":\"https:\\\/\\\/www.organisator.ch\\\/marketing\\\/2024-12-09\\\/ungerechtigkeit-spaltet-die-schweiz-gerechtigkeits-barometer-liefert-einblicke\\\/#breadcrumb\"},\"inLanguage\":\"fr-FR\",\"potentialAction\":[{\"@type\":\"ReadAction\",\"target\":[\"https:\\\/\\\/www.organisator.ch\\\/marketing\\\/2024-12-09\\\/ungerechtigkeit-spaltet-die-schweiz-gerechtigkeits-barometer-liefert-einblicke\\\/\"]}]},{\"@type\":\"ImageObject\",\"inLanguage\":\"fr-FR\",\"@id\":\"https:\\\/\\\/www.organisator.ch\\\/marketing\\\/2024-12-09\\\/ungerechtigkeit-spaltet-die-schweiz-gerechtigkeits-barometer-liefert-einblicke\\\/#primaryimage\",\"url\":\"https:\\\/\\\/www.markt-kom.com\\\/wp-content\\\/uploads\\\/2024\\\/12\\\/09e95154-2e25-18db-f9b7-c2e76d96b5e2.png\",\"contentUrl\":\"https:\\\/\\\/www.markt-kom.com\\\/wp-content\\\/uploads\\\/2024\\\/12\\\/09e95154-2e25-18db-f9b7-c2e76d96b5e2.png\"},{\"@type\":\"BreadcrumbList\",\"@id\":\"https:\\\/\\\/www.organisator.ch\\\/marketing\\\/2024-12-09\\\/ungerechtigkeit-spaltet-die-schweiz-gerechtigkeits-barometer-liefert-einblicke\\\/#breadcrumb\",\"itemListElement\":[{\"@type\":\"ListItem\",\"position\":1,\"name\":\"Home\",\"item\":\"https:\\\/\\\/www.organisator.ch\\\/\"},{\"@type\":\"ListItem\",\"position\":2,\"name\":\"Ungerechtigkeit spaltet die Schweiz: Gerechtigkeits-Barometer liefert Einblicke\"}]},{\"@type\":\"WebSite\",\"@id\":\"https:\\\/\\\/www.organisator.ch\\\/#website\",\"url\":\"https:\\\/\\\/www.organisator.ch\\\/\",\"name\":\"Organisator\",\"description\":\"Kompetent. Praxisnah. Der ORGANISATOR bereitet in 10 Ausgaben pro Jahr die wesentlichen Themen f\u00fcr F\u00fchrungskr\u00e4fte von KMU auf.\",\"publisher\":{\"@id\":\"https:\\\/\\\/www.organisator.ch\\\/#organization\"},\"potentialAction\":[{\"@type\":\"SearchAction\",\"target\":{\"@type\":\"EntryPoint\",\"urlTemplate\":\"https:\\\/\\\/www.organisator.ch\\\/?s={search_term_string}\"},\"query-input\":{\"@type\":\"PropertyValueSpecification\",\"valueRequired\":true,\"valueName\":\"search_term_string\"}}],\"inLanguage\":\"fr-FR\"},{\"@type\":\"Organization\",\"@id\":\"https:\\\/\\\/www.organisator.ch\\\/#organization\",\"name\":\"Organisator\",\"url\":\"https:\\\/\\\/www.organisator.ch\\\/\",\"logo\":{\"@type\":\"ImageObject\",\"inLanguage\":\"fr-FR\",\"@id\":\"https:\\\/\\\/www.organisator.ch\\\/#\\\/schema\\\/logo\\\/image\\\/\",\"url\":\"https:\\\/\\\/www.organisator.ch\\\/wp-content\\\/uploads\\\/2022\\\/01\\\/Logo_Organisator_Website.png\",\"contentUrl\":\"https:\\\/\\\/www.organisator.ch\\\/wp-content\\\/uploads\\\/2022\\\/01\\\/Logo_Organisator_Website.png\",\"width\":800,\"height\":77,\"caption\":\"Organisator\"},\"image\":{\"@id\":\"https:\\\/\\\/www.organisator.ch\\\/#\\\/schema\\\/logo\\\/image\\\/\"},\"sameAs\":[\"https:\\\/\\\/www.facebook.com\\\/OrganisatorFachmagazin\",\"https:\\\/\\\/www.linkedin.com\\\/showcase\\\/organisator-das-magazin-fr-kmu\",\"https:\\\/\\\/www.xing.com\\\/news\\\/pages\\\/organisator-ch-695\",\"https:\\\/\\\/www.youtube.com\\\/channel\\\/UCGP2Sq0iWaZwT3BdIAQFYpw\"]},{\"@type\":\"Person\",\"@id\":\"https:\\\/\\\/www.organisator.ch\\\/#\\\/schema\\\/person\\\/4e51799071cd2dd1232ac003643ef5f0\",\"name\":\"galledia\",\"image\":{\"@type\":\"ImageObject\",\"inLanguage\":\"fr-FR\",\"@id\":\"https:\\\/\\\/secure.gravatar.com\\\/avatar\\\/78a7f90c01fc2bfc875782a0d4922b37cde2cf184ce347b91316d23cd7f69a36?s=96&d=mm&r=g\",\"url\":\"https:\\\/\\\/secure.gravatar.com\\\/avatar\\\/78a7f90c01fc2bfc875782a0d4922b37cde2cf184ce347b91316d23cd7f69a36?s=96&d=mm&r=g\",\"contentUrl\":\"https:\\\/\\\/secure.gravatar.com\\\/avatar\\\/78a7f90c01fc2bfc875782a0d4922b37cde2cf184ce347b91316d23cd7f69a36?s=96&d=mm&r=g\",\"caption\":\"galledia\"},\"sameAs\":[\"https:\\\/\\\/x.com\\\/admin\"],\"url\":\"https:\\\/\\\/www.organisator.ch\\\/fr\\\/author\\\/galledia\\\/\"}]}<\/script>\n<!-- \/ Yoast SEO plugin. -->","yoast_head_json":{"title":"L'injustice divise la Suisse : le barom\u00e8tre de la justice donne un aper\u00e7u - Organisateur","description":"Une nouvelle \u00e9tude montre que de nombreux Suisses estiment que le manque d'expulsion des \u00e9trangers d\u00e9linquants et le d\u00e9veloppement \u00e9conomique sont injustes.","robots":{"index":"index","follow":"follow","max-snippet":"max-snippet:-1","max-image-preview":"max-image-preview:large","max-video-preview":"max-video-preview:-1"},"canonical":"https:\/\/www.organisator.ch\/fr\/marketing\/2024-12-09\/ungerechtigkeit-spaltet-die-schweiz-gerechtigkeits-barometer-liefert-einblicke\/","og_locale":"fr_FR","og_type":"article","og_title":"Ungerechtigkeit spaltet die Schweiz: Gerechtigkeits-Barometer liefert Einblicke - Organisator","og_description":"Neue Studie zeigt: Viele Schweizer empfinden mangelnde Ausschaffung straff\u00e4lliger Ausl\u00e4nder und wirtschaftliche Entwicklung als ungerecht.","og_url":"https:\/\/www.organisator.ch\/fr\/marketing\/2024-12-09\/ungerechtigkeit-spaltet-die-schweiz-gerechtigkeits-barometer-liefert-einblicke\/","og_site_name":"Organisator","article_publisher":"https:\/\/www.facebook.com\/OrganisatorFachmagazin","article_published_time":"2024-12-09T09:10:57+00:00","article_modified_time":"2024-12-09T10:54:36+00:00","author":"galledia","twitter_card":"summary_large_image","twitter_creator":"@admin","schema":{"@context":"https:\/\/schema.org","@graph":[{"@type":"Article","@id":"https:\/\/www.organisator.ch\/marketing\/2024-12-09\/ungerechtigkeit-spaltet-die-schweiz-gerechtigkeits-barometer-liefert-einblicke\/#article","isPartOf":{"@id":"https:\/\/www.organisator.ch\/marketing\/2024-12-09\/ungerechtigkeit-spaltet-die-schweiz-gerechtigkeits-barometer-liefert-einblicke\/"},"author":{"name":"galledia","@id":"https:\/\/www.organisator.ch\/#\/schema\/person\/4e51799071cd2dd1232ac003643ef5f0"},"headline":"Ungerechtigkeit spaltet die Schweiz: Gerechtigkeits-Barometer liefert Einblicke","datePublished":"2024-12-09T09:10:57+00:00","dateModified":"2024-12-09T10:54:36+00:00","mainEntityOfPage":{"@id":"https:\/\/www.organisator.ch\/marketing\/2024-12-09\/ungerechtigkeit-spaltet-die-schweiz-gerechtigkeits-barometer-liefert-einblicke\/"},"wordCount":219,"publisher":{"@id":"https:\/\/www.organisator.ch\/#organization"},"image":{"@id":"https:\/\/www.organisator.ch\/marketing\/2024-12-09\/ungerechtigkeit-spaltet-die-schweiz-gerechtigkeits-barometer-liefert-einblicke\/#primaryimage"},"thumbnailUrl":"https:\/\/www.markt-kom.com\/wp-content\/uploads\/2024\/12\/09e95154-2e25-18db-f9b7-c2e76d96b5e2.png","keywords":["Beobachter","MarKom"],"articleSection":["MARKETING"],"inLanguage":"fr-FR"},{"@type":"WebPage","@id":"https:\/\/www.organisator.ch\/marketing\/2024-12-09\/ungerechtigkeit-spaltet-die-schweiz-gerechtigkeits-barometer-liefert-einblicke\/","url":"https:\/\/www.organisator.ch\/marketing\/2024-12-09\/ungerechtigkeit-spaltet-die-schweiz-gerechtigkeits-barometer-liefert-einblicke\/","name":"L'injustice divise la Suisse : le barom\u00e8tre de la justice donne un aper\u00e7u - Organisateur","isPartOf":{"@id":"https:\/\/www.organisator.ch\/#website"},"primaryImageOfPage":{"@id":"https:\/\/www.organisator.ch\/marketing\/2024-12-09\/ungerechtigkeit-spaltet-die-schweiz-gerechtigkeits-barometer-liefert-einblicke\/#primaryimage"},"image":{"@id":"https:\/\/www.organisator.ch\/marketing\/2024-12-09\/ungerechtigkeit-spaltet-die-schweiz-gerechtigkeits-barometer-liefert-einblicke\/#primaryimage"},"thumbnailUrl":"https:\/\/www.markt-kom.com\/wp-content\/uploads\/2024\/12\/09e95154-2e25-18db-f9b7-c2e76d96b5e2.png","datePublished":"2024-12-09T09:10:57+00:00","dateModified":"2024-12-09T10:54:36+00:00","description":"Une nouvelle \u00e9tude montre que de nombreux Suisses estiment que le manque d'expulsion des \u00e9trangers d\u00e9linquants et le d\u00e9veloppement \u00e9conomique sont injustes.","breadcrumb":{"@id":"https:\/\/www.organisator.ch\/marketing\/2024-12-09\/ungerechtigkeit-spaltet-die-schweiz-gerechtigkeits-barometer-liefert-einblicke\/#breadcrumb"},"inLanguage":"fr-FR","potentialAction":[{"@type":"ReadAction","target":["https:\/\/www.organisator.ch\/marketing\/2024-12-09\/ungerechtigkeit-spaltet-die-schweiz-gerechtigkeits-barometer-liefert-einblicke\/"]}]},{"@type":"ImageObject","inLanguage":"fr-FR","@id":"https:\/\/www.organisator.ch\/marketing\/2024-12-09\/ungerechtigkeit-spaltet-die-schweiz-gerechtigkeits-barometer-liefert-einblicke\/#primaryimage","url":"https:\/\/www.markt-kom.com\/wp-content\/uploads\/2024\/12\/09e95154-2e25-18db-f9b7-c2e76d96b5e2.png","contentUrl":"https:\/\/www.markt-kom.com\/wp-content\/uploads\/2024\/12\/09e95154-2e25-18db-f9b7-c2e76d96b5e2.png"},{"@type":"BreadcrumbList","@id":"https:\/\/www.organisator.ch\/marketing\/2024-12-09\/ungerechtigkeit-spaltet-die-schweiz-gerechtigkeits-barometer-liefert-einblicke\/#breadcrumb","itemListElement":[{"@type":"ListItem","position":1,"name":"Home","item":"https:\/\/www.organisator.ch\/"},{"@type":"ListItem","position":2,"name":"Ungerechtigkeit spaltet die Schweiz: Gerechtigkeits-Barometer liefert Einblicke"}]},{"@type":"WebSite","@id":"https:\/\/www.organisator.ch\/#website","url":"https:\/\/www.organisator.ch\/","name":"Organisateur","description":"Comp\u00e9tence et comp\u00e9tence. Proches de la pratique. L'ORGANISATEUR pr\u00e9pare 10 num\u00e9ros par an sur les th\u00e8mes essentiels pour les dirigeants de PME.","publisher":{"@id":"https:\/\/www.organisator.ch\/#organization"},"potentialAction":[{"@type":"SearchAction","target":{"@type":"EntryPoint","urlTemplate":"https:\/\/www.organisator.ch\/?s={search_term_string}"},"query-input":{"@type":"PropertyValueSpecification","valueRequired":true,"valueName":"search_term_string"}}],"inLanguage":"fr-FR"},{"@type":"Organization","@id":"https:\/\/www.organisator.ch\/#organization","name":"Organisateur","url":"https:\/\/www.organisator.ch\/","logo":{"@type":"ImageObject","inLanguage":"fr-FR","@id":"https:\/\/www.organisator.ch\/#\/schema\/logo\/image\/","url":"https:\/\/www.organisator.ch\/wp-content\/uploads\/2022\/01\/Logo_Organisator_Website.png","contentUrl":"https:\/\/www.organisator.ch\/wp-content\/uploads\/2022\/01\/Logo_Organisator_Website.png","width":800,"height":77,"caption":"Organisator"},"image":{"@id":"https:\/\/www.organisator.ch\/#\/schema\/logo\/image\/"},"sameAs":["https:\/\/www.facebook.com\/OrganisatorFachmagazin","https:\/\/www.linkedin.com\/showcase\/organisator-das-magazin-fr-kmu","https:\/\/www.xing.com\/news\/pages\/organisator-ch-695","https:\/\/www.youtube.com\/channel\/UCGP2Sq0iWaZwT3BdIAQFYpw"]},{"@type":"Person","@id":"https:\/\/www.organisator.ch\/#\/schema\/person\/4e51799071cd2dd1232ac003643ef5f0","name":"galledia","image":{"@type":"ImageObject","inLanguage":"fr-FR","@id":"https:\/\/secure.gravatar.com\/avatar\/78a7f90c01fc2bfc875782a0d4922b37cde2cf184ce347b91316d23cd7f69a36?s=96&d=mm&r=g","url":"https:\/\/secure.gravatar.com\/avatar\/78a7f90c01fc2bfc875782a0d4922b37cde2cf184ce347b91316d23cd7f69a36?s=96&d=mm&r=g","contentUrl":"https:\/\/secure.gravatar.com\/avatar\/78a7f90c01fc2bfc875782a0d4922b37cde2cf184ce347b91316d23cd7f69a36?s=96&d=mm&r=g","caption":"galledia"},"sameAs":["https:\/\/x.com\/admin"],"url":"https:\/\/www.organisator.ch\/fr\/author\/galledia\/"}]}},"_links":{"self":[{"href":"https:\/\/www.organisator.ch\/fr\/wp-json\/wp\/v2\/posts\/34536","targetHints":{"allow":["GET"]}}],"collection":[{"href":"https:\/\/www.organisator.ch\/fr\/wp-json\/wp\/v2\/posts"}],"about":[{"href":"https:\/\/www.organisator.ch\/fr\/wp-json\/wp\/v2\/types\/post"}],"author":[{"embeddable":true,"href":"https:\/\/www.organisator.ch\/fr\/wp-json\/wp\/v2\/users\/8"}],"replies":[{"embeddable":true,"href":"https:\/\/www.organisator.ch\/fr\/wp-json\/wp\/v2\/comments?post=34536"}],"version-history":[{"count":3,"href":"https:\/\/www.organisator.ch\/fr\/wp-json\/wp\/v2\/posts\/34536\/revisions"}],"predecessor-version":[{"id":34539,"href":"https:\/\/www.organisator.ch\/fr\/wp-json\/wp\/v2\/posts\/34536\/revisions\/34539"}],"wp:attachment":[{"href":"https:\/\/www.organisator.ch\/fr\/wp-json\/wp\/v2\/media?parent=34536"}],"wp:term":[{"taxonomy":"category","embeddable":true,"href":"https:\/\/www.organisator.ch\/fr\/wp-json\/wp\/v2\/categories?post=34536"},{"taxonomy":"post_tag","embeddable":true,"href":"https:\/\/www.organisator.ch\/fr\/wp-json\/wp\/v2\/tags?post=34536"}],"curies":[{"name":"wp","href":"https:\/\/api.w.org\/{rel}","templated":true}]}}