{"id":34545,"date":"2024-12-09T13:11:49","date_gmt":"2024-12-09T12:11:49","guid":{"rendered":"https:\/\/www.organisator.ch\/?p=34545"},"modified":"2024-12-09T13:11:49","modified_gmt":"2024-12-09T12:11:49","slug":"verwaltungsraete-in-schweizer-kmu-wenig-diversitaet-hohe-stabilitaet","status":"publish","type":"post","link":"https:\/\/www.organisator.ch\/fr\/management\/2024-12-09\/verwaltungsraete-in-schweizer-kmu-wenig-diversitaet-hohe-stabilitaet\/","title":{"rendered":"Les conseils d'administration des PME suisses : peu de diversit\u00e9, une grande stabilit\u00e9"},"content":{"rendered":"<figure id=\"attachment_34546\" aria-describedby=\"caption-attachment-34546\" style=\"width: 680px\" class=\"wp-caption alignnone\"><img loading=\"lazy\" decoding=\"async\" class=\"wp-image-34546 size-full\" src=\"https:\/\/www.organisator.ch\/wp-content\/uploads\/2024\/12\/KMU_Bild1_ps.jpg\" alt=\"\" width=\"680\" height=\"368\" srcset=\"https:\/\/www.organisator.ch\/wp-content\/uploads\/2024\/12\/KMU_Bild1_ps.jpg 680w, https:\/\/www.organisator.ch\/wp-content\/uploads\/2024\/12\/KMU_Bild1_ps-18x10.jpg 18w, https:\/\/www.organisator.ch\/wp-content\/uploads\/2024\/12\/KMU_Bild1_ps-375x203.jpg 375w, https:\/\/www.organisator.ch\/wp-content\/uploads\/2024\/12\/KMU_Bild1_ps-647x350.jpg 647w\" sizes=\"auto, (max-width: 680px) 100vw, 680px\" \/><figcaption id=\"caption-attachment-34546\" class=\"wp-caption-text\">Une nouvelle \u00e9tude de l'Universit\u00e9 de Zurich montre une faible diversit\u00e9 et une grande stabilit\u00e9 dans les conseils d'administration des PME suisses. (Image : UZH)<\/figcaption><\/figure>\n<p>L'\u00e9tude se base sur une analyse de plus de 28'000 PME suisses et fournit des informations d\u00e9taill\u00e9es sur les principales caract\u00e9ristiques des conseils d'administration, notamment la taille du conseil, la r\u00e9partition des sexes et des nationalit\u00e9s, la dualit\u00e9 des CEO ainsi que la dur\u00e9e des mandats des membres du conseil d'administration. L'auteur de l'\u00e9tude est Angelo Antonio Di Feo de l'Universit\u00e9 de Zurich.<\/p>\n<h3><strong>Principales conclusions de l'\u00e9tude<\/strong><\/h3>\n<ol>\n<li><strong>Les petits conseils d'administration dominent :<\/strong> Pr\u00e8s de 90% des PME \u00e9tudi\u00e9es ont des conseils d'administration compos\u00e9s de quatre membres au maximum. Les petites entreprises en particulier misent sur des CA compos\u00e9s d'un ou deux membres seulement. Cela indique une forte concentration des responsabilit\u00e9s de gestion, qui sont souvent assum\u00e9es par les propri\u00e9taires eux-m\u00eames.<\/li>\n<li><strong>Manque de femmes dans les conseils d'administration :<\/strong> Les femmes ne repr\u00e9sentent en moyenne que 20% des membres des conseils d'administration. La proportion de femmes varie fortement selon le secteur : dans les secteurs ax\u00e9s sur la technologie, comme les services informatiques, la proportion de femmes n'est que de 9,3%, tandis que les entreprises de services sociaux affichent les chiffres les plus \u00e9lev\u00e9s, avec une proportion de 29,2%. Ces chiffres mettent en \u00e9vidence les lacunes existantes en mati\u00e8re de diversit\u00e9 pour une plus grande repr\u00e9sentation des femmes dans les organes de direction.<\/li>\n<li><strong>Faible diversit\u00e9 internationale :<\/strong> Seuls environ 10% des membres du CA n'ont pas la nationalit\u00e9 suisse. La proportion d'administrateurs \u00e9trangers reste globalement faible, avec une augmentation dans les r\u00e9gions frontali\u00e8res, comme le Tessin, o\u00f9 la proximit\u00e9 avec l'Italie entra\u00eene une plus grande proportion de membres internationaux du CA.<\/li>\n<li><strong>Stabilit\u00e9 \u00e0 long terme des conseils d'administration :<\/strong> La dur\u00e9e moyenne du mandat des membres du conseil d'administration est de 8,3 ans, ce qui indique une participation de certains membres du conseil d'administration, mais aussi une forte stabilit\u00e9 et une longue exp\u00e9rience au sein des organes. Il est int\u00e9ressant de constater que les entreprises plus anciennes ont tendance \u00e0 employer des administrateurs plus \u00e2g\u00e9s, ce qui indique une participation de certains membres du CA, mais aussi une continuit\u00e9 et une tradition renforc\u00e9es dans la gestion de l'entreprise.<\/li>\n<\/ol>\n<h3><strong>La diversit\u00e9, un d\u00e9fi pour les PME<\/strong><\/h3>\n<p>\"Notre analyse montre que les conseils d'administration des PME suisses sont nettement plus homog\u00e8nes et plus petits que ceux des entreprises cot\u00e9es en bourse. Cela soul\u00e8ve la question de savoir si des mesures cibl\u00e9es visant \u00e0 promouvoir la diversit\u00e9, notamment en termes de genre, d'\u00e2ge et de nationalit\u00e9, pourraient non seulement renforcer la gouvernance, mais aussi favoriser le succ\u00e8s \u00e0 long terme des PME\", explique Angelo Antonio Di Feo, auteur de l'\u00e9tude. Les r\u00e9sultats de l'\u00e9tude pourraient servir de base pr\u00e9cieuse \u00e0 un d\u00e9bat plus large sur les normes de gouvernance et la diversit\u00e9 dans le paysage des PME. Les d\u00e9cideurs politiques, les associations professionnelles et les entreprises pourraient utiliser les connaissances acquises pour d\u00e9velopper des initiatives cibl\u00e9es en faveur de la diversit\u00e9, qui contribueraient \u00e0 une culture de gouvernance plus forte et plus durable dans les PME.<\/p>\n<h3><strong>Diff\u00e9rences r\u00e9gionales et sectorielles<\/strong><\/h3>\n<p>L'\u00e9tude r\u00e9v\u00e8le des diff\u00e9rences frappantes dans la composition des conseils d'administration, en fonction de la situation g\u00e9ographique et du secteur d'activit\u00e9 des entreprises.<\/p>\n<ul>\n<li>Les diff\u00e9rences r\u00e9gionales : C'est au Tessin que les conseils d'administration sont les plus internationaux, avec une proportion de 21,4% de membres \u00e9trangers. Dans la r\u00e9gion Espace Mittelland, cette proportion n'est que de 8,4%.<\/li>\n<li>Diff\u00e9rences sectorielles : la proportion de femmes membres de conseils d'administration varie fortement d'un secteur \u00e0 l'autre. Dans l'administration publique et les services sociaux, la proportion de femmes est de 29,2%, alors qu'elle n'atteint que 9,3% dans le secteur des services informatiques. La dualit\u00e9 des CEO montre \u00e9galement de fortes diff\u00e9rences sectorielles : Dans la construction, une personne assume \u00e0 la fois le r\u00f4le de CEO et de pr\u00e9sident du CA dans 66,5% des cas. L'industrie, avec la valeur la plus basse (mati\u00e8res premi\u00e8res et \u00e9nergie), ne pr\u00e9sente que 27,5% de dualit\u00e9 de CEO.<\/li>\n<\/ul>\n<h3><strong>Comparaison avec les entreprises cot\u00e9es en bourse<\/strong><\/h3>\n<p>Les conseils d'administration des PME se distinguent nettement de ceux des grandes entreprises cot\u00e9es en bourse. Ils sont g\u00e9n\u00e9ralement plus petits et plus homog\u00e8nes, et les caract\u00e9ristiques de diversit\u00e9 telles que le sexe et la nationalit\u00e9 y sont nettement moins marqu\u00e9es. En comparaison, les entreprises du Swiss Market Index (SMI) ont une proportion de femmes d'environ 35% dans leurs conseils d'administration, ce qui est nettement plus \u00e9lev\u00e9 que la valeur dans les PME.<\/p>\n<p>\"Notre \u00e9tude montre comment les sp\u00e9cificit\u00e9s r\u00e9gionales et sectorielles fa\u00e7onnent les structures de gouvernance des PME. Les conclusions fournissent de pr\u00e9cieuses impulsions pour le d\u00e9veloppement de mesures cibl\u00e9es qui pourraient aider les PME \u00e0 accro\u00eetre encore la diversit\u00e9 au sein de leurs organes de direction\", poursuit Di Feo.<\/p>\n<p><em>Source : <a href=\"http:\/\/www.uzh.ch\">www.uzh.ch<\/a><\/em><\/p>","protected":false},"excerpt":{"rendered":"<p>Faible diversit\u00e9 et grande stabilit\u00e9 : c'est ainsi que l'on peut r\u00e9sumer la composition des conseils d'administration des PME suisses, selon une nouvelle \u00e9tude r\u00e9alis\u00e9e \u00e0 l'Universit\u00e9 de Zurich. L'\u00e9tude fournit pour la premi\u00e8re fois un aper\u00e7u actuel, complet et d\u00e9taill\u00e9 de la pratique en mati\u00e8re de composition des conseils d'administration des petites et moyennes entreprises suisses. <\/p>","protected":false},"author":80,"featured_media":34546,"comment_status":"closed","ping_status":"closed","sticky":false,"template":"","format":"standard","meta":{"_acf_changed":false,"_yoast_wpseo_focuskw":"Verwaltungsr\u00e4te in KMU","_yoast_wpseo_metadesc":"Eine neue Studie der Universit\u00e4t Z\u00fcrich zeigt geringe Diversit\u00e4t und hohe Stabilit\u00e4t in Verwaltungsr\u00e4ten von Schweizer KMU.","articlekey":"","footnotes":""},"categories":[28],"tags":[301,424,459,2407,2471],"class_list":["post-34545","post","type-post","status-publish","format-standard","has-post-thumbnail","hentry","category-management","tag-kmu","tag-schweiz","tag-studie","tag-universitaet-zuerich","tag-verwaltungsrat"],"acf":[],"yoast_head":"<!-- This site is optimized with the Yoast SEO plugin v27.4 - https:\/\/yoast.com\/product\/yoast-seo-wordpress\/ -->\n<title>Verwaltungsr\u00e4te in Schweizer KMU: Wenig Diversit\u00e4t, hohe Stabilit\u00e4t - Organisator<\/title>\n<meta name=\"description\" content=\"Eine neue Studie der Universit\u00e4t Z\u00fcrich zeigt geringe Diversit\u00e4t und hohe Stabilit\u00e4t in Verwaltungsr\u00e4ten von Schweizer KMU.\" \/>\n<meta name=\"robots\" content=\"index, follow, max-snippet:-1, max-image-preview:large, max-video-preview:-1\" \/>\n<link rel=\"canonical\" href=\"https:\/\/www.organisator.ch\/fr\/gestion-2\/2024-12-09\/verwaltungsraete-in-schweizer-kmu-wenig-diversitaet-hohe-stabilitaet\/\" \/>\n<meta property=\"og:locale\" content=\"fr_FR\" \/>\n<meta property=\"og:type\" content=\"article\" \/>\n<meta property=\"og:title\" content=\"Verwaltungsr\u00e4te in Schweizer KMU: Wenig Diversit\u00e4t, hohe Stabilit\u00e4t\" \/>\n<meta property=\"og:description\" content=\"Eine neue Studie der Universit\u00e4t Z\u00fcrich zeigt geringe Diversit\u00e4t und hohe Stabilit\u00e4t in Verwaltungsr\u00e4ten von Schweizer KMU.\" \/>\n<meta property=\"og:url\" content=\"https:\/\/www.organisator.ch\/fr\/gestion-2\/2024-12-09\/verwaltungsraete-in-schweizer-kmu-wenig-diversitaet-hohe-stabilitaet\/\" \/>\n<meta property=\"og:site_name\" content=\"Organisator\" \/>\n<meta property=\"article:publisher\" content=\"https:\/\/www.facebook.com\/OrganisatorFachmagazin\" \/>\n<meta property=\"article:published_time\" content=\"2024-12-09T12:11:49+00:00\" \/>\n<meta property=\"og:image\" content=\"https:\/\/www.organisator.ch\/wp-content\/uploads\/2024\/12\/KMU_Bild1_ps.jpg\" \/>\n\t<meta property=\"og:image:width\" content=\"680\" \/>\n\t<meta property=\"og:image:height\" content=\"368\" \/>\n\t<meta property=\"og:image:type\" content=\"image\/jpeg\" \/>\n<meta name=\"author\" content=\"Dzana Muminovic\" \/>\n<meta name=\"twitter:card\" content=\"summary_large_image\" \/>\n<meta name=\"twitter:title\" content=\"Verwaltungsr\u00e4te in Schweizer KMU: Wenig Diversit\u00e4t, hohe Stabilit\u00e4t\" \/>\n<meta name=\"twitter:description\" content=\"Eine neue #Studie der #Universit\u00e4t #Z\u00fcrich zeigt geringe #Diversit\u00e4t und hohe #Stabilit\u00e4t in #Verwaltungsr\u00e4ten von #Schweizer #KMU.\" \/>\n<meta name=\"twitter:image\" content=\"https:\/\/www.organisator.ch\/wp-content\/uploads\/2024\/12\/KMU_Bild1_ps.jpg\" \/>\n<script type=\"application\/ld+json\" class=\"yoast-schema-graph\">{\"@context\":\"https:\\\/\\\/schema.org\",\"@graph\":[{\"@type\":\"Article\",\"@id\":\"https:\\\/\\\/www.organisator.ch\\\/management\\\/2024-12-09\\\/verwaltungsraete-in-schweizer-kmu-wenig-diversitaet-hohe-stabilitaet\\\/#article\",\"isPartOf\":{\"@id\":\"https:\\\/\\\/www.organisator.ch\\\/management\\\/2024-12-09\\\/verwaltungsraete-in-schweizer-kmu-wenig-diversitaet-hohe-stabilitaet\\\/\"},\"author\":{\"name\":\"Dzana Muminovic\",\"@id\":\"https:\\\/\\\/www.organisator.ch\\\/#\\\/schema\\\/person\\\/afccda3a71c06d4be2ed9100dd163db7\"},\"headline\":\"Verwaltungsr\u00e4te in Schweizer KMU: Wenig Diversit\u00e4t, hohe Stabilit\u00e4t\",\"datePublished\":\"2024-12-09T12:11:49+00:00\",\"mainEntityOfPage\":{\"@id\":\"https:\\\/\\\/www.organisator.ch\\\/management\\\/2024-12-09\\\/verwaltungsraete-in-schweizer-kmu-wenig-diversitaet-hohe-stabilitaet\\\/\"},\"wordCount\":702,\"publisher\":{\"@id\":\"https:\\\/\\\/www.organisator.ch\\\/#organization\"},\"image\":{\"@id\":\"https:\\\/\\\/www.organisator.ch\\\/management\\\/2024-12-09\\\/verwaltungsraete-in-schweizer-kmu-wenig-diversitaet-hohe-stabilitaet\\\/#primaryimage\"},\"thumbnailUrl\":\"https:\\\/\\\/www.organisator.ch\\\/wp-content\\\/uploads\\\/2024\\\/12\\\/KMU_Bild1_ps.jpg\",\"keywords\":[\"KMU\",\"Schweiz\",\"Studie\",\"Universit\u00e4t Z\u00fcrich\",\"Verwaltungsrat\"],\"articleSection\":[\"MANAGEMENT\"],\"inLanguage\":\"fr-FR\"},{\"@type\":\"WebPage\",\"@id\":\"https:\\\/\\\/www.organisator.ch\\\/management\\\/2024-12-09\\\/verwaltungsraete-in-schweizer-kmu-wenig-diversitaet-hohe-stabilitaet\\\/\",\"url\":\"https:\\\/\\\/www.organisator.ch\\\/management\\\/2024-12-09\\\/verwaltungsraete-in-schweizer-kmu-wenig-diversitaet-hohe-stabilitaet\\\/\",\"name\":\"Verwaltungsr\u00e4te in Schweizer KMU: Wenig Diversit\u00e4t, hohe Stabilit\u00e4t - Organisator\",\"isPartOf\":{\"@id\":\"https:\\\/\\\/www.organisator.ch\\\/#website\"},\"primaryImageOfPage\":{\"@id\":\"https:\\\/\\\/www.organisator.ch\\\/management\\\/2024-12-09\\\/verwaltungsraete-in-schweizer-kmu-wenig-diversitaet-hohe-stabilitaet\\\/#primaryimage\"},\"image\":{\"@id\":\"https:\\\/\\\/www.organisator.ch\\\/management\\\/2024-12-09\\\/verwaltungsraete-in-schweizer-kmu-wenig-diversitaet-hohe-stabilitaet\\\/#primaryimage\"},\"thumbnailUrl\":\"https:\\\/\\\/www.organisator.ch\\\/wp-content\\\/uploads\\\/2024\\\/12\\\/KMU_Bild1_ps.jpg\",\"datePublished\":\"2024-12-09T12:11:49+00:00\",\"description\":\"Eine neue Studie der Universit\u00e4t Z\u00fcrich zeigt geringe Diversit\u00e4t und hohe Stabilit\u00e4t in Verwaltungsr\u00e4ten von Schweizer KMU.\",\"breadcrumb\":{\"@id\":\"https:\\\/\\\/www.organisator.ch\\\/management\\\/2024-12-09\\\/verwaltungsraete-in-schweizer-kmu-wenig-diversitaet-hohe-stabilitaet\\\/#breadcrumb\"},\"inLanguage\":\"fr-FR\",\"potentialAction\":[{\"@type\":\"ReadAction\",\"target\":[\"https:\\\/\\\/www.organisator.ch\\\/management\\\/2024-12-09\\\/verwaltungsraete-in-schweizer-kmu-wenig-diversitaet-hohe-stabilitaet\\\/\"]}]},{\"@type\":\"ImageObject\",\"inLanguage\":\"fr-FR\",\"@id\":\"https:\\\/\\\/www.organisator.ch\\\/management\\\/2024-12-09\\\/verwaltungsraete-in-schweizer-kmu-wenig-diversitaet-hohe-stabilitaet\\\/#primaryimage\",\"url\":\"https:\\\/\\\/www.organisator.ch\\\/wp-content\\\/uploads\\\/2024\\\/12\\\/KMU_Bild1_ps.jpg\",\"contentUrl\":\"https:\\\/\\\/www.organisator.ch\\\/wp-content\\\/uploads\\\/2024\\\/12\\\/KMU_Bild1_ps.jpg\",\"width\":680,\"height\":368,\"caption\":\"Eine neue Studie der Universit\u00e4t Z\u00fcrich zeigt geringe Diversit\u00e4t und hohe Stabilit\u00e4t in Verwaltungsr\u00e4ten von Schweizer KMU. (Bild: UZH)\"},{\"@type\":\"BreadcrumbList\",\"@id\":\"https:\\\/\\\/www.organisator.ch\\\/management\\\/2024-12-09\\\/verwaltungsraete-in-schweizer-kmu-wenig-diversitaet-hohe-stabilitaet\\\/#breadcrumb\",\"itemListElement\":[{\"@type\":\"ListItem\",\"position\":1,\"name\":\"Home\",\"item\":\"https:\\\/\\\/www.organisator.ch\\\/\"},{\"@type\":\"ListItem\",\"position\":2,\"name\":\"Verwaltungsr\u00e4te in Schweizer KMU: Wenig Diversit\u00e4t, hohe Stabilit\u00e4t\"}]},{\"@type\":\"WebSite\",\"@id\":\"https:\\\/\\\/www.organisator.ch\\\/#website\",\"url\":\"https:\\\/\\\/www.organisator.ch\\\/\",\"name\":\"Organisator\",\"description\":\"Kompetent. Praxisnah. Der ORGANISATOR bereitet in 10 Ausgaben pro Jahr die wesentlichen Themen f\u00fcr F\u00fchrungskr\u00e4fte von KMU auf.\",\"publisher\":{\"@id\":\"https:\\\/\\\/www.organisator.ch\\\/#organization\"},\"potentialAction\":[{\"@type\":\"SearchAction\",\"target\":{\"@type\":\"EntryPoint\",\"urlTemplate\":\"https:\\\/\\\/www.organisator.ch\\\/?s={search_term_string}\"},\"query-input\":{\"@type\":\"PropertyValueSpecification\",\"valueRequired\":true,\"valueName\":\"search_term_string\"}}],\"inLanguage\":\"fr-FR\"},{\"@type\":\"Organization\",\"@id\":\"https:\\\/\\\/www.organisator.ch\\\/#organization\",\"name\":\"Organisator\",\"url\":\"https:\\\/\\\/www.organisator.ch\\\/\",\"logo\":{\"@type\":\"ImageObject\",\"inLanguage\":\"fr-FR\",\"@id\":\"https:\\\/\\\/www.organisator.ch\\\/#\\\/schema\\\/logo\\\/image\\\/\",\"url\":\"https:\\\/\\\/www.organisator.ch\\\/wp-content\\\/uploads\\\/2022\\\/01\\\/Logo_Organisator_Website.png\",\"contentUrl\":\"https:\\\/\\\/www.organisator.ch\\\/wp-content\\\/uploads\\\/2022\\\/01\\\/Logo_Organisator_Website.png\",\"width\":800,\"height\":77,\"caption\":\"Organisator\"},\"image\":{\"@id\":\"https:\\\/\\\/www.organisator.ch\\\/#\\\/schema\\\/logo\\\/image\\\/\"},\"sameAs\":[\"https:\\\/\\\/www.facebook.com\\\/OrganisatorFachmagazin\",\"https:\\\/\\\/www.linkedin.com\\\/showcase\\\/organisator-das-magazin-fr-kmu\",\"https:\\\/\\\/www.xing.com\\\/news\\\/pages\\\/organisator-ch-695\",\"https:\\\/\\\/www.youtube.com\\\/channel\\\/UCGP2Sq0iWaZwT3BdIAQFYpw\"]},{\"@type\":\"Person\",\"@id\":\"https:\\\/\\\/www.organisator.ch\\\/#\\\/schema\\\/person\\\/afccda3a71c06d4be2ed9100dd163db7\",\"name\":\"Dzana Muminovic\",\"image\":{\"@type\":\"ImageObject\",\"inLanguage\":\"fr-FR\",\"@id\":\"https:\\\/\\\/secure.gravatar.com\\\/avatar\\\/909c5c71aff4b38e88686f2ab2f1ba152571f394f41ed8bae431ea56ced93050?s=96&d=mm&r=g\",\"url\":\"https:\\\/\\\/secure.gravatar.com\\\/avatar\\\/909c5c71aff4b38e88686f2ab2f1ba152571f394f41ed8bae431ea56ced93050?s=96&d=mm&r=g\",\"contentUrl\":\"https:\\\/\\\/secure.gravatar.com\\\/avatar\\\/909c5c71aff4b38e88686f2ab2f1ba152571f394f41ed8bae431ea56ced93050?s=96&d=mm&r=g\",\"caption\":\"Dzana Muminovic\"},\"url\":\"https:\\\/\\\/www.organisator.ch\\\/fr\\\/author\\\/dzana-muminovic\\\/\"}]}<\/script>\n<!-- \/ Yoast SEO plugin. -->","yoast_head_json":{"title":"Conseils d'administration des PME suisses : peu de diversit\u00e9, grande stabilit\u00e9 - Organisateur","description":"Une nouvelle \u00e9tude de l'Universit\u00e9 de Zurich montre une faible diversit\u00e9 et une grande stabilit\u00e9 dans les conseils d'administration des PME suisses.","robots":{"index":"index","follow":"follow","max-snippet":"max-snippet:-1","max-image-preview":"max-image-preview:large","max-video-preview":"max-video-preview:-1"},"canonical":"https:\/\/www.organisator.ch\/fr\/gestion-2\/2024-12-09\/verwaltungsraete-in-schweizer-kmu-wenig-diversitaet-hohe-stabilitaet\/","og_locale":"fr_FR","og_type":"article","og_title":"Verwaltungsr\u00e4te in Schweizer KMU: Wenig Diversit\u00e4t, hohe Stabilit\u00e4t","og_description":"Eine neue Studie der Universit\u00e4t Z\u00fcrich zeigt geringe Diversit\u00e4t und hohe Stabilit\u00e4t in Verwaltungsr\u00e4ten von Schweizer KMU.","og_url":"https:\/\/www.organisator.ch\/fr\/gestion-2\/2024-12-09\/verwaltungsraete-in-schweizer-kmu-wenig-diversitaet-hohe-stabilitaet\/","og_site_name":"Organisator","article_publisher":"https:\/\/www.facebook.com\/OrganisatorFachmagazin","article_published_time":"2024-12-09T12:11:49+00:00","og_image":[{"width":680,"height":368,"url":"https:\/\/www.organisator.ch\/wp-content\/uploads\/2024\/12\/KMU_Bild1_ps.jpg","type":"image\/jpeg"}],"author":"Dzana Muminovic","twitter_card":"summary_large_image","twitter_title":"Verwaltungsr\u00e4te in Schweizer KMU: Wenig Diversit\u00e4t, hohe Stabilit\u00e4t","twitter_description":"Eine neue #Studie der #Universit\u00e4t #Z\u00fcrich zeigt geringe #Diversit\u00e4t und hohe #Stabilit\u00e4t in #Verwaltungsr\u00e4ten von #Schweizer #KMU.","twitter_image":"https:\/\/www.organisator.ch\/wp-content\/uploads\/2024\/12\/KMU_Bild1_ps.jpg","schema":{"@context":"https:\/\/schema.org","@graph":[{"@type":"Article","@id":"https:\/\/www.organisator.ch\/management\/2024-12-09\/verwaltungsraete-in-schweizer-kmu-wenig-diversitaet-hohe-stabilitaet\/#article","isPartOf":{"@id":"https:\/\/www.organisator.ch\/management\/2024-12-09\/verwaltungsraete-in-schweizer-kmu-wenig-diversitaet-hohe-stabilitaet\/"},"author":{"name":"Dzana Muminovic","@id":"https:\/\/www.organisator.ch\/#\/schema\/person\/afccda3a71c06d4be2ed9100dd163db7"},"headline":"Verwaltungsr\u00e4te in Schweizer KMU: Wenig Diversit\u00e4t, hohe Stabilit\u00e4t","datePublished":"2024-12-09T12:11:49+00:00","mainEntityOfPage":{"@id":"https:\/\/www.organisator.ch\/management\/2024-12-09\/verwaltungsraete-in-schweizer-kmu-wenig-diversitaet-hohe-stabilitaet\/"},"wordCount":702,"publisher":{"@id":"https:\/\/www.organisator.ch\/#organization"},"image":{"@id":"https:\/\/www.organisator.ch\/management\/2024-12-09\/verwaltungsraete-in-schweizer-kmu-wenig-diversitaet-hohe-stabilitaet\/#primaryimage"},"thumbnailUrl":"https:\/\/www.organisator.ch\/wp-content\/uploads\/2024\/12\/KMU_Bild1_ps.jpg","keywords":["KMU","Schweiz","Studie","Universit\u00e4t Z\u00fcrich","Verwaltungsrat"],"articleSection":["MANAGEMENT"],"inLanguage":"fr-FR"},{"@type":"WebPage","@id":"https:\/\/www.organisator.ch\/management\/2024-12-09\/verwaltungsraete-in-schweizer-kmu-wenig-diversitaet-hohe-stabilitaet\/","url":"https:\/\/www.organisator.ch\/management\/2024-12-09\/verwaltungsraete-in-schweizer-kmu-wenig-diversitaet-hohe-stabilitaet\/","name":"Conseils d'administration des PME suisses : peu de diversit\u00e9, grande stabilit\u00e9 - Organisateur","isPartOf":{"@id":"https:\/\/www.organisator.ch\/#website"},"primaryImageOfPage":{"@id":"https:\/\/www.organisator.ch\/management\/2024-12-09\/verwaltungsraete-in-schweizer-kmu-wenig-diversitaet-hohe-stabilitaet\/#primaryimage"},"image":{"@id":"https:\/\/www.organisator.ch\/management\/2024-12-09\/verwaltungsraete-in-schweizer-kmu-wenig-diversitaet-hohe-stabilitaet\/#primaryimage"},"thumbnailUrl":"https:\/\/www.organisator.ch\/wp-content\/uploads\/2024\/12\/KMU_Bild1_ps.jpg","datePublished":"2024-12-09T12:11:49+00:00","description":"Une nouvelle \u00e9tude de l'Universit\u00e9 de Zurich montre une faible diversit\u00e9 et une grande stabilit\u00e9 dans les conseils d'administration des PME suisses.","breadcrumb":{"@id":"https:\/\/www.organisator.ch\/management\/2024-12-09\/verwaltungsraete-in-schweizer-kmu-wenig-diversitaet-hohe-stabilitaet\/#breadcrumb"},"inLanguage":"fr-FR","potentialAction":[{"@type":"ReadAction","target":["https:\/\/www.organisator.ch\/management\/2024-12-09\/verwaltungsraete-in-schweizer-kmu-wenig-diversitaet-hohe-stabilitaet\/"]}]},{"@type":"ImageObject","inLanguage":"fr-FR","@id":"https:\/\/www.organisator.ch\/management\/2024-12-09\/verwaltungsraete-in-schweizer-kmu-wenig-diversitaet-hohe-stabilitaet\/#primaryimage","url":"https:\/\/www.organisator.ch\/wp-content\/uploads\/2024\/12\/KMU_Bild1_ps.jpg","contentUrl":"https:\/\/www.organisator.ch\/wp-content\/uploads\/2024\/12\/KMU_Bild1_ps.jpg","width":680,"height":368,"caption":"Eine neue Studie der Universit\u00e4t Z\u00fcrich zeigt geringe Diversit\u00e4t und hohe Stabilit\u00e4t in Verwaltungsr\u00e4ten von Schweizer KMU. (Bild: UZH)"},{"@type":"BreadcrumbList","@id":"https:\/\/www.organisator.ch\/management\/2024-12-09\/verwaltungsraete-in-schweizer-kmu-wenig-diversitaet-hohe-stabilitaet\/#breadcrumb","itemListElement":[{"@type":"ListItem","position":1,"name":"Home","item":"https:\/\/www.organisator.ch\/"},{"@type":"ListItem","position":2,"name":"Verwaltungsr\u00e4te in Schweizer KMU: Wenig Diversit\u00e4t, hohe Stabilit\u00e4t"}]},{"@type":"WebSite","@id":"https:\/\/www.organisator.ch\/#website","url":"https:\/\/www.organisator.ch\/","name":"Organisateur","description":"Comp\u00e9tence et comp\u00e9tence. Proches de la pratique. L'ORGANISATEUR pr\u00e9pare 10 num\u00e9ros par an sur les th\u00e8mes essentiels pour les dirigeants de PME.","publisher":{"@id":"https:\/\/www.organisator.ch\/#organization"},"potentialAction":[{"@type":"SearchAction","target":{"@type":"EntryPoint","urlTemplate":"https:\/\/www.organisator.ch\/?s={search_term_string}"},"query-input":{"@type":"PropertyValueSpecification","valueRequired":true,"valueName":"search_term_string"}}],"inLanguage":"fr-FR"},{"@type":"Organization","@id":"https:\/\/www.organisator.ch\/#organization","name":"Organisateur","url":"https:\/\/www.organisator.ch\/","logo":{"@type":"ImageObject","inLanguage":"fr-FR","@id":"https:\/\/www.organisator.ch\/#\/schema\/logo\/image\/","url":"https:\/\/www.organisator.ch\/wp-content\/uploads\/2022\/01\/Logo_Organisator_Website.png","contentUrl":"https:\/\/www.organisator.ch\/wp-content\/uploads\/2022\/01\/Logo_Organisator_Website.png","width":800,"height":77,"caption":"Organisator"},"image":{"@id":"https:\/\/www.organisator.ch\/#\/schema\/logo\/image\/"},"sameAs":["https:\/\/www.facebook.com\/OrganisatorFachmagazin","https:\/\/www.linkedin.com\/showcase\/organisator-das-magazin-fr-kmu","https:\/\/www.xing.com\/news\/pages\/organisator-ch-695","https:\/\/www.youtube.com\/channel\/UCGP2Sq0iWaZwT3BdIAQFYpw"]},{"@type":"Person","@id":"https:\/\/www.organisator.ch\/#\/schema\/person\/afccda3a71c06d4be2ed9100dd163db7","name":"Dzana Muminovic","image":{"@type":"ImageObject","inLanguage":"fr-FR","@id":"https:\/\/secure.gravatar.com\/avatar\/909c5c71aff4b38e88686f2ab2f1ba152571f394f41ed8bae431ea56ced93050?s=96&d=mm&r=g","url":"https:\/\/secure.gravatar.com\/avatar\/909c5c71aff4b38e88686f2ab2f1ba152571f394f41ed8bae431ea56ced93050?s=96&d=mm&r=g","contentUrl":"https:\/\/secure.gravatar.com\/avatar\/909c5c71aff4b38e88686f2ab2f1ba152571f394f41ed8bae431ea56ced93050?s=96&d=mm&r=g","caption":"Dzana Muminovic"},"url":"https:\/\/www.organisator.ch\/fr\/author\/dzana-muminovic\/"}]}},"_links":{"self":[{"href":"https:\/\/www.organisator.ch\/fr\/wp-json\/wp\/v2\/posts\/34545","targetHints":{"allow":["GET"]}}],"collection":[{"href":"https:\/\/www.organisator.ch\/fr\/wp-json\/wp\/v2\/posts"}],"about":[{"href":"https:\/\/www.organisator.ch\/fr\/wp-json\/wp\/v2\/types\/post"}],"author":[{"embeddable":true,"href":"https:\/\/www.organisator.ch\/fr\/wp-json\/wp\/v2\/users\/80"}],"replies":[{"embeddable":true,"href":"https:\/\/www.organisator.ch\/fr\/wp-json\/wp\/v2\/comments?post=34545"}],"version-history":[{"count":3,"href":"https:\/\/www.organisator.ch\/fr\/wp-json\/wp\/v2\/posts\/34545\/revisions"}],"predecessor-version":[{"id":34589,"href":"https:\/\/www.organisator.ch\/fr\/wp-json\/wp\/v2\/posts\/34545\/revisions\/34589"}],"wp:featuredmedia":[{"embeddable":true,"href":"https:\/\/www.organisator.ch\/fr\/wp-json\/wp\/v2\/media\/34546"}],"wp:attachment":[{"href":"https:\/\/www.organisator.ch\/fr\/wp-json\/wp\/v2\/media?parent=34545"}],"wp:term":[{"taxonomy":"category","embeddable":true,"href":"https:\/\/www.organisator.ch\/fr\/wp-json\/wp\/v2\/categories?post=34545"},{"taxonomy":"post_tag","embeddable":true,"href":"https:\/\/www.organisator.ch\/fr\/wp-json\/wp\/v2\/tags?post=34545"}],"curies":[{"name":"wp","href":"https:\/\/api.w.org\/{rel}","templated":true}]}}