{"id":3458,"date":"2018-04-17T10:11:38","date_gmt":"2018-04-17T08:11:38","guid":{"rendered":"https:\/\/www.organisator.ch\/?p=3458"},"modified":"2018-04-17T10:11:38","modified_gmt":"2018-04-17T08:11:38","slug":"geschaeftsreisende-wieder-auf-luxuskurs","status":"publish","type":"post","link":"https:\/\/www.organisator.ch\/fr\/allgemein\/2018-04-17\/geschaeftsreisende-wieder-auf-luxuskurs\/","title":{"rendered":"Les voyageurs d'affaires \u00e0 nouveau sur la voie du luxe"},"content":{"rendered":"<figure id=\"attachment_3459\" aria-describedby=\"caption-attachment-3459\" style=\"width: 680px\" class=\"wp-caption alignnone\"><img loading=\"lazy\" decoding=\"async\" class=\"size-medium wp-image-3459\" src=\"https:\/\/www.organisator.ch\/wp-content\/uploads\/2018\/04\/Geschaeftsreisende_Airplus_org-organisator.jpg\" alt=\"\" width=\"680\" height=\"420\" srcset=\"https:\/\/www.organisator.ch\/wp-content\/uploads\/2018\/04\/Geschaeftsreisende_Airplus_org-organisator.jpg 692w, https:\/\/www.organisator.ch\/wp-content\/uploads\/2018\/04\/Geschaeftsreisende_Airplus_org-organisator-680x420.jpg 680w, https:\/\/www.organisator.ch\/wp-content\/uploads\/2018\/04\/Geschaeftsreisende_Airplus_org-organisator-16x10.jpg 16w, https:\/\/www.organisator.ch\/wp-content\/uploads\/2018\/04\/Geschaeftsreisende_Airplus_org-organisator-284x175.jpg 284w, https:\/\/www.organisator.ch\/wp-content\/uploads\/2018\/04\/Geschaeftsreisende_Airplus_org-organisator-567x350.jpg 567w, https:\/\/www.organisator.ch\/wp-content\/uploads\/2018\/04\/Geschaeftsreisende_Airplus_org-organisator-300x185.jpg 300w\" sizes=\"auto, (max-width: 680px) 100vw, 680px\" \/><figcaption id=\"caption-attachment-3459\" class=\"wp-caption-text\">Si en 2016, pr\u00e8s d'un voyageur de service sur dix (9,9 %) volait encore avec une compagnie a\u00e9rienne \u00e0 bas prix, cette proportion est tomb\u00e9e \u00e0 9,1 % l'ann\u00e9e derni\u00e8re, indique l'\u00e9tude AirPlus. (Image : Flughafen Z\u00fcrich AG)<\/figcaption><\/figure>\n<p style=\"text-align: justify;\"><span style=\"font-size: 10.0pt; font-family: 'Arial','sans-serif';\">Les voyageurs d'affaires suisses consomment peut-\u00eatre \u00e0 nouveau davantage, en tout cas leurs r\u00e9servations reprennent de la vigueur. Au final, les d\u00e9penses a\u00e9riennes des cadres suisses en d\u00e9placement ont l\u00e9g\u00e8rement augment\u00e9 en 2017, pour la premi\u00e8re fois depuis cinq ans. C'est ce que r\u00e9v\u00e8le une \u00e9tude de march\u00e9 annuelle repr\u00e9sentative r\u00e9alis\u00e9e par AirPlus, une entreprise sp\u00e9cialis\u00e9e dans les solutions de paiement pour le travel management des entreprises. <\/span><\/p>\n<p><span style=\"font-size: 10.0pt; font-family: 'Arial','sans-serif';\">Chez Airplus, on explique la hausse consid\u00e9rable du prix des billets de premi\u00e8re classe par l'offre accrue de suites exclusives dans les avions. \"De nombreuses compagnies a\u00e9riennes renomm\u00e9es ont fortement investi dans ce segment et se livrent pratiquement une concurrence pour attirer les clients les plus payants\", explique Andy Stehrenberger, directeur d'AirPlus Suisse.<\/span><\/p>\n<p style=\"text-align: justify;\"><span style=\"font-size: 10.0pt; font-family: 'Arial','sans-serif';\"><strong>First Class - sur le rail aussi<\/strong> <\/span><\/p>\n<p style=\"text-align: justify;\"><span style=\"font-size: 10.0pt; font-family: 'Arial','sans-serif';\">Bien que, parall\u00e8lement aux vols, le train ait gagn\u00e9 en popularit\u00e9 aupr\u00e8s des voyageurs d'affaires suisses - 2,3 % de billets de train suppl\u00e9mentaires ont \u00e9t\u00e9 factur\u00e9s via AirPlus l'ann\u00e9e derni\u00e8re par rapport \u00e0 2016 - les d\u00e9penses par billet de train ont diminu\u00e9, passant en moyenne de 149 \u00e0 141 francs. Les d\u00e9penses moyennes pour les voitures de location (236 francs) et les nuit\u00e9es d'h\u00f4tel (446 francs) ont \u00e9galement diminu\u00e9, mais de mani\u00e8re modeste, avec respectivement - 0,8 % et - 0,4 %.<\/span><\/p>\n<p style=\"text-align: justify;\"><strong><span style=\"font-size: 10.0pt; font-family: 'Arial','sans-serif';\">L'Allemagne, Londres et New York sont au top<\/span><\/strong><span style=\"font-size: 10.0pt; font-family: 'Arial','sans-serif';\"><br \/>\n<\/span><\/p>\n<p style=\"text-align: justify;\"><span style=\"font-size: 10.0pt; font-family: 'Arial','sans-serif';\">Dans le classement des destinations europ\u00e9ennes pr\u00e9f\u00e9r\u00e9es des voyageurs d'affaires suisses \u00e9tabli par AirPlus dans le cadre de la m\u00eame \u00e9tude, l'Allemagne occupe la premi\u00e8re place en 2017, suivie par la Grande-Bretagne, la France, l'Espagne et l'Autriche. Le classement des villes reste inchang\u00e9 depuis des ann\u00e9es : Londres devant D\u00fcsseldorf, Vienne et Berlin. Dans le domaine intercontinental, ce sont les \u00c9tats-Unis, la Chine, la Russie, l'Inde et les \u00c9mirats arabes unis qui sont le plus souvent visit\u00e9s pour affaires. Dans le classement des villes, New York et Shanghai sont en t\u00eate. Duba\u00ef occupe d\u00e9sormais la troisi\u00e8me place, devant Singapour. <\/span><\/p>\n<p style=\"text-align: justify;\"><span style=\"font-size: 10.0pt; font-family: 'Arial','sans-serif';\"><em>La plupart des voyages (41,4 %) durent de deux \u00e0 trois jours et 31,7 % des voyages d'affaires durent de quatre \u00e0 sept jours. Un voyage d'affaires sur vingt (4,8 %) s'\u00e9tend sur une p\u00e9riode de 15 jours ou plus.<\/em> <\/span><\/p>\n<p><a href=\"http:\/\/www.airplus.com\">www.airplus.com<\/a><\/p>\n<p><em><strong><span style=\"font-family: 'Arial', 'sans-serif';\">Les femmes d'affaires volent plus modestement<\/span><\/strong><b><span style=\"font-family: 'Arial', 'sans-serif';\"><br \/>\n<\/span><\/b><span style=\"font-size: 10pt; font-family: 'Arial', 'sans-serif';\">Bien que la part de la client\u00e8le d'affaires f\u00e9minine en Suisse soit en constante augmentation et ait tout de m\u00eame atteint 20,5 % en 2017, les femmes restent plus modestes dans le ciel. Environ 85 % d'entre elles voyagent en classe \u00e9conomique, contre 82 % pour les hommes. Parmi les femmes d'affaires qui voyagent nettement moins, une petite proportion, 14,9 %, opte \u00e9galement pour un billet en classe affaires (hommes : 17,4 %) La premi\u00e8re classe (0,1 % ggr. 0,2 %) est clairement sous-repr\u00e9sent\u00e9e. Les donn\u00e9es ont \u00e9t\u00e9 collect\u00e9es par AirPlus, une entreprise sp\u00e9cialis\u00e9e dans les solutions de paiement pour la gestion des voyages d'entreprise. <\/span><\/em><em><span style=\"font-size: 10pt; font-family: 'Arial', 'sans-serif';\">Pour Andy Stehrenberger, directeur d'AirPlus Suisse, la sous-repr\u00e9sentation des femmes dans les classes de r\u00e9servation sup\u00e9rieures est avant tout li\u00e9e au fait que les \u00e9tages de tapis des entreprises restent fortement domin\u00e9s par les hommes. Un rapprochement entre les sexes a toutefois eu lieu en ce qui concerne les destinations de voyage. \"Alors qu'au cours des derni\u00e8res ann\u00e9es, les femmes avaient tendance \u00e0 effectuer davantage de vols courts en Europe, elles ont d\u00e9sormais rattrap\u00e9 leurs coll\u00e8gues masculins sur les vols intercontinentaux plus longs\", explique Stehrenberger.<\/span><\/em><\/p>\n<p style=\"text-align: justify;\"><em><strong><span style=\"font-family: 'Arial', 'sans-serif';\">Les voyageurs d'affaires suisses \u00e9vitent Facebook et consorts<\/span><\/strong><span style=\"font-size: 10pt; font-family: 'Arial', 'sans-serif';\"><br \/>\nContrairement \u00e0 leurs coll\u00e8gues \u00e9trangers, les voyageurs d'affaires suisses sont moins obnubil\u00e9s par leur smartphone. C'est ce que sugg\u00e8re une \u00e9tude r\u00e9cente d'AirPlus, men\u00e9e aupr\u00e8s de quelque 3000 voyageurs d'affaires et responsables de voyages dans 24 pays. Dans le cadre d'une \u00e9tude annuelle, l'entreprise sp\u00e9cialis\u00e9e dans les solutions de paiement pour la gestion des voyages analyse le march\u00e9 des voyages d'affaires et s'est int\u00e9ress\u00e9e pour la premi\u00e8re fois cette ann\u00e9e \u00e0 l'utilisation des m\u00e9dias sociaux lors des d\u00e9placements professionnels. Alors que plus de 80 % des voyageurs d'affaires indiens et chinois postent r\u00e9guli\u00e8rement ou fr\u00e9quemment des photos et des messages sur leurs comptes Facebook et autres, 55 % de leurs coll\u00e8gues suisses n'y touchent pas du tout. Seuls les voyageurs d'affaires britanniques (57 %) d\u00e9daignent les canaux de m\u00e9dias sociaux de mani\u00e8re encore plus intensive.<\/span><\/em><\/p>\n<p style=\"text-align: justify;\"><span style=\"font-size: 10.0pt; font-family: 'Arial','sans-serif';\"><em>La retenue interactive des managers suisses est absolument salu\u00e9e par leurs employeurs. \"Car l'utilisation parfois excessive des m\u00e9dias sociaux lors des voyages d'affaires occupe aujourd'hui une arm\u00e9e de juristes et de responsables de la s\u00e9curit\u00e9 dans les entreprises du monde entier\", sait Andy Stehrenberger, directeur d'AirPlus Suisse. Il s'agit en premier lieu des risques li\u00e9s \u00e0 ce th\u00e8me comme le cambriolage, le vol, l'enl\u00e8vement ainsi que l'espionnage industriel. (Source : AirPlus)\u00a0<\/em> <\/span><\/p>","protected":false},"excerpt":{"rendered":"<p>Schweizer Gesch\u00e4ftsreisende konsumiere vielleicht wieder mehr, jedenfalls nehmen ihre Buchungen wieder Fahrt auf.\u00a0Unter dem Strich sind die Flugausgaben der reisenden Schweizer Manager im 2017 erstmals seit f\u00fcnf Jahren wieder leicht angewachsen. Dies hat eine j\u00e4hrliche erhobene repr\u00e4sentative Marktstudie von AirPlus, einem Unternehmen f\u00fcr Bezahll\u00f6sungen im Travel Management von Firmen, ergeben. Den erheblichen Preisanstieg bei den [&hellip;]<\/p>\n","protected":false},"author":5,"featured_media":3459,"comment_status":"open","ping_status":"open","sticky":false,"template":"","format":"standard","meta":{"_acf_changed":false,"_yoast_wpseo_focuskw":"Gesch\u00e4ftsreisende","_yoast_wpseo_metadesc":"Schweizer Gesch\u00e4ftsreisende bl\u00e4tterten f\u00fcr einen Flug in der First Class im Jahr 2017 durchschnittlich 6797 Franken hin, was einer satten Steigerung um 40 % gegen\u00fcber dem Vorjahr (4849 Franken) entspricht.","articlekey":"","footnotes":""},"categories":[1],"tags":[106,107,237],"class_list":["post-3458","post","type-post","status-publish","format-standard","has-post-thumbnail","hentry","category-allgemein","tag-business-reisen","tag-business-travel","tag-geschaeftsfrauen"],"acf":[],"yoast_head":"<!-- This site is optimized with the Yoast SEO plugin v27.5 - https:\/\/yoast.com\/product\/yoast-seo-wordpress\/ -->\n<title>Gesch\u00e4ftsreisende wieder auf Luxuskurs - Organisator<\/title>\n<meta name=\"description\" content=\"Schweizer Gesch\u00e4ftsreisende bl\u00e4tterten f\u00fcr einen Flug in der First Class im Jahr 2017 durchschnittlich 6797 Franken hin, was einer satten Steigerung um 40 % gegen\u00fcber dem Vorjahr (4849 Franken) entspricht.\" \/>\n<meta name=\"robots\" content=\"index, follow, max-snippet:-1, max-image-preview:large, max-video-preview:-1\" \/>\n<link rel=\"canonical\" href=\"https:\/\/www.organisator.ch\/fr\/general\/2018-04-17\/geschaeftsreisende-wieder-auf-luxuskurs\/\" \/>\n<meta property=\"og:locale\" content=\"fr_FR\" \/>\n<meta property=\"og:type\" content=\"article\" \/>\n<meta property=\"og:title\" content=\"Gesch\u00e4ftsreisende wieder auf Luxuskurs - Organisator\" \/>\n<meta property=\"og:description\" content=\"Schweizer Gesch\u00e4ftsreisende bl\u00e4tterten f\u00fcr einen Flug in der First Class im Jahr 2017 durchschnittlich 6797 Franken hin, was einer satten Steigerung um 40 % gegen\u00fcber dem Vorjahr (4849 Franken) entspricht.\" \/>\n<meta property=\"og:url\" content=\"https:\/\/www.organisator.ch\/fr\/general\/2018-04-17\/geschaeftsreisende-wieder-auf-luxuskurs\/\" \/>\n<meta property=\"og:site_name\" content=\"Organisator\" \/>\n<meta property=\"article:publisher\" content=\"https:\/\/www.facebook.com\/OrganisatorFachmagazin\" \/>\n<meta property=\"article:published_time\" content=\"2018-04-17T08:11:38+00:00\" \/>\n<meta property=\"og:image\" content=\"https:\/\/www.organisator.ch\/wp-content\/uploads\/2018\/04\/Geschaeftsreisende_Airplus_org-organisator.jpg\" \/>\n\t<meta property=\"og:image:width\" content=\"692\" \/>\n\t<meta property=\"og:image:height\" content=\"427\" \/>\n\t<meta property=\"og:image:type\" content=\"image\/jpeg\" \/>\n<meta name=\"author\" content=\"michael.merz\" \/>\n<meta name=\"twitter:card\" content=\"summary_large_image\" \/>\n<script type=\"application\/ld+json\" class=\"yoast-schema-graph\">{\"@context\":\"https:\\\/\\\/schema.org\",\"@graph\":[{\"@type\":\"Article\",\"@id\":\"https:\\\/\\\/www.organisator.ch\\\/de\\\/allgemein\\\/2018-04-17\\\/geschaeftsreisende-wieder-auf-luxuskurs\\\/#article\",\"isPartOf\":{\"@id\":\"https:\\\/\\\/www.organisator.ch\\\/de\\\/allgemein\\\/2018-04-17\\\/geschaeftsreisende-wieder-auf-luxuskurs\\\/\"},\"author\":{\"name\":\"michael.merz\",\"@id\":\"https:\\\/\\\/www.organisator.ch\\\/#\\\/schema\\\/person\\\/134708ca9321c57b0362cceb7948ffbd\"},\"headline\":\"Gesch\u00e4ftsreisende wieder auf Luxuskurs\",\"datePublished\":\"2018-04-17T08:11:38+00:00\",\"mainEntityOfPage\":{\"@id\":\"https:\\\/\\\/www.organisator.ch\\\/de\\\/allgemein\\\/2018-04-17\\\/geschaeftsreisende-wieder-auf-luxuskurs\\\/\"},\"wordCount\":704,\"commentCount\":0,\"publisher\":{\"@id\":\"https:\\\/\\\/www.organisator.ch\\\/#organization\"},\"image\":{\"@id\":\"https:\\\/\\\/www.organisator.ch\\\/de\\\/allgemein\\\/2018-04-17\\\/geschaeftsreisende-wieder-auf-luxuskurs\\\/#primaryimage\"},\"thumbnailUrl\":\"https:\\\/\\\/www.organisator.ch\\\/wp-content\\\/uploads\\\/2018\\\/04\\\/Geschaeftsreisende_Airplus_org-organisator.jpg\",\"keywords\":[\"Business Reisen\",\"Business Travel\",\"Gesch\u00e4ftsfrauen\"],\"articleSection\":[\"Allgemein\"],\"inLanguage\":\"fr-FR\"},{\"@type\":\"WebPage\",\"@id\":\"https:\\\/\\\/www.organisator.ch\\\/de\\\/allgemein\\\/2018-04-17\\\/geschaeftsreisende-wieder-auf-luxuskurs\\\/\",\"url\":\"https:\\\/\\\/www.organisator.ch\\\/de\\\/allgemein\\\/2018-04-17\\\/geschaeftsreisende-wieder-auf-luxuskurs\\\/\",\"name\":\"Gesch\u00e4ftsreisende wieder auf Luxuskurs - Organisator\",\"isPartOf\":{\"@id\":\"https:\\\/\\\/www.organisator.ch\\\/#website\"},\"primaryImageOfPage\":{\"@id\":\"https:\\\/\\\/www.organisator.ch\\\/de\\\/allgemein\\\/2018-04-17\\\/geschaeftsreisende-wieder-auf-luxuskurs\\\/#primaryimage\"},\"image\":{\"@id\":\"https:\\\/\\\/www.organisator.ch\\\/de\\\/allgemein\\\/2018-04-17\\\/geschaeftsreisende-wieder-auf-luxuskurs\\\/#primaryimage\"},\"thumbnailUrl\":\"https:\\\/\\\/www.organisator.ch\\\/wp-content\\\/uploads\\\/2018\\\/04\\\/Geschaeftsreisende_Airplus_org-organisator.jpg\",\"datePublished\":\"2018-04-17T08:11:38+00:00\",\"description\":\"Schweizer Gesch\u00e4ftsreisende bl\u00e4tterten f\u00fcr einen Flug in der First Class im Jahr 2017 durchschnittlich 6797 Franken hin, was einer satten Steigerung um 40 % gegen\u00fcber dem Vorjahr (4849 Franken) entspricht.\",\"breadcrumb\":{\"@id\":\"https:\\\/\\\/www.organisator.ch\\\/de\\\/allgemein\\\/2018-04-17\\\/geschaeftsreisende-wieder-auf-luxuskurs\\\/#breadcrumb\"},\"inLanguage\":\"fr-FR\",\"potentialAction\":[{\"@type\":\"ReadAction\",\"target\":[\"https:\\\/\\\/www.organisator.ch\\\/de\\\/allgemein\\\/2018-04-17\\\/geschaeftsreisende-wieder-auf-luxuskurs\\\/\"]}]},{\"@type\":\"ImageObject\",\"inLanguage\":\"fr-FR\",\"@id\":\"https:\\\/\\\/www.organisator.ch\\\/de\\\/allgemein\\\/2018-04-17\\\/geschaeftsreisende-wieder-auf-luxuskurs\\\/#primaryimage\",\"url\":\"https:\\\/\\\/www.organisator.ch\\\/wp-content\\\/uploads\\\/2018\\\/04\\\/Geschaeftsreisende_Airplus_org-organisator.jpg\",\"contentUrl\":\"https:\\\/\\\/www.organisator.ch\\\/wp-content\\\/uploads\\\/2018\\\/04\\\/Geschaeftsreisende_Airplus_org-organisator.jpg\",\"width\":692,\"height\":427,\"caption\":\"Flog 2016 noch fast jeder Zehnte (9,9 %) Dienstreisende mit einer Billigfluggesellschaft, sank der Anteil im letzten Jahr auf 9,1 %, heisst es in der AirPlus-Studie. (Bild: Flughafen Z\u00fcrich AG)\"},{\"@type\":\"BreadcrumbList\",\"@id\":\"https:\\\/\\\/www.organisator.ch\\\/de\\\/allgemein\\\/2018-04-17\\\/geschaeftsreisende-wieder-auf-luxuskurs\\\/#breadcrumb\",\"itemListElement\":[{\"@type\":\"ListItem\",\"position\":1,\"name\":\"Home\",\"item\":\"https:\\\/\\\/www.organisator.ch\\\/\"},{\"@type\":\"ListItem\",\"position\":2,\"name\":\"Gesch\u00e4ftsreisende wieder auf Luxuskurs\"}]},{\"@type\":\"WebSite\",\"@id\":\"https:\\\/\\\/www.organisator.ch\\\/#website\",\"url\":\"https:\\\/\\\/www.organisator.ch\\\/\",\"name\":\"Organisator\",\"description\":\"Kompetent. Praxisnah. Der ORGANISATOR bereitet in 10 Ausgaben pro Jahr die wesentlichen Themen f\u00fcr F\u00fchrungskr\u00e4fte von KMU auf.\",\"publisher\":{\"@id\":\"https:\\\/\\\/www.organisator.ch\\\/#organization\"},\"potentialAction\":[{\"@type\":\"SearchAction\",\"target\":{\"@type\":\"EntryPoint\",\"urlTemplate\":\"https:\\\/\\\/www.organisator.ch\\\/?s={search_term_string}\"},\"query-input\":{\"@type\":\"PropertyValueSpecification\",\"valueRequired\":true,\"valueName\":\"search_term_string\"}}],\"inLanguage\":\"fr-FR\"},{\"@type\":\"Organization\",\"@id\":\"https:\\\/\\\/www.organisator.ch\\\/#organization\",\"name\":\"Organisator\",\"url\":\"https:\\\/\\\/www.organisator.ch\\\/\",\"logo\":{\"@type\":\"ImageObject\",\"inLanguage\":\"fr-FR\",\"@id\":\"https:\\\/\\\/www.organisator.ch\\\/#\\\/schema\\\/logo\\\/image\\\/\",\"url\":\"https:\\\/\\\/www.organisator.ch\\\/wp-content\\\/uploads\\\/2022\\\/01\\\/Logo_Organisator_Website.png\",\"contentUrl\":\"https:\\\/\\\/www.organisator.ch\\\/wp-content\\\/uploads\\\/2022\\\/01\\\/Logo_Organisator_Website.png\",\"width\":800,\"height\":77,\"caption\":\"Organisator\"},\"image\":{\"@id\":\"https:\\\/\\\/www.organisator.ch\\\/#\\\/schema\\\/logo\\\/image\\\/\"},\"sameAs\":[\"https:\\\/\\\/www.facebook.com\\\/OrganisatorFachmagazin\",\"https:\\\/\\\/www.linkedin.com\\\/showcase\\\/organisator-das-magazin-fr-kmu\",\"https:\\\/\\\/www.xing.com\\\/news\\\/pages\\\/organisator-ch-695\",\"https:\\\/\\\/www.youtube.com\\\/channel\\\/UCGP2Sq0iWaZwT3BdIAQFYpw\"]},{\"@type\":\"Person\",\"@id\":\"https:\\\/\\\/www.organisator.ch\\\/#\\\/schema\\\/person\\\/134708ca9321c57b0362cceb7948ffbd\",\"name\":\"michael.merz\",\"image\":{\"@type\":\"ImageObject\",\"inLanguage\":\"fr-FR\",\"@id\":\"https:\\\/\\\/secure.gravatar.com\\\/avatar\\\/?s=96&d=mm&r=g\",\"url\":\"https:\\\/\\\/secure.gravatar.com\\\/avatar\\\/?s=96&d=mm&r=g\",\"contentUrl\":\"https:\\\/\\\/secure.gravatar.com\\\/avatar\\\/?s=96&d=mm&r=g\",\"caption\":\"michael.merz\"},\"url\":\"https:\\\/\\\/www.organisator.ch\\\/fr\\\/author\\\/michael-merz\\\/\"}]}<\/script>\n<!-- \/ Yoast SEO plugin. -->","yoast_head_json":{"title":"Les voyageurs d'affaires reprennent le chemin du luxe - Organisateur","description":"En 2017, les voyageurs d'affaires suisses ont d\u00e9bours\u00e9 en moyenne 6797 francs pour un vol en premi\u00e8re classe, ce qui repr\u00e9sente une augmentation consid\u00e9rable de 40 % par rapport \u00e0 l'ann\u00e9e pr\u00e9c\u00e9dente (4849 francs).","robots":{"index":"index","follow":"follow","max-snippet":"max-snippet:-1","max-image-preview":"max-image-preview:large","max-video-preview":"max-video-preview:-1"},"canonical":"https:\/\/www.organisator.ch\/fr\/general\/2018-04-17\/geschaeftsreisende-wieder-auf-luxuskurs\/","og_locale":"fr_FR","og_type":"article","og_title":"Gesch\u00e4ftsreisende wieder auf Luxuskurs - Organisator","og_description":"Schweizer Gesch\u00e4ftsreisende bl\u00e4tterten f\u00fcr einen Flug in der First Class im Jahr 2017 durchschnittlich 6797 Franken hin, was einer satten Steigerung um 40 % gegen\u00fcber dem Vorjahr (4849 Franken) entspricht.","og_url":"https:\/\/www.organisator.ch\/fr\/general\/2018-04-17\/geschaeftsreisende-wieder-auf-luxuskurs\/","og_site_name":"Organisator","article_publisher":"https:\/\/www.facebook.com\/OrganisatorFachmagazin","article_published_time":"2018-04-17T08:11:38+00:00","og_image":[{"width":692,"height":427,"url":"https:\/\/www.organisator.ch\/wp-content\/uploads\/2018\/04\/Geschaeftsreisende_Airplus_org-organisator.jpg","type":"image\/jpeg"}],"author":"michael.merz","twitter_card":"summary_large_image","schema":{"@context":"https:\/\/schema.org","@graph":[{"@type":"Article","@id":"https:\/\/www.organisator.ch\/de\/allgemein\/2018-04-17\/geschaeftsreisende-wieder-auf-luxuskurs\/#article","isPartOf":{"@id":"https:\/\/www.organisator.ch\/de\/allgemein\/2018-04-17\/geschaeftsreisende-wieder-auf-luxuskurs\/"},"author":{"name":"michael.merz","@id":"https:\/\/www.organisator.ch\/#\/schema\/person\/134708ca9321c57b0362cceb7948ffbd"},"headline":"Gesch\u00e4ftsreisende wieder auf Luxuskurs","datePublished":"2018-04-17T08:11:38+00:00","mainEntityOfPage":{"@id":"https:\/\/www.organisator.ch\/de\/allgemein\/2018-04-17\/geschaeftsreisende-wieder-auf-luxuskurs\/"},"wordCount":704,"commentCount":0,"publisher":{"@id":"https:\/\/www.organisator.ch\/#organization"},"image":{"@id":"https:\/\/www.organisator.ch\/de\/allgemein\/2018-04-17\/geschaeftsreisende-wieder-auf-luxuskurs\/#primaryimage"},"thumbnailUrl":"https:\/\/www.organisator.ch\/wp-content\/uploads\/2018\/04\/Geschaeftsreisende_Airplus_org-organisator.jpg","keywords":["Business Reisen","Business Travel","Gesch\u00e4ftsfrauen"],"articleSection":["Allgemein"],"inLanguage":"fr-FR"},{"@type":"WebPage","@id":"https:\/\/www.organisator.ch\/de\/allgemein\/2018-04-17\/geschaeftsreisende-wieder-auf-luxuskurs\/","url":"https:\/\/www.organisator.ch\/de\/allgemein\/2018-04-17\/geschaeftsreisende-wieder-auf-luxuskurs\/","name":"Les voyageurs d'affaires reprennent le chemin du luxe - Organisateur","isPartOf":{"@id":"https:\/\/www.organisator.ch\/#website"},"primaryImageOfPage":{"@id":"https:\/\/www.organisator.ch\/de\/allgemein\/2018-04-17\/geschaeftsreisende-wieder-auf-luxuskurs\/#primaryimage"},"image":{"@id":"https:\/\/www.organisator.ch\/de\/allgemein\/2018-04-17\/geschaeftsreisende-wieder-auf-luxuskurs\/#primaryimage"},"thumbnailUrl":"https:\/\/www.organisator.ch\/wp-content\/uploads\/2018\/04\/Geschaeftsreisende_Airplus_org-organisator.jpg","datePublished":"2018-04-17T08:11:38+00:00","description":"En 2017, les voyageurs d'affaires suisses ont d\u00e9bours\u00e9 en moyenne 6797 francs pour un vol en premi\u00e8re classe, ce qui repr\u00e9sente une augmentation consid\u00e9rable de 40 % par rapport \u00e0 l'ann\u00e9e pr\u00e9c\u00e9dente (4849 francs).","breadcrumb":{"@id":"https:\/\/www.organisator.ch\/de\/allgemein\/2018-04-17\/geschaeftsreisende-wieder-auf-luxuskurs\/#breadcrumb"},"inLanguage":"fr-FR","potentialAction":[{"@type":"ReadAction","target":["https:\/\/www.organisator.ch\/de\/allgemein\/2018-04-17\/geschaeftsreisende-wieder-auf-luxuskurs\/"]}]},{"@type":"ImageObject","inLanguage":"fr-FR","@id":"https:\/\/www.organisator.ch\/de\/allgemein\/2018-04-17\/geschaeftsreisende-wieder-auf-luxuskurs\/#primaryimage","url":"https:\/\/www.organisator.ch\/wp-content\/uploads\/2018\/04\/Geschaeftsreisende_Airplus_org-organisator.jpg","contentUrl":"https:\/\/www.organisator.ch\/wp-content\/uploads\/2018\/04\/Geschaeftsreisende_Airplus_org-organisator.jpg","width":692,"height":427,"caption":"Flog 2016 noch fast jeder Zehnte (9,9 %) Dienstreisende mit einer Billigfluggesellschaft, sank der Anteil im letzten Jahr auf 9,1 %, heisst es in der AirPlus-Studie. (Bild: Flughafen Z\u00fcrich AG)"},{"@type":"BreadcrumbList","@id":"https:\/\/www.organisator.ch\/de\/allgemein\/2018-04-17\/geschaeftsreisende-wieder-auf-luxuskurs\/#breadcrumb","itemListElement":[{"@type":"ListItem","position":1,"name":"Home","item":"https:\/\/www.organisator.ch\/"},{"@type":"ListItem","position":2,"name":"Gesch\u00e4ftsreisende wieder auf Luxuskurs"}]},{"@type":"WebSite","@id":"https:\/\/www.organisator.ch\/#website","url":"https:\/\/www.organisator.ch\/","name":"Organisateur","description":"Comp\u00e9tence et comp\u00e9tence. Proches de la pratique. L'ORGANISATEUR pr\u00e9pare 10 num\u00e9ros par an sur les th\u00e8mes essentiels pour les dirigeants de PME.","publisher":{"@id":"https:\/\/www.organisator.ch\/#organization"},"potentialAction":[{"@type":"SearchAction","target":{"@type":"EntryPoint","urlTemplate":"https:\/\/www.organisator.ch\/?s={search_term_string}"},"query-input":{"@type":"PropertyValueSpecification","valueRequired":true,"valueName":"search_term_string"}}],"inLanguage":"fr-FR"},{"@type":"Organization","@id":"https:\/\/www.organisator.ch\/#organization","name":"Organisateur","url":"https:\/\/www.organisator.ch\/","logo":{"@type":"ImageObject","inLanguage":"fr-FR","@id":"https:\/\/www.organisator.ch\/#\/schema\/logo\/image\/","url":"https:\/\/www.organisator.ch\/wp-content\/uploads\/2022\/01\/Logo_Organisator_Website.png","contentUrl":"https:\/\/www.organisator.ch\/wp-content\/uploads\/2022\/01\/Logo_Organisator_Website.png","width":800,"height":77,"caption":"Organisator"},"image":{"@id":"https:\/\/www.organisator.ch\/#\/schema\/logo\/image\/"},"sameAs":["https:\/\/www.facebook.com\/OrganisatorFachmagazin","https:\/\/www.linkedin.com\/showcase\/organisator-das-magazin-fr-kmu","https:\/\/www.xing.com\/news\/pages\/organisator-ch-695","https:\/\/www.youtube.com\/channel\/UCGP2Sq0iWaZwT3BdIAQFYpw"]},{"@type":"Person","@id":"https:\/\/www.organisator.ch\/#\/schema\/person\/134708ca9321c57b0362cceb7948ffbd","name":"michael.merz","image":{"@type":"ImageObject","inLanguage":"fr-FR","@id":"https:\/\/secure.gravatar.com\/avatar\/?s=96&d=mm&r=g","url":"https:\/\/secure.gravatar.com\/avatar\/?s=96&d=mm&r=g","contentUrl":"https:\/\/secure.gravatar.com\/avatar\/?s=96&d=mm&r=g","caption":"michael.merz"},"url":"https:\/\/www.organisator.ch\/fr\/author\/michael-merz\/"}]}},"_links":{"self":[{"href":"https:\/\/www.organisator.ch\/fr\/wp-json\/wp\/v2\/posts\/3458","targetHints":{"allow":["GET"]}}],"collection":[{"href":"https:\/\/www.organisator.ch\/fr\/wp-json\/wp\/v2\/posts"}],"about":[{"href":"https:\/\/www.organisator.ch\/fr\/wp-json\/wp\/v2\/types\/post"}],"author":[{"embeddable":true,"href":"https:\/\/www.organisator.ch\/fr\/wp-json\/wp\/v2\/users\/5"}],"replies":[{"embeddable":true,"href":"https:\/\/www.organisator.ch\/fr\/wp-json\/wp\/v2\/comments?post=3458"}],"version-history":[{"count":0,"href":"https:\/\/www.organisator.ch\/fr\/wp-json\/wp\/v2\/posts\/3458\/revisions"}],"wp:featuredmedia":[{"embeddable":true,"href":"https:\/\/www.organisator.ch\/fr\/wp-json\/wp\/v2\/media\/3459"}],"wp:attachment":[{"href":"https:\/\/www.organisator.ch\/fr\/wp-json\/wp\/v2\/media?parent=3458"}],"wp:term":[{"taxonomy":"category","embeddable":true,"href":"https:\/\/www.organisator.ch\/fr\/wp-json\/wp\/v2\/categories?post=3458"},{"taxonomy":"post_tag","embeddable":true,"href":"https:\/\/www.organisator.ch\/fr\/wp-json\/wp\/v2\/tags?post=3458"}],"curies":[{"name":"wp","href":"https:\/\/api.w.org\/{rel}","templated":true}]}}