{"id":34580,"date":"2024-12-10T12:45:48","date_gmt":"2024-12-10T11:45:48","guid":{"rendered":"https:\/\/www.organisator.ch\/?p=34580"},"modified":"2024-12-09T15:46:20","modified_gmt":"2024-12-09T14:46:20","slug":"die-haelfte-der-schweizer-arbeitskraefte-gibt-ungern-zu-ki-einzusetzen","status":"publish","type":"post","link":"https:\/\/www.organisator.ch\/fr\/human-resources\/2024-12-10\/die-haelfte-der-schweizer-arbeitskraefte-gibt-ungern-zu-ki-einzusetzen\/","title":{"rendered":"La moiti\u00e9 des travailleurs suisses n'admettent pas volontiers avoir recours \u00e0 l'IA"},"content":{"rendered":"<figure id=\"attachment_34581\" aria-describedby=\"caption-attachment-34581\" style=\"width: 680px\" class=\"wp-caption alignnone\"><img loading=\"lazy\" decoding=\"async\" class=\"size-full wp-image-34581\" src=\"https:\/\/www.organisator.ch\/wp-content\/uploads\/2024\/12\/Slack-Workforce_Bild1_ps.jpg\" alt=\"\" width=\"680\" height=\"433\" srcset=\"https:\/\/www.organisator.ch\/wp-content\/uploads\/2024\/12\/Slack-Workforce_Bild1_ps.jpg 680w, https:\/\/www.organisator.ch\/wp-content\/uploads\/2024\/12\/Slack-Workforce_Bild1_ps-18x12.jpg 18w, https:\/\/www.organisator.ch\/wp-content\/uploads\/2024\/12\/Slack-Workforce_Bild1_ps-375x239.jpg 375w, https:\/\/www.organisator.ch\/wp-content\/uploads\/2024\/12\/Slack-Workforce_Bild1_ps-550x350.jpg 550w\" sizes=\"auto, (max-width: 680px) 100vw, 680px\" \/><figcaption id=\"caption-attachment-34581\" class=\"wp-caption-text\">Les employ\u00e9s de bureau ont des sentiments mitig\u00e9s sur la divulgation de leur utilisation de l'IA. (Image : public.tableau.com)<\/figcaption><\/figure>\n<p>Outre le manque de formation de la part des employeurs, l'\u00e9tude met en \u00e9vidence l'incertitude et le malaise li\u00e9s \u00e0 l'utilisation de l'IA. 50 % des travailleurs suisses indiquent qu'ils sont mal \u00e0 l'aise d'avouer l'utilisation de l'IA \u00e0 leurs sup\u00e9rieurs. Ils craignent d'\u00eatre ainsi consid\u00e9r\u00e9s comme incomp\u00e9tents, paresseux ou tricheurs.<\/p>\n<h3><strong>Pourquoi est-ce important ? <\/strong><\/h3>\n<p>Selon McKinsey, l'IA pourrait augmenter les b\u00e9n\u00e9fices des entreprises de 4,4 billions de dollars par an. Des recherches men\u00e9es par Salesforce ont \u00e9galement montr\u00e9 que les \u00e9quipes de vente qui utilisent l'IA ont 30% de chances de r\u00e9aliser un chiffre d'affaires plus \u00e9lev\u00e9 que celles qui ne le font pas. Les employeurs doivent toutefois encourager leurs collaborateurs \u00e0 utiliser l'IA et \u00e0 en tirer les avantages. Ce n'est qu'avec la formation et les instructions n\u00e9cessaires qu'ils pourront travailler avec succ\u00e8s dans cette nouvelle \u00e8re.<\/p>\n<p><strong>Perspective Salesforce :<\/strong> \"Aujourd'hui, on impose trop de choses aux collaborateurs pour comprendre l'IA. Il est important que les dirigeants ne se contentent pas de former leur main-d'\u0153uvre \u00e0 l'IA, mais qu'ils l'encouragent \u00e9galement \u00e0 en parler et \u00e0 exp\u00e9rimenter librement avec l'IA\", explique Christina Janzer, SVP Research and Analytics chez Slack. \"L'introduction d'agents de l'IA - avec des r\u00f4les et des politiques clairement d\u00e9finis - aidera \u00e9galement dans ce sens et r\u00e9duira l'ambigu\u00eft\u00e9 et l'anxi\u00e9t\u00e9 que de nombreux employ\u00e9s ressentent lorsqu'ils utilisent l'IA au travail\".<\/p>\n<h3><strong>Les r\u00e9sultats en Suisse et dans le monde<\/strong><\/h3>\n<p>De nombreux employ\u00e9s cachent leur utilisation de l'IA sur leur lieu de travail en raison de l'ins\u00e9curit\u00e9 et de la peur, en particulier en Suisse o\u00f9 50 % des employ\u00e9s de bureau d\u00e9clarent \u00eatre mal \u00e0 l'aise de r\u00e9v\u00e9ler leur utilisation de l'IA \u00e0 leurs sup\u00e9rieurs. Les raisons invoqu\u00e9es sont g\u00e9n\u00e9ralement la crainte d'\u00eatre consid\u00e9r\u00e9 comme moins comp\u00e9tent ou paresseux, ainsi que le sentiment que l'utilisation de l'IA n'est pas \u00e9thique. Cependant, des \u00e9tudes globales montrent que la probabilit\u00e9 d'utiliser l'IA augmente de 67 % lorsque des discussions ouvertes avec les sup\u00e9rieurs sont possibles.<\/p>\n<p>Il existe en outre une nette divergence entre les attentes des travailleurs et les priorit\u00e9s des cadres dans l'utilisation de l'IA. Alors que les cadres souhaitent consacrer le temps gagn\u00e9 gr\u00e2ce \u00e0 l'IA \u00e0 la formation continue et \u00e0 l'innovation, les employ\u00e9s accordent plus d'importance au rattrapage des t\u00e2ches laiss\u00e9es en suspens et \u00e0 l'intensification des projets existants. En Suisse, les employ\u00e9s donnent toutefois aussi la priorit\u00e9 aux t\u00e2ches administratives.<\/p>\n<p>Malgr\u00e9 les incertitudes, de nombreux travailleurs souhaitent un meilleur soutien dans l'apprentissage des applications d'IA. En Suisse, 82 % aspirent \u00e0 devenir des experts en IA, mais ont souvent investi peu de temps dans la formation continue correspondante. Au niveau mondial, 30 % de la main-d'\u0153uvre d\u00e9clarent n'avoir re\u00e7u aucune formation en IA. Les employeurs qui \u00e9tablissent des directives claires et proposent des formations en IA sont consid\u00e9r\u00e9s comme plus attrayants : 81 % des travailleurs suisses consid\u00e8rent la capacit\u00e9 d'un employeur \u00e0 fournir des outils d'IA et \u00e0 encourager leur utilisation comme un facteur d\u00e9cisif dans la recherche d'un emploi. Les d\u00e9butants en particulier accordent une grande importance \u00e0 ce facteur.<\/p>\n<p><em>Source : <a href=\"http:\/\/www.slack.com\">www.slack.com<\/a><\/em><\/p>","protected":false},"excerpt":{"rendered":"<p>L'acceptation de l'IA progresse en Suisse : 47 % des employ\u00e9s suisses utilisent l'IA dans leur travail et 53 % se r\u00e9jouissent \u00e0 l'id\u00e9e que l'IA puisse remplacer certaines t\u00e2ches, selon le nouveau Workforce Index de Slack. Bien que les dirigeants continuent de souligner l'urgence de l'utilisation de la technologie et que l'acceptation soit d\u00e9j\u00e0 \u00e9lev\u00e9e en Suisse, les taux d'adoption de l'IA ont ralenti au cours des trois derniers mois dans le monde entier - ils sont pass\u00e9s de 32 % \u00e0 seulement 36 %.<\/p>","protected":false},"author":80,"featured_media":34581,"comment_status":"closed","ping_status":"closed","sticky":false,"template":"","format":"standard","meta":{"_acf_changed":false,"_yoast_wpseo_focuskw":"KI-Akzeptanz Schweiz","_yoast_wpseo_metadesc":"47 % der Schweizer nutzen KI bei der Arbeit, doch Unsicherheiten bleiben. Unternehmen m\u00fcssen KI-Schulungen f\u00f6rdern, um Potenziale zu nutzen.","articlekey":"","footnotes":""},"categories":[579],"tags":[4933,208,319,424,475],"class_list":["post-34580","post","type-post","status-publish","format-standard","has-post-thumbnail","hentry","category-human-resources","tag-arbeitskraefte","tag-fit-im-job","tag-kuenstliche-intelligenz","tag-schweiz","tag-technologie"],"acf":[],"yoast_head":"<!-- This site is optimized with the Yoast SEO plugin v27.5 - https:\/\/yoast.com\/product\/yoast-seo-wordpress\/ -->\n<title>Die H\u00e4lfte der Schweizer Arbeitskr\u00e4fte gibt ungern zu, KI einzusetzen - Organisator<\/title>\n<meta name=\"description\" content=\"47 % der Schweizer nutzen KI bei der Arbeit, doch Unsicherheiten bleiben. Unternehmen m\u00fcssen KI-Schulungen f\u00f6rdern, um Potenziale zu nutzen.\" \/>\n<meta name=\"robots\" content=\"index, follow, max-snippet:-1, max-image-preview:large, max-video-preview:-1\" \/>\n<link rel=\"canonical\" href=\"https:\/\/www.organisator.ch\/fr\/ressources-humaines\/2024-12-10\/die-haelfte-der-schweizer-arbeitskraefte-gibt-ungern-zu-ki-einzusetzen\/\" \/>\n<meta property=\"og:locale\" content=\"fr_FR\" \/>\n<meta property=\"og:type\" content=\"article\" \/>\n<meta property=\"og:title\" content=\"Die H\u00e4lfte der Schweizer Arbeitskr\u00e4fte gibt ungern zu, KI einzusetzen\" \/>\n<meta property=\"og:description\" content=\"47 % der Schweizer nutzen KI bei der Arbeit, doch Unsicherheiten bleiben. Unternehmen m\u00fcssen KI-Schulungen f\u00f6rdern, um Potenziale zu nutzen.\" \/>\n<meta property=\"og:url\" content=\"https:\/\/www.organisator.ch\/fr\/ressources-humaines\/2024-12-10\/die-haelfte-der-schweizer-arbeitskraefte-gibt-ungern-zu-ki-einzusetzen\/\" \/>\n<meta property=\"og:site_name\" content=\"Organisator\" \/>\n<meta property=\"article:publisher\" content=\"https:\/\/www.facebook.com\/OrganisatorFachmagazin\" \/>\n<meta property=\"article:published_time\" content=\"2024-12-10T11:45:48+00:00\" \/>\n<meta property=\"og:image\" content=\"https:\/\/www.organisator.ch\/wp-content\/uploads\/2024\/12\/Slack-Workforce_Bild1_ps.jpg\" \/>\n\t<meta property=\"og:image:width\" content=\"680\" \/>\n\t<meta property=\"og:image:height\" content=\"433\" \/>\n\t<meta property=\"og:image:type\" content=\"image\/jpeg\" \/>\n<meta name=\"author\" content=\"Dzana Muminovic\" \/>\n<meta name=\"twitter:card\" content=\"summary_large_image\" \/>\n<meta name=\"twitter:title\" content=\"Die H\u00e4lfte der Schweizer Arbeitskr\u00e4fte gibt ungern zu, KI einzusetzen\" \/>\n<meta name=\"twitter:description\" content=\"47 % der #Schweizer nutzen #KI bei der #Arbeit, doch #Unsicherheiten bleiben. #Unternehmen m\u00fcssen KI-#Schulungen f\u00f6rdern, um Potenziale zu nutzen.\" \/>\n<meta name=\"twitter:image\" content=\"https:\/\/www.organisator.ch\/wp-content\/uploads\/2024\/12\/Slack-Workforce_Bild1_ps.jpg\" \/>\n<script type=\"application\/ld+json\" class=\"yoast-schema-graph\">{\"@context\":\"https:\\\/\\\/schema.org\",\"@graph\":[{\"@type\":\"Article\",\"@id\":\"https:\\\/\\\/www.organisator.ch\\\/human-resources\\\/2024-12-10\\\/die-haelfte-der-schweizer-arbeitskraefte-gibt-ungern-zu-ki-einzusetzen\\\/#article\",\"isPartOf\":{\"@id\":\"https:\\\/\\\/www.organisator.ch\\\/human-resources\\\/2024-12-10\\\/die-haelfte-der-schweizer-arbeitskraefte-gibt-ungern-zu-ki-einzusetzen\\\/\"},\"author\":{\"name\":\"Dzana Muminovic\",\"@id\":\"https:\\\/\\\/www.organisator.ch\\\/#\\\/schema\\\/person\\\/afccda3a71c06d4be2ed9100dd163db7\"},\"headline\":\"Die H\u00e4lfte der Schweizer Arbeitskr\u00e4fte gibt ungern zu, KI einzusetzen\",\"datePublished\":\"2024-12-10T11:45:48+00:00\",\"mainEntityOfPage\":{\"@id\":\"https:\\\/\\\/www.organisator.ch\\\/human-resources\\\/2024-12-10\\\/die-haelfte-der-schweizer-arbeitskraefte-gibt-ungern-zu-ki-einzusetzen\\\/\"},\"wordCount\":487,\"publisher\":{\"@id\":\"https:\\\/\\\/www.organisator.ch\\\/#organization\"},\"image\":{\"@id\":\"https:\\\/\\\/www.organisator.ch\\\/human-resources\\\/2024-12-10\\\/die-haelfte-der-schweizer-arbeitskraefte-gibt-ungern-zu-ki-einzusetzen\\\/#primaryimage\"},\"thumbnailUrl\":\"https:\\\/\\\/www.organisator.ch\\\/wp-content\\\/uploads\\\/2024\\\/12\\\/Slack-Workforce_Bild1_ps.jpg\",\"keywords\":[\"Arbeitskr\u00e4fte\",\"Fit im Job\",\"K\u00fcnstliche Intelligenz\",\"Schweiz\",\"Technologie\"],\"articleSection\":[\"HUMAN RESOURCES\"],\"inLanguage\":\"fr-FR\"},{\"@type\":\"WebPage\",\"@id\":\"https:\\\/\\\/www.organisator.ch\\\/human-resources\\\/2024-12-10\\\/die-haelfte-der-schweizer-arbeitskraefte-gibt-ungern-zu-ki-einzusetzen\\\/\",\"url\":\"https:\\\/\\\/www.organisator.ch\\\/human-resources\\\/2024-12-10\\\/die-haelfte-der-schweizer-arbeitskraefte-gibt-ungern-zu-ki-einzusetzen\\\/\",\"name\":\"Die H\u00e4lfte der Schweizer Arbeitskr\u00e4fte gibt ungern zu, KI einzusetzen - Organisator\",\"isPartOf\":{\"@id\":\"https:\\\/\\\/www.organisator.ch\\\/#website\"},\"primaryImageOfPage\":{\"@id\":\"https:\\\/\\\/www.organisator.ch\\\/human-resources\\\/2024-12-10\\\/die-haelfte-der-schweizer-arbeitskraefte-gibt-ungern-zu-ki-einzusetzen\\\/#primaryimage\"},\"image\":{\"@id\":\"https:\\\/\\\/www.organisator.ch\\\/human-resources\\\/2024-12-10\\\/die-haelfte-der-schweizer-arbeitskraefte-gibt-ungern-zu-ki-einzusetzen\\\/#primaryimage\"},\"thumbnailUrl\":\"https:\\\/\\\/www.organisator.ch\\\/wp-content\\\/uploads\\\/2024\\\/12\\\/Slack-Workforce_Bild1_ps.jpg\",\"datePublished\":\"2024-12-10T11:45:48+00:00\",\"description\":\"47 % der Schweizer nutzen KI bei der Arbeit, doch Unsicherheiten bleiben. Unternehmen m\u00fcssen KI-Schulungen f\u00f6rdern, um Potenziale zu nutzen.\",\"breadcrumb\":{\"@id\":\"https:\\\/\\\/www.organisator.ch\\\/human-resources\\\/2024-12-10\\\/die-haelfte-der-schweizer-arbeitskraefte-gibt-ungern-zu-ki-einzusetzen\\\/#breadcrumb\"},\"inLanguage\":\"fr-FR\",\"potentialAction\":[{\"@type\":\"ReadAction\",\"target\":[\"https:\\\/\\\/www.organisator.ch\\\/human-resources\\\/2024-12-10\\\/die-haelfte-der-schweizer-arbeitskraefte-gibt-ungern-zu-ki-einzusetzen\\\/\"]}]},{\"@type\":\"ImageObject\",\"inLanguage\":\"fr-FR\",\"@id\":\"https:\\\/\\\/www.organisator.ch\\\/human-resources\\\/2024-12-10\\\/die-haelfte-der-schweizer-arbeitskraefte-gibt-ungern-zu-ki-einzusetzen\\\/#primaryimage\",\"url\":\"https:\\\/\\\/www.organisator.ch\\\/wp-content\\\/uploads\\\/2024\\\/12\\\/Slack-Workforce_Bild1_ps.jpg\",\"contentUrl\":\"https:\\\/\\\/www.organisator.ch\\\/wp-content\\\/uploads\\\/2024\\\/12\\\/Slack-Workforce_Bild1_ps.jpg\",\"width\":680,\"height\":433,\"caption\":\"B\u00fcroangestellte haben gemischte Gef\u00fchle \u00fcber die Offenlegung ihrer KI-Nutzung. (Bild: public.tableau.com)\"},{\"@type\":\"BreadcrumbList\",\"@id\":\"https:\\\/\\\/www.organisator.ch\\\/human-resources\\\/2024-12-10\\\/die-haelfte-der-schweizer-arbeitskraefte-gibt-ungern-zu-ki-einzusetzen\\\/#breadcrumb\",\"itemListElement\":[{\"@type\":\"ListItem\",\"position\":1,\"name\":\"Home\",\"item\":\"https:\\\/\\\/www.organisator.ch\\\/\"},{\"@type\":\"ListItem\",\"position\":2,\"name\":\"Die H\u00e4lfte der Schweizer Arbeitskr\u00e4fte gibt ungern zu, KI einzusetzen\"}]},{\"@type\":\"WebSite\",\"@id\":\"https:\\\/\\\/www.organisator.ch\\\/#website\",\"url\":\"https:\\\/\\\/www.organisator.ch\\\/\",\"name\":\"Organisator\",\"description\":\"Kompetent. Praxisnah. Der ORGANISATOR bereitet in 10 Ausgaben pro Jahr die wesentlichen Themen f\u00fcr F\u00fchrungskr\u00e4fte von KMU auf.\",\"publisher\":{\"@id\":\"https:\\\/\\\/www.organisator.ch\\\/#organization\"},\"potentialAction\":[{\"@type\":\"SearchAction\",\"target\":{\"@type\":\"EntryPoint\",\"urlTemplate\":\"https:\\\/\\\/www.organisator.ch\\\/?s={search_term_string}\"},\"query-input\":{\"@type\":\"PropertyValueSpecification\",\"valueRequired\":true,\"valueName\":\"search_term_string\"}}],\"inLanguage\":\"fr-FR\"},{\"@type\":\"Organization\",\"@id\":\"https:\\\/\\\/www.organisator.ch\\\/#organization\",\"name\":\"Organisator\",\"url\":\"https:\\\/\\\/www.organisator.ch\\\/\",\"logo\":{\"@type\":\"ImageObject\",\"inLanguage\":\"fr-FR\",\"@id\":\"https:\\\/\\\/www.organisator.ch\\\/#\\\/schema\\\/logo\\\/image\\\/\",\"url\":\"https:\\\/\\\/www.organisator.ch\\\/wp-content\\\/uploads\\\/2022\\\/01\\\/Logo_Organisator_Website.png\",\"contentUrl\":\"https:\\\/\\\/www.organisator.ch\\\/wp-content\\\/uploads\\\/2022\\\/01\\\/Logo_Organisator_Website.png\",\"width\":800,\"height\":77,\"caption\":\"Organisator\"},\"image\":{\"@id\":\"https:\\\/\\\/www.organisator.ch\\\/#\\\/schema\\\/logo\\\/image\\\/\"},\"sameAs\":[\"https:\\\/\\\/www.facebook.com\\\/OrganisatorFachmagazin\",\"https:\\\/\\\/www.linkedin.com\\\/showcase\\\/organisator-das-magazin-fr-kmu\",\"https:\\\/\\\/www.xing.com\\\/news\\\/pages\\\/organisator-ch-695\",\"https:\\\/\\\/www.youtube.com\\\/channel\\\/UCGP2Sq0iWaZwT3BdIAQFYpw\"]},{\"@type\":\"Person\",\"@id\":\"https:\\\/\\\/www.organisator.ch\\\/#\\\/schema\\\/person\\\/afccda3a71c06d4be2ed9100dd163db7\",\"name\":\"Dzana Muminovic\",\"image\":{\"@type\":\"ImageObject\",\"inLanguage\":\"fr-FR\",\"@id\":\"https:\\\/\\\/secure.gravatar.com\\\/avatar\\\/909c5c71aff4b38e88686f2ab2f1ba152571f394f41ed8bae431ea56ced93050?s=96&d=mm&r=g\",\"url\":\"https:\\\/\\\/secure.gravatar.com\\\/avatar\\\/909c5c71aff4b38e88686f2ab2f1ba152571f394f41ed8bae431ea56ced93050?s=96&d=mm&r=g\",\"contentUrl\":\"https:\\\/\\\/secure.gravatar.com\\\/avatar\\\/909c5c71aff4b38e88686f2ab2f1ba152571f394f41ed8bae431ea56ced93050?s=96&d=mm&r=g\",\"caption\":\"Dzana Muminovic\"},\"url\":\"https:\\\/\\\/www.organisator.ch\\\/fr\\\/author\\\/dzana-muminovic\\\/\"}]}<\/script>\n<!-- \/ Yoast SEO plugin. -->","yoast_head_json":{"title":"La moiti\u00e9 des travailleurs suisses n'admettent pas volontiers utiliser l'IA - Organisateur","description":"47 % des Suisses utilisent l'IA au travail, mais des incertitudes subsistent. Les entreprises doivent encourager la formation \u00e0 l'IA afin d'exploiter les potentiels.","robots":{"index":"index","follow":"follow","max-snippet":"max-snippet:-1","max-image-preview":"max-image-preview:large","max-video-preview":"max-video-preview:-1"},"canonical":"https:\/\/www.organisator.ch\/fr\/ressources-humaines\/2024-12-10\/die-haelfte-der-schweizer-arbeitskraefte-gibt-ungern-zu-ki-einzusetzen\/","og_locale":"fr_FR","og_type":"article","og_title":"Die H\u00e4lfte der Schweizer Arbeitskr\u00e4fte gibt ungern zu, KI einzusetzen","og_description":"47 % der Schweizer nutzen KI bei der Arbeit, doch Unsicherheiten bleiben. Unternehmen m\u00fcssen KI-Schulungen f\u00f6rdern, um Potenziale zu nutzen.","og_url":"https:\/\/www.organisator.ch\/fr\/ressources-humaines\/2024-12-10\/die-haelfte-der-schweizer-arbeitskraefte-gibt-ungern-zu-ki-einzusetzen\/","og_site_name":"Organisator","article_publisher":"https:\/\/www.facebook.com\/OrganisatorFachmagazin","article_published_time":"2024-12-10T11:45:48+00:00","og_image":[{"width":680,"height":433,"url":"https:\/\/www.organisator.ch\/wp-content\/uploads\/2024\/12\/Slack-Workforce_Bild1_ps.jpg","type":"image\/jpeg"}],"author":"Dzana Muminovic","twitter_card":"summary_large_image","twitter_title":"Die H\u00e4lfte der Schweizer Arbeitskr\u00e4fte gibt ungern zu, KI einzusetzen","twitter_description":"47 % der #Schweizer nutzen #KI bei der #Arbeit, doch #Unsicherheiten bleiben. #Unternehmen m\u00fcssen KI-#Schulungen f\u00f6rdern, um Potenziale zu nutzen.","twitter_image":"https:\/\/www.organisator.ch\/wp-content\/uploads\/2024\/12\/Slack-Workforce_Bild1_ps.jpg","schema":{"@context":"https:\/\/schema.org","@graph":[{"@type":"Article","@id":"https:\/\/www.organisator.ch\/human-resources\/2024-12-10\/die-haelfte-der-schweizer-arbeitskraefte-gibt-ungern-zu-ki-einzusetzen\/#article","isPartOf":{"@id":"https:\/\/www.organisator.ch\/human-resources\/2024-12-10\/die-haelfte-der-schweizer-arbeitskraefte-gibt-ungern-zu-ki-einzusetzen\/"},"author":{"name":"Dzana Muminovic","@id":"https:\/\/www.organisator.ch\/#\/schema\/person\/afccda3a71c06d4be2ed9100dd163db7"},"headline":"Die H\u00e4lfte der Schweizer Arbeitskr\u00e4fte gibt ungern zu, KI einzusetzen","datePublished":"2024-12-10T11:45:48+00:00","mainEntityOfPage":{"@id":"https:\/\/www.organisator.ch\/human-resources\/2024-12-10\/die-haelfte-der-schweizer-arbeitskraefte-gibt-ungern-zu-ki-einzusetzen\/"},"wordCount":487,"publisher":{"@id":"https:\/\/www.organisator.ch\/#organization"},"image":{"@id":"https:\/\/www.organisator.ch\/human-resources\/2024-12-10\/die-haelfte-der-schweizer-arbeitskraefte-gibt-ungern-zu-ki-einzusetzen\/#primaryimage"},"thumbnailUrl":"https:\/\/www.organisator.ch\/wp-content\/uploads\/2024\/12\/Slack-Workforce_Bild1_ps.jpg","keywords":["Arbeitskr\u00e4fte","Fit im Job","K\u00fcnstliche Intelligenz","Schweiz","Technologie"],"articleSection":["HUMAN RESOURCES"],"inLanguage":"fr-FR"},{"@type":"WebPage","@id":"https:\/\/www.organisator.ch\/human-resources\/2024-12-10\/die-haelfte-der-schweizer-arbeitskraefte-gibt-ungern-zu-ki-einzusetzen\/","url":"https:\/\/www.organisator.ch\/human-resources\/2024-12-10\/die-haelfte-der-schweizer-arbeitskraefte-gibt-ungern-zu-ki-einzusetzen\/","name":"La moiti\u00e9 des travailleurs suisses n'admettent pas volontiers utiliser l'IA - Organisateur","isPartOf":{"@id":"https:\/\/www.organisator.ch\/#website"},"primaryImageOfPage":{"@id":"https:\/\/www.organisator.ch\/human-resources\/2024-12-10\/die-haelfte-der-schweizer-arbeitskraefte-gibt-ungern-zu-ki-einzusetzen\/#primaryimage"},"image":{"@id":"https:\/\/www.organisator.ch\/human-resources\/2024-12-10\/die-haelfte-der-schweizer-arbeitskraefte-gibt-ungern-zu-ki-einzusetzen\/#primaryimage"},"thumbnailUrl":"https:\/\/www.organisator.ch\/wp-content\/uploads\/2024\/12\/Slack-Workforce_Bild1_ps.jpg","datePublished":"2024-12-10T11:45:48+00:00","description":"47 % des Suisses utilisent l'IA au travail, mais des incertitudes subsistent. Les entreprises doivent encourager la formation \u00e0 l'IA afin d'exploiter les potentiels.","breadcrumb":{"@id":"https:\/\/www.organisator.ch\/human-resources\/2024-12-10\/die-haelfte-der-schweizer-arbeitskraefte-gibt-ungern-zu-ki-einzusetzen\/#breadcrumb"},"inLanguage":"fr-FR","potentialAction":[{"@type":"ReadAction","target":["https:\/\/www.organisator.ch\/human-resources\/2024-12-10\/die-haelfte-der-schweizer-arbeitskraefte-gibt-ungern-zu-ki-einzusetzen\/"]}]},{"@type":"ImageObject","inLanguage":"fr-FR","@id":"https:\/\/www.organisator.ch\/human-resources\/2024-12-10\/die-haelfte-der-schweizer-arbeitskraefte-gibt-ungern-zu-ki-einzusetzen\/#primaryimage","url":"https:\/\/www.organisator.ch\/wp-content\/uploads\/2024\/12\/Slack-Workforce_Bild1_ps.jpg","contentUrl":"https:\/\/www.organisator.ch\/wp-content\/uploads\/2024\/12\/Slack-Workforce_Bild1_ps.jpg","width":680,"height":433,"caption":"B\u00fcroangestellte haben gemischte Gef\u00fchle \u00fcber die Offenlegung ihrer KI-Nutzung. (Bild: public.tableau.com)"},{"@type":"BreadcrumbList","@id":"https:\/\/www.organisator.ch\/human-resources\/2024-12-10\/die-haelfte-der-schweizer-arbeitskraefte-gibt-ungern-zu-ki-einzusetzen\/#breadcrumb","itemListElement":[{"@type":"ListItem","position":1,"name":"Home","item":"https:\/\/www.organisator.ch\/"},{"@type":"ListItem","position":2,"name":"Die H\u00e4lfte der Schweizer Arbeitskr\u00e4fte gibt ungern zu, KI einzusetzen"}]},{"@type":"WebSite","@id":"https:\/\/www.organisator.ch\/#website","url":"https:\/\/www.organisator.ch\/","name":"Organisateur","description":"Comp\u00e9tence et comp\u00e9tence. Proches de la pratique. L'ORGANISATEUR pr\u00e9pare 10 num\u00e9ros par an sur les th\u00e8mes essentiels pour les dirigeants de PME.","publisher":{"@id":"https:\/\/www.organisator.ch\/#organization"},"potentialAction":[{"@type":"SearchAction","target":{"@type":"EntryPoint","urlTemplate":"https:\/\/www.organisator.ch\/?s={search_term_string}"},"query-input":{"@type":"PropertyValueSpecification","valueRequired":true,"valueName":"search_term_string"}}],"inLanguage":"fr-FR"},{"@type":"Organization","@id":"https:\/\/www.organisator.ch\/#organization","name":"Organisateur","url":"https:\/\/www.organisator.ch\/","logo":{"@type":"ImageObject","inLanguage":"fr-FR","@id":"https:\/\/www.organisator.ch\/#\/schema\/logo\/image\/","url":"https:\/\/www.organisator.ch\/wp-content\/uploads\/2022\/01\/Logo_Organisator_Website.png","contentUrl":"https:\/\/www.organisator.ch\/wp-content\/uploads\/2022\/01\/Logo_Organisator_Website.png","width":800,"height":77,"caption":"Organisator"},"image":{"@id":"https:\/\/www.organisator.ch\/#\/schema\/logo\/image\/"},"sameAs":["https:\/\/www.facebook.com\/OrganisatorFachmagazin","https:\/\/www.linkedin.com\/showcase\/organisator-das-magazin-fr-kmu","https:\/\/www.xing.com\/news\/pages\/organisator-ch-695","https:\/\/www.youtube.com\/channel\/UCGP2Sq0iWaZwT3BdIAQFYpw"]},{"@type":"Person","@id":"https:\/\/www.organisator.ch\/#\/schema\/person\/afccda3a71c06d4be2ed9100dd163db7","name":"Dzana Muminovic","image":{"@type":"ImageObject","inLanguage":"fr-FR","@id":"https:\/\/secure.gravatar.com\/avatar\/909c5c71aff4b38e88686f2ab2f1ba152571f394f41ed8bae431ea56ced93050?s=96&d=mm&r=g","url":"https:\/\/secure.gravatar.com\/avatar\/909c5c71aff4b38e88686f2ab2f1ba152571f394f41ed8bae431ea56ced93050?s=96&d=mm&r=g","contentUrl":"https:\/\/secure.gravatar.com\/avatar\/909c5c71aff4b38e88686f2ab2f1ba152571f394f41ed8bae431ea56ced93050?s=96&d=mm&r=g","caption":"Dzana Muminovic"},"url":"https:\/\/www.organisator.ch\/fr\/author\/dzana-muminovic\/"}]}},"_links":{"self":[{"href":"https:\/\/www.organisator.ch\/fr\/wp-json\/wp\/v2\/posts\/34580","targetHints":{"allow":["GET"]}}],"collection":[{"href":"https:\/\/www.organisator.ch\/fr\/wp-json\/wp\/v2\/posts"}],"about":[{"href":"https:\/\/www.organisator.ch\/fr\/wp-json\/wp\/v2\/types\/post"}],"author":[{"embeddable":true,"href":"https:\/\/www.organisator.ch\/fr\/wp-json\/wp\/v2\/users\/80"}],"replies":[{"embeddable":true,"href":"https:\/\/www.organisator.ch\/fr\/wp-json\/wp\/v2\/comments?post=34580"}],"version-history":[{"count":3,"href":"https:\/\/www.organisator.ch\/fr\/wp-json\/wp\/v2\/posts\/34580\/revisions"}],"predecessor-version":[{"id":34656,"href":"https:\/\/www.organisator.ch\/fr\/wp-json\/wp\/v2\/posts\/34580\/revisions\/34656"}],"wp:featuredmedia":[{"embeddable":true,"href":"https:\/\/www.organisator.ch\/fr\/wp-json\/wp\/v2\/media\/34581"}],"wp:attachment":[{"href":"https:\/\/www.organisator.ch\/fr\/wp-json\/wp\/v2\/media?parent=34580"}],"wp:term":[{"taxonomy":"category","embeddable":true,"href":"https:\/\/www.organisator.ch\/fr\/wp-json\/wp\/v2\/categories?post=34580"},{"taxonomy":"post_tag","embeddable":true,"href":"https:\/\/www.organisator.ch\/fr\/wp-json\/wp\/v2\/tags?post=34580"}],"curies":[{"name":"wp","href":"https:\/\/api.w.org\/{rel}","templated":true}]}}