{"id":346,"date":"2016-11-24T14:29:56","date_gmt":"2016-11-24T13:29:56","guid":{"rendered":"http:\/\/dev.organisator.ch\/?p=346"},"modified":"2016-11-24T14:29:56","modified_gmt":"2016-11-24T13:29:56","slug":"fuenf-tipps-zum-thema-informationssicherheit-in-unternehmen","status":"publish","type":"post","link":"https:\/\/www.organisator.ch\/fr\/management\/it\/2016-11-24\/fuenf-tipps-zum-thema-informationssicherheit-in-unternehmen\/","title":{"rendered":"Cinq conseils sur la s\u00e9curit\u00e9 de l'information dans les entreprises"},"content":{"rendered":"<figure id=\"attachment_347\" aria-describedby=\"caption-attachment-347\" style=\"width: 532px\" class=\"wp-caption alignnone\"><img loading=\"lazy\" decoding=\"async\" class=\"size-full wp-image-347\" src=\"https:\/\/www.organisator.ch\/wp-content\/uploads\/2016\/12\/Fuenf-Tipps-zum-Thema-Informationssicherheit-in-Unternehmen-organisator.jpg\" alt=\"\" width=\"532\" height=\"480\" srcset=\"https:\/\/www.organisator.ch\/wp-content\/uploads\/2016\/12\/Fuenf-Tipps-zum-Thema-Informationssicherheit-in-Unternehmen-organisator.jpg 532w, https:\/\/www.organisator.ch\/wp-content\/uploads\/2016\/12\/Fuenf-Tipps-zum-Thema-Informationssicherheit-in-Unternehmen-organisator-13x12.jpg 13w, https:\/\/www.organisator.ch\/wp-content\/uploads\/2016\/12\/Fuenf-Tipps-zum-Thema-Informationssicherheit-in-Unternehmen-organisator-194x175.jpg 194w, https:\/\/www.organisator.ch\/wp-content\/uploads\/2016\/12\/Fuenf-Tipps-zum-Thema-Informationssicherheit-in-Unternehmen-organisator-388x350.jpg 388w, https:\/\/www.organisator.ch\/wp-content\/uploads\/2016\/12\/Fuenf-Tipps-zum-Thema-Informationssicherheit-in-Unternehmen-organisator-300x271.jpg 300w\" sizes=\"auto, (max-width: 532px) 100vw, 532px\" \/><figcaption id=\"caption-attachment-347\" class=\"wp-caption-text\">Gabriel Gabriel donne des conseils aux directions d'entreprises sur la mani\u00e8re de mieux prot\u00e9ger leurs entreprises contre la cybercriminalit\u00e9.<\/figcaption><\/figure>\n<p>La Zurich Assurances a elle aussi r\u00e9cemment <a href=\"\/kmu-unterschaetzen-risiko-von-cyber-crime\" target=\"_blank\" rel=\"noreferrer noopener\" data-cke-saved-href=\"https:\/\/organisator.hamster.ch\/schweizer-kmu-sind-nicht-vor-cybercrime-geschuetzt-1\">Sondage<\/a> a constat\u00e9 que les PME \u00e9taient \"catastrophiquement mal \u00e9quip\u00e9es\" contre les cyber-attaques. Il n'est bien s\u00fbr jamais possible d'exclure compl\u00e8tement une attaque r\u00e9ussie de l'ext\u00e9rieur ou de l'int\u00e9rieur. Mais des mesures simples rendent d\u00e9j\u00e0 plus difficile pour les malfaiteurs de s'emparer d'informations critiques pour l'entreprise. Gabriel Gabriel, Managing Director de Brainloop Suisse, donne cinq conseils pour vivre en toute s\u00e9curit\u00e9.<\/p>\n<p><strong>1. identifier et classer les informations confidentielles<\/strong><\/p>\n<p>Tous les documents ne sont pas dignes de protection. Un syst\u00e8me de classification facile \u00e0 comprendre avec les cat\u00e9gories ouvert, interne, confidentiel, strictement confidentiel permet de clarifier la mani\u00e8re dont les diff\u00e9rents documents doivent \u00eatre trait\u00e9s et quels groupes de personnes ont acc\u00e8s.<\/p>\n<p><strong>2. d\u00e9finir les responsabilit\u00e9s<\/strong><\/p>\n<p>Tous les collaborateurs n'ont pas besoin d'acc\u00e9der \u00e0 toutes les donn\u00e9es sur le serveur de l'entreprise. Cela vaut \u00e9galement pour l'informatique qui, dans de nombreux cas, peut agir sans restrictions. Plus le cercle des personnes autoris\u00e9es est restreint, plus il est facile d'exclure les abus. Un historique des r\u00e9visions ainsi qu'une gestion des droits d'information, qui interdit par exemple d'imprimer ou de sauvegarder localement un document, sont \u00e9galement utiles.<\/p>\n<p><strong>3. prot\u00e9ger techniquement les informations<\/strong><\/p>\n<p>Outre les dispositions organisationnelles susmentionn\u00e9es, des mesures techniques garantissent la s\u00e9curit\u00e9 de l'information. Pour cela, de nombreuses exigences doivent \u00eatre remplies, telles qu'un cryptage de bout en bout, une gestion efficace des acc\u00e8s, une journalisation conforme aux exigences de r\u00e9vision et une gestion des droits d'information. En m\u00eame temps, elles doivent \u00eatre faciles \u00e0 utiliser. Les solutions bas\u00e9es sur le cloud de fournisseurs externes marquent par exemple des points avec une mise en \u0153uvre simple. Si les entreprises optent pour une telle solution, elles doivent toutefois veiller \u00e0 ce que le fournisseur n'ait pas non plus acc\u00e8s aux donn\u00e9es sensibles. L'emplacement du centre de donn\u00e9es est \u00e9galement important. Il d\u00e9termine la l\u00e9gislation en vigueur en mati\u00e8re de protection des donn\u00e9es. Les solutions Brainloop, telles que la Secure Dataroom, r\u00e9pondent \u00e0 ces exigences et permettent de stocker les donn\u00e9es en Suisse et m\u00eame dans leur propre centre de donn\u00e9es.<\/p>\n<p><strong>4. mettre en place des politiques internes et former les collaborateurs<\/strong><\/p>\n<p>M\u00eame les meilleurs m\u00e9canismes de d\u00e9fense contre la cybercriminalit\u00e9 ne fonctionnent que s'ils sont connus et accept\u00e9s par les collaborateurs. Cela suppose que la solution utilis\u00e9e soit conviviale et que l'entreprise investisse dans des mesures de formation. Les r\u00e8gles relatives au traitement des donn\u00e9es sensibles doivent \u00eatre clairement communiqu\u00e9es et consultables par tous.<\/p>\n<p><strong>5. contr\u00f4ler la conformit\u00e9<\/strong><\/p>\n<p>Ce qui reste \u00e0 faire : Veiller \u00e0 ce que toutes les directives soient effectivement respect\u00e9es. En cas de fuite de donn\u00e9es, il faut pouvoir identifier les donn\u00e9es concern\u00e9es et les personnes qui y ont eu acc\u00e8s.<\/p>\n<p>\"Ces derni\u00e8res ann\u00e9es, la menace de la cybercriminalit\u00e9 n'a cess\u00e9 de cro\u00eetre\", poursuit Gabriel Gabriel. \"Il est donc logique que la s\u00e9curit\u00e9 de l'information soit devenue un th\u00e8me de gestion et que la protection des donn\u00e9es sensibles et critiques pour l'entreprise soit une priorit\u00e9\". Selon le directeur g\u00e9n\u00e9ral de Brainloop Suisse, qui propose des solutions hautement s\u00e9curis\u00e9es bas\u00e9es sur le cloud pour le respect des exigences l\u00e9gales et des politiques de conformit\u00e9, un environnement de travail s\u00fbr devrait \u00eatre aussi naturel que la ceinture de s\u00e9curit\u00e9 dans une voiture.<\/p>\n<p><em>Plus d'informations : <a href=\"http:\/\/www.brainloop.com\" data-cke-saved-href=\"http:\/\/www.brainloop.com\">www.brainloop.com<\/a><\/em><\/p>","protected":false},"excerpt":{"rendered":"<p>Auch die Z\u00fcrich Versicherungen haben k\u00fcrzlich in einer Umfrage festgestellt, dass KMU &#8222;katastrophal schlecht ger\u00fcstet&#8220; seien gegen Cyber-Angriffe. Komplett ausschliessen l\u00e4sst sich ein erfolgreicher Angriff von aussen oder innen nat\u00fcrlich nie. Doch schon einfache Massnahmen erschweren T\u00e4tern das Abgreifen gesch\u00e4ftskritischer Informationen entscheidend. Gabriel Gabriel, Managing Director von Brainloop Schweiz, gibt f\u00fcnf Tipps f\u00fcr ein Leben [&hellip;]<\/p>\n","protected":false},"author":1,"featured_media":347,"comment_status":"open","ping_status":"open","sticky":false,"template":"","format":"standard","meta":{"_acf_changed":false,"_yoast_wpseo_focuskw":"Informationssicherheit","_yoast_wpseo_metadesc":"Cyber-Security hat es auf die Priorit\u00e4tenliste der Gesch\u00e4ftsleitungen europ\u00e4ischer Unternehmen geschafft.","articlekey":"","footnotes":""},"categories":[27],"tags":[142,260,286,496],"class_list":["post-346","post","type-post","status-publish","format-standard","has-post-thumbnail","hentry","category-it","tag-cyber-crime","tag-ict-sicherheit","tag-it","tag-unternehmensfuehrung"],"acf":[],"yoast_head":"<!-- This site is optimized with the Yoast SEO plugin v27.5 - https:\/\/yoast.com\/product\/yoast-seo-wordpress\/ -->\n<title>F\u00fcnf Tipps zum Thema Informationssicherheit in Unternehmen - Organisator<\/title>\n<meta name=\"description\" content=\"Cyber-Security hat es auf die Priorit\u00e4tenliste der Gesch\u00e4ftsleitungen europ\u00e4ischer Unternehmen geschafft.\" \/>\n<meta name=\"robots\" content=\"index, follow, max-snippet:-1, max-image-preview:large, max-video-preview:-1\" \/>\n<link rel=\"canonical\" href=\"https:\/\/www.organisator.ch\/fr\/gestion-2\/it\/2016-11-24\/fuenf-tipps-zum-thema-informationssicherheit-in-unternehmen\/\" \/>\n<meta property=\"og:locale\" content=\"fr_FR\" \/>\n<meta property=\"og:type\" content=\"article\" \/>\n<meta property=\"og:title\" content=\"F\u00fcnf Tipps zum Thema Informationssicherheit in Unternehmen\" \/>\n<meta property=\"og:description\" content=\"Cyber-Security hat es auf die Priorit\u00e4tenliste der Gesch\u00e4ftsleitungen europ\u00e4ischer Unternehmen geschafft. Laut einer aktuellen Studie des britischen Versicherers Lloyd\u2019s besch\u00e4ftigen sich 54 Prozent von ihnen mit dem Thema. Eine besondere Bedeutung kommt dabei der Informationssicherheit zu. Denn Daten sind das Erd\u00f6l der Zukunft und haben in vielen F\u00e4llen gesch\u00e4ftskritische Bedeutung. Hinzu kommen Gesetze und Richtlinien, die beispielsweise den Umgang mit personenbezogenen Daten regeln.\" \/>\n<meta property=\"og:url\" content=\"https:\/\/www.organisator.ch\/fr\/gestion-2\/it\/2016-11-24\/fuenf-tipps-zum-thema-informationssicherheit-in-unternehmen\/\" \/>\n<meta property=\"og:site_name\" content=\"Organisator\" \/>\n<meta property=\"article:publisher\" content=\"https:\/\/www.facebook.com\/OrganisatorFachmagazin\" \/>\n<meta property=\"article:published_time\" content=\"2016-11-24T13:29:56+00:00\" \/>\n<meta name=\"author\" content=\"admin\" \/>\n<meta name=\"twitter:card\" content=\"summary_large_image\" \/>\n<meta name=\"twitter:image\" content=\"https:\/\/www.organisator.ch\/wp-content\/uploads\/2016\/12\/Fuenf-Tipps-zum-Thema-Informationssicherheit-in-Unternehmen-organisator.jpg\" \/>\n<script type=\"application\/ld+json\" class=\"yoast-schema-graph\">{\"@context\":\"https:\\\/\\\/schema.org\",\"@graph\":[{\"@type\":\"Article\",\"@id\":\"https:\\\/\\\/www.organisator.ch\\\/management\\\/it\\\/2016-11-24\\\/fuenf-tipps-zum-thema-informationssicherheit-in-unternehmen\\\/#article\",\"isPartOf\":{\"@id\":\"https:\\\/\\\/www.organisator.ch\\\/management\\\/it\\\/2016-11-24\\\/fuenf-tipps-zum-thema-informationssicherheit-in-unternehmen\\\/\"},\"author\":{\"name\":\"admin\",\"@id\":\"https:\\\/\\\/www.organisator.ch\\\/#\\\/schema\\\/person\\\/aa2bace6c5c5aad60102004a50c4eb1c\"},\"headline\":\"F\u00fcnf Tipps zum Thema Informationssicherheit in Unternehmen\",\"datePublished\":\"2016-11-24T13:29:56+00:00\",\"mainEntityOfPage\":{\"@id\":\"https:\\\/\\\/www.organisator.ch\\\/management\\\/it\\\/2016-11-24\\\/fuenf-tipps-zum-thema-informationssicherheit-in-unternehmen\\\/\"},\"wordCount\":503,\"commentCount\":0,\"publisher\":{\"@id\":\"https:\\\/\\\/www.organisator.ch\\\/#organization\"},\"image\":{\"@id\":\"https:\\\/\\\/www.organisator.ch\\\/management\\\/it\\\/2016-11-24\\\/fuenf-tipps-zum-thema-informationssicherheit-in-unternehmen\\\/#primaryimage\"},\"thumbnailUrl\":\"https:\\\/\\\/www.organisator.ch\\\/wp-content\\\/uploads\\\/2016\\\/12\\\/Fuenf-Tipps-zum-Thema-Informationssicherheit-in-Unternehmen-organisator.jpg\",\"keywords\":[\"Cyber-Crime\",\"ICT-Sicherheit\",\"IT\",\"Unternehmensf\u00fchrung\"],\"articleSection\":[\"IT\"],\"inLanguage\":\"fr-FR\"},{\"@type\":\"WebPage\",\"@id\":\"https:\\\/\\\/www.organisator.ch\\\/management\\\/it\\\/2016-11-24\\\/fuenf-tipps-zum-thema-informationssicherheit-in-unternehmen\\\/\",\"url\":\"https:\\\/\\\/www.organisator.ch\\\/management\\\/it\\\/2016-11-24\\\/fuenf-tipps-zum-thema-informationssicherheit-in-unternehmen\\\/\",\"name\":\"F\u00fcnf Tipps zum Thema Informationssicherheit in Unternehmen - Organisator\",\"isPartOf\":{\"@id\":\"https:\\\/\\\/www.organisator.ch\\\/#website\"},\"primaryImageOfPage\":{\"@id\":\"https:\\\/\\\/www.organisator.ch\\\/management\\\/it\\\/2016-11-24\\\/fuenf-tipps-zum-thema-informationssicherheit-in-unternehmen\\\/#primaryimage\"},\"image\":{\"@id\":\"https:\\\/\\\/www.organisator.ch\\\/management\\\/it\\\/2016-11-24\\\/fuenf-tipps-zum-thema-informationssicherheit-in-unternehmen\\\/#primaryimage\"},\"thumbnailUrl\":\"https:\\\/\\\/www.organisator.ch\\\/wp-content\\\/uploads\\\/2016\\\/12\\\/Fuenf-Tipps-zum-Thema-Informationssicherheit-in-Unternehmen-organisator.jpg\",\"datePublished\":\"2016-11-24T13:29:56+00:00\",\"description\":\"Cyber-Security hat es auf die Priorit\u00e4tenliste der Gesch\u00e4ftsleitungen europ\u00e4ischer Unternehmen geschafft.\",\"breadcrumb\":{\"@id\":\"https:\\\/\\\/www.organisator.ch\\\/management\\\/it\\\/2016-11-24\\\/fuenf-tipps-zum-thema-informationssicherheit-in-unternehmen\\\/#breadcrumb\"},\"inLanguage\":\"fr-FR\",\"potentialAction\":[{\"@type\":\"ReadAction\",\"target\":[\"https:\\\/\\\/www.organisator.ch\\\/management\\\/it\\\/2016-11-24\\\/fuenf-tipps-zum-thema-informationssicherheit-in-unternehmen\\\/\"]}]},{\"@type\":\"ImageObject\",\"inLanguage\":\"fr-FR\",\"@id\":\"https:\\\/\\\/www.organisator.ch\\\/management\\\/it\\\/2016-11-24\\\/fuenf-tipps-zum-thema-informationssicherheit-in-unternehmen\\\/#primaryimage\",\"url\":\"https:\\\/\\\/www.organisator.ch\\\/wp-content\\\/uploads\\\/2016\\\/12\\\/Fuenf-Tipps-zum-Thema-Informationssicherheit-in-Unternehmen-organisator.jpg\",\"contentUrl\":\"https:\\\/\\\/www.organisator.ch\\\/wp-content\\\/uploads\\\/2016\\\/12\\\/Fuenf-Tipps-zum-Thema-Informationssicherheit-in-Unternehmen-organisator.jpg\",\"width\":532,\"height\":480,\"caption\":\"Gabriel Gabriel gibt Tipps an die Gesch\u00e4ftsleitungen, wie sie ihre Unternehmen besser vor Cyber-Kriminalit\u00e4t sch\u00fctzen k\u00f6nnen.\"},{\"@type\":\"BreadcrumbList\",\"@id\":\"https:\\\/\\\/www.organisator.ch\\\/management\\\/it\\\/2016-11-24\\\/fuenf-tipps-zum-thema-informationssicherheit-in-unternehmen\\\/#breadcrumb\",\"itemListElement\":[{\"@type\":\"ListItem\",\"position\":1,\"name\":\"Home\",\"item\":\"https:\\\/\\\/www.organisator.ch\\\/\"},{\"@type\":\"ListItem\",\"position\":2,\"name\":\"F\u00fcnf Tipps zum Thema Informationssicherheit in Unternehmen\"}]},{\"@type\":\"WebSite\",\"@id\":\"https:\\\/\\\/www.organisator.ch\\\/#website\",\"url\":\"https:\\\/\\\/www.organisator.ch\\\/\",\"name\":\"Organisator\",\"description\":\"Kompetent. Praxisnah. Der ORGANISATOR bereitet in 10 Ausgaben pro Jahr die wesentlichen Themen f\u00fcr F\u00fchrungskr\u00e4fte von KMU auf.\",\"publisher\":{\"@id\":\"https:\\\/\\\/www.organisator.ch\\\/#organization\"},\"potentialAction\":[{\"@type\":\"SearchAction\",\"target\":{\"@type\":\"EntryPoint\",\"urlTemplate\":\"https:\\\/\\\/www.organisator.ch\\\/?s={search_term_string}\"},\"query-input\":{\"@type\":\"PropertyValueSpecification\",\"valueRequired\":true,\"valueName\":\"search_term_string\"}}],\"inLanguage\":\"fr-FR\"},{\"@type\":\"Organization\",\"@id\":\"https:\\\/\\\/www.organisator.ch\\\/#organization\",\"name\":\"Organisator\",\"url\":\"https:\\\/\\\/www.organisator.ch\\\/\",\"logo\":{\"@type\":\"ImageObject\",\"inLanguage\":\"fr-FR\",\"@id\":\"https:\\\/\\\/www.organisator.ch\\\/#\\\/schema\\\/logo\\\/image\\\/\",\"url\":\"https:\\\/\\\/www.organisator.ch\\\/wp-content\\\/uploads\\\/2022\\\/01\\\/Logo_Organisator_Website.png\",\"contentUrl\":\"https:\\\/\\\/www.organisator.ch\\\/wp-content\\\/uploads\\\/2022\\\/01\\\/Logo_Organisator_Website.png\",\"width\":800,\"height\":77,\"caption\":\"Organisator\"},\"image\":{\"@id\":\"https:\\\/\\\/www.organisator.ch\\\/#\\\/schema\\\/logo\\\/image\\\/\"},\"sameAs\":[\"https:\\\/\\\/www.facebook.com\\\/OrganisatorFachmagazin\",\"https:\\\/\\\/www.linkedin.com\\\/showcase\\\/organisator-das-magazin-fr-kmu\",\"https:\\\/\\\/www.xing.com\\\/news\\\/pages\\\/organisator-ch-695\",\"https:\\\/\\\/www.youtube.com\\\/channel\\\/UCGP2Sq0iWaZwT3BdIAQFYpw\"]},{\"@type\":\"Person\",\"@id\":\"https:\\\/\\\/www.organisator.ch\\\/#\\\/schema\\\/person\\\/aa2bace6c5c5aad60102004a50c4eb1c\",\"name\":\"admin\",\"image\":{\"@type\":\"ImageObject\",\"inLanguage\":\"fr-FR\",\"@id\":\"https:\\\/\\\/secure.gravatar.com\\\/avatar\\\/ae2f4d718e6c49043e314ce431e7e645d646302a24a5ef5a8bc8e3f5a032e319?s=96&d=mm&r=g\",\"url\":\"https:\\\/\\\/secure.gravatar.com\\\/avatar\\\/ae2f4d718e6c49043e314ce431e7e645d646302a24a5ef5a8bc8e3f5a032e319?s=96&d=mm&r=g\",\"contentUrl\":\"https:\\\/\\\/secure.gravatar.com\\\/avatar\\\/ae2f4d718e6c49043e314ce431e7e645d646302a24a5ef5a8bc8e3f5a032e319?s=96&d=mm&r=g\",\"caption\":\"admin\"},\"sameAs\":[\"https:\\\/\\\/www.organisator.ch\"],\"url\":\"https:\\\/\\\/www.organisator.ch\\\/fr\\\/author\\\/admin\\\/\"}]}<\/script>\n<!-- \/ Yoast SEO plugin. -->","yoast_head_json":{"title":"Cinq conseils sur la s\u00e9curit\u00e9 de l'information en entreprise - Organisateur","description":"La cybers\u00e9curit\u00e9 a fait son entr\u00e9e dans la liste des priorit\u00e9s des directions d'entreprises europ\u00e9ennes.","robots":{"index":"index","follow":"follow","max-snippet":"max-snippet:-1","max-image-preview":"max-image-preview:large","max-video-preview":"max-video-preview:-1"},"canonical":"https:\/\/www.organisator.ch\/fr\/gestion-2\/it\/2016-11-24\/fuenf-tipps-zum-thema-informationssicherheit-in-unternehmen\/","og_locale":"fr_FR","og_type":"article","og_title":"F\u00fcnf Tipps zum Thema Informationssicherheit in Unternehmen","og_description":"Cyber-Security hat es auf die Priorit\u00e4tenliste der Gesch\u00e4ftsleitungen europ\u00e4ischer Unternehmen geschafft. Laut einer aktuellen Studie des britischen Versicherers Lloyd\u2019s besch\u00e4ftigen sich 54 Prozent von ihnen mit dem Thema. Eine besondere Bedeutung kommt dabei der Informationssicherheit zu. Denn Daten sind das Erd\u00f6l der Zukunft und haben in vielen F\u00e4llen gesch\u00e4ftskritische Bedeutung. Hinzu kommen Gesetze und Richtlinien, die beispielsweise den Umgang mit personenbezogenen Daten regeln.","og_url":"https:\/\/www.organisator.ch\/fr\/gestion-2\/it\/2016-11-24\/fuenf-tipps-zum-thema-informationssicherheit-in-unternehmen\/","og_site_name":"Organisator","article_publisher":"https:\/\/www.facebook.com\/OrganisatorFachmagazin","article_published_time":"2016-11-24T13:29:56+00:00","author":"admin","twitter_card":"summary_large_image","twitter_image":"https:\/\/www.organisator.ch\/wp-content\/uploads\/2016\/12\/Fuenf-Tipps-zum-Thema-Informationssicherheit-in-Unternehmen-organisator.jpg","schema":{"@context":"https:\/\/schema.org","@graph":[{"@type":"Article","@id":"https:\/\/www.organisator.ch\/management\/it\/2016-11-24\/fuenf-tipps-zum-thema-informationssicherheit-in-unternehmen\/#article","isPartOf":{"@id":"https:\/\/www.organisator.ch\/management\/it\/2016-11-24\/fuenf-tipps-zum-thema-informationssicherheit-in-unternehmen\/"},"author":{"name":"admin","@id":"https:\/\/www.organisator.ch\/#\/schema\/person\/aa2bace6c5c5aad60102004a50c4eb1c"},"headline":"F\u00fcnf Tipps zum Thema Informationssicherheit in Unternehmen","datePublished":"2016-11-24T13:29:56+00:00","mainEntityOfPage":{"@id":"https:\/\/www.organisator.ch\/management\/it\/2016-11-24\/fuenf-tipps-zum-thema-informationssicherheit-in-unternehmen\/"},"wordCount":503,"commentCount":0,"publisher":{"@id":"https:\/\/www.organisator.ch\/#organization"},"image":{"@id":"https:\/\/www.organisator.ch\/management\/it\/2016-11-24\/fuenf-tipps-zum-thema-informationssicherheit-in-unternehmen\/#primaryimage"},"thumbnailUrl":"https:\/\/www.organisator.ch\/wp-content\/uploads\/2016\/12\/Fuenf-Tipps-zum-Thema-Informationssicherheit-in-Unternehmen-organisator.jpg","keywords":["Cyber-Crime","ICT-Sicherheit","IT","Unternehmensf\u00fchrung"],"articleSection":["IT"],"inLanguage":"fr-FR"},{"@type":"WebPage","@id":"https:\/\/www.organisator.ch\/management\/it\/2016-11-24\/fuenf-tipps-zum-thema-informationssicherheit-in-unternehmen\/","url":"https:\/\/www.organisator.ch\/management\/it\/2016-11-24\/fuenf-tipps-zum-thema-informationssicherheit-in-unternehmen\/","name":"Cinq conseils sur la s\u00e9curit\u00e9 de l'information en entreprise - Organisateur","isPartOf":{"@id":"https:\/\/www.organisator.ch\/#website"},"primaryImageOfPage":{"@id":"https:\/\/www.organisator.ch\/management\/it\/2016-11-24\/fuenf-tipps-zum-thema-informationssicherheit-in-unternehmen\/#primaryimage"},"image":{"@id":"https:\/\/www.organisator.ch\/management\/it\/2016-11-24\/fuenf-tipps-zum-thema-informationssicherheit-in-unternehmen\/#primaryimage"},"thumbnailUrl":"https:\/\/www.organisator.ch\/wp-content\/uploads\/2016\/12\/Fuenf-Tipps-zum-Thema-Informationssicherheit-in-Unternehmen-organisator.jpg","datePublished":"2016-11-24T13:29:56+00:00","description":"La cybers\u00e9curit\u00e9 a fait son entr\u00e9e dans la liste des priorit\u00e9s des directions d'entreprises europ\u00e9ennes.","breadcrumb":{"@id":"https:\/\/www.organisator.ch\/management\/it\/2016-11-24\/fuenf-tipps-zum-thema-informationssicherheit-in-unternehmen\/#breadcrumb"},"inLanguage":"fr-FR","potentialAction":[{"@type":"ReadAction","target":["https:\/\/www.organisator.ch\/management\/it\/2016-11-24\/fuenf-tipps-zum-thema-informationssicherheit-in-unternehmen\/"]}]},{"@type":"ImageObject","inLanguage":"fr-FR","@id":"https:\/\/www.organisator.ch\/management\/it\/2016-11-24\/fuenf-tipps-zum-thema-informationssicherheit-in-unternehmen\/#primaryimage","url":"https:\/\/www.organisator.ch\/wp-content\/uploads\/2016\/12\/Fuenf-Tipps-zum-Thema-Informationssicherheit-in-Unternehmen-organisator.jpg","contentUrl":"https:\/\/www.organisator.ch\/wp-content\/uploads\/2016\/12\/Fuenf-Tipps-zum-Thema-Informationssicherheit-in-Unternehmen-organisator.jpg","width":532,"height":480,"caption":"Gabriel Gabriel gibt Tipps an die Gesch\u00e4ftsleitungen, wie sie ihre Unternehmen besser vor Cyber-Kriminalit\u00e4t sch\u00fctzen k\u00f6nnen."},{"@type":"BreadcrumbList","@id":"https:\/\/www.organisator.ch\/management\/it\/2016-11-24\/fuenf-tipps-zum-thema-informationssicherheit-in-unternehmen\/#breadcrumb","itemListElement":[{"@type":"ListItem","position":1,"name":"Home","item":"https:\/\/www.organisator.ch\/"},{"@type":"ListItem","position":2,"name":"F\u00fcnf Tipps zum Thema Informationssicherheit in Unternehmen"}]},{"@type":"WebSite","@id":"https:\/\/www.organisator.ch\/#website","url":"https:\/\/www.organisator.ch\/","name":"Organisateur","description":"Comp\u00e9tence et comp\u00e9tence. Proches de la pratique. L'ORGANISATEUR pr\u00e9pare 10 num\u00e9ros par an sur les th\u00e8mes essentiels pour les dirigeants de PME.","publisher":{"@id":"https:\/\/www.organisator.ch\/#organization"},"potentialAction":[{"@type":"SearchAction","target":{"@type":"EntryPoint","urlTemplate":"https:\/\/www.organisator.ch\/?s={search_term_string}"},"query-input":{"@type":"PropertyValueSpecification","valueRequired":true,"valueName":"search_term_string"}}],"inLanguage":"fr-FR"},{"@type":"Organization","@id":"https:\/\/www.organisator.ch\/#organization","name":"Organisateur","url":"https:\/\/www.organisator.ch\/","logo":{"@type":"ImageObject","inLanguage":"fr-FR","@id":"https:\/\/www.organisator.ch\/#\/schema\/logo\/image\/","url":"https:\/\/www.organisator.ch\/wp-content\/uploads\/2022\/01\/Logo_Organisator_Website.png","contentUrl":"https:\/\/www.organisator.ch\/wp-content\/uploads\/2022\/01\/Logo_Organisator_Website.png","width":800,"height":77,"caption":"Organisator"},"image":{"@id":"https:\/\/www.organisator.ch\/#\/schema\/logo\/image\/"},"sameAs":["https:\/\/www.facebook.com\/OrganisatorFachmagazin","https:\/\/www.linkedin.com\/showcase\/organisator-das-magazin-fr-kmu","https:\/\/www.xing.com\/news\/pages\/organisator-ch-695","https:\/\/www.youtube.com\/channel\/UCGP2Sq0iWaZwT3BdIAQFYpw"]},{"@type":"Person","@id":"https:\/\/www.organisator.ch\/#\/schema\/person\/aa2bace6c5c5aad60102004a50c4eb1c","name":"admin","image":{"@type":"ImageObject","inLanguage":"fr-FR","@id":"https:\/\/secure.gravatar.com\/avatar\/ae2f4d718e6c49043e314ce431e7e645d646302a24a5ef5a8bc8e3f5a032e319?s=96&d=mm&r=g","url":"https:\/\/secure.gravatar.com\/avatar\/ae2f4d718e6c49043e314ce431e7e645d646302a24a5ef5a8bc8e3f5a032e319?s=96&d=mm&r=g","contentUrl":"https:\/\/secure.gravatar.com\/avatar\/ae2f4d718e6c49043e314ce431e7e645d646302a24a5ef5a8bc8e3f5a032e319?s=96&d=mm&r=g","caption":"admin"},"sameAs":["https:\/\/www.organisator.ch"],"url":"https:\/\/www.organisator.ch\/fr\/author\/admin\/"}]}},"_links":{"self":[{"href":"https:\/\/www.organisator.ch\/fr\/wp-json\/wp\/v2\/posts\/346","targetHints":{"allow":["GET"]}}],"collection":[{"href":"https:\/\/www.organisator.ch\/fr\/wp-json\/wp\/v2\/posts"}],"about":[{"href":"https:\/\/www.organisator.ch\/fr\/wp-json\/wp\/v2\/types\/post"}],"author":[{"embeddable":true,"href":"https:\/\/www.organisator.ch\/fr\/wp-json\/wp\/v2\/users\/1"}],"replies":[{"embeddable":true,"href":"https:\/\/www.organisator.ch\/fr\/wp-json\/wp\/v2\/comments?post=346"}],"version-history":[{"count":0,"href":"https:\/\/www.organisator.ch\/fr\/wp-json\/wp\/v2\/posts\/346\/revisions"}],"wp:featuredmedia":[{"embeddable":true,"href":"https:\/\/www.organisator.ch\/fr\/wp-json\/wp\/v2\/media\/347"}],"wp:attachment":[{"href":"https:\/\/www.organisator.ch\/fr\/wp-json\/wp\/v2\/media?parent=346"}],"wp:term":[{"taxonomy":"category","embeddable":true,"href":"https:\/\/www.organisator.ch\/fr\/wp-json\/wp\/v2\/categories?post=346"},{"taxonomy":"post_tag","embeddable":true,"href":"https:\/\/www.organisator.ch\/fr\/wp-json\/wp\/v2\/tags?post=346"}],"curies":[{"name":"wp","href":"https:\/\/api.w.org\/{rel}","templated":true}]}}