{"id":34623,"date":"2024-12-10T08:54:04","date_gmt":"2024-12-10T07:54:04","guid":{"rendered":"https:\/\/www.markt-kom.com\/?p=228016"},"modified":"2024-12-11T07:24:42","modified_gmt":"2024-12-11T06:24:42","slug":"jung-von-matt-limmat-holt-zwei-creative-directors-nach-zuerich","status":"publish","type":"post","link":"https:\/\/www.organisator.ch\/fr\/marketing\/2024-12-10\/jung-von-matt-limmat-holt-zwei-creative-directors-nach-zuerich\/","title":{"rendered":"Jung von Matt Limmat recrute deux directeurs de cr\u00e9ation \u00e0 Zurich"},"content":{"rendered":"<figure id=\"attachment_228017\" class=\"wp-caption aligncenter\" style=\"width: 1045px;\" aria-describedby=\"caption-attachment-228017\"><a href=\"https:\/\/www.markt-kom.com\/wp-content\/uploads\/2024\/12\/JVM-Jobchange-Dez24-AS_quer.jpg\"><img class=\"size-full wp-image-228017\" src=\"https:\/\/www.markt-kom.com\/wp-content\/uploads\/2024\/12\/JVM-Jobchange-Dez24-AS_quer.jpg\" sizes=\"(max-width: 1045px) 100vw, 1045px\" srcset=\"https:\/\/www.markt-kom.com\/wp-content\/uploads\/2024\/12\/JVM-Jobchange-Dez24-AS_quer.jpg 1045w, https:\/\/www.markt-kom.com\/wp-content\/uploads\/2024\/12\/JVM-Jobchange-Dez24-AS_quer-600x450.jpg 600w, https:\/\/www.markt-kom.com\/wp-content\/uploads\/2024\/12\/JVM-Jobchange-Dez24-AS_quer-1024x768.jpg 1024w, https:\/\/www.markt-kom.com\/wp-content\/uploads\/2024\/12\/JVM-Jobchange-Dez24-AS_quer-768x576.jpg 768w, https:\/\/www.markt-kom.com\/wp-content\/uploads\/2024\/12\/JVM-Jobchange-Dez24-AS_quer-16x12.jpg 16w, https:\/\/www.markt-kom.com\/wp-content\/uploads\/2024\/12\/JVM-Jobchange-Dez24-AS_quer-233x175.jpg 233w, https:\/\/www.markt-kom.com\/wp-content\/uploads\/2024\/12\/JVM-Jobchange-Dez24-AS_quer-467x350.jpg 467w, https:\/\/www.markt-kom.com\/wp-content\/uploads\/2024\/12\/JVM-Jobchange-Dez24-AS_quer-1000x750.jpg 1000w\" alt=\"\" width=\"1045\" height=\"784\" \/><\/a>\r\n<figcaption id=\"caption-attachment-228017\" class=\"wp-caption-text\">Simon Cazzanelli (\u00e0 gauche) et Arnt Christmann viennent renforcer l'\u00e9quipe cr\u00e9ative de Jung von Matt Limmat. (Image : zVg.)<\/figcaption>\r\n<\/figure>\r\n<p>Au cours des trois derniers mois, Jung von Matt Limmat a gagn\u00e9 de nouveaux clients et projets et a continu\u00e9 \u00e0 d\u00e9velopper sa collaboration sur des projets internationaux. C'est pourquoi l'agence zurichoise renforce maintenant son \u00e9quipe cr\u00e9ative pour 2025 avec Arnt Christmann et Simon Cazzanelli.<\/p>\r\n<p>\"Le fait qu'Arnt et Simon nous rejoignent me r\u00e9jouit triplement : non seulement ce sont d'excellents cr\u00e9atifs avec de l'exp\u00e9rience, mais ils partagent aussi la vision commune d'une culture de la performance empathique qui, outre le produit cr\u00e9atif de pointe, met toujours l'accent sur les personnes. De plus, ils ont d\u00e9j\u00e0 du sang vert fonc\u00e9 dans les veines\", se r\u00e9jouit Christian Kies, Chief Creative Officer de Jung von Matt Suisse.<\/p>\r\n<p>Depuis plus de dix ans, Arnt Christmann et Simon Cazzanelli forment un duo cr\u00e9atif qui a fait \u00e9tape dans diff\u00e9rentes agences allemandes. Ces derni\u00e8res ann\u00e9es, ils se sont davantage concentr\u00e9s sur le secteur automobile avec le client Mercedes-Benz. Mais ils se sont \u00e9galement occup\u00e9s d'autres budgets nationaux et internationaux, notamment EDEKA chez Jung von Matt \u00e0 Hambourg.<\/p>\r\n<p>\"Au d\u00e9part, nous \u00e9tions seulement de passage \u00e0 Zurich pour manger la meilleure fondue au fromage de la ville avec Christian. Mais ce qui nous a convaincus de rester, c'est la vue sur les Alpes suisses et la perspective de pouvoir partager avec encore plus de personnes notre id\u00e9e de nous concentrer pleinement sur la cr\u00e9ation contemporaine avec une force de frappe nationale et un rayonnement international en accord avec une gestion cr\u00e9ative durable. Comme on le fait avec une bonne fondue\", expliquent Arnt et Simon \u00e0 propos de leur nouvel engagement.<\/p>","protected":false},"excerpt":{"rendered":"<p>En raison de l'intensification de la collaboration sur des projets internationaux et de l'acquisition de nouveaux clients, Jung von Matt Limmat \u00e9largit son \u00e9quipe cr\u00e9ative. Simon Cazzanelli et Arnt Christmann prendront leurs fonctions de directeurs de cr\u00e9ation \u00e0 partir du 1er janvier 2025.<\/p>","protected":false},"author":8,"featured_media":0,"comment_status":"closed","ping_status":"closed","sticky":false,"template":"","format":"standard","meta":{"_acf_changed":false,"_yoast_wpseo_focuskw":"Jung von Matt Limmat","_yoast_wpseo_metadesc":"Jung von Matt Limmat baut das Kreativteam aus: Arnt Christmann und Simon Cazzanelli starten 2025 als Creative Directors in Z\u00fcrich.","articlekey":"","footnotes":""},"categories":[29],"tags":[4345,2853,4560],"class_list":["post-34623","post","type-post","status-publish","format-standard","hentry","category-marketing","tag-business","tag-jobchange","tag-jung-von-matt-limmat"],"acf":[],"yoast_head":"<!-- This site is optimized with the Yoast SEO plugin v27.5 - https:\/\/yoast.com\/product\/yoast-seo-wordpress\/ -->\n<title>Jung von Matt Limmat holt zwei Creative Directors nach Z\u00fcrich - Organisator<\/title>\n<meta name=\"description\" content=\"Jung von Matt Limmat baut das Kreativteam aus: Arnt Christmann und Simon Cazzanelli starten 2025 als Creative Directors in Z\u00fcrich.\" \/>\n<meta name=\"robots\" content=\"index, follow, max-snippet:-1, max-image-preview:large, max-video-preview:-1\" \/>\n<link rel=\"canonical\" href=\"https:\/\/www.organisator.ch\/fr\/marketing\/2024-12-10\/jung-von-matt-limmat-holt-zwei-creative-directors-nach-zuerich\/\" \/>\n<meta property=\"og:locale\" content=\"fr_FR\" \/>\n<meta property=\"og:type\" content=\"article\" \/>\n<meta property=\"og:title\" content=\"Jung von Matt Limmat holt zwei Creative Directors nach Z\u00fcrich - Organisator\" \/>\n<meta property=\"og:description\" content=\"Jung von Matt Limmat baut das Kreativteam aus: Arnt Christmann und Simon Cazzanelli starten 2025 als Creative Directors in Z\u00fcrich.\" \/>\n<meta property=\"og:url\" content=\"https:\/\/www.organisator.ch\/fr\/marketing\/2024-12-10\/jung-von-matt-limmat-holt-zwei-creative-directors-nach-zuerich\/\" \/>\n<meta property=\"og:site_name\" content=\"Organisator\" \/>\n<meta property=\"article:publisher\" content=\"https:\/\/www.facebook.com\/OrganisatorFachmagazin\" \/>\n<meta property=\"article:published_time\" content=\"2024-12-10T07:54:04+00:00\" \/>\n<meta property=\"article:modified_time\" content=\"2024-12-11T06:24:42+00:00\" \/>\n<meta name=\"author\" content=\"galledia\" \/>\n<meta name=\"twitter:card\" content=\"summary_large_image\" \/>\n<meta name=\"twitter:creator\" content=\"@admin\" \/>\n<script type=\"application\/ld+json\" class=\"yoast-schema-graph\">{\"@context\":\"https:\\\/\\\/schema.org\",\"@graph\":[{\"@type\":\"Article\",\"@id\":\"https:\\\/\\\/www.organisator.ch\\\/marketing\\\/2024-12-10\\\/jung-von-matt-limmat-holt-zwei-creative-directors-nach-zuerich\\\/#article\",\"isPartOf\":{\"@id\":\"https:\\\/\\\/www.organisator.ch\\\/marketing\\\/2024-12-10\\\/jung-von-matt-limmat-holt-zwei-creative-directors-nach-zuerich\\\/\"},\"author\":{\"name\":\"galledia\",\"@id\":\"https:\\\/\\\/www.organisator.ch\\\/#\\\/schema\\\/person\\\/4e51799071cd2dd1232ac003643ef5f0\"},\"headline\":\"Jung von Matt Limmat holt zwei Creative Directors nach Z\u00fcrich\",\"datePublished\":\"2024-12-10T07:54:04+00:00\",\"dateModified\":\"2024-12-11T06:24:42+00:00\",\"mainEntityOfPage\":{\"@id\":\"https:\\\/\\\/www.organisator.ch\\\/marketing\\\/2024-12-10\\\/jung-von-matt-limmat-holt-zwei-creative-directors-nach-zuerich\\\/\"},\"wordCount\":269,\"publisher\":{\"@id\":\"https:\\\/\\\/www.organisator.ch\\\/#organization\"},\"image\":{\"@id\":\"https:\\\/\\\/www.organisator.ch\\\/marketing\\\/2024-12-10\\\/jung-von-matt-limmat-holt-zwei-creative-directors-nach-zuerich\\\/#primaryimage\"},\"thumbnailUrl\":\"https:\\\/\\\/www.markt-kom.com\\\/wp-content\\\/uploads\\\/2024\\\/12\\\/JVM-Jobchange-Dez24-AS_quer.jpg\",\"keywords\":[\"Business\",\"Jobchange\",\"Jung von Matt Limmat\"],\"articleSection\":[\"MARKETING\"],\"inLanguage\":\"fr-FR\"},{\"@type\":\"WebPage\",\"@id\":\"https:\\\/\\\/www.organisator.ch\\\/marketing\\\/2024-12-10\\\/jung-von-matt-limmat-holt-zwei-creative-directors-nach-zuerich\\\/\",\"url\":\"https:\\\/\\\/www.organisator.ch\\\/marketing\\\/2024-12-10\\\/jung-von-matt-limmat-holt-zwei-creative-directors-nach-zuerich\\\/\",\"name\":\"Jung von Matt Limmat holt zwei Creative Directors nach Z\u00fcrich - Organisator\",\"isPartOf\":{\"@id\":\"https:\\\/\\\/www.organisator.ch\\\/#website\"},\"primaryImageOfPage\":{\"@id\":\"https:\\\/\\\/www.organisator.ch\\\/marketing\\\/2024-12-10\\\/jung-von-matt-limmat-holt-zwei-creative-directors-nach-zuerich\\\/#primaryimage\"},\"image\":{\"@id\":\"https:\\\/\\\/www.organisator.ch\\\/marketing\\\/2024-12-10\\\/jung-von-matt-limmat-holt-zwei-creative-directors-nach-zuerich\\\/#primaryimage\"},\"thumbnailUrl\":\"https:\\\/\\\/www.markt-kom.com\\\/wp-content\\\/uploads\\\/2024\\\/12\\\/JVM-Jobchange-Dez24-AS_quer.jpg\",\"datePublished\":\"2024-12-10T07:54:04+00:00\",\"dateModified\":\"2024-12-11T06:24:42+00:00\",\"description\":\"Jung von Matt Limmat baut das Kreativteam aus: Arnt Christmann und Simon Cazzanelli starten 2025 als Creative Directors in Z\u00fcrich.\",\"breadcrumb\":{\"@id\":\"https:\\\/\\\/www.organisator.ch\\\/marketing\\\/2024-12-10\\\/jung-von-matt-limmat-holt-zwei-creative-directors-nach-zuerich\\\/#breadcrumb\"},\"inLanguage\":\"fr-FR\",\"potentialAction\":[{\"@type\":\"ReadAction\",\"target\":[\"https:\\\/\\\/www.organisator.ch\\\/marketing\\\/2024-12-10\\\/jung-von-matt-limmat-holt-zwei-creative-directors-nach-zuerich\\\/\"]}]},{\"@type\":\"ImageObject\",\"inLanguage\":\"fr-FR\",\"@id\":\"https:\\\/\\\/www.organisator.ch\\\/marketing\\\/2024-12-10\\\/jung-von-matt-limmat-holt-zwei-creative-directors-nach-zuerich\\\/#primaryimage\",\"url\":\"https:\\\/\\\/www.markt-kom.com\\\/wp-content\\\/uploads\\\/2024\\\/12\\\/JVM-Jobchange-Dez24-AS_quer.jpg\",\"contentUrl\":\"https:\\\/\\\/www.markt-kom.com\\\/wp-content\\\/uploads\\\/2024\\\/12\\\/JVM-Jobchange-Dez24-AS_quer.jpg\"},{\"@type\":\"BreadcrumbList\",\"@id\":\"https:\\\/\\\/www.organisator.ch\\\/marketing\\\/2024-12-10\\\/jung-von-matt-limmat-holt-zwei-creative-directors-nach-zuerich\\\/#breadcrumb\",\"itemListElement\":[{\"@type\":\"ListItem\",\"position\":1,\"name\":\"Home\",\"item\":\"https:\\\/\\\/www.organisator.ch\\\/\"},{\"@type\":\"ListItem\",\"position\":2,\"name\":\"Jung von Matt Limmat holt zwei Creative Directors nach Z\u00fcrich\"}]},{\"@type\":\"WebSite\",\"@id\":\"https:\\\/\\\/www.organisator.ch\\\/#website\",\"url\":\"https:\\\/\\\/www.organisator.ch\\\/\",\"name\":\"Organisator\",\"description\":\"Kompetent. Praxisnah. Der ORGANISATOR bereitet in 10 Ausgaben pro Jahr die wesentlichen Themen f\u00fcr F\u00fchrungskr\u00e4fte von KMU auf.\",\"publisher\":{\"@id\":\"https:\\\/\\\/www.organisator.ch\\\/#organization\"},\"potentialAction\":[{\"@type\":\"SearchAction\",\"target\":{\"@type\":\"EntryPoint\",\"urlTemplate\":\"https:\\\/\\\/www.organisator.ch\\\/?s={search_term_string}\"},\"query-input\":{\"@type\":\"PropertyValueSpecification\",\"valueRequired\":true,\"valueName\":\"search_term_string\"}}],\"inLanguage\":\"fr-FR\"},{\"@type\":\"Organization\",\"@id\":\"https:\\\/\\\/www.organisator.ch\\\/#organization\",\"name\":\"Organisator\",\"url\":\"https:\\\/\\\/www.organisator.ch\\\/\",\"logo\":{\"@type\":\"ImageObject\",\"inLanguage\":\"fr-FR\",\"@id\":\"https:\\\/\\\/www.organisator.ch\\\/#\\\/schema\\\/logo\\\/image\\\/\",\"url\":\"https:\\\/\\\/www.organisator.ch\\\/wp-content\\\/uploads\\\/2022\\\/01\\\/Logo_Organisator_Website.png\",\"contentUrl\":\"https:\\\/\\\/www.organisator.ch\\\/wp-content\\\/uploads\\\/2022\\\/01\\\/Logo_Organisator_Website.png\",\"width\":800,\"height\":77,\"caption\":\"Organisator\"},\"image\":{\"@id\":\"https:\\\/\\\/www.organisator.ch\\\/#\\\/schema\\\/logo\\\/image\\\/\"},\"sameAs\":[\"https:\\\/\\\/www.facebook.com\\\/OrganisatorFachmagazin\",\"https:\\\/\\\/www.linkedin.com\\\/showcase\\\/organisator-das-magazin-fr-kmu\",\"https:\\\/\\\/www.xing.com\\\/news\\\/pages\\\/organisator-ch-695\",\"https:\\\/\\\/www.youtube.com\\\/channel\\\/UCGP2Sq0iWaZwT3BdIAQFYpw\"]},{\"@type\":\"Person\",\"@id\":\"https:\\\/\\\/www.organisator.ch\\\/#\\\/schema\\\/person\\\/4e51799071cd2dd1232ac003643ef5f0\",\"name\":\"galledia\",\"image\":{\"@type\":\"ImageObject\",\"inLanguage\":\"fr-FR\",\"@id\":\"https:\\\/\\\/secure.gravatar.com\\\/avatar\\\/78a7f90c01fc2bfc875782a0d4922b37cde2cf184ce347b91316d23cd7f69a36?s=96&d=mm&r=g\",\"url\":\"https:\\\/\\\/secure.gravatar.com\\\/avatar\\\/78a7f90c01fc2bfc875782a0d4922b37cde2cf184ce347b91316d23cd7f69a36?s=96&d=mm&r=g\",\"contentUrl\":\"https:\\\/\\\/secure.gravatar.com\\\/avatar\\\/78a7f90c01fc2bfc875782a0d4922b37cde2cf184ce347b91316d23cd7f69a36?s=96&d=mm&r=g\",\"caption\":\"galledia\"},\"sameAs\":[\"https:\\\/\\\/x.com\\\/admin\"],\"url\":\"https:\\\/\\\/www.organisator.ch\\\/fr\\\/author\\\/galledia\\\/\"}]}<\/script>\n<!-- \/ Yoast SEO plugin. -->","yoast_head_json":{"title":"Jung von Matt Limmat fait venir deux directeurs de cr\u00e9ation \u00e0 Zurich - Organisateur","description":"Jung von Matt Limmat \u00e9largit son \u00e9quipe cr\u00e9ative : Arnt Christmann et Simon Cazzanelli d\u00e9butent en 2025 en tant que directeurs de cr\u00e9ation \u00e0 Zurich.","robots":{"index":"index","follow":"follow","max-snippet":"max-snippet:-1","max-image-preview":"max-image-preview:large","max-video-preview":"max-video-preview:-1"},"canonical":"https:\/\/www.organisator.ch\/fr\/marketing\/2024-12-10\/jung-von-matt-limmat-holt-zwei-creative-directors-nach-zuerich\/","og_locale":"fr_FR","og_type":"article","og_title":"Jung von Matt Limmat holt zwei Creative Directors nach Z\u00fcrich - Organisator","og_description":"Jung von Matt Limmat baut das Kreativteam aus: Arnt Christmann und Simon Cazzanelli starten 2025 als Creative Directors in Z\u00fcrich.","og_url":"https:\/\/www.organisator.ch\/fr\/marketing\/2024-12-10\/jung-von-matt-limmat-holt-zwei-creative-directors-nach-zuerich\/","og_site_name":"Organisator","article_publisher":"https:\/\/www.facebook.com\/OrganisatorFachmagazin","article_published_time":"2024-12-10T07:54:04+00:00","article_modified_time":"2024-12-11T06:24:42+00:00","author":"galledia","twitter_card":"summary_large_image","twitter_creator":"@admin","schema":{"@context":"https:\/\/schema.org","@graph":[{"@type":"Article","@id":"https:\/\/www.organisator.ch\/marketing\/2024-12-10\/jung-von-matt-limmat-holt-zwei-creative-directors-nach-zuerich\/#article","isPartOf":{"@id":"https:\/\/www.organisator.ch\/marketing\/2024-12-10\/jung-von-matt-limmat-holt-zwei-creative-directors-nach-zuerich\/"},"author":{"name":"galledia","@id":"https:\/\/www.organisator.ch\/#\/schema\/person\/4e51799071cd2dd1232ac003643ef5f0"},"headline":"Jung von Matt Limmat holt zwei Creative Directors nach Z\u00fcrich","datePublished":"2024-12-10T07:54:04+00:00","dateModified":"2024-12-11T06:24:42+00:00","mainEntityOfPage":{"@id":"https:\/\/www.organisator.ch\/marketing\/2024-12-10\/jung-von-matt-limmat-holt-zwei-creative-directors-nach-zuerich\/"},"wordCount":269,"publisher":{"@id":"https:\/\/www.organisator.ch\/#organization"},"image":{"@id":"https:\/\/www.organisator.ch\/marketing\/2024-12-10\/jung-von-matt-limmat-holt-zwei-creative-directors-nach-zuerich\/#primaryimage"},"thumbnailUrl":"https:\/\/www.markt-kom.com\/wp-content\/uploads\/2024\/12\/JVM-Jobchange-Dez24-AS_quer.jpg","keywords":["Business","Jobchange","Jung von Matt Limmat"],"articleSection":["MARKETING"],"inLanguage":"fr-FR"},{"@type":"WebPage","@id":"https:\/\/www.organisator.ch\/marketing\/2024-12-10\/jung-von-matt-limmat-holt-zwei-creative-directors-nach-zuerich\/","url":"https:\/\/www.organisator.ch\/marketing\/2024-12-10\/jung-von-matt-limmat-holt-zwei-creative-directors-nach-zuerich\/","name":"Jung von Matt Limmat fait venir deux directeurs de cr\u00e9ation \u00e0 Zurich - Organisateur","isPartOf":{"@id":"https:\/\/www.organisator.ch\/#website"},"primaryImageOfPage":{"@id":"https:\/\/www.organisator.ch\/marketing\/2024-12-10\/jung-von-matt-limmat-holt-zwei-creative-directors-nach-zuerich\/#primaryimage"},"image":{"@id":"https:\/\/www.organisator.ch\/marketing\/2024-12-10\/jung-von-matt-limmat-holt-zwei-creative-directors-nach-zuerich\/#primaryimage"},"thumbnailUrl":"https:\/\/www.markt-kom.com\/wp-content\/uploads\/2024\/12\/JVM-Jobchange-Dez24-AS_quer.jpg","datePublished":"2024-12-10T07:54:04+00:00","dateModified":"2024-12-11T06:24:42+00:00","description":"Jung von Matt Limmat \u00e9largit son \u00e9quipe cr\u00e9ative : Arnt Christmann et Simon Cazzanelli d\u00e9butent en 2025 en tant que directeurs de cr\u00e9ation \u00e0 Zurich.","breadcrumb":{"@id":"https:\/\/www.organisator.ch\/marketing\/2024-12-10\/jung-von-matt-limmat-holt-zwei-creative-directors-nach-zuerich\/#breadcrumb"},"inLanguage":"fr-FR","potentialAction":[{"@type":"ReadAction","target":["https:\/\/www.organisator.ch\/marketing\/2024-12-10\/jung-von-matt-limmat-holt-zwei-creative-directors-nach-zuerich\/"]}]},{"@type":"ImageObject","inLanguage":"fr-FR","@id":"https:\/\/www.organisator.ch\/marketing\/2024-12-10\/jung-von-matt-limmat-holt-zwei-creative-directors-nach-zuerich\/#primaryimage","url":"https:\/\/www.markt-kom.com\/wp-content\/uploads\/2024\/12\/JVM-Jobchange-Dez24-AS_quer.jpg","contentUrl":"https:\/\/www.markt-kom.com\/wp-content\/uploads\/2024\/12\/JVM-Jobchange-Dez24-AS_quer.jpg"},{"@type":"BreadcrumbList","@id":"https:\/\/www.organisator.ch\/marketing\/2024-12-10\/jung-von-matt-limmat-holt-zwei-creative-directors-nach-zuerich\/#breadcrumb","itemListElement":[{"@type":"ListItem","position":1,"name":"Home","item":"https:\/\/www.organisator.ch\/"},{"@type":"ListItem","position":2,"name":"Jung von Matt Limmat holt zwei Creative Directors nach Z\u00fcrich"}]},{"@type":"WebSite","@id":"https:\/\/www.organisator.ch\/#website","url":"https:\/\/www.organisator.ch\/","name":"Organisateur","description":"Comp\u00e9tence et comp\u00e9tence. Proches de la pratique. L'ORGANISATEUR pr\u00e9pare 10 num\u00e9ros par an sur les th\u00e8mes essentiels pour les dirigeants de PME.","publisher":{"@id":"https:\/\/www.organisator.ch\/#organization"},"potentialAction":[{"@type":"SearchAction","target":{"@type":"EntryPoint","urlTemplate":"https:\/\/www.organisator.ch\/?s={search_term_string}"},"query-input":{"@type":"PropertyValueSpecification","valueRequired":true,"valueName":"search_term_string"}}],"inLanguage":"fr-FR"},{"@type":"Organization","@id":"https:\/\/www.organisator.ch\/#organization","name":"Organisateur","url":"https:\/\/www.organisator.ch\/","logo":{"@type":"ImageObject","inLanguage":"fr-FR","@id":"https:\/\/www.organisator.ch\/#\/schema\/logo\/image\/","url":"https:\/\/www.organisator.ch\/wp-content\/uploads\/2022\/01\/Logo_Organisator_Website.png","contentUrl":"https:\/\/www.organisator.ch\/wp-content\/uploads\/2022\/01\/Logo_Organisator_Website.png","width":800,"height":77,"caption":"Organisator"},"image":{"@id":"https:\/\/www.organisator.ch\/#\/schema\/logo\/image\/"},"sameAs":["https:\/\/www.facebook.com\/OrganisatorFachmagazin","https:\/\/www.linkedin.com\/showcase\/organisator-das-magazin-fr-kmu","https:\/\/www.xing.com\/news\/pages\/organisator-ch-695","https:\/\/www.youtube.com\/channel\/UCGP2Sq0iWaZwT3BdIAQFYpw"]},{"@type":"Person","@id":"https:\/\/www.organisator.ch\/#\/schema\/person\/4e51799071cd2dd1232ac003643ef5f0","name":"galledia","image":{"@type":"ImageObject","inLanguage":"fr-FR","@id":"https:\/\/secure.gravatar.com\/avatar\/78a7f90c01fc2bfc875782a0d4922b37cde2cf184ce347b91316d23cd7f69a36?s=96&d=mm&r=g","url":"https:\/\/secure.gravatar.com\/avatar\/78a7f90c01fc2bfc875782a0d4922b37cde2cf184ce347b91316d23cd7f69a36?s=96&d=mm&r=g","contentUrl":"https:\/\/secure.gravatar.com\/avatar\/78a7f90c01fc2bfc875782a0d4922b37cde2cf184ce347b91316d23cd7f69a36?s=96&d=mm&r=g","caption":"galledia"},"sameAs":["https:\/\/x.com\/admin"],"url":"https:\/\/www.organisator.ch\/fr\/author\/galledia\/"}]}},"_links":{"self":[{"href":"https:\/\/www.organisator.ch\/fr\/wp-json\/wp\/v2\/posts\/34623","targetHints":{"allow":["GET"]}}],"collection":[{"href":"https:\/\/www.organisator.ch\/fr\/wp-json\/wp\/v2\/posts"}],"about":[{"href":"https:\/\/www.organisator.ch\/fr\/wp-json\/wp\/v2\/types\/post"}],"author":[{"embeddable":true,"href":"https:\/\/www.organisator.ch\/fr\/wp-json\/wp\/v2\/users\/8"}],"replies":[{"embeddable":true,"href":"https:\/\/www.organisator.ch\/fr\/wp-json\/wp\/v2\/comments?post=34623"}],"version-history":[{"count":3,"href":"https:\/\/www.organisator.ch\/fr\/wp-json\/wp\/v2\/posts\/34623\/revisions"}],"predecessor-version":[{"id":34644,"href":"https:\/\/www.organisator.ch\/fr\/wp-json\/wp\/v2\/posts\/34623\/revisions\/34644"}],"wp:attachment":[{"href":"https:\/\/www.organisator.ch\/fr\/wp-json\/wp\/v2\/media?parent=34623"}],"wp:term":[{"taxonomy":"category","embeddable":true,"href":"https:\/\/www.organisator.ch\/fr\/wp-json\/wp\/v2\/categories?post=34623"},{"taxonomy":"post_tag","embeddable":true,"href":"https:\/\/www.organisator.ch\/fr\/wp-json\/wp\/v2\/tags?post=34623"}],"curies":[{"name":"wp","href":"https:\/\/api.w.org\/{rel}","templated":true}]}}