{"id":34625,"date":"2024-12-10T16:22:14","date_gmt":"2024-12-10T15:22:14","guid":{"rendered":"https:\/\/www.markt-kom.com\/?p=228035"},"modified":"2024-12-11T07:22:21","modified_gmt":"2024-12-11T06:22:21","slug":"drop8-staerkt-fuehrungsteam-mit-drei-neuen-partnern","status":"publish","type":"post","link":"https:\/\/www.organisator.ch\/fr\/marketing\/2024-12-10\/drop8-staerkt-fuehrungsteam-mit-drei-neuen-partnern\/","title":{"rendered":"Drop8 renforce son \u00e9quipe de direction avec trois nouveaux partenaires"},"content":{"rendered":"<figure id=\"attachment_228036\" class=\"wp-caption aligncenter\" style=\"width: 974px;\" aria-describedby=\"caption-attachment-228036\"><a href=\"https:\/\/www.markt-kom.com\/wp-content\/uploads\/2024\/12\/drop8-3-neue-partner.jpg\"><img class=\"size-full wp-image-228036\" src=\"https:\/\/www.markt-kom.com\/wp-content\/uploads\/2024\/12\/drop8-3-neue-partner.jpg\" sizes=\"(max-width: 974px) 100vw, 974px\" srcset=\"https:\/\/www.markt-kom.com\/wp-content\/uploads\/2024\/12\/drop8-3-neue-partner.jpg 974w, https:\/\/www.markt-kom.com\/wp-content\/uploads\/2024\/12\/drop8-3-neue-partner-600x364.jpg 600w, https:\/\/www.markt-kom.com\/wp-content\/uploads\/2024\/12\/drop8-3-neue-partner-768x466.jpg 768w, https:\/\/www.markt-kom.com\/wp-content\/uploads\/2024\/12\/drop8-3-neue-partner-18x12.jpg 18w, https:\/\/www.markt-kom.com\/wp-content\/uploads\/2024\/12\/drop8-3-neue-partner-288x175.jpg 288w, https:\/\/www.markt-kom.com\/wp-content\/uploads\/2024\/12\/drop8-3-neue-partner-577x350.jpg 577w\" alt=\"\" width=\"974\" height=\"591\" \/><\/a>\r\n<figcaption id=\"caption-attachment-228036\" class=\"wp-caption-text\">Drop8 nomme Monty Meier, Fabrice Lalive et Patrik Br\u00e4ndle (de g. \u00e0 dr.) partenaires. (Images : zVg.)<\/figcaption>\r\n<\/figure>\r\n<p>\"J'avais une vision claire et des objectifs \u00e9lev\u00e9s d\u00e8s le d\u00e9but, mais je suis impressionn\u00e9 par ce que nous avons r\u00e9alis\u00e9 ensemble en tant qu'\u00e9quipe jusqu'\u00e0 aujourd'hui\", d\u00e9clare Sam Lutz, fondateur et propri\u00e9taire de Drop8. La nomination de Meier, Lalive et Br\u00e4ndle en tant que partenaires est pour lui une cons\u00e9quence logique ainsi qu'un \"geste d'estime qui vient du c\u0153ur\", poursuit Lutz.<br \/>\r\nAvec le renforcement de l'\u00e9quipe de direction, Drop8 souligne sa volont\u00e9 de se d\u00e9velopper en permanence et d'innover sur une base solide. L'objectif est \u00e9galement de renforcer sa position sur le march\u00e9 et d'offrir \u00e0 sa client\u00e8le une qualit\u00e9 et une capacit\u00e9 d'innovation encore plus \u00e9lev\u00e9es.<\/p>\r\n<p>Premier collaborateur de Drop8, Monty Meier a rejoint l'entreprise en avril 2018, quelques mois apr\u00e8s sa cr\u00e9ation. Depuis janvier 2022, il dirige Drop8 en tant que Managing Director.<\/p>\r\n<p>Fabrice Lalive, actuellement directeur de l'innovation et de la technologie, a rejoint Drop8 en octobre 2018 en tant que stagiaire, apr\u00e8s avoir obtenu un bachelor en communication et m\u00e9dias \u00e0 l'universit\u00e9 de Zurich.<\/p>\r\n<p>Patrik Br\u00e4ndle, qui a rejoint Drop8 en avril 2019, a commenc\u00e9 sa carri\u00e8re dans l'entreprise en tant que stagiaire et est devenu une figure centrale en tant que directeur de la gestion des campagnes. Il est titulaire d'un master en communication strat\u00e9gique et management de l'Universit\u00e9 de Zurich.<\/p>","protected":false},"excerpt":{"rendered":"<p>Drop8 nomme Monty Meier, Fabrice Lalive et Patrik Br\u00e4ndle partenaires. L'entreprise active dans le domaine de la communication et du marketing num\u00e9riques pose ainsi la premi\u00e8re pierre d'un nouveau chapitre de son histoire.<\/p>","protected":false},"author":8,"featured_media":0,"comment_status":"closed","ping_status":"closed","sticky":false,"template":"","format":"standard","meta":{"_acf_changed":false,"_yoast_wpseo_focuskw":"Drop8","_yoast_wpseo_metadesc":"Drop8 ernennt Monty Meier, Fabrice Lalive und Patrik Br\u00e4ndle zu Partnern und st\u00e4rkt damit sein F\u00fchrungsteam f\u00fcr eine innovative Zukunft.","articlekey":"","footnotes":""},"categories":[29],"tags":[4345,3019,2853],"class_list":["post-34625","post","type-post","status-publish","format-standard","hentry","category-marketing","tag-business","tag-drop8","tag-jobchange"],"acf":[],"yoast_head":"<!-- This site is optimized with the Yoast SEO plugin v27.5 - https:\/\/yoast.com\/product\/yoast-seo-wordpress\/ -->\n<title>Drop8 st\u00e4rkt F\u00fchrungsteam mit drei neuen Partnern - Organisator<\/title>\n<meta name=\"description\" content=\"Drop8 ernennt Monty Meier, Fabrice Lalive und Patrik Br\u00e4ndle zu Partnern und st\u00e4rkt damit sein F\u00fchrungsteam f\u00fcr eine innovative Zukunft.\" \/>\n<meta name=\"robots\" content=\"index, follow, max-snippet:-1, max-image-preview:large, max-video-preview:-1\" \/>\n<link rel=\"canonical\" href=\"https:\/\/www.organisator.ch\/fr\/marketing\/2024-12-10\/drop8-staerkt-fuehrungsteam-mit-drei-neuen-partnern\/\" \/>\n<meta property=\"og:locale\" content=\"fr_FR\" \/>\n<meta property=\"og:type\" content=\"article\" \/>\n<meta property=\"og:title\" content=\"Drop8 st\u00e4rkt F\u00fchrungsteam mit drei neuen Partnern - Organisator\" \/>\n<meta property=\"og:description\" content=\"Drop8 ernennt Monty Meier, Fabrice Lalive und Patrik Br\u00e4ndle zu Partnern und st\u00e4rkt damit sein F\u00fchrungsteam f\u00fcr eine innovative Zukunft.\" \/>\n<meta property=\"og:url\" content=\"https:\/\/www.organisator.ch\/fr\/marketing\/2024-12-10\/drop8-staerkt-fuehrungsteam-mit-drei-neuen-partnern\/\" \/>\n<meta property=\"og:site_name\" content=\"Organisator\" \/>\n<meta property=\"article:publisher\" content=\"https:\/\/www.facebook.com\/OrganisatorFachmagazin\" \/>\n<meta property=\"article:published_time\" content=\"2024-12-10T15:22:14+00:00\" \/>\n<meta property=\"article:modified_time\" content=\"2024-12-11T06:22:21+00:00\" \/>\n<meta name=\"author\" content=\"galledia\" \/>\n<meta name=\"twitter:card\" content=\"summary_large_image\" \/>\n<meta name=\"twitter:creator\" content=\"@admin\" \/>\n<script type=\"application\/ld+json\" class=\"yoast-schema-graph\">{\"@context\":\"https:\\\/\\\/schema.org\",\"@graph\":[{\"@type\":\"Article\",\"@id\":\"https:\\\/\\\/www.organisator.ch\\\/marketing\\\/2024-12-10\\\/drop8-staerkt-fuehrungsteam-mit-drei-neuen-partnern\\\/#article\",\"isPartOf\":{\"@id\":\"https:\\\/\\\/www.organisator.ch\\\/marketing\\\/2024-12-10\\\/drop8-staerkt-fuehrungsteam-mit-drei-neuen-partnern\\\/\"},\"author\":{\"name\":\"galledia\",\"@id\":\"https:\\\/\\\/www.organisator.ch\\\/#\\\/schema\\\/person\\\/4e51799071cd2dd1232ac003643ef5f0\"},\"headline\":\"Drop8 st\u00e4rkt F\u00fchrungsteam mit drei neuen Partnern\",\"datePublished\":\"2024-12-10T15:22:14+00:00\",\"dateModified\":\"2024-12-11T06:22:21+00:00\",\"mainEntityOfPage\":{\"@id\":\"https:\\\/\\\/www.organisator.ch\\\/marketing\\\/2024-12-10\\\/drop8-staerkt-fuehrungsteam-mit-drei-neuen-partnern\\\/\"},\"wordCount\":232,\"publisher\":{\"@id\":\"https:\\\/\\\/www.organisator.ch\\\/#organization\"},\"image\":{\"@id\":\"https:\\\/\\\/www.organisator.ch\\\/marketing\\\/2024-12-10\\\/drop8-staerkt-fuehrungsteam-mit-drei-neuen-partnern\\\/#primaryimage\"},\"thumbnailUrl\":\"https:\\\/\\\/www.markt-kom.com\\\/wp-content\\\/uploads\\\/2024\\\/12\\\/drop8-3-neue-partner.jpg\",\"keywords\":[\"Business\",\"Drop8\",\"Jobchange\"],\"articleSection\":[\"MARKETING\"],\"inLanguage\":\"fr-FR\"},{\"@type\":\"WebPage\",\"@id\":\"https:\\\/\\\/www.organisator.ch\\\/marketing\\\/2024-12-10\\\/drop8-staerkt-fuehrungsteam-mit-drei-neuen-partnern\\\/\",\"url\":\"https:\\\/\\\/www.organisator.ch\\\/marketing\\\/2024-12-10\\\/drop8-staerkt-fuehrungsteam-mit-drei-neuen-partnern\\\/\",\"name\":\"Drop8 st\u00e4rkt F\u00fchrungsteam mit drei neuen Partnern - Organisator\",\"isPartOf\":{\"@id\":\"https:\\\/\\\/www.organisator.ch\\\/#website\"},\"primaryImageOfPage\":{\"@id\":\"https:\\\/\\\/www.organisator.ch\\\/marketing\\\/2024-12-10\\\/drop8-staerkt-fuehrungsteam-mit-drei-neuen-partnern\\\/#primaryimage\"},\"image\":{\"@id\":\"https:\\\/\\\/www.organisator.ch\\\/marketing\\\/2024-12-10\\\/drop8-staerkt-fuehrungsteam-mit-drei-neuen-partnern\\\/#primaryimage\"},\"thumbnailUrl\":\"https:\\\/\\\/www.markt-kom.com\\\/wp-content\\\/uploads\\\/2024\\\/12\\\/drop8-3-neue-partner.jpg\",\"datePublished\":\"2024-12-10T15:22:14+00:00\",\"dateModified\":\"2024-12-11T06:22:21+00:00\",\"description\":\"Drop8 ernennt Monty Meier, Fabrice Lalive und Patrik Br\u00e4ndle zu Partnern und st\u00e4rkt damit sein F\u00fchrungsteam f\u00fcr eine innovative Zukunft.\",\"breadcrumb\":{\"@id\":\"https:\\\/\\\/www.organisator.ch\\\/marketing\\\/2024-12-10\\\/drop8-staerkt-fuehrungsteam-mit-drei-neuen-partnern\\\/#breadcrumb\"},\"inLanguage\":\"fr-FR\",\"potentialAction\":[{\"@type\":\"ReadAction\",\"target\":[\"https:\\\/\\\/www.organisator.ch\\\/marketing\\\/2024-12-10\\\/drop8-staerkt-fuehrungsteam-mit-drei-neuen-partnern\\\/\"]}]},{\"@type\":\"ImageObject\",\"inLanguage\":\"fr-FR\",\"@id\":\"https:\\\/\\\/www.organisator.ch\\\/marketing\\\/2024-12-10\\\/drop8-staerkt-fuehrungsteam-mit-drei-neuen-partnern\\\/#primaryimage\",\"url\":\"https:\\\/\\\/www.markt-kom.com\\\/wp-content\\\/uploads\\\/2024\\\/12\\\/drop8-3-neue-partner.jpg\",\"contentUrl\":\"https:\\\/\\\/www.markt-kom.com\\\/wp-content\\\/uploads\\\/2024\\\/12\\\/drop8-3-neue-partner.jpg\"},{\"@type\":\"BreadcrumbList\",\"@id\":\"https:\\\/\\\/www.organisator.ch\\\/marketing\\\/2024-12-10\\\/drop8-staerkt-fuehrungsteam-mit-drei-neuen-partnern\\\/#breadcrumb\",\"itemListElement\":[{\"@type\":\"ListItem\",\"position\":1,\"name\":\"Home\",\"item\":\"https:\\\/\\\/www.organisator.ch\\\/\"},{\"@type\":\"ListItem\",\"position\":2,\"name\":\"Drop8 st\u00e4rkt F\u00fchrungsteam mit drei neuen Partnern\"}]},{\"@type\":\"WebSite\",\"@id\":\"https:\\\/\\\/www.organisator.ch\\\/#website\",\"url\":\"https:\\\/\\\/www.organisator.ch\\\/\",\"name\":\"Organisator\",\"description\":\"Kompetent. Praxisnah. Der ORGANISATOR bereitet in 10 Ausgaben pro Jahr die wesentlichen Themen f\u00fcr F\u00fchrungskr\u00e4fte von KMU auf.\",\"publisher\":{\"@id\":\"https:\\\/\\\/www.organisator.ch\\\/#organization\"},\"potentialAction\":[{\"@type\":\"SearchAction\",\"target\":{\"@type\":\"EntryPoint\",\"urlTemplate\":\"https:\\\/\\\/www.organisator.ch\\\/?s={search_term_string}\"},\"query-input\":{\"@type\":\"PropertyValueSpecification\",\"valueRequired\":true,\"valueName\":\"search_term_string\"}}],\"inLanguage\":\"fr-FR\"},{\"@type\":\"Organization\",\"@id\":\"https:\\\/\\\/www.organisator.ch\\\/#organization\",\"name\":\"Organisator\",\"url\":\"https:\\\/\\\/www.organisator.ch\\\/\",\"logo\":{\"@type\":\"ImageObject\",\"inLanguage\":\"fr-FR\",\"@id\":\"https:\\\/\\\/www.organisator.ch\\\/#\\\/schema\\\/logo\\\/image\\\/\",\"url\":\"https:\\\/\\\/www.organisator.ch\\\/wp-content\\\/uploads\\\/2022\\\/01\\\/Logo_Organisator_Website.png\",\"contentUrl\":\"https:\\\/\\\/www.organisator.ch\\\/wp-content\\\/uploads\\\/2022\\\/01\\\/Logo_Organisator_Website.png\",\"width\":800,\"height\":77,\"caption\":\"Organisator\"},\"image\":{\"@id\":\"https:\\\/\\\/www.organisator.ch\\\/#\\\/schema\\\/logo\\\/image\\\/\"},\"sameAs\":[\"https:\\\/\\\/www.facebook.com\\\/OrganisatorFachmagazin\",\"https:\\\/\\\/www.linkedin.com\\\/showcase\\\/organisator-das-magazin-fr-kmu\",\"https:\\\/\\\/www.xing.com\\\/news\\\/pages\\\/organisator-ch-695\",\"https:\\\/\\\/www.youtube.com\\\/channel\\\/UCGP2Sq0iWaZwT3BdIAQFYpw\"]},{\"@type\":\"Person\",\"@id\":\"https:\\\/\\\/www.organisator.ch\\\/#\\\/schema\\\/person\\\/4e51799071cd2dd1232ac003643ef5f0\",\"name\":\"galledia\",\"image\":{\"@type\":\"ImageObject\",\"inLanguage\":\"fr-FR\",\"@id\":\"https:\\\/\\\/secure.gravatar.com\\\/avatar\\\/78a7f90c01fc2bfc875782a0d4922b37cde2cf184ce347b91316d23cd7f69a36?s=96&d=mm&r=g\",\"url\":\"https:\\\/\\\/secure.gravatar.com\\\/avatar\\\/78a7f90c01fc2bfc875782a0d4922b37cde2cf184ce347b91316d23cd7f69a36?s=96&d=mm&r=g\",\"contentUrl\":\"https:\\\/\\\/secure.gravatar.com\\\/avatar\\\/78a7f90c01fc2bfc875782a0d4922b37cde2cf184ce347b91316d23cd7f69a36?s=96&d=mm&r=g\",\"caption\":\"galledia\"},\"sameAs\":[\"https:\\\/\\\/x.com\\\/admin\"],\"url\":\"https:\\\/\\\/www.organisator.ch\\\/fr\\\/author\\\/galledia\\\/\"}]}<\/script>\n<!-- \/ Yoast SEO plugin. -->","yoast_head_json":{"title":"Drop8 renforce son \u00e9quipe de direction avec trois nouveaux partenaires - Organisateur","description":"Drop8 nomme Monty Meier, Fabrice Lalive et Patrik Br\u00e4ndle comme partenaires et renforce ainsi son \u00e9quipe de direction pour un avenir innovant.","robots":{"index":"index","follow":"follow","max-snippet":"max-snippet:-1","max-image-preview":"max-image-preview:large","max-video-preview":"max-video-preview:-1"},"canonical":"https:\/\/www.organisator.ch\/fr\/marketing\/2024-12-10\/drop8-staerkt-fuehrungsteam-mit-drei-neuen-partnern\/","og_locale":"fr_FR","og_type":"article","og_title":"Drop8 st\u00e4rkt F\u00fchrungsteam mit drei neuen Partnern - Organisator","og_description":"Drop8 ernennt Monty Meier, Fabrice Lalive und Patrik Br\u00e4ndle zu Partnern und st\u00e4rkt damit sein F\u00fchrungsteam f\u00fcr eine innovative Zukunft.","og_url":"https:\/\/www.organisator.ch\/fr\/marketing\/2024-12-10\/drop8-staerkt-fuehrungsteam-mit-drei-neuen-partnern\/","og_site_name":"Organisator","article_publisher":"https:\/\/www.facebook.com\/OrganisatorFachmagazin","article_published_time":"2024-12-10T15:22:14+00:00","article_modified_time":"2024-12-11T06:22:21+00:00","author":"galledia","twitter_card":"summary_large_image","twitter_creator":"@admin","schema":{"@context":"https:\/\/schema.org","@graph":[{"@type":"Article","@id":"https:\/\/www.organisator.ch\/marketing\/2024-12-10\/drop8-staerkt-fuehrungsteam-mit-drei-neuen-partnern\/#article","isPartOf":{"@id":"https:\/\/www.organisator.ch\/marketing\/2024-12-10\/drop8-staerkt-fuehrungsteam-mit-drei-neuen-partnern\/"},"author":{"name":"galledia","@id":"https:\/\/www.organisator.ch\/#\/schema\/person\/4e51799071cd2dd1232ac003643ef5f0"},"headline":"Drop8 st\u00e4rkt F\u00fchrungsteam mit drei neuen Partnern","datePublished":"2024-12-10T15:22:14+00:00","dateModified":"2024-12-11T06:22:21+00:00","mainEntityOfPage":{"@id":"https:\/\/www.organisator.ch\/marketing\/2024-12-10\/drop8-staerkt-fuehrungsteam-mit-drei-neuen-partnern\/"},"wordCount":232,"publisher":{"@id":"https:\/\/www.organisator.ch\/#organization"},"image":{"@id":"https:\/\/www.organisator.ch\/marketing\/2024-12-10\/drop8-staerkt-fuehrungsteam-mit-drei-neuen-partnern\/#primaryimage"},"thumbnailUrl":"https:\/\/www.markt-kom.com\/wp-content\/uploads\/2024\/12\/drop8-3-neue-partner.jpg","keywords":["Business","Drop8","Jobchange"],"articleSection":["MARKETING"],"inLanguage":"fr-FR"},{"@type":"WebPage","@id":"https:\/\/www.organisator.ch\/marketing\/2024-12-10\/drop8-staerkt-fuehrungsteam-mit-drei-neuen-partnern\/","url":"https:\/\/www.organisator.ch\/marketing\/2024-12-10\/drop8-staerkt-fuehrungsteam-mit-drei-neuen-partnern\/","name":"Drop8 renforce son \u00e9quipe de direction avec trois nouveaux partenaires - Organisateur","isPartOf":{"@id":"https:\/\/www.organisator.ch\/#website"},"primaryImageOfPage":{"@id":"https:\/\/www.organisator.ch\/marketing\/2024-12-10\/drop8-staerkt-fuehrungsteam-mit-drei-neuen-partnern\/#primaryimage"},"image":{"@id":"https:\/\/www.organisator.ch\/marketing\/2024-12-10\/drop8-staerkt-fuehrungsteam-mit-drei-neuen-partnern\/#primaryimage"},"thumbnailUrl":"https:\/\/www.markt-kom.com\/wp-content\/uploads\/2024\/12\/drop8-3-neue-partner.jpg","datePublished":"2024-12-10T15:22:14+00:00","dateModified":"2024-12-11T06:22:21+00:00","description":"Drop8 nomme Monty Meier, Fabrice Lalive et Patrik Br\u00e4ndle comme partenaires et renforce ainsi son \u00e9quipe de direction pour un avenir innovant.","breadcrumb":{"@id":"https:\/\/www.organisator.ch\/marketing\/2024-12-10\/drop8-staerkt-fuehrungsteam-mit-drei-neuen-partnern\/#breadcrumb"},"inLanguage":"fr-FR","potentialAction":[{"@type":"ReadAction","target":["https:\/\/www.organisator.ch\/marketing\/2024-12-10\/drop8-staerkt-fuehrungsteam-mit-drei-neuen-partnern\/"]}]},{"@type":"ImageObject","inLanguage":"fr-FR","@id":"https:\/\/www.organisator.ch\/marketing\/2024-12-10\/drop8-staerkt-fuehrungsteam-mit-drei-neuen-partnern\/#primaryimage","url":"https:\/\/www.markt-kom.com\/wp-content\/uploads\/2024\/12\/drop8-3-neue-partner.jpg","contentUrl":"https:\/\/www.markt-kom.com\/wp-content\/uploads\/2024\/12\/drop8-3-neue-partner.jpg"},{"@type":"BreadcrumbList","@id":"https:\/\/www.organisator.ch\/marketing\/2024-12-10\/drop8-staerkt-fuehrungsteam-mit-drei-neuen-partnern\/#breadcrumb","itemListElement":[{"@type":"ListItem","position":1,"name":"Home","item":"https:\/\/www.organisator.ch\/"},{"@type":"ListItem","position":2,"name":"Drop8 st\u00e4rkt F\u00fchrungsteam mit drei neuen Partnern"}]},{"@type":"WebSite","@id":"https:\/\/www.organisator.ch\/#website","url":"https:\/\/www.organisator.ch\/","name":"Organisateur","description":"Comp\u00e9tence et comp\u00e9tence. Proches de la pratique. L'ORGANISATEUR pr\u00e9pare 10 num\u00e9ros par an sur les th\u00e8mes essentiels pour les dirigeants de PME.","publisher":{"@id":"https:\/\/www.organisator.ch\/#organization"},"potentialAction":[{"@type":"SearchAction","target":{"@type":"EntryPoint","urlTemplate":"https:\/\/www.organisator.ch\/?s={search_term_string}"},"query-input":{"@type":"PropertyValueSpecification","valueRequired":true,"valueName":"search_term_string"}}],"inLanguage":"fr-FR"},{"@type":"Organization","@id":"https:\/\/www.organisator.ch\/#organization","name":"Organisateur","url":"https:\/\/www.organisator.ch\/","logo":{"@type":"ImageObject","inLanguage":"fr-FR","@id":"https:\/\/www.organisator.ch\/#\/schema\/logo\/image\/","url":"https:\/\/www.organisator.ch\/wp-content\/uploads\/2022\/01\/Logo_Organisator_Website.png","contentUrl":"https:\/\/www.organisator.ch\/wp-content\/uploads\/2022\/01\/Logo_Organisator_Website.png","width":800,"height":77,"caption":"Organisator"},"image":{"@id":"https:\/\/www.organisator.ch\/#\/schema\/logo\/image\/"},"sameAs":["https:\/\/www.facebook.com\/OrganisatorFachmagazin","https:\/\/www.linkedin.com\/showcase\/organisator-das-magazin-fr-kmu","https:\/\/www.xing.com\/news\/pages\/organisator-ch-695","https:\/\/www.youtube.com\/channel\/UCGP2Sq0iWaZwT3BdIAQFYpw"]},{"@type":"Person","@id":"https:\/\/www.organisator.ch\/#\/schema\/person\/4e51799071cd2dd1232ac003643ef5f0","name":"galledia","image":{"@type":"ImageObject","inLanguage":"fr-FR","@id":"https:\/\/secure.gravatar.com\/avatar\/78a7f90c01fc2bfc875782a0d4922b37cde2cf184ce347b91316d23cd7f69a36?s=96&d=mm&r=g","url":"https:\/\/secure.gravatar.com\/avatar\/78a7f90c01fc2bfc875782a0d4922b37cde2cf184ce347b91316d23cd7f69a36?s=96&d=mm&r=g","contentUrl":"https:\/\/secure.gravatar.com\/avatar\/78a7f90c01fc2bfc875782a0d4922b37cde2cf184ce347b91316d23cd7f69a36?s=96&d=mm&r=g","caption":"galledia"},"sameAs":["https:\/\/x.com\/admin"],"url":"https:\/\/www.organisator.ch\/fr\/author\/galledia\/"}]}},"_links":{"self":[{"href":"https:\/\/www.organisator.ch\/fr\/wp-json\/wp\/v2\/posts\/34625","targetHints":{"allow":["GET"]}}],"collection":[{"href":"https:\/\/www.organisator.ch\/fr\/wp-json\/wp\/v2\/posts"}],"about":[{"href":"https:\/\/www.organisator.ch\/fr\/wp-json\/wp\/v2\/types\/post"}],"author":[{"embeddable":true,"href":"https:\/\/www.organisator.ch\/fr\/wp-json\/wp\/v2\/users\/8"}],"replies":[{"embeddable":true,"href":"https:\/\/www.organisator.ch\/fr\/wp-json\/wp\/v2\/comments?post=34625"}],"version-history":[{"count":4,"href":"https:\/\/www.organisator.ch\/fr\/wp-json\/wp\/v2\/posts\/34625\/revisions"}],"predecessor-version":[{"id":34641,"href":"https:\/\/www.organisator.ch\/fr\/wp-json\/wp\/v2\/posts\/34625\/revisions\/34641"}],"wp:attachment":[{"href":"https:\/\/www.organisator.ch\/fr\/wp-json\/wp\/v2\/media?parent=34625"}],"wp:term":[{"taxonomy":"category","embeddable":true,"href":"https:\/\/www.organisator.ch\/fr\/wp-json\/wp\/v2\/categories?post=34625"},{"taxonomy":"post_tag","embeddable":true,"href":"https:\/\/www.organisator.ch\/fr\/wp-json\/wp\/v2\/tags?post=34625"}],"curies":[{"name":"wp","href":"https:\/\/api.w.org\/{rel}","templated":true}]}}