{"id":34632,"date":"2024-12-10T17:39:38","date_gmt":"2024-12-10T16:39:38","guid":{"rendered":"https:\/\/www.markt-kom.com\/?p=228042"},"modified":"2024-12-11T07:21:35","modified_gmt":"2024-12-11T06:21:35","slug":"isabel-fehr-uebernimmt-vr-praesidium-von-liechtenstein-marketing","status":"publish","type":"post","link":"https:\/\/www.organisator.ch\/fr\/marketing\/2024-12-10\/isabel-fehr-uebernimmt-vr-praesidium-von-liechtenstein-marketing\/","title":{"rendered":"Isabel Fehr reprend la pr\u00e9sidence du CA de Liechtenstein Marketing"},"content":{"rendered":"<p><a href=\"https:\/\/www.markt-kom.com\/wp-content\/uploads\/2024\/12\/Liechtenstein-marketing-isabel-fehr.jpg\"><img class=\"aligncenter size-full wp-image-228043\" src=\"https:\/\/www.markt-kom.com\/wp-content\/uploads\/2024\/12\/Liechtenstein-marketing-isabel-fehr.jpg\" sizes=\"(max-width: 853px) 100vw, 853px\" srcset=\"https:\/\/www.markt-kom.com\/wp-content\/uploads\/2024\/12\/Liechtenstein-marketing-isabel-fehr.jpg 853w, https:\/\/www.markt-kom.com\/wp-content\/uploads\/2024\/12\/Liechtenstein-marketing-isabel-fehr-600x450.jpg 600w, https:\/\/www.markt-kom.com\/wp-content\/uploads\/2024\/12\/Liechtenstein-marketing-isabel-fehr-768x576.jpg 768w, https:\/\/www.markt-kom.com\/wp-content\/uploads\/2024\/12\/Liechtenstein-marketing-isabel-fehr-16x12.jpg 16w, https:\/\/www.markt-kom.com\/wp-content\/uploads\/2024\/12\/Liechtenstein-marketing-isabel-fehr-233x175.jpg 233w, https:\/\/www.markt-kom.com\/wp-content\/uploads\/2024\/12\/Liechtenstein-marketing-isabel-fehr-466x350.jpg 466w\" alt=\"\" width=\"853\" height=\"640\" \/><\/a><\/p>\r\n<p>La Liechtensteinoise Isabel Fehr est vice-pr\u00e9sidente du conseil d'administration de Liechtenstein Marketing depuis 2021 et succ\u00e8de \u00e0 Christian Wolf. Actuellement, Isabel Fehr est chef de projet \u00e0 la Croix-Rouge du Liechtenstein. Auparavant, cette experte en communication a travaill\u00e9 pour diff\u00e9rentes organisations et entreprises. Jusqu'en 2020, elle \u00e9tait pr\u00e9sidente du Liechtenstein Olympic Committee.<\/p>\r\n<p>Le conseil d'administration de Liechtenstein Marketing se composera comme suit \u00e0 partir de janvier : Isabel Fehr, pr\u00e9sidente, Kerstin Appel, Walter Hagen, Reto N\u00e4scher, Jana Riedm\u00fcller et Martin Sturzenegger.<\/p>","protected":false},"excerpt":{"rendered":"<p>Le gouvernement a nomm\u00e9 mardi Isabel Fehr comme nouvelle pr\u00e9sidente du conseil d'administration de Liechtenstein Marketing. Les deux membres actuels, Jana Riedm\u00fcller et Reto N\u00e4scher, ont \u00e9t\u00e9 confirm\u00e9s pour un nouveau mandat jusqu'en d\u00e9cembre 2028.<\/p>","protected":false},"author":8,"featured_media":0,"comment_status":"closed","ping_status":"closed","sticky":false,"template":"","format":"standard","meta":{"_acf_changed":false,"_yoast_wpseo_focuskw":"Isabel Fehr","_yoast_wpseo_metadesc":"Isabel Fehr ist neue Pr\u00e4sidentin von Liechtenstein Marketing. Jana Riedm\u00fcller und Reto N\u00e4scher bleiben bis 2028 im Verwaltungsrat","articlekey":"","footnotes":""},"categories":[29],"tags":[4345,2853,4939],"class_list":["post-34632","post","type-post","status-publish","format-standard","hentry","category-marketing","tag-business","tag-jobchange","tag-lichtenstein-marketing"],"acf":[],"yoast_head":"<!-- This site is optimized with the Yoast SEO plugin v27.5 - https:\/\/yoast.com\/product\/yoast-seo-wordpress\/ -->\n<title>Isabel Fehr \u00fcbernimmt VR-Pr\u00e4sidium von Liechtenstein Marketing - Organisator<\/title>\n<meta name=\"description\" content=\"Isabel Fehr ist neue Pr\u00e4sidentin von Liechtenstein Marketing. Jana Riedm\u00fcller und Reto N\u00e4scher bleiben bis 2028 im Verwaltungsrat\" \/>\n<meta name=\"robots\" content=\"index, follow, max-snippet:-1, max-image-preview:large, max-video-preview:-1\" \/>\n<link rel=\"canonical\" href=\"https:\/\/www.organisator.ch\/fr\/marketing\/2024-12-10\/isabel-fehr-uebernimmt-vr-praesidium-von-liechtenstein-marketing\/\" \/>\n<meta property=\"og:locale\" content=\"fr_FR\" \/>\n<meta property=\"og:type\" content=\"article\" \/>\n<meta property=\"og:title\" content=\"Isabel Fehr \u00fcbernimmt VR-Pr\u00e4sidium von Liechtenstein Marketing - Organisator\" \/>\n<meta property=\"og:description\" content=\"Isabel Fehr ist neue Pr\u00e4sidentin von Liechtenstein Marketing. Jana Riedm\u00fcller und Reto N\u00e4scher bleiben bis 2028 im Verwaltungsrat\" \/>\n<meta property=\"og:url\" content=\"https:\/\/www.organisator.ch\/fr\/marketing\/2024-12-10\/isabel-fehr-uebernimmt-vr-praesidium-von-liechtenstein-marketing\/\" \/>\n<meta property=\"og:site_name\" content=\"Organisator\" \/>\n<meta property=\"article:publisher\" content=\"https:\/\/www.facebook.com\/OrganisatorFachmagazin\" \/>\n<meta property=\"article:published_time\" content=\"2024-12-10T16:39:38+00:00\" \/>\n<meta property=\"article:modified_time\" content=\"2024-12-11T06:21:35+00:00\" \/>\n<meta name=\"author\" content=\"galledia\" \/>\n<meta name=\"twitter:card\" content=\"summary_large_image\" \/>\n<meta name=\"twitter:creator\" content=\"@admin\" \/>\n<script type=\"application\/ld+json\" class=\"yoast-schema-graph\">{\"@context\":\"https:\\\/\\\/schema.org\",\"@graph\":[{\"@type\":\"Article\",\"@id\":\"https:\\\/\\\/www.organisator.ch\\\/marketing\\\/2024-12-10\\\/isabel-fehr-uebernimmt-vr-praesidium-von-liechtenstein-marketing\\\/#article\",\"isPartOf\":{\"@id\":\"https:\\\/\\\/www.organisator.ch\\\/marketing\\\/2024-12-10\\\/isabel-fehr-uebernimmt-vr-praesidium-von-liechtenstein-marketing\\\/\"},\"author\":{\"name\":\"galledia\",\"@id\":\"https:\\\/\\\/www.organisator.ch\\\/#\\\/schema\\\/person\\\/4e51799071cd2dd1232ac003643ef5f0\"},\"headline\":\"Isabel Fehr \u00fcbernimmt VR-Pr\u00e4sidium von Liechtenstein Marketing\",\"datePublished\":\"2024-12-10T16:39:38+00:00\",\"dateModified\":\"2024-12-11T06:21:35+00:00\",\"mainEntityOfPage\":{\"@id\":\"https:\\\/\\\/www.organisator.ch\\\/marketing\\\/2024-12-10\\\/isabel-fehr-uebernimmt-vr-praesidium-von-liechtenstein-marketing\\\/\"},\"wordCount\":89,\"publisher\":{\"@id\":\"https:\\\/\\\/www.organisator.ch\\\/#organization\"},\"image\":{\"@id\":\"https:\\\/\\\/www.organisator.ch\\\/marketing\\\/2024-12-10\\\/isabel-fehr-uebernimmt-vr-praesidium-von-liechtenstein-marketing\\\/#primaryimage\"},\"thumbnailUrl\":\"https:\\\/\\\/www.markt-kom.com\\\/wp-content\\\/uploads\\\/2024\\\/12\\\/Liechtenstein-marketing-isabel-fehr.jpg\",\"keywords\":[\"Business\",\"Jobchange\",\"Lichtenstein Marketing\"],\"articleSection\":[\"MARKETING\"],\"inLanguage\":\"fr-FR\"},{\"@type\":\"WebPage\",\"@id\":\"https:\\\/\\\/www.organisator.ch\\\/marketing\\\/2024-12-10\\\/isabel-fehr-uebernimmt-vr-praesidium-von-liechtenstein-marketing\\\/\",\"url\":\"https:\\\/\\\/www.organisator.ch\\\/marketing\\\/2024-12-10\\\/isabel-fehr-uebernimmt-vr-praesidium-von-liechtenstein-marketing\\\/\",\"name\":\"Isabel Fehr \u00fcbernimmt VR-Pr\u00e4sidium von Liechtenstein Marketing - Organisator\",\"isPartOf\":{\"@id\":\"https:\\\/\\\/www.organisator.ch\\\/#website\"},\"primaryImageOfPage\":{\"@id\":\"https:\\\/\\\/www.organisator.ch\\\/marketing\\\/2024-12-10\\\/isabel-fehr-uebernimmt-vr-praesidium-von-liechtenstein-marketing\\\/#primaryimage\"},\"image\":{\"@id\":\"https:\\\/\\\/www.organisator.ch\\\/marketing\\\/2024-12-10\\\/isabel-fehr-uebernimmt-vr-praesidium-von-liechtenstein-marketing\\\/#primaryimage\"},\"thumbnailUrl\":\"https:\\\/\\\/www.markt-kom.com\\\/wp-content\\\/uploads\\\/2024\\\/12\\\/Liechtenstein-marketing-isabel-fehr.jpg\",\"datePublished\":\"2024-12-10T16:39:38+00:00\",\"dateModified\":\"2024-12-11T06:21:35+00:00\",\"description\":\"Isabel Fehr ist neue Pr\u00e4sidentin von Liechtenstein Marketing. Jana Riedm\u00fcller und Reto N\u00e4scher bleiben bis 2028 im Verwaltungsrat\",\"breadcrumb\":{\"@id\":\"https:\\\/\\\/www.organisator.ch\\\/marketing\\\/2024-12-10\\\/isabel-fehr-uebernimmt-vr-praesidium-von-liechtenstein-marketing\\\/#breadcrumb\"},\"inLanguage\":\"fr-FR\",\"potentialAction\":[{\"@type\":\"ReadAction\",\"target\":[\"https:\\\/\\\/www.organisator.ch\\\/marketing\\\/2024-12-10\\\/isabel-fehr-uebernimmt-vr-praesidium-von-liechtenstein-marketing\\\/\"]}]},{\"@type\":\"ImageObject\",\"inLanguage\":\"fr-FR\",\"@id\":\"https:\\\/\\\/www.organisator.ch\\\/marketing\\\/2024-12-10\\\/isabel-fehr-uebernimmt-vr-praesidium-von-liechtenstein-marketing\\\/#primaryimage\",\"url\":\"https:\\\/\\\/www.markt-kom.com\\\/wp-content\\\/uploads\\\/2024\\\/12\\\/Liechtenstein-marketing-isabel-fehr.jpg\",\"contentUrl\":\"https:\\\/\\\/www.markt-kom.com\\\/wp-content\\\/uploads\\\/2024\\\/12\\\/Liechtenstein-marketing-isabel-fehr.jpg\"},{\"@type\":\"BreadcrumbList\",\"@id\":\"https:\\\/\\\/www.organisator.ch\\\/marketing\\\/2024-12-10\\\/isabel-fehr-uebernimmt-vr-praesidium-von-liechtenstein-marketing\\\/#breadcrumb\",\"itemListElement\":[{\"@type\":\"ListItem\",\"position\":1,\"name\":\"Home\",\"item\":\"https:\\\/\\\/www.organisator.ch\\\/\"},{\"@type\":\"ListItem\",\"position\":2,\"name\":\"Isabel Fehr \u00fcbernimmt VR-Pr\u00e4sidium von Liechtenstein Marketing\"}]},{\"@type\":\"WebSite\",\"@id\":\"https:\\\/\\\/www.organisator.ch\\\/#website\",\"url\":\"https:\\\/\\\/www.organisator.ch\\\/\",\"name\":\"Organisator\",\"description\":\"Kompetent. Praxisnah. Der ORGANISATOR bereitet in 10 Ausgaben pro Jahr die wesentlichen Themen f\u00fcr F\u00fchrungskr\u00e4fte von KMU auf.\",\"publisher\":{\"@id\":\"https:\\\/\\\/www.organisator.ch\\\/#organization\"},\"potentialAction\":[{\"@type\":\"SearchAction\",\"target\":{\"@type\":\"EntryPoint\",\"urlTemplate\":\"https:\\\/\\\/www.organisator.ch\\\/?s={search_term_string}\"},\"query-input\":{\"@type\":\"PropertyValueSpecification\",\"valueRequired\":true,\"valueName\":\"search_term_string\"}}],\"inLanguage\":\"fr-FR\"},{\"@type\":\"Organization\",\"@id\":\"https:\\\/\\\/www.organisator.ch\\\/#organization\",\"name\":\"Organisator\",\"url\":\"https:\\\/\\\/www.organisator.ch\\\/\",\"logo\":{\"@type\":\"ImageObject\",\"inLanguage\":\"fr-FR\",\"@id\":\"https:\\\/\\\/www.organisator.ch\\\/#\\\/schema\\\/logo\\\/image\\\/\",\"url\":\"https:\\\/\\\/www.organisator.ch\\\/wp-content\\\/uploads\\\/2022\\\/01\\\/Logo_Organisator_Website.png\",\"contentUrl\":\"https:\\\/\\\/www.organisator.ch\\\/wp-content\\\/uploads\\\/2022\\\/01\\\/Logo_Organisator_Website.png\",\"width\":800,\"height\":77,\"caption\":\"Organisator\"},\"image\":{\"@id\":\"https:\\\/\\\/www.organisator.ch\\\/#\\\/schema\\\/logo\\\/image\\\/\"},\"sameAs\":[\"https:\\\/\\\/www.facebook.com\\\/OrganisatorFachmagazin\",\"https:\\\/\\\/www.linkedin.com\\\/showcase\\\/organisator-das-magazin-fr-kmu\",\"https:\\\/\\\/www.xing.com\\\/news\\\/pages\\\/organisator-ch-695\",\"https:\\\/\\\/www.youtube.com\\\/channel\\\/UCGP2Sq0iWaZwT3BdIAQFYpw\"]},{\"@type\":\"Person\",\"@id\":\"https:\\\/\\\/www.organisator.ch\\\/#\\\/schema\\\/person\\\/4e51799071cd2dd1232ac003643ef5f0\",\"name\":\"galledia\",\"image\":{\"@type\":\"ImageObject\",\"inLanguage\":\"fr-FR\",\"@id\":\"https:\\\/\\\/secure.gravatar.com\\\/avatar\\\/78a7f90c01fc2bfc875782a0d4922b37cde2cf184ce347b91316d23cd7f69a36?s=96&d=mm&r=g\",\"url\":\"https:\\\/\\\/secure.gravatar.com\\\/avatar\\\/78a7f90c01fc2bfc875782a0d4922b37cde2cf184ce347b91316d23cd7f69a36?s=96&d=mm&r=g\",\"contentUrl\":\"https:\\\/\\\/secure.gravatar.com\\\/avatar\\\/78a7f90c01fc2bfc875782a0d4922b37cde2cf184ce347b91316d23cd7f69a36?s=96&d=mm&r=g\",\"caption\":\"galledia\"},\"sameAs\":[\"https:\\\/\\\/x.com\\\/admin\"],\"url\":\"https:\\\/\\\/www.organisator.ch\\\/fr\\\/author\\\/galledia\\\/\"}]}<\/script>\n<!-- \/ Yoast SEO plugin. -->","yoast_head_json":{"title":"Isabel Fehr reprend la pr\u00e9sidence du CA de Liechtenstein Marketing - Organisateur","description":"Isabel Fehr est la nouvelle pr\u00e9sidente de Liechtenstein Marketing. Jana Riedm\u00fcller et Reto N\u00e4scher restent au conseil d'administration jusqu'en 2028","robots":{"index":"index","follow":"follow","max-snippet":"max-snippet:-1","max-image-preview":"max-image-preview:large","max-video-preview":"max-video-preview:-1"},"canonical":"https:\/\/www.organisator.ch\/fr\/marketing\/2024-12-10\/isabel-fehr-uebernimmt-vr-praesidium-von-liechtenstein-marketing\/","og_locale":"fr_FR","og_type":"article","og_title":"Isabel Fehr \u00fcbernimmt VR-Pr\u00e4sidium von Liechtenstein Marketing - Organisator","og_description":"Isabel Fehr ist neue Pr\u00e4sidentin von Liechtenstein Marketing. Jana Riedm\u00fcller und Reto N\u00e4scher bleiben bis 2028 im Verwaltungsrat","og_url":"https:\/\/www.organisator.ch\/fr\/marketing\/2024-12-10\/isabel-fehr-uebernimmt-vr-praesidium-von-liechtenstein-marketing\/","og_site_name":"Organisator","article_publisher":"https:\/\/www.facebook.com\/OrganisatorFachmagazin","article_published_time":"2024-12-10T16:39:38+00:00","article_modified_time":"2024-12-11T06:21:35+00:00","author":"galledia","twitter_card":"summary_large_image","twitter_creator":"@admin","schema":{"@context":"https:\/\/schema.org","@graph":[{"@type":"Article","@id":"https:\/\/www.organisator.ch\/marketing\/2024-12-10\/isabel-fehr-uebernimmt-vr-praesidium-von-liechtenstein-marketing\/#article","isPartOf":{"@id":"https:\/\/www.organisator.ch\/marketing\/2024-12-10\/isabel-fehr-uebernimmt-vr-praesidium-von-liechtenstein-marketing\/"},"author":{"name":"galledia","@id":"https:\/\/www.organisator.ch\/#\/schema\/person\/4e51799071cd2dd1232ac003643ef5f0"},"headline":"Isabel Fehr \u00fcbernimmt VR-Pr\u00e4sidium von Liechtenstein Marketing","datePublished":"2024-12-10T16:39:38+00:00","dateModified":"2024-12-11T06:21:35+00:00","mainEntityOfPage":{"@id":"https:\/\/www.organisator.ch\/marketing\/2024-12-10\/isabel-fehr-uebernimmt-vr-praesidium-von-liechtenstein-marketing\/"},"wordCount":89,"publisher":{"@id":"https:\/\/www.organisator.ch\/#organization"},"image":{"@id":"https:\/\/www.organisator.ch\/marketing\/2024-12-10\/isabel-fehr-uebernimmt-vr-praesidium-von-liechtenstein-marketing\/#primaryimage"},"thumbnailUrl":"https:\/\/www.markt-kom.com\/wp-content\/uploads\/2024\/12\/Liechtenstein-marketing-isabel-fehr.jpg","keywords":["Business","Jobchange","Lichtenstein Marketing"],"articleSection":["MARKETING"],"inLanguage":"fr-FR"},{"@type":"WebPage","@id":"https:\/\/www.organisator.ch\/marketing\/2024-12-10\/isabel-fehr-uebernimmt-vr-praesidium-von-liechtenstein-marketing\/","url":"https:\/\/www.organisator.ch\/marketing\/2024-12-10\/isabel-fehr-uebernimmt-vr-praesidium-von-liechtenstein-marketing\/","name":"Isabel Fehr reprend la pr\u00e9sidence du CA de Liechtenstein Marketing - Organisateur","isPartOf":{"@id":"https:\/\/www.organisator.ch\/#website"},"primaryImageOfPage":{"@id":"https:\/\/www.organisator.ch\/marketing\/2024-12-10\/isabel-fehr-uebernimmt-vr-praesidium-von-liechtenstein-marketing\/#primaryimage"},"image":{"@id":"https:\/\/www.organisator.ch\/marketing\/2024-12-10\/isabel-fehr-uebernimmt-vr-praesidium-von-liechtenstein-marketing\/#primaryimage"},"thumbnailUrl":"https:\/\/www.markt-kom.com\/wp-content\/uploads\/2024\/12\/Liechtenstein-marketing-isabel-fehr.jpg","datePublished":"2024-12-10T16:39:38+00:00","dateModified":"2024-12-11T06:21:35+00:00","description":"Isabel Fehr est la nouvelle pr\u00e9sidente de Liechtenstein Marketing. Jana Riedm\u00fcller et Reto N\u00e4scher restent au conseil d'administration jusqu'en 2028","breadcrumb":{"@id":"https:\/\/www.organisator.ch\/marketing\/2024-12-10\/isabel-fehr-uebernimmt-vr-praesidium-von-liechtenstein-marketing\/#breadcrumb"},"inLanguage":"fr-FR","potentialAction":[{"@type":"ReadAction","target":["https:\/\/www.organisator.ch\/marketing\/2024-12-10\/isabel-fehr-uebernimmt-vr-praesidium-von-liechtenstein-marketing\/"]}]},{"@type":"ImageObject","inLanguage":"fr-FR","@id":"https:\/\/www.organisator.ch\/marketing\/2024-12-10\/isabel-fehr-uebernimmt-vr-praesidium-von-liechtenstein-marketing\/#primaryimage","url":"https:\/\/www.markt-kom.com\/wp-content\/uploads\/2024\/12\/Liechtenstein-marketing-isabel-fehr.jpg","contentUrl":"https:\/\/www.markt-kom.com\/wp-content\/uploads\/2024\/12\/Liechtenstein-marketing-isabel-fehr.jpg"},{"@type":"BreadcrumbList","@id":"https:\/\/www.organisator.ch\/marketing\/2024-12-10\/isabel-fehr-uebernimmt-vr-praesidium-von-liechtenstein-marketing\/#breadcrumb","itemListElement":[{"@type":"ListItem","position":1,"name":"Home","item":"https:\/\/www.organisator.ch\/"},{"@type":"ListItem","position":2,"name":"Isabel Fehr \u00fcbernimmt VR-Pr\u00e4sidium von Liechtenstein Marketing"}]},{"@type":"WebSite","@id":"https:\/\/www.organisator.ch\/#website","url":"https:\/\/www.organisator.ch\/","name":"Organisateur","description":"Comp\u00e9tence et comp\u00e9tence. Proches de la pratique. L'ORGANISATEUR pr\u00e9pare 10 num\u00e9ros par an sur les th\u00e8mes essentiels pour les dirigeants de PME.","publisher":{"@id":"https:\/\/www.organisator.ch\/#organization"},"potentialAction":[{"@type":"SearchAction","target":{"@type":"EntryPoint","urlTemplate":"https:\/\/www.organisator.ch\/?s={search_term_string}"},"query-input":{"@type":"PropertyValueSpecification","valueRequired":true,"valueName":"search_term_string"}}],"inLanguage":"fr-FR"},{"@type":"Organization","@id":"https:\/\/www.organisator.ch\/#organization","name":"Organisateur","url":"https:\/\/www.organisator.ch\/","logo":{"@type":"ImageObject","inLanguage":"fr-FR","@id":"https:\/\/www.organisator.ch\/#\/schema\/logo\/image\/","url":"https:\/\/www.organisator.ch\/wp-content\/uploads\/2022\/01\/Logo_Organisator_Website.png","contentUrl":"https:\/\/www.organisator.ch\/wp-content\/uploads\/2022\/01\/Logo_Organisator_Website.png","width":800,"height":77,"caption":"Organisator"},"image":{"@id":"https:\/\/www.organisator.ch\/#\/schema\/logo\/image\/"},"sameAs":["https:\/\/www.facebook.com\/OrganisatorFachmagazin","https:\/\/www.linkedin.com\/showcase\/organisator-das-magazin-fr-kmu","https:\/\/www.xing.com\/news\/pages\/organisator-ch-695","https:\/\/www.youtube.com\/channel\/UCGP2Sq0iWaZwT3BdIAQFYpw"]},{"@type":"Person","@id":"https:\/\/www.organisator.ch\/#\/schema\/person\/4e51799071cd2dd1232ac003643ef5f0","name":"galledia","image":{"@type":"ImageObject","inLanguage":"fr-FR","@id":"https:\/\/secure.gravatar.com\/avatar\/78a7f90c01fc2bfc875782a0d4922b37cde2cf184ce347b91316d23cd7f69a36?s=96&d=mm&r=g","url":"https:\/\/secure.gravatar.com\/avatar\/78a7f90c01fc2bfc875782a0d4922b37cde2cf184ce347b91316d23cd7f69a36?s=96&d=mm&r=g","contentUrl":"https:\/\/secure.gravatar.com\/avatar\/78a7f90c01fc2bfc875782a0d4922b37cde2cf184ce347b91316d23cd7f69a36?s=96&d=mm&r=g","caption":"galledia"},"sameAs":["https:\/\/x.com\/admin"],"url":"https:\/\/www.organisator.ch\/fr\/author\/galledia\/"}]}},"_links":{"self":[{"href":"https:\/\/www.organisator.ch\/fr\/wp-json\/wp\/v2\/posts\/34632","targetHints":{"allow":["GET"]}}],"collection":[{"href":"https:\/\/www.organisator.ch\/fr\/wp-json\/wp\/v2\/posts"}],"about":[{"href":"https:\/\/www.organisator.ch\/fr\/wp-json\/wp\/v2\/types\/post"}],"author":[{"embeddable":true,"href":"https:\/\/www.organisator.ch\/fr\/wp-json\/wp\/v2\/users\/8"}],"replies":[{"embeddable":true,"href":"https:\/\/www.organisator.ch\/fr\/wp-json\/wp\/v2\/comments?post=34632"}],"version-history":[{"count":3,"href":"https:\/\/www.organisator.ch\/fr\/wp-json\/wp\/v2\/posts\/34632\/revisions"}],"predecessor-version":[{"id":34640,"href":"https:\/\/www.organisator.ch\/fr\/wp-json\/wp\/v2\/posts\/34632\/revisions\/34640"}],"wp:attachment":[{"href":"https:\/\/www.organisator.ch\/fr\/wp-json\/wp\/v2\/media?parent=34632"}],"wp:term":[{"taxonomy":"category","embeddable":true,"href":"https:\/\/www.organisator.ch\/fr\/wp-json\/wp\/v2\/categories?post=34632"},{"taxonomy":"post_tag","embeddable":true,"href":"https:\/\/www.organisator.ch\/fr\/wp-json\/wp\/v2\/tags?post=34632"}],"curies":[{"name":"wp","href":"https:\/\/api.w.org\/{rel}","templated":true}]}}