{"id":34635,"date":"2024-12-11T01:10:47","date_gmt":"2024-12-11T00:10:47","guid":{"rendered":"https:\/\/www.markt-kom.com\/?p=228020"},"modified":"2024-12-11T07:19:32","modified_gmt":"2024-12-11T06:19:32","slug":"kingfluencers-trennt-sich-von-seinem-ceo","status":"publish","type":"post","link":"https:\/\/www.organisator.ch\/fr\/marketing\/2024-12-11\/kingfluencers-trennt-sich-von-seinem-ceo\/","title":{"rendered":"Kingfluencers se s\u00e9pare de son PDG"},"content":{"rendered":"<figure id=\"attachment_228024\" class=\"wp-caption aligncenter\" style=\"width: 1175px;\" aria-describedby=\"caption-attachment-228024\"><a href=\"https:\/\/www.markt-kom.com\/wp-content\/uploads\/2024\/12\/yoeri-callebaut-kingfluencers.jpg\"><img class=\"size-full wp-image-228024\" src=\"https:\/\/www.markt-kom.com\/wp-content\/uploads\/2024\/12\/yoeri-callebaut-kingfluencers.jpg\" sizes=\"(max-width: 1175px) 100vw, 1175px\" srcset=\"https:\/\/www.markt-kom.com\/wp-content\/uploads\/2024\/12\/yoeri-callebaut-kingfluencers.jpg 1175w, https:\/\/www.markt-kom.com\/wp-content\/uploads\/2024\/12\/yoeri-callebaut-kingfluencers-600x450.jpg 600w, https:\/\/www.markt-kom.com\/wp-content\/uploads\/2024\/12\/yoeri-callebaut-kingfluencers-1024x769.jpg 1024w, https:\/\/www.markt-kom.com\/wp-content\/uploads\/2024\/12\/yoeri-callebaut-kingfluencers-768x576.jpg 768w, https:\/\/www.markt-kom.com\/wp-content\/uploads\/2024\/12\/yoeri-callebaut-kingfluencers-16x12.jpg 16w, https:\/\/www.markt-kom.com\/wp-content\/uploads\/2024\/12\/yoeri-callebaut-kingfluencers-233x175.jpg 233w, https:\/\/www.markt-kom.com\/wp-content\/uploads\/2024\/12\/yoeri-callebaut-kingfluencers-466x350.jpg 466w, https:\/\/www.markt-kom.com\/wp-content\/uploads\/2024\/12\/yoeri-callebaut-kingfluencers-1000x751.jpg 1000w\" alt=\"\" width=\"1175\" height=\"882\" \/><\/a>\r\n<figcaption id=\"caption-attachment-228024\" class=\"wp-caption-text\">Le CEO sortant de Kingfluencers, Yoeri Callebaut, ici au Swiss Influence Marketing Forum, que l'agence a organis\u00e9 pour la premi\u00e8re fois \u00e0 Zurich en octobre 2024. (Images : zVg.)<\/figcaption>\r\n<\/figure>\r\n<p>Yoeri Callebaut n'est plus directeur g\u00e9n\u00e9ral de Kingfluencers. Selon les informations de <em>m&amp;k<\/em> l'ancien CEO et le conseil d'administration de Kingfluencers avaient des points de vue diff\u00e9rents sur la mani\u00e8re dont l'agence zurichoise devait \u00eatre dirig\u00e9e avec succ\u00e8s vers l'avenir sur le plan strat\u00e9gique et op\u00e9rationnel. C'est ce que confirme le pr\u00e9sident du conseil d'administration de Kingfluencers, Roman Gertsch : \"Comme les tentatives des deux parties pour convaincre l'autre de leur d\u00e9marche respective n'ont pas \u00e9t\u00e9 couronn\u00e9es de succ\u00e8s, nous sommes arriv\u00e9s ensemble \u00e0 la conclusion que, dans ces conditions g\u00e9n\u00e9rales, la poursuite de la collaboration n'avait plus de sens\".<\/p>\r\n<p>Gertsch parle certes de \"divergences d'opinion\", mais il n'y a pas eu de conflit entre Callebaut et le conseil d'administration. \"Apr\u00e8s plusieurs ann\u00e9es de bonne collaboration, nous avons pu trouver ensemble une solution de s\u00e9paration \u00e0 l'amiable et professionnelle\", explique le cofondateur de Kingfluencers, \u00e2g\u00e9 de 43 ans.<br \/>\r\nYoeri se tient donc encore \u00e0 la disposition de l'\u00e9quipe de direction et du conseil d'administration pour les conseiller et les aider pendant la phase de transition. \"Yoeri souhaite \u00e0 King\ufb02uencers beaucoup de succ\u00e8s \u00e0 l'avenir, m\u00eame si la voie pr\u00e9vue s'\u00e9carte en partie de ses id\u00e9es\", poursuit Gertsch.<\/p>\r\n<figure id=\"attachment_228021\" class=\"wp-caption aligncenter\" style=\"width: 562px;\" aria-describedby=\"caption-attachment-228021\"><a href=\"https:\/\/www.markt-kom.com\/wp-content\/uploads\/2024\/12\/Gertsch-VRP-Kingfluencers.jpg\"><img class=\"size-full wp-image-228021\" src=\"https:\/\/www.markt-kom.com\/wp-content\/uploads\/2024\/12\/Gertsch-VRP-Kingfluencers.jpg\" sizes=\"(max-width: 562px) 100vw, 562px\" srcset=\"https:\/\/www.markt-kom.com\/wp-content\/uploads\/2024\/12\/Gertsch-VRP-Kingfluencers.jpg 562w, https:\/\/www.markt-kom.com\/wp-content\/uploads\/2024\/12\/Gertsch-VRP-Kingfluencers-16x12.jpg 16w, https:\/\/www.markt-kom.com\/wp-content\/uploads\/2024\/12\/Gertsch-VRP-Kingfluencers-234x175.jpg 234w, https:\/\/www.markt-kom.com\/wp-content\/uploads\/2024\/12\/Gertsch-VRP-Kingfluencers-467x350.jpg 467w\" alt=\"\" width=\"562\" height=\"421\" \/><\/a>\r\n<figcaption id=\"caption-attachment-228021\" class=\"wp-caption-text\">Roman Gertsch est cofondateur et pr\u00e9sident du conseil d'administration de Kingfluencers.<\/figcaption>\r\n<\/figure>\r\n<h3><strong>Le CEO voulait diversifier davantage l'agence<\/strong><\/h3>\r\n<p>Yoeri Callebaut confirme qu'il a d\u00e9j\u00e0 quitt\u00e9 son poste de directeur g\u00e9n\u00e9ral. Il restera aux c\u00f4t\u00e9s de Kingfluencers en tant que conseiller jusqu'\u00e0 la mi-f\u00e9vrier afin d'assurer une transition en douceur. Interrog\u00e9 sur les raisons exactes de son d\u00e9part, l'homme de 41 ans \u00e9voque une vision plus large qu'il aurait aim\u00e9 entreprendre en tant que CEO. Son ambition \u00e9tait d'exploiter de nouveaux domaines d'activit\u00e9 innovants afin d'\u00eatre moins d\u00e9pendant du marketing d'influence classique. Il aurait en outre voulu se concentrer davantage sur la r\u00e9gion DACH.<\/p>\r\n<p>\"Je me suis rendu compte qu'\u00e0 ce moment-l\u00e0, ma vision \u00e9tait peut-\u00eatre trop grande et trop \u00e9tendue\", a d\u00e9clar\u00e9 le Belge \u00e0 <em>m&amp;k<\/em>. Il est donc arriv\u00e9 \u00e0 la conclusion que l'entreprise et lui se trouvaient \u00e0 des stades diff\u00e9rents. \"J'ai donc d\u00e9cid\u00e9 de chercher un nouvel environnement. Dans lequel je pourrais exploiter pleinement mon besoin d'innover et de faire de grandes visions folles une r\u00e9alit\u00e9\".<\/p>\r\n<p>Avant d'occuper le poste de CEO \u00e0 Zurich, Yoeri Callebaut a travaill\u00e9 dans diff\u00e9rents pays. Il a ainsi v\u00e9cu un an et demi \u00e0 Montr\u00e9al, au Canada, o\u00f9 il a d\u00e9velopp\u00e9 les activit\u00e9s canadiennes de l'agence belge de conseil en affaires et en informatique Onetowin. \u00c0 Sao Paulo, il \u00e9tait responsable de la joint-venture entre l'institut d'\u00e9tudes de march\u00e9 belge iVOX et son grand homologue br\u00e9silien Ibope Intelig\u00eancia. La nouvelle entreprise Ibope Conecta, que Callebaut dirigeait, a \u00e9t\u00e9 vendue quelques ann\u00e9es plus tard au groupe Kantar, pr\u00e9sent dans le monde entier.<\/p>\r\n<h3><strong>Augmentation de 290% du chiffre d'affaires<\/strong><\/h3>\r\n<p>Les trois co-fondateurs de Kingfluencers, Fabian Pl\u00fcss, Roman Gertsch et Christian Reiter, ont collabor\u00e9 ces derni\u00e8res ann\u00e9es avec le CEO d\u00e9sormais parti, dans les r\u00f4les les plus divers, en tant que membres du conseil d'administration mais aussi en tant que collaborateurs de l'\u00e9quipe de direction de Yoeri Callebaut. \"L'engagement de Yoeri pour l'entreprise a convaincu tout le conseil d'administration ainsi que nous, les fondateurs, et a toujours \u00e9t\u00e9 tr\u00e8s appr\u00e9ci\u00e9\", d\u00e9clare Gertsch. De m\u00eame, la collaboration avec Callebaut a toujours \u00e9t\u00e9 professionnelle et dans le meilleur int\u00e9r\u00eat de l'entreprise.<\/p>\r\n<p>Selon le Zurichois, Kingfluencers s'est d\u00e9velopp\u00e9e sous la houlette de Yoeri Callebaut pour devenir une agence strat\u00e9gique et cr\u00e9ative. \"Yoeri a fortement contribu\u00e9 \u00e0 diverses innovations et \u00e0 la croissance de Kingfluencers\", poursuit Roman Gertsch. Au total, le chiffre d'affaires de l'agence a augment\u00e9 de 290 pour cent au cours des quatre derni\u00e8res ann\u00e9es.<\/p>\r\n<figure id=\"attachment_228022\" class=\"wp-caption aligncenter\" style=\"width: 563px;\" aria-describedby=\"caption-attachment-228022\"><a href=\"https:\/\/www.markt-kom.com\/wp-content\/uploads\/2024\/12\/kingfluencers-team.jpg\"><img class=\"size-full wp-image-228022\" src=\"https:\/\/www.markt-kom.com\/wp-content\/uploads\/2024\/12\/kingfluencers-team.jpg\" sizes=\"(max-width: 563px) 100vw, 563px\" srcset=\"https:\/\/www.markt-kom.com\/wp-content\/uploads\/2024\/12\/kingfluencers-team.jpg 563w, https:\/\/www.markt-kom.com\/wp-content\/uploads\/2024\/12\/kingfluencers-team-16x12.jpg 16w, https:\/\/www.markt-kom.com\/wp-content\/uploads\/2024\/12\/kingfluencers-team-233x175.jpg 233w, https:\/\/www.markt-kom.com\/wp-content\/uploads\/2024\/12\/kingfluencers-team-467x350.jpg 467w\" alt=\"\" width=\"563\" height=\"422\" \/><\/a>\r\n<figcaption id=\"caption-attachment-228022\" class=\"wp-caption-text\">Sous la direction de Yoeri Callebaut, l'\u00e9quipe Kingfluencers est pass\u00e9e, selon ses propres dires, de 12 \u00e0 pr\u00e8s de 40 personnes aujourd'hui.<\/figcaption>\r\n<\/figure>\r\n<p>Nous aimerions encore savoir, de la part du pr\u00e9sident du conseil d'administration, dans quelle direction Kingfluencers se d\u00e9veloppera \u00e0 l'avenir et qui remplacera Callebaut sur le fauteuil du CEO. \"King\ufb02uencers se focalise d'une part sur la poursuite d'une croissance organique r\u00e9ussie dans sa comp\u00e9tence cl\u00e9 en tant qu'agence de marketing in\ufb02uenc\u00e9e leader en Suisse\". En se basant sur la position actuelle sur le march\u00e9, le conseil d'administration souhaite d\u00e9velopper de mani\u00e8re s\u00e9lective des services et des offres compl\u00e9mentaires. Des partenariats strat\u00e9giques seraient \u00e9galement possibles \u00e0 l'avenir. \"Nous sommes convaincus que nos clients actuels et futurs continueront \u00e0 appr\u00e9cier la grande comp\u00e9tence et la qualit\u00e9 des services de King\ufb02uencer\", poursuit Roman Gertsch.<\/p>\r\n<h3><strong>Chris Bitzer assure l'int\u00e9rim<\/strong><\/h3>\r\n<p>Chris Bitzer, membre du conseil d'administration et co-investisseur de longue date, assurera l'int\u00e9rim \u00e0 la t\u00eate de King\ufb02uencers en \u00e9troite collaboration avec l'\u00e9quipe de direction existante. Ce mandat comprend \u00e9galement la recherche d'un:nouveau:CEO, qui reprendra ensuite les affaires. Bitzer n'est pas disponible pour une gestion \u00e0 long terme. \"Nous prendrons le temps n\u00e9cessaire pour assurer une nomination comp\u00e9tente et durable, puis nous informerons \u00e0 nouveau\", a d\u00e9clar\u00e9 le pr\u00e9sident du conseil d'administration de Kingfluencers.<\/p>\r\n<figure id=\"attachment_228023\" class=\"wp-caption aligncenter\" style=\"width: 517px;\" aria-describedby=\"caption-attachment-228023\"><a href=\"https:\/\/www.markt-kom.com\/wp-content\/uploads\/2024\/12\/bitzer_chris-KF-VR.jpg\"><img class=\"size-full wp-image-228023\" src=\"https:\/\/www.markt-kom.com\/wp-content\/uploads\/2024\/12\/bitzer_chris-KF-VR.jpg\" sizes=\"(max-width: 517px) 100vw, 517px\" srcset=\"https:\/\/www.markt-kom.com\/wp-content\/uploads\/2024\/12\/bitzer_chris-KF-VR.jpg 517w, https:\/\/www.markt-kom.com\/wp-content\/uploads\/2024\/12\/bitzer_chris-KF-VR-16x12.jpg 16w, https:\/\/www.markt-kom.com\/wp-content\/uploads\/2024\/12\/bitzer_chris-KF-VR-233x175.jpg 233w, https:\/\/www.markt-kom.com\/wp-content\/uploads\/2024\/12\/bitzer_chris-KF-VR-466x350.jpg 466w\" alt=\"\" width=\"517\" height=\"388\" \/><\/a>\r\n<figcaption id=\"caption-attachment-228023\" class=\"wp-caption-text\">Le conseil d'administration de Chris Bitzer est d\u00e9sormais le CEO par int\u00e9rim de Kingfluencers.<\/figcaption>\r\n<\/figure>\r\n<p>Il ne peut pas encore dire o\u00f9 Yoeri Callebaut va s'installer. L'actuel CEO va maintenant prendre un peu de temps pour lui. \"Je vais m'attaquer \u00e0 quelques projets personnels\". Il a d\u00e9j\u00e0 commenc\u00e9 \u00e0 discuter avec des repr\u00e9sentants d'agences de marketing et d'autres branches.<\/p>\r\n<p>Le travail avec son \u00e9quipe, tr\u00e8s loyale et engag\u00e9e depuis des ann\u00e9es, lui manque d\u00e9j\u00e0. Tous les collaborateurs ont r\u00e9agi \u00e0 son d\u00e9part avec tristesse et parfois m\u00eame avec consternation. \"Je les remercie tous pour les le\u00e7ons extr\u00eamement pr\u00e9cieuses et les bons moments que j'ai pu vivre avec eux\", a d\u00e9clar\u00e9 Callebaut en faisant ses adieux \u00e0 son \u00e9quipe.<\/p>","protected":false},"excerpt":{"rendered":"<p>L'agence de marketing d'influence Kingfluencers et son ancien CEO Yoeri Callebaut se s\u00e9parent apr\u00e8s quatre ans et demi. Les conditions g\u00e9n\u00e9rales pour une poursuite de la collaboration n'\u00e9taient apparemment plus r\u00e9unies pour les deux parties.<\/p>","protected":false},"author":8,"featured_media":0,"comment_status":"closed","ping_status":"closed","sticky":false,"template":"","format":"standard","meta":{"_acf_changed":false,"_yoast_wpseo_focuskw":"Kingfluencers","_yoast_wpseo_metadesc":"Yoeri Callebaut ist nicht mehr CEO von Kingfluencers. Nach 4,5 Jahren trennen sich die Wege. Interimistisch \u00fcbernimmt Chris Bitzer.","articlekey":"","footnotes":""},"categories":[29],"tags":[4345,2853,4103],"class_list":["post-34635","post","type-post","status-publish","format-standard","hentry","category-marketing","tag-business","tag-jobchange","tag-kingfluencers"],"acf":[],"yoast_head":"<!-- This site is optimized with the Yoast SEO plugin v27.5 - https:\/\/yoast.com\/product\/yoast-seo-wordpress\/ -->\n<title>Kingfluencers trennt sich von seinem CEO - Organisator<\/title>\n<meta name=\"description\" content=\"Yoeri Callebaut ist nicht mehr CEO von Kingfluencers. Nach 4,5 Jahren trennen sich die Wege. Interimistisch \u00fcbernimmt Chris Bitzer.\" \/>\n<meta name=\"robots\" content=\"index, follow, max-snippet:-1, max-image-preview:large, max-video-preview:-1\" \/>\n<link rel=\"canonical\" href=\"https:\/\/www.organisator.ch\/fr\/marketing\/2024-12-11\/kingfluencers-trennt-sich-von-seinem-ceo\/\" \/>\n<meta property=\"og:locale\" content=\"fr_FR\" \/>\n<meta property=\"og:type\" content=\"article\" \/>\n<meta property=\"og:title\" content=\"Kingfluencers trennt sich von seinem CEO - Organisator\" \/>\n<meta property=\"og:description\" content=\"Yoeri Callebaut ist nicht mehr CEO von Kingfluencers. Nach 4,5 Jahren trennen sich die Wege. Interimistisch \u00fcbernimmt Chris Bitzer.\" \/>\n<meta property=\"og:url\" content=\"https:\/\/www.organisator.ch\/fr\/marketing\/2024-12-11\/kingfluencers-trennt-sich-von-seinem-ceo\/\" \/>\n<meta property=\"og:site_name\" content=\"Organisator\" \/>\n<meta property=\"article:publisher\" content=\"https:\/\/www.facebook.com\/OrganisatorFachmagazin\" \/>\n<meta property=\"article:published_time\" content=\"2024-12-11T00:10:47+00:00\" \/>\n<meta property=\"article:modified_time\" content=\"2024-12-11T06:19:32+00:00\" \/>\n<meta name=\"author\" content=\"galledia\" \/>\n<meta name=\"twitter:card\" content=\"summary_large_image\" \/>\n<meta name=\"twitter:creator\" content=\"@admin\" \/>\n<script type=\"application\/ld+json\" class=\"yoast-schema-graph\">{\"@context\":\"https:\\\/\\\/schema.org\",\"@graph\":[{\"@type\":\"Article\",\"@id\":\"https:\\\/\\\/www.organisator.ch\\\/marketing\\\/2024-12-11\\\/kingfluencers-trennt-sich-von-seinem-ceo\\\/#article\",\"isPartOf\":{\"@id\":\"https:\\\/\\\/www.organisator.ch\\\/marketing\\\/2024-12-11\\\/kingfluencers-trennt-sich-von-seinem-ceo\\\/\"},\"author\":{\"name\":\"galledia\",\"@id\":\"https:\\\/\\\/www.organisator.ch\\\/#\\\/schema\\\/person\\\/4e51799071cd2dd1232ac003643ef5f0\"},\"headline\":\"Kingfluencers trennt sich von seinem CEO\",\"datePublished\":\"2024-12-11T00:10:47+00:00\",\"dateModified\":\"2024-12-11T06:19:32+00:00\",\"mainEntityOfPage\":{\"@id\":\"https:\\\/\\\/www.organisator.ch\\\/marketing\\\/2024-12-11\\\/kingfluencers-trennt-sich-von-seinem-ceo\\\/\"},\"wordCount\":909,\"publisher\":{\"@id\":\"https:\\\/\\\/www.organisator.ch\\\/#organization\"},\"image\":{\"@id\":\"https:\\\/\\\/www.organisator.ch\\\/marketing\\\/2024-12-11\\\/kingfluencers-trennt-sich-von-seinem-ceo\\\/#primaryimage\"},\"thumbnailUrl\":\"https:\\\/\\\/www.markt-kom.com\\\/wp-content\\\/uploads\\\/2024\\\/12\\\/yoeri-callebaut-kingfluencers.jpg\",\"keywords\":[\"Business\",\"Jobchange\",\"Kingfluencers\"],\"articleSection\":[\"MARKETING\"],\"inLanguage\":\"fr-FR\"},{\"@type\":\"WebPage\",\"@id\":\"https:\\\/\\\/www.organisator.ch\\\/marketing\\\/2024-12-11\\\/kingfluencers-trennt-sich-von-seinem-ceo\\\/\",\"url\":\"https:\\\/\\\/www.organisator.ch\\\/marketing\\\/2024-12-11\\\/kingfluencers-trennt-sich-von-seinem-ceo\\\/\",\"name\":\"Kingfluencers trennt sich von seinem CEO - Organisator\",\"isPartOf\":{\"@id\":\"https:\\\/\\\/www.organisator.ch\\\/#website\"},\"primaryImageOfPage\":{\"@id\":\"https:\\\/\\\/www.organisator.ch\\\/marketing\\\/2024-12-11\\\/kingfluencers-trennt-sich-von-seinem-ceo\\\/#primaryimage\"},\"image\":{\"@id\":\"https:\\\/\\\/www.organisator.ch\\\/marketing\\\/2024-12-11\\\/kingfluencers-trennt-sich-von-seinem-ceo\\\/#primaryimage\"},\"thumbnailUrl\":\"https:\\\/\\\/www.markt-kom.com\\\/wp-content\\\/uploads\\\/2024\\\/12\\\/yoeri-callebaut-kingfluencers.jpg\",\"datePublished\":\"2024-12-11T00:10:47+00:00\",\"dateModified\":\"2024-12-11T06:19:32+00:00\",\"description\":\"Yoeri Callebaut ist nicht mehr CEO von Kingfluencers. Nach 4,5 Jahren trennen sich die Wege. Interimistisch \u00fcbernimmt Chris Bitzer.\",\"breadcrumb\":{\"@id\":\"https:\\\/\\\/www.organisator.ch\\\/marketing\\\/2024-12-11\\\/kingfluencers-trennt-sich-von-seinem-ceo\\\/#breadcrumb\"},\"inLanguage\":\"fr-FR\",\"potentialAction\":[{\"@type\":\"ReadAction\",\"target\":[\"https:\\\/\\\/www.organisator.ch\\\/marketing\\\/2024-12-11\\\/kingfluencers-trennt-sich-von-seinem-ceo\\\/\"]}]},{\"@type\":\"ImageObject\",\"inLanguage\":\"fr-FR\",\"@id\":\"https:\\\/\\\/www.organisator.ch\\\/marketing\\\/2024-12-11\\\/kingfluencers-trennt-sich-von-seinem-ceo\\\/#primaryimage\",\"url\":\"https:\\\/\\\/www.markt-kom.com\\\/wp-content\\\/uploads\\\/2024\\\/12\\\/yoeri-callebaut-kingfluencers.jpg\",\"contentUrl\":\"https:\\\/\\\/www.markt-kom.com\\\/wp-content\\\/uploads\\\/2024\\\/12\\\/yoeri-callebaut-kingfluencers.jpg\"},{\"@type\":\"BreadcrumbList\",\"@id\":\"https:\\\/\\\/www.organisator.ch\\\/marketing\\\/2024-12-11\\\/kingfluencers-trennt-sich-von-seinem-ceo\\\/#breadcrumb\",\"itemListElement\":[{\"@type\":\"ListItem\",\"position\":1,\"name\":\"Home\",\"item\":\"https:\\\/\\\/www.organisator.ch\\\/\"},{\"@type\":\"ListItem\",\"position\":2,\"name\":\"Kingfluencers trennt sich von seinem CEO\"}]},{\"@type\":\"WebSite\",\"@id\":\"https:\\\/\\\/www.organisator.ch\\\/#website\",\"url\":\"https:\\\/\\\/www.organisator.ch\\\/\",\"name\":\"Organisator\",\"description\":\"Kompetent. Praxisnah. Der ORGANISATOR bereitet in 10 Ausgaben pro Jahr die wesentlichen Themen f\u00fcr F\u00fchrungskr\u00e4fte von KMU auf.\",\"publisher\":{\"@id\":\"https:\\\/\\\/www.organisator.ch\\\/#organization\"},\"potentialAction\":[{\"@type\":\"SearchAction\",\"target\":{\"@type\":\"EntryPoint\",\"urlTemplate\":\"https:\\\/\\\/www.organisator.ch\\\/?s={search_term_string}\"},\"query-input\":{\"@type\":\"PropertyValueSpecification\",\"valueRequired\":true,\"valueName\":\"search_term_string\"}}],\"inLanguage\":\"fr-FR\"},{\"@type\":\"Organization\",\"@id\":\"https:\\\/\\\/www.organisator.ch\\\/#organization\",\"name\":\"Organisator\",\"url\":\"https:\\\/\\\/www.organisator.ch\\\/\",\"logo\":{\"@type\":\"ImageObject\",\"inLanguage\":\"fr-FR\",\"@id\":\"https:\\\/\\\/www.organisator.ch\\\/#\\\/schema\\\/logo\\\/image\\\/\",\"url\":\"https:\\\/\\\/www.organisator.ch\\\/wp-content\\\/uploads\\\/2022\\\/01\\\/Logo_Organisator_Website.png\",\"contentUrl\":\"https:\\\/\\\/www.organisator.ch\\\/wp-content\\\/uploads\\\/2022\\\/01\\\/Logo_Organisator_Website.png\",\"width\":800,\"height\":77,\"caption\":\"Organisator\"},\"image\":{\"@id\":\"https:\\\/\\\/www.organisator.ch\\\/#\\\/schema\\\/logo\\\/image\\\/\"},\"sameAs\":[\"https:\\\/\\\/www.facebook.com\\\/OrganisatorFachmagazin\",\"https:\\\/\\\/www.linkedin.com\\\/showcase\\\/organisator-das-magazin-fr-kmu\",\"https:\\\/\\\/www.xing.com\\\/news\\\/pages\\\/organisator-ch-695\",\"https:\\\/\\\/www.youtube.com\\\/channel\\\/UCGP2Sq0iWaZwT3BdIAQFYpw\"]},{\"@type\":\"Person\",\"@id\":\"https:\\\/\\\/www.organisator.ch\\\/#\\\/schema\\\/person\\\/4e51799071cd2dd1232ac003643ef5f0\",\"name\":\"galledia\",\"image\":{\"@type\":\"ImageObject\",\"inLanguage\":\"fr-FR\",\"@id\":\"https:\\\/\\\/secure.gravatar.com\\\/avatar\\\/78a7f90c01fc2bfc875782a0d4922b37cde2cf184ce347b91316d23cd7f69a36?s=96&d=mm&r=g\",\"url\":\"https:\\\/\\\/secure.gravatar.com\\\/avatar\\\/78a7f90c01fc2bfc875782a0d4922b37cde2cf184ce347b91316d23cd7f69a36?s=96&d=mm&r=g\",\"contentUrl\":\"https:\\\/\\\/secure.gravatar.com\\\/avatar\\\/78a7f90c01fc2bfc875782a0d4922b37cde2cf184ce347b91316d23cd7f69a36?s=96&d=mm&r=g\",\"caption\":\"galledia\"},\"sameAs\":[\"https:\\\/\\\/x.com\\\/admin\"],\"url\":\"https:\\\/\\\/www.organisator.ch\\\/fr\\\/author\\\/galledia\\\/\"}]}<\/script>\n<!-- \/ Yoast SEO plugin. -->","yoast_head_json":{"title":"Kingfluencers se s\u00e9pare de son CEO - Organisateur","description":"Yoeri Callebaut n'est plus le CEO de Kingfluencers. Apr\u00e8s quatre ans et demi, les chemins se s\u00e9parent. Chris Bitzer assure l'int\u00e9rim.","robots":{"index":"index","follow":"follow","max-snippet":"max-snippet:-1","max-image-preview":"max-image-preview:large","max-video-preview":"max-video-preview:-1"},"canonical":"https:\/\/www.organisator.ch\/fr\/marketing\/2024-12-11\/kingfluencers-trennt-sich-von-seinem-ceo\/","og_locale":"fr_FR","og_type":"article","og_title":"Kingfluencers trennt sich von seinem CEO - Organisator","og_description":"Yoeri Callebaut ist nicht mehr CEO von Kingfluencers. Nach 4,5 Jahren trennen sich die Wege. Interimistisch \u00fcbernimmt Chris Bitzer.","og_url":"https:\/\/www.organisator.ch\/fr\/marketing\/2024-12-11\/kingfluencers-trennt-sich-von-seinem-ceo\/","og_site_name":"Organisator","article_publisher":"https:\/\/www.facebook.com\/OrganisatorFachmagazin","article_published_time":"2024-12-11T00:10:47+00:00","article_modified_time":"2024-12-11T06:19:32+00:00","author":"galledia","twitter_card":"summary_large_image","twitter_creator":"@admin","schema":{"@context":"https:\/\/schema.org","@graph":[{"@type":"Article","@id":"https:\/\/www.organisator.ch\/marketing\/2024-12-11\/kingfluencers-trennt-sich-von-seinem-ceo\/#article","isPartOf":{"@id":"https:\/\/www.organisator.ch\/marketing\/2024-12-11\/kingfluencers-trennt-sich-von-seinem-ceo\/"},"author":{"name":"galledia","@id":"https:\/\/www.organisator.ch\/#\/schema\/person\/4e51799071cd2dd1232ac003643ef5f0"},"headline":"Kingfluencers trennt sich von seinem CEO","datePublished":"2024-12-11T00:10:47+00:00","dateModified":"2024-12-11T06:19:32+00:00","mainEntityOfPage":{"@id":"https:\/\/www.organisator.ch\/marketing\/2024-12-11\/kingfluencers-trennt-sich-von-seinem-ceo\/"},"wordCount":909,"publisher":{"@id":"https:\/\/www.organisator.ch\/#organization"},"image":{"@id":"https:\/\/www.organisator.ch\/marketing\/2024-12-11\/kingfluencers-trennt-sich-von-seinem-ceo\/#primaryimage"},"thumbnailUrl":"https:\/\/www.markt-kom.com\/wp-content\/uploads\/2024\/12\/yoeri-callebaut-kingfluencers.jpg","keywords":["Business","Jobchange","Kingfluencers"],"articleSection":["MARKETING"],"inLanguage":"fr-FR"},{"@type":"WebPage","@id":"https:\/\/www.organisator.ch\/marketing\/2024-12-11\/kingfluencers-trennt-sich-von-seinem-ceo\/","url":"https:\/\/www.organisator.ch\/marketing\/2024-12-11\/kingfluencers-trennt-sich-von-seinem-ceo\/","name":"Kingfluencers se s\u00e9pare de son CEO - Organisateur","isPartOf":{"@id":"https:\/\/www.organisator.ch\/#website"},"primaryImageOfPage":{"@id":"https:\/\/www.organisator.ch\/marketing\/2024-12-11\/kingfluencers-trennt-sich-von-seinem-ceo\/#primaryimage"},"image":{"@id":"https:\/\/www.organisator.ch\/marketing\/2024-12-11\/kingfluencers-trennt-sich-von-seinem-ceo\/#primaryimage"},"thumbnailUrl":"https:\/\/www.markt-kom.com\/wp-content\/uploads\/2024\/12\/yoeri-callebaut-kingfluencers.jpg","datePublished":"2024-12-11T00:10:47+00:00","dateModified":"2024-12-11T06:19:32+00:00","description":"Yoeri Callebaut n'est plus le CEO de Kingfluencers. Apr\u00e8s quatre ans et demi, les chemins se s\u00e9parent. Chris Bitzer assure l'int\u00e9rim.","breadcrumb":{"@id":"https:\/\/www.organisator.ch\/marketing\/2024-12-11\/kingfluencers-trennt-sich-von-seinem-ceo\/#breadcrumb"},"inLanguage":"fr-FR","potentialAction":[{"@type":"ReadAction","target":["https:\/\/www.organisator.ch\/marketing\/2024-12-11\/kingfluencers-trennt-sich-von-seinem-ceo\/"]}]},{"@type":"ImageObject","inLanguage":"fr-FR","@id":"https:\/\/www.organisator.ch\/marketing\/2024-12-11\/kingfluencers-trennt-sich-von-seinem-ceo\/#primaryimage","url":"https:\/\/www.markt-kom.com\/wp-content\/uploads\/2024\/12\/yoeri-callebaut-kingfluencers.jpg","contentUrl":"https:\/\/www.markt-kom.com\/wp-content\/uploads\/2024\/12\/yoeri-callebaut-kingfluencers.jpg"},{"@type":"BreadcrumbList","@id":"https:\/\/www.organisator.ch\/marketing\/2024-12-11\/kingfluencers-trennt-sich-von-seinem-ceo\/#breadcrumb","itemListElement":[{"@type":"ListItem","position":1,"name":"Home","item":"https:\/\/www.organisator.ch\/"},{"@type":"ListItem","position":2,"name":"Kingfluencers trennt sich von seinem CEO"}]},{"@type":"WebSite","@id":"https:\/\/www.organisator.ch\/#website","url":"https:\/\/www.organisator.ch\/","name":"Organisateur","description":"Comp\u00e9tence et comp\u00e9tence. Proches de la pratique. L'ORGANISATEUR pr\u00e9pare 10 num\u00e9ros par an sur les th\u00e8mes essentiels pour les dirigeants de PME.","publisher":{"@id":"https:\/\/www.organisator.ch\/#organization"},"potentialAction":[{"@type":"SearchAction","target":{"@type":"EntryPoint","urlTemplate":"https:\/\/www.organisator.ch\/?s={search_term_string}"},"query-input":{"@type":"PropertyValueSpecification","valueRequired":true,"valueName":"search_term_string"}}],"inLanguage":"fr-FR"},{"@type":"Organization","@id":"https:\/\/www.organisator.ch\/#organization","name":"Organisateur","url":"https:\/\/www.organisator.ch\/","logo":{"@type":"ImageObject","inLanguage":"fr-FR","@id":"https:\/\/www.organisator.ch\/#\/schema\/logo\/image\/","url":"https:\/\/www.organisator.ch\/wp-content\/uploads\/2022\/01\/Logo_Organisator_Website.png","contentUrl":"https:\/\/www.organisator.ch\/wp-content\/uploads\/2022\/01\/Logo_Organisator_Website.png","width":800,"height":77,"caption":"Organisator"},"image":{"@id":"https:\/\/www.organisator.ch\/#\/schema\/logo\/image\/"},"sameAs":["https:\/\/www.facebook.com\/OrganisatorFachmagazin","https:\/\/www.linkedin.com\/showcase\/organisator-das-magazin-fr-kmu","https:\/\/www.xing.com\/news\/pages\/organisator-ch-695","https:\/\/www.youtube.com\/channel\/UCGP2Sq0iWaZwT3BdIAQFYpw"]},{"@type":"Person","@id":"https:\/\/www.organisator.ch\/#\/schema\/person\/4e51799071cd2dd1232ac003643ef5f0","name":"galledia","image":{"@type":"ImageObject","inLanguage":"fr-FR","@id":"https:\/\/secure.gravatar.com\/avatar\/78a7f90c01fc2bfc875782a0d4922b37cde2cf184ce347b91316d23cd7f69a36?s=96&d=mm&r=g","url":"https:\/\/secure.gravatar.com\/avatar\/78a7f90c01fc2bfc875782a0d4922b37cde2cf184ce347b91316d23cd7f69a36?s=96&d=mm&r=g","contentUrl":"https:\/\/secure.gravatar.com\/avatar\/78a7f90c01fc2bfc875782a0d4922b37cde2cf184ce347b91316d23cd7f69a36?s=96&d=mm&r=g","caption":"galledia"},"sameAs":["https:\/\/x.com\/admin"],"url":"https:\/\/www.organisator.ch\/fr\/author\/galledia\/"}]}},"_links":{"self":[{"href":"https:\/\/www.organisator.ch\/fr\/wp-json\/wp\/v2\/posts\/34635","targetHints":{"allow":["GET"]}}],"collection":[{"href":"https:\/\/www.organisator.ch\/fr\/wp-json\/wp\/v2\/posts"}],"about":[{"href":"https:\/\/www.organisator.ch\/fr\/wp-json\/wp\/v2\/types\/post"}],"author":[{"embeddable":true,"href":"https:\/\/www.organisator.ch\/fr\/wp-json\/wp\/v2\/users\/8"}],"replies":[{"embeddable":true,"href":"https:\/\/www.organisator.ch\/fr\/wp-json\/wp\/v2\/comments?post=34635"}],"version-history":[{"count":4,"href":"https:\/\/www.organisator.ch\/fr\/wp-json\/wp\/v2\/posts\/34635\/revisions"}],"predecessor-version":[{"id":34638,"href":"https:\/\/www.organisator.ch\/fr\/wp-json\/wp\/v2\/posts\/34635\/revisions\/34638"}],"wp:attachment":[{"href":"https:\/\/www.organisator.ch\/fr\/wp-json\/wp\/v2\/media?parent=34635"}],"wp:term":[{"taxonomy":"category","embeddable":true,"href":"https:\/\/www.organisator.ch\/fr\/wp-json\/wp\/v2\/categories?post=34635"},{"taxonomy":"post_tag","embeddable":true,"href":"https:\/\/www.organisator.ch\/fr\/wp-json\/wp\/v2\/tags?post=34635"}],"curies":[{"name":"wp","href":"https:\/\/api.w.org\/{rel}","templated":true}]}}