{"id":34687,"date":"2024-12-12T14:35:33","date_gmt":"2024-12-12T13:35:33","guid":{"rendered":"https:\/\/www.markt-kom.com\/?p=228153"},"modified":"2024-12-13T07:33:10","modified_gmt":"2024-12-13T06:33:10","slug":"alexandra-tschan-uebernimmt-leitung-der-valora-medienstelle","status":"publish","type":"post","link":"https:\/\/www.organisator.ch\/fr\/marketing\/2024-12-12\/alexandra-tschan-uebernimmt-leitung-der-valora-medienstelle\/","title":{"rendered":"Alexandra Tschan prend la direction du service de presse de Valora"},"content":{"rendered":"<figure id=\"attachment_228154\" class=\"wp-caption aligncenter\" style=\"width: 1200px;\" aria-describedby=\"caption-attachment-228154\"><a href=\"https:\/\/www.markt-kom.com\/wp-content\/uploads\/2024\/12\/Alexandra-Tschan-Valora.jpg\"><img class=\"size-full wp-image-228154\" src=\"https:\/\/www.markt-kom.com\/wp-content\/uploads\/2024\/12\/Alexandra-Tschan-Valora.jpg\" sizes=\"(max-width: 1200px) 100vw, 1200px\" srcset=\"https:\/\/www.markt-kom.com\/wp-content\/uploads\/2024\/12\/Alexandra-Tschan-Valora.jpg 1200w, https:\/\/www.markt-kom.com\/wp-content\/uploads\/2024\/12\/Alexandra-Tschan-Valora-600x450.jpg 600w, https:\/\/www.markt-kom.com\/wp-content\/uploads\/2024\/12\/Alexandra-Tschan-Valora-1024x768.jpg 1024w, https:\/\/www.markt-kom.com\/wp-content\/uploads\/2024\/12\/Alexandra-Tschan-Valora-768x576.jpg 768w, https:\/\/www.markt-kom.com\/wp-content\/uploads\/2024\/12\/Alexandra-Tschan-Valora-16x12.jpg 16w, https:\/\/www.markt-kom.com\/wp-content\/uploads\/2024\/12\/Alexandra-Tschan-Valora-233x175.jpg 233w, https:\/\/www.markt-kom.com\/wp-content\/uploads\/2024\/12\/Alexandra-Tschan-Valora-467x350.jpg 467w, https:\/\/www.markt-kom.com\/wp-content\/uploads\/2024\/12\/Alexandra-Tschan-Valora-1000x750.jpg 1000w\" alt=\"\" width=\"1200\" height=\"900\" \/><\/a>\r\n<figcaption id=\"caption-attachment-228154\" class=\"wp-caption-text\">(Image : zVg.)<\/figcaption>\r\n<\/figure>\r\n<p>Le groupe Valora dispose de 13 formats de vente diff\u00e9rents en Suisse, en Allemagne, en Autriche, au Luxembourg et aux Pays-Bas. Alexandra Tschan sera d\u00e8s \u00e0 pr\u00e9sent responsable du service de presse pour l'ensemble du groupe Valora. De plus, cette femme de 37 ans sera l'adjointe de Sascha Heiniger, Head Corporate Communications &amp; Strategic Branding du groupe Valora.<\/p>\r\n<p>Tschan a occup\u00e9 derni\u00e8rement diff\u00e9rentes fonctions au sein de la F\u00e9d\u00e9ration des coop\u00e9ratives Migros. Elle a commenc\u00e9 comme porte-parole, puis a pris en charge la mise en place et la direction de la communication sur le d\u00e9veloppement durable du groupe Migros. Auparavant, elle a travaill\u00e9 comme journaliste pour la radio, la t\u00e9l\u00e9vision et la presse \u00e9crite. \"Avec Alexandra Tschan, nous avons pu gagner une experte exp\u00e9riment\u00e9e dans le domaine des relations avec les m\u00e9dias, du storytelling et du d\u00e9veloppement durable\", d\u00e9clare Heiniger. \"Je me r\u00e9jouis beaucoup de poursuivre avec elle et toute l'\u00e9quipe le d\u00e9veloppement de la strat\u00e9gie de communication et de marque de Valora\".<\/p>","protected":false},"excerpt":{"rendered":"<p>Alexandra Tschan est pass\u00e9e de Migros au groupe Valora. Elle y assume principalement la direction du service de presse international.<\/p>","protected":false},"author":8,"featured_media":0,"comment_status":"closed","ping_status":"closed","sticky":false,"template":"","format":"standard","meta":{"_acf_changed":false,"_yoast_wpseo_focuskw":"Alexandra Tschan","_yoast_wpseo_metadesc":"Alexandra Tschan \u00fcbernimmt die Leitung der internationalen Medienstelle bei Valora und wird Stellvertreterin von Sascha Heiniger.","articlekey":"","footnotes":""},"categories":[29],"tags":[4345,2853,2983],"class_list":["post-34687","post","type-post","status-publish","format-standard","hentry","category-marketing","tag-business","tag-jobchange","tag-valora"],"acf":[],"yoast_head":"<!-- This site is optimized with the Yoast SEO plugin v27.5 - https:\/\/yoast.com\/product\/yoast-seo-wordpress\/ -->\n<title>Alexandra Tschan \u00fcbernimmt Leitung der Valora Medienstelle - Organisator<\/title>\n<meta name=\"description\" content=\"Alexandra Tschan \u00fcbernimmt die Leitung der internationalen Medienstelle bei Valora und wird Stellvertreterin von Sascha Heiniger.\" \/>\n<meta name=\"robots\" content=\"index, follow, max-snippet:-1, max-image-preview:large, max-video-preview:-1\" \/>\n<link rel=\"canonical\" href=\"https:\/\/www.organisator.ch\/fr\/marketing\/2024-12-12\/alexandra-tschan-uebernimmt-leitung-der-valora-medienstelle\/\" \/>\n<meta property=\"og:locale\" content=\"fr_FR\" \/>\n<meta property=\"og:type\" content=\"article\" \/>\n<meta property=\"og:title\" content=\"Alexandra Tschan \u00fcbernimmt Leitung der Valora Medienstelle - Organisator\" \/>\n<meta property=\"og:description\" content=\"Alexandra Tschan \u00fcbernimmt die Leitung der internationalen Medienstelle bei Valora und wird Stellvertreterin von Sascha Heiniger.\" \/>\n<meta property=\"og:url\" content=\"https:\/\/www.organisator.ch\/fr\/marketing\/2024-12-12\/alexandra-tschan-uebernimmt-leitung-der-valora-medienstelle\/\" \/>\n<meta property=\"og:site_name\" content=\"Organisator\" \/>\n<meta property=\"article:publisher\" content=\"https:\/\/www.facebook.com\/OrganisatorFachmagazin\" \/>\n<meta property=\"article:published_time\" content=\"2024-12-12T13:35:33+00:00\" \/>\n<meta property=\"article:modified_time\" content=\"2024-12-13T06:33:10+00:00\" \/>\n<meta name=\"author\" content=\"galledia\" \/>\n<meta name=\"twitter:card\" content=\"summary_large_image\" \/>\n<meta name=\"twitter:creator\" content=\"@admin\" \/>\n<script type=\"application\/ld+json\" class=\"yoast-schema-graph\">{\"@context\":\"https:\\\/\\\/schema.org\",\"@graph\":[{\"@type\":\"Article\",\"@id\":\"https:\\\/\\\/www.organisator.ch\\\/marketing\\\/2024-12-12\\\/alexandra-tschan-uebernimmt-leitung-der-valora-medienstelle\\\/#article\",\"isPartOf\":{\"@id\":\"https:\\\/\\\/www.organisator.ch\\\/marketing\\\/2024-12-12\\\/alexandra-tschan-uebernimmt-leitung-der-valora-medienstelle\\\/\"},\"author\":{\"name\":\"galledia\",\"@id\":\"https:\\\/\\\/www.organisator.ch\\\/#\\\/schema\\\/person\\\/4e51799071cd2dd1232ac003643ef5f0\"},\"headline\":\"Alexandra Tschan \u00fcbernimmt Leitung der Valora Medienstelle\",\"datePublished\":\"2024-12-12T13:35:33+00:00\",\"dateModified\":\"2024-12-13T06:33:10+00:00\",\"mainEntityOfPage\":{\"@id\":\"https:\\\/\\\/www.organisator.ch\\\/marketing\\\/2024-12-12\\\/alexandra-tschan-uebernimmt-leitung-der-valora-medienstelle\\\/\"},\"wordCount\":135,\"publisher\":{\"@id\":\"https:\\\/\\\/www.organisator.ch\\\/#organization\"},\"image\":{\"@id\":\"https:\\\/\\\/www.organisator.ch\\\/marketing\\\/2024-12-12\\\/alexandra-tschan-uebernimmt-leitung-der-valora-medienstelle\\\/#primaryimage\"},\"thumbnailUrl\":\"https:\\\/\\\/www.markt-kom.com\\\/wp-content\\\/uploads\\\/2024\\\/12\\\/Alexandra-Tschan-Valora.jpg\",\"keywords\":[\"Business\",\"Jobchange\",\"Valora\"],\"articleSection\":[\"MARKETING\"],\"inLanguage\":\"fr-FR\"},{\"@type\":\"WebPage\",\"@id\":\"https:\\\/\\\/www.organisator.ch\\\/marketing\\\/2024-12-12\\\/alexandra-tschan-uebernimmt-leitung-der-valora-medienstelle\\\/\",\"url\":\"https:\\\/\\\/www.organisator.ch\\\/marketing\\\/2024-12-12\\\/alexandra-tschan-uebernimmt-leitung-der-valora-medienstelle\\\/\",\"name\":\"Alexandra Tschan \u00fcbernimmt Leitung der Valora Medienstelle - Organisator\",\"isPartOf\":{\"@id\":\"https:\\\/\\\/www.organisator.ch\\\/#website\"},\"primaryImageOfPage\":{\"@id\":\"https:\\\/\\\/www.organisator.ch\\\/marketing\\\/2024-12-12\\\/alexandra-tschan-uebernimmt-leitung-der-valora-medienstelle\\\/#primaryimage\"},\"image\":{\"@id\":\"https:\\\/\\\/www.organisator.ch\\\/marketing\\\/2024-12-12\\\/alexandra-tschan-uebernimmt-leitung-der-valora-medienstelle\\\/#primaryimage\"},\"thumbnailUrl\":\"https:\\\/\\\/www.markt-kom.com\\\/wp-content\\\/uploads\\\/2024\\\/12\\\/Alexandra-Tschan-Valora.jpg\",\"datePublished\":\"2024-12-12T13:35:33+00:00\",\"dateModified\":\"2024-12-13T06:33:10+00:00\",\"description\":\"Alexandra Tschan \u00fcbernimmt die Leitung der internationalen Medienstelle bei Valora und wird Stellvertreterin von Sascha Heiniger.\",\"breadcrumb\":{\"@id\":\"https:\\\/\\\/www.organisator.ch\\\/marketing\\\/2024-12-12\\\/alexandra-tschan-uebernimmt-leitung-der-valora-medienstelle\\\/#breadcrumb\"},\"inLanguage\":\"fr-FR\",\"potentialAction\":[{\"@type\":\"ReadAction\",\"target\":[\"https:\\\/\\\/www.organisator.ch\\\/marketing\\\/2024-12-12\\\/alexandra-tschan-uebernimmt-leitung-der-valora-medienstelle\\\/\"]}]},{\"@type\":\"ImageObject\",\"inLanguage\":\"fr-FR\",\"@id\":\"https:\\\/\\\/www.organisator.ch\\\/marketing\\\/2024-12-12\\\/alexandra-tschan-uebernimmt-leitung-der-valora-medienstelle\\\/#primaryimage\",\"url\":\"https:\\\/\\\/www.markt-kom.com\\\/wp-content\\\/uploads\\\/2024\\\/12\\\/Alexandra-Tschan-Valora.jpg\",\"contentUrl\":\"https:\\\/\\\/www.markt-kom.com\\\/wp-content\\\/uploads\\\/2024\\\/12\\\/Alexandra-Tschan-Valora.jpg\"},{\"@type\":\"BreadcrumbList\",\"@id\":\"https:\\\/\\\/www.organisator.ch\\\/marketing\\\/2024-12-12\\\/alexandra-tschan-uebernimmt-leitung-der-valora-medienstelle\\\/#breadcrumb\",\"itemListElement\":[{\"@type\":\"ListItem\",\"position\":1,\"name\":\"Home\",\"item\":\"https:\\\/\\\/www.organisator.ch\\\/\"},{\"@type\":\"ListItem\",\"position\":2,\"name\":\"Alexandra Tschan \u00fcbernimmt Leitung der Valora Medienstelle\"}]},{\"@type\":\"WebSite\",\"@id\":\"https:\\\/\\\/www.organisator.ch\\\/#website\",\"url\":\"https:\\\/\\\/www.organisator.ch\\\/\",\"name\":\"Organisator\",\"description\":\"Kompetent. Praxisnah. Der ORGANISATOR bereitet in 10 Ausgaben pro Jahr die wesentlichen Themen f\u00fcr F\u00fchrungskr\u00e4fte von KMU auf.\",\"publisher\":{\"@id\":\"https:\\\/\\\/www.organisator.ch\\\/#organization\"},\"potentialAction\":[{\"@type\":\"SearchAction\",\"target\":{\"@type\":\"EntryPoint\",\"urlTemplate\":\"https:\\\/\\\/www.organisator.ch\\\/?s={search_term_string}\"},\"query-input\":{\"@type\":\"PropertyValueSpecification\",\"valueRequired\":true,\"valueName\":\"search_term_string\"}}],\"inLanguage\":\"fr-FR\"},{\"@type\":\"Organization\",\"@id\":\"https:\\\/\\\/www.organisator.ch\\\/#organization\",\"name\":\"Organisator\",\"url\":\"https:\\\/\\\/www.organisator.ch\\\/\",\"logo\":{\"@type\":\"ImageObject\",\"inLanguage\":\"fr-FR\",\"@id\":\"https:\\\/\\\/www.organisator.ch\\\/#\\\/schema\\\/logo\\\/image\\\/\",\"url\":\"https:\\\/\\\/www.organisator.ch\\\/wp-content\\\/uploads\\\/2022\\\/01\\\/Logo_Organisator_Website.png\",\"contentUrl\":\"https:\\\/\\\/www.organisator.ch\\\/wp-content\\\/uploads\\\/2022\\\/01\\\/Logo_Organisator_Website.png\",\"width\":800,\"height\":77,\"caption\":\"Organisator\"},\"image\":{\"@id\":\"https:\\\/\\\/www.organisator.ch\\\/#\\\/schema\\\/logo\\\/image\\\/\"},\"sameAs\":[\"https:\\\/\\\/www.facebook.com\\\/OrganisatorFachmagazin\",\"https:\\\/\\\/www.linkedin.com\\\/showcase\\\/organisator-das-magazin-fr-kmu\",\"https:\\\/\\\/www.xing.com\\\/news\\\/pages\\\/organisator-ch-695\",\"https:\\\/\\\/www.youtube.com\\\/channel\\\/UCGP2Sq0iWaZwT3BdIAQFYpw\"]},{\"@type\":\"Person\",\"@id\":\"https:\\\/\\\/www.organisator.ch\\\/#\\\/schema\\\/person\\\/4e51799071cd2dd1232ac003643ef5f0\",\"name\":\"galledia\",\"image\":{\"@type\":\"ImageObject\",\"inLanguage\":\"fr-FR\",\"@id\":\"https:\\\/\\\/secure.gravatar.com\\\/avatar\\\/78a7f90c01fc2bfc875782a0d4922b37cde2cf184ce347b91316d23cd7f69a36?s=96&d=mm&r=g\",\"url\":\"https:\\\/\\\/secure.gravatar.com\\\/avatar\\\/78a7f90c01fc2bfc875782a0d4922b37cde2cf184ce347b91316d23cd7f69a36?s=96&d=mm&r=g\",\"contentUrl\":\"https:\\\/\\\/secure.gravatar.com\\\/avatar\\\/78a7f90c01fc2bfc875782a0d4922b37cde2cf184ce347b91316d23cd7f69a36?s=96&d=mm&r=g\",\"caption\":\"galledia\"},\"sameAs\":[\"https:\\\/\\\/x.com\\\/admin\"],\"url\":\"https:\\\/\\\/www.organisator.ch\\\/fr\\\/author\\\/galledia\\\/\"}]}<\/script>\n<!-- \/ Yoast SEO plugin. -->","yoast_head_json":{"title":"Alexandra Tschan prend la direction du service de presse de Valora - Organisateur","description":"Alexandra Tschan prend la direction du service de presse international de Valora et devient l'adjointe de Sascha Heiniger.","robots":{"index":"index","follow":"follow","max-snippet":"max-snippet:-1","max-image-preview":"max-image-preview:large","max-video-preview":"max-video-preview:-1"},"canonical":"https:\/\/www.organisator.ch\/fr\/marketing\/2024-12-12\/alexandra-tschan-uebernimmt-leitung-der-valora-medienstelle\/","og_locale":"fr_FR","og_type":"article","og_title":"Alexandra Tschan \u00fcbernimmt Leitung der Valora Medienstelle - Organisator","og_description":"Alexandra Tschan \u00fcbernimmt die Leitung der internationalen Medienstelle bei Valora und wird Stellvertreterin von Sascha Heiniger.","og_url":"https:\/\/www.organisator.ch\/fr\/marketing\/2024-12-12\/alexandra-tschan-uebernimmt-leitung-der-valora-medienstelle\/","og_site_name":"Organisator","article_publisher":"https:\/\/www.facebook.com\/OrganisatorFachmagazin","article_published_time":"2024-12-12T13:35:33+00:00","article_modified_time":"2024-12-13T06:33:10+00:00","author":"galledia","twitter_card":"summary_large_image","twitter_creator":"@admin","schema":{"@context":"https:\/\/schema.org","@graph":[{"@type":"Article","@id":"https:\/\/www.organisator.ch\/marketing\/2024-12-12\/alexandra-tschan-uebernimmt-leitung-der-valora-medienstelle\/#article","isPartOf":{"@id":"https:\/\/www.organisator.ch\/marketing\/2024-12-12\/alexandra-tschan-uebernimmt-leitung-der-valora-medienstelle\/"},"author":{"name":"galledia","@id":"https:\/\/www.organisator.ch\/#\/schema\/person\/4e51799071cd2dd1232ac003643ef5f0"},"headline":"Alexandra Tschan \u00fcbernimmt Leitung der Valora Medienstelle","datePublished":"2024-12-12T13:35:33+00:00","dateModified":"2024-12-13T06:33:10+00:00","mainEntityOfPage":{"@id":"https:\/\/www.organisator.ch\/marketing\/2024-12-12\/alexandra-tschan-uebernimmt-leitung-der-valora-medienstelle\/"},"wordCount":135,"publisher":{"@id":"https:\/\/www.organisator.ch\/#organization"},"image":{"@id":"https:\/\/www.organisator.ch\/marketing\/2024-12-12\/alexandra-tschan-uebernimmt-leitung-der-valora-medienstelle\/#primaryimage"},"thumbnailUrl":"https:\/\/www.markt-kom.com\/wp-content\/uploads\/2024\/12\/Alexandra-Tschan-Valora.jpg","keywords":["Business","Jobchange","Valora"],"articleSection":["MARKETING"],"inLanguage":"fr-FR"},{"@type":"WebPage","@id":"https:\/\/www.organisator.ch\/marketing\/2024-12-12\/alexandra-tschan-uebernimmt-leitung-der-valora-medienstelle\/","url":"https:\/\/www.organisator.ch\/marketing\/2024-12-12\/alexandra-tschan-uebernimmt-leitung-der-valora-medienstelle\/","name":"Alexandra Tschan prend la direction du service de presse de Valora - Organisateur","isPartOf":{"@id":"https:\/\/www.organisator.ch\/#website"},"primaryImageOfPage":{"@id":"https:\/\/www.organisator.ch\/marketing\/2024-12-12\/alexandra-tschan-uebernimmt-leitung-der-valora-medienstelle\/#primaryimage"},"image":{"@id":"https:\/\/www.organisator.ch\/marketing\/2024-12-12\/alexandra-tschan-uebernimmt-leitung-der-valora-medienstelle\/#primaryimage"},"thumbnailUrl":"https:\/\/www.markt-kom.com\/wp-content\/uploads\/2024\/12\/Alexandra-Tschan-Valora.jpg","datePublished":"2024-12-12T13:35:33+00:00","dateModified":"2024-12-13T06:33:10+00:00","description":"Alexandra Tschan prend la direction du service de presse international de Valora et devient l'adjointe de Sascha Heiniger.","breadcrumb":{"@id":"https:\/\/www.organisator.ch\/marketing\/2024-12-12\/alexandra-tschan-uebernimmt-leitung-der-valora-medienstelle\/#breadcrumb"},"inLanguage":"fr-FR","potentialAction":[{"@type":"ReadAction","target":["https:\/\/www.organisator.ch\/marketing\/2024-12-12\/alexandra-tschan-uebernimmt-leitung-der-valora-medienstelle\/"]}]},{"@type":"ImageObject","inLanguage":"fr-FR","@id":"https:\/\/www.organisator.ch\/marketing\/2024-12-12\/alexandra-tschan-uebernimmt-leitung-der-valora-medienstelle\/#primaryimage","url":"https:\/\/www.markt-kom.com\/wp-content\/uploads\/2024\/12\/Alexandra-Tschan-Valora.jpg","contentUrl":"https:\/\/www.markt-kom.com\/wp-content\/uploads\/2024\/12\/Alexandra-Tschan-Valora.jpg"},{"@type":"BreadcrumbList","@id":"https:\/\/www.organisator.ch\/marketing\/2024-12-12\/alexandra-tschan-uebernimmt-leitung-der-valora-medienstelle\/#breadcrumb","itemListElement":[{"@type":"ListItem","position":1,"name":"Home","item":"https:\/\/www.organisator.ch\/"},{"@type":"ListItem","position":2,"name":"Alexandra Tschan \u00fcbernimmt Leitung der Valora Medienstelle"}]},{"@type":"WebSite","@id":"https:\/\/www.organisator.ch\/#website","url":"https:\/\/www.organisator.ch\/","name":"Organisateur","description":"Comp\u00e9tence et comp\u00e9tence. Proches de la pratique. L'ORGANISATEUR pr\u00e9pare 10 num\u00e9ros par an sur les th\u00e8mes essentiels pour les dirigeants de PME.","publisher":{"@id":"https:\/\/www.organisator.ch\/#organization"},"potentialAction":[{"@type":"SearchAction","target":{"@type":"EntryPoint","urlTemplate":"https:\/\/www.organisator.ch\/?s={search_term_string}"},"query-input":{"@type":"PropertyValueSpecification","valueRequired":true,"valueName":"search_term_string"}}],"inLanguage":"fr-FR"},{"@type":"Organization","@id":"https:\/\/www.organisator.ch\/#organization","name":"Organisateur","url":"https:\/\/www.organisator.ch\/","logo":{"@type":"ImageObject","inLanguage":"fr-FR","@id":"https:\/\/www.organisator.ch\/#\/schema\/logo\/image\/","url":"https:\/\/www.organisator.ch\/wp-content\/uploads\/2022\/01\/Logo_Organisator_Website.png","contentUrl":"https:\/\/www.organisator.ch\/wp-content\/uploads\/2022\/01\/Logo_Organisator_Website.png","width":800,"height":77,"caption":"Organisator"},"image":{"@id":"https:\/\/www.organisator.ch\/#\/schema\/logo\/image\/"},"sameAs":["https:\/\/www.facebook.com\/OrganisatorFachmagazin","https:\/\/www.linkedin.com\/showcase\/organisator-das-magazin-fr-kmu","https:\/\/www.xing.com\/news\/pages\/organisator-ch-695","https:\/\/www.youtube.com\/channel\/UCGP2Sq0iWaZwT3BdIAQFYpw"]},{"@type":"Person","@id":"https:\/\/www.organisator.ch\/#\/schema\/person\/4e51799071cd2dd1232ac003643ef5f0","name":"galledia","image":{"@type":"ImageObject","inLanguage":"fr-FR","@id":"https:\/\/secure.gravatar.com\/avatar\/78a7f90c01fc2bfc875782a0d4922b37cde2cf184ce347b91316d23cd7f69a36?s=96&d=mm&r=g","url":"https:\/\/secure.gravatar.com\/avatar\/78a7f90c01fc2bfc875782a0d4922b37cde2cf184ce347b91316d23cd7f69a36?s=96&d=mm&r=g","contentUrl":"https:\/\/secure.gravatar.com\/avatar\/78a7f90c01fc2bfc875782a0d4922b37cde2cf184ce347b91316d23cd7f69a36?s=96&d=mm&r=g","caption":"galledia"},"sameAs":["https:\/\/x.com\/admin"],"url":"https:\/\/www.organisator.ch\/fr\/author\/galledia\/"}]}},"_links":{"self":[{"href":"https:\/\/www.organisator.ch\/fr\/wp-json\/wp\/v2\/posts\/34687","targetHints":{"allow":["GET"]}}],"collection":[{"href":"https:\/\/www.organisator.ch\/fr\/wp-json\/wp\/v2\/posts"}],"about":[{"href":"https:\/\/www.organisator.ch\/fr\/wp-json\/wp\/v2\/types\/post"}],"author":[{"embeddable":true,"href":"https:\/\/www.organisator.ch\/fr\/wp-json\/wp\/v2\/users\/8"}],"replies":[{"embeddable":true,"href":"https:\/\/www.organisator.ch\/fr\/wp-json\/wp\/v2\/comments?post=34687"}],"version-history":[{"count":5,"href":"https:\/\/www.organisator.ch\/fr\/wp-json\/wp\/v2\/posts\/34687\/revisions"}],"predecessor-version":[{"id":34700,"href":"https:\/\/www.organisator.ch\/fr\/wp-json\/wp\/v2\/posts\/34687\/revisions\/34700"}],"wp:attachment":[{"href":"https:\/\/www.organisator.ch\/fr\/wp-json\/wp\/v2\/media?parent=34687"}],"wp:term":[{"taxonomy":"category","embeddable":true,"href":"https:\/\/www.organisator.ch\/fr\/wp-json\/wp\/v2\/categories?post=34687"},{"taxonomy":"post_tag","embeddable":true,"href":"https:\/\/www.organisator.ch\/fr\/wp-json\/wp\/v2\/tags?post=34687"}],"curies":[{"name":"wp","href":"https:\/\/api.w.org\/{rel}","templated":true}]}}