{"id":34707,"date":"2024-12-13T07:31:48","date_gmt":"2024-12-13T06:31:48","guid":{"rendered":"https:\/\/www.m-q.ch\/?p=20883"},"modified":"2024-12-13T08:36:26","modified_gmt":"2024-12-13T07:36:26","slug":"andri-jost-uebernimmt-leitung-des-akademie-support-centers-der-swiss-safety-center-akademie","status":"publish","type":"post","link":"https:\/\/www.organisator.ch\/fr\/operational-excellence\/2024-12-13\/andri-jost-uebernimmt-leitung-des-akademie-support-centers-der-swiss-safety-center-akademie\/","title":{"rendered":"Andri Jost prend la direction de l'Akademie Support Center de l'Acad\u00e9mie Swiss Safety Center"},"content":{"rendered":"<figure id=\"attachment_20884\" class=\"wp-caption alignnone\" style=\"width: 680px;\" aria-describedby=\"caption-attachment-20884\"><img class=\"wp-image-20884 size-full\" src=\"https:\/\/www.m-q.ch\/wp-content\/uploads\/2024\/12\/Swiss-Safety-Center_Bild1_ps-e1734071537138.jpg\" sizes=\"(max-width: 680px) 100vw, 680px\" srcset=\"https:\/\/www.m-q.ch\/wp-content\/uploads\/2024\/12\/Swiss-Safety-Center_Bild1_ps-e1734071537138.jpg 680w, https:\/\/www.m-q.ch\/wp-content\/uploads\/2024\/12\/Swiss-Safety-Center_Bild1_ps-e1734071537138-13x12.jpg 13w, https:\/\/www.m-q.ch\/wp-content\/uploads\/2024\/12\/Swiss-Safety-Center_Bild1_ps-e1734071537138-317x300.jpg 317w, https:\/\/www.m-q.ch\/wp-content\/uploads\/2024\/12\/Swiss-Safety-Center_Bild1_ps-e1734071537138-370x350.jpg 370w\" alt=\"\" width=\"680\" height=\"644\" \/>\r\n<figcaption id=\"caption-attachment-20884\" class=\"wp-caption-text\">Andri Jost est le nouveau responsable de l'Akademie Support Center de l'Acad\u00e9mie Swiss Safety Center et mise sur une qualit\u00e9 et une confiance maximales. (Image : Swiss Safety Center)<\/figcaption>\r\n<\/figure>\r\n<p>En tant que directeur de l'Akademie Support Center, Andri Jost est responsable d'un large \u00e9ventail de t\u00e2ches, de l'administration des cours \u00e0 la certification des personnes en passant par la location de salles, et veille \u00e0 ce que vous soyez pris en charge en tant que client.<\/p>\r\n<h3><strong>L'am\u00e9lioration continue comme moteur<\/strong><\/h3>\r\n<p>Andri Jost mise sur l'am\u00e9lioration continue des processus. Cela se refl\u00e8te dans la qualit\u00e9 et le professionnalisme des conseils et de l'encadrement, avec pour objectif d'offrir aux participants aux cours une exp\u00e9rience particuli\u00e8re \u00e0 chaque contact avec le centre de support.<\/p>\r\n<h3><strong>Confiance et exp\u00e9rience de direction comme base<\/strong><\/h3>\r\n<p>La fiabilit\u00e9 et la confiance sont des valeurs qui, associ\u00e9es \u00e0 sa longue exp\u00e9rience de direction, favorisent la stabilit\u00e9 et, en m\u00eame temps, la croissance. Une combinaison qui renforce l'\u00e9quipe et qui profite \u00e9galement aux clients.<\/p>\r\n<p>L'objectif : aborder l'avenir en toute s\u00e9curit\u00e9 gr\u00e2ce \u00e0 une offre compl\u00e8te de formation initiale et continue.<\/p>\r\n<p><em>Source : <a href=\"http:\/\/www.safetycenter.ch\/\">www.safetycenter.ch<\/a><\/em><\/p>\n<p class=\"syndicated-attribution\">Cet article est paru initialement sur m-q.ch - <a href=\"https:\/\/www.m-q.ch\/de\/andri-jost-uebernimmt-leitung-des-akademie-support-centers-der-swiss-safety-center-akademie\/\" target=\"_blank\">https:\/\/www.m-q.ch\/de\/andri-jost-uebernimmt-leitung-des-akademie-support-centers-der-swiss-safety-center-akademie\/<\/a><\/p>","protected":false},"excerpt":{"rendered":"<p>L'Acad\u00e9mie Swiss Safety Center a le plaisir d'annoncer la nomination d'Andri Jost au poste de responsable du centre d'assistance de l'Acad\u00e9mie. Avec son \u00e9quipe, il sera aux c\u00f4t\u00e9s des participants aux cours, de l'inscription \u00e0 l'envoi du certificat.<\/p>","protected":false},"author":80,"featured_media":0,"comment_status":"closed","ping_status":"closed","sticky":false,"template":"","format":"standard","meta":{"_acf_changed":false,"_yoast_wpseo_focuskw":"Swiss Safety Center","_yoast_wpseo_metadesc":"Andri Jost ist neuer Leiter des Akademie Support Centers der Swiss Safety Center Akademie und setzt auf h\u00f6chste Qualit\u00e4t und Vertrauen.","articlekey":"","footnotes":""},"categories":[582],"tags":[103,4945,4209,3785,4946,3099],"class_list":["post-34707","post","type-post","status-publish","format-standard","hentry","category-operational-excellence","tag-business-excellence","tag-fuehrungserfahrung","tag-kontinuierliche-verbesserung","tag-kundenzufriedenheit","tag-prozesseffizienz","tag-swiss-safety-center"],"acf":[],"yoast_head":"<!-- This site is optimized with the Yoast SEO plugin v27.5 - https:\/\/yoast.com\/product\/yoast-seo-wordpress\/ -->\n<title>Andri Jost \u00fcbernimmt Leitung des Akademie Support Centers der Swiss Safety Center Akademie - Organisator<\/title>\n<meta name=\"description\" content=\"Andri Jost ist neuer Leiter des Akademie Support Centers der Swiss Safety Center Akademie und setzt auf h\u00f6chste Qualit\u00e4t und Vertrauen.\" \/>\n<meta name=\"robots\" content=\"index, follow, max-snippet:-1, max-image-preview:large, max-video-preview:-1\" \/>\n<link rel=\"canonical\" href=\"https:\/\/www.organisator.ch\/fr\/excellence-operationnelle\/2024-12-13\/andri-jost-uebernimmt-leitung-des-akademie-support-centers-der-swiss-safety-center-akademie\/\" \/>\n<meta property=\"og:locale\" content=\"fr_FR\" \/>\n<meta property=\"og:type\" content=\"article\" \/>\n<meta property=\"og:title\" content=\"Andri Jost \u00fcbernimmt Leitung des Akademie Support Centers der Swiss Safety Center Akademie - Organisator\" \/>\n<meta property=\"og:description\" content=\"Andri Jost ist neuer Leiter des Akademie Support Centers der Swiss Safety Center Akademie und setzt auf h\u00f6chste Qualit\u00e4t und Vertrauen.\" \/>\n<meta property=\"og:url\" content=\"https:\/\/www.organisator.ch\/fr\/excellence-operationnelle\/2024-12-13\/andri-jost-uebernimmt-leitung-des-akademie-support-centers-der-swiss-safety-center-akademie\/\" \/>\n<meta property=\"og:site_name\" content=\"Organisator\" \/>\n<meta property=\"article:publisher\" content=\"https:\/\/www.facebook.com\/OrganisatorFachmagazin\" \/>\n<meta property=\"article:published_time\" content=\"2024-12-13T06:31:48+00:00\" \/>\n<meta property=\"article:modified_time\" content=\"2024-12-13T07:36:26+00:00\" \/>\n<meta name=\"author\" content=\"Dzana Muminovic\" \/>\n<meta name=\"twitter:card\" content=\"summary_large_image\" \/>\n<script type=\"application\/ld+json\" class=\"yoast-schema-graph\">{\"@context\":\"https:\\\/\\\/schema.org\",\"@graph\":[{\"@type\":\"Article\",\"@id\":\"https:\\\/\\\/www.organisator.ch\\\/operational-excellence\\\/2024-12-13\\\/andri-jost-uebernimmt-leitung-des-akademie-support-centers-der-swiss-safety-center-akademie\\\/#article\",\"isPartOf\":{\"@id\":\"https:\\\/\\\/www.organisator.ch\\\/operational-excellence\\\/2024-12-13\\\/andri-jost-uebernimmt-leitung-des-akademie-support-centers-der-swiss-safety-center-akademie\\\/\"},\"author\":{\"name\":\"Dzana Muminovic\",\"@id\":\"https:\\\/\\\/www.organisator.ch\\\/#\\\/schema\\\/person\\\/afccda3a71c06d4be2ed9100dd163db7\"},\"headline\":\"Andri Jost \u00fcbernimmt Leitung des Akademie Support Centers der Swiss Safety Center Akademie\",\"datePublished\":\"2024-12-13T06:31:48+00:00\",\"dateModified\":\"2024-12-13T07:36:26+00:00\",\"mainEntityOfPage\":{\"@id\":\"https:\\\/\\\/www.organisator.ch\\\/operational-excellence\\\/2024-12-13\\\/andri-jost-uebernimmt-leitung-des-akademie-support-centers-der-swiss-safety-center-akademie\\\/\"},\"wordCount\":176,\"publisher\":{\"@id\":\"https:\\\/\\\/www.organisator.ch\\\/#organization\"},\"image\":{\"@id\":\"https:\\\/\\\/www.organisator.ch\\\/operational-excellence\\\/2024-12-13\\\/andri-jost-uebernimmt-leitung-des-akademie-support-centers-der-swiss-safety-center-akademie\\\/#primaryimage\"},\"thumbnailUrl\":\"https:\\\/\\\/www.m-q.ch\\\/wp-content\\\/uploads\\\/2024\\\/12\\\/Swiss-Safety-Center_Bild1_ps-e1734071537138.jpg\",\"keywords\":[\"Business Excellence\",\"F\u00fchrungserfahrung\",\"Kontinuierliche Verbesserung\",\"Kundenzufriedenheit\",\"Prozesseffizienz\",\"Swiss Safety Center\"],\"articleSection\":[\"OPERATIONAL EXCELLENCE\"],\"inLanguage\":\"fr-FR\"},{\"@type\":\"WebPage\",\"@id\":\"https:\\\/\\\/www.organisator.ch\\\/operational-excellence\\\/2024-12-13\\\/andri-jost-uebernimmt-leitung-des-akademie-support-centers-der-swiss-safety-center-akademie\\\/\",\"url\":\"https:\\\/\\\/www.organisator.ch\\\/operational-excellence\\\/2024-12-13\\\/andri-jost-uebernimmt-leitung-des-akademie-support-centers-der-swiss-safety-center-akademie\\\/\",\"name\":\"Andri Jost \u00fcbernimmt Leitung des Akademie Support Centers der Swiss Safety Center Akademie - Organisator\",\"isPartOf\":{\"@id\":\"https:\\\/\\\/www.organisator.ch\\\/#website\"},\"primaryImageOfPage\":{\"@id\":\"https:\\\/\\\/www.organisator.ch\\\/operational-excellence\\\/2024-12-13\\\/andri-jost-uebernimmt-leitung-des-akademie-support-centers-der-swiss-safety-center-akademie\\\/#primaryimage\"},\"image\":{\"@id\":\"https:\\\/\\\/www.organisator.ch\\\/operational-excellence\\\/2024-12-13\\\/andri-jost-uebernimmt-leitung-des-akademie-support-centers-der-swiss-safety-center-akademie\\\/#primaryimage\"},\"thumbnailUrl\":\"https:\\\/\\\/www.m-q.ch\\\/wp-content\\\/uploads\\\/2024\\\/12\\\/Swiss-Safety-Center_Bild1_ps-e1734071537138.jpg\",\"datePublished\":\"2024-12-13T06:31:48+00:00\",\"dateModified\":\"2024-12-13T07:36:26+00:00\",\"description\":\"Andri Jost ist neuer Leiter des Akademie Support Centers der Swiss Safety Center Akademie und setzt auf h\u00f6chste Qualit\u00e4t und Vertrauen.\",\"breadcrumb\":{\"@id\":\"https:\\\/\\\/www.organisator.ch\\\/operational-excellence\\\/2024-12-13\\\/andri-jost-uebernimmt-leitung-des-akademie-support-centers-der-swiss-safety-center-akademie\\\/#breadcrumb\"},\"inLanguage\":\"fr-FR\",\"potentialAction\":[{\"@type\":\"ReadAction\",\"target\":[\"https:\\\/\\\/www.organisator.ch\\\/operational-excellence\\\/2024-12-13\\\/andri-jost-uebernimmt-leitung-des-akademie-support-centers-der-swiss-safety-center-akademie\\\/\"]}]},{\"@type\":\"ImageObject\",\"inLanguage\":\"fr-FR\",\"@id\":\"https:\\\/\\\/www.organisator.ch\\\/operational-excellence\\\/2024-12-13\\\/andri-jost-uebernimmt-leitung-des-akademie-support-centers-der-swiss-safety-center-akademie\\\/#primaryimage\",\"url\":\"https:\\\/\\\/www.m-q.ch\\\/wp-content\\\/uploads\\\/2024\\\/12\\\/Swiss-Safety-Center_Bild1_ps-e1734071537138.jpg\",\"contentUrl\":\"https:\\\/\\\/www.m-q.ch\\\/wp-content\\\/uploads\\\/2024\\\/12\\\/Swiss-Safety-Center_Bild1_ps-e1734071537138.jpg\"},{\"@type\":\"BreadcrumbList\",\"@id\":\"https:\\\/\\\/www.organisator.ch\\\/operational-excellence\\\/2024-12-13\\\/andri-jost-uebernimmt-leitung-des-akademie-support-centers-der-swiss-safety-center-akademie\\\/#breadcrumb\",\"itemListElement\":[{\"@type\":\"ListItem\",\"position\":1,\"name\":\"Home\",\"item\":\"https:\\\/\\\/www.organisator.ch\\\/\"},{\"@type\":\"ListItem\",\"position\":2,\"name\":\"Andri Jost \u00fcbernimmt Leitung des Akademie Support Centers der Swiss Safety Center Akademie\"}]},{\"@type\":\"WebSite\",\"@id\":\"https:\\\/\\\/www.organisator.ch\\\/#website\",\"url\":\"https:\\\/\\\/www.organisator.ch\\\/\",\"name\":\"Organisator\",\"description\":\"Kompetent. Praxisnah. Der ORGANISATOR bereitet in 10 Ausgaben pro Jahr die wesentlichen Themen f\u00fcr F\u00fchrungskr\u00e4fte von KMU auf.\",\"publisher\":{\"@id\":\"https:\\\/\\\/www.organisator.ch\\\/#organization\"},\"potentialAction\":[{\"@type\":\"SearchAction\",\"target\":{\"@type\":\"EntryPoint\",\"urlTemplate\":\"https:\\\/\\\/www.organisator.ch\\\/?s={search_term_string}\"},\"query-input\":{\"@type\":\"PropertyValueSpecification\",\"valueRequired\":true,\"valueName\":\"search_term_string\"}}],\"inLanguage\":\"fr-FR\"},{\"@type\":\"Organization\",\"@id\":\"https:\\\/\\\/www.organisator.ch\\\/#organization\",\"name\":\"Organisator\",\"url\":\"https:\\\/\\\/www.organisator.ch\\\/\",\"logo\":{\"@type\":\"ImageObject\",\"inLanguage\":\"fr-FR\",\"@id\":\"https:\\\/\\\/www.organisator.ch\\\/#\\\/schema\\\/logo\\\/image\\\/\",\"url\":\"https:\\\/\\\/www.organisator.ch\\\/wp-content\\\/uploads\\\/2022\\\/01\\\/Logo_Organisator_Website.png\",\"contentUrl\":\"https:\\\/\\\/www.organisator.ch\\\/wp-content\\\/uploads\\\/2022\\\/01\\\/Logo_Organisator_Website.png\",\"width\":800,\"height\":77,\"caption\":\"Organisator\"},\"image\":{\"@id\":\"https:\\\/\\\/www.organisator.ch\\\/#\\\/schema\\\/logo\\\/image\\\/\"},\"sameAs\":[\"https:\\\/\\\/www.facebook.com\\\/OrganisatorFachmagazin\",\"https:\\\/\\\/www.linkedin.com\\\/showcase\\\/organisator-das-magazin-fr-kmu\",\"https:\\\/\\\/www.xing.com\\\/news\\\/pages\\\/organisator-ch-695\",\"https:\\\/\\\/www.youtube.com\\\/channel\\\/UCGP2Sq0iWaZwT3BdIAQFYpw\"]},{\"@type\":\"Person\",\"@id\":\"https:\\\/\\\/www.organisator.ch\\\/#\\\/schema\\\/person\\\/afccda3a71c06d4be2ed9100dd163db7\",\"name\":\"Dzana Muminovic\",\"image\":{\"@type\":\"ImageObject\",\"inLanguage\":\"fr-FR\",\"@id\":\"https:\\\/\\\/secure.gravatar.com\\\/avatar\\\/909c5c71aff4b38e88686f2ab2f1ba152571f394f41ed8bae431ea56ced93050?s=96&d=mm&r=g\",\"url\":\"https:\\\/\\\/secure.gravatar.com\\\/avatar\\\/909c5c71aff4b38e88686f2ab2f1ba152571f394f41ed8bae431ea56ced93050?s=96&d=mm&r=g\",\"contentUrl\":\"https:\\\/\\\/secure.gravatar.com\\\/avatar\\\/909c5c71aff4b38e88686f2ab2f1ba152571f394f41ed8bae431ea56ced93050?s=96&d=mm&r=g\",\"caption\":\"Dzana Muminovic\"},\"url\":\"https:\\\/\\\/www.organisator.ch\\\/fr\\\/author\\\/dzana-muminovic\\\/\"}]}<\/script>\n<!-- \/ Yoast SEO plugin. -->","yoast_head_json":{"title":"Andri Jost prend la direction de l'Akademie Support Center de l'Acad\u00e9mie Swiss Safety Center - Organisateur","description":"Andri Jost est le nouveau responsable de l'Akademie Support Center de l'Acad\u00e9mie Swiss Safety Center et mise sur une qualit\u00e9 et une confiance maximales.","robots":{"index":"index","follow":"follow","max-snippet":"max-snippet:-1","max-image-preview":"max-image-preview:large","max-video-preview":"max-video-preview:-1"},"canonical":"https:\/\/www.organisator.ch\/fr\/excellence-operationnelle\/2024-12-13\/andri-jost-uebernimmt-leitung-des-akademie-support-centers-der-swiss-safety-center-akademie\/","og_locale":"fr_FR","og_type":"article","og_title":"Andri Jost \u00fcbernimmt Leitung des Akademie Support Centers der Swiss Safety Center Akademie - Organisator","og_description":"Andri Jost ist neuer Leiter des Akademie Support Centers der Swiss Safety Center Akademie und setzt auf h\u00f6chste Qualit\u00e4t und Vertrauen.","og_url":"https:\/\/www.organisator.ch\/fr\/excellence-operationnelle\/2024-12-13\/andri-jost-uebernimmt-leitung-des-akademie-support-centers-der-swiss-safety-center-akademie\/","og_site_name":"Organisator","article_publisher":"https:\/\/www.facebook.com\/OrganisatorFachmagazin","article_published_time":"2024-12-13T06:31:48+00:00","article_modified_time":"2024-12-13T07:36:26+00:00","author":"Dzana Muminovic","twitter_card":"summary_large_image","schema":{"@context":"https:\/\/schema.org","@graph":[{"@type":"Article","@id":"https:\/\/www.organisator.ch\/operational-excellence\/2024-12-13\/andri-jost-uebernimmt-leitung-des-akademie-support-centers-der-swiss-safety-center-akademie\/#article","isPartOf":{"@id":"https:\/\/www.organisator.ch\/operational-excellence\/2024-12-13\/andri-jost-uebernimmt-leitung-des-akademie-support-centers-der-swiss-safety-center-akademie\/"},"author":{"name":"Dzana Muminovic","@id":"https:\/\/www.organisator.ch\/#\/schema\/person\/afccda3a71c06d4be2ed9100dd163db7"},"headline":"Andri Jost \u00fcbernimmt Leitung des Akademie Support Centers der Swiss Safety Center Akademie","datePublished":"2024-12-13T06:31:48+00:00","dateModified":"2024-12-13T07:36:26+00:00","mainEntityOfPage":{"@id":"https:\/\/www.organisator.ch\/operational-excellence\/2024-12-13\/andri-jost-uebernimmt-leitung-des-akademie-support-centers-der-swiss-safety-center-akademie\/"},"wordCount":176,"publisher":{"@id":"https:\/\/www.organisator.ch\/#organization"},"image":{"@id":"https:\/\/www.organisator.ch\/operational-excellence\/2024-12-13\/andri-jost-uebernimmt-leitung-des-akademie-support-centers-der-swiss-safety-center-akademie\/#primaryimage"},"thumbnailUrl":"https:\/\/www.m-q.ch\/wp-content\/uploads\/2024\/12\/Swiss-Safety-Center_Bild1_ps-e1734071537138.jpg","keywords":["Business Excellence","F\u00fchrungserfahrung","Kontinuierliche Verbesserung","Kundenzufriedenheit","Prozesseffizienz","Swiss Safety Center"],"articleSection":["OPERATIONAL EXCELLENCE"],"inLanguage":"fr-FR"},{"@type":"WebPage","@id":"https:\/\/www.organisator.ch\/operational-excellence\/2024-12-13\/andri-jost-uebernimmt-leitung-des-akademie-support-centers-der-swiss-safety-center-akademie\/","url":"https:\/\/www.organisator.ch\/operational-excellence\/2024-12-13\/andri-jost-uebernimmt-leitung-des-akademie-support-centers-der-swiss-safety-center-akademie\/","name":"Andri Jost prend la direction de l'Akademie Support Center de l'Acad\u00e9mie Swiss Safety Center - Organisateur","isPartOf":{"@id":"https:\/\/www.organisator.ch\/#website"},"primaryImageOfPage":{"@id":"https:\/\/www.organisator.ch\/operational-excellence\/2024-12-13\/andri-jost-uebernimmt-leitung-des-akademie-support-centers-der-swiss-safety-center-akademie\/#primaryimage"},"image":{"@id":"https:\/\/www.organisator.ch\/operational-excellence\/2024-12-13\/andri-jost-uebernimmt-leitung-des-akademie-support-centers-der-swiss-safety-center-akademie\/#primaryimage"},"thumbnailUrl":"https:\/\/www.m-q.ch\/wp-content\/uploads\/2024\/12\/Swiss-Safety-Center_Bild1_ps-e1734071537138.jpg","datePublished":"2024-12-13T06:31:48+00:00","dateModified":"2024-12-13T07:36:26+00:00","description":"Andri Jost est le nouveau responsable de l'Akademie Support Center de l'Acad\u00e9mie Swiss Safety Center et mise sur une qualit\u00e9 et une confiance maximales.","breadcrumb":{"@id":"https:\/\/www.organisator.ch\/operational-excellence\/2024-12-13\/andri-jost-uebernimmt-leitung-des-akademie-support-centers-der-swiss-safety-center-akademie\/#breadcrumb"},"inLanguage":"fr-FR","potentialAction":[{"@type":"ReadAction","target":["https:\/\/www.organisator.ch\/operational-excellence\/2024-12-13\/andri-jost-uebernimmt-leitung-des-akademie-support-centers-der-swiss-safety-center-akademie\/"]}]},{"@type":"ImageObject","inLanguage":"fr-FR","@id":"https:\/\/www.organisator.ch\/operational-excellence\/2024-12-13\/andri-jost-uebernimmt-leitung-des-akademie-support-centers-der-swiss-safety-center-akademie\/#primaryimage","url":"https:\/\/www.m-q.ch\/wp-content\/uploads\/2024\/12\/Swiss-Safety-Center_Bild1_ps-e1734071537138.jpg","contentUrl":"https:\/\/www.m-q.ch\/wp-content\/uploads\/2024\/12\/Swiss-Safety-Center_Bild1_ps-e1734071537138.jpg"},{"@type":"BreadcrumbList","@id":"https:\/\/www.organisator.ch\/operational-excellence\/2024-12-13\/andri-jost-uebernimmt-leitung-des-akademie-support-centers-der-swiss-safety-center-akademie\/#breadcrumb","itemListElement":[{"@type":"ListItem","position":1,"name":"Home","item":"https:\/\/www.organisator.ch\/"},{"@type":"ListItem","position":2,"name":"Andri Jost \u00fcbernimmt Leitung des Akademie Support Centers der Swiss Safety Center Akademie"}]},{"@type":"WebSite","@id":"https:\/\/www.organisator.ch\/#website","url":"https:\/\/www.organisator.ch\/","name":"Organisateur","description":"Comp\u00e9tence et comp\u00e9tence. Proches de la pratique. L'ORGANISATEUR pr\u00e9pare 10 num\u00e9ros par an sur les th\u00e8mes essentiels pour les dirigeants de PME.","publisher":{"@id":"https:\/\/www.organisator.ch\/#organization"},"potentialAction":[{"@type":"SearchAction","target":{"@type":"EntryPoint","urlTemplate":"https:\/\/www.organisator.ch\/?s={search_term_string}"},"query-input":{"@type":"PropertyValueSpecification","valueRequired":true,"valueName":"search_term_string"}}],"inLanguage":"fr-FR"},{"@type":"Organization","@id":"https:\/\/www.organisator.ch\/#organization","name":"Organisateur","url":"https:\/\/www.organisator.ch\/","logo":{"@type":"ImageObject","inLanguage":"fr-FR","@id":"https:\/\/www.organisator.ch\/#\/schema\/logo\/image\/","url":"https:\/\/www.organisator.ch\/wp-content\/uploads\/2022\/01\/Logo_Organisator_Website.png","contentUrl":"https:\/\/www.organisator.ch\/wp-content\/uploads\/2022\/01\/Logo_Organisator_Website.png","width":800,"height":77,"caption":"Organisator"},"image":{"@id":"https:\/\/www.organisator.ch\/#\/schema\/logo\/image\/"},"sameAs":["https:\/\/www.facebook.com\/OrganisatorFachmagazin","https:\/\/www.linkedin.com\/showcase\/organisator-das-magazin-fr-kmu","https:\/\/www.xing.com\/news\/pages\/organisator-ch-695","https:\/\/www.youtube.com\/channel\/UCGP2Sq0iWaZwT3BdIAQFYpw"]},{"@type":"Person","@id":"https:\/\/www.organisator.ch\/#\/schema\/person\/afccda3a71c06d4be2ed9100dd163db7","name":"Dzana Muminovic","image":{"@type":"ImageObject","inLanguage":"fr-FR","@id":"https:\/\/secure.gravatar.com\/avatar\/909c5c71aff4b38e88686f2ab2f1ba152571f394f41ed8bae431ea56ced93050?s=96&d=mm&r=g","url":"https:\/\/secure.gravatar.com\/avatar\/909c5c71aff4b38e88686f2ab2f1ba152571f394f41ed8bae431ea56ced93050?s=96&d=mm&r=g","contentUrl":"https:\/\/secure.gravatar.com\/avatar\/909c5c71aff4b38e88686f2ab2f1ba152571f394f41ed8bae431ea56ced93050?s=96&d=mm&r=g","caption":"Dzana Muminovic"},"url":"https:\/\/www.organisator.ch\/fr\/author\/dzana-muminovic\/"}]}},"_links":{"self":[{"href":"https:\/\/www.organisator.ch\/fr\/wp-json\/wp\/v2\/posts\/34707","targetHints":{"allow":["GET"]}}],"collection":[{"href":"https:\/\/www.organisator.ch\/fr\/wp-json\/wp\/v2\/posts"}],"about":[{"href":"https:\/\/www.organisator.ch\/fr\/wp-json\/wp\/v2\/types\/post"}],"author":[{"embeddable":true,"href":"https:\/\/www.organisator.ch\/fr\/wp-json\/wp\/v2\/users\/80"}],"replies":[{"embeddable":true,"href":"https:\/\/www.organisator.ch\/fr\/wp-json\/wp\/v2\/comments?post=34707"}],"version-history":[{"count":5,"href":"https:\/\/www.organisator.ch\/fr\/wp-json\/wp\/v2\/posts\/34707\/revisions"}],"predecessor-version":[{"id":34711,"href":"https:\/\/www.organisator.ch\/fr\/wp-json\/wp\/v2\/posts\/34707\/revisions\/34711"}],"wp:attachment":[{"href":"https:\/\/www.organisator.ch\/fr\/wp-json\/wp\/v2\/media?parent=34707"}],"wp:term":[{"taxonomy":"category","embeddable":true,"href":"https:\/\/www.organisator.ch\/fr\/wp-json\/wp\/v2\/categories?post=34707"},{"taxonomy":"post_tag","embeddable":true,"href":"https:\/\/www.organisator.ch\/fr\/wp-json\/wp\/v2\/tags?post=34707"}],"curies":[{"name":"wp","href":"https:\/\/api.w.org\/{rel}","templated":true}]}}