{"id":34724,"date":"2024-12-15T12:11:24","date_gmt":"2024-12-15T11:11:24","guid":{"rendered":"https:\/\/www.markt-kom.com\/?p=228223"},"modified":"2024-12-16T07:38:58","modified_gmt":"2024-12-16T06:38:58","slug":"bundesrat-will-nazisymbole-im-oeffentlichen-raum-verbieten","status":"publish","type":"post","link":"https:\/\/www.organisator.ch\/fr\/marketing\/2024-12-15\/bundesrat-will-nazisymbole-im-oeffentlichen-raum-verbieten\/","title":{"rendered":"Le Conseil f\u00e9d\u00e9ral veut interdire les symboles nazis dans l'espace public"},"content":{"rendered":"<figure id=\"attachment_228224\" class=\"wp-caption aligncenter\" style=\"width: 1200px;\" aria-describedby=\"caption-attachment-228224\"><a href=\"https:\/\/www.markt-kom.com\/wp-content\/uploads\/2024\/12\/Beat-Jans-PK-Bundesrat-Nazisymbole.jpg\"><img class=\"size-full wp-image-228224\" src=\"https:\/\/www.markt-kom.com\/wp-content\/uploads\/2024\/12\/Beat-Jans-PK-Bundesrat-Nazisymbole.jpg\" sizes=\"(max-width: 1200px) 100vw, 1200px\" srcset=\"https:\/\/www.markt-kom.com\/wp-content\/uploads\/2024\/12\/Beat-Jans-PK-Bundesrat-Nazisymbole.jpg 1200w, https:\/\/www.markt-kom.com\/wp-content\/uploads\/2024\/12\/Beat-Jans-PK-Bundesrat-Nazisymbole-600x450.jpg 600w, https:\/\/www.markt-kom.com\/wp-content\/uploads\/2024\/12\/Beat-Jans-PK-Bundesrat-Nazisymbole-1024x768.jpg 1024w, https:\/\/www.markt-kom.com\/wp-content\/uploads\/2024\/12\/Beat-Jans-PK-Bundesrat-Nazisymbole-768x576.jpg 768w, https:\/\/www.markt-kom.com\/wp-content\/uploads\/2024\/12\/Beat-Jans-PK-Bundesrat-Nazisymbole-16x12.jpg 16w, https:\/\/www.markt-kom.com\/wp-content\/uploads\/2024\/12\/Beat-Jans-PK-Bundesrat-Nazisymbole-233x175.jpg 233w, https:\/\/www.markt-kom.com\/wp-content\/uploads\/2024\/12\/Beat-Jans-PK-Bundesrat-Nazisymbole-467x350.jpg 467w, https:\/\/www.markt-kom.com\/wp-content\/uploads\/2024\/12\/Beat-Jans-PK-Bundesrat-Nazisymbole-1000x750.jpg 1000w\" alt=\"\" width=\"1200\" height=\"900\" \/><\/a>\r\n<figcaption id=\"caption-attachment-228224\" class=\"wp-caption-text\">Beat Jans lors de la conf\u00e9rence de presse de vendredi. (Capture d'\u00e9cran : YouTube.com)<\/figcaption>\r\n<\/figure>\r\n<p>L'interdiction des symboles attribu\u00e9s au Troisi\u00e8me Reich est particuli\u00e8rement urgente, a d\u00e9clar\u00e9 le ministre de la Justice Beat Jans vendredi \u00e0 Berne devant les m\u00e9dias. Car les incidents antis\u00e9mites ont fortement augment\u00e9, dans le monde comme en Suisse. Les symboles synonymes de haine, de violence et de souffrance doivent dispara\u00eetre de l'espace public.<\/p>\r\n<p><iframe title=\"13.12.2024 - CF Jans sur : Loi f\u00e9d\u00e9rale\" src=\"https:\/\/www.youtube.com\/embed\/F99lv-0zVpc?feature=oembed\" width=\"768\" height=\"432\" frameborder=\"0\" allowfullscreen=\"allowfullscreen\"><\/iframe><\/p>\r\n<h3><strong>Le contexte est d\u00e9terminant<\/strong><\/h3>\r\n<p>Le simple fait d'exhiber des symboles nazis en public n'est pas punissable aujourd'hui, a d\u00e9clar\u00e9 Jans. En revanche, il est interdit d'utiliser ces symboles dans le cadre d'une publicit\u00e9 pour l'id\u00e9ologie qu'ils repr\u00e9sentent ou lorsqu'ils sont utilis\u00e9s de mani\u00e8re d\u00e9gradante contre des personnes ou des groupes.<\/p>\r\n<p>Le Conseil f\u00e9d\u00e9ral veut interdire non seulement la croix gamm\u00e9e, le salut hitl\u00e9rien et les runes SS, mais aussi les codes num\u00e9riques tels que \"18\" et \"88\" qui pourraient \u00eatre lus comme \"Adolf Hitler\" ou \"Heil Hitler\". C'est le contexte qui doit d\u00e9cider quand de tels symboles sont punissables.<\/p>\r\n<p>Imprim\u00e9s sur un maillot de football ou de basket, les chiffres peuvent continuer \u00e0 \u00eatre affich\u00e9s, a d\u00e9clar\u00e9 Jans en r\u00e9ponse \u00e0 une question d'un journaliste. Une pratique juridique doit s'\u00e9tablir, notamment en ce qui concerne l'utilisation de ces chiffres. Par ailleurs, les amendes prononc\u00e9es peuvent faire l'objet d'un recours.<\/p>\r\n<p>Le Conseil f\u00e9d\u00e9ral pr\u00e9voit des exceptions \u00e0 l'interdiction pour les activit\u00e9s scolaires, artistiques et journalistiques. Par exemple, les comptes rendus m\u00e9diatiques d'incidents antis\u00e9mites seraient autoris\u00e9s. Ils seraient \u00e9galement autoris\u00e9s dans les cours d'histoire, dans les repr\u00e9sentations satiriques et historiques.<\/p>\r\n<h3><strong>Respect des autres cultures<\/strong><\/h3>\r\n<p>Le Conseil f\u00e9d\u00e9ral pr\u00e9voit \u00e9galement des exceptions pour les symboles de religions existantes. La croix gamm\u00e9e est un symbole tr\u00e8s ancien, \u00e9crit-il. En Asie, et notamment en Inde, il est souvent associ\u00e9 \u00e0 l'hindouisme, au bouddhisme ou au ja\u00efnisme, \u00e9crit-il dans son projet de message.<\/p>\r\n<p>Appel\u00e9e svastika en sanskrit, la croix gamm\u00e9e a dans ces cultures la signification d'un signe solaire et est consid\u00e9r\u00e9e comme un \"porte-bonheur\". Le Conseil f\u00e9d\u00e9ral veut donc exclure d'embl\u00e9e de l'interdiction les symboles religieux d\u00e9j\u00e0 existants qui ressemblent ou sont identiques aux symboles nazis.<\/p>\r\n<p>Le Conseil f\u00e9d\u00e9ral veut express\u00e9ment interdire l'utilisation, le port, l'affichage et la diffusion de symboles nationaux-socialistes. Il veut \u00e9galement interdire, par exemple, les barbouillages de croix gamm\u00e9es sur des affiches ou des murs de maison.<\/p>\r\n<h3><strong>Pr\u00e9server la libert\u00e9 d'expression<\/strong><\/h3>\r\n<p>Les nouvelles dispositions p\u00e9nales doivent respecter le droit fondamental \u00e0 la libert\u00e9 d'expression, a d\u00e9clar\u00e9 Jans. Mais il s'agit de fixer des limites claires \u00e0 une id\u00e9ologie qui ne veut pas admettre la libert\u00e9 d'expression, qui propage la haine et l'injustice et qui combat quasiment le respect des minorit\u00e9s.<\/p>\r\n<p>Selon le Conseil f\u00e9d\u00e9ral, l'interdiction s'appliquerait \u00e9galement \u00e0 l'espace virtuel. Le probl\u00e8me, c'est que dans de tels cas, les auteurs sont souvent anonymes et qu'il est difficile de les retrouver.<\/p>\r\n<p>Avec cette loi, le Conseil f\u00e9d\u00e9ral entend remplir un mandat du Parlement, du moins une premi\u00e8re partie de celui-ci. En effet, les Chambres ont \u00e9galement demand\u00e9 l'interdiction des symboles extr\u00e9mistes, de discrimination raciale et faisant l'apologie de la violence d'autres id\u00e9ologies. Le Conseil f\u00e9d\u00e9ral entend mettre en \u0153uvre cette disposition dans une \u00e9tape ult\u00e9rieure.<\/p>\r\n<h3><strong>Une loi ind\u00e9pendante est pr\u00e9vue<\/strong><\/h3>\r\n<p>Le Conseil f\u00e9d\u00e9ral propose une loi ind\u00e9pendante pour l'application de l'interdiction. C'est la mani\u00e8re la plus rapide de combler les lacunes de la l\u00e9gislation, \u00e9crit-il. Et il serait possible de sanctionner les infractions par une proc\u00e9dure d'amende d'ordre.<\/p>\r\n<p>Si la norme \u00e9tait plut\u00f4t inscrite dans le code p\u00e9nal, les procureurs et les tribunaux devraient s'occuper des porteurs de symboles nazis. Le Conseil f\u00e9d\u00e9ral estime que cela aggraverait la surcharge actuelle de la justice.<\/p>\r\n<p>La consultation sur la loi relative \u00e0 l'interdiction d'utiliser publiquement des symboles nationaux-socialistes dure jusqu'au 31 mars 2025. <em>(SDA\/swi)<\/em><\/p>","protected":false},"excerpt":{"rendered":"<p>Le Conseil f\u00e9d\u00e9ral veut interdire l'utilisation et la diffusion de symboles nazis en public. Les contrevenants seront d\u00e9sormais passibles d'une amende d'ordre de 200 francs. Ce n'est que dans un deuxi\u00e8me temps que le Conseil f\u00e9d\u00e9ral veut \u00e9galement interdire d'autres signes extr\u00e9mistes et faisant l'apologie de la violence.<\/p>","protected":false},"author":8,"featured_media":0,"comment_status":"closed","ping_status":"closed","sticky":false,"template":"","format":"standard","meta":{"_acf_changed":false,"_yoast_wpseo_focuskw":"Nazisymbole","_yoast_wpseo_metadesc":"Der Bundesrat plant ein Verbot von Nazisymbolen in der \u00d6ffentlichkeit. Verst\u00f6sse sollen mit einer Ordnungsbusse geahndet werden.","articlekey":"","footnotes":""},"categories":[29],"tags":[4343,386],"class_list":["post-34724","post","type-post","status-publish","format-standard","hentry","category-marketing","tag-markom","tag-politik"],"acf":[],"yoast_head":"<!-- This site is optimized with the Yoast SEO plugin v27.5 - https:\/\/yoast.com\/product\/yoast-seo-wordpress\/ -->\n<title>Bundesrat will Nazisymbole im \u00f6ffentlichen Raum verbieten - Organisator<\/title>\n<meta name=\"description\" content=\"Der Bundesrat plant ein Verbot von Nazisymbolen in der \u00d6ffentlichkeit. Verst\u00f6sse sollen mit einer Ordnungsbusse geahndet werden.\" \/>\n<meta name=\"robots\" content=\"index, follow, max-snippet:-1, max-image-preview:large, max-video-preview:-1\" \/>\n<link rel=\"canonical\" href=\"https:\/\/www.organisator.ch\/fr\/marketing\/2024-12-15\/bundesrat-will-nazisymbole-im-oeffentlichen-raum-verbieten\/\" \/>\n<meta property=\"og:locale\" content=\"fr_FR\" \/>\n<meta property=\"og:type\" content=\"article\" \/>\n<meta property=\"og:title\" content=\"Bundesrat will Nazisymbole im \u00f6ffentlichen Raum verbieten - Organisator\" \/>\n<meta property=\"og:description\" content=\"Der Bundesrat plant ein Verbot von Nazisymbolen in der \u00d6ffentlichkeit. Verst\u00f6sse sollen mit einer Ordnungsbusse geahndet werden.\" \/>\n<meta property=\"og:url\" content=\"https:\/\/www.organisator.ch\/fr\/marketing\/2024-12-15\/bundesrat-will-nazisymbole-im-oeffentlichen-raum-verbieten\/\" \/>\n<meta property=\"og:site_name\" content=\"Organisator\" \/>\n<meta property=\"article:publisher\" content=\"https:\/\/www.facebook.com\/OrganisatorFachmagazin\" \/>\n<meta property=\"article:published_time\" content=\"2024-12-15T11:11:24+00:00\" \/>\n<meta property=\"article:modified_time\" content=\"2024-12-16T06:38:58+00:00\" \/>\n<meta name=\"author\" content=\"galledia\" \/>\n<meta name=\"twitter:card\" content=\"summary_large_image\" \/>\n<meta name=\"twitter:creator\" content=\"@admin\" \/>\n<script type=\"application\/ld+json\" class=\"yoast-schema-graph\">{\"@context\":\"https:\\\/\\\/schema.org\",\"@graph\":[{\"@type\":\"Article\",\"@id\":\"https:\\\/\\\/www.organisator.ch\\\/marketing\\\/2024-12-15\\\/bundesrat-will-nazisymbole-im-oeffentlichen-raum-verbieten\\\/#article\",\"isPartOf\":{\"@id\":\"https:\\\/\\\/www.organisator.ch\\\/marketing\\\/2024-12-15\\\/bundesrat-will-nazisymbole-im-oeffentlichen-raum-verbieten\\\/\"},\"author\":{\"name\":\"galledia\",\"@id\":\"https:\\\/\\\/www.organisator.ch\\\/#\\\/schema\\\/person\\\/4e51799071cd2dd1232ac003643ef5f0\"},\"headline\":\"Bundesrat will Nazisymbole im \u00f6ffentlichen Raum verbieten\",\"datePublished\":\"2024-12-15T11:11:24+00:00\",\"dateModified\":\"2024-12-16T06:38:58+00:00\",\"mainEntityOfPage\":{\"@id\":\"https:\\\/\\\/www.organisator.ch\\\/marketing\\\/2024-12-15\\\/bundesrat-will-nazisymbole-im-oeffentlichen-raum-verbieten\\\/\"},\"wordCount\":566,\"publisher\":{\"@id\":\"https:\\\/\\\/www.organisator.ch\\\/#organization\"},\"image\":{\"@id\":\"https:\\\/\\\/www.organisator.ch\\\/marketing\\\/2024-12-15\\\/bundesrat-will-nazisymbole-im-oeffentlichen-raum-verbieten\\\/#primaryimage\"},\"thumbnailUrl\":\"https:\\\/\\\/www.markt-kom.com\\\/wp-content\\\/uploads\\\/2024\\\/12\\\/Beat-Jans-PK-Bundesrat-Nazisymbole.jpg\",\"keywords\":[\"MarKom\",\"Politik\"],\"articleSection\":[\"MARKETING\"],\"inLanguage\":\"fr-FR\"},{\"@type\":\"WebPage\",\"@id\":\"https:\\\/\\\/www.organisator.ch\\\/marketing\\\/2024-12-15\\\/bundesrat-will-nazisymbole-im-oeffentlichen-raum-verbieten\\\/\",\"url\":\"https:\\\/\\\/www.organisator.ch\\\/marketing\\\/2024-12-15\\\/bundesrat-will-nazisymbole-im-oeffentlichen-raum-verbieten\\\/\",\"name\":\"Bundesrat will Nazisymbole im \u00f6ffentlichen Raum verbieten - Organisator\",\"isPartOf\":{\"@id\":\"https:\\\/\\\/www.organisator.ch\\\/#website\"},\"primaryImageOfPage\":{\"@id\":\"https:\\\/\\\/www.organisator.ch\\\/marketing\\\/2024-12-15\\\/bundesrat-will-nazisymbole-im-oeffentlichen-raum-verbieten\\\/#primaryimage\"},\"image\":{\"@id\":\"https:\\\/\\\/www.organisator.ch\\\/marketing\\\/2024-12-15\\\/bundesrat-will-nazisymbole-im-oeffentlichen-raum-verbieten\\\/#primaryimage\"},\"thumbnailUrl\":\"https:\\\/\\\/www.markt-kom.com\\\/wp-content\\\/uploads\\\/2024\\\/12\\\/Beat-Jans-PK-Bundesrat-Nazisymbole.jpg\",\"datePublished\":\"2024-12-15T11:11:24+00:00\",\"dateModified\":\"2024-12-16T06:38:58+00:00\",\"description\":\"Der Bundesrat plant ein Verbot von Nazisymbolen in der \u00d6ffentlichkeit. Verst\u00f6sse sollen mit einer Ordnungsbusse geahndet werden.\",\"breadcrumb\":{\"@id\":\"https:\\\/\\\/www.organisator.ch\\\/marketing\\\/2024-12-15\\\/bundesrat-will-nazisymbole-im-oeffentlichen-raum-verbieten\\\/#breadcrumb\"},\"inLanguage\":\"fr-FR\",\"potentialAction\":[{\"@type\":\"ReadAction\",\"target\":[\"https:\\\/\\\/www.organisator.ch\\\/marketing\\\/2024-12-15\\\/bundesrat-will-nazisymbole-im-oeffentlichen-raum-verbieten\\\/\"]}]},{\"@type\":\"ImageObject\",\"inLanguage\":\"fr-FR\",\"@id\":\"https:\\\/\\\/www.organisator.ch\\\/marketing\\\/2024-12-15\\\/bundesrat-will-nazisymbole-im-oeffentlichen-raum-verbieten\\\/#primaryimage\",\"url\":\"https:\\\/\\\/www.markt-kom.com\\\/wp-content\\\/uploads\\\/2024\\\/12\\\/Beat-Jans-PK-Bundesrat-Nazisymbole.jpg\",\"contentUrl\":\"https:\\\/\\\/www.markt-kom.com\\\/wp-content\\\/uploads\\\/2024\\\/12\\\/Beat-Jans-PK-Bundesrat-Nazisymbole.jpg\"},{\"@type\":\"BreadcrumbList\",\"@id\":\"https:\\\/\\\/www.organisator.ch\\\/marketing\\\/2024-12-15\\\/bundesrat-will-nazisymbole-im-oeffentlichen-raum-verbieten\\\/#breadcrumb\",\"itemListElement\":[{\"@type\":\"ListItem\",\"position\":1,\"name\":\"Home\",\"item\":\"https:\\\/\\\/www.organisator.ch\\\/\"},{\"@type\":\"ListItem\",\"position\":2,\"name\":\"Bundesrat will Nazisymbole im \u00f6ffentlichen Raum verbieten\"}]},{\"@type\":\"WebSite\",\"@id\":\"https:\\\/\\\/www.organisator.ch\\\/#website\",\"url\":\"https:\\\/\\\/www.organisator.ch\\\/\",\"name\":\"Organisator\",\"description\":\"Kompetent. Praxisnah. Der ORGANISATOR bereitet in 10 Ausgaben pro Jahr die wesentlichen Themen f\u00fcr F\u00fchrungskr\u00e4fte von KMU auf.\",\"publisher\":{\"@id\":\"https:\\\/\\\/www.organisator.ch\\\/#organization\"},\"potentialAction\":[{\"@type\":\"SearchAction\",\"target\":{\"@type\":\"EntryPoint\",\"urlTemplate\":\"https:\\\/\\\/www.organisator.ch\\\/?s={search_term_string}\"},\"query-input\":{\"@type\":\"PropertyValueSpecification\",\"valueRequired\":true,\"valueName\":\"search_term_string\"}}],\"inLanguage\":\"fr-FR\"},{\"@type\":\"Organization\",\"@id\":\"https:\\\/\\\/www.organisator.ch\\\/#organization\",\"name\":\"Organisator\",\"url\":\"https:\\\/\\\/www.organisator.ch\\\/\",\"logo\":{\"@type\":\"ImageObject\",\"inLanguage\":\"fr-FR\",\"@id\":\"https:\\\/\\\/www.organisator.ch\\\/#\\\/schema\\\/logo\\\/image\\\/\",\"url\":\"https:\\\/\\\/www.organisator.ch\\\/wp-content\\\/uploads\\\/2022\\\/01\\\/Logo_Organisator_Website.png\",\"contentUrl\":\"https:\\\/\\\/www.organisator.ch\\\/wp-content\\\/uploads\\\/2022\\\/01\\\/Logo_Organisator_Website.png\",\"width\":800,\"height\":77,\"caption\":\"Organisator\"},\"image\":{\"@id\":\"https:\\\/\\\/www.organisator.ch\\\/#\\\/schema\\\/logo\\\/image\\\/\"},\"sameAs\":[\"https:\\\/\\\/www.facebook.com\\\/OrganisatorFachmagazin\",\"https:\\\/\\\/www.linkedin.com\\\/showcase\\\/organisator-das-magazin-fr-kmu\",\"https:\\\/\\\/www.xing.com\\\/news\\\/pages\\\/organisator-ch-695\",\"https:\\\/\\\/www.youtube.com\\\/channel\\\/UCGP2Sq0iWaZwT3BdIAQFYpw\"]},{\"@type\":\"Person\",\"@id\":\"https:\\\/\\\/www.organisator.ch\\\/#\\\/schema\\\/person\\\/4e51799071cd2dd1232ac003643ef5f0\",\"name\":\"galledia\",\"image\":{\"@type\":\"ImageObject\",\"inLanguage\":\"fr-FR\",\"@id\":\"https:\\\/\\\/secure.gravatar.com\\\/avatar\\\/78a7f90c01fc2bfc875782a0d4922b37cde2cf184ce347b91316d23cd7f69a36?s=96&d=mm&r=g\",\"url\":\"https:\\\/\\\/secure.gravatar.com\\\/avatar\\\/78a7f90c01fc2bfc875782a0d4922b37cde2cf184ce347b91316d23cd7f69a36?s=96&d=mm&r=g\",\"contentUrl\":\"https:\\\/\\\/secure.gravatar.com\\\/avatar\\\/78a7f90c01fc2bfc875782a0d4922b37cde2cf184ce347b91316d23cd7f69a36?s=96&d=mm&r=g\",\"caption\":\"galledia\"},\"sameAs\":[\"https:\\\/\\\/x.com\\\/admin\"],\"url\":\"https:\\\/\\\/www.organisator.ch\\\/fr\\\/author\\\/galledia\\\/\"}]}<\/script>\n<!-- \/ Yoast SEO plugin. -->","yoast_head_json":{"title":"Le Conseil f\u00e9d\u00e9ral veut interdire les symboles nazis dans l'espace public - Organisateur","description":"Le Conseil f\u00e9d\u00e9ral pr\u00e9voit d'interdire les symboles nazis dans les lieux publics. Les infractions seront sanctionn\u00e9es par une amende d'ordre.","robots":{"index":"index","follow":"follow","max-snippet":"max-snippet:-1","max-image-preview":"max-image-preview:large","max-video-preview":"max-video-preview:-1"},"canonical":"https:\/\/www.organisator.ch\/fr\/marketing\/2024-12-15\/bundesrat-will-nazisymbole-im-oeffentlichen-raum-verbieten\/","og_locale":"fr_FR","og_type":"article","og_title":"Bundesrat will Nazisymbole im \u00f6ffentlichen Raum verbieten - Organisator","og_description":"Der Bundesrat plant ein Verbot von Nazisymbolen in der \u00d6ffentlichkeit. Verst\u00f6sse sollen mit einer Ordnungsbusse geahndet werden.","og_url":"https:\/\/www.organisator.ch\/fr\/marketing\/2024-12-15\/bundesrat-will-nazisymbole-im-oeffentlichen-raum-verbieten\/","og_site_name":"Organisator","article_publisher":"https:\/\/www.facebook.com\/OrganisatorFachmagazin","article_published_time":"2024-12-15T11:11:24+00:00","article_modified_time":"2024-12-16T06:38:58+00:00","author":"galledia","twitter_card":"summary_large_image","twitter_creator":"@admin","schema":{"@context":"https:\/\/schema.org","@graph":[{"@type":"Article","@id":"https:\/\/www.organisator.ch\/marketing\/2024-12-15\/bundesrat-will-nazisymbole-im-oeffentlichen-raum-verbieten\/#article","isPartOf":{"@id":"https:\/\/www.organisator.ch\/marketing\/2024-12-15\/bundesrat-will-nazisymbole-im-oeffentlichen-raum-verbieten\/"},"author":{"name":"galledia","@id":"https:\/\/www.organisator.ch\/#\/schema\/person\/4e51799071cd2dd1232ac003643ef5f0"},"headline":"Bundesrat will Nazisymbole im \u00f6ffentlichen Raum verbieten","datePublished":"2024-12-15T11:11:24+00:00","dateModified":"2024-12-16T06:38:58+00:00","mainEntityOfPage":{"@id":"https:\/\/www.organisator.ch\/marketing\/2024-12-15\/bundesrat-will-nazisymbole-im-oeffentlichen-raum-verbieten\/"},"wordCount":566,"publisher":{"@id":"https:\/\/www.organisator.ch\/#organization"},"image":{"@id":"https:\/\/www.organisator.ch\/marketing\/2024-12-15\/bundesrat-will-nazisymbole-im-oeffentlichen-raum-verbieten\/#primaryimage"},"thumbnailUrl":"https:\/\/www.markt-kom.com\/wp-content\/uploads\/2024\/12\/Beat-Jans-PK-Bundesrat-Nazisymbole.jpg","keywords":["MarKom","Politik"],"articleSection":["MARKETING"],"inLanguage":"fr-FR"},{"@type":"WebPage","@id":"https:\/\/www.organisator.ch\/marketing\/2024-12-15\/bundesrat-will-nazisymbole-im-oeffentlichen-raum-verbieten\/","url":"https:\/\/www.organisator.ch\/marketing\/2024-12-15\/bundesrat-will-nazisymbole-im-oeffentlichen-raum-verbieten\/","name":"Le Conseil f\u00e9d\u00e9ral veut interdire les symboles nazis dans l'espace public - Organisateur","isPartOf":{"@id":"https:\/\/www.organisator.ch\/#website"},"primaryImageOfPage":{"@id":"https:\/\/www.organisator.ch\/marketing\/2024-12-15\/bundesrat-will-nazisymbole-im-oeffentlichen-raum-verbieten\/#primaryimage"},"image":{"@id":"https:\/\/www.organisator.ch\/marketing\/2024-12-15\/bundesrat-will-nazisymbole-im-oeffentlichen-raum-verbieten\/#primaryimage"},"thumbnailUrl":"https:\/\/www.markt-kom.com\/wp-content\/uploads\/2024\/12\/Beat-Jans-PK-Bundesrat-Nazisymbole.jpg","datePublished":"2024-12-15T11:11:24+00:00","dateModified":"2024-12-16T06:38:58+00:00","description":"Le Conseil f\u00e9d\u00e9ral pr\u00e9voit d'interdire les symboles nazis dans les lieux publics. Les infractions seront sanctionn\u00e9es par une amende d'ordre.","breadcrumb":{"@id":"https:\/\/www.organisator.ch\/marketing\/2024-12-15\/bundesrat-will-nazisymbole-im-oeffentlichen-raum-verbieten\/#breadcrumb"},"inLanguage":"fr-FR","potentialAction":[{"@type":"ReadAction","target":["https:\/\/www.organisator.ch\/marketing\/2024-12-15\/bundesrat-will-nazisymbole-im-oeffentlichen-raum-verbieten\/"]}]},{"@type":"ImageObject","inLanguage":"fr-FR","@id":"https:\/\/www.organisator.ch\/marketing\/2024-12-15\/bundesrat-will-nazisymbole-im-oeffentlichen-raum-verbieten\/#primaryimage","url":"https:\/\/www.markt-kom.com\/wp-content\/uploads\/2024\/12\/Beat-Jans-PK-Bundesrat-Nazisymbole.jpg","contentUrl":"https:\/\/www.markt-kom.com\/wp-content\/uploads\/2024\/12\/Beat-Jans-PK-Bundesrat-Nazisymbole.jpg"},{"@type":"BreadcrumbList","@id":"https:\/\/www.organisator.ch\/marketing\/2024-12-15\/bundesrat-will-nazisymbole-im-oeffentlichen-raum-verbieten\/#breadcrumb","itemListElement":[{"@type":"ListItem","position":1,"name":"Home","item":"https:\/\/www.organisator.ch\/"},{"@type":"ListItem","position":2,"name":"Bundesrat will Nazisymbole im \u00f6ffentlichen Raum verbieten"}]},{"@type":"WebSite","@id":"https:\/\/www.organisator.ch\/#website","url":"https:\/\/www.organisator.ch\/","name":"Organisateur","description":"Comp\u00e9tence et comp\u00e9tence. Proches de la pratique. L'ORGANISATEUR pr\u00e9pare 10 num\u00e9ros par an sur les th\u00e8mes essentiels pour les dirigeants de PME.","publisher":{"@id":"https:\/\/www.organisator.ch\/#organization"},"potentialAction":[{"@type":"SearchAction","target":{"@type":"EntryPoint","urlTemplate":"https:\/\/www.organisator.ch\/?s={search_term_string}"},"query-input":{"@type":"PropertyValueSpecification","valueRequired":true,"valueName":"search_term_string"}}],"inLanguage":"fr-FR"},{"@type":"Organization","@id":"https:\/\/www.organisator.ch\/#organization","name":"Organisateur","url":"https:\/\/www.organisator.ch\/","logo":{"@type":"ImageObject","inLanguage":"fr-FR","@id":"https:\/\/www.organisator.ch\/#\/schema\/logo\/image\/","url":"https:\/\/www.organisator.ch\/wp-content\/uploads\/2022\/01\/Logo_Organisator_Website.png","contentUrl":"https:\/\/www.organisator.ch\/wp-content\/uploads\/2022\/01\/Logo_Organisator_Website.png","width":800,"height":77,"caption":"Organisator"},"image":{"@id":"https:\/\/www.organisator.ch\/#\/schema\/logo\/image\/"},"sameAs":["https:\/\/www.facebook.com\/OrganisatorFachmagazin","https:\/\/www.linkedin.com\/showcase\/organisator-das-magazin-fr-kmu","https:\/\/www.xing.com\/news\/pages\/organisator-ch-695","https:\/\/www.youtube.com\/channel\/UCGP2Sq0iWaZwT3BdIAQFYpw"]},{"@type":"Person","@id":"https:\/\/www.organisator.ch\/#\/schema\/person\/4e51799071cd2dd1232ac003643ef5f0","name":"galledia","image":{"@type":"ImageObject","inLanguage":"fr-FR","@id":"https:\/\/secure.gravatar.com\/avatar\/78a7f90c01fc2bfc875782a0d4922b37cde2cf184ce347b91316d23cd7f69a36?s=96&d=mm&r=g","url":"https:\/\/secure.gravatar.com\/avatar\/78a7f90c01fc2bfc875782a0d4922b37cde2cf184ce347b91316d23cd7f69a36?s=96&d=mm&r=g","contentUrl":"https:\/\/secure.gravatar.com\/avatar\/78a7f90c01fc2bfc875782a0d4922b37cde2cf184ce347b91316d23cd7f69a36?s=96&d=mm&r=g","caption":"galledia"},"sameAs":["https:\/\/x.com\/admin"],"url":"https:\/\/www.organisator.ch\/fr\/author\/galledia\/"}]}},"_links":{"self":[{"href":"https:\/\/www.organisator.ch\/fr\/wp-json\/wp\/v2\/posts\/34724","targetHints":{"allow":["GET"]}}],"collection":[{"href":"https:\/\/www.organisator.ch\/fr\/wp-json\/wp\/v2\/posts"}],"about":[{"href":"https:\/\/www.organisator.ch\/fr\/wp-json\/wp\/v2\/types\/post"}],"author":[{"embeddable":true,"href":"https:\/\/www.organisator.ch\/fr\/wp-json\/wp\/v2\/users\/8"}],"replies":[{"embeddable":true,"href":"https:\/\/www.organisator.ch\/fr\/wp-json\/wp\/v2\/comments?post=34724"}],"version-history":[{"count":5,"href":"https:\/\/www.organisator.ch\/fr\/wp-json\/wp\/v2\/posts\/34724\/revisions"}],"predecessor-version":[{"id":34733,"href":"https:\/\/www.organisator.ch\/fr\/wp-json\/wp\/v2\/posts\/34724\/revisions\/34733"}],"wp:attachment":[{"href":"https:\/\/www.organisator.ch\/fr\/wp-json\/wp\/v2\/media?parent=34724"}],"wp:term":[{"taxonomy":"category","embeddable":true,"href":"https:\/\/www.organisator.ch\/fr\/wp-json\/wp\/v2\/categories?post=34724"},{"taxonomy":"post_tag","embeddable":true,"href":"https:\/\/www.organisator.ch\/fr\/wp-json\/wp\/v2\/tags?post=34724"}],"curies":[{"name":"wp","href":"https:\/\/api.w.org\/{rel}","templated":true}]}}