{"id":34728,"date":"2024-12-16T07:00:45","date_gmt":"2024-12-16T06:00:45","guid":{"rendered":"https:\/\/www.m-q.ch\/?p=20896"},"modified":"2024-12-16T07:36:48","modified_gmt":"2024-12-16T06:36:48","slug":"ehemaliger-interpol-direktor-fuer-cyberkriminalitaet-verstaerkt-zendata-cybersecurity-als-senior-advisor","status":"publish","type":"post","link":"https:\/\/www.organisator.ch\/fr\/operational-excellence\/2024-12-16\/ehemaliger-interpol-direktor-fuer-cyberkriminalitaet-verstaerkt-zendata-cybersecurity-als-senior-advisor\/","title":{"rendered":"L'ancien directeur d'Interpol pour la cybercriminalit\u00e9 rejoint Zendata Cybersecurity en tant que conseiller principal"},"content":{"rendered":"<figure id=\"attachment_20897\" class=\"wp-caption alignnone\" style=\"width: 680px;\" aria-describedby=\"caption-attachment-20897\"><img class=\"size-full wp-image-20897\" src=\"https:\/\/www.m-q.ch\/wp-content\/uploads\/2024\/12\/Interpol_Bild1_ps.jpg\" sizes=\"(max-width: 680px) 100vw, 680px\" srcset=\"https:\/\/www.m-q.ch\/wp-content\/uploads\/2024\/12\/Interpol_Bild1_ps.jpg 680w, https:\/\/www.m-q.ch\/wp-content\/uploads\/2024\/12\/Interpol_Bild1_ps-18x10.jpg 18w, https:\/\/www.m-q.ch\/wp-content\/uploads\/2024\/12\/Interpol_Bild1_ps-375x211.jpg 375w, https:\/\/www.m-q.ch\/wp-content\/uploads\/2024\/12\/Interpol_Bild1_ps-621x350.jpg 621w\" alt=\"\" width=\"680\" height=\"383\" \/>\r\n<figcaption id=\"caption-attachment-20897\" class=\"wp-caption-text\">Craig Jones, ex-directeur d'Interpol, devient Senior Advisor chez Zendata et renforce la cybers\u00e9curit\u00e9 dans la r\u00e9gion DACH gr\u00e2ce \u00e0 son expertise. (Image : Zendata Cybersecurity)<\/figcaption>\r\n<\/figure>\r\n<p>Lorsqu'il travaillait pour Interpol, Craig Jones \u00e9tait directeur de la cybers\u00e9curit\u00e9 et responsable du programme mondial de cybercriminalit\u00e9. Sous sa direction, des initiatives internationales ont \u00e9t\u00e9 men\u00e9es afin de lutter contre les menaces num\u00e9riques et de forger des alliances mondiales contre les cybercriminels.<\/p>\r\n<p>En tant que Senior Advisor chez Zendata, Craig Jones jouera un r\u00f4le central dans la d\u00e9finition de l'orientation strat\u00e9gique et des objectifs \u00e0 long terme de l'entreprise. Les organisations et les entreprises de la r\u00e9gion DACH pourront \u00e9galement profiter de sa longue exp\u00e9rience et de sa perspective globale, puisque Zendata continue d'y d\u00e9velopper sa pr\u00e9sence. Face \u00e0 la demande croissante de solutions de cybers\u00e9curit\u00e9 en Allemagne, en Autriche et en Suisse, l'expertise de Craig Jones aidera \u00e0 aborder de mani\u00e8re cibl\u00e9e les d\u00e9fis r\u00e9gionaux tels que les exigences r\u00e9glementaires ou la protection des infrastructures critiques. Gr\u00e2ce \u00e0 son savoir-faire, Zendata pourra une fois de plus proposer des solutions sur mesure qui permettront aux entreprises, aux organisations et aux autorit\u00e9s de garder une longueur d'avance sur les cybermenaces.<\/p>\r\n<h3>Nouvel \u00e9lan pour la cybers\u00e9curit\u00e9 chez Zendata<\/h3>\r\n<p>\"C'est un grand honneur d'accueillir Craig au sein de notre \u00e9quipe. Son expertise incomparable et son engagement dans la lutte contre la cybercriminalit\u00e9 font de lui un atout inestimable pour Zendata\", a d\u00e9clar\u00e9 Isabelle Meyer, co-CEO et co-fondatrice de Zendata Cybersecurity. \"Son leadership renforcera sans aucun doute notre capacit\u00e9 \u00e0 prot\u00e9ger les organisations dans le monde entier, en particulier dans le domaine du renseignement sur les menaces et de la cybercriminalit\u00e9, afin de d\u00e9tecter et d'anticiper les menaces \u00e9mergentes\".<\/p>\r\n<p>Craig Jones s'est \u00e9galement exprim\u00e9 avec enthousiasme sur son nouveau r\u00f4le : \"Je suis tr\u00e8s heureux de faire partie d'une entreprise aussi dynamique et tourn\u00e9e vers l'avenir que Zendata. Ensemble, nous pouvons \u00e9tablir de nouvelles normes en mati\u00e8re de cybers\u00e9curit\u00e9, apporter une contribution positive et durable et prot\u00e9ger des infrastructures importantes, tant au niveau national qu'international\".<\/p>\r\n<p>Avec Craig Jones en tant que Senior Advisor, Zendata est bien plac\u00e9 pour continuer \u00e0 d\u00e9velopper ses objectifs, \u00e0 innover et \u00e0 se positionner comme un partenaire de confiance dans la lutte contre les cybermenaces.<\/p>\r\n<p><em>Source : <a href=\"https:\/\/zendata.security\/\">https:\/\/zendata.security\/<\/a><\/em><\/p>\n<p class=\"syndicated-attribution\">Cet article est paru initialement sur m-q.ch - <a href=\"https:\/\/www.m-q.ch\/de\/ehemaliger-interpol-direktor-fuer-cyberkriminalitaet-verstaerkt-zendata-cybersecurity-als-senior-advisor\/\" target=\"_blank\">https:\/\/www.m-q.ch\/de\/ehemaliger-interpol-direktor-fuer-cyberkriminalitaet-verstaerkt-zendata-cybersecurity-als-senior-advisor\/<\/a><\/p>","protected":false},"excerpt":{"rendered":"<p>Zendata Cybersecurity a le plaisir d'annoncer que Craig Jones, ancien directeur de la cybercriminalit\u00e9 d'Interpol, rejoindra l'entreprise en tant que conseiller principal. Avec des d\u00e9cennies d'exp\u00e9rience dans la lutte mondiale contre la cybercriminalit\u00e9, Craig Jones apporte une expertise incomparable pour renforcer la mission de Zendata : fournir des solutions de cybers\u00e9curit\u00e9 innovantes et cr\u00e9er un avenir num\u00e9rique plus s\u00fbr.<\/p>","protected":false},"author":80,"featured_media":0,"comment_status":"closed","ping_status":"closed","sticky":false,"template":"","format":"standard","meta":{"_acf_changed":false,"_yoast_wpseo_focuskw":"Zendata","_yoast_wpseo_metadesc":"Craig Jones, Ex-Interpol-Direktor, wird Senior Advisor bei Zendata und st\u00e4rkt mit seiner Expertise die Cybersicherheit in der DACH-Region.","articlekey":"","footnotes":""},"categories":[582],"tags":[3762,608,4299,4949,418,4950,606,492,4951],"class_list":["post-34728","post","type-post","status-publish","format-standard","hentry","category-operational-excellence","tag-cyberkriminalitaet","tag-cybersicherheit","tag-dach-region","tag-interpol","tag-risikomanagement","tag-senior-advisor","tag-unkategorisiert","tag-unternehmen","tag-zendata"],"acf":[],"yoast_head":"<!-- This site is optimized with the Yoast SEO plugin v27.4 - https:\/\/yoast.com\/product\/yoast-seo-wordpress\/ -->\n<title>Ehemaliger Interpol-Direktor f\u00fcr Cyberkriminalit\u00e4t verst\u00e4rkt Zendata Cybersecurity als Senior Advisor - Organisator<\/title>\n<meta name=\"description\" content=\"Craig Jones, Ex-Interpol-Direktor, wird Senior Advisor bei Zendata und st\u00e4rkt mit seiner Expertise die Cybersicherheit in der DACH-Region.\" \/>\n<meta name=\"robots\" content=\"index, follow, max-snippet:-1, max-image-preview:large, max-video-preview:-1\" \/>\n<link rel=\"canonical\" href=\"https:\/\/www.organisator.ch\/fr\/excellence-operationnelle\/2024-12-16\/ehemaliger-interpol-direktor-fuer-cyberkriminalitaet-verstaerkt-zendata-cybersecurity-als-senior-advisor\/\" \/>\n<meta property=\"og:locale\" content=\"fr_FR\" \/>\n<meta property=\"og:type\" content=\"article\" \/>\n<meta property=\"og:title\" content=\"Ehemaliger Interpol-Direktor f\u00fcr Cyberkriminalit\u00e4t verst\u00e4rkt Zendata Cybersecurity als Senior Advisor - Organisator\" \/>\n<meta property=\"og:description\" content=\"Craig Jones, Ex-Interpol-Direktor, wird Senior Advisor bei Zendata und st\u00e4rkt mit seiner Expertise die Cybersicherheit in der DACH-Region.\" \/>\n<meta property=\"og:url\" content=\"https:\/\/www.organisator.ch\/fr\/excellence-operationnelle\/2024-12-16\/ehemaliger-interpol-direktor-fuer-cyberkriminalitaet-verstaerkt-zendata-cybersecurity-als-senior-advisor\/\" \/>\n<meta property=\"og:site_name\" content=\"Organisator\" \/>\n<meta property=\"article:publisher\" content=\"https:\/\/www.facebook.com\/OrganisatorFachmagazin\" \/>\n<meta property=\"article:published_time\" content=\"2024-12-16T06:00:45+00:00\" \/>\n<meta property=\"article:modified_time\" content=\"2024-12-16T06:36:48+00:00\" \/>\n<meta name=\"author\" content=\"Dzana Muminovic\" \/>\n<meta name=\"twitter:card\" content=\"summary_large_image\" \/>\n<script type=\"application\/ld+json\" class=\"yoast-schema-graph\">{\"@context\":\"https:\\\/\\\/schema.org\",\"@graph\":[{\"@type\":\"Article\",\"@id\":\"https:\\\/\\\/www.organisator.ch\\\/operational-excellence\\\/2024-12-16\\\/ehemaliger-interpol-direktor-fuer-cyberkriminalitaet-verstaerkt-zendata-cybersecurity-als-senior-advisor\\\/#article\",\"isPartOf\":{\"@id\":\"https:\\\/\\\/www.organisator.ch\\\/operational-excellence\\\/2024-12-16\\\/ehemaliger-interpol-direktor-fuer-cyberkriminalitaet-verstaerkt-zendata-cybersecurity-als-senior-advisor\\\/\"},\"author\":{\"name\":\"Dzana Muminovic\",\"@id\":\"https:\\\/\\\/www.organisator.ch\\\/#\\\/schema\\\/person\\\/afccda3a71c06d4be2ed9100dd163db7\"},\"headline\":\"Ehemaliger Interpol-Direktor f\u00fcr Cyberkriminalit\u00e4t verst\u00e4rkt Zendata Cybersecurity als Senior Advisor\",\"datePublished\":\"2024-12-16T06:00:45+00:00\",\"dateModified\":\"2024-12-16T06:36:48+00:00\",\"mainEntityOfPage\":{\"@id\":\"https:\\\/\\\/www.organisator.ch\\\/operational-excellence\\\/2024-12-16\\\/ehemaliger-interpol-direktor-fuer-cyberkriminalitaet-verstaerkt-zendata-cybersecurity-als-senior-advisor\\\/\"},\"wordCount\":351,\"publisher\":{\"@id\":\"https:\\\/\\\/www.organisator.ch\\\/#organization\"},\"image\":{\"@id\":\"https:\\\/\\\/www.organisator.ch\\\/operational-excellence\\\/2024-12-16\\\/ehemaliger-interpol-direktor-fuer-cyberkriminalitaet-verstaerkt-zendata-cybersecurity-als-senior-advisor\\\/#primaryimage\"},\"thumbnailUrl\":\"https:\\\/\\\/www.m-q.ch\\\/wp-content\\\/uploads\\\/2024\\\/12\\\/Interpol_Bild1_ps.jpg\",\"keywords\":[\"Cyberkriminalit\u00e4t\",\"Cybersicherheit\",\"DACH-Region\",\"Interpol\",\"Risikomanagement\",\"Senior Advisor\",\"Unkategorisiert\",\"Unternehmen\",\"Zendata\"],\"articleSection\":[\"OPERATIONAL EXCELLENCE\"],\"inLanguage\":\"fr-FR\"},{\"@type\":\"WebPage\",\"@id\":\"https:\\\/\\\/www.organisator.ch\\\/operational-excellence\\\/2024-12-16\\\/ehemaliger-interpol-direktor-fuer-cyberkriminalitaet-verstaerkt-zendata-cybersecurity-als-senior-advisor\\\/\",\"url\":\"https:\\\/\\\/www.organisator.ch\\\/operational-excellence\\\/2024-12-16\\\/ehemaliger-interpol-direktor-fuer-cyberkriminalitaet-verstaerkt-zendata-cybersecurity-als-senior-advisor\\\/\",\"name\":\"Ehemaliger Interpol-Direktor f\u00fcr Cyberkriminalit\u00e4t verst\u00e4rkt Zendata Cybersecurity als Senior Advisor - Organisator\",\"isPartOf\":{\"@id\":\"https:\\\/\\\/www.organisator.ch\\\/#website\"},\"primaryImageOfPage\":{\"@id\":\"https:\\\/\\\/www.organisator.ch\\\/operational-excellence\\\/2024-12-16\\\/ehemaliger-interpol-direktor-fuer-cyberkriminalitaet-verstaerkt-zendata-cybersecurity-als-senior-advisor\\\/#primaryimage\"},\"image\":{\"@id\":\"https:\\\/\\\/www.organisator.ch\\\/operational-excellence\\\/2024-12-16\\\/ehemaliger-interpol-direktor-fuer-cyberkriminalitaet-verstaerkt-zendata-cybersecurity-als-senior-advisor\\\/#primaryimage\"},\"thumbnailUrl\":\"https:\\\/\\\/www.m-q.ch\\\/wp-content\\\/uploads\\\/2024\\\/12\\\/Interpol_Bild1_ps.jpg\",\"datePublished\":\"2024-12-16T06:00:45+00:00\",\"dateModified\":\"2024-12-16T06:36:48+00:00\",\"description\":\"Craig Jones, Ex-Interpol-Direktor, wird Senior Advisor bei Zendata und st\u00e4rkt mit seiner Expertise die Cybersicherheit in der DACH-Region.\",\"breadcrumb\":{\"@id\":\"https:\\\/\\\/www.organisator.ch\\\/operational-excellence\\\/2024-12-16\\\/ehemaliger-interpol-direktor-fuer-cyberkriminalitaet-verstaerkt-zendata-cybersecurity-als-senior-advisor\\\/#breadcrumb\"},\"inLanguage\":\"fr-FR\",\"potentialAction\":[{\"@type\":\"ReadAction\",\"target\":[\"https:\\\/\\\/www.organisator.ch\\\/operational-excellence\\\/2024-12-16\\\/ehemaliger-interpol-direktor-fuer-cyberkriminalitaet-verstaerkt-zendata-cybersecurity-als-senior-advisor\\\/\"]}]},{\"@type\":\"ImageObject\",\"inLanguage\":\"fr-FR\",\"@id\":\"https:\\\/\\\/www.organisator.ch\\\/operational-excellence\\\/2024-12-16\\\/ehemaliger-interpol-direktor-fuer-cyberkriminalitaet-verstaerkt-zendata-cybersecurity-als-senior-advisor\\\/#primaryimage\",\"url\":\"https:\\\/\\\/www.m-q.ch\\\/wp-content\\\/uploads\\\/2024\\\/12\\\/Interpol_Bild1_ps.jpg\",\"contentUrl\":\"https:\\\/\\\/www.m-q.ch\\\/wp-content\\\/uploads\\\/2024\\\/12\\\/Interpol_Bild1_ps.jpg\"},{\"@type\":\"BreadcrumbList\",\"@id\":\"https:\\\/\\\/www.organisator.ch\\\/operational-excellence\\\/2024-12-16\\\/ehemaliger-interpol-direktor-fuer-cyberkriminalitaet-verstaerkt-zendata-cybersecurity-als-senior-advisor\\\/#breadcrumb\",\"itemListElement\":[{\"@type\":\"ListItem\",\"position\":1,\"name\":\"Home\",\"item\":\"https:\\\/\\\/www.organisator.ch\\\/\"},{\"@type\":\"ListItem\",\"position\":2,\"name\":\"Ehemaliger Interpol-Direktor f\u00fcr Cyberkriminalit\u00e4t verst\u00e4rkt Zendata Cybersecurity als Senior Advisor\"}]},{\"@type\":\"WebSite\",\"@id\":\"https:\\\/\\\/www.organisator.ch\\\/#website\",\"url\":\"https:\\\/\\\/www.organisator.ch\\\/\",\"name\":\"Organisator\",\"description\":\"Kompetent. Praxisnah. Der ORGANISATOR bereitet in 10 Ausgaben pro Jahr die wesentlichen Themen f\u00fcr F\u00fchrungskr\u00e4fte von KMU auf.\",\"publisher\":{\"@id\":\"https:\\\/\\\/www.organisator.ch\\\/#organization\"},\"potentialAction\":[{\"@type\":\"SearchAction\",\"target\":{\"@type\":\"EntryPoint\",\"urlTemplate\":\"https:\\\/\\\/www.organisator.ch\\\/?s={search_term_string}\"},\"query-input\":{\"@type\":\"PropertyValueSpecification\",\"valueRequired\":true,\"valueName\":\"search_term_string\"}}],\"inLanguage\":\"fr-FR\"},{\"@type\":\"Organization\",\"@id\":\"https:\\\/\\\/www.organisator.ch\\\/#organization\",\"name\":\"Organisator\",\"url\":\"https:\\\/\\\/www.organisator.ch\\\/\",\"logo\":{\"@type\":\"ImageObject\",\"inLanguage\":\"fr-FR\",\"@id\":\"https:\\\/\\\/www.organisator.ch\\\/#\\\/schema\\\/logo\\\/image\\\/\",\"url\":\"https:\\\/\\\/www.organisator.ch\\\/wp-content\\\/uploads\\\/2022\\\/01\\\/Logo_Organisator_Website.png\",\"contentUrl\":\"https:\\\/\\\/www.organisator.ch\\\/wp-content\\\/uploads\\\/2022\\\/01\\\/Logo_Organisator_Website.png\",\"width\":800,\"height\":77,\"caption\":\"Organisator\"},\"image\":{\"@id\":\"https:\\\/\\\/www.organisator.ch\\\/#\\\/schema\\\/logo\\\/image\\\/\"},\"sameAs\":[\"https:\\\/\\\/www.facebook.com\\\/OrganisatorFachmagazin\",\"https:\\\/\\\/www.linkedin.com\\\/showcase\\\/organisator-das-magazin-fr-kmu\",\"https:\\\/\\\/www.xing.com\\\/news\\\/pages\\\/organisator-ch-695\",\"https:\\\/\\\/www.youtube.com\\\/channel\\\/UCGP2Sq0iWaZwT3BdIAQFYpw\"]},{\"@type\":\"Person\",\"@id\":\"https:\\\/\\\/www.organisator.ch\\\/#\\\/schema\\\/person\\\/afccda3a71c06d4be2ed9100dd163db7\",\"name\":\"Dzana Muminovic\",\"image\":{\"@type\":\"ImageObject\",\"inLanguage\":\"fr-FR\",\"@id\":\"https:\\\/\\\/secure.gravatar.com\\\/avatar\\\/909c5c71aff4b38e88686f2ab2f1ba152571f394f41ed8bae431ea56ced93050?s=96&d=mm&r=g\",\"url\":\"https:\\\/\\\/secure.gravatar.com\\\/avatar\\\/909c5c71aff4b38e88686f2ab2f1ba152571f394f41ed8bae431ea56ced93050?s=96&d=mm&r=g\",\"contentUrl\":\"https:\\\/\\\/secure.gravatar.com\\\/avatar\\\/909c5c71aff4b38e88686f2ab2f1ba152571f394f41ed8bae431ea56ced93050?s=96&d=mm&r=g\",\"caption\":\"Dzana Muminovic\"},\"url\":\"https:\\\/\\\/www.organisator.ch\\\/fr\\\/author\\\/dzana-muminovic\\\/\"}]}<\/script>\n<!-- \/ Yoast SEO plugin. -->","yoast_head_json":{"title":"L'ancien directeur d'Interpol pour la cybercriminalit\u00e9 rejoint Zendata Cybersecurity en tant que conseiller principal - organisateur","description":"Craig Jones, ex-directeur d'Interpol, devient Senior Advisor chez Zendata et renforce la cybers\u00e9curit\u00e9 dans la r\u00e9gion DACH gr\u00e2ce \u00e0 son expertise.","robots":{"index":"index","follow":"follow","max-snippet":"max-snippet:-1","max-image-preview":"max-image-preview:large","max-video-preview":"max-video-preview:-1"},"canonical":"https:\/\/www.organisator.ch\/fr\/excellence-operationnelle\/2024-12-16\/ehemaliger-interpol-direktor-fuer-cyberkriminalitaet-verstaerkt-zendata-cybersecurity-als-senior-advisor\/","og_locale":"fr_FR","og_type":"article","og_title":"Ehemaliger Interpol-Direktor f\u00fcr Cyberkriminalit\u00e4t verst\u00e4rkt Zendata Cybersecurity als Senior Advisor - Organisator","og_description":"Craig Jones, Ex-Interpol-Direktor, wird Senior Advisor bei Zendata und st\u00e4rkt mit seiner Expertise die Cybersicherheit in der DACH-Region.","og_url":"https:\/\/www.organisator.ch\/fr\/excellence-operationnelle\/2024-12-16\/ehemaliger-interpol-direktor-fuer-cyberkriminalitaet-verstaerkt-zendata-cybersecurity-als-senior-advisor\/","og_site_name":"Organisator","article_publisher":"https:\/\/www.facebook.com\/OrganisatorFachmagazin","article_published_time":"2024-12-16T06:00:45+00:00","article_modified_time":"2024-12-16T06:36:48+00:00","author":"Dzana Muminovic","twitter_card":"summary_large_image","schema":{"@context":"https:\/\/schema.org","@graph":[{"@type":"Article","@id":"https:\/\/www.organisator.ch\/operational-excellence\/2024-12-16\/ehemaliger-interpol-direktor-fuer-cyberkriminalitaet-verstaerkt-zendata-cybersecurity-als-senior-advisor\/#article","isPartOf":{"@id":"https:\/\/www.organisator.ch\/operational-excellence\/2024-12-16\/ehemaliger-interpol-direktor-fuer-cyberkriminalitaet-verstaerkt-zendata-cybersecurity-als-senior-advisor\/"},"author":{"name":"Dzana Muminovic","@id":"https:\/\/www.organisator.ch\/#\/schema\/person\/afccda3a71c06d4be2ed9100dd163db7"},"headline":"Ehemaliger Interpol-Direktor f\u00fcr Cyberkriminalit\u00e4t verst\u00e4rkt Zendata Cybersecurity als Senior Advisor","datePublished":"2024-12-16T06:00:45+00:00","dateModified":"2024-12-16T06:36:48+00:00","mainEntityOfPage":{"@id":"https:\/\/www.organisator.ch\/operational-excellence\/2024-12-16\/ehemaliger-interpol-direktor-fuer-cyberkriminalitaet-verstaerkt-zendata-cybersecurity-als-senior-advisor\/"},"wordCount":351,"publisher":{"@id":"https:\/\/www.organisator.ch\/#organization"},"image":{"@id":"https:\/\/www.organisator.ch\/operational-excellence\/2024-12-16\/ehemaliger-interpol-direktor-fuer-cyberkriminalitaet-verstaerkt-zendata-cybersecurity-als-senior-advisor\/#primaryimage"},"thumbnailUrl":"https:\/\/www.m-q.ch\/wp-content\/uploads\/2024\/12\/Interpol_Bild1_ps.jpg","keywords":["Cyberkriminalit\u00e4t","Cybersicherheit","DACH-Region","Interpol","Risikomanagement","Senior Advisor","Unkategorisiert","Unternehmen","Zendata"],"articleSection":["OPERATIONAL EXCELLENCE"],"inLanguage":"fr-FR"},{"@type":"WebPage","@id":"https:\/\/www.organisator.ch\/operational-excellence\/2024-12-16\/ehemaliger-interpol-direktor-fuer-cyberkriminalitaet-verstaerkt-zendata-cybersecurity-als-senior-advisor\/","url":"https:\/\/www.organisator.ch\/operational-excellence\/2024-12-16\/ehemaliger-interpol-direktor-fuer-cyberkriminalitaet-verstaerkt-zendata-cybersecurity-als-senior-advisor\/","name":"L'ancien directeur d'Interpol pour la cybercriminalit\u00e9 rejoint Zendata Cybersecurity en tant que conseiller principal - organisateur","isPartOf":{"@id":"https:\/\/www.organisator.ch\/#website"},"primaryImageOfPage":{"@id":"https:\/\/www.organisator.ch\/operational-excellence\/2024-12-16\/ehemaliger-interpol-direktor-fuer-cyberkriminalitaet-verstaerkt-zendata-cybersecurity-als-senior-advisor\/#primaryimage"},"image":{"@id":"https:\/\/www.organisator.ch\/operational-excellence\/2024-12-16\/ehemaliger-interpol-direktor-fuer-cyberkriminalitaet-verstaerkt-zendata-cybersecurity-als-senior-advisor\/#primaryimage"},"thumbnailUrl":"https:\/\/www.m-q.ch\/wp-content\/uploads\/2024\/12\/Interpol_Bild1_ps.jpg","datePublished":"2024-12-16T06:00:45+00:00","dateModified":"2024-12-16T06:36:48+00:00","description":"Craig Jones, ex-directeur d'Interpol, devient Senior Advisor chez Zendata et renforce la cybers\u00e9curit\u00e9 dans la r\u00e9gion DACH gr\u00e2ce \u00e0 son expertise.","breadcrumb":{"@id":"https:\/\/www.organisator.ch\/operational-excellence\/2024-12-16\/ehemaliger-interpol-direktor-fuer-cyberkriminalitaet-verstaerkt-zendata-cybersecurity-als-senior-advisor\/#breadcrumb"},"inLanguage":"fr-FR","potentialAction":[{"@type":"ReadAction","target":["https:\/\/www.organisator.ch\/operational-excellence\/2024-12-16\/ehemaliger-interpol-direktor-fuer-cyberkriminalitaet-verstaerkt-zendata-cybersecurity-als-senior-advisor\/"]}]},{"@type":"ImageObject","inLanguage":"fr-FR","@id":"https:\/\/www.organisator.ch\/operational-excellence\/2024-12-16\/ehemaliger-interpol-direktor-fuer-cyberkriminalitaet-verstaerkt-zendata-cybersecurity-als-senior-advisor\/#primaryimage","url":"https:\/\/www.m-q.ch\/wp-content\/uploads\/2024\/12\/Interpol_Bild1_ps.jpg","contentUrl":"https:\/\/www.m-q.ch\/wp-content\/uploads\/2024\/12\/Interpol_Bild1_ps.jpg"},{"@type":"BreadcrumbList","@id":"https:\/\/www.organisator.ch\/operational-excellence\/2024-12-16\/ehemaliger-interpol-direktor-fuer-cyberkriminalitaet-verstaerkt-zendata-cybersecurity-als-senior-advisor\/#breadcrumb","itemListElement":[{"@type":"ListItem","position":1,"name":"Home","item":"https:\/\/www.organisator.ch\/"},{"@type":"ListItem","position":2,"name":"Ehemaliger Interpol-Direktor f\u00fcr Cyberkriminalit\u00e4t verst\u00e4rkt Zendata Cybersecurity als Senior Advisor"}]},{"@type":"WebSite","@id":"https:\/\/www.organisator.ch\/#website","url":"https:\/\/www.organisator.ch\/","name":"Organisateur","description":"Comp\u00e9tence et comp\u00e9tence. Proches de la pratique. L'ORGANISATEUR pr\u00e9pare 10 num\u00e9ros par an sur les th\u00e8mes essentiels pour les dirigeants de PME.","publisher":{"@id":"https:\/\/www.organisator.ch\/#organization"},"potentialAction":[{"@type":"SearchAction","target":{"@type":"EntryPoint","urlTemplate":"https:\/\/www.organisator.ch\/?s={search_term_string}"},"query-input":{"@type":"PropertyValueSpecification","valueRequired":true,"valueName":"search_term_string"}}],"inLanguage":"fr-FR"},{"@type":"Organization","@id":"https:\/\/www.organisator.ch\/#organization","name":"Organisateur","url":"https:\/\/www.organisator.ch\/","logo":{"@type":"ImageObject","inLanguage":"fr-FR","@id":"https:\/\/www.organisator.ch\/#\/schema\/logo\/image\/","url":"https:\/\/www.organisator.ch\/wp-content\/uploads\/2022\/01\/Logo_Organisator_Website.png","contentUrl":"https:\/\/www.organisator.ch\/wp-content\/uploads\/2022\/01\/Logo_Organisator_Website.png","width":800,"height":77,"caption":"Organisator"},"image":{"@id":"https:\/\/www.organisator.ch\/#\/schema\/logo\/image\/"},"sameAs":["https:\/\/www.facebook.com\/OrganisatorFachmagazin","https:\/\/www.linkedin.com\/showcase\/organisator-das-magazin-fr-kmu","https:\/\/www.xing.com\/news\/pages\/organisator-ch-695","https:\/\/www.youtube.com\/channel\/UCGP2Sq0iWaZwT3BdIAQFYpw"]},{"@type":"Person","@id":"https:\/\/www.organisator.ch\/#\/schema\/person\/afccda3a71c06d4be2ed9100dd163db7","name":"Dzana Muminovic","image":{"@type":"ImageObject","inLanguage":"fr-FR","@id":"https:\/\/secure.gravatar.com\/avatar\/909c5c71aff4b38e88686f2ab2f1ba152571f394f41ed8bae431ea56ced93050?s=96&d=mm&r=g","url":"https:\/\/secure.gravatar.com\/avatar\/909c5c71aff4b38e88686f2ab2f1ba152571f394f41ed8bae431ea56ced93050?s=96&d=mm&r=g","contentUrl":"https:\/\/secure.gravatar.com\/avatar\/909c5c71aff4b38e88686f2ab2f1ba152571f394f41ed8bae431ea56ced93050?s=96&d=mm&r=g","caption":"Dzana Muminovic"},"url":"https:\/\/www.organisator.ch\/fr\/author\/dzana-muminovic\/"}]}},"_links":{"self":[{"href":"https:\/\/www.organisator.ch\/fr\/wp-json\/wp\/v2\/posts\/34728","targetHints":{"allow":["GET"]}}],"collection":[{"href":"https:\/\/www.organisator.ch\/fr\/wp-json\/wp\/v2\/posts"}],"about":[{"href":"https:\/\/www.organisator.ch\/fr\/wp-json\/wp\/v2\/types\/post"}],"author":[{"embeddable":true,"href":"https:\/\/www.organisator.ch\/fr\/wp-json\/wp\/v2\/users\/80"}],"replies":[{"embeddable":true,"href":"https:\/\/www.organisator.ch\/fr\/wp-json\/wp\/v2\/comments?post=34728"}],"version-history":[{"count":5,"href":"https:\/\/www.organisator.ch\/fr\/wp-json\/wp\/v2\/posts\/34728\/revisions"}],"predecessor-version":[{"id":34732,"href":"https:\/\/www.organisator.ch\/fr\/wp-json\/wp\/v2\/posts\/34728\/revisions\/34732"}],"wp:attachment":[{"href":"https:\/\/www.organisator.ch\/fr\/wp-json\/wp\/v2\/media?parent=34728"}],"wp:term":[{"taxonomy":"category","embeddable":true,"href":"https:\/\/www.organisator.ch\/fr\/wp-json\/wp\/v2\/categories?post=34728"},{"taxonomy":"post_tag","embeddable":true,"href":"https:\/\/www.organisator.ch\/fr\/wp-json\/wp\/v2\/tags?post=34728"}],"curies":[{"name":"wp","href":"https:\/\/api.w.org\/{rel}","templated":true}]}}