{"id":34783,"date":"2024-12-17T13:48:41","date_gmt":"2024-12-17T12:48:41","guid":{"rendered":"https:\/\/www.organisator.ch\/?p=34783"},"modified":"2024-12-18T07:18:24","modified_gmt":"2024-12-18T06:18:24","slug":"schweizer-deep-tech-startups-sind-bereit-barcelona-zu-erobern","status":"publish","type":"post","link":"https:\/\/www.organisator.ch\/fr\/management\/2024-12-17\/schweizer-deep-tech-startups-sind-bereit-barcelona-zu-erobern\/","title":{"rendered":"Les start-up suisses de la deep tech sont pr\u00eates \u00e0 conqu\u00e9rir Barcelone"},"content":{"rendered":"<figure id=\"attachment_34786\" class=\"wp-caption alignnone\" style=\"width: 680px;\" aria-describedby=\"caption-attachment-34786\"><img class=\"size-full wp-image-34786\" src=\"https:\/\/www.organisator.ch\/wp-content\/uploads\/2024\/12\/VentureLeaders_Bild1_ps.jpg\" sizes=\"(max-width: 680px) 100vw, 680px\" srcset=\"https:\/\/www.organisator.ch\/wp-content\/uploads\/2024\/12\/VentureLeaders_Bild1_ps.jpg 680w, https:\/\/www.organisator.ch\/wp-content\/uploads\/2024\/12\/VentureLeaders_Bild1_ps-18x10.jpg 18w, https:\/\/www.organisator.ch\/wp-content\/uploads\/2024\/12\/VentureLeaders_Bild1_ps-375x209.jpg 375w, https:\/\/www.organisator.ch\/wp-content\/uploads\/2024\/12\/VentureLeaders_Bild1_ps-628x350.jpg 628w\" alt=\"\" width=\"680\" height=\"379\" \/>\r\n<figcaption id=\"caption-attachment-34786\" class=\"wp-caption-text\">Les start-up suisses de la deep-tech sont pr\u00eates \u00e0 conqu\u00e9rir 4YFN - MWC \u00e0 Barcelone : les Venture Leaders Mobile 2025 sont connus. (Image : Venture Leaders)<\/figcaption>\r\n<\/figure>\r\n<p>Apr\u00e8s avoir examin\u00e9 plus de 90 candidatures, le jury, compos\u00e9 d'investisseurs professionnels et d'experts en technologies mobiles, a s\u00e9lectionn\u00e9 dix startups pour participer au roadshow Venture Leaders Mobile 2025 \u00e0 Barcelone. Ces startups sont issues des domaines de l'IA, de la d\u00e9tection de gaz, de la r\u00e9alit\u00e9 virtuelle et augment\u00e9e, de la cybers\u00e9curit\u00e9, de la communication sous-marine et de la technologie des drones. Venture Leaders Mobile est organis\u00e9 par Venturelab et soutenu par Huawei, Swisscom Ventures et Vischer.<\/p>\r\n<h3><strong>Des start-up suisses au 4YFN de Barcelone<\/strong><\/h3>\r\n<p>L'emploi du temps des Venture Leaders pour 4 Years from Now (4YFN) - qui fait partie du Mobile World Congress (MWC), l'\u00e9v\u00e9nement le plus grand et le plus important du monde dans le secteur de la t\u00e9l\u00e9phonie mobile - comprend la participation au salon et \u00e0 des \u00e9v\u00e9nements destin\u00e9s aux investisseurs. Il s'agit d'une occasion unique de rencontrer des investisseurs de premier ordre, des leaders du secteur et des clients potentiels lors d'\u00e9v\u00e9nements cl\u00e9s du MWC, comme la conf\u00e9rence des start-ups. Les Venture Leaders Mobile participeront \u00e9galement \u00e0 des \u00e9v\u00e9nements exclusifs de r\u00e9seautage et de pitch, ainsi qu'\u00e0 la sixi\u00e8me \u00e9dition du Troph\u00e9e de la voile Venturelab.<\/p>\r\n<p>Depuis 19 ans, Venturelab organise pour l'\u00e9quipe nationale suisse des startups les roadshows internationaux des Venture Leaders. Ces roadshows offrent une plateforme pr\u00e9cieuse aux entrepreneurs d\u00e9termin\u00e9s et \u00e0 leurs startups prometteuses. Ils ont la possibilit\u00e9 d'entrer en contact avec des experts de haut niveau, des investisseurs et des clients potentiels dans les principaux centres technologiques du monde, dont la Silicon Valley, Boston, Barcelone, Munich et Londres.<\/p>\r\n<p>\"La qualit\u00e9 des entreprises et des technologies refl\u00e8te une fois de plus la position de leader de la Suisse dans le domaine de la deep tech et de l'innovation\", commente Jordi Montserrat. Il est Managing Partner chez Venturelab. \"Mettre sur le march\u00e9 des solutions avant-gardistes de r\u00e9alit\u00e9 augment\u00e9e et virtuelle ou des technologies de communication sous-marines ne sont que des exemples du potentiel de cette \u00e9quipe, que nous serons tr\u00e8s heureux de mettre en contact avec des leaders mondiaux de l'industrie et des investisseurs \u00e0 Barcelone\".<\/p>\r\n<h3><strong>Ce sont les Venture Leaders Mobile 2025 :<\/strong><\/h3>\r\n<p><strong>Algorized, Vaud :<\/strong> <a href=\"https:\/\/www.algorized.com\/\">Algorized<\/a> d\u00e9veloppe l'IA pour les capteurs et la perception avec un logiciel \u00e9volutif, peu co\u00fbteux et \u00e0 faible consommation d'\u00e9nergie pour les fabricants de capteurs. Le logiciel de la start-up robotique analyse les environnements et d\u00e9tecte la pr\u00e9sence de personnes \u00e0 distance. Il permet la localisation sans wearables, reconna\u00eet les personnes - m\u00eame \u00e0 travers les murs - et enregistre les donn\u00e9es vitales telles que la respiration et le rythme cardiaque afin d'offrir une exp\u00e9rience utilisateur personnalis\u00e9e en tout lieu.<\/p>\r\n<p><strong>Alivion, Zurich :<\/strong> <a href=\"https:\/\/alivion.ch\/\">Alivion<\/a> est une spin-off de l'ETH sp\u00e9cialis\u00e9e dans la conception de produits, le d\u00e9veloppement, la production et la vente de technologies propri\u00e9taires de d\u00e9tection de gaz pour des applications dans les domaines de l'alimentation, de l'environnement et de la sant\u00e9. La vision de l'entreprise est de doter l'\u00e9lectronique d'un sens de l'odorat.<\/p>\r\n<p><strong>Atlas, Uri :<\/strong> <a href=\"https:\/\/www.atlasvr.ch\/\">AtlasVR<\/a> est une entreprise fond\u00e9e par trois doctorants de l'Innovation Center Virtual Reality de l'ETH Zurich. Leur vision est de transformer la formation professionnelle en exploitant l'immense potentiel socio-\u00e9conomique de la technologie de la r\u00e9alit\u00e9 virtuelle (RV).<\/p>\r\n<p><strong>CYSEC, Vaud :<\/strong> <a href=\"https:\/\/www.cysec.com\/\">CYSEC<\/a> fournit des outils de cybers\u00e9curit\u00e9 de pointe et tr\u00e8s performants dans le monde entier, qui garantissent la robustesse, la confidentialit\u00e9 et l'int\u00e9grit\u00e9 des r\u00e9seaux Internet dans l'espace ainsi que dans les infrastructures critiques.<\/p>\r\n<p><strong>Databaum, Vaud :<\/strong> <a href=\"https:\/\/databaum.ch\/\">Arbre de donn\u00e9es<\/a> d\u00e9veloppe des outils ax\u00e9s sur les donn\u00e9es pour l'agriculture durable, notamment des pr\u00e9visions de maladies bas\u00e9es sur l'IA, la surveillance par capteurs et des syst\u00e8mes d'alerte en cas de risques environnementaux tels que le gel ou l'exc\u00e8s d'eau. Ces solutions contribuent \u00e0 minimiser l'utilisation de pesticides, \u00e0 optimiser les ressources et \u00e0 augmenter les rendements des cultures.<\/p>\r\n<p><strong>Galeri, Zurich :<\/strong> <a href=\"https:\/\/www.galeri.world\/\">Galeri<\/a> est une entreprise suisse de sant\u00e9 et de bien-\u00eatre qui transforme l'aviation et les voyages gr\u00e2ce \u00e0 des solutions VR\/AR contr\u00f4l\u00e9es par l'IA. En collaboration avec Niantics Lab, la plateforme immersive propose des exp\u00e9riences contr\u00f4l\u00e9es par biofeedback, personnalis\u00e9es et compatibles avec le m\u00e9tavers pour les a\u00e9roports et les salons.<\/p>\r\n<p><strong>Hydrom\u00e9a, Vaud :<\/strong> <a href=\"https:\/\/www.hydromea.com\/\">Hydromea<\/a> d\u00e9veloppe des robots sous-marins et des syst\u00e8mes de communication pour automatiser l'inspection des objets immerg\u00e9s. Sa technologie am\u00e9liore l'efficacit\u00e9 op\u00e9rationnelle et r\u00e9duit les co\u00fbts des interventions sous-marines, en particulier dans le secteur maritime.<\/p>\r\n<p><strong>NovoViz, Neuch\u00e2tel :<\/strong> <a href=\"https:\/\/www.novoviz.com\/\">NovoViz<\/a> d\u00e9veloppe et produit des machines de calcul \u00e0 photon unique pour des applications qui n\u00e9cessitent une sensibilit\u00e9 et une vitesse \u00e9lev\u00e9es, mais qui ne peuvent pas traiter de grandes quantit\u00e9s de donn\u00e9es.<\/p>\r\n<p><strong>Optiverse, Zurich :<\/strong> <a href=\"https:\/\/optiverse.ai\/\">Optiverse<\/a> est l'un des principaux fournisseurs suisses d'assistance aux r\u00e9unions bas\u00e9e sur l'IA. L'entreprise propose une plateforme qui automatise la prise de notes, int\u00e8gre les donn\u00e9es de r\u00e9union dans les pipelines de vente et permet le partage des connaissances entre les \u00e9quipes.<\/p>\r\n<p><strong>Provuu, B\u00e2le-Ville :<\/strong> <a href=\"https:\/\/provuu.com\/\">Provuu<\/a> est une start-up qui d\u00e9veloppe des lunettes de neige AR qui am\u00e9liorent la visibilit\u00e9 dans des conditions difficiles comme le brouillard ou le blizzard. Ces lunettes utilisent le traitement d'image en temps r\u00e9el et permettent aux utilisateurs de basculer entre des modes de vision transparents et am\u00e9lior\u00e9s.<\/p>\r\n<h3>Venture Leaders Mobile Roadshow 2025<\/h3>\r\n<p>Participez \u00e0 la pr\u00e9sentation de l'\u00e9quipe et \u00e0 la session de pitch virtuelle le 22 janvier 2025 et suivez les entrepreneurs et le Venture Leaders Mobile Roadshow sur les m\u00e9dias sociaux en utilisant le hashtag #VLeadersMobile ou sur <a href=\"https:\/\/www.venturelab.swiss\/venture-leaders-mobile\">www.venture-leaders.ch\/mobile <\/a>du 2 au 6 mars 2025.<\/p>\r\n<p><em>Source : <a href=\"http:\/\/www.venture-leaders.ch\/\">www.venture-leaders.ch<\/a><\/em><\/p>","protected":false},"excerpt":{"rendered":"<p>Dix start-ups deep-tech ont \u00e9t\u00e9 s\u00e9lectionn\u00e9es comme les derniers membres de l'\u00e9quipe nationale suisse des start-ups pour participer au 4YFN dans le cadre du Mobile World Congress \u00e0 Barcelone du 2 au 6 mars 2025. Ce roadshow d'une semaine r\u00e9unit les meilleures startups mobiles suisses avec des investisseurs internationaux et des entreprises de t\u00e9l\u00e9communications de premier plan, et constitue une excellente occasion de renforcer leur pr\u00e9sence mondiale.<\/p>","protected":false},"author":80,"featured_media":34786,"comment_status":"closed","ping_status":"closed","sticky":false,"template":"","format":"standard","meta":{"_acf_changed":false,"_yoast_wpseo_focuskw":"Barcelona","_yoast_wpseo_metadesc":"Zehn Schweizer Deep-Tech-Startups pr\u00e4sentieren sich 2025 am 4YFN in Barcelona, um Investoren und Branchenf\u00fchrer zu \u00fcberzeugen.","articlekey":"","footnotes":""},"categories":[28],"tags":[608,274,298,334,424,451,475,492,4038,4962],"class_list":["post-34783","post","type-post","status-publish","format-standard","has-post-thumbnail","hentry","category-management","tag-cybersicherheit","tag-innovation","tag-ki","tag-management","tag-schweiz","tag-startups","tag-technologie","tag-unternehmen","tag-venture-leaders","tag-vr"],"acf":[],"yoast_head":"<!-- This site is optimized with the Yoast SEO plugin v27.4 - https:\/\/yoast.com\/product\/yoast-seo-wordpress\/ -->\n<title>Schweizer Deep-Tech-Startups sind bereit Barcelona zu erobern - Organisator<\/title>\n<meta name=\"description\" content=\"Zehn Schweizer Deep-Tech-Startups pr\u00e4sentieren sich 2025 am 4YFN in Barcelona, um Investoren und Branchenf\u00fchrer zu \u00fcberzeugen.\" \/>\n<meta name=\"robots\" content=\"index, follow, max-snippet:-1, max-image-preview:large, max-video-preview:-1\" \/>\n<link rel=\"canonical\" href=\"https:\/\/www.organisator.ch\/fr\/gestion-2\/2024-12-17\/schweizer-deep-tech-startups-sind-bereit-barcelona-zu-erobern\/\" \/>\n<meta property=\"og:locale\" content=\"fr_FR\" \/>\n<meta property=\"og:type\" content=\"article\" \/>\n<meta property=\"og:title\" content=\"Schweizer Deep-Tech-Startups sind bereit Barcelona zu erobern\" \/>\n<meta property=\"og:description\" content=\"Zehn Schweizer Deep-Tech-Startups pr\u00e4sentieren sich 2025 am 4YFN in Barcelona, um Investoren und Branchenf\u00fchrer zu \u00fcberzeugen.\" \/>\n<meta property=\"og:url\" content=\"https:\/\/www.organisator.ch\/fr\/gestion-2\/2024-12-17\/schweizer-deep-tech-startups-sind-bereit-barcelona-zu-erobern\/\" \/>\n<meta property=\"og:site_name\" content=\"Organisator\" \/>\n<meta property=\"article:publisher\" content=\"https:\/\/www.facebook.com\/OrganisatorFachmagazin\" \/>\n<meta property=\"article:published_time\" content=\"2024-12-17T12:48:41+00:00\" \/>\n<meta property=\"article:modified_time\" content=\"2024-12-18T06:18:24+00:00\" \/>\n<meta property=\"og:image\" content=\"https:\/\/www.organisator.ch\/wp-content\/uploads\/2024\/12\/VentureLeaders_Bild1_ps.jpg\" \/>\n\t<meta property=\"og:image:width\" content=\"680\" \/>\n\t<meta property=\"og:image:height\" content=\"379\" \/>\n\t<meta property=\"og:image:type\" content=\"image\/jpeg\" \/>\n<meta name=\"author\" content=\"Dzana Muminovic\" \/>\n<meta name=\"twitter:card\" content=\"summary_large_image\" \/>\n<meta name=\"twitter:title\" content=\"Schweizer Deep-Tech-Startups sind bereit Barcelona zu erobern\" \/>\n<meta name=\"twitter:description\" content=\"Zehn #Schweizer #Deep-#Tech-#Startups pr\u00e4sentieren sich 2025 am 4YFN in #Barcelona, um #Investoren und #Branchenf\u00fchrer zu \u00fcberzeugen.\" \/>\n<meta name=\"twitter:image\" content=\"https:\/\/www.organisator.ch\/wp-content\/uploads\/2024\/12\/VentureLeaders_Bild1_ps.jpg\" \/>\n<script type=\"application\/ld+json\" class=\"yoast-schema-graph\">{\"@context\":\"https:\\\/\\\/schema.org\",\"@graph\":[{\"@type\":\"Article\",\"@id\":\"https:\\\/\\\/www.organisator.ch\\\/management\\\/2024-12-17\\\/schweizer-deep-tech-startups-sind-bereit-barcelona-zu-erobern\\\/#article\",\"isPartOf\":{\"@id\":\"https:\\\/\\\/www.organisator.ch\\\/management\\\/2024-12-17\\\/schweizer-deep-tech-startups-sind-bereit-barcelona-zu-erobern\\\/\"},\"author\":{\"name\":\"Dzana Muminovic\",\"@id\":\"https:\\\/\\\/www.organisator.ch\\\/#\\\/schema\\\/person\\\/afccda3a71c06d4be2ed9100dd163db7\"},\"headline\":\"Schweizer Deep-Tech-Startups sind bereit Barcelona zu erobern\",\"datePublished\":\"2024-12-17T12:48:41+00:00\",\"dateModified\":\"2024-12-18T06:18:24+00:00\",\"mainEntityOfPage\":{\"@id\":\"https:\\\/\\\/www.organisator.ch\\\/management\\\/2024-12-17\\\/schweizer-deep-tech-startups-sind-bereit-barcelona-zu-erobern\\\/\"},\"wordCount\":757,\"publisher\":{\"@id\":\"https:\\\/\\\/www.organisator.ch\\\/#organization\"},\"image\":{\"@id\":\"https:\\\/\\\/www.organisator.ch\\\/management\\\/2024-12-17\\\/schweizer-deep-tech-startups-sind-bereit-barcelona-zu-erobern\\\/#primaryimage\"},\"thumbnailUrl\":\"https:\\\/\\\/www.organisator.ch\\\/wp-content\\\/uploads\\\/2024\\\/12\\\/VentureLeaders_Bild1_ps.jpg\",\"keywords\":[\"Cybersicherheit\",\"Innovation\",\"KI\",\"Management\",\"Schweiz\",\"Startups\",\"Technologie\",\"Unternehmen\",\"Venture Leaders\",\"VR\"],\"articleSection\":[\"MANAGEMENT\"],\"inLanguage\":\"fr-FR\"},{\"@type\":\"WebPage\",\"@id\":\"https:\\\/\\\/www.organisator.ch\\\/management\\\/2024-12-17\\\/schweizer-deep-tech-startups-sind-bereit-barcelona-zu-erobern\\\/\",\"url\":\"https:\\\/\\\/www.organisator.ch\\\/management\\\/2024-12-17\\\/schweizer-deep-tech-startups-sind-bereit-barcelona-zu-erobern\\\/\",\"name\":\"Schweizer Deep-Tech-Startups sind bereit Barcelona zu erobern - Organisator\",\"isPartOf\":{\"@id\":\"https:\\\/\\\/www.organisator.ch\\\/#website\"},\"primaryImageOfPage\":{\"@id\":\"https:\\\/\\\/www.organisator.ch\\\/management\\\/2024-12-17\\\/schweizer-deep-tech-startups-sind-bereit-barcelona-zu-erobern\\\/#primaryimage\"},\"image\":{\"@id\":\"https:\\\/\\\/www.organisator.ch\\\/management\\\/2024-12-17\\\/schweizer-deep-tech-startups-sind-bereit-barcelona-zu-erobern\\\/#primaryimage\"},\"thumbnailUrl\":\"https:\\\/\\\/www.organisator.ch\\\/wp-content\\\/uploads\\\/2024\\\/12\\\/VentureLeaders_Bild1_ps.jpg\",\"datePublished\":\"2024-12-17T12:48:41+00:00\",\"dateModified\":\"2024-12-18T06:18:24+00:00\",\"description\":\"Zehn Schweizer Deep-Tech-Startups pr\u00e4sentieren sich 2025 am 4YFN in Barcelona, um Investoren und Branchenf\u00fchrer zu \u00fcberzeugen.\",\"breadcrumb\":{\"@id\":\"https:\\\/\\\/www.organisator.ch\\\/management\\\/2024-12-17\\\/schweizer-deep-tech-startups-sind-bereit-barcelona-zu-erobern\\\/#breadcrumb\"},\"inLanguage\":\"fr-FR\",\"potentialAction\":[{\"@type\":\"ReadAction\",\"target\":[\"https:\\\/\\\/www.organisator.ch\\\/management\\\/2024-12-17\\\/schweizer-deep-tech-startups-sind-bereit-barcelona-zu-erobern\\\/\"]}]},{\"@type\":\"ImageObject\",\"inLanguage\":\"fr-FR\",\"@id\":\"https:\\\/\\\/www.organisator.ch\\\/management\\\/2024-12-17\\\/schweizer-deep-tech-startups-sind-bereit-barcelona-zu-erobern\\\/#primaryimage\",\"url\":\"https:\\\/\\\/www.organisator.ch\\\/wp-content\\\/uploads\\\/2024\\\/12\\\/VentureLeaders_Bild1_ps.jpg\",\"contentUrl\":\"https:\\\/\\\/www.organisator.ch\\\/wp-content\\\/uploads\\\/2024\\\/12\\\/VentureLeaders_Bild1_ps.jpg\",\"width\":680,\"height\":379,\"caption\":\"Schweizer Deep-Tech-Startups sind bereit, 4YFN \u2013 MWC in Barcelona zu erobern: Die Venture Leaders Mobile 2025 stehen fest. (Bild: Venture Leaders)\"},{\"@type\":\"BreadcrumbList\",\"@id\":\"https:\\\/\\\/www.organisator.ch\\\/management\\\/2024-12-17\\\/schweizer-deep-tech-startups-sind-bereit-barcelona-zu-erobern\\\/#breadcrumb\",\"itemListElement\":[{\"@type\":\"ListItem\",\"position\":1,\"name\":\"Home\",\"item\":\"https:\\\/\\\/www.organisator.ch\\\/\"},{\"@type\":\"ListItem\",\"position\":2,\"name\":\"Schweizer Deep-Tech-Startups sind bereit Barcelona zu erobern\"}]},{\"@type\":\"WebSite\",\"@id\":\"https:\\\/\\\/www.organisator.ch\\\/#website\",\"url\":\"https:\\\/\\\/www.organisator.ch\\\/\",\"name\":\"Organisator\",\"description\":\"Kompetent. Praxisnah. Der ORGANISATOR bereitet in 10 Ausgaben pro Jahr die wesentlichen Themen f\u00fcr F\u00fchrungskr\u00e4fte von KMU auf.\",\"publisher\":{\"@id\":\"https:\\\/\\\/www.organisator.ch\\\/#organization\"},\"potentialAction\":[{\"@type\":\"SearchAction\",\"target\":{\"@type\":\"EntryPoint\",\"urlTemplate\":\"https:\\\/\\\/www.organisator.ch\\\/?s={search_term_string}\"},\"query-input\":{\"@type\":\"PropertyValueSpecification\",\"valueRequired\":true,\"valueName\":\"search_term_string\"}}],\"inLanguage\":\"fr-FR\"},{\"@type\":\"Organization\",\"@id\":\"https:\\\/\\\/www.organisator.ch\\\/#organization\",\"name\":\"Organisator\",\"url\":\"https:\\\/\\\/www.organisator.ch\\\/\",\"logo\":{\"@type\":\"ImageObject\",\"inLanguage\":\"fr-FR\",\"@id\":\"https:\\\/\\\/www.organisator.ch\\\/#\\\/schema\\\/logo\\\/image\\\/\",\"url\":\"https:\\\/\\\/www.organisator.ch\\\/wp-content\\\/uploads\\\/2022\\\/01\\\/Logo_Organisator_Website.png\",\"contentUrl\":\"https:\\\/\\\/www.organisator.ch\\\/wp-content\\\/uploads\\\/2022\\\/01\\\/Logo_Organisator_Website.png\",\"width\":800,\"height\":77,\"caption\":\"Organisator\"},\"image\":{\"@id\":\"https:\\\/\\\/www.organisator.ch\\\/#\\\/schema\\\/logo\\\/image\\\/\"},\"sameAs\":[\"https:\\\/\\\/www.facebook.com\\\/OrganisatorFachmagazin\",\"https:\\\/\\\/www.linkedin.com\\\/showcase\\\/organisator-das-magazin-fr-kmu\",\"https:\\\/\\\/www.xing.com\\\/news\\\/pages\\\/organisator-ch-695\",\"https:\\\/\\\/www.youtube.com\\\/channel\\\/UCGP2Sq0iWaZwT3BdIAQFYpw\"]},{\"@type\":\"Person\",\"@id\":\"https:\\\/\\\/www.organisator.ch\\\/#\\\/schema\\\/person\\\/afccda3a71c06d4be2ed9100dd163db7\",\"name\":\"Dzana Muminovic\",\"image\":{\"@type\":\"ImageObject\",\"inLanguage\":\"fr-FR\",\"@id\":\"https:\\\/\\\/secure.gravatar.com\\\/avatar\\\/909c5c71aff4b38e88686f2ab2f1ba152571f394f41ed8bae431ea56ced93050?s=96&d=mm&r=g\",\"url\":\"https:\\\/\\\/secure.gravatar.com\\\/avatar\\\/909c5c71aff4b38e88686f2ab2f1ba152571f394f41ed8bae431ea56ced93050?s=96&d=mm&r=g\",\"contentUrl\":\"https:\\\/\\\/secure.gravatar.com\\\/avatar\\\/909c5c71aff4b38e88686f2ab2f1ba152571f394f41ed8bae431ea56ced93050?s=96&d=mm&r=g\",\"caption\":\"Dzana Muminovic\"},\"url\":\"https:\\\/\\\/www.organisator.ch\\\/fr\\\/author\\\/dzana-muminovic\\\/\"}]}<\/script>\n<!-- \/ Yoast SEO plugin. -->","yoast_head_json":{"title":"Les start-up suisses de la deep tech sont pr\u00eates \u00e0 conqu\u00e9rir Barcelone - Organisateur","description":"Dix start-ups suisses de la deep tech se pr\u00e9sentent au 4YFN de Barcelone en 2025 pour convaincre les investisseurs et les leaders du secteur.","robots":{"index":"index","follow":"follow","max-snippet":"max-snippet:-1","max-image-preview":"max-image-preview:large","max-video-preview":"max-video-preview:-1"},"canonical":"https:\/\/www.organisator.ch\/fr\/gestion-2\/2024-12-17\/schweizer-deep-tech-startups-sind-bereit-barcelona-zu-erobern\/","og_locale":"fr_FR","og_type":"article","og_title":"Schweizer Deep-Tech-Startups sind bereit Barcelona zu erobern","og_description":"Zehn Schweizer Deep-Tech-Startups pr\u00e4sentieren sich 2025 am 4YFN in Barcelona, um Investoren und Branchenf\u00fchrer zu \u00fcberzeugen.","og_url":"https:\/\/www.organisator.ch\/fr\/gestion-2\/2024-12-17\/schweizer-deep-tech-startups-sind-bereit-barcelona-zu-erobern\/","og_site_name":"Organisator","article_publisher":"https:\/\/www.facebook.com\/OrganisatorFachmagazin","article_published_time":"2024-12-17T12:48:41+00:00","article_modified_time":"2024-12-18T06:18:24+00:00","og_image":[{"width":680,"height":379,"url":"https:\/\/www.organisator.ch\/wp-content\/uploads\/2024\/12\/VentureLeaders_Bild1_ps.jpg","type":"image\/jpeg"}],"author":"Dzana Muminovic","twitter_card":"summary_large_image","twitter_title":"Schweizer Deep-Tech-Startups sind bereit Barcelona zu erobern","twitter_description":"Zehn #Schweizer #Deep-#Tech-#Startups pr\u00e4sentieren sich 2025 am 4YFN in #Barcelona, um #Investoren und #Branchenf\u00fchrer zu \u00fcberzeugen.","twitter_image":"https:\/\/www.organisator.ch\/wp-content\/uploads\/2024\/12\/VentureLeaders_Bild1_ps.jpg","schema":{"@context":"https:\/\/schema.org","@graph":[{"@type":"Article","@id":"https:\/\/www.organisator.ch\/management\/2024-12-17\/schweizer-deep-tech-startups-sind-bereit-barcelona-zu-erobern\/#article","isPartOf":{"@id":"https:\/\/www.organisator.ch\/management\/2024-12-17\/schweizer-deep-tech-startups-sind-bereit-barcelona-zu-erobern\/"},"author":{"name":"Dzana Muminovic","@id":"https:\/\/www.organisator.ch\/#\/schema\/person\/afccda3a71c06d4be2ed9100dd163db7"},"headline":"Schweizer Deep-Tech-Startups sind bereit Barcelona zu erobern","datePublished":"2024-12-17T12:48:41+00:00","dateModified":"2024-12-18T06:18:24+00:00","mainEntityOfPage":{"@id":"https:\/\/www.organisator.ch\/management\/2024-12-17\/schweizer-deep-tech-startups-sind-bereit-barcelona-zu-erobern\/"},"wordCount":757,"publisher":{"@id":"https:\/\/www.organisator.ch\/#organization"},"image":{"@id":"https:\/\/www.organisator.ch\/management\/2024-12-17\/schweizer-deep-tech-startups-sind-bereit-barcelona-zu-erobern\/#primaryimage"},"thumbnailUrl":"https:\/\/www.organisator.ch\/wp-content\/uploads\/2024\/12\/VentureLeaders_Bild1_ps.jpg","keywords":["Cybersicherheit","Innovation","KI","Management","Schweiz","Startups","Technologie","Unternehmen","Venture Leaders","VR"],"articleSection":["MANAGEMENT"],"inLanguage":"fr-FR"},{"@type":"WebPage","@id":"https:\/\/www.organisator.ch\/management\/2024-12-17\/schweizer-deep-tech-startups-sind-bereit-barcelona-zu-erobern\/","url":"https:\/\/www.organisator.ch\/management\/2024-12-17\/schweizer-deep-tech-startups-sind-bereit-barcelona-zu-erobern\/","name":"Les start-up suisses de la deep tech sont pr\u00eates \u00e0 conqu\u00e9rir Barcelone - Organisateur","isPartOf":{"@id":"https:\/\/www.organisator.ch\/#website"},"primaryImageOfPage":{"@id":"https:\/\/www.organisator.ch\/management\/2024-12-17\/schweizer-deep-tech-startups-sind-bereit-barcelona-zu-erobern\/#primaryimage"},"image":{"@id":"https:\/\/www.organisator.ch\/management\/2024-12-17\/schweizer-deep-tech-startups-sind-bereit-barcelona-zu-erobern\/#primaryimage"},"thumbnailUrl":"https:\/\/www.organisator.ch\/wp-content\/uploads\/2024\/12\/VentureLeaders_Bild1_ps.jpg","datePublished":"2024-12-17T12:48:41+00:00","dateModified":"2024-12-18T06:18:24+00:00","description":"Dix start-ups suisses de la deep tech se pr\u00e9sentent au 4YFN de Barcelone en 2025 pour convaincre les investisseurs et les leaders du secteur.","breadcrumb":{"@id":"https:\/\/www.organisator.ch\/management\/2024-12-17\/schweizer-deep-tech-startups-sind-bereit-barcelona-zu-erobern\/#breadcrumb"},"inLanguage":"fr-FR","potentialAction":[{"@type":"ReadAction","target":["https:\/\/www.organisator.ch\/management\/2024-12-17\/schweizer-deep-tech-startups-sind-bereit-barcelona-zu-erobern\/"]}]},{"@type":"ImageObject","inLanguage":"fr-FR","@id":"https:\/\/www.organisator.ch\/management\/2024-12-17\/schweizer-deep-tech-startups-sind-bereit-barcelona-zu-erobern\/#primaryimage","url":"https:\/\/www.organisator.ch\/wp-content\/uploads\/2024\/12\/VentureLeaders_Bild1_ps.jpg","contentUrl":"https:\/\/www.organisator.ch\/wp-content\/uploads\/2024\/12\/VentureLeaders_Bild1_ps.jpg","width":680,"height":379,"caption":"Schweizer Deep-Tech-Startups sind bereit, 4YFN \u2013 MWC in Barcelona zu erobern: Die Venture Leaders Mobile 2025 stehen fest. (Bild: Venture Leaders)"},{"@type":"BreadcrumbList","@id":"https:\/\/www.organisator.ch\/management\/2024-12-17\/schweizer-deep-tech-startups-sind-bereit-barcelona-zu-erobern\/#breadcrumb","itemListElement":[{"@type":"ListItem","position":1,"name":"Home","item":"https:\/\/www.organisator.ch\/"},{"@type":"ListItem","position":2,"name":"Schweizer Deep-Tech-Startups sind bereit Barcelona zu erobern"}]},{"@type":"WebSite","@id":"https:\/\/www.organisator.ch\/#website","url":"https:\/\/www.organisator.ch\/","name":"Organisateur","description":"Comp\u00e9tence et comp\u00e9tence. Proches de la pratique. L'ORGANISATEUR pr\u00e9pare 10 num\u00e9ros par an sur les th\u00e8mes essentiels pour les dirigeants de PME.","publisher":{"@id":"https:\/\/www.organisator.ch\/#organization"},"potentialAction":[{"@type":"SearchAction","target":{"@type":"EntryPoint","urlTemplate":"https:\/\/www.organisator.ch\/?s={search_term_string}"},"query-input":{"@type":"PropertyValueSpecification","valueRequired":true,"valueName":"search_term_string"}}],"inLanguage":"fr-FR"},{"@type":"Organization","@id":"https:\/\/www.organisator.ch\/#organization","name":"Organisateur","url":"https:\/\/www.organisator.ch\/","logo":{"@type":"ImageObject","inLanguage":"fr-FR","@id":"https:\/\/www.organisator.ch\/#\/schema\/logo\/image\/","url":"https:\/\/www.organisator.ch\/wp-content\/uploads\/2022\/01\/Logo_Organisator_Website.png","contentUrl":"https:\/\/www.organisator.ch\/wp-content\/uploads\/2022\/01\/Logo_Organisator_Website.png","width":800,"height":77,"caption":"Organisator"},"image":{"@id":"https:\/\/www.organisator.ch\/#\/schema\/logo\/image\/"},"sameAs":["https:\/\/www.facebook.com\/OrganisatorFachmagazin","https:\/\/www.linkedin.com\/showcase\/organisator-das-magazin-fr-kmu","https:\/\/www.xing.com\/news\/pages\/organisator-ch-695","https:\/\/www.youtube.com\/channel\/UCGP2Sq0iWaZwT3BdIAQFYpw"]},{"@type":"Person","@id":"https:\/\/www.organisator.ch\/#\/schema\/person\/afccda3a71c06d4be2ed9100dd163db7","name":"Dzana Muminovic","image":{"@type":"ImageObject","inLanguage":"fr-FR","@id":"https:\/\/secure.gravatar.com\/avatar\/909c5c71aff4b38e88686f2ab2f1ba152571f394f41ed8bae431ea56ced93050?s=96&d=mm&r=g","url":"https:\/\/secure.gravatar.com\/avatar\/909c5c71aff4b38e88686f2ab2f1ba152571f394f41ed8bae431ea56ced93050?s=96&d=mm&r=g","contentUrl":"https:\/\/secure.gravatar.com\/avatar\/909c5c71aff4b38e88686f2ab2f1ba152571f394f41ed8bae431ea56ced93050?s=96&d=mm&r=g","caption":"Dzana Muminovic"},"url":"https:\/\/www.organisator.ch\/fr\/author\/dzana-muminovic\/"}]}},"_links":{"self":[{"href":"https:\/\/www.organisator.ch\/fr\/wp-json\/wp\/v2\/posts\/34783","targetHints":{"allow":["GET"]}}],"collection":[{"href":"https:\/\/www.organisator.ch\/fr\/wp-json\/wp\/v2\/posts"}],"about":[{"href":"https:\/\/www.organisator.ch\/fr\/wp-json\/wp\/v2\/types\/post"}],"author":[{"embeddable":true,"href":"https:\/\/www.organisator.ch\/fr\/wp-json\/wp\/v2\/users\/80"}],"replies":[{"embeddable":true,"href":"https:\/\/www.organisator.ch\/fr\/wp-json\/wp\/v2\/comments?post=34783"}],"version-history":[{"count":9,"href":"https:\/\/www.organisator.ch\/fr\/wp-json\/wp\/v2\/posts\/34783\/revisions"}],"predecessor-version":[{"id":34828,"href":"https:\/\/www.organisator.ch\/fr\/wp-json\/wp\/v2\/posts\/34783\/revisions\/34828"}],"wp:featuredmedia":[{"embeddable":true,"href":"https:\/\/www.organisator.ch\/fr\/wp-json\/wp\/v2\/media\/34786"}],"wp:attachment":[{"href":"https:\/\/www.organisator.ch\/fr\/wp-json\/wp\/v2\/media?parent=34783"}],"wp:term":[{"taxonomy":"category","embeddable":true,"href":"https:\/\/www.organisator.ch\/fr\/wp-json\/wp\/v2\/categories?post=34783"},{"taxonomy":"post_tag","embeddable":true,"href":"https:\/\/www.organisator.ch\/fr\/wp-json\/wp\/v2\/tags?post=34783"}],"curies":[{"name":"wp","href":"https:\/\/api.w.org\/{rel}","templated":true}]}}