{"id":34799,"date":"2024-12-17T15:44:25","date_gmt":"2024-12-17T14:44:25","guid":{"rendered":"https:\/\/www.markt-kom.com\/?p=228360"},"modified":"2024-12-18T07:18:03","modified_gmt":"2024-12-18T06:18:03","slug":"vorstoss-fuer-krankenkassen-werbeverbot-ist-vom-tisch","status":"publish","type":"post","link":"https:\/\/www.organisator.ch\/fr\/marketing\/2024-12-17\/vorstoss-fuer-krankenkassen-werbeverbot-ist-vom-tisch\/","title":{"rendered":"La proposition d'interdire la publicit\u00e9 pour les caisses maladie n'est plus d'actualit\u00e9"},"content":{"rendered":"<figure id=\"attachment_211065\" class=\"wp-caption aligncenter\" style=\"width: 1223px;\" aria-describedby=\"caption-attachment-211065\"><a href=\"https:\/\/www.markt-kom.com\/wp-content\/uploads\/2024\/02\/Krankenkasse-Symbolbild-Christian-Beutler.png\"><img class=\"size-full wp-image-211065\" src=\"https:\/\/www.markt-kom.com\/wp-content\/uploads\/2024\/02\/Krankenkasse-Symbolbild-Christian-Beutler.png\" sizes=\"(max-width: 1223px) 100vw, 1223px\" srcset=\"https:\/\/www.markt-kom.com\/wp-content\/uploads\/2024\/02\/Krankenkasse-Symbolbild-Christian-Beutler.png 1223w, https:\/\/www.markt-kom.com\/wp-content\/uploads\/2024\/02\/Krankenkasse-Symbolbild-Christian-Beutler-600x335.png 600w, https:\/\/www.markt-kom.com\/wp-content\/uploads\/2024\/02\/Krankenkasse-Symbolbild-Christian-Beutler-1024x571.png 1024w, https:\/\/www.markt-kom.com\/wp-content\/uploads\/2024\/02\/Krankenkasse-Symbolbild-Christian-Beutler-768x428.png 768w, https:\/\/www.markt-kom.com\/wp-content\/uploads\/2024\/02\/Krankenkasse-Symbolbild-Christian-Beutler-18x10.png 18w, https:\/\/www.markt-kom.com\/wp-content\/uploads\/2024\/02\/Krankenkasse-Symbolbild-Christian-Beutler-314x175.png 314w, https:\/\/www.markt-kom.com\/wp-content\/uploads\/2024\/02\/Krankenkasse-Symbolbild-Christian-Beutler-628x350.png 628w, https:\/\/www.markt-kom.com\/wp-content\/uploads\/2024\/02\/Krankenkasse-Symbolbild-Christian-Beutler-1000x558.png 1000w\" alt=\"\" width=\"1223\" height=\"682\" \/><\/a>\r\n<figcaption id=\"caption-attachment-211065\" class=\"wp-caption-text\">(Image symbolique : Keystone\/Christian Beutler)<\/figcaption>\r\n<\/figure>\r\n<p>Par 122 voix contre 71, la Chambre des cantons n'a pas donn\u00e9 suite \u00e0 l'initiative parlementaire de Baptiste Hurni (PS\/NE). Hurni a d\u00e9pos\u00e9 l'initiative alors qu'il \u00e9tait encore conseiller national. Il est aujourd'hui conseiller aux Etats. Il a argument\u00e9 que les primes d'assurance maladie augmentaient et augmentaient encore, mais que les caisses maladie faisaient de la publicit\u00e9 \u00e0 grande \u00e9chelle. Il faut mettre un terme \u00e0 ces \"d\u00e9penses inutiles\".<\/p>\r\n<p>La Commission de la s\u00e9curit\u00e9 sociale et de la sant\u00e9 publique du Conseil national (CSSS-N) a donn\u00e9 suite \u00e0 l'initiative au d\u00e9but de cette ann\u00e9e. Mais la commission s\u0153ur du Conseil des Etats n'a pas approuv\u00e9 cette d\u00e9cision, de sorte que l'initiative est revenue \u00e0 la CSSS-N. Le Conseil national a donc d\u00e9cid\u00e9 de ne pas donner suite \u00e0 l'initiative.<\/p>\r\n<p>Celle-ci a propos\u00e9 de ne pas donner suite \u00e0 l'intervention. La porte-parole de la commission Kris Vietze (TG\/PRD) a d\u00e9clar\u00e9 au Conseil que, du point de vue de la majorit\u00e9 de la commission, une interdiction de la publicit\u00e9 emp\u00eacherait les caisses maladie de faire conna\u00eetre de nouvelles offres. Cela entraverait in\u00e9vitablement l'innovation, la diversit\u00e9 de l'offre et la concurrence.<\/p>\r\n<p>Des probl\u00e8mes de mise en \u0153uvre sont \u00e9galement \u00e0 craindre, car de nombreuses caisses maladie sont actives aussi bien dans le domaine de l'assurance de base que dans celui des assurances compl\u00e9mentaires. De plus, les d\u00e9penses publicitaires des caisses repr\u00e9sentent environ 0,4 % du volume des primes. Il ne s'agirait donc pas d'\u00e9conomies notables. <em>(SDA\/swi)<\/em><\/p>","protected":false},"excerpt":{"rendered":"<p>Les caisses-maladie suisses pourront continuer \u00e0 utiliser l'argent des primes pour faire de la publicit\u00e9. Une intervention parlementaire pour une telle interdiction a \u00e9t\u00e9 rejet\u00e9e mardi par le Conseil national et n'est donc plus d'actualit\u00e9.<\/p>","protected":false},"author":8,"featured_media":0,"comment_status":"closed","ping_status":"closed","sticky":false,"template":"","format":"standard","meta":{"_acf_changed":false,"_yoast_wpseo_focuskw":"Werbeverbot","_yoast_wpseo_metadesc":"Nationalrat lehnt Werbeverbot f\u00fcr Krankenkassen ab: Pr\u00e4miengelder d\u00fcrfen weiter f\u00fcr Werbung eingesetzt werden.","articlekey":"","footnotes":""},"categories":[29],"tags":[4425,339,4343],"class_list":["post-34799","post","type-post","status-publish","format-standard","hentry","category-marketing","tag-krankenkassen","tag-marketing","tag-markom"],"acf":[],"yoast_head":"<!-- This site is optimized with the Yoast SEO plugin v27.5 - https:\/\/yoast.com\/product\/yoast-seo-wordpress\/ -->\n<title>Vorstoss f\u00fcr Krankenkassen-Werbeverbot ist vom Tisch - Organisator<\/title>\n<meta name=\"description\" content=\"Nationalrat lehnt Werbeverbot f\u00fcr Krankenkassen ab: Pr\u00e4miengelder d\u00fcrfen weiter f\u00fcr Werbung eingesetzt werden.\" \/>\n<meta name=\"robots\" content=\"index, follow, max-snippet:-1, max-image-preview:large, max-video-preview:-1\" \/>\n<link rel=\"canonical\" href=\"https:\/\/www.organisator.ch\/fr\/marketing\/2024-12-17\/vorstoss-fuer-krankenkassen-werbeverbot-ist-vom-tisch\/\" \/>\n<meta property=\"og:locale\" content=\"fr_FR\" \/>\n<meta property=\"og:type\" content=\"article\" \/>\n<meta property=\"og:title\" content=\"Vorstoss f\u00fcr Krankenkassen-Werbeverbot ist vom Tisch - Organisator\" \/>\n<meta property=\"og:description\" content=\"Nationalrat lehnt Werbeverbot f\u00fcr Krankenkassen ab: Pr\u00e4miengelder d\u00fcrfen weiter f\u00fcr Werbung eingesetzt werden.\" \/>\n<meta property=\"og:url\" content=\"https:\/\/www.organisator.ch\/fr\/marketing\/2024-12-17\/vorstoss-fuer-krankenkassen-werbeverbot-ist-vom-tisch\/\" \/>\n<meta property=\"og:site_name\" content=\"Organisator\" \/>\n<meta property=\"article:publisher\" content=\"https:\/\/www.facebook.com\/OrganisatorFachmagazin\" \/>\n<meta property=\"article:published_time\" content=\"2024-12-17T14:44:25+00:00\" \/>\n<meta property=\"article:modified_time\" content=\"2024-12-18T06:18:03+00:00\" \/>\n<meta name=\"author\" content=\"galledia\" \/>\n<meta name=\"twitter:card\" content=\"summary_large_image\" \/>\n<meta name=\"twitter:creator\" content=\"@admin\" \/>\n<script type=\"application\/ld+json\" class=\"yoast-schema-graph\">{\"@context\":\"https:\\\/\\\/schema.org\",\"@graph\":[{\"@type\":\"Article\",\"@id\":\"https:\\\/\\\/www.organisator.ch\\\/marketing\\\/2024-12-17\\\/vorstoss-fuer-krankenkassen-werbeverbot-ist-vom-tisch\\\/#article\",\"isPartOf\":{\"@id\":\"https:\\\/\\\/www.organisator.ch\\\/marketing\\\/2024-12-17\\\/vorstoss-fuer-krankenkassen-werbeverbot-ist-vom-tisch\\\/\"},\"author\":{\"name\":\"galledia\",\"@id\":\"https:\\\/\\\/www.organisator.ch\\\/#\\\/schema\\\/person\\\/4e51799071cd2dd1232ac003643ef5f0\"},\"headline\":\"Vorstoss f\u00fcr Krankenkassen-Werbeverbot ist vom Tisch\",\"datePublished\":\"2024-12-17T14:44:25+00:00\",\"dateModified\":\"2024-12-18T06:18:03+00:00\",\"mainEntityOfPage\":{\"@id\":\"https:\\\/\\\/www.organisator.ch\\\/marketing\\\/2024-12-17\\\/vorstoss-fuer-krankenkassen-werbeverbot-ist-vom-tisch\\\/\"},\"wordCount\":184,\"publisher\":{\"@id\":\"https:\\\/\\\/www.organisator.ch\\\/#organization\"},\"image\":{\"@id\":\"https:\\\/\\\/www.organisator.ch\\\/marketing\\\/2024-12-17\\\/vorstoss-fuer-krankenkassen-werbeverbot-ist-vom-tisch\\\/#primaryimage\"},\"thumbnailUrl\":\"https:\\\/\\\/www.markt-kom.com\\\/wp-content\\\/uploads\\\/2024\\\/02\\\/Krankenkasse-Symbolbild-Christian-Beutler.png\",\"keywords\":[\"Krankenkassen\",\"Marketing\",\"MarKom\"],\"articleSection\":[\"MARKETING\"],\"inLanguage\":\"fr-FR\"},{\"@type\":\"WebPage\",\"@id\":\"https:\\\/\\\/www.organisator.ch\\\/marketing\\\/2024-12-17\\\/vorstoss-fuer-krankenkassen-werbeverbot-ist-vom-tisch\\\/\",\"url\":\"https:\\\/\\\/www.organisator.ch\\\/marketing\\\/2024-12-17\\\/vorstoss-fuer-krankenkassen-werbeverbot-ist-vom-tisch\\\/\",\"name\":\"Vorstoss f\u00fcr Krankenkassen-Werbeverbot ist vom Tisch - Organisator\",\"isPartOf\":{\"@id\":\"https:\\\/\\\/www.organisator.ch\\\/#website\"},\"primaryImageOfPage\":{\"@id\":\"https:\\\/\\\/www.organisator.ch\\\/marketing\\\/2024-12-17\\\/vorstoss-fuer-krankenkassen-werbeverbot-ist-vom-tisch\\\/#primaryimage\"},\"image\":{\"@id\":\"https:\\\/\\\/www.organisator.ch\\\/marketing\\\/2024-12-17\\\/vorstoss-fuer-krankenkassen-werbeverbot-ist-vom-tisch\\\/#primaryimage\"},\"thumbnailUrl\":\"https:\\\/\\\/www.markt-kom.com\\\/wp-content\\\/uploads\\\/2024\\\/02\\\/Krankenkasse-Symbolbild-Christian-Beutler.png\",\"datePublished\":\"2024-12-17T14:44:25+00:00\",\"dateModified\":\"2024-12-18T06:18:03+00:00\",\"description\":\"Nationalrat lehnt Werbeverbot f\u00fcr Krankenkassen ab: Pr\u00e4miengelder d\u00fcrfen weiter f\u00fcr Werbung eingesetzt werden.\",\"breadcrumb\":{\"@id\":\"https:\\\/\\\/www.organisator.ch\\\/marketing\\\/2024-12-17\\\/vorstoss-fuer-krankenkassen-werbeverbot-ist-vom-tisch\\\/#breadcrumb\"},\"inLanguage\":\"fr-FR\",\"potentialAction\":[{\"@type\":\"ReadAction\",\"target\":[\"https:\\\/\\\/www.organisator.ch\\\/marketing\\\/2024-12-17\\\/vorstoss-fuer-krankenkassen-werbeverbot-ist-vom-tisch\\\/\"]}]},{\"@type\":\"ImageObject\",\"inLanguage\":\"fr-FR\",\"@id\":\"https:\\\/\\\/www.organisator.ch\\\/marketing\\\/2024-12-17\\\/vorstoss-fuer-krankenkassen-werbeverbot-ist-vom-tisch\\\/#primaryimage\",\"url\":\"https:\\\/\\\/www.markt-kom.com\\\/wp-content\\\/uploads\\\/2024\\\/02\\\/Krankenkasse-Symbolbild-Christian-Beutler.png\",\"contentUrl\":\"https:\\\/\\\/www.markt-kom.com\\\/wp-content\\\/uploads\\\/2024\\\/02\\\/Krankenkasse-Symbolbild-Christian-Beutler.png\"},{\"@type\":\"BreadcrumbList\",\"@id\":\"https:\\\/\\\/www.organisator.ch\\\/marketing\\\/2024-12-17\\\/vorstoss-fuer-krankenkassen-werbeverbot-ist-vom-tisch\\\/#breadcrumb\",\"itemListElement\":[{\"@type\":\"ListItem\",\"position\":1,\"name\":\"Home\",\"item\":\"https:\\\/\\\/www.organisator.ch\\\/\"},{\"@type\":\"ListItem\",\"position\":2,\"name\":\"Vorstoss f\u00fcr Krankenkassen-Werbeverbot ist vom Tisch\"}]},{\"@type\":\"WebSite\",\"@id\":\"https:\\\/\\\/www.organisator.ch\\\/#website\",\"url\":\"https:\\\/\\\/www.organisator.ch\\\/\",\"name\":\"Organisator\",\"description\":\"Kompetent. Praxisnah. Der ORGANISATOR bereitet in 10 Ausgaben pro Jahr die wesentlichen Themen f\u00fcr F\u00fchrungskr\u00e4fte von KMU auf.\",\"publisher\":{\"@id\":\"https:\\\/\\\/www.organisator.ch\\\/#organization\"},\"potentialAction\":[{\"@type\":\"SearchAction\",\"target\":{\"@type\":\"EntryPoint\",\"urlTemplate\":\"https:\\\/\\\/www.organisator.ch\\\/?s={search_term_string}\"},\"query-input\":{\"@type\":\"PropertyValueSpecification\",\"valueRequired\":true,\"valueName\":\"search_term_string\"}}],\"inLanguage\":\"fr-FR\"},{\"@type\":\"Organization\",\"@id\":\"https:\\\/\\\/www.organisator.ch\\\/#organization\",\"name\":\"Organisator\",\"url\":\"https:\\\/\\\/www.organisator.ch\\\/\",\"logo\":{\"@type\":\"ImageObject\",\"inLanguage\":\"fr-FR\",\"@id\":\"https:\\\/\\\/www.organisator.ch\\\/#\\\/schema\\\/logo\\\/image\\\/\",\"url\":\"https:\\\/\\\/www.organisator.ch\\\/wp-content\\\/uploads\\\/2022\\\/01\\\/Logo_Organisator_Website.png\",\"contentUrl\":\"https:\\\/\\\/www.organisator.ch\\\/wp-content\\\/uploads\\\/2022\\\/01\\\/Logo_Organisator_Website.png\",\"width\":800,\"height\":77,\"caption\":\"Organisator\"},\"image\":{\"@id\":\"https:\\\/\\\/www.organisator.ch\\\/#\\\/schema\\\/logo\\\/image\\\/\"},\"sameAs\":[\"https:\\\/\\\/www.facebook.com\\\/OrganisatorFachmagazin\",\"https:\\\/\\\/www.linkedin.com\\\/showcase\\\/organisator-das-magazin-fr-kmu\",\"https:\\\/\\\/www.xing.com\\\/news\\\/pages\\\/organisator-ch-695\",\"https:\\\/\\\/www.youtube.com\\\/channel\\\/UCGP2Sq0iWaZwT3BdIAQFYpw\"]},{\"@type\":\"Person\",\"@id\":\"https:\\\/\\\/www.organisator.ch\\\/#\\\/schema\\\/person\\\/4e51799071cd2dd1232ac003643ef5f0\",\"name\":\"galledia\",\"image\":{\"@type\":\"ImageObject\",\"inLanguage\":\"fr-FR\",\"@id\":\"https:\\\/\\\/secure.gravatar.com\\\/avatar\\\/78a7f90c01fc2bfc875782a0d4922b37cde2cf184ce347b91316d23cd7f69a36?s=96&d=mm&r=g\",\"url\":\"https:\\\/\\\/secure.gravatar.com\\\/avatar\\\/78a7f90c01fc2bfc875782a0d4922b37cde2cf184ce347b91316d23cd7f69a36?s=96&d=mm&r=g\",\"contentUrl\":\"https:\\\/\\\/secure.gravatar.com\\\/avatar\\\/78a7f90c01fc2bfc875782a0d4922b37cde2cf184ce347b91316d23cd7f69a36?s=96&d=mm&r=g\",\"caption\":\"galledia\"},\"sameAs\":[\"https:\\\/\\\/x.com\\\/admin\"],\"url\":\"https:\\\/\\\/www.organisator.ch\\\/fr\\\/author\\\/galledia\\\/\"}]}<\/script>\n<!-- \/ Yoast SEO plugin. -->","yoast_head_json":{"title":"La proposition d'interdire la publicit\u00e9 pour les caisses-maladie n'est plus d'actualit\u00e9 - Organisateur","description":"Le Conseil national rejette l'interdiction de la publicit\u00e9 pour les caisses maladie : L'argent des primes peut continuer \u00e0 \u00eatre utilis\u00e9 pour la publicit\u00e9.","robots":{"index":"index","follow":"follow","max-snippet":"max-snippet:-1","max-image-preview":"max-image-preview:large","max-video-preview":"max-video-preview:-1"},"canonical":"https:\/\/www.organisator.ch\/fr\/marketing\/2024-12-17\/vorstoss-fuer-krankenkassen-werbeverbot-ist-vom-tisch\/","og_locale":"fr_FR","og_type":"article","og_title":"Vorstoss f\u00fcr Krankenkassen-Werbeverbot ist vom Tisch - Organisator","og_description":"Nationalrat lehnt Werbeverbot f\u00fcr Krankenkassen ab: Pr\u00e4miengelder d\u00fcrfen weiter f\u00fcr Werbung eingesetzt werden.","og_url":"https:\/\/www.organisator.ch\/fr\/marketing\/2024-12-17\/vorstoss-fuer-krankenkassen-werbeverbot-ist-vom-tisch\/","og_site_name":"Organisator","article_publisher":"https:\/\/www.facebook.com\/OrganisatorFachmagazin","article_published_time":"2024-12-17T14:44:25+00:00","article_modified_time":"2024-12-18T06:18:03+00:00","author":"galledia","twitter_card":"summary_large_image","twitter_creator":"@admin","schema":{"@context":"https:\/\/schema.org","@graph":[{"@type":"Article","@id":"https:\/\/www.organisator.ch\/marketing\/2024-12-17\/vorstoss-fuer-krankenkassen-werbeverbot-ist-vom-tisch\/#article","isPartOf":{"@id":"https:\/\/www.organisator.ch\/marketing\/2024-12-17\/vorstoss-fuer-krankenkassen-werbeverbot-ist-vom-tisch\/"},"author":{"name":"galledia","@id":"https:\/\/www.organisator.ch\/#\/schema\/person\/4e51799071cd2dd1232ac003643ef5f0"},"headline":"Vorstoss f\u00fcr Krankenkassen-Werbeverbot ist vom Tisch","datePublished":"2024-12-17T14:44:25+00:00","dateModified":"2024-12-18T06:18:03+00:00","mainEntityOfPage":{"@id":"https:\/\/www.organisator.ch\/marketing\/2024-12-17\/vorstoss-fuer-krankenkassen-werbeverbot-ist-vom-tisch\/"},"wordCount":184,"publisher":{"@id":"https:\/\/www.organisator.ch\/#organization"},"image":{"@id":"https:\/\/www.organisator.ch\/marketing\/2024-12-17\/vorstoss-fuer-krankenkassen-werbeverbot-ist-vom-tisch\/#primaryimage"},"thumbnailUrl":"https:\/\/www.markt-kom.com\/wp-content\/uploads\/2024\/02\/Krankenkasse-Symbolbild-Christian-Beutler.png","keywords":["Krankenkassen","Marketing","MarKom"],"articleSection":["MARKETING"],"inLanguage":"fr-FR"},{"@type":"WebPage","@id":"https:\/\/www.organisator.ch\/marketing\/2024-12-17\/vorstoss-fuer-krankenkassen-werbeverbot-ist-vom-tisch\/","url":"https:\/\/www.organisator.ch\/marketing\/2024-12-17\/vorstoss-fuer-krankenkassen-werbeverbot-ist-vom-tisch\/","name":"La proposition d'interdire la publicit\u00e9 pour les caisses-maladie n'est plus d'actualit\u00e9 - Organisateur","isPartOf":{"@id":"https:\/\/www.organisator.ch\/#website"},"primaryImageOfPage":{"@id":"https:\/\/www.organisator.ch\/marketing\/2024-12-17\/vorstoss-fuer-krankenkassen-werbeverbot-ist-vom-tisch\/#primaryimage"},"image":{"@id":"https:\/\/www.organisator.ch\/marketing\/2024-12-17\/vorstoss-fuer-krankenkassen-werbeverbot-ist-vom-tisch\/#primaryimage"},"thumbnailUrl":"https:\/\/www.markt-kom.com\/wp-content\/uploads\/2024\/02\/Krankenkasse-Symbolbild-Christian-Beutler.png","datePublished":"2024-12-17T14:44:25+00:00","dateModified":"2024-12-18T06:18:03+00:00","description":"Le Conseil national rejette l'interdiction de la publicit\u00e9 pour les caisses maladie : L'argent des primes peut continuer \u00e0 \u00eatre utilis\u00e9 pour la publicit\u00e9.","breadcrumb":{"@id":"https:\/\/www.organisator.ch\/marketing\/2024-12-17\/vorstoss-fuer-krankenkassen-werbeverbot-ist-vom-tisch\/#breadcrumb"},"inLanguage":"fr-FR","potentialAction":[{"@type":"ReadAction","target":["https:\/\/www.organisator.ch\/marketing\/2024-12-17\/vorstoss-fuer-krankenkassen-werbeverbot-ist-vom-tisch\/"]}]},{"@type":"ImageObject","inLanguage":"fr-FR","@id":"https:\/\/www.organisator.ch\/marketing\/2024-12-17\/vorstoss-fuer-krankenkassen-werbeverbot-ist-vom-tisch\/#primaryimage","url":"https:\/\/www.markt-kom.com\/wp-content\/uploads\/2024\/02\/Krankenkasse-Symbolbild-Christian-Beutler.png","contentUrl":"https:\/\/www.markt-kom.com\/wp-content\/uploads\/2024\/02\/Krankenkasse-Symbolbild-Christian-Beutler.png"},{"@type":"BreadcrumbList","@id":"https:\/\/www.organisator.ch\/marketing\/2024-12-17\/vorstoss-fuer-krankenkassen-werbeverbot-ist-vom-tisch\/#breadcrumb","itemListElement":[{"@type":"ListItem","position":1,"name":"Home","item":"https:\/\/www.organisator.ch\/"},{"@type":"ListItem","position":2,"name":"Vorstoss f\u00fcr Krankenkassen-Werbeverbot ist vom Tisch"}]},{"@type":"WebSite","@id":"https:\/\/www.organisator.ch\/#website","url":"https:\/\/www.organisator.ch\/","name":"Organisateur","description":"Comp\u00e9tence et comp\u00e9tence. Proches de la pratique. L'ORGANISATEUR pr\u00e9pare 10 num\u00e9ros par an sur les th\u00e8mes essentiels pour les dirigeants de PME.","publisher":{"@id":"https:\/\/www.organisator.ch\/#organization"},"potentialAction":[{"@type":"SearchAction","target":{"@type":"EntryPoint","urlTemplate":"https:\/\/www.organisator.ch\/?s={search_term_string}"},"query-input":{"@type":"PropertyValueSpecification","valueRequired":true,"valueName":"search_term_string"}}],"inLanguage":"fr-FR"},{"@type":"Organization","@id":"https:\/\/www.organisator.ch\/#organization","name":"Organisateur","url":"https:\/\/www.organisator.ch\/","logo":{"@type":"ImageObject","inLanguage":"fr-FR","@id":"https:\/\/www.organisator.ch\/#\/schema\/logo\/image\/","url":"https:\/\/www.organisator.ch\/wp-content\/uploads\/2022\/01\/Logo_Organisator_Website.png","contentUrl":"https:\/\/www.organisator.ch\/wp-content\/uploads\/2022\/01\/Logo_Organisator_Website.png","width":800,"height":77,"caption":"Organisator"},"image":{"@id":"https:\/\/www.organisator.ch\/#\/schema\/logo\/image\/"},"sameAs":["https:\/\/www.facebook.com\/OrganisatorFachmagazin","https:\/\/www.linkedin.com\/showcase\/organisator-das-magazin-fr-kmu","https:\/\/www.xing.com\/news\/pages\/organisator-ch-695","https:\/\/www.youtube.com\/channel\/UCGP2Sq0iWaZwT3BdIAQFYpw"]},{"@type":"Person","@id":"https:\/\/www.organisator.ch\/#\/schema\/person\/4e51799071cd2dd1232ac003643ef5f0","name":"galledia","image":{"@type":"ImageObject","inLanguage":"fr-FR","@id":"https:\/\/secure.gravatar.com\/avatar\/78a7f90c01fc2bfc875782a0d4922b37cde2cf184ce347b91316d23cd7f69a36?s=96&d=mm&r=g","url":"https:\/\/secure.gravatar.com\/avatar\/78a7f90c01fc2bfc875782a0d4922b37cde2cf184ce347b91316d23cd7f69a36?s=96&d=mm&r=g","contentUrl":"https:\/\/secure.gravatar.com\/avatar\/78a7f90c01fc2bfc875782a0d4922b37cde2cf184ce347b91316d23cd7f69a36?s=96&d=mm&r=g","caption":"galledia"},"sameAs":["https:\/\/x.com\/admin"],"url":"https:\/\/www.organisator.ch\/fr\/author\/galledia\/"}]}},"_links":{"self":[{"href":"https:\/\/www.organisator.ch\/fr\/wp-json\/wp\/v2\/posts\/34799","targetHints":{"allow":["GET"]}}],"collection":[{"href":"https:\/\/www.organisator.ch\/fr\/wp-json\/wp\/v2\/posts"}],"about":[{"href":"https:\/\/www.organisator.ch\/fr\/wp-json\/wp\/v2\/types\/post"}],"author":[{"embeddable":true,"href":"https:\/\/www.organisator.ch\/fr\/wp-json\/wp\/v2\/users\/8"}],"replies":[{"embeddable":true,"href":"https:\/\/www.organisator.ch\/fr\/wp-json\/wp\/v2\/comments?post=34799"}],"version-history":[{"count":5,"href":"https:\/\/www.organisator.ch\/fr\/wp-json\/wp\/v2\/posts\/34799\/revisions"}],"predecessor-version":[{"id":34815,"href":"https:\/\/www.organisator.ch\/fr\/wp-json\/wp\/v2\/posts\/34799\/revisions\/34815"}],"wp:attachment":[{"href":"https:\/\/www.organisator.ch\/fr\/wp-json\/wp\/v2\/media?parent=34799"}],"wp:term":[{"taxonomy":"category","embeddable":true,"href":"https:\/\/www.organisator.ch\/fr\/wp-json\/wp\/v2\/categories?post=34799"},{"taxonomy":"post_tag","embeddable":true,"href":"https:\/\/www.organisator.ch\/fr\/wp-json\/wp\/v2\/tags?post=34799"}],"curies":[{"name":"wp","href":"https:\/\/api.w.org\/{rel}","templated":true}]}}