{"id":34869,"date":"2024-12-24T09:06:40","date_gmt":"2024-12-24T08:06:40","guid":{"rendered":"https:\/\/www.organisator.ch\/?p=34869"},"modified":"2024-12-19T10:08:44","modified_gmt":"2024-12-19T09:08:44","slug":"erfolgs-impuls-gen-z-fuehren-und-dabei-freude-erleben","status":"publish","type":"post","link":"https:\/\/www.organisator.ch\/fr\/management\/2024-12-24\/erfolgs-impuls-gen-z-fuehren-und-dabei-freude-erleben\/","title":{"rendered":"L'impulsion du succ\u00e8s : diriger la g\u00e9n\u00e9ration Z - et y trouver du plaisir"},"content":{"rendered":"<figure id=\"attachment_34874\" aria-describedby=\"caption-attachment-34874\" style=\"width: 680px\" class=\"wp-caption alignnone\"><img loading=\"lazy\" decoding=\"async\" class=\"size-full wp-image-34874\" src=\"https:\/\/www.organisator.ch\/wp-content\/uploads\/2024\/12\/Erfolgs-Impuls_Bild1_ps.jpg\" alt=\"\" width=\"680\" height=\"454\" srcset=\"https:\/\/www.organisator.ch\/wp-content\/uploads\/2024\/12\/Erfolgs-Impuls_Bild1_ps.jpg 680w, https:\/\/www.organisator.ch\/wp-content\/uploads\/2024\/12\/Erfolgs-Impuls_Bild1_ps-18x12.jpg 18w, https:\/\/www.organisator.ch\/wp-content\/uploads\/2024\/12\/Erfolgs-Impuls_Bild1_ps-375x250.jpg 375w, https:\/\/www.organisator.ch\/wp-content\/uploads\/2024\/12\/Erfolgs-Impuls_Bild1_ps-524x350.jpg 524w\" sizes=\"auto, (max-width: 680px) 100vw, 680px\" \/><figcaption id=\"caption-attachment-34874\" class=\"wp-caption-text\">Comment les cadres dirigeants peuvent diriger avec succ\u00e8s la g\u00e9n\u00e9ration Z et utiliser ses nouvelles exigences comme une chance pour plus de motivation et d'innovation. (Image : www.depositphotos.com)<\/figcaption><\/figure>\n<p>\"Les jeunes d'aujourd'hui ... !\" Combien de fois avez-vous entendu cette phrase - ou m\u00eame pens\u00e9 vous-m\u00eame ?<\/p>\n<p>En fait, le sentiment de ne pas comprendre la g\u00e9n\u00e9ration suivante existe depuis toujours. Les ann\u00e9es 60 \u00e9taient consid\u00e9r\u00e9es comme rebelles, les ann\u00e9es 80 comme \u00e9gocentriques - et aujourd'hui, c'est la g\u00e9n\u00e9ration Z qui est au centre de l'attention.<\/p>\n<p>Vous vous dites peut-\u00eatre : \"Ils devraient apprendre \u00e0 travailler avant d'exiger quoi que ce soit !\" Oui, cela peut \u00eatre un d\u00e9fi de g\u00e9rer de nouvelles exigences et attentes. Mais il y a l\u00e0 une grande opportunit\u00e9 : la g\u00e9n\u00e9ration Z apporte des perspectives et des valeurs fra\u00eeches qui peuvent enrichir votre culture d'entreprise - si vous les dirigez correctement.<\/p>\n<p>Votre besoin essentiel ? Ils ne veulent pas simplement adopter vos valeurs, mais vivre les leurs. Cela peut \u00eatre un d\u00e9fi, mais aussi un \u00e9norme enrichissement.<\/p>\n<h3><strong>Trois conseils pour diriger avec succ\u00e8s la g\u00e9n\u00e9ration Z :<\/strong><\/h3>\n<p><strong>1. de vraies discussions plut\u00f4t que des phrases toutes faites<\/strong><\/p>\n<p>Cette g\u00e9n\u00e9ration reconna\u00eet imm\u00e9diatement la malhonn\u00eatet\u00e9. Utilisez des r\u00e9unions 1:1 pour encourager un dialogue honn\u00eate. Posez des questions :<\/p>\n<ul>\n<li>\"Qu'est-ce qui vous motive ?\"<\/li>\n<li>\"Quels sont vos objectifs professionnels et priv\u00e9s ?\"<\/li>\n<\/ul>\n<p>Ne jugez pas, mais \u00e9coutez. D\u00e9couvrez comment leurs objectifs peuvent \u00eatre combin\u00e9s avec les besoins de votre entreprise. Un int\u00e9r\u00eat sinc\u00e8re construit la confiance et la loyaut\u00e9 \u00e0 long terme.<\/p>\n<p><strong>2. la flexibilit\u00e9 est essentielle<\/strong><\/p>\n<p>La g\u00e9n\u00e9ration Z vit dans un monde plein d'options. Ils attendent de la libert\u00e9 et de la flexibilit\u00e9 pour cr\u00e9er leur propre version de la r\u00e9ussite. Cela signifie<\/p>\n<ul>\n<li>Fixer des lignes directrices claires \u00e0 l'int\u00e9rieur desquelles ils peuvent agir de mani\u00e8re responsable.<\/li>\n<li>Proposer des horaires de travail flexibles ou des options \u00e0 distance.<\/li>\n<li>Autoriser des moyens cr\u00e9atifs pour atteindre les objectifs.<\/li>\n<\/ul>\n<p>Se concentrer sur les r\u00e9sultats et non sur le chemin \u00e0 parcourir pour les obtenir augmente la motivation et l'engagement.<\/p>\n<ol start=\"3\">\n<li><strong> La participation est un must<\/strong><\/li>\n<\/ol>\n<p>Oubliez les hi\u00e9rarchies rigides. La Gen Z veut participer \u00e0 la conception et \u00e0 l'influence. Cr\u00e9ez des structures dans lesquelles ils peuvent faire part de leurs id\u00e9es, par exemple par le biais de sessions de feedback ou d'ateliers. Prenez leurs suggestions au s\u00e9rieux.<\/p>\n<p>Lorsqu'ils voient que leurs contributions ont un impact, ils se sentent \u00e9cout\u00e9s et valoris\u00e9s. Cela augmente la motivation et la force d'innovation.<\/p>\n<h3><strong>Conclusion<\/strong><\/h3>\n<p>La Gen Z est diff\u00e9rente - mais nous l'\u00e9tions aussi. Au lieu de nous agacer des diff\u00e9rences, nous pouvons les utiliser pour rendre nos \u00e9quipes plus cr\u00e9atives et plus aptes \u00e0 affronter l'avenir.<\/p>\n<p><em>Vers l'auteur :<br \/>\n<\/em><em>Volkmar V\u00f6lzke est un maximisateur de succ\u00e8s. Auteur de livres. Conseiller et consultant. Coach de formation. Orateur.\u00a0<a href=\"http:\/\/www.volkmarvoelzke.ch\/\">www.volkmarvoelzke.ch<\/a><\/em><\/p>","protected":false},"excerpt":{"rendered":"<p>Avec ses propres valeurs et exigences, la g\u00e9n\u00e9ration Z met les cadres au d\u00e9fi. Mais c'est justement l\u00e0 que r\u00e9side une chance : en adoptant les bonnes approches, les entreprises peuvent profiter de leur cr\u00e9ativit\u00e9 et de leur \u00e9nergie - une impulsion pour le succ\u00e8s de notre chroniqueur invit\u00e9 Volkmar V\u00f6lzke.<\/p>","protected":false},"author":80,"featured_media":34874,"comment_status":"closed","ping_status":"closed","sticky":false,"template":"","format":"standard","meta":{"_acf_changed":false,"_yoast_wpseo_focuskw":"Gen Z","_yoast_wpseo_metadesc":"Wie F\u00fchrungskr\u00e4fte die Gen Z erfolgreich f\u00fchren und ihre neuen Anspr\u00fcche als Chance f\u00fcr mehr Motivation und Innovation nutzen k\u00f6nnen.","articlekey":"","footnotes":""},"categories":[28],"tags":[177,208,306,335],"class_list":["post-34869","post","type-post","status-publish","format-standard","has-post-thumbnail","hentry","category-management","tag-erfolgs-impuls","tag-fit-im-job","tag-kolumne","tag-management-und-unternehmensfuehrung"],"acf":[],"yoast_head":"<!-- This site is optimized with the Yoast SEO plugin v27.4 - https:\/\/yoast.com\/product\/yoast-seo-wordpress\/ -->\n<title>Erfolgs-Impuls: Gen Z f\u00fchren \u2013 und dabei Freude erleben - Organisator<\/title>\n<meta name=\"description\" content=\"Wie F\u00fchrungskr\u00e4fte die Gen Z erfolgreich f\u00fchren und ihre neuen Anspr\u00fcche als Chance f\u00fcr mehr Motivation und Innovation nutzen k\u00f6nnen.\" \/>\n<meta name=\"robots\" content=\"index, follow, max-snippet:-1, max-image-preview:large, max-video-preview:-1\" \/>\n<link rel=\"canonical\" href=\"https:\/\/www.organisator.ch\/fr\/gestion-2\/2024-12-24\/erfolgs-impuls-gen-z-fuehren-und-dabei-freude-erleben\/\" \/>\n<meta property=\"og:locale\" content=\"fr_FR\" \/>\n<meta property=\"og:type\" content=\"article\" \/>\n<meta property=\"og:title\" content=\"Erfolgs-Impuls: Gen Z f\u00fchren \u2013 und dabei Freude erleben\" \/>\n<meta property=\"og:description\" content=\"Wie F\u00fchrungskr\u00e4fte die Gen Z erfolgreich f\u00fchren und ihre neuen Anspr\u00fcche als Chance f\u00fcr mehr Motivation und Innovation nutzen k\u00f6nnen.\" \/>\n<meta property=\"og:url\" content=\"https:\/\/www.organisator.ch\/fr\/gestion-2\/2024-12-24\/erfolgs-impuls-gen-z-fuehren-und-dabei-freude-erleben\/\" \/>\n<meta property=\"og:site_name\" content=\"Organisator\" \/>\n<meta property=\"article:publisher\" content=\"https:\/\/www.facebook.com\/OrganisatorFachmagazin\" \/>\n<meta property=\"article:published_time\" content=\"2024-12-24T08:06:40+00:00\" \/>\n<meta property=\"og:image\" content=\"https:\/\/www.organisator.ch\/wp-content\/uploads\/2024\/12\/Erfolgs-Impuls_Bild1_ps.jpg\" \/>\n\t<meta property=\"og:image:width\" content=\"680\" \/>\n\t<meta property=\"og:image:height\" content=\"454\" \/>\n\t<meta property=\"og:image:type\" content=\"image\/jpeg\" \/>\n<meta name=\"author\" content=\"Dzana Muminovic\" \/>\n<meta name=\"twitter:card\" content=\"summary_large_image\" \/>\n<meta name=\"twitter:title\" content=\"Erfolgs-Impuls: Gen Z f\u00fchren \u2013 und dabei Freude erleben\" \/>\n<meta name=\"twitter:description\" content=\"Wie #F\u00fchrungskr\u00e4fte die #Gen Z erfolgreich f\u00fchren und ihre neuen Anspr\u00fcche als Chance f\u00fcr mehr #Motivation und #Innovation nutzen k\u00f6nnen.\" \/>\n<meta name=\"twitter:image\" content=\"https:\/\/www.organisator.ch\/wp-content\/uploads\/2024\/12\/Erfolgs-Impuls_Bild1_ps.jpg\" \/>\n<script type=\"application\/ld+json\" class=\"yoast-schema-graph\">{\"@context\":\"https:\\\/\\\/schema.org\",\"@graph\":[{\"@type\":\"Article\",\"@id\":\"https:\\\/\\\/www.organisator.ch\\\/management\\\/2024-12-24\\\/erfolgs-impuls-gen-z-fuehren-und-dabei-freude-erleben\\\/#article\",\"isPartOf\":{\"@id\":\"https:\\\/\\\/www.organisator.ch\\\/management\\\/2024-12-24\\\/erfolgs-impuls-gen-z-fuehren-und-dabei-freude-erleben\\\/\"},\"author\":{\"name\":\"Dzana Muminovic\",\"@id\":\"https:\\\/\\\/www.organisator.ch\\\/#\\\/schema\\\/person\\\/afccda3a71c06d4be2ed9100dd163db7\"},\"headline\":\"Erfolgs-Impuls: Gen Z f\u00fchren \u2013 und dabei Freude erleben\",\"datePublished\":\"2024-12-24T08:06:40+00:00\",\"mainEntityOfPage\":{\"@id\":\"https:\\\/\\\/www.organisator.ch\\\/management\\\/2024-12-24\\\/erfolgs-impuls-gen-z-fuehren-und-dabei-freude-erleben\\\/\"},\"wordCount\":410,\"publisher\":{\"@id\":\"https:\\\/\\\/www.organisator.ch\\\/#organization\"},\"image\":{\"@id\":\"https:\\\/\\\/www.organisator.ch\\\/management\\\/2024-12-24\\\/erfolgs-impuls-gen-z-fuehren-und-dabei-freude-erleben\\\/#primaryimage\"},\"thumbnailUrl\":\"https:\\\/\\\/www.organisator.ch\\\/wp-content\\\/uploads\\\/2024\\\/12\\\/Erfolgs-Impuls_Bild1_ps.jpg\",\"keywords\":[\"Erfolgs-Impuls\",\"Fit im Job\",\"Kolumne\",\"Management und Unternehmensf\u00fchrung\"],\"articleSection\":[\"MANAGEMENT\"],\"inLanguage\":\"fr-FR\"},{\"@type\":\"WebPage\",\"@id\":\"https:\\\/\\\/www.organisator.ch\\\/management\\\/2024-12-24\\\/erfolgs-impuls-gen-z-fuehren-und-dabei-freude-erleben\\\/\",\"url\":\"https:\\\/\\\/www.organisator.ch\\\/management\\\/2024-12-24\\\/erfolgs-impuls-gen-z-fuehren-und-dabei-freude-erleben\\\/\",\"name\":\"Erfolgs-Impuls: Gen Z f\u00fchren \u2013 und dabei Freude erleben - Organisator\",\"isPartOf\":{\"@id\":\"https:\\\/\\\/www.organisator.ch\\\/#website\"},\"primaryImageOfPage\":{\"@id\":\"https:\\\/\\\/www.organisator.ch\\\/management\\\/2024-12-24\\\/erfolgs-impuls-gen-z-fuehren-und-dabei-freude-erleben\\\/#primaryimage\"},\"image\":{\"@id\":\"https:\\\/\\\/www.organisator.ch\\\/management\\\/2024-12-24\\\/erfolgs-impuls-gen-z-fuehren-und-dabei-freude-erleben\\\/#primaryimage\"},\"thumbnailUrl\":\"https:\\\/\\\/www.organisator.ch\\\/wp-content\\\/uploads\\\/2024\\\/12\\\/Erfolgs-Impuls_Bild1_ps.jpg\",\"datePublished\":\"2024-12-24T08:06:40+00:00\",\"description\":\"Wie F\u00fchrungskr\u00e4fte die Gen Z erfolgreich f\u00fchren und ihre neuen Anspr\u00fcche als Chance f\u00fcr mehr Motivation und Innovation nutzen k\u00f6nnen.\",\"breadcrumb\":{\"@id\":\"https:\\\/\\\/www.organisator.ch\\\/management\\\/2024-12-24\\\/erfolgs-impuls-gen-z-fuehren-und-dabei-freude-erleben\\\/#breadcrumb\"},\"inLanguage\":\"fr-FR\",\"potentialAction\":[{\"@type\":\"ReadAction\",\"target\":[\"https:\\\/\\\/www.organisator.ch\\\/management\\\/2024-12-24\\\/erfolgs-impuls-gen-z-fuehren-und-dabei-freude-erleben\\\/\"]}]},{\"@type\":\"ImageObject\",\"inLanguage\":\"fr-FR\",\"@id\":\"https:\\\/\\\/www.organisator.ch\\\/management\\\/2024-12-24\\\/erfolgs-impuls-gen-z-fuehren-und-dabei-freude-erleben\\\/#primaryimage\",\"url\":\"https:\\\/\\\/www.organisator.ch\\\/wp-content\\\/uploads\\\/2024\\\/12\\\/Erfolgs-Impuls_Bild1_ps.jpg\",\"contentUrl\":\"https:\\\/\\\/www.organisator.ch\\\/wp-content\\\/uploads\\\/2024\\\/12\\\/Erfolgs-Impuls_Bild1_ps.jpg\",\"width\":680,\"height\":454,\"caption\":\"Wie F\u00fchrungskr\u00e4fte die Gen Z erfolgreich f\u00fchren und ihre neuen Anspr\u00fcche als Chance f\u00fcr mehr Motivation und Innovation nutzen k\u00f6nnen. (Bild: www.depositphotos.com)\"},{\"@type\":\"BreadcrumbList\",\"@id\":\"https:\\\/\\\/www.organisator.ch\\\/management\\\/2024-12-24\\\/erfolgs-impuls-gen-z-fuehren-und-dabei-freude-erleben\\\/#breadcrumb\",\"itemListElement\":[{\"@type\":\"ListItem\",\"position\":1,\"name\":\"Home\",\"item\":\"https:\\\/\\\/www.organisator.ch\\\/\"},{\"@type\":\"ListItem\",\"position\":2,\"name\":\"Erfolgs-Impuls: Gen Z f\u00fchren \u2013 und dabei Freude erleben\"}]},{\"@type\":\"WebSite\",\"@id\":\"https:\\\/\\\/www.organisator.ch\\\/#website\",\"url\":\"https:\\\/\\\/www.organisator.ch\\\/\",\"name\":\"Organisator\",\"description\":\"Kompetent. Praxisnah. Der ORGANISATOR bereitet in 10 Ausgaben pro Jahr die wesentlichen Themen f\u00fcr F\u00fchrungskr\u00e4fte von KMU auf.\",\"publisher\":{\"@id\":\"https:\\\/\\\/www.organisator.ch\\\/#organization\"},\"potentialAction\":[{\"@type\":\"SearchAction\",\"target\":{\"@type\":\"EntryPoint\",\"urlTemplate\":\"https:\\\/\\\/www.organisator.ch\\\/?s={search_term_string}\"},\"query-input\":{\"@type\":\"PropertyValueSpecification\",\"valueRequired\":true,\"valueName\":\"search_term_string\"}}],\"inLanguage\":\"fr-FR\"},{\"@type\":\"Organization\",\"@id\":\"https:\\\/\\\/www.organisator.ch\\\/#organization\",\"name\":\"Organisator\",\"url\":\"https:\\\/\\\/www.organisator.ch\\\/\",\"logo\":{\"@type\":\"ImageObject\",\"inLanguage\":\"fr-FR\",\"@id\":\"https:\\\/\\\/www.organisator.ch\\\/#\\\/schema\\\/logo\\\/image\\\/\",\"url\":\"https:\\\/\\\/www.organisator.ch\\\/wp-content\\\/uploads\\\/2022\\\/01\\\/Logo_Organisator_Website.png\",\"contentUrl\":\"https:\\\/\\\/www.organisator.ch\\\/wp-content\\\/uploads\\\/2022\\\/01\\\/Logo_Organisator_Website.png\",\"width\":800,\"height\":77,\"caption\":\"Organisator\"},\"image\":{\"@id\":\"https:\\\/\\\/www.organisator.ch\\\/#\\\/schema\\\/logo\\\/image\\\/\"},\"sameAs\":[\"https:\\\/\\\/www.facebook.com\\\/OrganisatorFachmagazin\",\"https:\\\/\\\/www.linkedin.com\\\/showcase\\\/organisator-das-magazin-fr-kmu\",\"https:\\\/\\\/www.xing.com\\\/news\\\/pages\\\/organisator-ch-695\",\"https:\\\/\\\/www.youtube.com\\\/channel\\\/UCGP2Sq0iWaZwT3BdIAQFYpw\"]},{\"@type\":\"Person\",\"@id\":\"https:\\\/\\\/www.organisator.ch\\\/#\\\/schema\\\/person\\\/afccda3a71c06d4be2ed9100dd163db7\",\"name\":\"Dzana Muminovic\",\"image\":{\"@type\":\"ImageObject\",\"inLanguage\":\"fr-FR\",\"@id\":\"https:\\\/\\\/secure.gravatar.com\\\/avatar\\\/909c5c71aff4b38e88686f2ab2f1ba152571f394f41ed8bae431ea56ced93050?s=96&d=mm&r=g\",\"url\":\"https:\\\/\\\/secure.gravatar.com\\\/avatar\\\/909c5c71aff4b38e88686f2ab2f1ba152571f394f41ed8bae431ea56ced93050?s=96&d=mm&r=g\",\"contentUrl\":\"https:\\\/\\\/secure.gravatar.com\\\/avatar\\\/909c5c71aff4b38e88686f2ab2f1ba152571f394f41ed8bae431ea56ced93050?s=96&d=mm&r=g\",\"caption\":\"Dzana Muminovic\"},\"url\":\"https:\\\/\\\/www.organisator.ch\\\/fr\\\/author\\\/dzana-muminovic\\\/\"}]}<\/script>\n<!-- \/ Yoast SEO plugin. -->","yoast_head_json":{"title":"L'impulsion du succ\u00e8s : diriger la g\u00e9n\u00e9ration Z - et y trouver du plaisir - Organisateur","description":"Comment les cadres dirigeants peuvent diriger avec succ\u00e8s la g\u00e9n\u00e9ration Z et utiliser ses nouvelles exigences comme une chance pour plus de motivation et d'innovation.","robots":{"index":"index","follow":"follow","max-snippet":"max-snippet:-1","max-image-preview":"max-image-preview:large","max-video-preview":"max-video-preview:-1"},"canonical":"https:\/\/www.organisator.ch\/fr\/gestion-2\/2024-12-24\/erfolgs-impuls-gen-z-fuehren-und-dabei-freude-erleben\/","og_locale":"fr_FR","og_type":"article","og_title":"Erfolgs-Impuls: Gen Z f\u00fchren \u2013 und dabei Freude erleben","og_description":"Wie F\u00fchrungskr\u00e4fte die Gen Z erfolgreich f\u00fchren und ihre neuen Anspr\u00fcche als Chance f\u00fcr mehr Motivation und Innovation nutzen k\u00f6nnen.","og_url":"https:\/\/www.organisator.ch\/fr\/gestion-2\/2024-12-24\/erfolgs-impuls-gen-z-fuehren-und-dabei-freude-erleben\/","og_site_name":"Organisator","article_publisher":"https:\/\/www.facebook.com\/OrganisatorFachmagazin","article_published_time":"2024-12-24T08:06:40+00:00","og_image":[{"width":680,"height":454,"url":"https:\/\/www.organisator.ch\/wp-content\/uploads\/2024\/12\/Erfolgs-Impuls_Bild1_ps.jpg","type":"image\/jpeg"}],"author":"Dzana Muminovic","twitter_card":"summary_large_image","twitter_title":"Erfolgs-Impuls: Gen Z f\u00fchren \u2013 und dabei Freude erleben","twitter_description":"Wie #F\u00fchrungskr\u00e4fte die #Gen Z erfolgreich f\u00fchren und ihre neuen Anspr\u00fcche als Chance f\u00fcr mehr #Motivation und #Innovation nutzen k\u00f6nnen.","twitter_image":"https:\/\/www.organisator.ch\/wp-content\/uploads\/2024\/12\/Erfolgs-Impuls_Bild1_ps.jpg","schema":{"@context":"https:\/\/schema.org","@graph":[{"@type":"Article","@id":"https:\/\/www.organisator.ch\/management\/2024-12-24\/erfolgs-impuls-gen-z-fuehren-und-dabei-freude-erleben\/#article","isPartOf":{"@id":"https:\/\/www.organisator.ch\/management\/2024-12-24\/erfolgs-impuls-gen-z-fuehren-und-dabei-freude-erleben\/"},"author":{"name":"Dzana Muminovic","@id":"https:\/\/www.organisator.ch\/#\/schema\/person\/afccda3a71c06d4be2ed9100dd163db7"},"headline":"Erfolgs-Impuls: Gen Z f\u00fchren \u2013 und dabei Freude erleben","datePublished":"2024-12-24T08:06:40+00:00","mainEntityOfPage":{"@id":"https:\/\/www.organisator.ch\/management\/2024-12-24\/erfolgs-impuls-gen-z-fuehren-und-dabei-freude-erleben\/"},"wordCount":410,"publisher":{"@id":"https:\/\/www.organisator.ch\/#organization"},"image":{"@id":"https:\/\/www.organisator.ch\/management\/2024-12-24\/erfolgs-impuls-gen-z-fuehren-und-dabei-freude-erleben\/#primaryimage"},"thumbnailUrl":"https:\/\/www.organisator.ch\/wp-content\/uploads\/2024\/12\/Erfolgs-Impuls_Bild1_ps.jpg","keywords":["Erfolgs-Impuls","Fit im Job","Kolumne","Management und Unternehmensf\u00fchrung"],"articleSection":["MANAGEMENT"],"inLanguage":"fr-FR"},{"@type":"WebPage","@id":"https:\/\/www.organisator.ch\/management\/2024-12-24\/erfolgs-impuls-gen-z-fuehren-und-dabei-freude-erleben\/","url":"https:\/\/www.organisator.ch\/management\/2024-12-24\/erfolgs-impuls-gen-z-fuehren-und-dabei-freude-erleben\/","name":"L'impulsion du succ\u00e8s : diriger la g\u00e9n\u00e9ration Z - et y trouver du plaisir - Organisateur","isPartOf":{"@id":"https:\/\/www.organisator.ch\/#website"},"primaryImageOfPage":{"@id":"https:\/\/www.organisator.ch\/management\/2024-12-24\/erfolgs-impuls-gen-z-fuehren-und-dabei-freude-erleben\/#primaryimage"},"image":{"@id":"https:\/\/www.organisator.ch\/management\/2024-12-24\/erfolgs-impuls-gen-z-fuehren-und-dabei-freude-erleben\/#primaryimage"},"thumbnailUrl":"https:\/\/www.organisator.ch\/wp-content\/uploads\/2024\/12\/Erfolgs-Impuls_Bild1_ps.jpg","datePublished":"2024-12-24T08:06:40+00:00","description":"Comment les cadres dirigeants peuvent diriger avec succ\u00e8s la g\u00e9n\u00e9ration Z et utiliser ses nouvelles exigences comme une chance pour plus de motivation et d'innovation.","breadcrumb":{"@id":"https:\/\/www.organisator.ch\/management\/2024-12-24\/erfolgs-impuls-gen-z-fuehren-und-dabei-freude-erleben\/#breadcrumb"},"inLanguage":"fr-FR","potentialAction":[{"@type":"ReadAction","target":["https:\/\/www.organisator.ch\/management\/2024-12-24\/erfolgs-impuls-gen-z-fuehren-und-dabei-freude-erleben\/"]}]},{"@type":"ImageObject","inLanguage":"fr-FR","@id":"https:\/\/www.organisator.ch\/management\/2024-12-24\/erfolgs-impuls-gen-z-fuehren-und-dabei-freude-erleben\/#primaryimage","url":"https:\/\/www.organisator.ch\/wp-content\/uploads\/2024\/12\/Erfolgs-Impuls_Bild1_ps.jpg","contentUrl":"https:\/\/www.organisator.ch\/wp-content\/uploads\/2024\/12\/Erfolgs-Impuls_Bild1_ps.jpg","width":680,"height":454,"caption":"Wie F\u00fchrungskr\u00e4fte die Gen Z erfolgreich f\u00fchren und ihre neuen Anspr\u00fcche als Chance f\u00fcr mehr Motivation und Innovation nutzen k\u00f6nnen. (Bild: www.depositphotos.com)"},{"@type":"BreadcrumbList","@id":"https:\/\/www.organisator.ch\/management\/2024-12-24\/erfolgs-impuls-gen-z-fuehren-und-dabei-freude-erleben\/#breadcrumb","itemListElement":[{"@type":"ListItem","position":1,"name":"Home","item":"https:\/\/www.organisator.ch\/"},{"@type":"ListItem","position":2,"name":"Erfolgs-Impuls: Gen Z f\u00fchren \u2013 und dabei Freude erleben"}]},{"@type":"WebSite","@id":"https:\/\/www.organisator.ch\/#website","url":"https:\/\/www.organisator.ch\/","name":"Organisateur","description":"Comp\u00e9tence et comp\u00e9tence. Proches de la pratique. L'ORGANISATEUR pr\u00e9pare 10 num\u00e9ros par an sur les th\u00e8mes essentiels pour les dirigeants de PME.","publisher":{"@id":"https:\/\/www.organisator.ch\/#organization"},"potentialAction":[{"@type":"SearchAction","target":{"@type":"EntryPoint","urlTemplate":"https:\/\/www.organisator.ch\/?s={search_term_string}"},"query-input":{"@type":"PropertyValueSpecification","valueRequired":true,"valueName":"search_term_string"}}],"inLanguage":"fr-FR"},{"@type":"Organization","@id":"https:\/\/www.organisator.ch\/#organization","name":"Organisateur","url":"https:\/\/www.organisator.ch\/","logo":{"@type":"ImageObject","inLanguage":"fr-FR","@id":"https:\/\/www.organisator.ch\/#\/schema\/logo\/image\/","url":"https:\/\/www.organisator.ch\/wp-content\/uploads\/2022\/01\/Logo_Organisator_Website.png","contentUrl":"https:\/\/www.organisator.ch\/wp-content\/uploads\/2022\/01\/Logo_Organisator_Website.png","width":800,"height":77,"caption":"Organisator"},"image":{"@id":"https:\/\/www.organisator.ch\/#\/schema\/logo\/image\/"},"sameAs":["https:\/\/www.facebook.com\/OrganisatorFachmagazin","https:\/\/www.linkedin.com\/showcase\/organisator-das-magazin-fr-kmu","https:\/\/www.xing.com\/news\/pages\/organisator-ch-695","https:\/\/www.youtube.com\/channel\/UCGP2Sq0iWaZwT3BdIAQFYpw"]},{"@type":"Person","@id":"https:\/\/www.organisator.ch\/#\/schema\/person\/afccda3a71c06d4be2ed9100dd163db7","name":"Dzana Muminovic","image":{"@type":"ImageObject","inLanguage":"fr-FR","@id":"https:\/\/secure.gravatar.com\/avatar\/909c5c71aff4b38e88686f2ab2f1ba152571f394f41ed8bae431ea56ced93050?s=96&d=mm&r=g","url":"https:\/\/secure.gravatar.com\/avatar\/909c5c71aff4b38e88686f2ab2f1ba152571f394f41ed8bae431ea56ced93050?s=96&d=mm&r=g","contentUrl":"https:\/\/secure.gravatar.com\/avatar\/909c5c71aff4b38e88686f2ab2f1ba152571f394f41ed8bae431ea56ced93050?s=96&d=mm&r=g","caption":"Dzana Muminovic"},"url":"https:\/\/www.organisator.ch\/fr\/author\/dzana-muminovic\/"}]}},"_links":{"self":[{"href":"https:\/\/www.organisator.ch\/fr\/wp-json\/wp\/v2\/posts\/34869","targetHints":{"allow":["GET"]}}],"collection":[{"href":"https:\/\/www.organisator.ch\/fr\/wp-json\/wp\/v2\/posts"}],"about":[{"href":"https:\/\/www.organisator.ch\/fr\/wp-json\/wp\/v2\/types\/post"}],"author":[{"embeddable":true,"href":"https:\/\/www.organisator.ch\/fr\/wp-json\/wp\/v2\/users\/80"}],"replies":[{"embeddable":true,"href":"https:\/\/www.organisator.ch\/fr\/wp-json\/wp\/v2\/comments?post=34869"}],"version-history":[{"count":6,"href":"https:\/\/www.organisator.ch\/fr\/wp-json\/wp\/v2\/posts\/34869\/revisions"}],"predecessor-version":[{"id":34904,"href":"https:\/\/www.organisator.ch\/fr\/wp-json\/wp\/v2\/posts\/34869\/revisions\/34904"}],"wp:featuredmedia":[{"embeddable":true,"href":"https:\/\/www.organisator.ch\/fr\/wp-json\/wp\/v2\/media\/34874"}],"wp:attachment":[{"href":"https:\/\/www.organisator.ch\/fr\/wp-json\/wp\/v2\/media?parent=34869"}],"wp:term":[{"taxonomy":"category","embeddable":true,"href":"https:\/\/www.organisator.ch\/fr\/wp-json\/wp\/v2\/categories?post=34869"},{"taxonomy":"post_tag","embeddable":true,"href":"https:\/\/www.organisator.ch\/fr\/wp-json\/wp\/v2\/tags?post=34869"}],"curies":[{"name":"wp","href":"https:\/\/api.w.org\/{rel}","templated":true}]}}