{"id":34896,"date":"2025-01-03T06:50:00","date_gmt":"2025-01-03T05:50:00","guid":{"rendered":"https:\/\/www.m-q.ch\/?p=20772"},"modified":"2025-01-03T06:57:31","modified_gmt":"2025-01-03T05:57:31","slug":"schweizer-unternehmen-setzten-verstaerkt-auf-cybersicherheit-als-strategischen-vorteil","status":"publish","type":"post","link":"https:\/\/www.organisator.ch\/fr\/operational-excellence\/2025-01-03\/schweizer-unternehmen-setzten-verstaerkt-auf-cybersicherheit-als-strategischen-vorteil\/","title":{"rendered":"Les entreprises suisses misent de plus en plus sur la cybers\u00e9curit\u00e9 comme avantage strat\u00e9gique"},"content":{"rendered":"<figure id=\"attachment_20773\" class=\"wp-caption alignnone\" style=\"width: 1000px;\" aria-describedby=\"caption-attachment-20773\"><img class=\"size-full wp-image-20773\" src=\"https:\/\/www.m-q.ch\/wp-content\/uploads\/2024\/12\/Cybersicherheit_Bild1.jpg\" sizes=\"(max-width: 1000px) 100vw, 1000px\" srcset=\"https:\/\/www.m-q.ch\/wp-content\/uploads\/2024\/12\/Cybersicherheit_Bild1.jpg 1000w, https:\/\/www.m-q.ch\/wp-content\/uploads\/2024\/12\/Cybersicherheit_Bild1-768x512.jpg 768w, https:\/\/www.m-q.ch\/wp-content\/uploads\/2024\/12\/Cybersicherheit_Bild1-18x12.jpg 18w, https:\/\/www.m-q.ch\/wp-content\/uploads\/2024\/12\/Cybersicherheit_Bild1-375x250.jpg 375w, https:\/\/www.m-q.ch\/wp-content\/uploads\/2024\/12\/Cybersicherheit_Bild1-525x350.jpg 525w\" alt=\"\" width=\"1000\" height=\"667\" \/>\r\n<figcaption id=\"caption-attachment-20773\" class=\"wp-caption-text\">Les menaces li\u00e9es au cloud sont le plus grand danger pour la moiti\u00e9 des entreprises suisses - mais beaucoup se sentent mal pr\u00e9par\u00e9es. (Image : www.depositphotos.com)<\/figcaption>\r\n<\/figure>\r\n<h3><strong>Les cyber-risques restent la priorit\u00e9 absolue<\/strong><\/h3>\r\n<p>Cette ann\u00e9e encore, 65 % des cadres suisses consid\u00e8rent les cyber-risques comme le d\u00e9fi le plus urgent pour les douze prochains mois - nettement plus que les comparaisons mondiale et europ\u00e9enne, qui se situent toutes deux \u00e0 57 %. Ce chiffre souligne l'importance croissante de la cybers\u00e9curit\u00e9 dans un paysage de menaces de plus en plus complexe.<\/p>\r\n<figure id=\"attachment_20775\" class=\"wp-caption alignnone\" style=\"width: 680px;\" aria-describedby=\"caption-attachment-20775\"><img class=\"size-full wp-image-20775\" src=\"https:\/\/www.m-q.ch\/wp-content\/uploads\/2024\/12\/Cybersicherheit_Bild2_ps.jpg\" sizes=\"(max-width: 680px) 100vw, 680px\" srcset=\"https:\/\/www.m-q.ch\/wp-content\/uploads\/2024\/12\/Cybersicherheit_Bild2_ps.jpg 680w, https:\/\/www.m-q.ch\/wp-content\/uploads\/2024\/12\/Cybersicherheit_Bild2_ps-18x8.jpg 18w, https:\/\/www.m-q.ch\/wp-content\/uploads\/2024\/12\/Cybersicherheit_Bild2_ps-375x164.jpg 375w\" alt=\"\" width=\"680\" height=\"297\" \/>\r\n<figcaption id=\"caption-attachment-20775\" class=\"wp-caption-text\">65 % des cadres suisses consid\u00e8rent la r\u00e9duction des cyberrisques comme une priorit\u00e9 absolue pour les douze prochains mois. (Image : www.pwc.ch)<\/figcaption>\r\n<\/figure>\r\n<p>Alors que 54 % des entreprises suisses pr\u00e9voyaient d'augmenter leurs d\u00e9penses en cybers\u00e9curit\u00e9 en 2023, ce chiffre est pass\u00e9 \u00e0 70 % en 2024. En 2025, 67 % des entreprises suisses et 77 % au niveau mondial pr\u00e9voient d'augmenter encore leur budget de cybers\u00e9curit\u00e9. 22 % des entreprises suisses souhaitent maintenir leurs d\u00e9penses en cybers\u00e9curit\u00e9 au m\u00eame niveau, contre 11 % au niveau mondial.<\/p>\r\n<p>\"En comparaison internationale, les entreprises suisses se montrent plus stables\", explique Urs K\u00fcderli, associ\u00e9, responsable Cybersecurity et Privacy, PwC Suisse. \"Dans le monde entier, les entreprises sont nettement plus nombreuses \u00e0 augmenter ou \u00e0 r\u00e9duire leurs d\u00e9penses, tandis que peu d'entre elles maintiennent leurs budgets. Les entreprises suisses continuent de miser sur une croissance mod\u00e9r\u00e9e et veulent maintenir ce cap\".<\/p>\r\n<h3><strong>Attaques en nuage et surfaces d'attaque \u00e9tendues comme risques principaux<\/strong><\/h3>\r\n<p>La surface d'attaque des cybermenaces ne cesse de cro\u00eetre. Les progr\u00e8s de l'intelligence artificielle, l'utilisation accrue des technologies de l'informatique en nuage et la d\u00e9pendance vis-\u00e0-vis de tiers cr\u00e9ent des d\u00e9fis suppl\u00e9mentaires. Les attaques bas\u00e9es sur le cloud, les op\u00e9rations de piratage et de fuite et les attaques sur les produits en r\u00e9seau sont particuli\u00e8rement consid\u00e9r\u00e9es comme critiques. 49 % des cadres suisses consid\u00e8rent les menaces bas\u00e9es sur le cloud comme le plus grand danger. Dans le m\u00eame temps, de nombreuses entreprises ne se sentent pas suffisamment pr\u00e9par\u00e9es pour faire face efficacement \u00e0 ces menaces.<\/p>\r\n<p>\"D'un c\u00f4t\u00e9, les technologies cloud permettent l'innovation et l'efficacit\u00e9\", explique Johannes Dohren, associ\u00e9 et responsable Cyber Resilience et D\u00e9fense chez PwC Suisse. \"Mais d'un autre c\u00f4t\u00e9, elles augmentent la surface d'attaque des cybermenaces - c'est pourquoi les entreprises doivent syst\u00e9matiquement accompagner leur strat\u00e9gie de cloud d'une cyberstrat\u00e9gie robuste\".<\/p>\r\n<h3><strong>Exigences r\u00e9glementaires<\/strong><\/h3>\r\n<p>Les cadres suisses voient souvent l'impact de la cyberr\u00e9glementation de mani\u00e8re plus positive que leurs homologues mondiaux. 28 % soulignent que les r\u00e9glementations aident \u00e0 cr\u00e9er des lignes directrices claires pour l'innovation et la transformation technologiques. En outre, 24 % - plus que la moyenne mondiale de 20 % - font \u00e9tat d'une r\u00e9silience renforc\u00e9e par une r\u00e9glementation uniforme et des normes sectorielles. Parall\u00e8lement, seuls 18 % des dirigeants suisses estiment que les r\u00e9glementations sont si exigeantes qu'elles n\u00e9cessitent des am\u00e9liorations globales de leurs syst\u00e8mes, contre 24 % au niveau mondial.<\/p>\r\n<figure id=\"attachment_20774\" class=\"wp-caption alignnone\" style=\"width: 680px;\" aria-describedby=\"caption-attachment-20774\"><img class=\"size-full wp-image-20774\" src=\"https:\/\/www.m-q.ch\/wp-content\/uploads\/2024\/12\/Cybersicherheit_Bild3_ps.jpg\" sizes=\"(max-width: 680px) 100vw, 680px\" srcset=\"https:\/\/www.m-q.ch\/wp-content\/uploads\/2024\/12\/Cybersicherheit_Bild3_ps.jpg 680w, https:\/\/www.m-q.ch\/wp-content\/uploads\/2024\/12\/Cybersicherheit_Bild3_ps-18x5.jpg 18w, https:\/\/www.m-q.ch\/wp-content\/uploads\/2024\/12\/Cybersicherheit_Bild3_ps-375x111.jpg 375w\" alt=\"\" width=\"680\" height=\"202\" \/>\r\n<figcaption id=\"caption-attachment-20774\" class=\"wp-caption-text\">Les cadres suisses voient souvent l'impact de la cyberr\u00e9glementation de mani\u00e8re plus positive que leurs homologues mondiaux. (Image : www.pwc.ch)<\/figcaption>\r\n<\/figure>\r\n<p>\"Les entreprises suisses, en particulier celles des secteurs fortement r\u00e9glement\u00e9s depuis plusieurs ann\u00e9es, ont d\u00e9j\u00e0 \u00e9tabli un standard de s\u00e9curit\u00e9 de base ou sont habitu\u00e9es \u00e0 l'influence r\u00e9glementaire et peuvent donc aussi faire davantage confiance \u00e0 leurs syst\u00e8mes et partenariats existants\", explique Urs K\u00fcderli. \"N\u00e9anmoins, une coordination entre les \u00e9quipes de s\u00e9curit\u00e9, les fonctions de risque et la direction est essentielle pour relever les d\u00e9fis r\u00e9glementaires. Seule une telle coordination permet aux organisations de maintenir leur \u00e9tat de pr\u00e9paration \u00e0 la conformit\u00e9 et de promouvoir des am\u00e9liorations strat\u00e9giques\".<\/p>\r\n<h3><strong>La cybers\u00e9curit\u00e9, un avantage strat\u00e9gique<\/strong><\/h3>\r\n<p>La cybers\u00e9curit\u00e9 est de plus en plus consid\u00e9r\u00e9e comme un avantage concurrentiel d\u00e9cisif pour les organisations. En Suisse, cet avantage se concr\u00e9tise principalement par la confiance des clients, 55 % des entreprises positionnant la cybers\u00e9curit\u00e9 comme moteur de la confiance - proche de la moyenne mondiale de 57 %. La cybers\u00e9curit\u00e9 est en train de devenir un \u00e9l\u00e9ment central de la confiance et de l'avantage concurrentiel. Les entreprises qui adaptent leur strat\u00e9gie de mani\u00e8re proactive et consid\u00e8rent la r\u00e9silience comme un avantage strat\u00e9gique se positionnent mieux dans un environnement num\u00e9rique croissant. \"Il ne s'agit plus seulement de protection. La cybers\u00e9curit\u00e9 est devenue un facteur de diff\u00e9renciation d\u00e9cisif\", explique Urs K\u00fcderli. \"Les organisations doivent int\u00e9grer la cybers\u00e9curit\u00e9 dans toutes leurs d\u00e9cisions commerciales afin d'assurer un succ\u00e8s durable\".<\/p>\r\n<h3><strong>\u00c0 propos de l'\u00e9tude<\/strong><\/h3>\r\n<p>L'enqu\u00eate Global Digital Trust Insights Survey recueille le point de vue des cadres sup\u00e9rieurs sur les d\u00e9fis et les opportunit\u00e9s li\u00e9s \u00e0 l'am\u00e9lioration et \u00e0 la transformation de la cybers\u00e9curit\u00e9 dans les entreprises au cours des 12 \u00e0 18 prochains mois. L'enqu\u00eate porte sur 4042 personnes interrog\u00e9es dans 717 pays (dont 51 en Suisse).<\/p>\r\n<p><em>Source : <a href=\"http:\/\/www.pwc.ch\/\">www.pwc.ch<\/a><\/em><\/p>\n<p class=\"syndicated-attribution\">Cet article est paru initialement sur m-q.ch - <a href=\"https:\/\/www.m-q.ch\/de\/schweizer-unternehmen-setzten-verstaerkt-auf-cybersicherheit-als-strategischen-vorteil\/\" target=\"_blank\">https:\/\/www.m-q.ch\/de\/schweizer-unternehmen-setzten-verstaerkt-auf-cybersicherheit-als-strategischen-vorteil\/<\/a><\/p>","protected":false},"excerpt":{"rendered":"<p>Les entreprises suisses donnent la priorit\u00e9 aux cyber-risques et augmentent leur budget pour la cybers\u00e9curit\u00e9. L'enqu\u00eate \"Global Digital Trust Insights 2025\" montre que les menaces li\u00e9es au cloud et les exigences r\u00e9glementaires sont des th\u00e8mes centraux pour les entreprises suisses. Dans ce contexte, la cybers\u00e9curit\u00e9 devient \u00e9galement de plus en plus un avantage concurrentiel strat\u00e9gique.<\/p>","protected":false},"author":80,"featured_media":0,"comment_status":"closed","ping_status":"closed","sticky":false,"template":"","format":"standard","meta":{"_acf_changed":false,"_yoast_wpseo_focuskw":"Cybersicherheit","_yoast_wpseo_metadesc":"Schweizer Unternehmen priorisieren Cyber-Risiken und erh\u00f6hen Budgets f\u00fcr Cybersicherheit laut Global Digital Trust Insights 2025.","articlekey":"","footnotes":""},"categories":[582],"tags":[922,3806,608,418,424,492],"class_list":["post-34896","post","type-post","status-publish","format-standard","hentry","category-operational-excellence","tag-cloud","tag-cyber-risiken","tag-cybersicherheit","tag-risikomanagement","tag-schweiz","tag-unternehmen"],"acf":[],"yoast_head":"<!-- This site is optimized with the Yoast SEO plugin v27.5 - https:\/\/yoast.com\/product\/yoast-seo-wordpress\/ -->\n<title>Schweizer Unternehmen setzten verst\u00e4rkt auf Cybersicherheit als strategischen Vorteil - Organisator<\/title>\n<meta name=\"description\" content=\"Schweizer Unternehmen priorisieren Cyber-Risiken und erh\u00f6hen Budgets f\u00fcr Cybersicherheit laut Global Digital Trust Insights 2025.\" \/>\n<meta name=\"robots\" content=\"index, follow, max-snippet:-1, max-image-preview:large, max-video-preview:-1\" \/>\n<link rel=\"canonical\" href=\"https:\/\/www.organisator.ch\/fr\/excellence-operationnelle\/2025-01-03\/schweizer-unternehmen-setzten-verstaerkt-auf-cybersicherheit-als-strategischen-vorteil\/\" \/>\n<meta property=\"og:locale\" content=\"fr_FR\" \/>\n<meta property=\"og:type\" content=\"article\" \/>\n<meta property=\"og:title\" content=\"Schweizer Unternehmen setzten verst\u00e4rkt auf Cybersicherheit als strategischen Vorteil - Organisator\" \/>\n<meta property=\"og:description\" content=\"Schweizer Unternehmen priorisieren Cyber-Risiken und erh\u00f6hen Budgets f\u00fcr Cybersicherheit laut Global Digital Trust Insights 2025.\" \/>\n<meta property=\"og:url\" content=\"https:\/\/www.organisator.ch\/fr\/excellence-operationnelle\/2025-01-03\/schweizer-unternehmen-setzten-verstaerkt-auf-cybersicherheit-als-strategischen-vorteil\/\" \/>\n<meta property=\"og:site_name\" content=\"Organisator\" \/>\n<meta property=\"article:publisher\" content=\"https:\/\/www.facebook.com\/OrganisatorFachmagazin\" \/>\n<meta property=\"article:published_time\" content=\"2025-01-03T05:50:00+00:00\" \/>\n<meta property=\"article:modified_time\" content=\"2025-01-03T05:57:31+00:00\" \/>\n<meta name=\"author\" content=\"Dzana Muminovic\" \/>\n<meta name=\"twitter:card\" content=\"summary_large_image\" \/>\n<script type=\"application\/ld+json\" class=\"yoast-schema-graph\">{\"@context\":\"https:\\\/\\\/schema.org\",\"@graph\":[{\"@type\":\"Article\",\"@id\":\"https:\\\/\\\/www.organisator.ch\\\/operational-excellence\\\/2025-01-03\\\/schweizer-unternehmen-setzten-verstaerkt-auf-cybersicherheit-als-strategischen-vorteil\\\/#article\",\"isPartOf\":{\"@id\":\"https:\\\/\\\/www.organisator.ch\\\/operational-excellence\\\/2025-01-03\\\/schweizer-unternehmen-setzten-verstaerkt-auf-cybersicherheit-als-strategischen-vorteil\\\/\"},\"author\":{\"name\":\"Dzana Muminovic\",\"@id\":\"https:\\\/\\\/www.organisator.ch\\\/#\\\/schema\\\/person\\\/afccda3a71c06d4be2ed9100dd163db7\"},\"headline\":\"Schweizer Unternehmen setzten verst\u00e4rkt auf Cybersicherheit als strategischen Vorteil\",\"datePublished\":\"2025-01-03T05:50:00+00:00\",\"dateModified\":\"2025-01-03T05:57:31+00:00\",\"mainEntityOfPage\":{\"@id\":\"https:\\\/\\\/www.organisator.ch\\\/operational-excellence\\\/2025-01-03\\\/schweizer-unternehmen-setzten-verstaerkt-auf-cybersicherheit-als-strategischen-vorteil\\\/\"},\"wordCount\":680,\"publisher\":{\"@id\":\"https:\\\/\\\/www.organisator.ch\\\/#organization\"},\"image\":{\"@id\":\"https:\\\/\\\/www.organisator.ch\\\/operational-excellence\\\/2025-01-03\\\/schweizer-unternehmen-setzten-verstaerkt-auf-cybersicherheit-als-strategischen-vorteil\\\/#primaryimage\"},\"thumbnailUrl\":\"https:\\\/\\\/www.m-q.ch\\\/wp-content\\\/uploads\\\/2024\\\/12\\\/Cybersicherheit_Bild1.jpg\",\"keywords\":[\"Cloud\",\"Cyber Risiken\",\"Cybersicherheit\",\"Risikomanagement\",\"Schweiz\",\"Unternehmen\"],\"articleSection\":[\"OPERATIONAL EXCELLENCE\"],\"inLanguage\":\"fr-FR\"},{\"@type\":\"WebPage\",\"@id\":\"https:\\\/\\\/www.organisator.ch\\\/operational-excellence\\\/2025-01-03\\\/schweizer-unternehmen-setzten-verstaerkt-auf-cybersicherheit-als-strategischen-vorteil\\\/\",\"url\":\"https:\\\/\\\/www.organisator.ch\\\/operational-excellence\\\/2025-01-03\\\/schweizer-unternehmen-setzten-verstaerkt-auf-cybersicherheit-als-strategischen-vorteil\\\/\",\"name\":\"Schweizer Unternehmen setzten verst\u00e4rkt auf Cybersicherheit als strategischen Vorteil - Organisator\",\"isPartOf\":{\"@id\":\"https:\\\/\\\/www.organisator.ch\\\/#website\"},\"primaryImageOfPage\":{\"@id\":\"https:\\\/\\\/www.organisator.ch\\\/operational-excellence\\\/2025-01-03\\\/schweizer-unternehmen-setzten-verstaerkt-auf-cybersicherheit-als-strategischen-vorteil\\\/#primaryimage\"},\"image\":{\"@id\":\"https:\\\/\\\/www.organisator.ch\\\/operational-excellence\\\/2025-01-03\\\/schweizer-unternehmen-setzten-verstaerkt-auf-cybersicherheit-als-strategischen-vorteil\\\/#primaryimage\"},\"thumbnailUrl\":\"https:\\\/\\\/www.m-q.ch\\\/wp-content\\\/uploads\\\/2024\\\/12\\\/Cybersicherheit_Bild1.jpg\",\"datePublished\":\"2025-01-03T05:50:00+00:00\",\"dateModified\":\"2025-01-03T05:57:31+00:00\",\"description\":\"Schweizer Unternehmen priorisieren Cyber-Risiken und erh\u00f6hen Budgets f\u00fcr Cybersicherheit laut Global Digital Trust Insights 2025.\",\"breadcrumb\":{\"@id\":\"https:\\\/\\\/www.organisator.ch\\\/operational-excellence\\\/2025-01-03\\\/schweizer-unternehmen-setzten-verstaerkt-auf-cybersicherheit-als-strategischen-vorteil\\\/#breadcrumb\"},\"inLanguage\":\"fr-FR\",\"potentialAction\":[{\"@type\":\"ReadAction\",\"target\":[\"https:\\\/\\\/www.organisator.ch\\\/operational-excellence\\\/2025-01-03\\\/schweizer-unternehmen-setzten-verstaerkt-auf-cybersicherheit-als-strategischen-vorteil\\\/\"]}]},{\"@type\":\"ImageObject\",\"inLanguage\":\"fr-FR\",\"@id\":\"https:\\\/\\\/www.organisator.ch\\\/operational-excellence\\\/2025-01-03\\\/schweizer-unternehmen-setzten-verstaerkt-auf-cybersicherheit-als-strategischen-vorteil\\\/#primaryimage\",\"url\":\"https:\\\/\\\/www.m-q.ch\\\/wp-content\\\/uploads\\\/2024\\\/12\\\/Cybersicherheit_Bild1.jpg\",\"contentUrl\":\"https:\\\/\\\/www.m-q.ch\\\/wp-content\\\/uploads\\\/2024\\\/12\\\/Cybersicherheit_Bild1.jpg\"},{\"@type\":\"BreadcrumbList\",\"@id\":\"https:\\\/\\\/www.organisator.ch\\\/operational-excellence\\\/2025-01-03\\\/schweizer-unternehmen-setzten-verstaerkt-auf-cybersicherheit-als-strategischen-vorteil\\\/#breadcrumb\",\"itemListElement\":[{\"@type\":\"ListItem\",\"position\":1,\"name\":\"Home\",\"item\":\"https:\\\/\\\/www.organisator.ch\\\/\"},{\"@type\":\"ListItem\",\"position\":2,\"name\":\"Schweizer Unternehmen setzten verst\u00e4rkt auf Cybersicherheit als strategischen Vorteil\"}]},{\"@type\":\"WebSite\",\"@id\":\"https:\\\/\\\/www.organisator.ch\\\/#website\",\"url\":\"https:\\\/\\\/www.organisator.ch\\\/\",\"name\":\"Organisator\",\"description\":\"Kompetent. Praxisnah. Der ORGANISATOR bereitet in 10 Ausgaben pro Jahr die wesentlichen Themen f\u00fcr F\u00fchrungskr\u00e4fte von KMU auf.\",\"publisher\":{\"@id\":\"https:\\\/\\\/www.organisator.ch\\\/#organization\"},\"potentialAction\":[{\"@type\":\"SearchAction\",\"target\":{\"@type\":\"EntryPoint\",\"urlTemplate\":\"https:\\\/\\\/www.organisator.ch\\\/?s={search_term_string}\"},\"query-input\":{\"@type\":\"PropertyValueSpecification\",\"valueRequired\":true,\"valueName\":\"search_term_string\"}}],\"inLanguage\":\"fr-FR\"},{\"@type\":\"Organization\",\"@id\":\"https:\\\/\\\/www.organisator.ch\\\/#organization\",\"name\":\"Organisator\",\"url\":\"https:\\\/\\\/www.organisator.ch\\\/\",\"logo\":{\"@type\":\"ImageObject\",\"inLanguage\":\"fr-FR\",\"@id\":\"https:\\\/\\\/www.organisator.ch\\\/#\\\/schema\\\/logo\\\/image\\\/\",\"url\":\"https:\\\/\\\/www.organisator.ch\\\/wp-content\\\/uploads\\\/2022\\\/01\\\/Logo_Organisator_Website.png\",\"contentUrl\":\"https:\\\/\\\/www.organisator.ch\\\/wp-content\\\/uploads\\\/2022\\\/01\\\/Logo_Organisator_Website.png\",\"width\":800,\"height\":77,\"caption\":\"Organisator\"},\"image\":{\"@id\":\"https:\\\/\\\/www.organisator.ch\\\/#\\\/schema\\\/logo\\\/image\\\/\"},\"sameAs\":[\"https:\\\/\\\/www.facebook.com\\\/OrganisatorFachmagazin\",\"https:\\\/\\\/www.linkedin.com\\\/showcase\\\/organisator-das-magazin-fr-kmu\",\"https:\\\/\\\/www.xing.com\\\/news\\\/pages\\\/organisator-ch-695\",\"https:\\\/\\\/www.youtube.com\\\/channel\\\/UCGP2Sq0iWaZwT3BdIAQFYpw\"]},{\"@type\":\"Person\",\"@id\":\"https:\\\/\\\/www.organisator.ch\\\/#\\\/schema\\\/person\\\/afccda3a71c06d4be2ed9100dd163db7\",\"name\":\"Dzana Muminovic\",\"image\":{\"@type\":\"ImageObject\",\"inLanguage\":\"fr-FR\",\"@id\":\"https:\\\/\\\/secure.gravatar.com\\\/avatar\\\/909c5c71aff4b38e88686f2ab2f1ba152571f394f41ed8bae431ea56ced93050?s=96&d=mm&r=g\",\"url\":\"https:\\\/\\\/secure.gravatar.com\\\/avatar\\\/909c5c71aff4b38e88686f2ab2f1ba152571f394f41ed8bae431ea56ced93050?s=96&d=mm&r=g\",\"contentUrl\":\"https:\\\/\\\/secure.gravatar.com\\\/avatar\\\/909c5c71aff4b38e88686f2ab2f1ba152571f394f41ed8bae431ea56ced93050?s=96&d=mm&r=g\",\"caption\":\"Dzana Muminovic\"},\"url\":\"https:\\\/\\\/www.organisator.ch\\\/fr\\\/author\\\/dzana-muminovic\\\/\"}]}<\/script>\n<!-- \/ Yoast SEO plugin. -->","yoast_head_json":{"title":"Les entreprises suisses misent de plus en plus sur la cybers\u00e9curit\u00e9 comme avantage strat\u00e9gique - Organisateur","description":"Les entreprises suisses donnent la priorit\u00e9 aux cyber-risques et augmentent les budgets de cybers\u00e9curit\u00e9 selon Global Digital Trust Insights 2025.","robots":{"index":"index","follow":"follow","max-snippet":"max-snippet:-1","max-image-preview":"max-image-preview:large","max-video-preview":"max-video-preview:-1"},"canonical":"https:\/\/www.organisator.ch\/fr\/excellence-operationnelle\/2025-01-03\/schweizer-unternehmen-setzten-verstaerkt-auf-cybersicherheit-als-strategischen-vorteil\/","og_locale":"fr_FR","og_type":"article","og_title":"Schweizer Unternehmen setzten verst\u00e4rkt auf Cybersicherheit als strategischen Vorteil - Organisator","og_description":"Schweizer Unternehmen priorisieren Cyber-Risiken und erh\u00f6hen Budgets f\u00fcr Cybersicherheit laut Global Digital Trust Insights 2025.","og_url":"https:\/\/www.organisator.ch\/fr\/excellence-operationnelle\/2025-01-03\/schweizer-unternehmen-setzten-verstaerkt-auf-cybersicherheit-als-strategischen-vorteil\/","og_site_name":"Organisator","article_publisher":"https:\/\/www.facebook.com\/OrganisatorFachmagazin","article_published_time":"2025-01-03T05:50:00+00:00","article_modified_time":"2025-01-03T05:57:31+00:00","author":"Dzana Muminovic","twitter_card":"summary_large_image","schema":{"@context":"https:\/\/schema.org","@graph":[{"@type":"Article","@id":"https:\/\/www.organisator.ch\/operational-excellence\/2025-01-03\/schweizer-unternehmen-setzten-verstaerkt-auf-cybersicherheit-als-strategischen-vorteil\/#article","isPartOf":{"@id":"https:\/\/www.organisator.ch\/operational-excellence\/2025-01-03\/schweizer-unternehmen-setzten-verstaerkt-auf-cybersicherheit-als-strategischen-vorteil\/"},"author":{"name":"Dzana Muminovic","@id":"https:\/\/www.organisator.ch\/#\/schema\/person\/afccda3a71c06d4be2ed9100dd163db7"},"headline":"Schweizer Unternehmen setzten verst\u00e4rkt auf Cybersicherheit als strategischen Vorteil","datePublished":"2025-01-03T05:50:00+00:00","dateModified":"2025-01-03T05:57:31+00:00","mainEntityOfPage":{"@id":"https:\/\/www.organisator.ch\/operational-excellence\/2025-01-03\/schweizer-unternehmen-setzten-verstaerkt-auf-cybersicherheit-als-strategischen-vorteil\/"},"wordCount":680,"publisher":{"@id":"https:\/\/www.organisator.ch\/#organization"},"image":{"@id":"https:\/\/www.organisator.ch\/operational-excellence\/2025-01-03\/schweizer-unternehmen-setzten-verstaerkt-auf-cybersicherheit-als-strategischen-vorteil\/#primaryimage"},"thumbnailUrl":"https:\/\/www.m-q.ch\/wp-content\/uploads\/2024\/12\/Cybersicherheit_Bild1.jpg","keywords":["Cloud","Cyber Risiken","Cybersicherheit","Risikomanagement","Schweiz","Unternehmen"],"articleSection":["OPERATIONAL EXCELLENCE"],"inLanguage":"fr-FR"},{"@type":"WebPage","@id":"https:\/\/www.organisator.ch\/operational-excellence\/2025-01-03\/schweizer-unternehmen-setzten-verstaerkt-auf-cybersicherheit-als-strategischen-vorteil\/","url":"https:\/\/www.organisator.ch\/operational-excellence\/2025-01-03\/schweizer-unternehmen-setzten-verstaerkt-auf-cybersicherheit-als-strategischen-vorteil\/","name":"Les entreprises suisses misent de plus en plus sur la cybers\u00e9curit\u00e9 comme avantage strat\u00e9gique - Organisateur","isPartOf":{"@id":"https:\/\/www.organisator.ch\/#website"},"primaryImageOfPage":{"@id":"https:\/\/www.organisator.ch\/operational-excellence\/2025-01-03\/schweizer-unternehmen-setzten-verstaerkt-auf-cybersicherheit-als-strategischen-vorteil\/#primaryimage"},"image":{"@id":"https:\/\/www.organisator.ch\/operational-excellence\/2025-01-03\/schweizer-unternehmen-setzten-verstaerkt-auf-cybersicherheit-als-strategischen-vorteil\/#primaryimage"},"thumbnailUrl":"https:\/\/www.m-q.ch\/wp-content\/uploads\/2024\/12\/Cybersicherheit_Bild1.jpg","datePublished":"2025-01-03T05:50:00+00:00","dateModified":"2025-01-03T05:57:31+00:00","description":"Les entreprises suisses donnent la priorit\u00e9 aux cyber-risques et augmentent les budgets de cybers\u00e9curit\u00e9 selon Global Digital Trust Insights 2025.","breadcrumb":{"@id":"https:\/\/www.organisator.ch\/operational-excellence\/2025-01-03\/schweizer-unternehmen-setzten-verstaerkt-auf-cybersicherheit-als-strategischen-vorteil\/#breadcrumb"},"inLanguage":"fr-FR","potentialAction":[{"@type":"ReadAction","target":["https:\/\/www.organisator.ch\/operational-excellence\/2025-01-03\/schweizer-unternehmen-setzten-verstaerkt-auf-cybersicherheit-als-strategischen-vorteil\/"]}]},{"@type":"ImageObject","inLanguage":"fr-FR","@id":"https:\/\/www.organisator.ch\/operational-excellence\/2025-01-03\/schweizer-unternehmen-setzten-verstaerkt-auf-cybersicherheit-als-strategischen-vorteil\/#primaryimage","url":"https:\/\/www.m-q.ch\/wp-content\/uploads\/2024\/12\/Cybersicherheit_Bild1.jpg","contentUrl":"https:\/\/www.m-q.ch\/wp-content\/uploads\/2024\/12\/Cybersicherheit_Bild1.jpg"},{"@type":"BreadcrumbList","@id":"https:\/\/www.organisator.ch\/operational-excellence\/2025-01-03\/schweizer-unternehmen-setzten-verstaerkt-auf-cybersicherheit-als-strategischen-vorteil\/#breadcrumb","itemListElement":[{"@type":"ListItem","position":1,"name":"Home","item":"https:\/\/www.organisator.ch\/"},{"@type":"ListItem","position":2,"name":"Schweizer Unternehmen setzten verst\u00e4rkt auf Cybersicherheit als strategischen Vorteil"}]},{"@type":"WebSite","@id":"https:\/\/www.organisator.ch\/#website","url":"https:\/\/www.organisator.ch\/","name":"Organisateur","description":"Comp\u00e9tence et comp\u00e9tence. Proches de la pratique. L'ORGANISATEUR pr\u00e9pare 10 num\u00e9ros par an sur les th\u00e8mes essentiels pour les dirigeants de PME.","publisher":{"@id":"https:\/\/www.organisator.ch\/#organization"},"potentialAction":[{"@type":"SearchAction","target":{"@type":"EntryPoint","urlTemplate":"https:\/\/www.organisator.ch\/?s={search_term_string}"},"query-input":{"@type":"PropertyValueSpecification","valueRequired":true,"valueName":"search_term_string"}}],"inLanguage":"fr-FR"},{"@type":"Organization","@id":"https:\/\/www.organisator.ch\/#organization","name":"Organisateur","url":"https:\/\/www.organisator.ch\/","logo":{"@type":"ImageObject","inLanguage":"fr-FR","@id":"https:\/\/www.organisator.ch\/#\/schema\/logo\/image\/","url":"https:\/\/www.organisator.ch\/wp-content\/uploads\/2022\/01\/Logo_Organisator_Website.png","contentUrl":"https:\/\/www.organisator.ch\/wp-content\/uploads\/2022\/01\/Logo_Organisator_Website.png","width":800,"height":77,"caption":"Organisator"},"image":{"@id":"https:\/\/www.organisator.ch\/#\/schema\/logo\/image\/"},"sameAs":["https:\/\/www.facebook.com\/OrganisatorFachmagazin","https:\/\/www.linkedin.com\/showcase\/organisator-das-magazin-fr-kmu","https:\/\/www.xing.com\/news\/pages\/organisator-ch-695","https:\/\/www.youtube.com\/channel\/UCGP2Sq0iWaZwT3BdIAQFYpw"]},{"@type":"Person","@id":"https:\/\/www.organisator.ch\/#\/schema\/person\/afccda3a71c06d4be2ed9100dd163db7","name":"Dzana Muminovic","image":{"@type":"ImageObject","inLanguage":"fr-FR","@id":"https:\/\/secure.gravatar.com\/avatar\/909c5c71aff4b38e88686f2ab2f1ba152571f394f41ed8bae431ea56ced93050?s=96&d=mm&r=g","url":"https:\/\/secure.gravatar.com\/avatar\/909c5c71aff4b38e88686f2ab2f1ba152571f394f41ed8bae431ea56ced93050?s=96&d=mm&r=g","contentUrl":"https:\/\/secure.gravatar.com\/avatar\/909c5c71aff4b38e88686f2ab2f1ba152571f394f41ed8bae431ea56ced93050?s=96&d=mm&r=g","caption":"Dzana Muminovic"},"url":"https:\/\/www.organisator.ch\/fr\/author\/dzana-muminovic\/"}]}},"_links":{"self":[{"href":"https:\/\/www.organisator.ch\/fr\/wp-json\/wp\/v2\/posts\/34896","targetHints":{"allow":["GET"]}}],"collection":[{"href":"https:\/\/www.organisator.ch\/fr\/wp-json\/wp\/v2\/posts"}],"about":[{"href":"https:\/\/www.organisator.ch\/fr\/wp-json\/wp\/v2\/types\/post"}],"author":[{"embeddable":true,"href":"https:\/\/www.organisator.ch\/fr\/wp-json\/wp\/v2\/users\/80"}],"replies":[{"embeddable":true,"href":"https:\/\/www.organisator.ch\/fr\/wp-json\/wp\/v2\/comments?post=34896"}],"version-history":[{"count":6,"href":"https:\/\/www.organisator.ch\/fr\/wp-json\/wp\/v2\/posts\/34896\/revisions"}],"predecessor-version":[{"id":34918,"href":"https:\/\/www.organisator.ch\/fr\/wp-json\/wp\/v2\/posts\/34896\/revisions\/34918"}],"wp:attachment":[{"href":"https:\/\/www.organisator.ch\/fr\/wp-json\/wp\/v2\/media?parent=34896"}],"wp:term":[{"taxonomy":"category","embeddable":true,"href":"https:\/\/www.organisator.ch\/fr\/wp-json\/wp\/v2\/categories?post=34896"},{"taxonomy":"post_tag","embeddable":true,"href":"https:\/\/www.organisator.ch\/fr\/wp-json\/wp\/v2\/tags?post=34896"}],"curies":[{"name":"wp","href":"https:\/\/api.w.org\/{rel}","templated":true}]}}