{"id":3493,"date":"2018-04-25T08:03:46","date_gmt":"2018-04-25T06:03:46","guid":{"rendered":"https:\/\/www.organisator.ch\/?p=3493"},"modified":"2018-04-25T08:03:46","modified_gmt":"2018-04-25T06:03:46","slug":"artificial-intelligence-vs-mensch-wer-gewinnt","status":"publish","type":"post","link":"https:\/\/www.organisator.ch\/fr\/management\/it\/2018-04-25\/artificial-intelligence-vs-mensch-wer-gewinnt\/","title":{"rendered":"Intelligence artificielle vs. humain - qui gagnera ?"},"content":{"rendered":"<figure id=\"attachment_3494\" aria-describedby=\"caption-attachment-3494\" style=\"width: 640px\" class=\"wp-caption alignnone\"><img loading=\"lazy\" decoding=\"async\" class=\"size-full wp-image-3494\" src=\"https:\/\/www.organisator.ch\/wp-content\/uploads\/2018\/04\/Artificial-Intelligence-vs-Mensch-Wer-gewinnt_Organisator.jpg\" alt=\"\" width=\"640\" height=\"427\" srcset=\"https:\/\/www.organisator.ch\/wp-content\/uploads\/2018\/04\/Artificial-Intelligence-vs-Mensch-Wer-gewinnt_Organisator.jpg 640w, https:\/\/www.organisator.ch\/wp-content\/uploads\/2018\/04\/Artificial-Intelligence-vs-Mensch-Wer-gewinnt_Organisator-16x12.jpg 16w, https:\/\/www.organisator.ch\/wp-content\/uploads\/2018\/04\/Artificial-Intelligence-vs-Mensch-Wer-gewinnt_Organisator-262x175.jpg 262w, https:\/\/www.organisator.ch\/wp-content\/uploads\/2018\/04\/Artificial-Intelligence-vs-Mensch-Wer-gewinnt_Organisator-525x350.jpg 525w, https:\/\/www.organisator.ch\/wp-content\/uploads\/2018\/04\/Artificial-Intelligence-vs-Mensch-Wer-gewinnt_Organisator-300x200.jpg 300w\" sizes=\"auto, (max-width: 640px) 100vw, 640px\" \/><figcaption id=\"caption-attachment-3494\" class=\"wp-caption-text\">L'impact de l'intelligence artificielle sur l'homme et la soci\u00e9t\u00e9 \u00e9tait au centre du Digital Economic Forum de cette ann\u00e9e (photo : Digital Economic Forum).<\/figcaption><\/figure>\n<p>Le nouvel organisateur du DEF, Thomas Zwahlen, a op\u00e9r\u00e9 un petit changement de paradigme : alors que les manifestations des ann\u00e9es pr\u00e9c\u00e9dentes reposaient fortement sur la pr\u00e9sence de conf\u00e9renciers de renom, l'\u00e9v\u00e9nement devrait \u00e0 l'avenir mettre davantage l'accent sur les effets de la num\u00e9risation sur l'\u00eatre humain. Le 24 avril, le public a pu en avoir un premier avant-go\u00fbt, tout \u00e0 fait r\u00e9ussi. Les effets de l'intelligence artificielle sur diff\u00e9rents domaines de la vie et secteurs ont \u00e9t\u00e9 au centre des expos\u00e9s.<\/p>\n<p>Le public a \u00e9t\u00e9 accueilli par la conseill\u00e8re d'Etat zurichoise et directrice de l'\u00e9conomie publique Carmen Walker Sp\u00e4h. Elle a soulign\u00e9 que Zurich \u00e9tait devenu un site leader dans le domaine des TIC. L'industrie 4.0 exige une \u00e9norme pression d'adaptation pour tous les acteurs, a d\u00e9clar\u00e9 Carmen Walker Sp\u00e4h. Mais il faut aussi une politique 4.0 qui n'\u00e9touffe pas l'innovation par le mode de r\u00e9gulation. Stephan Sigrist, directeur du think tank W.I.R.E et co-auteur de l'\u00e9tude \"Avenir de la Suisse num\u00e9rique\", a demand\u00e9 une nouvelle approche pour aborder l'avenir num\u00e9rique inconnu, une perspective diff\u00e9renci\u00e9e au-del\u00e0 des mythes habituels. La num\u00e9risation est aujourd'hui une normalit\u00e9. L'innovation doit toutefois se concentrer sur les personnes et la soci\u00e9t\u00e9. \"Eteindre l'ordinateur - allumer le cerveau\", tel \u00e9tait son message, car la technologie seule ne pourra pas y rem\u00e9dier.<\/p>\n<h2>R\u00f4le de leader de la Suisse pour AI<\/h2>\n<p>Lukas Sieber, cofondateur de Mindfire &amp; Executive Director North America Greater Zurich Area (GZA), a estim\u00e9 que le monde s'\u00e9tait \"d\u00e9fonc\u00e9\" \u00e0 la blockchain et \u00e0 la crypto au cours des derni\u00e8res ann\u00e9es. Mais il ne faut pas se laisser aveugler, la plupart de ces technologies sont de la \"camelote\". Avec son cofondateur Pascal Kaufmann, Sieber a pr\u00e9sent\u00e9 le livre blanc qui vient d'\u00eatre publi\u00e9 par Mindfire, un projet \u00e0 but non lucratif qui veut d\u00e9coder le cerveau humain avec les 100 personnes les plus intelligentes dans les ann\u00e9es \u00e0 venir. Mindfire a \u00e9t\u00e9 cr\u00e9\u00e9 pour que la Suisse puisse prendre la t\u00eate du domaine de l'IA et que le d\u00e9veloppement ne soit pas laiss\u00e9 aux particuliers ou aux entreprises. Les r\u00e9sultats du projet devraient donc \u00eatre mis \u00e0 la disposition de tous et les licences correspondantes pour les apports innovants des participants devraient \u00eatre refinanc\u00e9es par le biais de l'IOC (blockchain\/token) afin de cr\u00e9er de la valeur.<\/p>\n<p>Matthias Plattner, Head Technology &amp; Platform Innovation - Global Financial Intermediaries UBS AG, a estim\u00e9 que l'activit\u00e9 bancaire serait \u00e0 l'avenir fortement d\u00e9pendante des technologies dites \"augment\u00e9es\". Il faut comprendre les risques et saisir les opportunit\u00e9s afin de pouvoir conseiller les gens de mani\u00e8re compl\u00e8te et surtout en toute confiance. Karsten Stampa, COO\/CFO Healthbank Innovation AG, a ensuite abord\u00e9 le th\u00e8me de la confiance : \"Sans confiance, beaucoup de potentiel est gaspill\u00e9 dans la sant\u00e9 num\u00e9rique\", a expliqu\u00e9 Stampa. La sant\u00e9 num\u00e9rique peut apporter un nombre incroyable d'avantages gr\u00e2ce aux \"Live Data of Real Live\". Il faut toutefois renoncer aux syst\u00e8mes ferm\u00e9s et renforcer la protection des donn\u00e9es chez l'utilisateur lui-m\u00eame, et la confiance sera alors au rendez-vous.<\/p>\n<h2>Attention au darknet et \u00e0 007 !<\/h2>\n<p>Le Danois Hans Ulrik Staehr, fondateur de MarketScape, Denmark et cofondateur de Munit.io, a donn\u00e9 un aper\u00e7u impressionnant des processus et des affaires ill\u00e9gales (drogues, armes, cybercriminalit\u00e9) dans le Darknet cach\u00e9, en utilisant une combinaison de Crypto assets et le navigateur TOR. Le Darknet est une menace, mais aussi une occasion de reconna\u00eetre les processus criminels et la psychologie criminelle. Dans un expos\u00e9 efficace, la profileuse Suzanne Grieger-Langer a expliqu\u00e9 comment trouver les types de 007 et \u00e9viter les types de 08.15. Elle a \u00e9galement expliqu\u00e9 que le profilage \u00e9tait un \u00e9l\u00e9ment essentiel de la lutte contre le terrorisme. La ressource la plus importante aujourd'hui est le savoir. La communication et la coop\u00e9ration \u00e0 un niveau sup\u00e9rieur sont aujourd'hui num\u00e9riques. Les (00)7 aptitudes Orientation ; D\u00e9cision ; Focalisation ; Discipline ; Attention ; Ajustement et Individualit\u00e9 constituent l'\"Homo Deus\", la personnalit\u00e9 du leader.<\/p>\n<p>Andrew Garrihy, Chief Marketing Officer Consumer Business, Western Europe de l'entreprise technologique chinoise Huawei a pr\u00e9sent\u00e9 son entreprise et sa compr\u00e9hension de l'intelligence artificielle (IA). \"Nous pensons que l'IA doit \u00eatre au service de l'humanit\u00e9\", a expliqu\u00e9 Andrew Garrihy. Elle devrait contribuer \u00e0 renforcer le potentiel du cerveau humain. \"Un jour, les machines nous d\u00e9passeront dans un sens mat\u00e9rialiste\", a pr\u00e9dit le professeur Joachim Buhmann de l'ETH Zurich (<a href=\"https:\/\/www.organisator.ch\/wp-content\/uploads\/2018\/04\/ORG_2018_04_38-39.pdf\">voir aussi le rapport dans ORGANISATOR 4-2018<\/a>). L'objectif serait d'avoir des algorithmes auto-apprenants qui explorent la r\u00e9alit\u00e9. Patrick Schraut, vice-pr\u00e9sident Consulting Europe chez NTT Security, a estim\u00e9 que la s\u00e9curit\u00e9 informatique \u00e9tait en train de passer du statut de niche \u00e0 celui de moteur d'activit\u00e9 et de partie int\u00e9grante de la cha\u00eene de cr\u00e9ation de valeur d'une entreprise. Elle deviendrait ainsi \u00e0 la fois un avantage concurrentiel et un facteur de succ\u00e8s.<\/p>\n<h2>Les r\u00e9seaux neuronaux artificiels changent le monde<\/h2>\n<p>L'ing\u00e9nieur Deep Learning de NVIDIA LTD, Adam Grzywaczewski, a impressionn\u00e9 le public avec son expos\u00e9 sur la \"d\u00e9mystification de l'intelligence artificielle\". Gr\u00e2ce \u00e0 des quantit\u00e9s de donn\u00e9es de plus en plus importantes, \u00e0 l'am\u00e9lioration des performances des ordinateurs et \u00e0 leur mise en r\u00e9seau, il est aujourd'hui possible de cr\u00e9er des r\u00e9seaux neuronaux artificiels \u00e0 fort potentiel d'application. Les v\u00e9hicules autonomes, une meilleure d\u00e9tection des maladies ou les robots intelligents en sont des exemples, a expliqu\u00e9 Grzywaczewski. Ces r\u00e9seaux neuronaux artificiels transformeraient l'\u00e9conomie et la soci\u00e9t\u00e9. En revanche, Thomas Asger Hansen, Senior Manager, Big Data, AI &amp; IoT Lab, Grundfos A\/S, a estim\u00e9 que l'IA devrait \u00eatre utilis\u00e9e pour am\u00e9liorer les performances humaines et \u00eatre mise en \u0153uvre par un \"syst\u00e8me intelligent\" qui orchestre une multitude de paradigmes plut\u00f4t que de miser sur un seul paradigme. \"Notre vision est de simplifier et d'automatiser autant que possible la maintenance - m\u00eame pour les syst\u00e8mes complexes - afin que m\u00eame les non-sp\u00e9cialistes puissent effectuer toute une s\u00e9rie de t\u00e2ches complexes en toute s\u00e9curit\u00e9\", a expliqu\u00e9 Hansen.<\/p>\n<p><a href=\"http:\/\/www.digitaleconomicforum.ch\"><em>www.digitaleconomicforum.ch<\/em><\/a><\/p>\n<p>&nbsp;<\/p>","protected":false},"excerpt":{"rendered":"<p>Der neue DEF-Organisator Thomas Zwahlen vollzog einen kleinen Paradigmawechsel: W\u00e4hrend die Veranstaltungen der Vorjahre stark von der Prominenz von Referenten lebten, soll der Anlass insk\u00fcnftig verst\u00e4rkt die Auswirkungen der Digitalisierung auf den Menschen in den Vordergrund r\u00fccken. Am 24. April erhielt das Publikum einen ersten &#8211; durchaus gelungenen &#8211; Vorgeschmack davon. Auswirkungen von Artificial Intelligence [&hellip;]<\/p>\n","protected":false},"author":4,"featured_media":3494,"comment_status":"open","ping_status":"open","sticky":false,"template":"","format":"standard","meta":{"_acf_changed":false,"_yoast_wpseo_focuskw":"Artificial Intelligence","_yoast_wpseo_metadesc":"Verschiedenste Aspekte und Sichtweisen zu Artificial Intelligence (AI) dominierten das 4. Digital Economic Forum 2018 (DEF) im Park Hyatt in Z\u00fcrich. Das Publikum erhielt dazu von erfahrenen Referenten verschiedenste Ans\u00e4tze zur k\u00fcnstlichen Intelligenz (AI) und deren Potenzial f\u00fcr k\u00fcnftige Anwendungen.","articlekey":"","footnotes":""},"categories":[27],"tags":[156,286,319,502],"class_list":["post-3493","post","type-post","status-publish","format-standard","has-post-thumbnail","hentry","category-it","tag-digitalisierung","tag-it","tag-kuenstliche-intelligenz","tag-veranstaltungen"],"acf":[],"yoast_head":"<!-- This site is optimized with the Yoast SEO plugin v27.5 - https:\/\/yoast.com\/product\/yoast-seo-wordpress\/ -->\n<title>Artificial Intelligence vs. Mensch \u2013 Wer gewinnt? - Organisator<\/title>\n<meta name=\"description\" content=\"Verschiedenste Aspekte und Sichtweisen zu Artificial Intelligence (AI) dominierten das 4. Digital Economic Forum 2018 (DEF) im Park Hyatt in Z\u00fcrich. Das Publikum erhielt dazu von erfahrenen Referenten verschiedenste Ans\u00e4tze zur k\u00fcnstlichen Intelligenz (AI) und deren Potenzial f\u00fcr k\u00fcnftige Anwendungen.\" \/>\n<meta name=\"robots\" content=\"index, follow, max-snippet:-1, max-image-preview:large, max-video-preview:-1\" \/>\n<link rel=\"canonical\" href=\"https:\/\/www.organisator.ch\/fr\/gestion-2\/it\/2018-04-25\/artificial-intelligence-vs-mensch-wer-gewinnt\/\" \/>\n<meta property=\"og:locale\" content=\"fr_FR\" \/>\n<meta property=\"og:type\" content=\"article\" \/>\n<meta property=\"og:title\" content=\"Artificial Intelligence vs. Mensch \u2013 Wer gewinnt?\" \/>\n<meta property=\"og:description\" content=\"Verschiedenste Aspekte und Sichtweisen zu Artificial Intelligence (#AI) dominierten das 4. Digital Economic Forum 2018 (#DEF) im Park Hyatt in Z\u00fcrich. Das Publikum erhielt dazu von erfahrenen Referenten verschiedenste Ans\u00e4tze zur k\u00fcnstlichen Intelligenz (AI) und deren Potenzial f\u00fcr k\u00fcnftige Anwendungen.\" \/>\n<meta property=\"og:url\" content=\"https:\/\/www.organisator.ch\/fr\/gestion-2\/it\/2018-04-25\/artificial-intelligence-vs-mensch-wer-gewinnt\/\" \/>\n<meta property=\"og:site_name\" content=\"Organisator\" \/>\n<meta property=\"article:publisher\" content=\"https:\/\/www.facebook.com\/OrganisatorFachmagazin\" \/>\n<meta property=\"article:published_time\" content=\"2018-04-25T06:03:46+00:00\" \/>\n<meta property=\"og:image\" content=\"https:\/\/www.organisator.ch\/wp-content\/uploads\/2018\/04\/Artificial-Intelligence-vs-Mensch-Wer-gewinnt_Organisator.jpg\" \/>\n\t<meta property=\"og:image:width\" content=\"640\" \/>\n\t<meta property=\"og:image:height\" content=\"427\" \/>\n\t<meta property=\"og:image:type\" content=\"image\/jpeg\" \/>\n<meta name=\"author\" content=\"thomas.berner\" \/>\n<meta name=\"twitter:card\" content=\"summary_large_image\" \/>\n<meta name=\"twitter:title\" content=\"#Artificial Intelligence vs. Mensch \u2013 Wer gewinnt?\" \/>\n<meta name=\"twitter:description\" content=\"Verschiedenste Aspekte und Sichtweisen zu Artificial Intelligence (#AI) dominierten das 4. Digital Economic Forum 2018 (#DEF) im Park Hyatt in Z\u00fcrich. Das Publikum erhielt dazu von erfahrenen Referenten verschiedenste Ans\u00e4tze zur k\u00fcnstlichen Intelligenz (AI) und deren Potenzial f\u00fcr k\u00fcnftige Anwendungen.\" \/>\n<meta name=\"twitter:image\" content=\"https:\/\/www.organisator.ch\/wp-content\/uploads\/2018\/04\/Artificial-Intelligence-vs-Mensch-Wer-gewinnt_Organisator.jpg\" \/>\n<script type=\"application\/ld+json\" class=\"yoast-schema-graph\">{\"@context\":\"https:\\\/\\\/schema.org\",\"@graph\":[{\"@type\":\"Article\",\"@id\":\"https:\\\/\\\/www.organisator.ch\\\/management\\\/it\\\/2018-04-25\\\/artificial-intelligence-vs-mensch-wer-gewinnt\\\/#article\",\"isPartOf\":{\"@id\":\"https:\\\/\\\/www.organisator.ch\\\/management\\\/it\\\/2018-04-25\\\/artificial-intelligence-vs-mensch-wer-gewinnt\\\/\"},\"author\":{\"name\":\"thomas.berner\",\"@id\":\"https:\\\/\\\/www.organisator.ch\\\/#\\\/schema\\\/person\\\/6f650f90b2842cd4c0cc334b4e36f67e\"},\"headline\":\"Artificial Intelligence vs. Mensch \u2013 Wer gewinnt?\",\"datePublished\":\"2018-04-25T06:03:46+00:00\",\"mainEntityOfPage\":{\"@id\":\"https:\\\/\\\/www.organisator.ch\\\/management\\\/it\\\/2018-04-25\\\/artificial-intelligence-vs-mensch-wer-gewinnt\\\/\"},\"wordCount\":903,\"commentCount\":0,\"publisher\":{\"@id\":\"https:\\\/\\\/www.organisator.ch\\\/#organization\"},\"image\":{\"@id\":\"https:\\\/\\\/www.organisator.ch\\\/management\\\/it\\\/2018-04-25\\\/artificial-intelligence-vs-mensch-wer-gewinnt\\\/#primaryimage\"},\"thumbnailUrl\":\"https:\\\/\\\/www.organisator.ch\\\/wp-content\\\/uploads\\\/2018\\\/04\\\/Artificial-Intelligence-vs-Mensch-Wer-gewinnt_Organisator.jpg\",\"keywords\":[\"Digitalisierung\",\"IT\",\"K\u00fcnstliche Intelligenz\",\"Veranstaltungen\"],\"articleSection\":[\"IT\"],\"inLanguage\":\"fr-FR\"},{\"@type\":\"WebPage\",\"@id\":\"https:\\\/\\\/www.organisator.ch\\\/management\\\/it\\\/2018-04-25\\\/artificial-intelligence-vs-mensch-wer-gewinnt\\\/\",\"url\":\"https:\\\/\\\/www.organisator.ch\\\/management\\\/it\\\/2018-04-25\\\/artificial-intelligence-vs-mensch-wer-gewinnt\\\/\",\"name\":\"Artificial Intelligence vs. Mensch \u2013 Wer gewinnt? - Organisator\",\"isPartOf\":{\"@id\":\"https:\\\/\\\/www.organisator.ch\\\/#website\"},\"primaryImageOfPage\":{\"@id\":\"https:\\\/\\\/www.organisator.ch\\\/management\\\/it\\\/2018-04-25\\\/artificial-intelligence-vs-mensch-wer-gewinnt\\\/#primaryimage\"},\"image\":{\"@id\":\"https:\\\/\\\/www.organisator.ch\\\/management\\\/it\\\/2018-04-25\\\/artificial-intelligence-vs-mensch-wer-gewinnt\\\/#primaryimage\"},\"thumbnailUrl\":\"https:\\\/\\\/www.organisator.ch\\\/wp-content\\\/uploads\\\/2018\\\/04\\\/Artificial-Intelligence-vs-Mensch-Wer-gewinnt_Organisator.jpg\",\"datePublished\":\"2018-04-25T06:03:46+00:00\",\"description\":\"Verschiedenste Aspekte und Sichtweisen zu Artificial Intelligence (AI) dominierten das 4. Digital Economic Forum 2018 (DEF) im Park Hyatt in Z\u00fcrich. Das Publikum erhielt dazu von erfahrenen Referenten verschiedenste Ans\u00e4tze zur k\u00fcnstlichen Intelligenz (AI) und deren Potenzial f\u00fcr k\u00fcnftige Anwendungen.\",\"breadcrumb\":{\"@id\":\"https:\\\/\\\/www.organisator.ch\\\/management\\\/it\\\/2018-04-25\\\/artificial-intelligence-vs-mensch-wer-gewinnt\\\/#breadcrumb\"},\"inLanguage\":\"fr-FR\",\"potentialAction\":[{\"@type\":\"ReadAction\",\"target\":[\"https:\\\/\\\/www.organisator.ch\\\/management\\\/it\\\/2018-04-25\\\/artificial-intelligence-vs-mensch-wer-gewinnt\\\/\"]}]},{\"@type\":\"ImageObject\",\"inLanguage\":\"fr-FR\",\"@id\":\"https:\\\/\\\/www.organisator.ch\\\/management\\\/it\\\/2018-04-25\\\/artificial-intelligence-vs-mensch-wer-gewinnt\\\/#primaryimage\",\"url\":\"https:\\\/\\\/www.organisator.ch\\\/wp-content\\\/uploads\\\/2018\\\/04\\\/Artificial-Intelligence-vs-Mensch-Wer-gewinnt_Organisator.jpg\",\"contentUrl\":\"https:\\\/\\\/www.organisator.ch\\\/wp-content\\\/uploads\\\/2018\\\/04\\\/Artificial-Intelligence-vs-Mensch-Wer-gewinnt_Organisator.jpg\",\"width\":640,\"height\":427,\"caption\":\"Die Auswirkungen von Artificial Intelligence auf Mensch und Gesellschaft standen am diesj\u00e4hrigen Digital Economic Forum im Zentrum (Bild: Digital Economic Forum).\"},{\"@type\":\"BreadcrumbList\",\"@id\":\"https:\\\/\\\/www.organisator.ch\\\/management\\\/it\\\/2018-04-25\\\/artificial-intelligence-vs-mensch-wer-gewinnt\\\/#breadcrumb\",\"itemListElement\":[{\"@type\":\"ListItem\",\"position\":1,\"name\":\"Home\",\"item\":\"https:\\\/\\\/www.organisator.ch\\\/\"},{\"@type\":\"ListItem\",\"position\":2,\"name\":\"Artificial Intelligence vs. Mensch \u2013 Wer gewinnt?\"}]},{\"@type\":\"WebSite\",\"@id\":\"https:\\\/\\\/www.organisator.ch\\\/#website\",\"url\":\"https:\\\/\\\/www.organisator.ch\\\/\",\"name\":\"Organisator\",\"description\":\"Kompetent. Praxisnah. Der ORGANISATOR bereitet in 10 Ausgaben pro Jahr die wesentlichen Themen f\u00fcr F\u00fchrungskr\u00e4fte von KMU auf.\",\"publisher\":{\"@id\":\"https:\\\/\\\/www.organisator.ch\\\/#organization\"},\"potentialAction\":[{\"@type\":\"SearchAction\",\"target\":{\"@type\":\"EntryPoint\",\"urlTemplate\":\"https:\\\/\\\/www.organisator.ch\\\/?s={search_term_string}\"},\"query-input\":{\"@type\":\"PropertyValueSpecification\",\"valueRequired\":true,\"valueName\":\"search_term_string\"}}],\"inLanguage\":\"fr-FR\"},{\"@type\":\"Organization\",\"@id\":\"https:\\\/\\\/www.organisator.ch\\\/#organization\",\"name\":\"Organisator\",\"url\":\"https:\\\/\\\/www.organisator.ch\\\/\",\"logo\":{\"@type\":\"ImageObject\",\"inLanguage\":\"fr-FR\",\"@id\":\"https:\\\/\\\/www.organisator.ch\\\/#\\\/schema\\\/logo\\\/image\\\/\",\"url\":\"https:\\\/\\\/www.organisator.ch\\\/wp-content\\\/uploads\\\/2022\\\/01\\\/Logo_Organisator_Website.png\",\"contentUrl\":\"https:\\\/\\\/www.organisator.ch\\\/wp-content\\\/uploads\\\/2022\\\/01\\\/Logo_Organisator_Website.png\",\"width\":800,\"height\":77,\"caption\":\"Organisator\"},\"image\":{\"@id\":\"https:\\\/\\\/www.organisator.ch\\\/#\\\/schema\\\/logo\\\/image\\\/\"},\"sameAs\":[\"https:\\\/\\\/www.facebook.com\\\/OrganisatorFachmagazin\",\"https:\\\/\\\/www.linkedin.com\\\/showcase\\\/organisator-das-magazin-fr-kmu\",\"https:\\\/\\\/www.xing.com\\\/news\\\/pages\\\/organisator-ch-695\",\"https:\\\/\\\/www.youtube.com\\\/channel\\\/UCGP2Sq0iWaZwT3BdIAQFYpw\"]},{\"@type\":\"Person\",\"@id\":\"https:\\\/\\\/www.organisator.ch\\\/#\\\/schema\\\/person\\\/6f650f90b2842cd4c0cc334b4e36f67e\",\"name\":\"thomas.berner\",\"image\":{\"@type\":\"ImageObject\",\"inLanguage\":\"fr-FR\",\"@id\":\"https:\\\/\\\/secure.gravatar.com\\\/avatar\\\/ac5001d2a36cb6c6cd3e50789007ffca834b477b74a2144564522e944eabff61?s=96&d=mm&r=g\",\"url\":\"https:\\\/\\\/secure.gravatar.com\\\/avatar\\\/ac5001d2a36cb6c6cd3e50789007ffca834b477b74a2144564522e944eabff61?s=96&d=mm&r=g\",\"contentUrl\":\"https:\\\/\\\/secure.gravatar.com\\\/avatar\\\/ac5001d2a36cb6c6cd3e50789007ffca834b477b74a2144564522e944eabff61?s=96&d=mm&r=g\",\"caption\":\"thomas.berner\"},\"url\":\"https:\\\/\\\/www.organisator.ch\\\/fr\\\/author\\\/thomas-berner\\\/\"}]}<\/script>\n<!-- \/ Yoast SEO plugin. -->","yoast_head_json":{"title":"Intelligence artificielle vs. humain - qui gagnera ? - Organisateur","description":"Les aspects et les points de vue les plus divers sur l'intelligence artificielle (IA) ont domin\u00e9 le 4e Digital Economic Forum 2018 (DEF) au Park Hyatt de Zurich. Des conf\u00e9renciers exp\u00e9riment\u00e9s ont pr\u00e9sent\u00e9 au public les approches les plus diverses de l'intelligence artificielle (IA) et son potentiel pour les applications futures.","robots":{"index":"index","follow":"follow","max-snippet":"max-snippet:-1","max-image-preview":"max-image-preview:large","max-video-preview":"max-video-preview:-1"},"canonical":"https:\/\/www.organisator.ch\/fr\/gestion-2\/it\/2018-04-25\/artificial-intelligence-vs-mensch-wer-gewinnt\/","og_locale":"fr_FR","og_type":"article","og_title":"Artificial Intelligence vs. Mensch \u2013 Wer gewinnt?","og_description":"Verschiedenste Aspekte und Sichtweisen zu Artificial Intelligence (#AI) dominierten das 4. Digital Economic Forum 2018 (#DEF) im Park Hyatt in Z\u00fcrich. Das Publikum erhielt dazu von erfahrenen Referenten verschiedenste Ans\u00e4tze zur k\u00fcnstlichen Intelligenz (AI) und deren Potenzial f\u00fcr k\u00fcnftige Anwendungen.","og_url":"https:\/\/www.organisator.ch\/fr\/gestion-2\/it\/2018-04-25\/artificial-intelligence-vs-mensch-wer-gewinnt\/","og_site_name":"Organisator","article_publisher":"https:\/\/www.facebook.com\/OrganisatorFachmagazin","article_published_time":"2018-04-25T06:03:46+00:00","og_image":[{"width":640,"height":427,"url":"https:\/\/www.organisator.ch\/wp-content\/uploads\/2018\/04\/Artificial-Intelligence-vs-Mensch-Wer-gewinnt_Organisator.jpg","type":"image\/jpeg"}],"author":"thomas.berner","twitter_card":"summary_large_image","twitter_title":"#Artificial Intelligence vs. Mensch \u2013 Wer gewinnt?","twitter_description":"Verschiedenste Aspekte und Sichtweisen zu Artificial Intelligence (#AI) dominierten das 4. Digital Economic Forum 2018 (#DEF) im Park Hyatt in Z\u00fcrich. Das Publikum erhielt dazu von erfahrenen Referenten verschiedenste Ans\u00e4tze zur k\u00fcnstlichen Intelligenz (AI) und deren Potenzial f\u00fcr k\u00fcnftige Anwendungen.","twitter_image":"https:\/\/www.organisator.ch\/wp-content\/uploads\/2018\/04\/Artificial-Intelligence-vs-Mensch-Wer-gewinnt_Organisator.jpg","schema":{"@context":"https:\/\/schema.org","@graph":[{"@type":"Article","@id":"https:\/\/www.organisator.ch\/management\/it\/2018-04-25\/artificial-intelligence-vs-mensch-wer-gewinnt\/#article","isPartOf":{"@id":"https:\/\/www.organisator.ch\/management\/it\/2018-04-25\/artificial-intelligence-vs-mensch-wer-gewinnt\/"},"author":{"name":"thomas.berner","@id":"https:\/\/www.organisator.ch\/#\/schema\/person\/6f650f90b2842cd4c0cc334b4e36f67e"},"headline":"Artificial Intelligence vs. Mensch \u2013 Wer gewinnt?","datePublished":"2018-04-25T06:03:46+00:00","mainEntityOfPage":{"@id":"https:\/\/www.organisator.ch\/management\/it\/2018-04-25\/artificial-intelligence-vs-mensch-wer-gewinnt\/"},"wordCount":903,"commentCount":0,"publisher":{"@id":"https:\/\/www.organisator.ch\/#organization"},"image":{"@id":"https:\/\/www.organisator.ch\/management\/it\/2018-04-25\/artificial-intelligence-vs-mensch-wer-gewinnt\/#primaryimage"},"thumbnailUrl":"https:\/\/www.organisator.ch\/wp-content\/uploads\/2018\/04\/Artificial-Intelligence-vs-Mensch-Wer-gewinnt_Organisator.jpg","keywords":["Digitalisierung","IT","K\u00fcnstliche Intelligenz","Veranstaltungen"],"articleSection":["IT"],"inLanguage":"fr-FR"},{"@type":"WebPage","@id":"https:\/\/www.organisator.ch\/management\/it\/2018-04-25\/artificial-intelligence-vs-mensch-wer-gewinnt\/","url":"https:\/\/www.organisator.ch\/management\/it\/2018-04-25\/artificial-intelligence-vs-mensch-wer-gewinnt\/","name":"Intelligence artificielle vs. humain - qui gagnera ? - Organisateur","isPartOf":{"@id":"https:\/\/www.organisator.ch\/#website"},"primaryImageOfPage":{"@id":"https:\/\/www.organisator.ch\/management\/it\/2018-04-25\/artificial-intelligence-vs-mensch-wer-gewinnt\/#primaryimage"},"image":{"@id":"https:\/\/www.organisator.ch\/management\/it\/2018-04-25\/artificial-intelligence-vs-mensch-wer-gewinnt\/#primaryimage"},"thumbnailUrl":"https:\/\/www.organisator.ch\/wp-content\/uploads\/2018\/04\/Artificial-Intelligence-vs-Mensch-Wer-gewinnt_Organisator.jpg","datePublished":"2018-04-25T06:03:46+00:00","description":"Les aspects et les points de vue les plus divers sur l'intelligence artificielle (IA) ont domin\u00e9 le 4e Digital Economic Forum 2018 (DEF) au Park Hyatt de Zurich. Des conf\u00e9renciers exp\u00e9riment\u00e9s ont pr\u00e9sent\u00e9 au public les approches les plus diverses de l'intelligence artificielle (IA) et son potentiel pour les applications futures.","breadcrumb":{"@id":"https:\/\/www.organisator.ch\/management\/it\/2018-04-25\/artificial-intelligence-vs-mensch-wer-gewinnt\/#breadcrumb"},"inLanguage":"fr-FR","potentialAction":[{"@type":"ReadAction","target":["https:\/\/www.organisator.ch\/management\/it\/2018-04-25\/artificial-intelligence-vs-mensch-wer-gewinnt\/"]}]},{"@type":"ImageObject","inLanguage":"fr-FR","@id":"https:\/\/www.organisator.ch\/management\/it\/2018-04-25\/artificial-intelligence-vs-mensch-wer-gewinnt\/#primaryimage","url":"https:\/\/www.organisator.ch\/wp-content\/uploads\/2018\/04\/Artificial-Intelligence-vs-Mensch-Wer-gewinnt_Organisator.jpg","contentUrl":"https:\/\/www.organisator.ch\/wp-content\/uploads\/2018\/04\/Artificial-Intelligence-vs-Mensch-Wer-gewinnt_Organisator.jpg","width":640,"height":427,"caption":"Die Auswirkungen von Artificial Intelligence auf Mensch und Gesellschaft standen am diesj\u00e4hrigen Digital Economic Forum im Zentrum (Bild: Digital Economic Forum)."},{"@type":"BreadcrumbList","@id":"https:\/\/www.organisator.ch\/management\/it\/2018-04-25\/artificial-intelligence-vs-mensch-wer-gewinnt\/#breadcrumb","itemListElement":[{"@type":"ListItem","position":1,"name":"Home","item":"https:\/\/www.organisator.ch\/"},{"@type":"ListItem","position":2,"name":"Artificial Intelligence vs. Mensch \u2013 Wer gewinnt?"}]},{"@type":"WebSite","@id":"https:\/\/www.organisator.ch\/#website","url":"https:\/\/www.organisator.ch\/","name":"Organisateur","description":"Comp\u00e9tence et comp\u00e9tence. Proches de la pratique. L'ORGANISATEUR pr\u00e9pare 10 num\u00e9ros par an sur les th\u00e8mes essentiels pour les dirigeants de PME.","publisher":{"@id":"https:\/\/www.organisator.ch\/#organization"},"potentialAction":[{"@type":"SearchAction","target":{"@type":"EntryPoint","urlTemplate":"https:\/\/www.organisator.ch\/?s={search_term_string}"},"query-input":{"@type":"PropertyValueSpecification","valueRequired":true,"valueName":"search_term_string"}}],"inLanguage":"fr-FR"},{"@type":"Organization","@id":"https:\/\/www.organisator.ch\/#organization","name":"Organisateur","url":"https:\/\/www.organisator.ch\/","logo":{"@type":"ImageObject","inLanguage":"fr-FR","@id":"https:\/\/www.organisator.ch\/#\/schema\/logo\/image\/","url":"https:\/\/www.organisator.ch\/wp-content\/uploads\/2022\/01\/Logo_Organisator_Website.png","contentUrl":"https:\/\/www.organisator.ch\/wp-content\/uploads\/2022\/01\/Logo_Organisator_Website.png","width":800,"height":77,"caption":"Organisator"},"image":{"@id":"https:\/\/www.organisator.ch\/#\/schema\/logo\/image\/"},"sameAs":["https:\/\/www.facebook.com\/OrganisatorFachmagazin","https:\/\/www.linkedin.com\/showcase\/organisator-das-magazin-fr-kmu","https:\/\/www.xing.com\/news\/pages\/organisator-ch-695","https:\/\/www.youtube.com\/channel\/UCGP2Sq0iWaZwT3BdIAQFYpw"]},{"@type":"Person","@id":"https:\/\/www.organisator.ch\/#\/schema\/person\/6f650f90b2842cd4c0cc334b4e36f67e","name":"thomas.berner","image":{"@type":"ImageObject","inLanguage":"fr-FR","@id":"https:\/\/secure.gravatar.com\/avatar\/ac5001d2a36cb6c6cd3e50789007ffca834b477b74a2144564522e944eabff61?s=96&d=mm&r=g","url":"https:\/\/secure.gravatar.com\/avatar\/ac5001d2a36cb6c6cd3e50789007ffca834b477b74a2144564522e944eabff61?s=96&d=mm&r=g","contentUrl":"https:\/\/secure.gravatar.com\/avatar\/ac5001d2a36cb6c6cd3e50789007ffca834b477b74a2144564522e944eabff61?s=96&d=mm&r=g","caption":"thomas.berner"},"url":"https:\/\/www.organisator.ch\/fr\/author\/thomas-berner\/"}]}},"_links":{"self":[{"href":"https:\/\/www.organisator.ch\/fr\/wp-json\/wp\/v2\/posts\/3493","targetHints":{"allow":["GET"]}}],"collection":[{"href":"https:\/\/www.organisator.ch\/fr\/wp-json\/wp\/v2\/posts"}],"about":[{"href":"https:\/\/www.organisator.ch\/fr\/wp-json\/wp\/v2\/types\/post"}],"author":[{"embeddable":true,"href":"https:\/\/www.organisator.ch\/fr\/wp-json\/wp\/v2\/users\/4"}],"replies":[{"embeddable":true,"href":"https:\/\/www.organisator.ch\/fr\/wp-json\/wp\/v2\/comments?post=3493"}],"version-history":[{"count":0,"href":"https:\/\/www.organisator.ch\/fr\/wp-json\/wp\/v2\/posts\/3493\/revisions"}],"wp:featuredmedia":[{"embeddable":true,"href":"https:\/\/www.organisator.ch\/fr\/wp-json\/wp\/v2\/media\/3494"}],"wp:attachment":[{"href":"https:\/\/www.organisator.ch\/fr\/wp-json\/wp\/v2\/media?parent=3493"}],"wp:term":[{"taxonomy":"category","embeddable":true,"href":"https:\/\/www.organisator.ch\/fr\/wp-json\/wp\/v2\/categories?post=3493"},{"taxonomy":"post_tag","embeddable":true,"href":"https:\/\/www.organisator.ch\/fr\/wp-json\/wp\/v2\/tags?post=3493"}],"curies":[{"name":"wp","href":"https:\/\/api.w.org\/{rel}","templated":true}]}}