{"id":34945,"date":"2025-01-06T07:40:50","date_gmt":"2025-01-06T06:40:50","guid":{"rendered":"https:\/\/www.markt-kom.com\/?p=228506"},"modified":"2025-01-06T07:40:38","modified_gmt":"2025-01-06T06:40:38","slug":"adsfigures-sichert-sich-etat-der-bvz-holding","status":"publish","type":"post","link":"https:\/\/www.organisator.ch\/fr\/marketing\/2025-01-06\/adsfigures-sichert-sich-etat-der-bvz-holding\/","title":{"rendered":"Ads&amp;Figures s'assure le budget de la BVZ Holding"},"content":{"rendered":"<figure id=\"attachment_228507\" class=\"wp-caption aligncenter\" style=\"width: 1200px;\" aria-describedby=\"caption-attachment-228507\"><a href=\"https:\/\/www.markt-kom.com\/wp-content\/uploads\/2025\/01\/Gornergratbahn-Matterhorn-Herbst-2020-GGB-13.jpg\"><img class=\"size-full wp-image-228507\" src=\"https:\/\/www.markt-kom.com\/wp-content\/uploads\/2025\/01\/Gornergratbahn-Matterhorn-Herbst-2020-GGB-13.jpg\" sizes=\"(max-width: 1200px) 100vw, 1200px\" srcset=\"https:\/\/www.markt-kom.com\/wp-content\/uploads\/2025\/01\/Gornergratbahn-Matterhorn-Herbst-2020-GGB-13.jpg 1200w, https:\/\/www.markt-kom.com\/wp-content\/uploads\/2025\/01\/Gornergratbahn-Matterhorn-Herbst-2020-GGB-13-600x450.jpg 600w, https:\/\/www.markt-kom.com\/wp-content\/uploads\/2025\/01\/Gornergratbahn-Matterhorn-Herbst-2020-GGB-13-1024x768.jpg 1024w, https:\/\/www.markt-kom.com\/wp-content\/uploads\/2025\/01\/Gornergratbahn-Matterhorn-Herbst-2020-GGB-13-768x576.jpg 768w, https:\/\/www.markt-kom.com\/wp-content\/uploads\/2025\/01\/Gornergratbahn-Matterhorn-Herbst-2020-GGB-13-16x12.jpg 16w, https:\/\/www.markt-kom.com\/wp-content\/uploads\/2025\/01\/Gornergratbahn-Matterhorn-Herbst-2020-GGB-13-233x175.jpg 233w, https:\/\/www.markt-kom.com\/wp-content\/uploads\/2025\/01\/Gornergratbahn-Matterhorn-Herbst-2020-GGB-13-467x350.jpg 467w, https:\/\/www.markt-kom.com\/wp-content\/uploads\/2025\/01\/Gornergratbahn-Matterhorn-Herbst-2020-GGB-13-1000x750.jpg 1000w\" alt=\"\" width=\"1200\" height=\"900\" \/><\/a>\r\n<figcaption id=\"caption-attachment-228507\" class=\"wp-caption-text\">(Image : zVg.)<\/figcaption>\r\n<\/figure>\r\n<p>L'agence num\u00e9rique bernoise Ads&amp;Figures s'est impos\u00e9e lors d'un pitch et g\u00e8re depuis janvier 2025 le marketing de performance num\u00e9rique de la BVZ Holding pour le Matterhorn Gotthard Bahn et le Gornergrat Bahn.<\/p>\r\n<p>Ads&amp;Figures reprend les secteurs Social Media Advertising, Programmatic Advertising, Search Engine Advertising (SEA) et Data &amp; Analytics dans le but d'augmenter sensiblement la visibilit\u00e9 en ligne des deux chemins de fer sur le march\u00e9 suisse et international, et d'accro\u00eetre ainsi encore le nombre de r\u00e9servations en ligne.<\/p>","protected":false},"excerpt":{"rendered":"<p>L'agence bernoise Ads&amp;Figures a convaincu lors du pitch et sera responsable des m\u00e9dias sociaux, de la programmatique et du SEA pour le Matterhorn Gotthard Bahn et le Gornergrat Bahn \u00e0 partir de janvier 2025.<\/p>","protected":false},"author":8,"featured_media":0,"comment_status":"closed","ping_status":"closed","sticky":false,"template":"","format":"standard","meta":{"_acf_changed":false,"_yoast_wpseo_focuskw":"Ads&Figures","_yoast_wpseo_metadesc":"Ads&Figures \u00fcbernimmt ab Januar 2025 das digitale Performance-Marketing f\u00fcr Matterhorn Gotthard Bahn und Gornergrat Bahn.","articlekey":"","footnotes":""},"categories":[29],"tags":[4972,2855,3438],"class_list":["post-34945","post","type-post","status-publish","format-standard","hentry","category-marketing","tag-ads-figures","tag-etats","tag-oev"],"acf":[],"yoast_head":"<!-- This site is optimized with the Yoast SEO plugin v27.4 - https:\/\/yoast.com\/product\/yoast-seo-wordpress\/ -->\n<title>Ads&amp;Figures sichert sich Etat der BVZ Holding - Organisator<\/title>\n<meta name=\"description\" content=\"Ads&amp;Figures \u00fcbernimmt ab Januar 2025 das digitale Performance-Marketing f\u00fcr Matterhorn Gotthard Bahn und Gornergrat Bahn.\" \/>\n<meta name=\"robots\" content=\"index, follow, max-snippet:-1, max-image-preview:large, max-video-preview:-1\" \/>\n<link rel=\"canonical\" href=\"https:\/\/www.organisator.ch\/fr\/marketing\/2025-01-06\/adsfigures-sichert-sich-etat-der-bvz-holding\/\" \/>\n<meta property=\"og:locale\" content=\"fr_FR\" \/>\n<meta property=\"og:type\" content=\"article\" \/>\n<meta property=\"og:title\" content=\"Ads&amp;Figures sichert sich Etat der BVZ Holding - Organisator\" \/>\n<meta property=\"og:description\" content=\"Ads&amp;Figures \u00fcbernimmt ab Januar 2025 das digitale Performance-Marketing f\u00fcr Matterhorn Gotthard Bahn und Gornergrat Bahn.\" \/>\n<meta property=\"og:url\" content=\"https:\/\/www.organisator.ch\/fr\/marketing\/2025-01-06\/adsfigures-sichert-sich-etat-der-bvz-holding\/\" \/>\n<meta property=\"og:site_name\" content=\"Organisator\" \/>\n<meta property=\"article:publisher\" content=\"https:\/\/www.facebook.com\/OrganisatorFachmagazin\" \/>\n<meta property=\"article:published_time\" content=\"2025-01-06T06:40:50+00:00\" \/>\n<meta name=\"author\" content=\"galledia\" \/>\n<meta name=\"twitter:card\" content=\"summary_large_image\" \/>\n<meta name=\"twitter:creator\" content=\"@admin\" \/>\n<script type=\"application\/ld+json\" class=\"yoast-schema-graph\">{\"@context\":\"https:\\\/\\\/schema.org\",\"@graph\":[{\"@type\":\"Article\",\"@id\":\"https:\\\/\\\/www.organisator.ch\\\/marketing\\\/2025-01-06\\\/adsfigures-sichert-sich-etat-der-bvz-holding\\\/#article\",\"isPartOf\":{\"@id\":\"https:\\\/\\\/www.organisator.ch\\\/marketing\\\/2025-01-06\\\/adsfigures-sichert-sich-etat-der-bvz-holding\\\/\"},\"author\":{\"name\":\"galledia\",\"@id\":\"https:\\\/\\\/www.organisator.ch\\\/#\\\/schema\\\/person\\\/4e51799071cd2dd1232ac003643ef5f0\"},\"headline\":\"Ads&amp;Figures sichert sich Etat der BVZ Holding\",\"datePublished\":\"2025-01-06T06:40:50+00:00\",\"mainEntityOfPage\":{\"@id\":\"https:\\\/\\\/www.organisator.ch\\\/marketing\\\/2025-01-06\\\/adsfigures-sichert-sich-etat-der-bvz-holding\\\/\"},\"wordCount\":88,\"publisher\":{\"@id\":\"https:\\\/\\\/www.organisator.ch\\\/#organization\"},\"image\":{\"@id\":\"https:\\\/\\\/www.organisator.ch\\\/marketing\\\/2025-01-06\\\/adsfigures-sichert-sich-etat-der-bvz-holding\\\/#primaryimage\"},\"thumbnailUrl\":\"https:\\\/\\\/www.markt-kom.com\\\/wp-content\\\/uploads\\\/2025\\\/01\\\/Gornergratbahn-Matterhorn-Herbst-2020-GGB-13.jpg\",\"keywords\":[\"Ads &amp; Figures\",\"Etats\",\"\u00d6V\"],\"articleSection\":[\"MARKETING\"],\"inLanguage\":\"fr-FR\"},{\"@type\":\"WebPage\",\"@id\":\"https:\\\/\\\/www.organisator.ch\\\/marketing\\\/2025-01-06\\\/adsfigures-sichert-sich-etat-der-bvz-holding\\\/\",\"url\":\"https:\\\/\\\/www.organisator.ch\\\/marketing\\\/2025-01-06\\\/adsfigures-sichert-sich-etat-der-bvz-holding\\\/\",\"name\":\"Ads&amp;Figures sichert sich Etat der BVZ Holding - Organisator\",\"isPartOf\":{\"@id\":\"https:\\\/\\\/www.organisator.ch\\\/#website\"},\"primaryImageOfPage\":{\"@id\":\"https:\\\/\\\/www.organisator.ch\\\/marketing\\\/2025-01-06\\\/adsfigures-sichert-sich-etat-der-bvz-holding\\\/#primaryimage\"},\"image\":{\"@id\":\"https:\\\/\\\/www.organisator.ch\\\/marketing\\\/2025-01-06\\\/adsfigures-sichert-sich-etat-der-bvz-holding\\\/#primaryimage\"},\"thumbnailUrl\":\"https:\\\/\\\/www.markt-kom.com\\\/wp-content\\\/uploads\\\/2025\\\/01\\\/Gornergratbahn-Matterhorn-Herbst-2020-GGB-13.jpg\",\"datePublished\":\"2025-01-06T06:40:50+00:00\",\"description\":\"Ads&Figures \u00fcbernimmt ab Januar 2025 das digitale Performance-Marketing f\u00fcr Matterhorn Gotthard Bahn und Gornergrat Bahn.\",\"breadcrumb\":{\"@id\":\"https:\\\/\\\/www.organisator.ch\\\/marketing\\\/2025-01-06\\\/adsfigures-sichert-sich-etat-der-bvz-holding\\\/#breadcrumb\"},\"inLanguage\":\"fr-FR\",\"potentialAction\":[{\"@type\":\"ReadAction\",\"target\":[\"https:\\\/\\\/www.organisator.ch\\\/marketing\\\/2025-01-06\\\/adsfigures-sichert-sich-etat-der-bvz-holding\\\/\"]}]},{\"@type\":\"ImageObject\",\"inLanguage\":\"fr-FR\",\"@id\":\"https:\\\/\\\/www.organisator.ch\\\/marketing\\\/2025-01-06\\\/adsfigures-sichert-sich-etat-der-bvz-holding\\\/#primaryimage\",\"url\":\"https:\\\/\\\/www.markt-kom.com\\\/wp-content\\\/uploads\\\/2025\\\/01\\\/Gornergratbahn-Matterhorn-Herbst-2020-GGB-13.jpg\",\"contentUrl\":\"https:\\\/\\\/www.markt-kom.com\\\/wp-content\\\/uploads\\\/2025\\\/01\\\/Gornergratbahn-Matterhorn-Herbst-2020-GGB-13.jpg\"},{\"@type\":\"BreadcrumbList\",\"@id\":\"https:\\\/\\\/www.organisator.ch\\\/marketing\\\/2025-01-06\\\/adsfigures-sichert-sich-etat-der-bvz-holding\\\/#breadcrumb\",\"itemListElement\":[{\"@type\":\"ListItem\",\"position\":1,\"name\":\"Home\",\"item\":\"https:\\\/\\\/www.organisator.ch\\\/\"},{\"@type\":\"ListItem\",\"position\":2,\"name\":\"Ads&amp;Figures sichert sich Etat der BVZ Holding\"}]},{\"@type\":\"WebSite\",\"@id\":\"https:\\\/\\\/www.organisator.ch\\\/#website\",\"url\":\"https:\\\/\\\/www.organisator.ch\\\/\",\"name\":\"Organisator\",\"description\":\"Kompetent. Praxisnah. Der ORGANISATOR bereitet in 10 Ausgaben pro Jahr die wesentlichen Themen f\u00fcr F\u00fchrungskr\u00e4fte von KMU auf.\",\"publisher\":{\"@id\":\"https:\\\/\\\/www.organisator.ch\\\/#organization\"},\"potentialAction\":[{\"@type\":\"SearchAction\",\"target\":{\"@type\":\"EntryPoint\",\"urlTemplate\":\"https:\\\/\\\/www.organisator.ch\\\/?s={search_term_string}\"},\"query-input\":{\"@type\":\"PropertyValueSpecification\",\"valueRequired\":true,\"valueName\":\"search_term_string\"}}],\"inLanguage\":\"fr-FR\"},{\"@type\":\"Organization\",\"@id\":\"https:\\\/\\\/www.organisator.ch\\\/#organization\",\"name\":\"Organisator\",\"url\":\"https:\\\/\\\/www.organisator.ch\\\/\",\"logo\":{\"@type\":\"ImageObject\",\"inLanguage\":\"fr-FR\",\"@id\":\"https:\\\/\\\/www.organisator.ch\\\/#\\\/schema\\\/logo\\\/image\\\/\",\"url\":\"https:\\\/\\\/www.organisator.ch\\\/wp-content\\\/uploads\\\/2022\\\/01\\\/Logo_Organisator_Website.png\",\"contentUrl\":\"https:\\\/\\\/www.organisator.ch\\\/wp-content\\\/uploads\\\/2022\\\/01\\\/Logo_Organisator_Website.png\",\"width\":800,\"height\":77,\"caption\":\"Organisator\"},\"image\":{\"@id\":\"https:\\\/\\\/www.organisator.ch\\\/#\\\/schema\\\/logo\\\/image\\\/\"},\"sameAs\":[\"https:\\\/\\\/www.facebook.com\\\/OrganisatorFachmagazin\",\"https:\\\/\\\/www.linkedin.com\\\/showcase\\\/organisator-das-magazin-fr-kmu\",\"https:\\\/\\\/www.xing.com\\\/news\\\/pages\\\/organisator-ch-695\",\"https:\\\/\\\/www.youtube.com\\\/channel\\\/UCGP2Sq0iWaZwT3BdIAQFYpw\"]},{\"@type\":\"Person\",\"@id\":\"https:\\\/\\\/www.organisator.ch\\\/#\\\/schema\\\/person\\\/4e51799071cd2dd1232ac003643ef5f0\",\"name\":\"galledia\",\"image\":{\"@type\":\"ImageObject\",\"inLanguage\":\"fr-FR\",\"@id\":\"https:\\\/\\\/secure.gravatar.com\\\/avatar\\\/78a7f90c01fc2bfc875782a0d4922b37cde2cf184ce347b91316d23cd7f69a36?s=96&d=mm&r=g\",\"url\":\"https:\\\/\\\/secure.gravatar.com\\\/avatar\\\/78a7f90c01fc2bfc875782a0d4922b37cde2cf184ce347b91316d23cd7f69a36?s=96&d=mm&r=g\",\"contentUrl\":\"https:\\\/\\\/secure.gravatar.com\\\/avatar\\\/78a7f90c01fc2bfc875782a0d4922b37cde2cf184ce347b91316d23cd7f69a36?s=96&d=mm&r=g\",\"caption\":\"galledia\"},\"sameAs\":[\"https:\\\/\\\/x.com\\\/admin\"],\"url\":\"https:\\\/\\\/www.organisator.ch\\\/fr\\\/author\\\/galledia\\\/\"}]}<\/script>\n<!-- \/ Yoast SEO plugin. -->","yoast_head_json":{"title":"Ads&amp;Figures s'assure le budget de la BVZ Holding - Organisateur","description":"Ads&amp;Figures prend en charge le marketing num\u00e9rique \u00e0 la performance pour les chemins de fer Matterhorn Gotthard Bahn et Gornergrat Bahn \u00e0 partir de janvier 2025.","robots":{"index":"index","follow":"follow","max-snippet":"max-snippet:-1","max-image-preview":"max-image-preview:large","max-video-preview":"max-video-preview:-1"},"canonical":"https:\/\/www.organisator.ch\/fr\/marketing\/2025-01-06\/adsfigures-sichert-sich-etat-der-bvz-holding\/","og_locale":"fr_FR","og_type":"article","og_title":"Ads&amp;Figures sichert sich Etat der BVZ Holding - Organisator","og_description":"Ads&Figures \u00fcbernimmt ab Januar 2025 das digitale Performance-Marketing f\u00fcr Matterhorn Gotthard Bahn und Gornergrat Bahn.","og_url":"https:\/\/www.organisator.ch\/fr\/marketing\/2025-01-06\/adsfigures-sichert-sich-etat-der-bvz-holding\/","og_site_name":"Organisator","article_publisher":"https:\/\/www.facebook.com\/OrganisatorFachmagazin","article_published_time":"2025-01-06T06:40:50+00:00","author":"galledia","twitter_card":"summary_large_image","twitter_creator":"@admin","schema":{"@context":"https:\/\/schema.org","@graph":[{"@type":"Article","@id":"https:\/\/www.organisator.ch\/marketing\/2025-01-06\/adsfigures-sichert-sich-etat-der-bvz-holding\/#article","isPartOf":{"@id":"https:\/\/www.organisator.ch\/marketing\/2025-01-06\/adsfigures-sichert-sich-etat-der-bvz-holding\/"},"author":{"name":"galledia","@id":"https:\/\/www.organisator.ch\/#\/schema\/person\/4e51799071cd2dd1232ac003643ef5f0"},"headline":"Ads&amp;Figures sichert sich Etat der BVZ Holding","datePublished":"2025-01-06T06:40:50+00:00","mainEntityOfPage":{"@id":"https:\/\/www.organisator.ch\/marketing\/2025-01-06\/adsfigures-sichert-sich-etat-der-bvz-holding\/"},"wordCount":88,"publisher":{"@id":"https:\/\/www.organisator.ch\/#organization"},"image":{"@id":"https:\/\/www.organisator.ch\/marketing\/2025-01-06\/adsfigures-sichert-sich-etat-der-bvz-holding\/#primaryimage"},"thumbnailUrl":"https:\/\/www.markt-kom.com\/wp-content\/uploads\/2025\/01\/Gornergratbahn-Matterhorn-Herbst-2020-GGB-13.jpg","keywords":["Ads &amp; Figures","Etats","\u00d6V"],"articleSection":["MARKETING"],"inLanguage":"fr-FR"},{"@type":"WebPage","@id":"https:\/\/www.organisator.ch\/marketing\/2025-01-06\/adsfigures-sichert-sich-etat-der-bvz-holding\/","url":"https:\/\/www.organisator.ch\/marketing\/2025-01-06\/adsfigures-sichert-sich-etat-der-bvz-holding\/","name":"Ads&amp;Figures s'assure le budget de la BVZ Holding - Organisateur","isPartOf":{"@id":"https:\/\/www.organisator.ch\/#website"},"primaryImageOfPage":{"@id":"https:\/\/www.organisator.ch\/marketing\/2025-01-06\/adsfigures-sichert-sich-etat-der-bvz-holding\/#primaryimage"},"image":{"@id":"https:\/\/www.organisator.ch\/marketing\/2025-01-06\/adsfigures-sichert-sich-etat-der-bvz-holding\/#primaryimage"},"thumbnailUrl":"https:\/\/www.markt-kom.com\/wp-content\/uploads\/2025\/01\/Gornergratbahn-Matterhorn-Herbst-2020-GGB-13.jpg","datePublished":"2025-01-06T06:40:50+00:00","description":"Ads&amp;Figures prend en charge le marketing num\u00e9rique \u00e0 la performance pour les chemins de fer Matterhorn Gotthard Bahn et Gornergrat Bahn \u00e0 partir de janvier 2025.","breadcrumb":{"@id":"https:\/\/www.organisator.ch\/marketing\/2025-01-06\/adsfigures-sichert-sich-etat-der-bvz-holding\/#breadcrumb"},"inLanguage":"fr-FR","potentialAction":[{"@type":"ReadAction","target":["https:\/\/www.organisator.ch\/marketing\/2025-01-06\/adsfigures-sichert-sich-etat-der-bvz-holding\/"]}]},{"@type":"ImageObject","inLanguage":"fr-FR","@id":"https:\/\/www.organisator.ch\/marketing\/2025-01-06\/adsfigures-sichert-sich-etat-der-bvz-holding\/#primaryimage","url":"https:\/\/www.markt-kom.com\/wp-content\/uploads\/2025\/01\/Gornergratbahn-Matterhorn-Herbst-2020-GGB-13.jpg","contentUrl":"https:\/\/www.markt-kom.com\/wp-content\/uploads\/2025\/01\/Gornergratbahn-Matterhorn-Herbst-2020-GGB-13.jpg"},{"@type":"BreadcrumbList","@id":"https:\/\/www.organisator.ch\/marketing\/2025-01-06\/adsfigures-sichert-sich-etat-der-bvz-holding\/#breadcrumb","itemListElement":[{"@type":"ListItem","position":1,"name":"Home","item":"https:\/\/www.organisator.ch\/"},{"@type":"ListItem","position":2,"name":"Ads&amp;Figures sichert sich Etat der BVZ Holding"}]},{"@type":"WebSite","@id":"https:\/\/www.organisator.ch\/#website","url":"https:\/\/www.organisator.ch\/","name":"Organisateur","description":"Comp\u00e9tence et comp\u00e9tence. Proches de la pratique. L'ORGANISATEUR pr\u00e9pare 10 num\u00e9ros par an sur les th\u00e8mes essentiels pour les dirigeants de PME.","publisher":{"@id":"https:\/\/www.organisator.ch\/#organization"},"potentialAction":[{"@type":"SearchAction","target":{"@type":"EntryPoint","urlTemplate":"https:\/\/www.organisator.ch\/?s={search_term_string}"},"query-input":{"@type":"PropertyValueSpecification","valueRequired":true,"valueName":"search_term_string"}}],"inLanguage":"fr-FR"},{"@type":"Organization","@id":"https:\/\/www.organisator.ch\/#organization","name":"Organisateur","url":"https:\/\/www.organisator.ch\/","logo":{"@type":"ImageObject","inLanguage":"fr-FR","@id":"https:\/\/www.organisator.ch\/#\/schema\/logo\/image\/","url":"https:\/\/www.organisator.ch\/wp-content\/uploads\/2022\/01\/Logo_Organisator_Website.png","contentUrl":"https:\/\/www.organisator.ch\/wp-content\/uploads\/2022\/01\/Logo_Organisator_Website.png","width":800,"height":77,"caption":"Organisator"},"image":{"@id":"https:\/\/www.organisator.ch\/#\/schema\/logo\/image\/"},"sameAs":["https:\/\/www.facebook.com\/OrganisatorFachmagazin","https:\/\/www.linkedin.com\/showcase\/organisator-das-magazin-fr-kmu","https:\/\/www.xing.com\/news\/pages\/organisator-ch-695","https:\/\/www.youtube.com\/channel\/UCGP2Sq0iWaZwT3BdIAQFYpw"]},{"@type":"Person","@id":"https:\/\/www.organisator.ch\/#\/schema\/person\/4e51799071cd2dd1232ac003643ef5f0","name":"galledia","image":{"@type":"ImageObject","inLanguage":"fr-FR","@id":"https:\/\/secure.gravatar.com\/avatar\/78a7f90c01fc2bfc875782a0d4922b37cde2cf184ce347b91316d23cd7f69a36?s=96&d=mm&r=g","url":"https:\/\/secure.gravatar.com\/avatar\/78a7f90c01fc2bfc875782a0d4922b37cde2cf184ce347b91316d23cd7f69a36?s=96&d=mm&r=g","contentUrl":"https:\/\/secure.gravatar.com\/avatar\/78a7f90c01fc2bfc875782a0d4922b37cde2cf184ce347b91316d23cd7f69a36?s=96&d=mm&r=g","caption":"galledia"},"sameAs":["https:\/\/x.com\/admin"],"url":"https:\/\/www.organisator.ch\/fr\/author\/galledia\/"}]}},"_links":{"self":[{"href":"https:\/\/www.organisator.ch\/fr\/wp-json\/wp\/v2\/posts\/34945","targetHints":{"allow":["GET"]}}],"collection":[{"href":"https:\/\/www.organisator.ch\/fr\/wp-json\/wp\/v2\/posts"}],"about":[{"href":"https:\/\/www.organisator.ch\/fr\/wp-json\/wp\/v2\/types\/post"}],"author":[{"embeddable":true,"href":"https:\/\/www.organisator.ch\/fr\/wp-json\/wp\/v2\/users\/8"}],"replies":[{"embeddable":true,"href":"https:\/\/www.organisator.ch\/fr\/wp-json\/wp\/v2\/comments?post=34945"}],"version-history":[{"count":4,"href":"https:\/\/www.organisator.ch\/fr\/wp-json\/wp\/v2\/posts\/34945\/revisions"}],"predecessor-version":[{"id":34967,"href":"https:\/\/www.organisator.ch\/fr\/wp-json\/wp\/v2\/posts\/34945\/revisions\/34967"}],"wp:attachment":[{"href":"https:\/\/www.organisator.ch\/fr\/wp-json\/wp\/v2\/media?parent=34945"}],"wp:term":[{"taxonomy":"category","embeddable":true,"href":"https:\/\/www.organisator.ch\/fr\/wp-json\/wp\/v2\/categories?post=34945"},{"taxonomy":"post_tag","embeddable":true,"href":"https:\/\/www.organisator.ch\/fr\/wp-json\/wp\/v2\/tags?post=34945"}],"curies":[{"name":"wp","href":"https:\/\/api.w.org\/{rel}","templated":true}]}}