{"id":350,"date":"2016-11-23T14:32:37","date_gmt":"2016-11-23T13:32:37","guid":{"rendered":"http:\/\/dev.organisator.ch\/?p=350"},"modified":"2016-11-23T14:32:37","modified_gmt":"2016-11-23T13:32:37","slug":"kmu-unterschaetzen-risiko-von-cyber-crime","status":"publish","type":"post","link":"https:\/\/www.organisator.ch\/fr\/management\/it\/2016-11-23\/kmu-unterschaetzen-risiko-von-cyber-crime\/","title":{"rendered":"Les PME sous-estiment le risque de cybercriminalit\u00e9"},"content":{"rendered":"<figure id=\"attachment_351\" aria-describedby=\"caption-attachment-351\" style=\"width: 640px\" class=\"wp-caption alignnone\"><img loading=\"lazy\" decoding=\"async\" class=\"size-full wp-image-351\" src=\"https:\/\/www.organisator.ch\/wp-content\/uploads\/2016\/12\/KMU-unterschaetzen-Risiko-von-Cyber-Crime-organisator.jpg\" alt=\"\" width=\"640\" height=\"446\" srcset=\"https:\/\/www.organisator.ch\/wp-content\/uploads\/2016\/12\/KMU-unterschaetzen-Risiko-von-Cyber-Crime-organisator.jpg 640w, https:\/\/www.organisator.ch\/wp-content\/uploads\/2016\/12\/KMU-unterschaetzen-Risiko-von-Cyber-Crime-organisator-16x12.jpg 16w, https:\/\/www.organisator.ch\/wp-content\/uploads\/2016\/12\/KMU-unterschaetzen-Risiko-von-Cyber-Crime-organisator-251x175.jpg 251w, https:\/\/www.organisator.ch\/wp-content\/uploads\/2016\/12\/KMU-unterschaetzen-Risiko-von-Cyber-Crime-organisator-502x350.jpg 502w, https:\/\/www.organisator.ch\/wp-content\/uploads\/2016\/12\/KMU-unterschaetzen-Risiko-von-Cyber-Crime-organisator-300x209.jpg 300w\" sizes=\"auto, (max-width: 640px) 100vw, 640px\" \/><figcaption id=\"caption-attachment-351\" class=\"wp-caption-text\">Les pirates informatiques et autres cybercriminels repr\u00e9sentent une menace potentielle consid\u00e9rable pour les PME. (Photo : Fotolia.com)<\/figcaption><\/figure>\n<p>Aucun risque n'a pris autant d'importance dans l'\u00e9conomie suisse que la cybercriminalit\u00e9. C'est ce que r\u00e9v\u00e8le une enqu\u00eate repr\u00e9sentative de l'assurance Zurich aupr\u00e8s des petites et moyennes entreprises (PME). Aujourd'hui, 12 % des PME estiment que les pirates informatiques repr\u00e9sentent un risque cl\u00e9 pour elles. Cette proportion a plus que quadrupl\u00e9 par rapport \u00e0 2013. En revanche, la part des PME qui se consid\u00e8rent absolument trop petites et insignifiantes pour \u00eatre victimes de cybercriminels a nettement diminu\u00e9. Seules 13 % d'entre elles estiment ne pas \u00eatre du tout dans le collimateur des pirates.<\/p>\n<p><strong>Des cyber-risques sous-estim\u00e9s<\/strong><\/p>\n<p>Bien que la peur augmente fortement, la plupart des PME suisses sont mal \u00e9quip\u00e9es. Seuls 2,5 % des propri\u00e9taires et directeurs interrog\u00e9s indiquent que leur entreprise dispose de mesures de protection pleinement op\u00e9rationnelles et actualis\u00e9es. Extrapol\u00e9 aux quelque 562 000 PME* de Suisse, cela signifie que 548 000 d'entre elles ne disposent pas d'une protection efficace. Les entreprises les plus expos\u00e9es sont celles qui consid\u00e8rent les cyberrisques comme un risque cl\u00e9 et qui n'ont pourtant pris aucune mesure. Leur nombre s'\u00e9l\u00e8ve au moins \u00e0 53'000.<\/p>\n<p>\"Ce grand \u00e9cart entre la prise de conscience des risques et l'adoption de mesures concr\u00e8tes montre que la majorit\u00e9 des PME sont compl\u00e8tement d\u00e9pass\u00e9es et se sentent impuissantes face aux cybercriminels\", explique Christian La Fontaine, sp\u00e9cialiste des cyberrisques chez Zurich. Cela s'explique par deux raisons principales : \"Premi\u00e8rement, il manque dans de nombreuses directions un expert des questions informatiques, les cyberrisques ont donc longtemps \u00e9t\u00e9 sous-estim\u00e9s\", explique La Fontaine. \"Deuxi\u00e8mement, les mesures efficaces ne sont pas toujours bon march\u00e9. Pendant longtemps, les PME ont donc h\u00e9sit\u00e9 \u00e0 allouer les budgets n\u00e9cessaires\".<\/p>\n<figure id=\"attachment_352\" aria-describedby=\"caption-attachment-352\" style=\"width: 680px\" class=\"wp-caption alignnone\"><img loading=\"lazy\" decoding=\"async\" class=\"size-medium wp-image-352\" src=\"https:\/\/organisator.ch\/wp-content\/uploads\/2016\/12\/KMU-untersch\u00e4tzen-Risiko-von-Cyber-Crime2-organisator.jpg\" alt=\"\" width=\"680\" height=\"510\" \/><figcaption id=\"caption-attachment-352\" class=\"wp-caption-text\">Les principaux risques pour les PME.<\/figcaption><\/figure>\n<p><strong>Restaurants et coiffeurs \u00e9galement touch\u00e9s<\/strong><\/p>\n<p>La Fontaine s'attend \u00e0 ce que la proportion de PME fortement expos\u00e9es augmente encore dans les ann\u00e9es \u00e0 venir. \"Plus les mod\u00e8les commerciaux des entreprises sont num\u00e9ris\u00e9s, plus elles sont expos\u00e9es aux cyberrisques\". Les restaurants ou les coiffeurs, par exemple, qui prennent des r\u00e9servations ou des engagements principalement via Internet ou des applications, peuvent subir une douloureuse perte de chiffre d'affaires apr\u00e8s un piratage. \"Si les clients ne peuvent plus r\u00e9server en ligne comme d'habitude, il ne reste plus que la client\u00e8le de passage\", explique La Fontaine. Alors que l'on consid\u00e9rait auparavant que ce sont surtout les grandes PME qui sont expos\u00e9es aux risques dans le cyberespace, c'est de plus en plus le cas pour les petites entreprises.<\/p>\n<p>Dans le domaine des cyber-risques, les PME craignent surtout le vol de donn\u00e9es. \"Les dommages sont particuli\u00e8rement graves lorsque des criminels volent les donn\u00e9es des cartes de cr\u00e9dit des clients\", explique La Fontaine. \"Si cela se produit, une PME se voit souvent confront\u00e9e \u00e0 une s\u00e9rieuse atteinte \u00e0 sa r\u00e9putation et \u00e0 une baisse de son chiffre d'affaires\". La crainte d'une interruption forc\u00e9e de l'activit\u00e9 commerciale arrive en deuxi\u00e8me position. \"Ce cas peut se produire lorsque des pirates informatiques surchargent un site web avec un flot de demandes, de sorte que les clients ne peuvent plus acc\u00e9der au site\", explique La Fontaine. Des virus peuvent \u00e9galement forcer des interruptions. \"Si un collaborateur ouvre un e-mail contenant un virus, tout un syst\u00e8me informatique peut \u00eatre bloqu\u00e9 pendant plusieurs jours\".<\/p>\n<p><em>Source : Zurich Assurances, <a href=\"http:\/\/www.zurich.ch\" data-cke-saved-href=\"http:\/\/www.zurich.ch\">www.zurich.ch<\/a><\/em><\/p>","protected":false},"excerpt":{"rendered":"<p>Kein Risiko hat in der Schweizer Wirtschaft derart an Bedeutung gewonnen wie die Cyberkriminalit\u00e4t. Dies ergibt eine repr\u00e4sentative Umfrage der Versicherung Zurich unter kleinen und mittleren Unternehmen (KMU). Mittlerweile gehen 12 Prozent der KMU davon aus, dass Hacker ein Schl\u00fcsselrisiko f\u00fcr sie darstellen. Gegen\u00fcber dem Jahr 2013 hat sich ihr Anteil mehr als vervierfacht. Deutlich [&hellip;]<\/p>\n","protected":false},"author":1,"featured_media":351,"comment_status":"open","ping_status":"open","sticky":false,"template":"","format":"standard","meta":{"_acf_changed":false,"_yoast_wpseo_focuskw":"Cyber-Crime","_yoast_wpseo_metadesc":"Obwohl immer mehr die Cyberkriminalit\u00e4t als Schl\u00fcsselrisiko betrachten, verf\u00fcgen nur 2,5 Prozent \u00fcber ausreichenden Schutz.","articlekey":"","footnotes":""},"categories":[27],"tags":[260,286,288,418],"class_list":["post-350","post","type-post","status-publish","format-standard","has-post-thumbnail","hentry","category-it","tag-ict-sicherheit","tag-it","tag-it-business-software","tag-risikomanagement"],"acf":[],"yoast_head":"<!-- This site is optimized with the Yoast SEO plugin v27.5 - https:\/\/yoast.com\/product\/yoast-seo-wordpress\/ -->\n<title>KMU untersch\u00e4tzen Risiko von Cyber-Crime - Organisator<\/title>\n<meta name=\"description\" content=\"Obwohl immer mehr die Cyberkriminalit\u00e4t als Schl\u00fcsselrisiko betrachten, verf\u00fcgen nur 2,5 Prozent \u00fcber ausreichenden Schutz.\" \/>\n<meta name=\"robots\" content=\"index, follow, max-snippet:-1, max-image-preview:large, max-video-preview:-1\" \/>\n<link rel=\"canonical\" href=\"https:\/\/www.organisator.ch\/fr\/gestion-2\/it\/2016-11-23\/kmu-unterschaetzen-risiko-von-cyber-crime\/\" \/>\n<meta property=\"og:locale\" content=\"fr_FR\" \/>\n<meta property=\"og:type\" content=\"article\" \/>\n<meta property=\"og:title\" content=\"KMU untersch\u00e4tzen Risiko von Cyber-Crime\" \/>\n<meta property=\"og:description\" content=\"Die Schweizer KMU sind katastrophal schlecht ger\u00fcstet gegen Hacker. Obwohl immer mehr die Cyberkriminalit\u00e4t als Schl\u00fcsselrisiko betrachten, verf\u00fcgen nur 2,5 Prozent \u00fcber ausreichenden Schutz.\" \/>\n<meta property=\"og:url\" content=\"https:\/\/www.organisator.ch\/fr\/gestion-2\/it\/2016-11-23\/kmu-unterschaetzen-risiko-von-cyber-crime\/\" \/>\n<meta property=\"og:site_name\" content=\"Organisator\" \/>\n<meta property=\"article:publisher\" content=\"https:\/\/www.facebook.com\/OrganisatorFachmagazin\" \/>\n<meta property=\"article:published_time\" content=\"2016-11-23T13:32:37+00:00\" \/>\n<meta name=\"author\" content=\"admin\" \/>\n<meta name=\"twitter:card\" content=\"summary_large_image\" \/>\n<meta name=\"twitter:image\" content=\"https:\/\/www.organisator.ch\/wp-content\/uploads\/2016\/12\/KMU-unterschaetzen-Risiko-von-Cyber-Crime-organisator.jpg\" \/>\n<script type=\"application\/ld+json\" class=\"yoast-schema-graph\">{\"@context\":\"https:\\\/\\\/schema.org\",\"@graph\":[{\"@type\":\"Article\",\"@id\":\"https:\\\/\\\/www.organisator.ch\\\/management\\\/it\\\/2016-11-23\\\/kmu-unterschaetzen-risiko-von-cyber-crime\\\/#article\",\"isPartOf\":{\"@id\":\"https:\\\/\\\/www.organisator.ch\\\/management\\\/it\\\/2016-11-23\\\/kmu-unterschaetzen-risiko-von-cyber-crime\\\/\"},\"author\":{\"name\":\"admin\",\"@id\":\"https:\\\/\\\/www.organisator.ch\\\/#\\\/schema\\\/person\\\/aa2bace6c5c5aad60102004a50c4eb1c\"},\"headline\":\"KMU untersch\u00e4tzen Risiko von Cyber-Crime\",\"datePublished\":\"2016-11-23T13:32:37+00:00\",\"mainEntityOfPage\":{\"@id\":\"https:\\\/\\\/www.organisator.ch\\\/management\\\/it\\\/2016-11-23\\\/kmu-unterschaetzen-risiko-von-cyber-crime\\\/\"},\"wordCount\":536,\"commentCount\":0,\"publisher\":{\"@id\":\"https:\\\/\\\/www.organisator.ch\\\/#organization\"},\"image\":{\"@id\":\"https:\\\/\\\/www.organisator.ch\\\/management\\\/it\\\/2016-11-23\\\/kmu-unterschaetzen-risiko-von-cyber-crime\\\/#primaryimage\"},\"thumbnailUrl\":\"https:\\\/\\\/www.organisator.ch\\\/wp-content\\\/uploads\\\/2016\\\/12\\\/KMU-unterschaetzen-Risiko-von-Cyber-Crime-organisator.jpg\",\"keywords\":[\"ICT-Sicherheit\",\"IT\",\"IT &amp; Business Software\",\"Risikomanagement\"],\"articleSection\":[\"IT\"],\"inLanguage\":\"fr-FR\"},{\"@type\":\"WebPage\",\"@id\":\"https:\\\/\\\/www.organisator.ch\\\/management\\\/it\\\/2016-11-23\\\/kmu-unterschaetzen-risiko-von-cyber-crime\\\/\",\"url\":\"https:\\\/\\\/www.organisator.ch\\\/management\\\/it\\\/2016-11-23\\\/kmu-unterschaetzen-risiko-von-cyber-crime\\\/\",\"name\":\"KMU untersch\u00e4tzen Risiko von Cyber-Crime - Organisator\",\"isPartOf\":{\"@id\":\"https:\\\/\\\/www.organisator.ch\\\/#website\"},\"primaryImageOfPage\":{\"@id\":\"https:\\\/\\\/www.organisator.ch\\\/management\\\/it\\\/2016-11-23\\\/kmu-unterschaetzen-risiko-von-cyber-crime\\\/#primaryimage\"},\"image\":{\"@id\":\"https:\\\/\\\/www.organisator.ch\\\/management\\\/it\\\/2016-11-23\\\/kmu-unterschaetzen-risiko-von-cyber-crime\\\/#primaryimage\"},\"thumbnailUrl\":\"https:\\\/\\\/www.organisator.ch\\\/wp-content\\\/uploads\\\/2016\\\/12\\\/KMU-unterschaetzen-Risiko-von-Cyber-Crime-organisator.jpg\",\"datePublished\":\"2016-11-23T13:32:37+00:00\",\"description\":\"Obwohl immer mehr die Cyberkriminalit\u00e4t als Schl\u00fcsselrisiko betrachten, verf\u00fcgen nur 2,5 Prozent \u00fcber ausreichenden Schutz.\",\"breadcrumb\":{\"@id\":\"https:\\\/\\\/www.organisator.ch\\\/management\\\/it\\\/2016-11-23\\\/kmu-unterschaetzen-risiko-von-cyber-crime\\\/#breadcrumb\"},\"inLanguage\":\"fr-FR\",\"potentialAction\":[{\"@type\":\"ReadAction\",\"target\":[\"https:\\\/\\\/www.organisator.ch\\\/management\\\/it\\\/2016-11-23\\\/kmu-unterschaetzen-risiko-von-cyber-crime\\\/\"]}]},{\"@type\":\"ImageObject\",\"inLanguage\":\"fr-FR\",\"@id\":\"https:\\\/\\\/www.organisator.ch\\\/management\\\/it\\\/2016-11-23\\\/kmu-unterschaetzen-risiko-von-cyber-crime\\\/#primaryimage\",\"url\":\"https:\\\/\\\/www.organisator.ch\\\/wp-content\\\/uploads\\\/2016\\\/12\\\/KMU-unterschaetzen-Risiko-von-Cyber-Crime-organisator.jpg\",\"contentUrl\":\"https:\\\/\\\/www.organisator.ch\\\/wp-content\\\/uploads\\\/2016\\\/12\\\/KMU-unterschaetzen-Risiko-von-Cyber-Crime-organisator.jpg\",\"width\":640,\"height\":446,\"caption\":\"Hacker und andere Cyberkriminelle haben f\u00fcr KMU ein erhebliches Bedrohungspotenzial. (Foto: Fotolia.com)\"},{\"@type\":\"BreadcrumbList\",\"@id\":\"https:\\\/\\\/www.organisator.ch\\\/management\\\/it\\\/2016-11-23\\\/kmu-unterschaetzen-risiko-von-cyber-crime\\\/#breadcrumb\",\"itemListElement\":[{\"@type\":\"ListItem\",\"position\":1,\"name\":\"Home\",\"item\":\"https:\\\/\\\/www.organisator.ch\\\/\"},{\"@type\":\"ListItem\",\"position\":2,\"name\":\"KMU untersch\u00e4tzen Risiko von Cyber-Crime\"}]},{\"@type\":\"WebSite\",\"@id\":\"https:\\\/\\\/www.organisator.ch\\\/#website\",\"url\":\"https:\\\/\\\/www.organisator.ch\\\/\",\"name\":\"Organisator\",\"description\":\"Kompetent. Praxisnah. Der ORGANISATOR bereitet in 10 Ausgaben pro Jahr die wesentlichen Themen f\u00fcr F\u00fchrungskr\u00e4fte von KMU auf.\",\"publisher\":{\"@id\":\"https:\\\/\\\/www.organisator.ch\\\/#organization\"},\"potentialAction\":[{\"@type\":\"SearchAction\",\"target\":{\"@type\":\"EntryPoint\",\"urlTemplate\":\"https:\\\/\\\/www.organisator.ch\\\/?s={search_term_string}\"},\"query-input\":{\"@type\":\"PropertyValueSpecification\",\"valueRequired\":true,\"valueName\":\"search_term_string\"}}],\"inLanguage\":\"fr-FR\"},{\"@type\":\"Organization\",\"@id\":\"https:\\\/\\\/www.organisator.ch\\\/#organization\",\"name\":\"Organisator\",\"url\":\"https:\\\/\\\/www.organisator.ch\\\/\",\"logo\":{\"@type\":\"ImageObject\",\"inLanguage\":\"fr-FR\",\"@id\":\"https:\\\/\\\/www.organisator.ch\\\/#\\\/schema\\\/logo\\\/image\\\/\",\"url\":\"https:\\\/\\\/www.organisator.ch\\\/wp-content\\\/uploads\\\/2022\\\/01\\\/Logo_Organisator_Website.png\",\"contentUrl\":\"https:\\\/\\\/www.organisator.ch\\\/wp-content\\\/uploads\\\/2022\\\/01\\\/Logo_Organisator_Website.png\",\"width\":800,\"height\":77,\"caption\":\"Organisator\"},\"image\":{\"@id\":\"https:\\\/\\\/www.organisator.ch\\\/#\\\/schema\\\/logo\\\/image\\\/\"},\"sameAs\":[\"https:\\\/\\\/www.facebook.com\\\/OrganisatorFachmagazin\",\"https:\\\/\\\/www.linkedin.com\\\/showcase\\\/organisator-das-magazin-fr-kmu\",\"https:\\\/\\\/www.xing.com\\\/news\\\/pages\\\/organisator-ch-695\",\"https:\\\/\\\/www.youtube.com\\\/channel\\\/UCGP2Sq0iWaZwT3BdIAQFYpw\"]},{\"@type\":\"Person\",\"@id\":\"https:\\\/\\\/www.organisator.ch\\\/#\\\/schema\\\/person\\\/aa2bace6c5c5aad60102004a50c4eb1c\",\"name\":\"admin\",\"image\":{\"@type\":\"ImageObject\",\"inLanguage\":\"fr-FR\",\"@id\":\"https:\\\/\\\/secure.gravatar.com\\\/avatar\\\/ae2f4d718e6c49043e314ce431e7e645d646302a24a5ef5a8bc8e3f5a032e319?s=96&d=mm&r=g\",\"url\":\"https:\\\/\\\/secure.gravatar.com\\\/avatar\\\/ae2f4d718e6c49043e314ce431e7e645d646302a24a5ef5a8bc8e3f5a032e319?s=96&d=mm&r=g\",\"contentUrl\":\"https:\\\/\\\/secure.gravatar.com\\\/avatar\\\/ae2f4d718e6c49043e314ce431e7e645d646302a24a5ef5a8bc8e3f5a032e319?s=96&d=mm&r=g\",\"caption\":\"admin\"},\"sameAs\":[\"https:\\\/\\\/www.organisator.ch\"],\"url\":\"https:\\\/\\\/www.organisator.ch\\\/fr\\\/author\\\/admin\\\/\"}]}<\/script>\n<!-- \/ Yoast SEO plugin. -->","yoast_head_json":{"title":"Les PME sous-estiment le risque de cybercriminalit\u00e9 - Organisateur","description":"Bien que de plus en plus consid\u00e8rent la cybercriminalit\u00e9 comme un risque cl\u00e9, seuls 2,5 % disposent d'une protection suffisante.","robots":{"index":"index","follow":"follow","max-snippet":"max-snippet:-1","max-image-preview":"max-image-preview:large","max-video-preview":"max-video-preview:-1"},"canonical":"https:\/\/www.organisator.ch\/fr\/gestion-2\/it\/2016-11-23\/kmu-unterschaetzen-risiko-von-cyber-crime\/","og_locale":"fr_FR","og_type":"article","og_title":"KMU untersch\u00e4tzen Risiko von Cyber-Crime","og_description":"Die Schweizer KMU sind katastrophal schlecht ger\u00fcstet gegen Hacker. Obwohl immer mehr die Cyberkriminalit\u00e4t als Schl\u00fcsselrisiko betrachten, verf\u00fcgen nur 2,5 Prozent \u00fcber ausreichenden Schutz.","og_url":"https:\/\/www.organisator.ch\/fr\/gestion-2\/it\/2016-11-23\/kmu-unterschaetzen-risiko-von-cyber-crime\/","og_site_name":"Organisator","article_publisher":"https:\/\/www.facebook.com\/OrganisatorFachmagazin","article_published_time":"2016-11-23T13:32:37+00:00","author":"admin","twitter_card":"summary_large_image","twitter_image":"https:\/\/www.organisator.ch\/wp-content\/uploads\/2016\/12\/KMU-unterschaetzen-Risiko-von-Cyber-Crime-organisator.jpg","schema":{"@context":"https:\/\/schema.org","@graph":[{"@type":"Article","@id":"https:\/\/www.organisator.ch\/management\/it\/2016-11-23\/kmu-unterschaetzen-risiko-von-cyber-crime\/#article","isPartOf":{"@id":"https:\/\/www.organisator.ch\/management\/it\/2016-11-23\/kmu-unterschaetzen-risiko-von-cyber-crime\/"},"author":{"name":"admin","@id":"https:\/\/www.organisator.ch\/#\/schema\/person\/aa2bace6c5c5aad60102004a50c4eb1c"},"headline":"KMU untersch\u00e4tzen Risiko von Cyber-Crime","datePublished":"2016-11-23T13:32:37+00:00","mainEntityOfPage":{"@id":"https:\/\/www.organisator.ch\/management\/it\/2016-11-23\/kmu-unterschaetzen-risiko-von-cyber-crime\/"},"wordCount":536,"commentCount":0,"publisher":{"@id":"https:\/\/www.organisator.ch\/#organization"},"image":{"@id":"https:\/\/www.organisator.ch\/management\/it\/2016-11-23\/kmu-unterschaetzen-risiko-von-cyber-crime\/#primaryimage"},"thumbnailUrl":"https:\/\/www.organisator.ch\/wp-content\/uploads\/2016\/12\/KMU-unterschaetzen-Risiko-von-Cyber-Crime-organisator.jpg","keywords":["ICT-Sicherheit","IT","IT &amp; Business Software","Risikomanagement"],"articleSection":["IT"],"inLanguage":"fr-FR"},{"@type":"WebPage","@id":"https:\/\/www.organisator.ch\/management\/it\/2016-11-23\/kmu-unterschaetzen-risiko-von-cyber-crime\/","url":"https:\/\/www.organisator.ch\/management\/it\/2016-11-23\/kmu-unterschaetzen-risiko-von-cyber-crime\/","name":"Les PME sous-estiment le risque de cybercriminalit\u00e9 - Organisateur","isPartOf":{"@id":"https:\/\/www.organisator.ch\/#website"},"primaryImageOfPage":{"@id":"https:\/\/www.organisator.ch\/management\/it\/2016-11-23\/kmu-unterschaetzen-risiko-von-cyber-crime\/#primaryimage"},"image":{"@id":"https:\/\/www.organisator.ch\/management\/it\/2016-11-23\/kmu-unterschaetzen-risiko-von-cyber-crime\/#primaryimage"},"thumbnailUrl":"https:\/\/www.organisator.ch\/wp-content\/uploads\/2016\/12\/KMU-unterschaetzen-Risiko-von-Cyber-Crime-organisator.jpg","datePublished":"2016-11-23T13:32:37+00:00","description":"Bien que de plus en plus consid\u00e8rent la cybercriminalit\u00e9 comme un risque cl\u00e9, seuls 2,5 % disposent d'une protection suffisante.","breadcrumb":{"@id":"https:\/\/www.organisator.ch\/management\/it\/2016-11-23\/kmu-unterschaetzen-risiko-von-cyber-crime\/#breadcrumb"},"inLanguage":"fr-FR","potentialAction":[{"@type":"ReadAction","target":["https:\/\/www.organisator.ch\/management\/it\/2016-11-23\/kmu-unterschaetzen-risiko-von-cyber-crime\/"]}]},{"@type":"ImageObject","inLanguage":"fr-FR","@id":"https:\/\/www.organisator.ch\/management\/it\/2016-11-23\/kmu-unterschaetzen-risiko-von-cyber-crime\/#primaryimage","url":"https:\/\/www.organisator.ch\/wp-content\/uploads\/2016\/12\/KMU-unterschaetzen-Risiko-von-Cyber-Crime-organisator.jpg","contentUrl":"https:\/\/www.organisator.ch\/wp-content\/uploads\/2016\/12\/KMU-unterschaetzen-Risiko-von-Cyber-Crime-organisator.jpg","width":640,"height":446,"caption":"Hacker und andere Cyberkriminelle haben f\u00fcr KMU ein erhebliches Bedrohungspotenzial. (Foto: Fotolia.com)"},{"@type":"BreadcrumbList","@id":"https:\/\/www.organisator.ch\/management\/it\/2016-11-23\/kmu-unterschaetzen-risiko-von-cyber-crime\/#breadcrumb","itemListElement":[{"@type":"ListItem","position":1,"name":"Home","item":"https:\/\/www.organisator.ch\/"},{"@type":"ListItem","position":2,"name":"KMU untersch\u00e4tzen Risiko von Cyber-Crime"}]},{"@type":"WebSite","@id":"https:\/\/www.organisator.ch\/#website","url":"https:\/\/www.organisator.ch\/","name":"Organisateur","description":"Comp\u00e9tence et comp\u00e9tence. Proches de la pratique. L'ORGANISATEUR pr\u00e9pare 10 num\u00e9ros par an sur les th\u00e8mes essentiels pour les dirigeants de PME.","publisher":{"@id":"https:\/\/www.organisator.ch\/#organization"},"potentialAction":[{"@type":"SearchAction","target":{"@type":"EntryPoint","urlTemplate":"https:\/\/www.organisator.ch\/?s={search_term_string}"},"query-input":{"@type":"PropertyValueSpecification","valueRequired":true,"valueName":"search_term_string"}}],"inLanguage":"fr-FR"},{"@type":"Organization","@id":"https:\/\/www.organisator.ch\/#organization","name":"Organisateur","url":"https:\/\/www.organisator.ch\/","logo":{"@type":"ImageObject","inLanguage":"fr-FR","@id":"https:\/\/www.organisator.ch\/#\/schema\/logo\/image\/","url":"https:\/\/www.organisator.ch\/wp-content\/uploads\/2022\/01\/Logo_Organisator_Website.png","contentUrl":"https:\/\/www.organisator.ch\/wp-content\/uploads\/2022\/01\/Logo_Organisator_Website.png","width":800,"height":77,"caption":"Organisator"},"image":{"@id":"https:\/\/www.organisator.ch\/#\/schema\/logo\/image\/"},"sameAs":["https:\/\/www.facebook.com\/OrganisatorFachmagazin","https:\/\/www.linkedin.com\/showcase\/organisator-das-magazin-fr-kmu","https:\/\/www.xing.com\/news\/pages\/organisator-ch-695","https:\/\/www.youtube.com\/channel\/UCGP2Sq0iWaZwT3BdIAQFYpw"]},{"@type":"Person","@id":"https:\/\/www.organisator.ch\/#\/schema\/person\/aa2bace6c5c5aad60102004a50c4eb1c","name":"admin","image":{"@type":"ImageObject","inLanguage":"fr-FR","@id":"https:\/\/secure.gravatar.com\/avatar\/ae2f4d718e6c49043e314ce431e7e645d646302a24a5ef5a8bc8e3f5a032e319?s=96&d=mm&r=g","url":"https:\/\/secure.gravatar.com\/avatar\/ae2f4d718e6c49043e314ce431e7e645d646302a24a5ef5a8bc8e3f5a032e319?s=96&d=mm&r=g","contentUrl":"https:\/\/secure.gravatar.com\/avatar\/ae2f4d718e6c49043e314ce431e7e645d646302a24a5ef5a8bc8e3f5a032e319?s=96&d=mm&r=g","caption":"admin"},"sameAs":["https:\/\/www.organisator.ch"],"url":"https:\/\/www.organisator.ch\/fr\/author\/admin\/"}]}},"_links":{"self":[{"href":"https:\/\/www.organisator.ch\/fr\/wp-json\/wp\/v2\/posts\/350","targetHints":{"allow":["GET"]}}],"collection":[{"href":"https:\/\/www.organisator.ch\/fr\/wp-json\/wp\/v2\/posts"}],"about":[{"href":"https:\/\/www.organisator.ch\/fr\/wp-json\/wp\/v2\/types\/post"}],"author":[{"embeddable":true,"href":"https:\/\/www.organisator.ch\/fr\/wp-json\/wp\/v2\/users\/1"}],"replies":[{"embeddable":true,"href":"https:\/\/www.organisator.ch\/fr\/wp-json\/wp\/v2\/comments?post=350"}],"version-history":[{"count":0,"href":"https:\/\/www.organisator.ch\/fr\/wp-json\/wp\/v2\/posts\/350\/revisions"}],"wp:featuredmedia":[{"embeddable":true,"href":"https:\/\/www.organisator.ch\/fr\/wp-json\/wp\/v2\/media\/351"}],"wp:attachment":[{"href":"https:\/\/www.organisator.ch\/fr\/wp-json\/wp\/v2\/media?parent=350"}],"wp:term":[{"taxonomy":"category","embeddable":true,"href":"https:\/\/www.organisator.ch\/fr\/wp-json\/wp\/v2\/categories?post=350"},{"taxonomy":"post_tag","embeddable":true,"href":"https:\/\/www.organisator.ch\/fr\/wp-json\/wp\/v2\/tags?post=350"}],"curies":[{"name":"wp","href":"https:\/\/api.w.org\/{rel}","templated":true}]}}